{"id":44564,"date":"2024-02-13T11:40:54","date_gmt":"2024-02-13T10:40:54","guid":{"rendered":"https:\/\/progettotouring.it\/radiotouring104\/?p=44564"},"modified":"2024-02-13T11:40:54","modified_gmt":"2024-02-13T10:40:54","slug":"autonomia-svolte-alla-prefettura-di-catanzaro-le-audizioni-sui-lep-della-commissione-bilaterale-per-le-questioni-regionali","status":"publish","type":"post","link":"https:\/\/progettotouring.it\/radiotouring104\/2024\/02\/13\/autonomia-svolte-alla-prefettura-di-catanzaro-le-audizioni-sui-lep-della-commissione-bilaterale-per-le-questioni-regionali\/","title":{"rendered":"Autonomia: svolte, alla Prefettura di Catanzaro, le audizioni sui LEP della Commissione Bilaterale per le questioni regionali"},"content":{"rendered":"<div style=\"text-align: justify\">Ieri, presso la prefettura di Catanzaro,<strong> si sono svolte le audizioni della Commissione bilaterale per le questioni regionali in merito al Disegno di Legge dell\u2019autonomia differenziata ed alla definizione dei Livelli Essenziali di Prestazione<\/strong> (LEP)<strong> sul piano dei diritti civili e sociali dei cittadini su tutto il territorio italiano<\/strong>.<\/div>\n<div style=\"text-align: justify\"><\/div>\n<div style=\"text-align: justify\"><strong>La Commissione ha incontrato<\/strong> oltre i maggiori rappresentanti delle istituzioni calabresi, <strong>anche le parti sociali.<\/strong> <strong>Presente per l&#8217;UGL<\/strong> il segretario regionale<strong> Giovanni Arconte che ha relazionato sulla situazione calabrese ed esposto le posizioni del sindacato in merito al disegno di legge sull&#8217;autonomia differenziata.\u00a0<\/strong><\/div>\n<div style=\"text-align: justify\"><\/div>\n<div style=\"text-align: justify\">Arconte ha sostenuto che l&#8217;UGL non vuole essere aprioristicamente contraria al DdL sull&#8217;autonomia differenziata, anzi ritiene che potrebbe rappresentare un\u2019assunzione di responsabilit\u00e0 da parte delle classi dirigenti del Meridione e dei singoli territori. <strong>Tutto il processo per\u00f2 non pu\u00f2 prescindere da una congrua determinazione dei LEP,<\/strong> che tenga conto di un preliminare processo di superamento del divario economico e sociale attualmente esistente tra le regioni pi\u00f9 povere, quali la Calabria, rispetto a quelle pi\u00f9 ricche.<\/div>\n<div style=\"text-align: justify\">Definire i LEP pu\u00f2 aiutare a evidenziare le differenze tra regioni su tutto il territorio nazionale con il fine, per\u00f2, di <strong>trovare delle soluzioni concrete alle disuguaglianze in atto,<\/strong> individuando, altres\u00ec, dei percorsi correttivi <strong>per rendere le risorse davvero omogenee tra le varie regioni. E\u2019 necessario garantire un criterio di definizione dei LEP tale che permetta il reale finanziamento dei servizi decentrati<\/strong> che corrispondano alle effettive esigenze delle regioni, soprattutto quelle pi\u00f9 penalizzate dai dati della spesa storica.<\/div>\n<div style=\"text-align: justify\">La devoluzione prevista nel DdL pu\u00f2 costituire quindi un&#8217;occasione per il riequilibrio delle risorse da ripartire tra le regioni, ma al tempo stesso, se applicata in maniera indiscriminata, pu\u00f2 costituire un fattore di rischio per l\u2019unit\u00e0 del Paese laddove non riuscisse a ridurre, se non eliminare, il divario attualmente esistente tra le regioni nella ripartizione dei fondi destinati alla copertura dei servizi essenziali quali la sanit\u00e0, l&#8217;istruzione, i trasporti, l&#8217;ambiente ecc.<\/div>\n","protected":false},"excerpt":{"rendered":"<p>Ieri, presso la prefettura di Catanzaro, si sono svolte le audizioni della Commissione bilaterale per le questioni regionali in merito al Disegno di Legge dell\u2019autonomia differenziata ed alla definizione dei&hellip;<\/p>\n","protected":false},"author":12,"featured_media":44565,"comment_status":"closed","ping_status":"open","sticky":false,"template":"","format":"standard","meta":{"_jetpack_memberships_contains_paid_content":false,"footnotes":"","jetpack_publicize_message":"","jetpack_publicize_feature_enabled":true,"jetpack_social_post_already_shared":false,"jetpack_social_options":{"image_generator_settings":{"template":"highway","default_image_id":0,"font":"","enabled":false},"version":2}},"categories":[142,921,196],"tags":[11996,27483,23361,7979,12063,14527],"class_list":["post-44564","post","type-post","status-publish","format-standard","has-post-thumbnail","hentry","category-calabria","category-home","category-news","tag-autonomia-differenziata-barbarie-nei-confronti-del-meridione","tag-audizioni-della-commissione-bilaterale-per-le-questioni-regionali","tag-giovanni-arconte","tag-lep","tag-prefettura-di-catanzaro","tag-ugl"],"yoast_head":"<!-- This site is optimized with the Yoast SEO plugin v27.2 - https:\/\/yoast.com\/product\/yoast-seo-wordpress\/ -->\n<title>Autonomia: svolte le audizioni sui LEP<\/title>\n<meta name=\"description\" content=\"Ieri alla Prefettura di Catanzaro, si sono svolte le audizioni in merito al Disegno Legge dell\u2019autonomia differenziata e definizione dei LEP\" \/>\n<meta name=\"robots\" content=\"index, follow, max-snippet:-1, max-image-preview:large, max-video-preview:-1\" \/>\n<link rel=\"canonical\" href=\"https:\/\/progettotouring.it\/radiotouring104\/2024\/02\/13\/autonomia-svolte-alla-prefettura-di-catanzaro-le-audizioni-sui-lep-della-commissione-bilaterale-per-le-questioni-regionali\/\" \/>\n<meta property=\"og:locale\" content=\"it_IT\" \/>\n<meta property=\"og:type\" content=\"article\" \/>\n<meta property=\"og:title\" content=\"Autonomia: svolte le audizioni sui LEP\" \/>\n<meta property=\"og:description\" content=\"Ieri alla Prefettura di Catanzaro, si sono svolte le audizioni in merito al Disegno Legge dell\u2019autonomia differenziata e definizione dei LEP\" \/>\n<meta property=\"og:url\" content=\"https:\/\/progettotouring.it\/radiotouring104\/2024\/02\/13\/autonomia-svolte-alla-prefettura-di-catanzaro-le-audizioni-sui-lep-della-commissione-bilaterale-per-le-questioni-regionali\/\" \/>\n<meta property=\"og:site_name\" content=\"Radio Touring 104\" \/>\n<meta property=\"article:published_time\" content=\"2024-02-13T10:40:54+00:00\" \/>\n<meta property=\"og:image\" content=\"https:\/\/progettotouring.it\/radiotouring104\/wp-content\/uploads\/sites\/6\/2024\/02\/segretario-arconte-ugl-calabria-Irto.jpg\" \/>\n\t<meta property=\"og:image:width\" content=\"474\" \/>\n\t<meta property=\"og:image:height\" content=\"299\" \/>\n\t<meta property=\"og:image:type\" content=\"image\/jpeg\" \/>\n<meta name=\"author\" content=\"Sebastiano Plutino\" \/>\n<meta name=\"twitter:card\" content=\"summary_large_image\" \/>\n<meta name=\"twitter:label1\" content=\"Scritto da\" \/>\n\t<meta name=\"twitter:data1\" content=\"Sebastiano Plutino\" \/>\n\t<meta name=\"twitter:label2\" content=\"Tempo di lettura stimato\" \/>\n\t<meta name=\"twitter:data2\" content=\"2 minuti\" \/>\n<script type=\"application\/ld+json\" class=\"yoast-schema-graph\">{\"@context\":\"https:\/\/schema.org\",\"@graph\":[{\"@type\":\"Article\",\"@id\":\"https:\/\/progettotouring.it\/radiotouring104\/2024\/02\/13\/autonomia-svolte-alla-prefettura-di-catanzaro-le-audizioni-sui-lep-della-commissione-bilaterale-per-le-questioni-regionali\/#article\",\"isPartOf\":{\"@id\":\"https:\/\/progettotouring.it\/radiotouring104\/2024\/02\/13\/autonomia-svolte-alla-prefettura-di-catanzaro-le-audizioni-sui-lep-della-commissione-bilaterale-per-le-questioni-regionali\/\"},\"author\":{\"name\":\"Sebastiano Plutino\",\"@id\":\"https:\/\/progettotouring.it\/radiotouring104\/#\/schema\/person\/78613917f1851f041f7483f5af1d422e\"},\"headline\":\"Autonomia: svolte, alla Prefettura di Catanzaro, le audizioni sui LEP della Commissione Bilaterale per le questioni regionali\",\"datePublished\":\"2024-02-13T10:40:54+00:00\",\"mainEntityOfPage\":{\"@id\":\"https:\/\/progettotouring.it\/radiotouring104\/2024\/02\/13\/autonomia-svolte-alla-prefettura-di-catanzaro-le-audizioni-sui-lep-della-commissione-bilaterale-per-le-questioni-regionali\/\"},\"wordCount\":336,\"publisher\":{\"@id\":\"https:\/\/progettotouring.it\/radiotouring104\/#organization\"},\"image\":{\"@id\":\"https:\/\/progettotouring.it\/radiotouring104\/2024\/02\/13\/autonomia-svolte-alla-prefettura-di-catanzaro-le-audizioni-sui-lep-della-commissione-bilaterale-per-le-questioni-regionali\/#primaryimage\"},\"thumbnailUrl\":\"https:\/\/progettotouring.it\/radiotouring104\/wp-content\/uploads\/sites\/6\/2024\/02\/segretario-arconte-ugl-calabria-Irto.jpg\",\"keywords\":[\"\\\"Autonomia differenziata Barbarie nei confronti del Meridione\\\"\",\"audizioni della Commissione bilaterale per le questioni regionali\",\"Giovanni Arconte\",\"lep\",\"prefettura di catanzaro\",\"ugl\"],\"articleSection\":[\"Calabria\",\"Home\",\"News\"],\"inLanguage\":\"it-IT\"},{\"@type\":\"WebPage\",\"@id\":\"https:\/\/progettotouring.it\/radiotouring104\/2024\/02\/13\/autonomia-svolte-alla-prefettura-di-catanzaro-le-audizioni-sui-lep-della-commissione-bilaterale-per-le-questioni-regionali\/\",\"url\":\"https:\/\/progettotouring.it\/radiotouring104\/2024\/02\/13\/autonomia-svolte-alla-prefettura-di-catanzaro-le-audizioni-sui-lep-della-commissione-bilaterale-per-le-questioni-regionali\/\",\"name\":\"Autonomia: svolte le audizioni sui LEP\",\"isPartOf\":{\"@id\":\"https:\/\/progettotouring.it\/radiotouring104\/#website\"},\"primaryImageOfPage\":{\"@id\":\"https:\/\/progettotouring.it\/radiotouring104\/2024\/02\/13\/autonomia-svolte-alla-prefettura-di-catanzaro-le-audizioni-sui-lep-della-commissione-bilaterale-per-le-questioni-regionali\/#primaryimage\"},\"image\":{\"@id\":\"https:\/\/progettotouring.it\/radiotouring104\/2024\/02\/13\/autonomia-svolte-alla-prefettura-di-catanzaro-le-audizioni-sui-lep-della-commissione-bilaterale-per-le-questioni-regionali\/#primaryimage\"},\"thumbnailUrl\":\"https:\/\/progettotouring.it\/radiotouring104\/wp-content\/uploads\/sites\/6\/2024\/02\/segretario-arconte-ugl-calabria-Irto.jpg\",\"datePublished\":\"2024-02-13T10:40:54+00:00\",\"description\":\"Ieri alla Prefettura di Catanzaro, si sono svolte le audizioni in merito al Disegno Legge dell\u2019autonomia differenziata e definizione dei LEP\",\"breadcrumb\":{\"@id\":\"https:\/\/progettotouring.it\/radiotouring104\/2024\/02\/13\/autonomia-svolte-alla-prefettura-di-catanzaro-le-audizioni-sui-lep-della-commissione-bilaterale-per-le-questioni-regionali\/#breadcrumb\"},\"inLanguage\":\"it-IT\",\"potentialAction\":[{\"@type\":\"ReadAction\",\"target\":[\"https:\/\/progettotouring.it\/radiotouring104\/2024\/02\/13\/autonomia-svolte-alla-prefettura-di-catanzaro-le-audizioni-sui-lep-della-commissione-bilaterale-per-le-questioni-regionali\/\"]}]},{\"@type\":\"ImageObject\",\"inLanguage\":\"it-IT\",\"@id\":\"https:\/\/progettotouring.it\/radiotouring104\/2024\/02\/13\/autonomia-svolte-alla-prefettura-di-catanzaro-le-audizioni-sui-lep-della-commissione-bilaterale-per-le-questioni-regionali\/#primaryimage\",\"url\":\"https:\/\/progettotouring.it\/radiotouring104\/wp-content\/uploads\/sites\/6\/2024\/02\/segretario-arconte-ugl-calabria-Irto.jpg\",\"contentUrl\":\"https:\/\/progettotouring.it\/radiotouring104\/wp-content\/uploads\/sites\/6\/2024\/02\/segretario-arconte-ugl-calabria-Irto.jpg\",\"width\":474,\"height\":299},{\"@type\":\"BreadcrumbList\",\"@id\":\"https:\/\/progettotouring.it\/radiotouring104\/2024\/02\/13\/autonomia-svolte-alla-prefettura-di-catanzaro-le-audizioni-sui-lep-della-commissione-bilaterale-per-le-questioni-regionali\/#breadcrumb\",\"itemListElement\":[{\"@type\":\"ListItem\",\"position\":1,\"name\":\"Home\",\"item\":\"https:\/\/progettotouring.it\/radiotouring104\/\"},{\"@type\":\"ListItem\",\"position\":2,\"name\":\"Autonomia: svolte, alla Prefettura di Catanzaro, le audizioni sui LEP della Commissione Bilaterale per le questioni regionali\"}]},{\"@type\":\"WebSite\",\"@id\":\"https:\/\/progettotouring.it\/radiotouring104\/#website\",\"url\":\"https:\/\/progettotouring.it\/radiotouring104\/\",\"name\":\"Radio Touring 104\",\"description\":\"La prima radio Reggina\",\"publisher\":{\"@id\":\"https:\/\/progettotouring.it\/radiotouring104\/#organization\"},\"potentialAction\":[{\"@type\":\"SearchAction\",\"target\":{\"@type\":\"EntryPoint\",\"urlTemplate\":\"https:\/\/progettotouring.it\/radiotouring104\/?s={search_term_string}\"},\"query-input\":{\"@type\":\"PropertyValueSpecification\",\"valueRequired\":true,\"valueName\":\"search_term_string\"}}],\"inLanguage\":\"it-IT\"},{\"@type\":\"Organization\",\"@id\":\"https:\/\/progettotouring.it\/radiotouring104\/#organization\",\"name\":\"Radio Touring 104\",\"url\":\"https:\/\/progettotouring.it\/radiotouring104\/\",\"logo\":{\"@type\":\"ImageObject\",\"inLanguage\":\"it-IT\",\"@id\":\"https:\/\/progettotouring.it\/radiotouring104\/#\/schema\/logo\/image\/\",\"url\":\"https:\/\/progettotouring.it\/radiotouring104\/wp-content\/uploads\/sites\/6\/2022\/02\/cropped-logo-radio-touring-104.png\",\"contentUrl\":\"https:\/\/progettotouring.it\/radiotouring104\/wp-content\/uploads\/sites\/6\/2022\/02\/cropped-logo-radio-touring-104.png\",\"width\":377,\"height\":182,\"caption\":\"Radio Touring 104\"},\"image\":{\"@id\":\"https:\/\/progettotouring.it\/radiotouring104\/#\/schema\/logo\/image\/\"}},{\"@type\":\"Person\",\"@id\":\"https:\/\/progettotouring.it\/radiotouring104\/#\/schema\/person\/78613917f1851f041f7483f5af1d422e\",\"name\":\"Sebastiano Plutino\",\"image\":{\"@type\":\"ImageObject\",\"inLanguage\":\"it-IT\",\"@id\":\"https:\/\/secure.gravatar.com\/avatar\/0546ffaa9b79224faf9f2a156b67a529ae861d3287c66c1d8ccfdf909bcba78d?s=96&d=mm&r=g\",\"url\":\"https:\/\/secure.gravatar.com\/avatar\/0546ffaa9b79224faf9f2a156b67a529ae861d3287c66c1d8ccfdf909bcba78d?s=96&d=mm&r=g\",\"contentUrl\":\"https:\/\/secure.gravatar.com\/avatar\/0546ffaa9b79224faf9f2a156b67a529ae861d3287c66c1d8ccfdf909bcba78d?s=96&d=mm&r=g\",\"caption\":\"Sebastiano Plutino\"},\"url\":\"https:\/\/progettotouring.it\/radiotouring104\/author\/sebastiano\/\"}]}<\/script>\n<!-- \/ Yoast SEO plugin. -->","yoast_head_json":{"title":"Autonomia: svolte le audizioni sui LEP","description":"Ieri alla Prefettura di Catanzaro, si sono svolte le audizioni in merito al Disegno Legge dell\u2019autonomia differenziata e definizione dei LEP","robots":{"index":"index","follow":"follow","max-snippet":"max-snippet:-1","max-image-preview":"max-image-preview:large","max-video-preview":"max-video-preview:-1"},"canonical":"https:\/\/progettotouring.it\/radiotouring104\/2024\/02\/13\/autonomia-svolte-alla-prefettura-di-catanzaro-le-audizioni-sui-lep-della-commissione-bilaterale-per-le-questioni-regionali\/","og_locale":"it_IT","og_type":"article","og_title":"Autonomia: svolte le audizioni sui LEP","og_description":"Ieri alla Prefettura di Catanzaro, si sono svolte le audizioni in merito al Disegno Legge dell\u2019autonomia differenziata e definizione dei LEP","og_url":"https:\/\/progettotouring.it\/radiotouring104\/2024\/02\/13\/autonomia-svolte-alla-prefettura-di-catanzaro-le-audizioni-sui-lep-della-commissione-bilaterale-per-le-questioni-regionali\/","og_site_name":"Radio Touring 104","article_published_time":"2024-02-13T10:40:54+00:00","og_image":[{"width":474,"height":299,"url":"https:\/\/progettotouring.it\/radiotouring104\/wp-content\/uploads\/sites\/6\/2024\/02\/segretario-arconte-ugl-calabria-Irto.jpg","type":"image\/jpeg"}],"author":"Sebastiano Plutino","twitter_card":"summary_large_image","twitter_misc":{"Scritto da":"Sebastiano Plutino","Tempo di lettura stimato":"2 minuti"},"schema":{"@context":"https:\/\/schema.org","@graph":[{"@type":"Article","@id":"https:\/\/progettotouring.it\/radiotouring104\/2024\/02\/13\/autonomia-svolte-alla-prefettura-di-catanzaro-le-audizioni-sui-lep-della-commissione-bilaterale-per-le-questioni-regionali\/#article","isPartOf":{"@id":"https:\/\/progettotouring.it\/radiotouring104\/2024\/02\/13\/autonomia-svolte-alla-prefettura-di-catanzaro-le-audizioni-sui-lep-della-commissione-bilaterale-per-le-questioni-regionali\/"},"author":{"name":"Sebastiano Plutino","@id":"https:\/\/progettotouring.it\/radiotouring104\/#\/schema\/person\/78613917f1851f041f7483f5af1d422e"},"headline":"Autonomia: svolte, alla Prefettura di Catanzaro, le audizioni sui LEP della Commissione Bilaterale per le questioni regionali","datePublished":"2024-02-13T10:40:54+00:00","mainEntityOfPage":{"@id":"https:\/\/progettotouring.it\/radiotouring104\/2024\/02\/13\/autonomia-svolte-alla-prefettura-di-catanzaro-le-audizioni-sui-lep-della-commissione-bilaterale-per-le-questioni-regionali\/"},"wordCount":336,"publisher":{"@id":"https:\/\/progettotouring.it\/radiotouring104\/#organization"},"image":{"@id":"https:\/\/progettotouring.it\/radiotouring104\/2024\/02\/13\/autonomia-svolte-alla-prefettura-di-catanzaro-le-audizioni-sui-lep-della-commissione-bilaterale-per-le-questioni-regionali\/#primaryimage"},"thumbnailUrl":"https:\/\/progettotouring.it\/radiotouring104\/wp-content\/uploads\/sites\/6\/2024\/02\/segretario-arconte-ugl-calabria-Irto.jpg","keywords":["\"Autonomia differenziata Barbarie nei confronti del Meridione\"","audizioni della Commissione bilaterale per le questioni regionali","Giovanni Arconte","lep","prefettura di catanzaro","ugl"],"articleSection":["Calabria","Home","News"],"inLanguage":"it-IT"},{"@type":"WebPage","@id":"https:\/\/progettotouring.it\/radiotouring104\/2024\/02\/13\/autonomia-svolte-alla-prefettura-di-catanzaro-le-audizioni-sui-lep-della-commissione-bilaterale-per-le-questioni-regionali\/","url":"https:\/\/progettotouring.it\/radiotouring104\/2024\/02\/13\/autonomia-svolte-alla-prefettura-di-catanzaro-le-audizioni-sui-lep-della-commissione-bilaterale-per-le-questioni-regionali\/","name":"Autonomia: svolte le audizioni sui LEP","isPartOf":{"@id":"https:\/\/progettotouring.it\/radiotouring104\/#website"},"primaryImageOfPage":{"@id":"https:\/\/progettotouring.it\/radiotouring104\/2024\/02\/13\/autonomia-svolte-alla-prefettura-di-catanzaro-le-audizioni-sui-lep-della-commissione-bilaterale-per-le-questioni-regionali\/#primaryimage"},"image":{"@id":"https:\/\/progettotouring.it\/radiotouring104\/2024\/02\/13\/autonomia-svolte-alla-prefettura-di-catanzaro-le-audizioni-sui-lep-della-commissione-bilaterale-per-le-questioni-regionali\/#primaryimage"},"thumbnailUrl":"https:\/\/progettotouring.it\/radiotouring104\/wp-content\/uploads\/sites\/6\/2024\/02\/segretario-arconte-ugl-calabria-Irto.jpg","datePublished":"2024-02-13T10:40:54+00:00","description":"Ieri alla Prefettura di Catanzaro, si sono svolte le audizioni in merito al Disegno Legge dell\u2019autonomia differenziata e definizione dei LEP","breadcrumb":{"@id":"https:\/\/progettotouring.it\/radiotouring104\/2024\/02\/13\/autonomia-svolte-alla-prefettura-di-catanzaro-le-audizioni-sui-lep-della-commissione-bilaterale-per-le-questioni-regionali\/#breadcrumb"},"inLanguage":"it-IT","potentialAction":[{"@type":"ReadAction","target":["https:\/\/progettotouring.it\/radiotouring104\/2024\/02\/13\/autonomia-svolte-alla-prefettura-di-catanzaro-le-audizioni-sui-lep-della-commissione-bilaterale-per-le-questioni-regionali\/"]}]},{"@type":"ImageObject","inLanguage":"it-IT","@id":"https:\/\/progettotouring.it\/radiotouring104\/2024\/02\/13\/autonomia-svolte-alla-prefettura-di-catanzaro-le-audizioni-sui-lep-della-commissione-bilaterale-per-le-questioni-regionali\/#primaryimage","url":"https:\/\/progettotouring.it\/radiotouring104\/wp-content\/uploads\/sites\/6\/2024\/02\/segretario-arconte-ugl-calabria-Irto.jpg","contentUrl":"https:\/\/progettotouring.it\/radiotouring104\/wp-content\/uploads\/sites\/6\/2024\/02\/segretario-arconte-ugl-calabria-Irto.jpg","width":474,"height":299},{"@type":"BreadcrumbList","@id":"https:\/\/progettotouring.it\/radiotouring104\/2024\/02\/13\/autonomia-svolte-alla-prefettura-di-catanzaro-le-audizioni-sui-lep-della-commissione-bilaterale-per-le-questioni-regionali\/#breadcrumb","itemListElement":[{"@type":"ListItem","position":1,"name":"Home","item":"https:\/\/progettotouring.it\/radiotouring104\/"},{"@type":"ListItem","position":2,"name":"Autonomia: svolte, alla Prefettura di Catanzaro, le audizioni sui LEP della Commissione Bilaterale per le questioni regionali"}]},{"@type":"WebSite","@id":"https:\/\/progettotouring.it\/radiotouring104\/#website","url":"https:\/\/progettotouring.it\/radiotouring104\/","name":"Radio Touring 104","description":"La prima radio Reggina","publisher":{"@id":"https:\/\/progettotouring.it\/radiotouring104\/#organization"},"potentialAction":[{"@type":"SearchAction","target":{"@type":"EntryPoint","urlTemplate":"https:\/\/progettotouring.it\/radiotouring104\/?s={search_term_string}"},"query-input":{"@type":"PropertyValueSpecification","valueRequired":true,"valueName":"search_term_string"}}],"inLanguage":"it-IT"},{"@type":"Organization","@id":"https:\/\/progettotouring.it\/radiotouring104\/#organization","name":"Radio Touring 104","url":"https:\/\/progettotouring.it\/radiotouring104\/","logo":{"@type":"ImageObject","inLanguage":"it-IT","@id":"https:\/\/progettotouring.it\/radiotouring104\/#\/schema\/logo\/image\/","url":"https:\/\/progettotouring.it\/radiotouring104\/wp-content\/uploads\/sites\/6\/2022\/02\/cropped-logo-radio-touring-104.png","contentUrl":"https:\/\/progettotouring.it\/radiotouring104\/wp-content\/uploads\/sites\/6\/2022\/02\/cropped-logo-radio-touring-104.png","width":377,"height":182,"caption":"Radio Touring 104"},"image":{"@id":"https:\/\/progettotouring.it\/radiotouring104\/#\/schema\/logo\/image\/"}},{"@type":"Person","@id":"https:\/\/progettotouring.it\/radiotouring104\/#\/schema\/person\/78613917f1851f041f7483f5af1d422e","name":"Sebastiano Plutino","image":{"@type":"ImageObject","inLanguage":"it-IT","@id":"https:\/\/secure.gravatar.com\/avatar\/0546ffaa9b79224faf9f2a156b67a529ae861d3287c66c1d8ccfdf909bcba78d?s=96&d=mm&r=g","url":"https:\/\/secure.gravatar.com\/avatar\/0546ffaa9b79224faf9f2a156b67a529ae861d3287c66c1d8ccfdf909bcba78d?s=96&d=mm&r=g","contentUrl":"https:\/\/secure.gravatar.com\/avatar\/0546ffaa9b79224faf9f2a156b67a529ae861d3287c66c1d8ccfdf909bcba78d?s=96&d=mm&r=g","caption":"Sebastiano Plutino"},"url":"https:\/\/progettotouring.it\/radiotouring104\/author\/sebastiano\/"}]}},"jetpack_publicize_connections":[],"jetpack_featured_media_url":"https:\/\/progettotouring.it\/radiotouring104\/wp-content\/uploads\/sites\/6\/2024\/02\/segretario-arconte-ugl-calabria-Irto.jpg","jetpack_sharing_enabled":true,"_links":{"self":[{"href":"https:\/\/progettotouring.it\/radiotouring104\/wp-json\/wp\/v2\/posts\/44564","targetHints":{"allow":["GET"]}}],"collection":[{"href":"https:\/\/progettotouring.it\/radiotouring104\/wp-json\/wp\/v2\/posts"}],"about":[{"href":"https:\/\/progettotouring.it\/radiotouring104\/wp-json\/wp\/v2\/types\/post"}],"author":[{"embeddable":true,"href":"https:\/\/progettotouring.it\/radiotouring104\/wp-json\/wp\/v2\/users\/12"}],"replies":[{"embeddable":true,"href":"https:\/\/progettotouring.it\/radiotouring104\/wp-json\/wp\/v2\/comments?post=44564"}],"version-history":[{"count":1,"href":"https:\/\/progettotouring.it\/radiotouring104\/wp-json\/wp\/v2\/posts\/44564\/revisions"}],"predecessor-version":[{"id":44566,"href":"https:\/\/progettotouring.it\/radiotouring104\/wp-json\/wp\/v2\/posts\/44564\/revisions\/44566"}],"wp:featuredmedia":[{"embeddable":true,"href":"https:\/\/progettotouring.it\/radiotouring104\/wp-json\/wp\/v2\/media\/44565"}],"wp:attachment":[{"href":"https:\/\/progettotouring.it\/radiotouring104\/wp-json\/wp\/v2\/media?parent=44564"}],"wp:term":[{"taxonomy":"category","embeddable":true,"href":"https:\/\/progettotouring.it\/radiotouring104\/wp-json\/wp\/v2\/categories?post=44564"},{"taxonomy":"post_tag","embeddable":true,"href":"https:\/\/progettotouring.it\/radiotouring104\/wp-json\/wp\/v2\/tags?post=44564"}],"curies":[{"name":"wp","href":"https:\/\/api.w.org\/{rel}","templated":true}]}}