{"id":44589,"date":"2024-02-13T12:58:12","date_gmt":"2024-02-13T11:58:12","guid":{"rendered":"https:\/\/progettotouring.it\/radiotouring104\/?p=44589"},"modified":"2024-02-13T12:58:12","modified_gmt":"2024-02-13T11:58:12","slug":"roccella-porto-delle-grazie-presente-ad-assegnazione-premio-seamaster","status":"publish","type":"post","link":"https:\/\/progettotouring.it\/radiotouring104\/2024\/02\/13\/roccella-porto-delle-grazie-presente-ad-assegnazione-premio-seamaster\/","title":{"rendered":"Roccella: Porto delle Grazie presente ad assegnazione premio &#8220;Seamaster&#8221;"},"content":{"rendered":"<p style=\"text-align: justify\">Una serata emozionante che ha visto la<strong> partecipazione del Porto delle Grazie<\/strong>, nelle persone dell\u2019Amministratore Vasco De Cet, del Direttore <strong>Francesco Lombardo<\/strong> e del Sindaco di Roccella,<strong> Vittorio Zito.<\/strong> Una serata promossa dalle due pi\u00f9 importanti testate di settore tedesche e con la presenza di tuta la della nausica europea rappresentata al massimo livello.<\/p>\n<p style=\"text-align: justify\"><strong>La serata \u00e8 stata caratterizzata dal susseguirsi di premiazioni verso coloro che si sono distinti per<\/strong> innovazione, originalit\u00e0, sostenibilit\u00e0, performance e design nella produzione di yachts di dimensione varie (dai piccoli ai grandi). <strong>Anche quest&#8217;anno il premio<\/strong> <em>&#8220;SEAMASTER&#8221;<\/em> <strong>\u00e8 stato assegnato alla<\/strong> <strong>FLAGSHIP NIGHT<\/strong> insieme agli Oscar degli sport acquatici <em>&#8220;Yacht europeo dell&#8217;anno<\/em>&#8221; e<em> &#8220;Barca a motore europea dell&#8217;anno<\/em>&#8220;. Con questo premio i due partner Delius Klasing e Boot D\u00fcsseldorf onorano una personalit\u00e0 che ha lasciato un segno speciale negli sport acquatici. Durante il gala, la sudafricana Kirsten Neusch\u00e4fer, la prima donna a vincere una regata non[1]stop intorno al mondo, in solitaria e senza strumenti tecnologici, ha ricevuto il premio <em>&#8220;SEAMASTER&#8221;<\/em> da <strong>Petros Michelidakis,<\/strong> direttore del boot D\u00fcsseldorf e <strong>Maron Hager,<\/strong> redattore capo di YACHT. Per ulteriori informazioni o richieste di interviste, contattare: Francesco Lombardo -Direttore del Porto delle Grazie- frlombardo@portodellegrazie.it #portodellegrazie #bootdusseldorf #flagshipnight<\/p>\n","protected":false},"excerpt":{"rendered":"<p>Una serata emozionante che ha visto la partecipazione del Porto delle Grazie, nelle persone dell\u2019Amministratore Vasco De Cet, del Direttore Francesco Lombardo e del Sindaco di Roccella, Vittorio Zito. Una&hellip;<\/p>\n","protected":false},"author":12,"featured_media":18772,"comment_status":"closed","ping_status":"open","sticky":false,"template":"","format":"standard","meta":{"_jetpack_memberships_contains_paid_content":false,"footnotes":"","jetpack_publicize_message":"","jetpack_publicize_feature_enabled":true,"jetpack_social_post_already_shared":false,"jetpack_social_options":{"image_generator_settings":{"template":"highway","default_image_id":0,"font":"","enabled":false},"version":2}},"categories":[142,921,196],"tags":[27503,27504,7635,2992],"class_list":["post-44589","post","type-post","status-publish","format-standard","has-post-thumbnail","hentry","category-calabria","category-home","category-news","tag-flagship-night","tag-francesco-lombardo","tag-porto-delle-grazie","tag-vittorio-zito"],"yoast_head":"<!-- This site is optimized with the Yoast SEO plugin v27.2 - https:\/\/yoast.com\/product\/yoast-seo-wordpress\/ -->\n<title>Roccella: Porto delle Grazie presente a premiazione &quot;Seamaster&quot;<\/title>\n<meta name=\"description\" content=\"La serata \u00e8 stata caratterizzata dal susseguirsi di premiazioni verso coloro che si sono distinti per innovazione ed originalit\u00e0\" \/>\n<meta name=\"robots\" content=\"index, follow, max-snippet:-1, max-image-preview:large, max-video-preview:-1\" \/>\n<link rel=\"canonical\" href=\"https:\/\/progettotouring.it\/radiotouring104\/2024\/02\/13\/roccella-porto-delle-grazie-presente-ad-assegnazione-premio-seamaster\/\" \/>\n<meta property=\"og:locale\" content=\"it_IT\" \/>\n<meta property=\"og:type\" content=\"article\" \/>\n<meta property=\"og:title\" content=\"Roccella: Porto delle Grazie presente a premiazione &quot;Seamaster&quot;\" \/>\n<meta property=\"og:description\" content=\"La serata \u00e8 stata caratterizzata dal susseguirsi di premiazioni verso coloro che si sono distinti per innovazione ed originalit\u00e0\" \/>\n<meta property=\"og:url\" content=\"https:\/\/progettotouring.it\/radiotouring104\/2024\/02\/13\/roccella-porto-delle-grazie-presente-ad-assegnazione-premio-seamaster\/\" \/>\n<meta property=\"og:site_name\" content=\"Radio Touring 104\" \/>\n<meta property=\"article:published_time\" content=\"2024-02-13T11:58:12+00:00\" \/>\n<meta property=\"og:image\" content=\"https:\/\/progettotouring.it\/radiotouring104\/wp-content\/uploads\/sites\/6\/2023\/02\/porto-delle-grazie-marina-di-roccella.jpg\" \/>\n\t<meta property=\"og:image:width\" content=\"1365\" \/>\n\t<meta property=\"og:image:height\" content=\"1365\" \/>\n\t<meta property=\"og:image:type\" content=\"image\/jpeg\" \/>\n<meta name=\"author\" content=\"Sebastiano Plutino\" \/>\n<meta name=\"twitter:card\" content=\"summary_large_image\" \/>\n<meta name=\"twitter:label1\" content=\"Scritto da\" \/>\n\t<meta name=\"twitter:data1\" content=\"Sebastiano Plutino\" \/>\n\t<meta name=\"twitter:label2\" content=\"Tempo di lettura stimato\" \/>\n\t<meta name=\"twitter:data2\" content=\"1 minuto\" \/>\n<script type=\"application\/ld+json\" class=\"yoast-schema-graph\">{\"@context\":\"https:\/\/schema.org\",\"@graph\":[{\"@type\":\"Article\",\"@id\":\"https:\/\/progettotouring.it\/radiotouring104\/2024\/02\/13\/roccella-porto-delle-grazie-presente-ad-assegnazione-premio-seamaster\/#article\",\"isPartOf\":{\"@id\":\"https:\/\/progettotouring.it\/radiotouring104\/2024\/02\/13\/roccella-porto-delle-grazie-presente-ad-assegnazione-premio-seamaster\/\"},\"author\":{\"name\":\"Sebastiano Plutino\",\"@id\":\"https:\/\/progettotouring.it\/radiotouring104\/#\/schema\/person\/78613917f1851f041f7483f5af1d422e\"},\"headline\":\"Roccella: Porto delle Grazie presente ad assegnazione premio &#8220;Seamaster&#8221;\",\"datePublished\":\"2024-02-13T11:58:12+00:00\",\"mainEntityOfPage\":{\"@id\":\"https:\/\/progettotouring.it\/radiotouring104\/2024\/02\/13\/roccella-porto-delle-grazie-presente-ad-assegnazione-premio-seamaster\/\"},\"wordCount\":212,\"publisher\":{\"@id\":\"https:\/\/progettotouring.it\/radiotouring104\/#organization\"},\"image\":{\"@id\":\"https:\/\/progettotouring.it\/radiotouring104\/2024\/02\/13\/roccella-porto-delle-grazie-presente-ad-assegnazione-premio-seamaster\/#primaryimage\"},\"thumbnailUrl\":\"https:\/\/progettotouring.it\/radiotouring104\/wp-content\/uploads\/sites\/6\/2023\/02\/porto-delle-grazie-marina-di-roccella.jpg\",\"keywords\":[\"Flagship Night\",\"Francesco Lombardo\",\"Porto delle Grazie\",\"vittorio zito\"],\"articleSection\":[\"Calabria\",\"Home\",\"News\"],\"inLanguage\":\"it-IT\"},{\"@type\":\"WebPage\",\"@id\":\"https:\/\/progettotouring.it\/radiotouring104\/2024\/02\/13\/roccella-porto-delle-grazie-presente-ad-assegnazione-premio-seamaster\/\",\"url\":\"https:\/\/progettotouring.it\/radiotouring104\/2024\/02\/13\/roccella-porto-delle-grazie-presente-ad-assegnazione-premio-seamaster\/\",\"name\":\"Roccella: Porto delle Grazie presente a premiazione \\\"Seamaster\\\"\",\"isPartOf\":{\"@id\":\"https:\/\/progettotouring.it\/radiotouring104\/#website\"},\"primaryImageOfPage\":{\"@id\":\"https:\/\/progettotouring.it\/radiotouring104\/2024\/02\/13\/roccella-porto-delle-grazie-presente-ad-assegnazione-premio-seamaster\/#primaryimage\"},\"image\":{\"@id\":\"https:\/\/progettotouring.it\/radiotouring104\/2024\/02\/13\/roccella-porto-delle-grazie-presente-ad-assegnazione-premio-seamaster\/#primaryimage\"},\"thumbnailUrl\":\"https:\/\/progettotouring.it\/radiotouring104\/wp-content\/uploads\/sites\/6\/2023\/02\/porto-delle-grazie-marina-di-roccella.jpg\",\"datePublished\":\"2024-02-13T11:58:12+00:00\",\"description\":\"La serata \u00e8 stata caratterizzata dal susseguirsi di premiazioni verso coloro che si sono distinti per innovazione ed originalit\u00e0\",\"breadcrumb\":{\"@id\":\"https:\/\/progettotouring.it\/radiotouring104\/2024\/02\/13\/roccella-porto-delle-grazie-presente-ad-assegnazione-premio-seamaster\/#breadcrumb\"},\"inLanguage\":\"it-IT\",\"potentialAction\":[{\"@type\":\"ReadAction\",\"target\":[\"https:\/\/progettotouring.it\/radiotouring104\/2024\/02\/13\/roccella-porto-delle-grazie-presente-ad-assegnazione-premio-seamaster\/\"]}]},{\"@type\":\"ImageObject\",\"inLanguage\":\"it-IT\",\"@id\":\"https:\/\/progettotouring.it\/radiotouring104\/2024\/02\/13\/roccella-porto-delle-grazie-presente-ad-assegnazione-premio-seamaster\/#primaryimage\",\"url\":\"https:\/\/progettotouring.it\/radiotouring104\/wp-content\/uploads\/sites\/6\/2023\/02\/porto-delle-grazie-marina-di-roccella.jpg\",\"contentUrl\":\"https:\/\/progettotouring.it\/radiotouring104\/wp-content\/uploads\/sites\/6\/2023\/02\/porto-delle-grazie-marina-di-roccella.jpg\",\"width\":1365,\"height\":1365},{\"@type\":\"BreadcrumbList\",\"@id\":\"https:\/\/progettotouring.it\/radiotouring104\/2024\/02\/13\/roccella-porto-delle-grazie-presente-ad-assegnazione-premio-seamaster\/#breadcrumb\",\"itemListElement\":[{\"@type\":\"ListItem\",\"position\":1,\"name\":\"Home\",\"item\":\"https:\/\/progettotouring.it\/radiotouring104\/\"},{\"@type\":\"ListItem\",\"position\":2,\"name\":\"Roccella: Porto delle Grazie presente ad assegnazione premio &#8220;Seamaster&#8221;\"}]},{\"@type\":\"WebSite\",\"@id\":\"https:\/\/progettotouring.it\/radiotouring104\/#website\",\"url\":\"https:\/\/progettotouring.it\/radiotouring104\/\",\"name\":\"Radio Touring 104\",\"description\":\"La prima radio Reggina\",\"publisher\":{\"@id\":\"https:\/\/progettotouring.it\/radiotouring104\/#organization\"},\"potentialAction\":[{\"@type\":\"SearchAction\",\"target\":{\"@type\":\"EntryPoint\",\"urlTemplate\":\"https:\/\/progettotouring.it\/radiotouring104\/?s={search_term_string}\"},\"query-input\":{\"@type\":\"PropertyValueSpecification\",\"valueRequired\":true,\"valueName\":\"search_term_string\"}}],\"inLanguage\":\"it-IT\"},{\"@type\":\"Organization\",\"@id\":\"https:\/\/progettotouring.it\/radiotouring104\/#organization\",\"name\":\"Radio Touring 104\",\"url\":\"https:\/\/progettotouring.it\/radiotouring104\/\",\"logo\":{\"@type\":\"ImageObject\",\"inLanguage\":\"it-IT\",\"@id\":\"https:\/\/progettotouring.it\/radiotouring104\/#\/schema\/logo\/image\/\",\"url\":\"https:\/\/progettotouring.it\/radiotouring104\/wp-content\/uploads\/sites\/6\/2022\/02\/cropped-logo-radio-touring-104.png\",\"contentUrl\":\"https:\/\/progettotouring.it\/radiotouring104\/wp-content\/uploads\/sites\/6\/2022\/02\/cropped-logo-radio-touring-104.png\",\"width\":377,\"height\":182,\"caption\":\"Radio Touring 104\"},\"image\":{\"@id\":\"https:\/\/progettotouring.it\/radiotouring104\/#\/schema\/logo\/image\/\"}},{\"@type\":\"Person\",\"@id\":\"https:\/\/progettotouring.it\/radiotouring104\/#\/schema\/person\/78613917f1851f041f7483f5af1d422e\",\"name\":\"Sebastiano Plutino\",\"image\":{\"@type\":\"ImageObject\",\"inLanguage\":\"it-IT\",\"@id\":\"https:\/\/secure.gravatar.com\/avatar\/0546ffaa9b79224faf9f2a156b67a529ae861d3287c66c1d8ccfdf909bcba78d?s=96&d=mm&r=g\",\"url\":\"https:\/\/secure.gravatar.com\/avatar\/0546ffaa9b79224faf9f2a156b67a529ae861d3287c66c1d8ccfdf909bcba78d?s=96&d=mm&r=g\",\"contentUrl\":\"https:\/\/secure.gravatar.com\/avatar\/0546ffaa9b79224faf9f2a156b67a529ae861d3287c66c1d8ccfdf909bcba78d?s=96&d=mm&r=g\",\"caption\":\"Sebastiano Plutino\"},\"url\":\"https:\/\/progettotouring.it\/radiotouring104\/author\/sebastiano\/\"}]}<\/script>\n<!-- \/ Yoast SEO plugin. -->","yoast_head_json":{"title":"Roccella: Porto delle Grazie presente a premiazione \"Seamaster\"","description":"La serata \u00e8 stata caratterizzata dal susseguirsi di premiazioni verso coloro che si sono distinti per innovazione ed originalit\u00e0","robots":{"index":"index","follow":"follow","max-snippet":"max-snippet:-1","max-image-preview":"max-image-preview:large","max-video-preview":"max-video-preview:-1"},"canonical":"https:\/\/progettotouring.it\/radiotouring104\/2024\/02\/13\/roccella-porto-delle-grazie-presente-ad-assegnazione-premio-seamaster\/","og_locale":"it_IT","og_type":"article","og_title":"Roccella: Porto delle Grazie presente a premiazione \"Seamaster\"","og_description":"La serata \u00e8 stata caratterizzata dal susseguirsi di premiazioni verso coloro che si sono distinti per innovazione ed originalit\u00e0","og_url":"https:\/\/progettotouring.it\/radiotouring104\/2024\/02\/13\/roccella-porto-delle-grazie-presente-ad-assegnazione-premio-seamaster\/","og_site_name":"Radio Touring 104","article_published_time":"2024-02-13T11:58:12+00:00","og_image":[{"width":1365,"height":1365,"url":"https:\/\/progettotouring.it\/radiotouring104\/wp-content\/uploads\/sites\/6\/2023\/02\/porto-delle-grazie-marina-di-roccella.jpg","type":"image\/jpeg"}],"author":"Sebastiano Plutino","twitter_card":"summary_large_image","twitter_misc":{"Scritto da":"Sebastiano Plutino","Tempo di lettura stimato":"1 minuto"},"schema":{"@context":"https:\/\/schema.org","@graph":[{"@type":"Article","@id":"https:\/\/progettotouring.it\/radiotouring104\/2024\/02\/13\/roccella-porto-delle-grazie-presente-ad-assegnazione-premio-seamaster\/#article","isPartOf":{"@id":"https:\/\/progettotouring.it\/radiotouring104\/2024\/02\/13\/roccella-porto-delle-grazie-presente-ad-assegnazione-premio-seamaster\/"},"author":{"name":"Sebastiano Plutino","@id":"https:\/\/progettotouring.it\/radiotouring104\/#\/schema\/person\/78613917f1851f041f7483f5af1d422e"},"headline":"Roccella: Porto delle Grazie presente ad assegnazione premio &#8220;Seamaster&#8221;","datePublished":"2024-02-13T11:58:12+00:00","mainEntityOfPage":{"@id":"https:\/\/progettotouring.it\/radiotouring104\/2024\/02\/13\/roccella-porto-delle-grazie-presente-ad-assegnazione-premio-seamaster\/"},"wordCount":212,"publisher":{"@id":"https:\/\/progettotouring.it\/radiotouring104\/#organization"},"image":{"@id":"https:\/\/progettotouring.it\/radiotouring104\/2024\/02\/13\/roccella-porto-delle-grazie-presente-ad-assegnazione-premio-seamaster\/#primaryimage"},"thumbnailUrl":"https:\/\/progettotouring.it\/radiotouring104\/wp-content\/uploads\/sites\/6\/2023\/02\/porto-delle-grazie-marina-di-roccella.jpg","keywords":["Flagship Night","Francesco Lombardo","Porto delle Grazie","vittorio zito"],"articleSection":["Calabria","Home","News"],"inLanguage":"it-IT"},{"@type":"WebPage","@id":"https:\/\/progettotouring.it\/radiotouring104\/2024\/02\/13\/roccella-porto-delle-grazie-presente-ad-assegnazione-premio-seamaster\/","url":"https:\/\/progettotouring.it\/radiotouring104\/2024\/02\/13\/roccella-porto-delle-grazie-presente-ad-assegnazione-premio-seamaster\/","name":"Roccella: Porto delle Grazie presente a premiazione \"Seamaster\"","isPartOf":{"@id":"https:\/\/progettotouring.it\/radiotouring104\/#website"},"primaryImageOfPage":{"@id":"https:\/\/progettotouring.it\/radiotouring104\/2024\/02\/13\/roccella-porto-delle-grazie-presente-ad-assegnazione-premio-seamaster\/#primaryimage"},"image":{"@id":"https:\/\/progettotouring.it\/radiotouring104\/2024\/02\/13\/roccella-porto-delle-grazie-presente-ad-assegnazione-premio-seamaster\/#primaryimage"},"thumbnailUrl":"https:\/\/progettotouring.it\/radiotouring104\/wp-content\/uploads\/sites\/6\/2023\/02\/porto-delle-grazie-marina-di-roccella.jpg","datePublished":"2024-02-13T11:58:12+00:00","description":"La serata \u00e8 stata caratterizzata dal susseguirsi di premiazioni verso coloro che si sono distinti per innovazione ed originalit\u00e0","breadcrumb":{"@id":"https:\/\/progettotouring.it\/radiotouring104\/2024\/02\/13\/roccella-porto-delle-grazie-presente-ad-assegnazione-premio-seamaster\/#breadcrumb"},"inLanguage":"it-IT","potentialAction":[{"@type":"ReadAction","target":["https:\/\/progettotouring.it\/radiotouring104\/2024\/02\/13\/roccella-porto-delle-grazie-presente-ad-assegnazione-premio-seamaster\/"]}]},{"@type":"ImageObject","inLanguage":"it-IT","@id":"https:\/\/progettotouring.it\/radiotouring104\/2024\/02\/13\/roccella-porto-delle-grazie-presente-ad-assegnazione-premio-seamaster\/#primaryimage","url":"https:\/\/progettotouring.it\/radiotouring104\/wp-content\/uploads\/sites\/6\/2023\/02\/porto-delle-grazie-marina-di-roccella.jpg","contentUrl":"https:\/\/progettotouring.it\/radiotouring104\/wp-content\/uploads\/sites\/6\/2023\/02\/porto-delle-grazie-marina-di-roccella.jpg","width":1365,"height":1365},{"@type":"BreadcrumbList","@id":"https:\/\/progettotouring.it\/radiotouring104\/2024\/02\/13\/roccella-porto-delle-grazie-presente-ad-assegnazione-premio-seamaster\/#breadcrumb","itemListElement":[{"@type":"ListItem","position":1,"name":"Home","item":"https:\/\/progettotouring.it\/radiotouring104\/"},{"@type":"ListItem","position":2,"name":"Roccella: Porto delle Grazie presente ad assegnazione premio &#8220;Seamaster&#8221;"}]},{"@type":"WebSite","@id":"https:\/\/progettotouring.it\/radiotouring104\/#website","url":"https:\/\/progettotouring.it\/radiotouring104\/","name":"Radio Touring 104","description":"La prima radio Reggina","publisher":{"@id":"https:\/\/progettotouring.it\/radiotouring104\/#organization"},"potentialAction":[{"@type":"SearchAction","target":{"@type":"EntryPoint","urlTemplate":"https:\/\/progettotouring.it\/radiotouring104\/?s={search_term_string}"},"query-input":{"@type":"PropertyValueSpecification","valueRequired":true,"valueName":"search_term_string"}}],"inLanguage":"it-IT"},{"@type":"Organization","@id":"https:\/\/progettotouring.it\/radiotouring104\/#organization","name":"Radio Touring 104","url":"https:\/\/progettotouring.it\/radiotouring104\/","logo":{"@type":"ImageObject","inLanguage":"it-IT","@id":"https:\/\/progettotouring.it\/radiotouring104\/#\/schema\/logo\/image\/","url":"https:\/\/progettotouring.it\/radiotouring104\/wp-content\/uploads\/sites\/6\/2022\/02\/cropped-logo-radio-touring-104.png","contentUrl":"https:\/\/progettotouring.it\/radiotouring104\/wp-content\/uploads\/sites\/6\/2022\/02\/cropped-logo-radio-touring-104.png","width":377,"height":182,"caption":"Radio Touring 104"},"image":{"@id":"https:\/\/progettotouring.it\/radiotouring104\/#\/schema\/logo\/image\/"}},{"@type":"Person","@id":"https:\/\/progettotouring.it\/radiotouring104\/#\/schema\/person\/78613917f1851f041f7483f5af1d422e","name":"Sebastiano Plutino","image":{"@type":"ImageObject","inLanguage":"it-IT","@id":"https:\/\/secure.gravatar.com\/avatar\/0546ffaa9b79224faf9f2a156b67a529ae861d3287c66c1d8ccfdf909bcba78d?s=96&d=mm&r=g","url":"https:\/\/secure.gravatar.com\/avatar\/0546ffaa9b79224faf9f2a156b67a529ae861d3287c66c1d8ccfdf909bcba78d?s=96&d=mm&r=g","contentUrl":"https:\/\/secure.gravatar.com\/avatar\/0546ffaa9b79224faf9f2a156b67a529ae861d3287c66c1d8ccfdf909bcba78d?s=96&d=mm&r=g","caption":"Sebastiano Plutino"},"url":"https:\/\/progettotouring.it\/radiotouring104\/author\/sebastiano\/"}]}},"jetpack_publicize_connections":[],"jetpack_featured_media_url":"https:\/\/progettotouring.it\/radiotouring104\/wp-content\/uploads\/sites\/6\/2023\/02\/porto-delle-grazie-marina-di-roccella.jpg","jetpack_sharing_enabled":true,"_links":{"self":[{"href":"https:\/\/progettotouring.it\/radiotouring104\/wp-json\/wp\/v2\/posts\/44589","targetHints":{"allow":["GET"]}}],"collection":[{"href":"https:\/\/progettotouring.it\/radiotouring104\/wp-json\/wp\/v2\/posts"}],"about":[{"href":"https:\/\/progettotouring.it\/radiotouring104\/wp-json\/wp\/v2\/types\/post"}],"author":[{"embeddable":true,"href":"https:\/\/progettotouring.it\/radiotouring104\/wp-json\/wp\/v2\/users\/12"}],"replies":[{"embeddable":true,"href":"https:\/\/progettotouring.it\/radiotouring104\/wp-json\/wp\/v2\/comments?post=44589"}],"version-history":[{"count":1,"href":"https:\/\/progettotouring.it\/radiotouring104\/wp-json\/wp\/v2\/posts\/44589\/revisions"}],"predecessor-version":[{"id":44590,"href":"https:\/\/progettotouring.it\/radiotouring104\/wp-json\/wp\/v2\/posts\/44589\/revisions\/44590"}],"wp:featuredmedia":[{"embeddable":true,"href":"https:\/\/progettotouring.it\/radiotouring104\/wp-json\/wp\/v2\/media\/18772"}],"wp:attachment":[{"href":"https:\/\/progettotouring.it\/radiotouring104\/wp-json\/wp\/v2\/media?parent=44589"}],"wp:term":[{"taxonomy":"category","embeddable":true,"href":"https:\/\/progettotouring.it\/radiotouring104\/wp-json\/wp\/v2\/categories?post=44589"},{"taxonomy":"post_tag","embeddable":true,"href":"https:\/\/progettotouring.it\/radiotouring104\/wp-json\/wp\/v2\/tags?post=44589"}],"curies":[{"name":"wp","href":"https:\/\/api.w.org\/{rel}","templated":true}]}}