{"id":44591,"date":"2024-02-13T13:07:41","date_gmt":"2024-02-13T12:07:41","guid":{"rendered":"https:\/\/progettotouring.it\/radiotouring104\/?p=44591"},"modified":"2024-02-13T13:07:41","modified_gmt":"2024-02-13T12:07:41","slug":"cosenza-giovedi-le-iga-di-calabria-si-presentano-allenoteca-regionale","status":"publish","type":"post","link":"https:\/\/progettotouring.it\/radiotouring104\/2024\/02\/13\/cosenza-giovedi-le-iga-di-calabria-si-presentano-allenoteca-regionale\/","title":{"rendered":"Cosenza: giovedi le IGA di Calabria si presentano all\u2019enoteca regionale"},"content":{"rendered":"<div dir=\"ltr\" style=\"text-align: justify\">\nIl mondo della birra e quello del vino si incontrano con Birra Cala. Il noto brand calabrese presenta il suo ultimo progetto coinvolgendo per ogni provincia calabrese una cantina vitivinicola<\/p>\n<p>E\u2019 tutto pronto per la conferenza stampa di presentazione sulle IGA di Calabria di Birra Cala, in programma per gioved\u00ec 15 febbraio, alle ore 18, presso l\u2019Enoteca Regionale, nel cuore della Cosenza antica.<\/p>\n<p>Al tavolo, moderato dalla giornalista di Calabria News 24, Paola Chiodi, parteciperanno l\u2019Assessore regionale all\u2019Agricoltura, Gianluca Gallo, il Direttore del dipartimento regionale all\u2019Agricoltura, Giacomo Giovinazzo, il Presidente della Camera di Commercio di Cosenza, Klaus Algieri, il CEO di Birra Cala, Antonio De Caprio e Andrea Radic giornalista e conduttore televisivo.<\/p>\n<p>Le Iga sono birre speciali, prodotte con l\u2019aggiunta del mosto d\u2019uva e rappresentano il perfetto incontro tra il mondo della birra e quello del vino.<\/p>\n<p>Nel caso di Birra Cala, sono state coinvolte cinque etichette, una per ogni provincia calabrese: per Cosenza, la cantina Spadafora; per Crotone, Librandi; per Catanzaro, la cantina Statti; per Vibo Valentia, Casa Comerci e per Reggio Calabria, Antonella Lombardo.<\/p>\n<p>L\u2019unicit\u00e0 di questo progetto apre nuove possibilit\u00e0 anche al mondo della ristorazione, che potr\u00e0 offrire un prodotto alternativo ma soprattutto di nicchia, che esalta sia la produzione brassicola che quella vitivinicola.<\/p>\n<p>Al termine della conferenza stampa si terr\u00e0 la degustazione a cura della Federazione FISAR che accompagner\u00e0 i presenti a conoscere tutti i dettagli sensoriali di questo straordinario progetto.<\/p><\/div>\n","protected":false},"excerpt":{"rendered":"<p>Il mondo della birra e quello del vino si incontrano con Birra Cala. Il noto brand calabrese presenta il suo ultimo progetto coinvolgendo per ogni provincia calabrese una cantina vitivinicola&hellip;<\/p>\n","protected":false},"author":12,"featured_media":44592,"comment_status":"closed","ping_status":"open","sticky":false,"template":"","format":"standard","meta":{"_jetpack_memberships_contains_paid_content":false,"footnotes":"","jetpack_publicize_message":"","jetpack_publicize_feature_enabled":true,"jetpack_social_post_already_shared":false,"jetpack_social_options":{"image_generator_settings":{"template":"highway","default_image_id":0,"font":"","enabled":false},"version":2}},"categories":[142,921,196],"tags":[27507,354,27506,27505],"class_list":["post-44591","post","type-post","status-publish","format-standard","has-post-thumbnail","hentry","category-calabria","category-home","category-news","tag-birra-cala","tag-cosenza","tag-enoteca-regionale","tag-iga-di-calabria"],"yoast_head":"<!-- This site is optimized with the Yoast SEO plugin v27.2 - https:\/\/yoast.com\/product\/yoast-seo-wordpress\/ -->\n<title>Cosenza: giovedi IGA Calabria si presentano all&#039;enoteca regionale<\/title>\n<meta name=\"description\" content=\"Si svolger\u00e0 gioved\u00ec 15 febbraio, alle 18, la conferenza stampa, presso l\u2019Enoteca Regionale, nel cuore della Cosenza antica.\" \/>\n<meta name=\"robots\" content=\"index, follow, max-snippet:-1, max-image-preview:large, max-video-preview:-1\" \/>\n<link rel=\"canonical\" href=\"https:\/\/progettotouring.it\/radiotouring104\/2024\/02\/13\/cosenza-giovedi-le-iga-di-calabria-si-presentano-allenoteca-regionale\/\" \/>\n<meta property=\"og:locale\" content=\"it_IT\" \/>\n<meta property=\"og:type\" content=\"article\" \/>\n<meta property=\"og:title\" content=\"Cosenza: giovedi IGA Calabria si presentano all&#039;enoteca regionale\" \/>\n<meta property=\"og:description\" content=\"Si svolger\u00e0 gioved\u00ec 15 febbraio, alle 18, la conferenza stampa, presso l\u2019Enoteca Regionale, nel cuore della Cosenza antica.\" \/>\n<meta property=\"og:url\" content=\"https:\/\/progettotouring.it\/radiotouring104\/2024\/02\/13\/cosenza-giovedi-le-iga-di-calabria-si-presentano-allenoteca-regionale\/\" \/>\n<meta property=\"og:site_name\" content=\"Radio Touring 104\" \/>\n<meta property=\"article:published_time\" content=\"2024-02-13T12:07:41+00:00\" \/>\n<meta property=\"og:image\" content=\"https:\/\/progettotouring.it\/radiotouring104\/wp-content\/uploads\/sites\/6\/2024\/02\/conferenza-stampa-birra-cala.jpeg\" \/>\n\t<meta property=\"og:image:width\" content=\"1600\" \/>\n\t<meta property=\"og:image:height\" content=\"1600\" \/>\n\t<meta property=\"og:image:type\" content=\"image\/jpeg\" \/>\n<meta name=\"author\" content=\"Sebastiano Plutino\" \/>\n<meta name=\"twitter:card\" content=\"summary_large_image\" \/>\n<meta name=\"twitter:label1\" content=\"Scritto da\" \/>\n\t<meta name=\"twitter:data1\" content=\"Sebastiano Plutino\" \/>\n\t<meta name=\"twitter:label2\" content=\"Tempo di lettura stimato\" \/>\n\t<meta name=\"twitter:data2\" content=\"1 minuto\" \/>\n<script type=\"application\/ld+json\" class=\"yoast-schema-graph\">{\"@context\":\"https:\/\/schema.org\",\"@graph\":[{\"@type\":\"Article\",\"@id\":\"https:\/\/progettotouring.it\/radiotouring104\/2024\/02\/13\/cosenza-giovedi-le-iga-di-calabria-si-presentano-allenoteca-regionale\/#article\",\"isPartOf\":{\"@id\":\"https:\/\/progettotouring.it\/radiotouring104\/2024\/02\/13\/cosenza-giovedi-le-iga-di-calabria-si-presentano-allenoteca-regionale\/\"},\"author\":{\"name\":\"Sebastiano Plutino\",\"@id\":\"https:\/\/progettotouring.it\/radiotouring104\/#\/schema\/person\/78613917f1851f041f7483f5af1d422e\"},\"headline\":\"Cosenza: giovedi le IGA di Calabria si presentano all\u2019enoteca regionale\",\"datePublished\":\"2024-02-13T12:07:41+00:00\",\"mainEntityOfPage\":{\"@id\":\"https:\/\/progettotouring.it\/radiotouring104\/2024\/02\/13\/cosenza-giovedi-le-iga-di-calabria-si-presentano-allenoteca-regionale\/\"},\"wordCount\":251,\"publisher\":{\"@id\":\"https:\/\/progettotouring.it\/radiotouring104\/#organization\"},\"image\":{\"@id\":\"https:\/\/progettotouring.it\/radiotouring104\/2024\/02\/13\/cosenza-giovedi-le-iga-di-calabria-si-presentano-allenoteca-regionale\/#primaryimage\"},\"thumbnailUrl\":\"https:\/\/progettotouring.it\/radiotouring104\/wp-content\/uploads\/sites\/6\/2024\/02\/conferenza-stampa-birra-cala.jpeg\",\"keywords\":[\"Birra Cala.\",\"Cosenza\",\"Enoteca Regionale\",\"IGA di Calabria\"],\"articleSection\":[\"Calabria\",\"Home\",\"News\"],\"inLanguage\":\"it-IT\"},{\"@type\":\"WebPage\",\"@id\":\"https:\/\/progettotouring.it\/radiotouring104\/2024\/02\/13\/cosenza-giovedi-le-iga-di-calabria-si-presentano-allenoteca-regionale\/\",\"url\":\"https:\/\/progettotouring.it\/radiotouring104\/2024\/02\/13\/cosenza-giovedi-le-iga-di-calabria-si-presentano-allenoteca-regionale\/\",\"name\":\"Cosenza: giovedi IGA Calabria si presentano all'enoteca regionale\",\"isPartOf\":{\"@id\":\"https:\/\/progettotouring.it\/radiotouring104\/#website\"},\"primaryImageOfPage\":{\"@id\":\"https:\/\/progettotouring.it\/radiotouring104\/2024\/02\/13\/cosenza-giovedi-le-iga-di-calabria-si-presentano-allenoteca-regionale\/#primaryimage\"},\"image\":{\"@id\":\"https:\/\/progettotouring.it\/radiotouring104\/2024\/02\/13\/cosenza-giovedi-le-iga-di-calabria-si-presentano-allenoteca-regionale\/#primaryimage\"},\"thumbnailUrl\":\"https:\/\/progettotouring.it\/radiotouring104\/wp-content\/uploads\/sites\/6\/2024\/02\/conferenza-stampa-birra-cala.jpeg\",\"datePublished\":\"2024-02-13T12:07:41+00:00\",\"description\":\"Si svolger\u00e0 gioved\u00ec 15 febbraio, alle 18, la conferenza stampa, presso l\u2019Enoteca Regionale, nel cuore della Cosenza antica.\",\"breadcrumb\":{\"@id\":\"https:\/\/progettotouring.it\/radiotouring104\/2024\/02\/13\/cosenza-giovedi-le-iga-di-calabria-si-presentano-allenoteca-regionale\/#breadcrumb\"},\"inLanguage\":\"it-IT\",\"potentialAction\":[{\"@type\":\"ReadAction\",\"target\":[\"https:\/\/progettotouring.it\/radiotouring104\/2024\/02\/13\/cosenza-giovedi-le-iga-di-calabria-si-presentano-allenoteca-regionale\/\"]}]},{\"@type\":\"ImageObject\",\"inLanguage\":\"it-IT\",\"@id\":\"https:\/\/progettotouring.it\/radiotouring104\/2024\/02\/13\/cosenza-giovedi-le-iga-di-calabria-si-presentano-allenoteca-regionale\/#primaryimage\",\"url\":\"https:\/\/progettotouring.it\/radiotouring104\/wp-content\/uploads\/sites\/6\/2024\/02\/conferenza-stampa-birra-cala.jpeg\",\"contentUrl\":\"https:\/\/progettotouring.it\/radiotouring104\/wp-content\/uploads\/sites\/6\/2024\/02\/conferenza-stampa-birra-cala.jpeg\",\"width\":1600,\"height\":1600},{\"@type\":\"BreadcrumbList\",\"@id\":\"https:\/\/progettotouring.it\/radiotouring104\/2024\/02\/13\/cosenza-giovedi-le-iga-di-calabria-si-presentano-allenoteca-regionale\/#breadcrumb\",\"itemListElement\":[{\"@type\":\"ListItem\",\"position\":1,\"name\":\"Home\",\"item\":\"https:\/\/progettotouring.it\/radiotouring104\/\"},{\"@type\":\"ListItem\",\"position\":2,\"name\":\"Cosenza: giovedi le IGA di Calabria si presentano all\u2019enoteca regionale\"}]},{\"@type\":\"WebSite\",\"@id\":\"https:\/\/progettotouring.it\/radiotouring104\/#website\",\"url\":\"https:\/\/progettotouring.it\/radiotouring104\/\",\"name\":\"Radio Touring 104\",\"description\":\"La prima radio Reggina\",\"publisher\":{\"@id\":\"https:\/\/progettotouring.it\/radiotouring104\/#organization\"},\"potentialAction\":[{\"@type\":\"SearchAction\",\"target\":{\"@type\":\"EntryPoint\",\"urlTemplate\":\"https:\/\/progettotouring.it\/radiotouring104\/?s={search_term_string}\"},\"query-input\":{\"@type\":\"PropertyValueSpecification\",\"valueRequired\":true,\"valueName\":\"search_term_string\"}}],\"inLanguage\":\"it-IT\"},{\"@type\":\"Organization\",\"@id\":\"https:\/\/progettotouring.it\/radiotouring104\/#organization\",\"name\":\"Radio Touring 104\",\"url\":\"https:\/\/progettotouring.it\/radiotouring104\/\",\"logo\":{\"@type\":\"ImageObject\",\"inLanguage\":\"it-IT\",\"@id\":\"https:\/\/progettotouring.it\/radiotouring104\/#\/schema\/logo\/image\/\",\"url\":\"https:\/\/progettotouring.it\/radiotouring104\/wp-content\/uploads\/sites\/6\/2022\/02\/cropped-logo-radio-touring-104.png\",\"contentUrl\":\"https:\/\/progettotouring.it\/radiotouring104\/wp-content\/uploads\/sites\/6\/2022\/02\/cropped-logo-radio-touring-104.png\",\"width\":377,\"height\":182,\"caption\":\"Radio Touring 104\"},\"image\":{\"@id\":\"https:\/\/progettotouring.it\/radiotouring104\/#\/schema\/logo\/image\/\"}},{\"@type\":\"Person\",\"@id\":\"https:\/\/progettotouring.it\/radiotouring104\/#\/schema\/person\/78613917f1851f041f7483f5af1d422e\",\"name\":\"Sebastiano Plutino\",\"image\":{\"@type\":\"ImageObject\",\"inLanguage\":\"it-IT\",\"@id\":\"https:\/\/secure.gravatar.com\/avatar\/0546ffaa9b79224faf9f2a156b67a529ae861d3287c66c1d8ccfdf909bcba78d?s=96&d=mm&r=g\",\"url\":\"https:\/\/secure.gravatar.com\/avatar\/0546ffaa9b79224faf9f2a156b67a529ae861d3287c66c1d8ccfdf909bcba78d?s=96&d=mm&r=g\",\"contentUrl\":\"https:\/\/secure.gravatar.com\/avatar\/0546ffaa9b79224faf9f2a156b67a529ae861d3287c66c1d8ccfdf909bcba78d?s=96&d=mm&r=g\",\"caption\":\"Sebastiano Plutino\"},\"url\":\"https:\/\/progettotouring.it\/radiotouring104\/author\/sebastiano\/\"}]}<\/script>\n<!-- \/ Yoast SEO plugin. -->","yoast_head_json":{"title":"Cosenza: giovedi IGA Calabria si presentano all'enoteca regionale","description":"Si svolger\u00e0 gioved\u00ec 15 febbraio, alle 18, la conferenza stampa, presso l\u2019Enoteca Regionale, nel cuore della Cosenza antica.","robots":{"index":"index","follow":"follow","max-snippet":"max-snippet:-1","max-image-preview":"max-image-preview:large","max-video-preview":"max-video-preview:-1"},"canonical":"https:\/\/progettotouring.it\/radiotouring104\/2024\/02\/13\/cosenza-giovedi-le-iga-di-calabria-si-presentano-allenoteca-regionale\/","og_locale":"it_IT","og_type":"article","og_title":"Cosenza: giovedi IGA Calabria si presentano all'enoteca regionale","og_description":"Si svolger\u00e0 gioved\u00ec 15 febbraio, alle 18, la conferenza stampa, presso l\u2019Enoteca Regionale, nel cuore della Cosenza antica.","og_url":"https:\/\/progettotouring.it\/radiotouring104\/2024\/02\/13\/cosenza-giovedi-le-iga-di-calabria-si-presentano-allenoteca-regionale\/","og_site_name":"Radio Touring 104","article_published_time":"2024-02-13T12:07:41+00:00","og_image":[{"width":1600,"height":1600,"url":"https:\/\/progettotouring.it\/radiotouring104\/wp-content\/uploads\/sites\/6\/2024\/02\/conferenza-stampa-birra-cala.jpeg","type":"image\/jpeg"}],"author":"Sebastiano Plutino","twitter_card":"summary_large_image","twitter_misc":{"Scritto da":"Sebastiano Plutino","Tempo di lettura stimato":"1 minuto"},"schema":{"@context":"https:\/\/schema.org","@graph":[{"@type":"Article","@id":"https:\/\/progettotouring.it\/radiotouring104\/2024\/02\/13\/cosenza-giovedi-le-iga-di-calabria-si-presentano-allenoteca-regionale\/#article","isPartOf":{"@id":"https:\/\/progettotouring.it\/radiotouring104\/2024\/02\/13\/cosenza-giovedi-le-iga-di-calabria-si-presentano-allenoteca-regionale\/"},"author":{"name":"Sebastiano Plutino","@id":"https:\/\/progettotouring.it\/radiotouring104\/#\/schema\/person\/78613917f1851f041f7483f5af1d422e"},"headline":"Cosenza: giovedi le IGA di Calabria si presentano all\u2019enoteca regionale","datePublished":"2024-02-13T12:07:41+00:00","mainEntityOfPage":{"@id":"https:\/\/progettotouring.it\/radiotouring104\/2024\/02\/13\/cosenza-giovedi-le-iga-di-calabria-si-presentano-allenoteca-regionale\/"},"wordCount":251,"publisher":{"@id":"https:\/\/progettotouring.it\/radiotouring104\/#organization"},"image":{"@id":"https:\/\/progettotouring.it\/radiotouring104\/2024\/02\/13\/cosenza-giovedi-le-iga-di-calabria-si-presentano-allenoteca-regionale\/#primaryimage"},"thumbnailUrl":"https:\/\/progettotouring.it\/radiotouring104\/wp-content\/uploads\/sites\/6\/2024\/02\/conferenza-stampa-birra-cala.jpeg","keywords":["Birra Cala.","Cosenza","Enoteca Regionale","IGA di Calabria"],"articleSection":["Calabria","Home","News"],"inLanguage":"it-IT"},{"@type":"WebPage","@id":"https:\/\/progettotouring.it\/radiotouring104\/2024\/02\/13\/cosenza-giovedi-le-iga-di-calabria-si-presentano-allenoteca-regionale\/","url":"https:\/\/progettotouring.it\/radiotouring104\/2024\/02\/13\/cosenza-giovedi-le-iga-di-calabria-si-presentano-allenoteca-regionale\/","name":"Cosenza: giovedi IGA Calabria si presentano all'enoteca regionale","isPartOf":{"@id":"https:\/\/progettotouring.it\/radiotouring104\/#website"},"primaryImageOfPage":{"@id":"https:\/\/progettotouring.it\/radiotouring104\/2024\/02\/13\/cosenza-giovedi-le-iga-di-calabria-si-presentano-allenoteca-regionale\/#primaryimage"},"image":{"@id":"https:\/\/progettotouring.it\/radiotouring104\/2024\/02\/13\/cosenza-giovedi-le-iga-di-calabria-si-presentano-allenoteca-regionale\/#primaryimage"},"thumbnailUrl":"https:\/\/progettotouring.it\/radiotouring104\/wp-content\/uploads\/sites\/6\/2024\/02\/conferenza-stampa-birra-cala.jpeg","datePublished":"2024-02-13T12:07:41+00:00","description":"Si svolger\u00e0 gioved\u00ec 15 febbraio, alle 18, la conferenza stampa, presso l\u2019Enoteca Regionale, nel cuore della Cosenza antica.","breadcrumb":{"@id":"https:\/\/progettotouring.it\/radiotouring104\/2024\/02\/13\/cosenza-giovedi-le-iga-di-calabria-si-presentano-allenoteca-regionale\/#breadcrumb"},"inLanguage":"it-IT","potentialAction":[{"@type":"ReadAction","target":["https:\/\/progettotouring.it\/radiotouring104\/2024\/02\/13\/cosenza-giovedi-le-iga-di-calabria-si-presentano-allenoteca-regionale\/"]}]},{"@type":"ImageObject","inLanguage":"it-IT","@id":"https:\/\/progettotouring.it\/radiotouring104\/2024\/02\/13\/cosenza-giovedi-le-iga-di-calabria-si-presentano-allenoteca-regionale\/#primaryimage","url":"https:\/\/progettotouring.it\/radiotouring104\/wp-content\/uploads\/sites\/6\/2024\/02\/conferenza-stampa-birra-cala.jpeg","contentUrl":"https:\/\/progettotouring.it\/radiotouring104\/wp-content\/uploads\/sites\/6\/2024\/02\/conferenza-stampa-birra-cala.jpeg","width":1600,"height":1600},{"@type":"BreadcrumbList","@id":"https:\/\/progettotouring.it\/radiotouring104\/2024\/02\/13\/cosenza-giovedi-le-iga-di-calabria-si-presentano-allenoteca-regionale\/#breadcrumb","itemListElement":[{"@type":"ListItem","position":1,"name":"Home","item":"https:\/\/progettotouring.it\/radiotouring104\/"},{"@type":"ListItem","position":2,"name":"Cosenza: giovedi le IGA di Calabria si presentano all\u2019enoteca regionale"}]},{"@type":"WebSite","@id":"https:\/\/progettotouring.it\/radiotouring104\/#website","url":"https:\/\/progettotouring.it\/radiotouring104\/","name":"Radio Touring 104","description":"La prima radio Reggina","publisher":{"@id":"https:\/\/progettotouring.it\/radiotouring104\/#organization"},"potentialAction":[{"@type":"SearchAction","target":{"@type":"EntryPoint","urlTemplate":"https:\/\/progettotouring.it\/radiotouring104\/?s={search_term_string}"},"query-input":{"@type":"PropertyValueSpecification","valueRequired":true,"valueName":"search_term_string"}}],"inLanguage":"it-IT"},{"@type":"Organization","@id":"https:\/\/progettotouring.it\/radiotouring104\/#organization","name":"Radio Touring 104","url":"https:\/\/progettotouring.it\/radiotouring104\/","logo":{"@type":"ImageObject","inLanguage":"it-IT","@id":"https:\/\/progettotouring.it\/radiotouring104\/#\/schema\/logo\/image\/","url":"https:\/\/progettotouring.it\/radiotouring104\/wp-content\/uploads\/sites\/6\/2022\/02\/cropped-logo-radio-touring-104.png","contentUrl":"https:\/\/progettotouring.it\/radiotouring104\/wp-content\/uploads\/sites\/6\/2022\/02\/cropped-logo-radio-touring-104.png","width":377,"height":182,"caption":"Radio Touring 104"},"image":{"@id":"https:\/\/progettotouring.it\/radiotouring104\/#\/schema\/logo\/image\/"}},{"@type":"Person","@id":"https:\/\/progettotouring.it\/radiotouring104\/#\/schema\/person\/78613917f1851f041f7483f5af1d422e","name":"Sebastiano Plutino","image":{"@type":"ImageObject","inLanguage":"it-IT","@id":"https:\/\/secure.gravatar.com\/avatar\/0546ffaa9b79224faf9f2a156b67a529ae861d3287c66c1d8ccfdf909bcba78d?s=96&d=mm&r=g","url":"https:\/\/secure.gravatar.com\/avatar\/0546ffaa9b79224faf9f2a156b67a529ae861d3287c66c1d8ccfdf909bcba78d?s=96&d=mm&r=g","contentUrl":"https:\/\/secure.gravatar.com\/avatar\/0546ffaa9b79224faf9f2a156b67a529ae861d3287c66c1d8ccfdf909bcba78d?s=96&d=mm&r=g","caption":"Sebastiano Plutino"},"url":"https:\/\/progettotouring.it\/radiotouring104\/author\/sebastiano\/"}]}},"jetpack_publicize_connections":[],"jetpack_featured_media_url":"https:\/\/progettotouring.it\/radiotouring104\/wp-content\/uploads\/sites\/6\/2024\/02\/conferenza-stampa-birra-cala.jpeg","jetpack_sharing_enabled":true,"_links":{"self":[{"href":"https:\/\/progettotouring.it\/radiotouring104\/wp-json\/wp\/v2\/posts\/44591","targetHints":{"allow":["GET"]}}],"collection":[{"href":"https:\/\/progettotouring.it\/radiotouring104\/wp-json\/wp\/v2\/posts"}],"about":[{"href":"https:\/\/progettotouring.it\/radiotouring104\/wp-json\/wp\/v2\/types\/post"}],"author":[{"embeddable":true,"href":"https:\/\/progettotouring.it\/radiotouring104\/wp-json\/wp\/v2\/users\/12"}],"replies":[{"embeddable":true,"href":"https:\/\/progettotouring.it\/radiotouring104\/wp-json\/wp\/v2\/comments?post=44591"}],"version-history":[{"count":1,"href":"https:\/\/progettotouring.it\/radiotouring104\/wp-json\/wp\/v2\/posts\/44591\/revisions"}],"predecessor-version":[{"id":44593,"href":"https:\/\/progettotouring.it\/radiotouring104\/wp-json\/wp\/v2\/posts\/44591\/revisions\/44593"}],"wp:featuredmedia":[{"embeddable":true,"href":"https:\/\/progettotouring.it\/radiotouring104\/wp-json\/wp\/v2\/media\/44592"}],"wp:attachment":[{"href":"https:\/\/progettotouring.it\/radiotouring104\/wp-json\/wp\/v2\/media?parent=44591"}],"wp:term":[{"taxonomy":"category","embeddable":true,"href":"https:\/\/progettotouring.it\/radiotouring104\/wp-json\/wp\/v2\/categories?post=44591"},{"taxonomy":"post_tag","embeddable":true,"href":"https:\/\/progettotouring.it\/radiotouring104\/wp-json\/wp\/v2\/tags?post=44591"}],"curies":[{"name":"wp","href":"https:\/\/api.w.org\/{rel}","templated":true}]}}