{"id":44597,"date":"2024-02-14T09:13:42","date_gmt":"2024-02-14T08:13:42","guid":{"rendered":"https:\/\/progettotouring.it\/radiotouring104\/?p=44597"},"modified":"2024-02-14T09:13:42","modified_gmt":"2024-02-14T08:13:42","slug":"reggio-9-arresti-e-sequestrati-11-appartamenti-per-gestione-illecita-alloggi-popolari","status":"publish","type":"post","link":"https:\/\/progettotouring.it\/radiotouring104\/2024\/02\/14\/reggio-9-arresti-e-sequestrati-11-appartamenti-per-gestione-illecita-alloggi-popolari\/","title":{"rendered":"Reggio: 9 arresti e sequestrati 11 appartamenti per gestione illecita alloggi popolari"},"content":{"rendered":"<p style=\"text-align: justify\"><strong>Questa mattina,<\/strong> alle prime luci dell\u2019alba<strong>, i Carabinieri<\/strong> del Comando Provinciale di Reggio Calabria, a conclusione di indagini coordinate dalla Procura della Repubblica di Reggio Calabria \u2013 Direzione Distrettuale Antimafia, diretta dal Procuratore Giovanni Bombardieri,<strong> nell\u2019ambito dell\u2019operazione denominata<\/strong> \u201c<em>CASE POPOLARI<\/em>\u201d, <strong>hanno dato esecuzione ad ordinanza<\/strong> cautelare personale, emessa dal GIP del Tribunale di Reggio Calabria, <strong>nei confronti di 9 persone,<\/strong> di cui, due destinatarie della misura della custodia cautelare in carcere e sette della misura degli arresti domiciliari, <strong>in quanto ritenute responsabili di<\/strong> aver preso parte, con vari ruoli, ad una<strong> associazione per delinquere finalizzata all\u2019illecita gestione di immobili di edilizia popolare<\/strong> ed alla commissione di condotte estorsive. Inoltre, <strong>il Gip<\/strong>, in accoglimento della richiesta cautelare, <strong>ha disposto il sequestro preventivo di 11 appartamenti di edilizia popolare<\/strong> illecitamente assegnati e occupati anche da alcuni degli odierni indagati.<\/p>\n<p style=\"text-align: justify\"><strong>Il provvedimento costituisce l\u2019esito di una complessa attivit\u00e0 investigativa<\/strong> condotta dal Nucleo Investigativo del Comando Provinciale di Reggio Calabria e dalla Compagnia Carabinieri di Villa San Giovanni, <strong>che ha visto i suoi albori nell\u2019anno 2016,<\/strong> per poi proseguire fino ad epoca recente, anche con il contributo della Squadra Mobile di Reggio Calabria, diretta dalla Procura della Repubblica di Reggio Calabria, e che ha riguardato complessivamente, a vario titolo, 37 indagati.<\/p>\n<p style=\"text-align: justify\">L\u2019attivit\u00e0 investigativa ha fatto luce su una situazione di malaffare che aveva come settore preferenziale quello della gestione degli alloggi di edilizia popolare di propriet\u00e0 del Comune di Reggio Calabria e dell\u2019A.T.E.R.P. (Azienda territoriale edilizia residenziale pubblica), consentendo di acclarare come il sodalizio criminale fosse capeggiato da due pregiudicati reggini, uno dei quali gi\u00e0 riconosciuto quale appartenente alla \u2018<em>ndrangheta, <\/em>all\u2019esito di pronunce giurisdizionali definitive.<\/p>\n<p style=\"text-align: justify\"><strong>Le indagini,<\/strong> condotte sia con le classiche tecniche investigative che con le pi\u00f9 moderne attivit\u00e0 d\u2019intercettazione, hanno offerto uno spaccato di rara chiarezza in ordine alla particolare <strong>operativit\u00e0 degli odierni indagati nella gestione ed assegnazione illecita di immobili<\/strong> di edilizia popolare, soprattutto nel quartiere \u201cSanta Caterina\u201d di Reggio Calabria.<\/p>\n<p style=\"text-align: justify\">L\u2019associazione poteva, anche, contare sull\u2019apporto fornito da alcune figure interne alla Pubblica Amministrazione, tra le quali, spiccava quella di ex una dirigente dell\u2019A.T.E.R.P., all\u2019epoca in servizio presso la sede di Reggio Calabria, a disposizione della consorteria, che si dimostrava in grado di \u201cpilotare\u201d la concessione degli immobili, ideando e suggerendo le modalit\u00e0 migliori per realizzare le finalit\u00e0 illecite dell\u2019associazione.<\/p>\n<p style=\"text-align: justify\">Tale mercificazione della funzione pubblica garantiva un forte <em>appeal<\/em> al sodalizio, potendo contare sulla cd. \u201cregolarizzazione\u201d della posizione dell\u2019acquirente, che, dapprima, occupava abusivamente l\u2019immobile e, in un secondo momento, grazie ai rapporti con i pubblici dipendenti, ne diveniva legittimo assegnatario. Attraverso questo sistema i \u201cclienti\u201d potevano cos\u00ec acquistare un\u2019abitazione non commerciabile ad un prezzo certamente pi\u00f9 competitivo rispetto a quello di mercato, nondimeno privandone della disponibilit\u00e0 cittadini e famiglie bisognosi.<\/p>\n<p style=\"text-align: justify\">A disposizione dell\u2019associazione criminale vi era, inoltre, un dipendente del Comune di Reggio Calabria, il quale individuava gli immobili popolari, li segnalava ad uno dei promotori del sodalizio e ne cedeva le chiavi, dietro versamento di denaro, nonch\u00e9 si adoperava nella procedura amministrativa di regolarizzazione, predisponendo anche la falsa documentazione attestante la residenza dei futuri acquirenti ed interloquendo con altri soggetti interni all\u2019amministrazione per incidere illecitamente sul procedimento di assegnazione.<\/p>\n<p style=\"text-align: justify\">Nel corso del procedimento penale emergevano elementi indiziari anche nei confronti di un appartenente alla Polizia Municipale del Comune di Reggio Calabria, non destinatario di misura cautelare bens\u00ec di perquisizione personale e locale, che, in pi\u00f9 di una occasione, dietro il versamento di somma di denaro, avrebbe falsificato documentazione afferente al suo Ufficio, al fine di venire incontro ai desiderata di uno dei capi promotori.<\/p>\n<p style=\"text-align: justify\">Inoltre, \u00e8 stata riscontrata la responsabilit\u00e0 dei promotori del sodalizio anche in relazione al reato di estorsione poich\u00e9, con minacce e violenze perpetrate nei confronti di un cittadino, lo costringevano a liberare un appartamento che aveva occupato abusivamente e che era d\u2019interesse dell\u2019associazione.<\/p>\n<p style=\"text-align: justify\">Si segnala, altres\u00ec, come, nel corso dell\u2019attivit\u00e0 di indagine, siano emersi plurimi elementi relativi alla commissione di reati in materia di sostanze stupefacenti, sia del tipo cocaina che marijuana.<\/p>\n<p style=\"text-align: justify\">All\u2019esito dell\u2019attivit\u00e0 di esecuzione della ordinanza del Gip, accompagnata dall\u2019esecuzione di perquisizioni personali e locali, i due destinatari della misura della custodia cautelare in carcere sono stati associati presso la Casa Circondariale di Reggio Calabria, mentre i restanti 7 indagati sono stati collocati presso i rispettivi domicili a disposizione dell\u2019Autorit\u00e0 Giudiziaria.<\/p>\n<p style=\"text-align: justify\">Inoltre, cos\u00ec come disposto dal Gip, sono stati sottoposti a sequestro preventivo 11 appartamenti di edilizia popolare illecitamente assegnati.<\/p>\n<p style=\"text-align: justify\">Contestualmente, si \u00e8 proceduto a dare esecuzione a 20 decreti di perquisizione personale e domiciliare nei confronti di soggetti indagati, a vario titolo, nel presente procedimento penale.<\/p>\n<p style=\"text-align: justify\">Il procedimento \u00e8 attualmente pendente nella fase delle indagini preliminari e l\u2019effettiva responsabilit\u00e0 delle persone deferite sar\u00e0 vagliata nel corso del successivo processo. Non si escludono ulteriori sviluppi investigativi e probatori, anche in favore delle persone sottoposte ad indagini.<\/p>\n","protected":false},"excerpt":{"rendered":"<p>Questa mattina, alle prime luci dell\u2019alba, i Carabinieri del Comando Provinciale di Reggio Calabria, a conclusione di indagini coordinate dalla Procura della Repubblica di Reggio Calabria \u2013 Direzione Distrettuale Antimafia,&hellip;<\/p>\n","protected":false},"author":12,"featured_media":44598,"comment_status":"closed","ping_status":"open","sticky":false,"template":"","format":"standard","meta":{"_jetpack_memberships_contains_paid_content":false,"footnotes":"","jetpack_publicize_message":"","jetpack_publicize_feature_enabled":true,"jetpack_social_post_already_shared":false,"jetpack_social_options":{"image_generator_settings":{"template":"highway","default_image_id":0,"font":"","enabled":false},"version":2}},"categories":[921,150,196,140],"tags":[27512,27516,8809,365,27514,27515,7177,27513],"class_list":["post-44597","post","type-post","status-publish","format-standard","has-post-thumbnail","hentry","category-home","category-in-primo-piano","category-news","category-reggio-calabria","tag-9-arresti","tag-associazione-per-delinquere","tag-carabinieri-del-comando-provinciale-di-reggio-calabria","tag-estorsione","tag-gestione-illecita-alloggi-popolari","tag-operazione-case-popolari","tag-procuratore-giovanni-bombardieri","tag-sequestrati-11-appartamenti"],"yoast_head":"<!-- This site is optimized with the Yoast SEO plugin v27.2 - https:\/\/yoast.com\/product\/yoast-seo-wordpress\/ -->\n<title>Reggio: gestione illecita di alloggi popolari, 9 arresti<\/title>\n<meta name=\"description\" content=\"I Carabinieri stamattina hanno eseguito 9 arresti, di cui 2 in carcere, e sequestrato 11 appartamenti per gestione illecita alloggi popolari\" \/>\n<meta name=\"robots\" content=\"index, follow, max-snippet:-1, max-image-preview:large, max-video-preview:-1\" \/>\n<link rel=\"canonical\" href=\"https:\/\/progettotouring.it\/radiotouring104\/2024\/02\/14\/reggio-9-arresti-e-sequestrati-11-appartamenti-per-gestione-illecita-alloggi-popolari\/\" \/>\n<meta property=\"og:locale\" content=\"it_IT\" \/>\n<meta property=\"og:type\" content=\"article\" \/>\n<meta property=\"og:title\" content=\"Reggio: gestione illecita di alloggi popolari, 9 arresti\" \/>\n<meta property=\"og:description\" content=\"I Carabinieri stamattina hanno eseguito 9 arresti, di cui 2 in carcere, e sequestrato 11 appartamenti per gestione illecita alloggi popolari\" \/>\n<meta property=\"og:url\" content=\"https:\/\/progettotouring.it\/radiotouring104\/2024\/02\/14\/reggio-9-arresti-e-sequestrati-11-appartamenti-per-gestione-illecita-alloggi-popolari\/\" \/>\n<meta property=\"og:site_name\" content=\"Radio Touring 104\" \/>\n<meta property=\"article:published_time\" content=\"2024-02-14T08:13:42+00:00\" \/>\n<meta property=\"og:image\" content=\"https:\/\/progettotouring.it\/radiotouring104\/wp-content\/uploads\/sites\/6\/2024\/02\/Palazzo-Giustizia-Carabinieri.jpg\" \/>\n\t<meta property=\"og:image:width\" content=\"1725\" \/>\n\t<meta property=\"og:image:height\" content=\"1065\" \/>\n\t<meta property=\"og:image:type\" content=\"image\/jpeg\" \/>\n<meta name=\"author\" content=\"Sebastiano Plutino\" \/>\n<meta name=\"twitter:card\" content=\"summary_large_image\" \/>\n<meta name=\"twitter:label1\" content=\"Scritto da\" \/>\n\t<meta name=\"twitter:data1\" content=\"Sebastiano Plutino\" \/>\n\t<meta name=\"twitter:label2\" content=\"Tempo di lettura stimato\" \/>\n\t<meta name=\"twitter:data2\" content=\"4 minuti\" \/>\n<script type=\"application\/ld+json\" class=\"yoast-schema-graph\">{\"@context\":\"https:\/\/schema.org\",\"@graph\":[{\"@type\":\"Article\",\"@id\":\"https:\/\/progettotouring.it\/radiotouring104\/2024\/02\/14\/reggio-9-arresti-e-sequestrati-11-appartamenti-per-gestione-illecita-alloggi-popolari\/#article\",\"isPartOf\":{\"@id\":\"https:\/\/progettotouring.it\/radiotouring104\/2024\/02\/14\/reggio-9-arresti-e-sequestrati-11-appartamenti-per-gestione-illecita-alloggi-popolari\/\"},\"author\":{\"name\":\"Sebastiano Plutino\",\"@id\":\"https:\/\/progettotouring.it\/radiotouring104\/#\/schema\/person\/78613917f1851f041f7483f5af1d422e\"},\"headline\":\"Reggio: 9 arresti e sequestrati 11 appartamenti per gestione illecita alloggi popolari\",\"datePublished\":\"2024-02-14T08:13:42+00:00\",\"mainEntityOfPage\":{\"@id\":\"https:\/\/progettotouring.it\/radiotouring104\/2024\/02\/14\/reggio-9-arresti-e-sequestrati-11-appartamenti-per-gestione-illecita-alloggi-popolari\/\"},\"wordCount\":827,\"publisher\":{\"@id\":\"https:\/\/progettotouring.it\/radiotouring104\/#organization\"},\"image\":{\"@id\":\"https:\/\/progettotouring.it\/radiotouring104\/2024\/02\/14\/reggio-9-arresti-e-sequestrati-11-appartamenti-per-gestione-illecita-alloggi-popolari\/#primaryimage\"},\"thumbnailUrl\":\"https:\/\/progettotouring.it\/radiotouring104\/wp-content\/uploads\/sites\/6\/2024\/02\/Palazzo-Giustizia-Carabinieri.jpg\",\"keywords\":[\"9 arresti\",\"associazione per delinquere\",\"Carabinieri del Comando Provinciale di Reggio Calabria\",\"estorsione\",\"gestione illecita alloggi popolari\",\"operazione \u201cCASE POPOLARI\u201d\",\"Procuratore Giovanni Bombardieri\",\"sequestrati 11 appartamenti\"],\"articleSection\":[\"Home\",\"In primo piano\",\"News\",\"Reggio Calabria\"],\"inLanguage\":\"it-IT\"},{\"@type\":\"WebPage\",\"@id\":\"https:\/\/progettotouring.it\/radiotouring104\/2024\/02\/14\/reggio-9-arresti-e-sequestrati-11-appartamenti-per-gestione-illecita-alloggi-popolari\/\",\"url\":\"https:\/\/progettotouring.it\/radiotouring104\/2024\/02\/14\/reggio-9-arresti-e-sequestrati-11-appartamenti-per-gestione-illecita-alloggi-popolari\/\",\"name\":\"Reggio: gestione illecita di alloggi popolari, 9 arresti\",\"isPartOf\":{\"@id\":\"https:\/\/progettotouring.it\/radiotouring104\/#website\"},\"primaryImageOfPage\":{\"@id\":\"https:\/\/progettotouring.it\/radiotouring104\/2024\/02\/14\/reggio-9-arresti-e-sequestrati-11-appartamenti-per-gestione-illecita-alloggi-popolari\/#primaryimage\"},\"image\":{\"@id\":\"https:\/\/progettotouring.it\/radiotouring104\/2024\/02\/14\/reggio-9-arresti-e-sequestrati-11-appartamenti-per-gestione-illecita-alloggi-popolari\/#primaryimage\"},\"thumbnailUrl\":\"https:\/\/progettotouring.it\/radiotouring104\/wp-content\/uploads\/sites\/6\/2024\/02\/Palazzo-Giustizia-Carabinieri.jpg\",\"datePublished\":\"2024-02-14T08:13:42+00:00\",\"description\":\"I Carabinieri stamattina hanno eseguito 9 arresti, di cui 2 in carcere, e sequestrato 11 appartamenti per gestione illecita alloggi popolari\",\"breadcrumb\":{\"@id\":\"https:\/\/progettotouring.it\/radiotouring104\/2024\/02\/14\/reggio-9-arresti-e-sequestrati-11-appartamenti-per-gestione-illecita-alloggi-popolari\/#breadcrumb\"},\"inLanguage\":\"it-IT\",\"potentialAction\":[{\"@type\":\"ReadAction\",\"target\":[\"https:\/\/progettotouring.it\/radiotouring104\/2024\/02\/14\/reggio-9-arresti-e-sequestrati-11-appartamenti-per-gestione-illecita-alloggi-popolari\/\"]}]},{\"@type\":\"ImageObject\",\"inLanguage\":\"it-IT\",\"@id\":\"https:\/\/progettotouring.it\/radiotouring104\/2024\/02\/14\/reggio-9-arresti-e-sequestrati-11-appartamenti-per-gestione-illecita-alloggi-popolari\/#primaryimage\",\"url\":\"https:\/\/progettotouring.it\/radiotouring104\/wp-content\/uploads\/sites\/6\/2024\/02\/Palazzo-Giustizia-Carabinieri.jpg\",\"contentUrl\":\"https:\/\/progettotouring.it\/radiotouring104\/wp-content\/uploads\/sites\/6\/2024\/02\/Palazzo-Giustizia-Carabinieri.jpg\",\"width\":1725,\"height\":1065},{\"@type\":\"BreadcrumbList\",\"@id\":\"https:\/\/progettotouring.it\/radiotouring104\/2024\/02\/14\/reggio-9-arresti-e-sequestrati-11-appartamenti-per-gestione-illecita-alloggi-popolari\/#breadcrumb\",\"itemListElement\":[{\"@type\":\"ListItem\",\"position\":1,\"name\":\"Home\",\"item\":\"https:\/\/progettotouring.it\/radiotouring104\/\"},{\"@type\":\"ListItem\",\"position\":2,\"name\":\"Reggio: 9 arresti e sequestrati 11 appartamenti per gestione illecita alloggi popolari\"}]},{\"@type\":\"WebSite\",\"@id\":\"https:\/\/progettotouring.it\/radiotouring104\/#website\",\"url\":\"https:\/\/progettotouring.it\/radiotouring104\/\",\"name\":\"Radio Touring 104\",\"description\":\"La prima radio Reggina\",\"publisher\":{\"@id\":\"https:\/\/progettotouring.it\/radiotouring104\/#organization\"},\"potentialAction\":[{\"@type\":\"SearchAction\",\"target\":{\"@type\":\"EntryPoint\",\"urlTemplate\":\"https:\/\/progettotouring.it\/radiotouring104\/?s={search_term_string}\"},\"query-input\":{\"@type\":\"PropertyValueSpecification\",\"valueRequired\":true,\"valueName\":\"search_term_string\"}}],\"inLanguage\":\"it-IT\"},{\"@type\":\"Organization\",\"@id\":\"https:\/\/progettotouring.it\/radiotouring104\/#organization\",\"name\":\"Radio Touring 104\",\"url\":\"https:\/\/progettotouring.it\/radiotouring104\/\",\"logo\":{\"@type\":\"ImageObject\",\"inLanguage\":\"it-IT\",\"@id\":\"https:\/\/progettotouring.it\/radiotouring104\/#\/schema\/logo\/image\/\",\"url\":\"https:\/\/progettotouring.it\/radiotouring104\/wp-content\/uploads\/sites\/6\/2022\/02\/cropped-logo-radio-touring-104.png\",\"contentUrl\":\"https:\/\/progettotouring.it\/radiotouring104\/wp-content\/uploads\/sites\/6\/2022\/02\/cropped-logo-radio-touring-104.png\",\"width\":377,\"height\":182,\"caption\":\"Radio Touring 104\"},\"image\":{\"@id\":\"https:\/\/progettotouring.it\/radiotouring104\/#\/schema\/logo\/image\/\"}},{\"@type\":\"Person\",\"@id\":\"https:\/\/progettotouring.it\/radiotouring104\/#\/schema\/person\/78613917f1851f041f7483f5af1d422e\",\"name\":\"Sebastiano Plutino\",\"image\":{\"@type\":\"ImageObject\",\"inLanguage\":\"it-IT\",\"@id\":\"https:\/\/secure.gravatar.com\/avatar\/0546ffaa9b79224faf9f2a156b67a529ae861d3287c66c1d8ccfdf909bcba78d?s=96&d=mm&r=g\",\"url\":\"https:\/\/secure.gravatar.com\/avatar\/0546ffaa9b79224faf9f2a156b67a529ae861d3287c66c1d8ccfdf909bcba78d?s=96&d=mm&r=g\",\"contentUrl\":\"https:\/\/secure.gravatar.com\/avatar\/0546ffaa9b79224faf9f2a156b67a529ae861d3287c66c1d8ccfdf909bcba78d?s=96&d=mm&r=g\",\"caption\":\"Sebastiano Plutino\"},\"url\":\"https:\/\/progettotouring.it\/radiotouring104\/author\/sebastiano\/\"}]}<\/script>\n<!-- \/ Yoast SEO plugin. -->","yoast_head_json":{"title":"Reggio: gestione illecita di alloggi popolari, 9 arresti","description":"I Carabinieri stamattina hanno eseguito 9 arresti, di cui 2 in carcere, e sequestrato 11 appartamenti per gestione illecita alloggi popolari","robots":{"index":"index","follow":"follow","max-snippet":"max-snippet:-1","max-image-preview":"max-image-preview:large","max-video-preview":"max-video-preview:-1"},"canonical":"https:\/\/progettotouring.it\/radiotouring104\/2024\/02\/14\/reggio-9-arresti-e-sequestrati-11-appartamenti-per-gestione-illecita-alloggi-popolari\/","og_locale":"it_IT","og_type":"article","og_title":"Reggio: gestione illecita di alloggi popolari, 9 arresti","og_description":"I Carabinieri stamattina hanno eseguito 9 arresti, di cui 2 in carcere, e sequestrato 11 appartamenti per gestione illecita alloggi popolari","og_url":"https:\/\/progettotouring.it\/radiotouring104\/2024\/02\/14\/reggio-9-arresti-e-sequestrati-11-appartamenti-per-gestione-illecita-alloggi-popolari\/","og_site_name":"Radio Touring 104","article_published_time":"2024-02-14T08:13:42+00:00","og_image":[{"width":1725,"height":1065,"url":"https:\/\/progettotouring.it\/radiotouring104\/wp-content\/uploads\/sites\/6\/2024\/02\/Palazzo-Giustizia-Carabinieri.jpg","type":"image\/jpeg"}],"author":"Sebastiano Plutino","twitter_card":"summary_large_image","twitter_misc":{"Scritto da":"Sebastiano Plutino","Tempo di lettura stimato":"4 minuti"},"schema":{"@context":"https:\/\/schema.org","@graph":[{"@type":"Article","@id":"https:\/\/progettotouring.it\/radiotouring104\/2024\/02\/14\/reggio-9-arresti-e-sequestrati-11-appartamenti-per-gestione-illecita-alloggi-popolari\/#article","isPartOf":{"@id":"https:\/\/progettotouring.it\/radiotouring104\/2024\/02\/14\/reggio-9-arresti-e-sequestrati-11-appartamenti-per-gestione-illecita-alloggi-popolari\/"},"author":{"name":"Sebastiano Plutino","@id":"https:\/\/progettotouring.it\/radiotouring104\/#\/schema\/person\/78613917f1851f041f7483f5af1d422e"},"headline":"Reggio: 9 arresti e sequestrati 11 appartamenti per gestione illecita alloggi popolari","datePublished":"2024-02-14T08:13:42+00:00","mainEntityOfPage":{"@id":"https:\/\/progettotouring.it\/radiotouring104\/2024\/02\/14\/reggio-9-arresti-e-sequestrati-11-appartamenti-per-gestione-illecita-alloggi-popolari\/"},"wordCount":827,"publisher":{"@id":"https:\/\/progettotouring.it\/radiotouring104\/#organization"},"image":{"@id":"https:\/\/progettotouring.it\/radiotouring104\/2024\/02\/14\/reggio-9-arresti-e-sequestrati-11-appartamenti-per-gestione-illecita-alloggi-popolari\/#primaryimage"},"thumbnailUrl":"https:\/\/progettotouring.it\/radiotouring104\/wp-content\/uploads\/sites\/6\/2024\/02\/Palazzo-Giustizia-Carabinieri.jpg","keywords":["9 arresti","associazione per delinquere","Carabinieri del Comando Provinciale di Reggio Calabria","estorsione","gestione illecita alloggi popolari","operazione \u201cCASE POPOLARI\u201d","Procuratore Giovanni Bombardieri","sequestrati 11 appartamenti"],"articleSection":["Home","In primo piano","News","Reggio Calabria"],"inLanguage":"it-IT"},{"@type":"WebPage","@id":"https:\/\/progettotouring.it\/radiotouring104\/2024\/02\/14\/reggio-9-arresti-e-sequestrati-11-appartamenti-per-gestione-illecita-alloggi-popolari\/","url":"https:\/\/progettotouring.it\/radiotouring104\/2024\/02\/14\/reggio-9-arresti-e-sequestrati-11-appartamenti-per-gestione-illecita-alloggi-popolari\/","name":"Reggio: gestione illecita di alloggi popolari, 9 arresti","isPartOf":{"@id":"https:\/\/progettotouring.it\/radiotouring104\/#website"},"primaryImageOfPage":{"@id":"https:\/\/progettotouring.it\/radiotouring104\/2024\/02\/14\/reggio-9-arresti-e-sequestrati-11-appartamenti-per-gestione-illecita-alloggi-popolari\/#primaryimage"},"image":{"@id":"https:\/\/progettotouring.it\/radiotouring104\/2024\/02\/14\/reggio-9-arresti-e-sequestrati-11-appartamenti-per-gestione-illecita-alloggi-popolari\/#primaryimage"},"thumbnailUrl":"https:\/\/progettotouring.it\/radiotouring104\/wp-content\/uploads\/sites\/6\/2024\/02\/Palazzo-Giustizia-Carabinieri.jpg","datePublished":"2024-02-14T08:13:42+00:00","description":"I Carabinieri stamattina hanno eseguito 9 arresti, di cui 2 in carcere, e sequestrato 11 appartamenti per gestione illecita alloggi popolari","breadcrumb":{"@id":"https:\/\/progettotouring.it\/radiotouring104\/2024\/02\/14\/reggio-9-arresti-e-sequestrati-11-appartamenti-per-gestione-illecita-alloggi-popolari\/#breadcrumb"},"inLanguage":"it-IT","potentialAction":[{"@type":"ReadAction","target":["https:\/\/progettotouring.it\/radiotouring104\/2024\/02\/14\/reggio-9-arresti-e-sequestrati-11-appartamenti-per-gestione-illecita-alloggi-popolari\/"]}]},{"@type":"ImageObject","inLanguage":"it-IT","@id":"https:\/\/progettotouring.it\/radiotouring104\/2024\/02\/14\/reggio-9-arresti-e-sequestrati-11-appartamenti-per-gestione-illecita-alloggi-popolari\/#primaryimage","url":"https:\/\/progettotouring.it\/radiotouring104\/wp-content\/uploads\/sites\/6\/2024\/02\/Palazzo-Giustizia-Carabinieri.jpg","contentUrl":"https:\/\/progettotouring.it\/radiotouring104\/wp-content\/uploads\/sites\/6\/2024\/02\/Palazzo-Giustizia-Carabinieri.jpg","width":1725,"height":1065},{"@type":"BreadcrumbList","@id":"https:\/\/progettotouring.it\/radiotouring104\/2024\/02\/14\/reggio-9-arresti-e-sequestrati-11-appartamenti-per-gestione-illecita-alloggi-popolari\/#breadcrumb","itemListElement":[{"@type":"ListItem","position":1,"name":"Home","item":"https:\/\/progettotouring.it\/radiotouring104\/"},{"@type":"ListItem","position":2,"name":"Reggio: 9 arresti e sequestrati 11 appartamenti per gestione illecita alloggi popolari"}]},{"@type":"WebSite","@id":"https:\/\/progettotouring.it\/radiotouring104\/#website","url":"https:\/\/progettotouring.it\/radiotouring104\/","name":"Radio Touring 104","description":"La prima radio Reggina","publisher":{"@id":"https:\/\/progettotouring.it\/radiotouring104\/#organization"},"potentialAction":[{"@type":"SearchAction","target":{"@type":"EntryPoint","urlTemplate":"https:\/\/progettotouring.it\/radiotouring104\/?s={search_term_string}"},"query-input":{"@type":"PropertyValueSpecification","valueRequired":true,"valueName":"search_term_string"}}],"inLanguage":"it-IT"},{"@type":"Organization","@id":"https:\/\/progettotouring.it\/radiotouring104\/#organization","name":"Radio Touring 104","url":"https:\/\/progettotouring.it\/radiotouring104\/","logo":{"@type":"ImageObject","inLanguage":"it-IT","@id":"https:\/\/progettotouring.it\/radiotouring104\/#\/schema\/logo\/image\/","url":"https:\/\/progettotouring.it\/radiotouring104\/wp-content\/uploads\/sites\/6\/2022\/02\/cropped-logo-radio-touring-104.png","contentUrl":"https:\/\/progettotouring.it\/radiotouring104\/wp-content\/uploads\/sites\/6\/2022\/02\/cropped-logo-radio-touring-104.png","width":377,"height":182,"caption":"Radio Touring 104"},"image":{"@id":"https:\/\/progettotouring.it\/radiotouring104\/#\/schema\/logo\/image\/"}},{"@type":"Person","@id":"https:\/\/progettotouring.it\/radiotouring104\/#\/schema\/person\/78613917f1851f041f7483f5af1d422e","name":"Sebastiano Plutino","image":{"@type":"ImageObject","inLanguage":"it-IT","@id":"https:\/\/secure.gravatar.com\/avatar\/0546ffaa9b79224faf9f2a156b67a529ae861d3287c66c1d8ccfdf909bcba78d?s=96&d=mm&r=g","url":"https:\/\/secure.gravatar.com\/avatar\/0546ffaa9b79224faf9f2a156b67a529ae861d3287c66c1d8ccfdf909bcba78d?s=96&d=mm&r=g","contentUrl":"https:\/\/secure.gravatar.com\/avatar\/0546ffaa9b79224faf9f2a156b67a529ae861d3287c66c1d8ccfdf909bcba78d?s=96&d=mm&r=g","caption":"Sebastiano Plutino"},"url":"https:\/\/progettotouring.it\/radiotouring104\/author\/sebastiano\/"}]}},"jetpack_publicize_connections":[],"jetpack_featured_media_url":"https:\/\/progettotouring.it\/radiotouring104\/wp-content\/uploads\/sites\/6\/2024\/02\/Palazzo-Giustizia-Carabinieri.jpg","jetpack_sharing_enabled":true,"_links":{"self":[{"href":"https:\/\/progettotouring.it\/radiotouring104\/wp-json\/wp\/v2\/posts\/44597","targetHints":{"allow":["GET"]}}],"collection":[{"href":"https:\/\/progettotouring.it\/radiotouring104\/wp-json\/wp\/v2\/posts"}],"about":[{"href":"https:\/\/progettotouring.it\/radiotouring104\/wp-json\/wp\/v2\/types\/post"}],"author":[{"embeddable":true,"href":"https:\/\/progettotouring.it\/radiotouring104\/wp-json\/wp\/v2\/users\/12"}],"replies":[{"embeddable":true,"href":"https:\/\/progettotouring.it\/radiotouring104\/wp-json\/wp\/v2\/comments?post=44597"}],"version-history":[{"count":1,"href":"https:\/\/progettotouring.it\/radiotouring104\/wp-json\/wp\/v2\/posts\/44597\/revisions"}],"predecessor-version":[{"id":44599,"href":"https:\/\/progettotouring.it\/radiotouring104\/wp-json\/wp\/v2\/posts\/44597\/revisions\/44599"}],"wp:featuredmedia":[{"embeddable":true,"href":"https:\/\/progettotouring.it\/radiotouring104\/wp-json\/wp\/v2\/media\/44598"}],"wp:attachment":[{"href":"https:\/\/progettotouring.it\/radiotouring104\/wp-json\/wp\/v2\/media?parent=44597"}],"wp:term":[{"taxonomy":"category","embeddable":true,"href":"https:\/\/progettotouring.it\/radiotouring104\/wp-json\/wp\/v2\/categories?post=44597"},{"taxonomy":"post_tag","embeddable":true,"href":"https:\/\/progettotouring.it\/radiotouring104\/wp-json\/wp\/v2\/tags?post=44597"}],"curies":[{"name":"wp","href":"https:\/\/api.w.org\/{rel}","templated":true}]}}