{"id":44600,"date":"2024-02-14T09:32:16","date_gmt":"2024-02-14T08:32:16","guid":{"rendered":"https:\/\/progettotouring.it\/radiotouring104\/?p=44600"},"modified":"2024-02-14T09:32:16","modified_gmt":"2024-02-14T08:32:16","slug":"reggio-domani-la-ii-edizione-dellevento-la-memoria-e-limpegno","status":"publish","type":"post","link":"https:\/\/progettotouring.it\/radiotouring104\/2024\/02\/14\/reggio-domani-la-ii-edizione-dellevento-la-memoria-e-limpegno\/","title":{"rendered":"Reggio: domani la II edizione dell&#8217;evento &#8220;La memoria e l\u2019impegno\u201d"},"content":{"rendered":"<p style=\"text-align: justify\"><strong>Giunge alla seconda edizione l\u2019evento<\/strong> <em>\u201cLa memoria e l\u2019impegno\u201d,<\/em> fortemente voluto e<strong> organizzato dalla Garante della Salute<\/strong> della Regione Calabria,<strong> Anna Maria Stanganelli per ricordare la figura del compianto Magistrato Lilia Gaeta,<\/strong> giudice di elevate virt\u00f9 umane e professionali, e, allo stesso tempo, per impegnare istituzioni, associazioni di pazienti e cittadini, ciascuno per le proprie competenze, ad attivarsi e mobilitarsi, attraverso la prevenzione e la ricerca,<strong> nel contrasto alle patologie oncologiche. <\/strong><\/p>\n<p style=\"text-align: justify\"><strong>La manifestazione si terr\u00e0 gioved\u00ec 15 febbraio, a partire dalle ore 9.30, nell\u2019auditorium \u201cCosimo Fazio\u201d della Scuola Allievi Carabinieri di Reggio Calabria<\/strong>, in concomitanza con la giornata mondiale contro il cancro infantile istituita dall\u2019Organizzazione mondiale della Sanit\u00e0 e che vedr\u00e0 la partecipazione delle massime autorit\u00e0 istituzionali e delle forze dell\u2019ordine, insieme a magistrati, medici, giornalisti, rappresentanti del mondo dell\u2019associazionismo, della scuola e alla cittadinanza. <strong>Nel corso dell\u2019evento,<\/strong> <strong>saranno conferiti sei riconoscimenti<\/strong> a esponenti della Magistratura, delle forze dell\u2019ordine, della medicina e della societ\u00e0 civile che si sono prodigati a tutela della salute pubblica, per una sanit\u00e0 migliore e nel contrastare qualunque forma di illegalit\u00e0 nel servizio sanitario.<\/p>\n<p style=\"text-align: justify\"><strong>Ad introdurre i lavori<\/strong> sar\u00e0 il Comandante della Scuola Allievi, il <strong>Colonnello Vittorio Carrara.<\/strong> <strong>Seguiranno i saluti istituzionali del President<\/strong>e del Consiglio regionale, <strong>Filippo Mancuso; del Sindaco<\/strong> di Reggio Calabria, <strong>Giuseppe Falcomat\u00e0; del Prefetto<\/strong> del capoluogo reggino, <strong>Clara Vaccaro e del Vicepresidente<\/strong> della Giunta regionale<strong>, Giuseppina Princi. Interverranno poi, il Presidente della Corte d\u2019Appello<\/strong> di Reggio Calabria, <strong>Olga Tarzia<\/strong>; il<strong> Presidente del Tribunale<\/strong> di Reggio Calabria, <strong>Mariagrazia Arena e<\/strong> il Procuratore Generale presso la Corte d\u2019Appello di Reggio Calabria<strong>, Gerardo Dominijanni.<\/strong> Previste tre diverse fasi di discussione: la prima sar\u00e0 incentrata su <em>\u201cOncologia, prevenzione e ricerca\u201d <\/em>e registrer\u00e0 gli interventi del<strong> prof. Vincenzo Adamo,<\/strong> Coordinatore della Rete oncologica siciliana; di<strong> Giovanni Tripepi,<\/strong> dirigente di ricerca del Consiglio Nazionale delle Ricerche e di <strong>Massimo Martino,<\/strong> presidente nazionale del Gruppo Italiano Trapianti Midollo Osseo (GITMO), componenti del tavolo tecnico su<em> \u201cOncologia, prevenzione e ricerca\u201d,<\/em> <strong>promosso dalla Garante Stanganelli<\/strong>.<\/p>\n<p style=\"text-align: justify\">Subito dopo questo primo step, previsto l\u2019intervento denominato <em>\u201cIn campo per la ricerca\u201d,<\/em> a cura del dr. <strong>Antonio Caputo,<\/strong> direttore dell\u2019U.O. di Oncologia dell\u2019ospedale di San Giovanni in Fiore (CS) e vicepresidente dell\u2019Asd Nazionale Medici di Calcio. La seconda sessione dei lavori sar\u00e0 dedicata al tema <em>\u201cUno sguardo sull\u2019Oncoematologia pediatrica\u201d<\/em>: relazioneranno <strong>Daniela Coccolino,<\/strong> presidente regionale della Societ\u00e0 Italiana di Pediatria, direttore dell\u2019U.O. di Pediatria Universitaria all\u2019AOU \u201cDulbecco\u201d di Catanzaro, presidio Germaneto;<strong> Rosalba Mandaglio,<\/strong> direttore dell\u2019U.O. di Oncoematologia pediatrica al GOM di Reggio Calabria e <strong>Mariaconcetta Galati,<\/strong> direttore dell\u2019U.O. di Oncoematologia pediatrica all\u2019AOU \u201cDulbecco\u201d di Catanzaro, presidio \u201cDe Lellis\u201d. Al termine del confronto, l\u2019attenzione della sala sar\u00e0 proiettata verso due toccanti testimonianze denominate<em> \u201cLa speranza\u201d, sulla storia del piccolo Mario e la fondazione \u201cChops\u201d,<\/em> e <em>\u201cIl ricordo\u201d<\/em> di Mirko i Supereroi. Le conclusioni saranno affidate a Luciano Gerardis, gi\u00e0 presidente della Corte d\u2019Appello di Reggio Calabria.<\/p>\n<p style=\"text-align: justify\"><strong>Moderer\u00e0 e coordiner\u00e0 i lavori<\/strong> lo stesso Garante regionale della Salute, <strong>Anna Maria Stanganelli.<\/strong> Massimo riserbo sui nomi dei premiati. \u00a0<strong>Previsti<\/strong> nel corso della cerimonia <strong>gli interventi in remoto di Franco Locatelli<\/strong>, presidente del Consiglio Superiore di Sanit\u00e0 <strong>e direttore del Dipartimento di Oncoematologia<\/strong> pediatrica e terapia cellulare e genica<strong> del Bambin Ges\u00f9 di Roma; Rocco Bellantone<\/strong>, presidente dell\u2019Istituto Superiore di Sanit\u00e0 e del ministro per le disabilit\u00e0<strong>, Alessandra Locatelli.<\/strong> Gli intermezzi musicali saranno a cura dell\u2019Orchestra giovanile di Laureana di Borrello, diretta dal Maestro Maurizio Manag\u00f2; del Maestro Tenore Aldo Iacopino e dell\u2019Ente Nazionale Sordi, sede di Reggio Calabria.<\/p>\n<p><strong>L\u2019evento potr\u00e0 contare sulla speciale partecipazione dell\u2019associazione<\/strong><em> \u201cNasi rossi con il cuore\u201d.<\/em><\/p>\n<p>&nbsp;<\/p>\n<p>&nbsp;<\/p>\n","protected":false},"excerpt":{"rendered":"<p>Giunge alla seconda edizione l\u2019evento \u201cLa memoria e l\u2019impegno\u201d, fortemente voluto e organizzato dalla Garante della Salute della Regione Calabria, Anna Maria Stanganelli per ricordare la figura del compianto Magistrato&hellip;<\/p>\n","protected":false},"author":12,"featured_media":44601,"comment_status":"closed","ping_status":"open","sticky":false,"template":"","format":"standard","meta":{"_jetpack_memberships_contains_paid_content":false,"footnotes":"","jetpack_publicize_message":"","jetpack_publicize_feature_enabled":true,"jetpack_social_post_already_shared":false,"jetpack_social_options":{"image_generator_settings":{"template":"highway","default_image_id":0,"font":"","enabled":false},"version":2}},"categories":[921,196,140],"tags":[9490,6679,27518,594,812,587,27517,15636],"class_list":["post-44600","post","type-post","status-publish","format-standard","has-post-thumbnail","hentry","category-home","category-news","category-reggio-calabria","tag-la-memoria-e-limpegno","tag-anna-maria-stanganelli","tag-contrasto-patologie-oncologiche","tag-filippo-mancuso","tag-giuseppe-falcomata","tag-giusi-princi","tag-memoria-magistrato-lilia-gaeta","tag-scuola-allievi-carabinieri-di-reggio-calabria"],"yoast_head":"<!-- This site is optimized with the Yoast SEO plugin v27.2 - https:\/\/yoast.com\/product\/yoast-seo-wordpress\/ -->\n<title>Reggio: domani la II edizione dell&#039;evento &quot;La memoria e l\u2019impegno\u201d<\/title>\n<meta name=\"description\" content=\"La manifestazione in ricordo del Magistrato Gaeta e contrasto malattie oncologiche, domani, alle ore 9.30, alla Scuola Allievi Carabinieri\" \/>\n<meta name=\"robots\" content=\"index, follow, max-snippet:-1, max-image-preview:large, max-video-preview:-1\" \/>\n<link rel=\"canonical\" href=\"https:\/\/progettotouring.it\/radiotouring104\/2024\/02\/14\/reggio-domani-la-ii-edizione-dellevento-la-memoria-e-limpegno\/\" \/>\n<meta property=\"og:locale\" content=\"it_IT\" \/>\n<meta property=\"og:type\" content=\"article\" \/>\n<meta property=\"og:title\" content=\"Reggio: domani la II edizione dell&#039;evento &quot;La memoria e l\u2019impegno\u201d\" \/>\n<meta property=\"og:description\" content=\"La manifestazione in ricordo del Magistrato Gaeta e contrasto malattie oncologiche, domani, alle ore 9.30, alla Scuola Allievi Carabinieri\" \/>\n<meta property=\"og:url\" content=\"https:\/\/progettotouring.it\/radiotouring104\/2024\/02\/14\/reggio-domani-la-ii-edizione-dellevento-la-memoria-e-limpegno\/\" \/>\n<meta property=\"og:site_name\" content=\"Radio Touring 104\" \/>\n<meta property=\"article:published_time\" content=\"2024-02-14T08:32:16+00:00\" \/>\n<meta property=\"og:image\" content=\"https:\/\/progettotouring.it\/radiotouring104\/wp-content\/uploads\/sites\/6\/2024\/02\/la-memoria-e-limpegno-Stanganelli.jpg\" \/>\n\t<meta property=\"og:image:width\" content=\"1000\" \/>\n\t<meta property=\"og:image:height\" content=\"1509\" \/>\n\t<meta property=\"og:image:type\" content=\"image\/jpeg\" \/>\n<meta name=\"author\" content=\"Sebastiano Plutino\" \/>\n<meta name=\"twitter:card\" content=\"summary_large_image\" \/>\n<meta name=\"twitter:label1\" content=\"Scritto da\" \/>\n\t<meta name=\"twitter:data1\" content=\"Sebastiano Plutino\" \/>\n\t<meta name=\"twitter:label2\" content=\"Tempo di lettura stimato\" \/>\n\t<meta name=\"twitter:data2\" content=\"3 minuti\" \/>\n<script type=\"application\/ld+json\" class=\"yoast-schema-graph\">{\"@context\":\"https:\/\/schema.org\",\"@graph\":[{\"@type\":\"Article\",\"@id\":\"https:\/\/progettotouring.it\/radiotouring104\/2024\/02\/14\/reggio-domani-la-ii-edizione-dellevento-la-memoria-e-limpegno\/#article\",\"isPartOf\":{\"@id\":\"https:\/\/progettotouring.it\/radiotouring104\/2024\/02\/14\/reggio-domani-la-ii-edizione-dellevento-la-memoria-e-limpegno\/\"},\"author\":{\"name\":\"Sebastiano Plutino\",\"@id\":\"https:\/\/progettotouring.it\/radiotouring104\/#\/schema\/person\/78613917f1851f041f7483f5af1d422e\"},\"headline\":\"Reggio: domani la II edizione dell&#8217;evento &#8220;La memoria e l\u2019impegno\u201d\",\"datePublished\":\"2024-02-14T08:32:16+00:00\",\"mainEntityOfPage\":{\"@id\":\"https:\/\/progettotouring.it\/radiotouring104\/2024\/02\/14\/reggio-domani-la-ii-edizione-dellevento-la-memoria-e-limpegno\/\"},\"wordCount\":623,\"publisher\":{\"@id\":\"https:\/\/progettotouring.it\/radiotouring104\/#organization\"},\"image\":{\"@id\":\"https:\/\/progettotouring.it\/radiotouring104\/2024\/02\/14\/reggio-domani-la-ii-edizione-dellevento-la-memoria-e-limpegno\/#primaryimage\"},\"thumbnailUrl\":\"https:\/\/progettotouring.it\/radiotouring104\/wp-content\/uploads\/sites\/6\/2024\/02\/la-memoria-e-limpegno-Stanganelli.jpg\",\"keywords\":[\"\\\"La Memoria e l\u2019Impegno\\\"\",\"Anna Maria Stanganelli\",\"contrasto patologie oncologiche\",\"Filippo Mancuso\",\"Giuseppe Falcomat\u00e0\",\"giusi princi\",\"memoria magistrato Lilia Gaeta\",\"Scuola Allievi Carabinieri di Reggio Calabria.\"],\"articleSection\":[\"Home\",\"News\",\"Reggio Calabria\"],\"inLanguage\":\"it-IT\"},{\"@type\":\"WebPage\",\"@id\":\"https:\/\/progettotouring.it\/radiotouring104\/2024\/02\/14\/reggio-domani-la-ii-edizione-dellevento-la-memoria-e-limpegno\/\",\"url\":\"https:\/\/progettotouring.it\/radiotouring104\/2024\/02\/14\/reggio-domani-la-ii-edizione-dellevento-la-memoria-e-limpegno\/\",\"name\":\"Reggio: domani la II edizione dell'evento \\\"La memoria e l\u2019impegno\u201d\",\"isPartOf\":{\"@id\":\"https:\/\/progettotouring.it\/radiotouring104\/#website\"},\"primaryImageOfPage\":{\"@id\":\"https:\/\/progettotouring.it\/radiotouring104\/2024\/02\/14\/reggio-domani-la-ii-edizione-dellevento-la-memoria-e-limpegno\/#primaryimage\"},\"image\":{\"@id\":\"https:\/\/progettotouring.it\/radiotouring104\/2024\/02\/14\/reggio-domani-la-ii-edizione-dellevento-la-memoria-e-limpegno\/#primaryimage\"},\"thumbnailUrl\":\"https:\/\/progettotouring.it\/radiotouring104\/wp-content\/uploads\/sites\/6\/2024\/02\/la-memoria-e-limpegno-Stanganelli.jpg\",\"datePublished\":\"2024-02-14T08:32:16+00:00\",\"description\":\"La manifestazione in ricordo del Magistrato Gaeta e contrasto malattie oncologiche, domani, alle ore 9.30, alla Scuola Allievi Carabinieri\",\"breadcrumb\":{\"@id\":\"https:\/\/progettotouring.it\/radiotouring104\/2024\/02\/14\/reggio-domani-la-ii-edizione-dellevento-la-memoria-e-limpegno\/#breadcrumb\"},\"inLanguage\":\"it-IT\",\"potentialAction\":[{\"@type\":\"ReadAction\",\"target\":[\"https:\/\/progettotouring.it\/radiotouring104\/2024\/02\/14\/reggio-domani-la-ii-edizione-dellevento-la-memoria-e-limpegno\/\"]}]},{\"@type\":\"ImageObject\",\"inLanguage\":\"it-IT\",\"@id\":\"https:\/\/progettotouring.it\/radiotouring104\/2024\/02\/14\/reggio-domani-la-ii-edizione-dellevento-la-memoria-e-limpegno\/#primaryimage\",\"url\":\"https:\/\/progettotouring.it\/radiotouring104\/wp-content\/uploads\/sites\/6\/2024\/02\/la-memoria-e-limpegno-Stanganelli.jpg\",\"contentUrl\":\"https:\/\/progettotouring.it\/radiotouring104\/wp-content\/uploads\/sites\/6\/2024\/02\/la-memoria-e-limpegno-Stanganelli.jpg\",\"width\":1000,\"height\":1509},{\"@type\":\"BreadcrumbList\",\"@id\":\"https:\/\/progettotouring.it\/radiotouring104\/2024\/02\/14\/reggio-domani-la-ii-edizione-dellevento-la-memoria-e-limpegno\/#breadcrumb\",\"itemListElement\":[{\"@type\":\"ListItem\",\"position\":1,\"name\":\"Home\",\"item\":\"https:\/\/progettotouring.it\/radiotouring104\/\"},{\"@type\":\"ListItem\",\"position\":2,\"name\":\"Reggio: domani la II edizione dell&#8217;evento &#8220;La memoria e l\u2019impegno\u201d\"}]},{\"@type\":\"WebSite\",\"@id\":\"https:\/\/progettotouring.it\/radiotouring104\/#website\",\"url\":\"https:\/\/progettotouring.it\/radiotouring104\/\",\"name\":\"Radio Touring 104\",\"description\":\"La prima radio Reggina\",\"publisher\":{\"@id\":\"https:\/\/progettotouring.it\/radiotouring104\/#organization\"},\"potentialAction\":[{\"@type\":\"SearchAction\",\"target\":{\"@type\":\"EntryPoint\",\"urlTemplate\":\"https:\/\/progettotouring.it\/radiotouring104\/?s={search_term_string}\"},\"query-input\":{\"@type\":\"PropertyValueSpecification\",\"valueRequired\":true,\"valueName\":\"search_term_string\"}}],\"inLanguage\":\"it-IT\"},{\"@type\":\"Organization\",\"@id\":\"https:\/\/progettotouring.it\/radiotouring104\/#organization\",\"name\":\"Radio Touring 104\",\"url\":\"https:\/\/progettotouring.it\/radiotouring104\/\",\"logo\":{\"@type\":\"ImageObject\",\"inLanguage\":\"it-IT\",\"@id\":\"https:\/\/progettotouring.it\/radiotouring104\/#\/schema\/logo\/image\/\",\"url\":\"https:\/\/progettotouring.it\/radiotouring104\/wp-content\/uploads\/sites\/6\/2022\/02\/cropped-logo-radio-touring-104.png\",\"contentUrl\":\"https:\/\/progettotouring.it\/radiotouring104\/wp-content\/uploads\/sites\/6\/2022\/02\/cropped-logo-radio-touring-104.png\",\"width\":377,\"height\":182,\"caption\":\"Radio Touring 104\"},\"image\":{\"@id\":\"https:\/\/progettotouring.it\/radiotouring104\/#\/schema\/logo\/image\/\"}},{\"@type\":\"Person\",\"@id\":\"https:\/\/progettotouring.it\/radiotouring104\/#\/schema\/person\/78613917f1851f041f7483f5af1d422e\",\"name\":\"Sebastiano Plutino\",\"image\":{\"@type\":\"ImageObject\",\"inLanguage\":\"it-IT\",\"@id\":\"https:\/\/secure.gravatar.com\/avatar\/0546ffaa9b79224faf9f2a156b67a529ae861d3287c66c1d8ccfdf909bcba78d?s=96&d=mm&r=g\",\"url\":\"https:\/\/secure.gravatar.com\/avatar\/0546ffaa9b79224faf9f2a156b67a529ae861d3287c66c1d8ccfdf909bcba78d?s=96&d=mm&r=g\",\"contentUrl\":\"https:\/\/secure.gravatar.com\/avatar\/0546ffaa9b79224faf9f2a156b67a529ae861d3287c66c1d8ccfdf909bcba78d?s=96&d=mm&r=g\",\"caption\":\"Sebastiano Plutino\"},\"url\":\"https:\/\/progettotouring.it\/radiotouring104\/author\/sebastiano\/\"}]}<\/script>\n<!-- \/ Yoast SEO plugin. -->","yoast_head_json":{"title":"Reggio: domani la II edizione dell'evento \"La memoria e l\u2019impegno\u201d","description":"La manifestazione in ricordo del Magistrato Gaeta e contrasto malattie oncologiche, domani, alle ore 9.30, alla Scuola Allievi Carabinieri","robots":{"index":"index","follow":"follow","max-snippet":"max-snippet:-1","max-image-preview":"max-image-preview:large","max-video-preview":"max-video-preview:-1"},"canonical":"https:\/\/progettotouring.it\/radiotouring104\/2024\/02\/14\/reggio-domani-la-ii-edizione-dellevento-la-memoria-e-limpegno\/","og_locale":"it_IT","og_type":"article","og_title":"Reggio: domani la II edizione dell'evento \"La memoria e l\u2019impegno\u201d","og_description":"La manifestazione in ricordo del Magistrato Gaeta e contrasto malattie oncologiche, domani, alle ore 9.30, alla Scuola Allievi Carabinieri","og_url":"https:\/\/progettotouring.it\/radiotouring104\/2024\/02\/14\/reggio-domani-la-ii-edizione-dellevento-la-memoria-e-limpegno\/","og_site_name":"Radio Touring 104","article_published_time":"2024-02-14T08:32:16+00:00","og_image":[{"width":1000,"height":1509,"url":"https:\/\/progettotouring.it\/radiotouring104\/wp-content\/uploads\/sites\/6\/2024\/02\/la-memoria-e-limpegno-Stanganelli.jpg","type":"image\/jpeg"}],"author":"Sebastiano Plutino","twitter_card":"summary_large_image","twitter_misc":{"Scritto da":"Sebastiano Plutino","Tempo di lettura stimato":"3 minuti"},"schema":{"@context":"https:\/\/schema.org","@graph":[{"@type":"Article","@id":"https:\/\/progettotouring.it\/radiotouring104\/2024\/02\/14\/reggio-domani-la-ii-edizione-dellevento-la-memoria-e-limpegno\/#article","isPartOf":{"@id":"https:\/\/progettotouring.it\/radiotouring104\/2024\/02\/14\/reggio-domani-la-ii-edizione-dellevento-la-memoria-e-limpegno\/"},"author":{"name":"Sebastiano Plutino","@id":"https:\/\/progettotouring.it\/radiotouring104\/#\/schema\/person\/78613917f1851f041f7483f5af1d422e"},"headline":"Reggio: domani la II edizione dell&#8217;evento &#8220;La memoria e l\u2019impegno\u201d","datePublished":"2024-02-14T08:32:16+00:00","mainEntityOfPage":{"@id":"https:\/\/progettotouring.it\/radiotouring104\/2024\/02\/14\/reggio-domani-la-ii-edizione-dellevento-la-memoria-e-limpegno\/"},"wordCount":623,"publisher":{"@id":"https:\/\/progettotouring.it\/radiotouring104\/#organization"},"image":{"@id":"https:\/\/progettotouring.it\/radiotouring104\/2024\/02\/14\/reggio-domani-la-ii-edizione-dellevento-la-memoria-e-limpegno\/#primaryimage"},"thumbnailUrl":"https:\/\/progettotouring.it\/radiotouring104\/wp-content\/uploads\/sites\/6\/2024\/02\/la-memoria-e-limpegno-Stanganelli.jpg","keywords":["\"La Memoria e l\u2019Impegno\"","Anna Maria Stanganelli","contrasto patologie oncologiche","Filippo Mancuso","Giuseppe Falcomat\u00e0","giusi princi","memoria magistrato Lilia Gaeta","Scuola Allievi Carabinieri di Reggio Calabria."],"articleSection":["Home","News","Reggio Calabria"],"inLanguage":"it-IT"},{"@type":"WebPage","@id":"https:\/\/progettotouring.it\/radiotouring104\/2024\/02\/14\/reggio-domani-la-ii-edizione-dellevento-la-memoria-e-limpegno\/","url":"https:\/\/progettotouring.it\/radiotouring104\/2024\/02\/14\/reggio-domani-la-ii-edizione-dellevento-la-memoria-e-limpegno\/","name":"Reggio: domani la II edizione dell'evento \"La memoria e l\u2019impegno\u201d","isPartOf":{"@id":"https:\/\/progettotouring.it\/radiotouring104\/#website"},"primaryImageOfPage":{"@id":"https:\/\/progettotouring.it\/radiotouring104\/2024\/02\/14\/reggio-domani-la-ii-edizione-dellevento-la-memoria-e-limpegno\/#primaryimage"},"image":{"@id":"https:\/\/progettotouring.it\/radiotouring104\/2024\/02\/14\/reggio-domani-la-ii-edizione-dellevento-la-memoria-e-limpegno\/#primaryimage"},"thumbnailUrl":"https:\/\/progettotouring.it\/radiotouring104\/wp-content\/uploads\/sites\/6\/2024\/02\/la-memoria-e-limpegno-Stanganelli.jpg","datePublished":"2024-02-14T08:32:16+00:00","description":"La manifestazione in ricordo del Magistrato Gaeta e contrasto malattie oncologiche, domani, alle ore 9.30, alla Scuola Allievi Carabinieri","breadcrumb":{"@id":"https:\/\/progettotouring.it\/radiotouring104\/2024\/02\/14\/reggio-domani-la-ii-edizione-dellevento-la-memoria-e-limpegno\/#breadcrumb"},"inLanguage":"it-IT","potentialAction":[{"@type":"ReadAction","target":["https:\/\/progettotouring.it\/radiotouring104\/2024\/02\/14\/reggio-domani-la-ii-edizione-dellevento-la-memoria-e-limpegno\/"]}]},{"@type":"ImageObject","inLanguage":"it-IT","@id":"https:\/\/progettotouring.it\/radiotouring104\/2024\/02\/14\/reggio-domani-la-ii-edizione-dellevento-la-memoria-e-limpegno\/#primaryimage","url":"https:\/\/progettotouring.it\/radiotouring104\/wp-content\/uploads\/sites\/6\/2024\/02\/la-memoria-e-limpegno-Stanganelli.jpg","contentUrl":"https:\/\/progettotouring.it\/radiotouring104\/wp-content\/uploads\/sites\/6\/2024\/02\/la-memoria-e-limpegno-Stanganelli.jpg","width":1000,"height":1509},{"@type":"BreadcrumbList","@id":"https:\/\/progettotouring.it\/radiotouring104\/2024\/02\/14\/reggio-domani-la-ii-edizione-dellevento-la-memoria-e-limpegno\/#breadcrumb","itemListElement":[{"@type":"ListItem","position":1,"name":"Home","item":"https:\/\/progettotouring.it\/radiotouring104\/"},{"@type":"ListItem","position":2,"name":"Reggio: domani la II edizione dell&#8217;evento &#8220;La memoria e l\u2019impegno\u201d"}]},{"@type":"WebSite","@id":"https:\/\/progettotouring.it\/radiotouring104\/#website","url":"https:\/\/progettotouring.it\/radiotouring104\/","name":"Radio Touring 104","description":"La prima radio Reggina","publisher":{"@id":"https:\/\/progettotouring.it\/radiotouring104\/#organization"},"potentialAction":[{"@type":"SearchAction","target":{"@type":"EntryPoint","urlTemplate":"https:\/\/progettotouring.it\/radiotouring104\/?s={search_term_string}"},"query-input":{"@type":"PropertyValueSpecification","valueRequired":true,"valueName":"search_term_string"}}],"inLanguage":"it-IT"},{"@type":"Organization","@id":"https:\/\/progettotouring.it\/radiotouring104\/#organization","name":"Radio Touring 104","url":"https:\/\/progettotouring.it\/radiotouring104\/","logo":{"@type":"ImageObject","inLanguage":"it-IT","@id":"https:\/\/progettotouring.it\/radiotouring104\/#\/schema\/logo\/image\/","url":"https:\/\/progettotouring.it\/radiotouring104\/wp-content\/uploads\/sites\/6\/2022\/02\/cropped-logo-radio-touring-104.png","contentUrl":"https:\/\/progettotouring.it\/radiotouring104\/wp-content\/uploads\/sites\/6\/2022\/02\/cropped-logo-radio-touring-104.png","width":377,"height":182,"caption":"Radio Touring 104"},"image":{"@id":"https:\/\/progettotouring.it\/radiotouring104\/#\/schema\/logo\/image\/"}},{"@type":"Person","@id":"https:\/\/progettotouring.it\/radiotouring104\/#\/schema\/person\/78613917f1851f041f7483f5af1d422e","name":"Sebastiano Plutino","image":{"@type":"ImageObject","inLanguage":"it-IT","@id":"https:\/\/secure.gravatar.com\/avatar\/0546ffaa9b79224faf9f2a156b67a529ae861d3287c66c1d8ccfdf909bcba78d?s=96&d=mm&r=g","url":"https:\/\/secure.gravatar.com\/avatar\/0546ffaa9b79224faf9f2a156b67a529ae861d3287c66c1d8ccfdf909bcba78d?s=96&d=mm&r=g","contentUrl":"https:\/\/secure.gravatar.com\/avatar\/0546ffaa9b79224faf9f2a156b67a529ae861d3287c66c1d8ccfdf909bcba78d?s=96&d=mm&r=g","caption":"Sebastiano Plutino"},"url":"https:\/\/progettotouring.it\/radiotouring104\/author\/sebastiano\/"}]}},"jetpack_publicize_connections":[],"jetpack_featured_media_url":"https:\/\/progettotouring.it\/radiotouring104\/wp-content\/uploads\/sites\/6\/2024\/02\/la-memoria-e-limpegno-Stanganelli.jpg","jetpack_sharing_enabled":true,"_links":{"self":[{"href":"https:\/\/progettotouring.it\/radiotouring104\/wp-json\/wp\/v2\/posts\/44600","targetHints":{"allow":["GET"]}}],"collection":[{"href":"https:\/\/progettotouring.it\/radiotouring104\/wp-json\/wp\/v2\/posts"}],"about":[{"href":"https:\/\/progettotouring.it\/radiotouring104\/wp-json\/wp\/v2\/types\/post"}],"author":[{"embeddable":true,"href":"https:\/\/progettotouring.it\/radiotouring104\/wp-json\/wp\/v2\/users\/12"}],"replies":[{"embeddable":true,"href":"https:\/\/progettotouring.it\/radiotouring104\/wp-json\/wp\/v2\/comments?post=44600"}],"version-history":[{"count":1,"href":"https:\/\/progettotouring.it\/radiotouring104\/wp-json\/wp\/v2\/posts\/44600\/revisions"}],"predecessor-version":[{"id":44602,"href":"https:\/\/progettotouring.it\/radiotouring104\/wp-json\/wp\/v2\/posts\/44600\/revisions\/44602"}],"wp:featuredmedia":[{"embeddable":true,"href":"https:\/\/progettotouring.it\/radiotouring104\/wp-json\/wp\/v2\/media\/44601"}],"wp:attachment":[{"href":"https:\/\/progettotouring.it\/radiotouring104\/wp-json\/wp\/v2\/media?parent=44600"}],"wp:term":[{"taxonomy":"category","embeddable":true,"href":"https:\/\/progettotouring.it\/radiotouring104\/wp-json\/wp\/v2\/categories?post=44600"},{"taxonomy":"post_tag","embeddable":true,"href":"https:\/\/progettotouring.it\/radiotouring104\/wp-json\/wp\/v2\/tags?post=44600"}],"curies":[{"name":"wp","href":"https:\/\/api.w.org\/{rel}","templated":true}]}}