{"id":44606,"date":"2024-02-14T09:49:12","date_gmt":"2024-02-14T08:49:12","guid":{"rendered":"https:\/\/progettotouring.it\/radiotouring104\/?p=44606"},"modified":"2024-02-14T10:21:45","modified_gmt":"2024-02-14T09:21:45","slug":"teatro-cilea-grande-successo-per-il-gran-gala-di-carnevale","status":"publish","type":"post","link":"https:\/\/progettotouring.it\/radiotouring104\/2024\/02\/14\/teatro-cilea-grande-successo-per-il-gran-gala-di-carnevale\/","title":{"rendered":"Teatro Cilea: grande successo per il Gran Gal\u00e0 di Carnevale"},"content":{"rendered":"<p style=\"text-align: justify\"><strong>Il sindaco Giuseppe Falcomat\u00e0,<\/strong> insieme all\u2019intera giunta comunale, <strong>ha preso parte al Gran gal\u00e0 di Carnevale che, al teatro<\/strong> <em>\u201cFrancesco Cilea\u201d,<\/em> davanti a numerose famiglie e tantissimi bambini, ha segnato uno dei momenti pi\u00f9 significativi del ricco calendario allestito in occasione delle festivit\u00e0 di febbraio.<strong> Protagonisti assoluti i piccoli degli istituti scolastici<\/strong> reggini con le loro creazioni divertenti e colorate, i ragazzi e le ragazze delle scuole di danza e delle associazioni sportive che hanno intrattenuto il pubblico con canti, balli e fantastiche esibizioni acrobatiche.<\/p>\n<p style=\"text-align: justify\"><strong>Per il sindaco Giuseppe Falcomat\u00e0 si \u00e8 trattato di<\/strong> <em>\u00abun\u2019iniziativa bellissima a corollario di una settimana ricca di eventi e di attivit\u00e0 organizzati in collaborazione con le associazioni del territorio\u00bb. Un ringraziamento particolare, il primo cittadino, lo ha rivolto alle assessore Marisa Lanucara ed Anna Briante che, \u00abin pochissimo tempo, sono riuscite a coinvolgere tutte le attivit\u00e0 attive e produttive della citt\u00e0\u00bb.<\/em><\/p>\n<p style=\"text-align: justify\"><em>\u00abScuole materne ed asili, istituti comprensivi ed associazioni culturali e sportive<\/em> <strong>\u2013 ha spiegato Falcomat\u00e0<\/strong> \u2013<em> hanno deciso di mettersi in gioco con una significativa finalit\u00e0 sociale e promuovendo una forte sensibilizzazione al rispetto dell\u2019ambiente ed all\u2019importanza del riciclo dei rifiuti. Tantissimi bambini e tantissime bambine, divertendosi, hanno lavorato su temi fondamentali per l\u2019intero pianeta, coinvolti dal lavoro svolto in maniera brillante dall&#8217;assessore Marisa Lanucara e dagli altri assessori coinvolti in questa iniziativa. Ad ognuno di loro, dunque, \u00e8 andato il giusto riconoscimento da parte dell\u2019amministrazione comunale per un impegno volto al bene comune. Questa occasione ci insegna che, nella nostra citt\u00e0, diventa sempre pi\u00f9 decisivo il contributo offerto, in maniera disinteressata e incondizionata, dalle associazioni che vanno, ogni giorno, apprezzate e ringraziate per le attivit\u00e0 che svolgono nei nostri quartieri\u00bb.<\/em><\/p>\n<p style=\"text-align: justify\"><strong>Per l\u2019assessora all\u2019Istruzione, Anna Briante, l\u2019iniziativa promossa dall\u2019amministrazione comunale<\/strong> \u00abha messo in luce le grandissime qualit\u00e0 delle studentesse e degli studenti reggini, dei nostri centri educativi e culturali, di professionisti che ci aiutano a crescere i nostri figli\u00bb. <em>\u00abI lavori realizzati dai bimbi e dalle bimbe<\/em> \u2013<strong> ha aggiunto<\/strong> <em>\u2013 sono opere prodotte dai piccoli che vogliono parlare ai grandi. Il rispetto dell\u2019ambiente e della natura \u00e8 diventato, quanto mai, fondamentale per la nostra esistenza\u00bb.<\/em><\/p>\n<p style=\"text-align: justify\"><strong>L\u2019assessora allo Sviluppo economico, Marisa Lanucara, ha sottolineato<\/strong> <em>\u00abl\u2019importanza della sinergia istituzionale fra gli Enti e le realt\u00e0 economiche, sociali e produttive impegnate a garantire servizi ed opportunit\u00e0 di crescita per la nostra Reggio\u00bb. \u00abTutti insieme<\/em> \u2013<strong> ha detto \u2013<\/strong> <em>ci siamo ritrovati in un teatro \u201cCilea\u201d stracolmo di entusiasmo e gioia. E\u2019 stato davvero splendido condividere questa esperienza con quanti hanno collaborato per la buona riuscita di una settimana che ha davvero animato ogni angolo della citt\u00e0. E\u2019 doveroso, quindi, ringraziare questa bellissima platea fatta di bimbi e famiglie che meritano ogni apprezzamento possibile da parte dell\u2019amministrazione comunale\u00bb.<\/em><\/p>\n","protected":false},"excerpt":{"rendered":"<p>Il sindaco Giuseppe Falcomat\u00e0, insieme all\u2019intera giunta comunale, ha preso parte al Gran gal\u00e0 di Carnevale che, al teatro \u201cFrancesco Cilea\u201d, davanti a numerose famiglie e tantissimi bambini, ha segnato&hellip;<\/p>\n","protected":false},"author":12,"featured_media":44607,"comment_status":"closed","ping_status":"open","sticky":false,"template":"","format":"standard","meta":{"_jetpack_memberships_contains_paid_content":false,"footnotes":"","jetpack_publicize_message":"","jetpack_publicize_feature_enabled":true,"jetpack_social_post_already_shared":false,"jetpack_social_options":{"image_generator_settings":{"template":"highway","default_image_id":0,"font":"","enabled":false},"version":2}},"categories":[921,196,140],"tags":[27230,24572,26096,812,9874],"class_list":["post-44606","post","type-post","status-publish","format-standard","has-post-thumbnail","hentry","category-home","category-news","category-reggio-calabria","tag-gran-gala-carnevale","tag-anna-briante","tag-ass-marisa-lanucara","tag-giuseppe-falcomata","tag-teatro-cilea-reggio-calabria"],"yoast_head":"<!-- This site is optimized with the Yoast SEO plugin v27.2 - https:\/\/yoast.com\/product\/yoast-seo-wordpress\/ -->\n<title>Teatro Cilea: grande successo per il Gran Gal\u00e0 di Carnevale<\/title>\n<meta name=\"description\" content=\"&quot;Un momento di spensieratezza che mette in risalto le capacit\u00e0 di scuole, associazioni e realt\u00e0 sportive&quot;, dichiara il Sindaco Falcomat\u00e0\" \/>\n<meta name=\"robots\" content=\"index, follow, max-snippet:-1, max-image-preview:large, max-video-preview:-1\" \/>\n<link rel=\"canonical\" href=\"https:\/\/progettotouring.it\/radiotouring104\/2024\/02\/14\/teatro-cilea-grande-successo-per-il-gran-gala-di-carnevale\/\" \/>\n<meta property=\"og:locale\" content=\"it_IT\" \/>\n<meta property=\"og:type\" content=\"article\" \/>\n<meta property=\"og:title\" content=\"Teatro Cilea: grande successo per il Gran Gal\u00e0 di Carnevale\" \/>\n<meta property=\"og:description\" content=\"&quot;Un momento di spensieratezza che mette in risalto le capacit\u00e0 di scuole, associazioni e realt\u00e0 sportive&quot;, dichiara il Sindaco Falcomat\u00e0\" \/>\n<meta property=\"og:url\" content=\"https:\/\/progettotouring.it\/radiotouring104\/2024\/02\/14\/teatro-cilea-grande-successo-per-il-gran-gala-di-carnevale\/\" \/>\n<meta property=\"og:site_name\" content=\"Radio Touring 104\" \/>\n<meta property=\"article:published_time\" content=\"2024-02-14T08:49:12+00:00\" \/>\n<meta property=\"article:modified_time\" content=\"2024-02-14T09:21:45+00:00\" \/>\n<meta property=\"og:image\" content=\"https:\/\/progettotouring.it\/radiotouring104\/wp-content\/uploads\/sites\/6\/2024\/02\/gran-gala-Carnevale-Teatro-Cilea.jpeg\" \/>\n\t<meta property=\"og:image:width\" content=\"1599\" \/>\n\t<meta property=\"og:image:height\" content=\"782\" \/>\n\t<meta property=\"og:image:type\" content=\"image\/jpeg\" \/>\n<meta name=\"author\" content=\"Sebastiano Plutino\" \/>\n<meta name=\"twitter:card\" content=\"summary_large_image\" \/>\n<meta name=\"twitter:label1\" content=\"Scritto da\" \/>\n\t<meta name=\"twitter:data1\" content=\"Sebastiano Plutino\" \/>\n\t<meta name=\"twitter:label2\" content=\"Tempo di lettura stimato\" \/>\n\t<meta name=\"twitter:data2\" content=\"2 minuti\" \/>\n<script type=\"application\/ld+json\" class=\"yoast-schema-graph\">{\"@context\":\"https:\/\/schema.org\",\"@graph\":[{\"@type\":\"Article\",\"@id\":\"https:\/\/progettotouring.it\/radiotouring104\/2024\/02\/14\/teatro-cilea-grande-successo-per-il-gran-gala-di-carnevale\/#article\",\"isPartOf\":{\"@id\":\"https:\/\/progettotouring.it\/radiotouring104\/2024\/02\/14\/teatro-cilea-grande-successo-per-il-gran-gala-di-carnevale\/\"},\"author\":{\"name\":\"Sebastiano Plutino\",\"@id\":\"https:\/\/progettotouring.it\/radiotouring104\/#\/schema\/person\/78613917f1851f041f7483f5af1d422e\"},\"headline\":\"Teatro Cilea: grande successo per il Gran Gal\u00e0 di Carnevale\",\"datePublished\":\"2024-02-14T08:49:12+00:00\",\"dateModified\":\"2024-02-14T09:21:45+00:00\",\"mainEntityOfPage\":{\"@id\":\"https:\/\/progettotouring.it\/radiotouring104\/2024\/02\/14\/teatro-cilea-grande-successo-per-il-gran-gala-di-carnevale\/\"},\"wordCount\":467,\"publisher\":{\"@id\":\"https:\/\/progettotouring.it\/radiotouring104\/#organization\"},\"image\":{\"@id\":\"https:\/\/progettotouring.it\/radiotouring104\/2024\/02\/14\/teatro-cilea-grande-successo-per-il-gran-gala-di-carnevale\/#primaryimage\"},\"thumbnailUrl\":\"https:\/\/progettotouring.it\/radiotouring104\/wp-content\/uploads\/sites\/6\/2024\/02\/gran-gala-Carnevale-Teatro-Cilea.jpeg\",\"keywords\":[\"\\\"Gran Gal\u00e0 Carnevale\\\"\",\"Anna Briante\",\"Ass. Marisa Lanucara\",\"Giuseppe Falcomat\u00e0\",\"Teatro Cilea Reggio Calabria\"],\"articleSection\":[\"Home\",\"News\",\"Reggio Calabria\"],\"inLanguage\":\"it-IT\"},{\"@type\":\"WebPage\",\"@id\":\"https:\/\/progettotouring.it\/radiotouring104\/2024\/02\/14\/teatro-cilea-grande-successo-per-il-gran-gala-di-carnevale\/\",\"url\":\"https:\/\/progettotouring.it\/radiotouring104\/2024\/02\/14\/teatro-cilea-grande-successo-per-il-gran-gala-di-carnevale\/\",\"name\":\"Teatro Cilea: grande successo per il Gran Gal\u00e0 di Carnevale\",\"isPartOf\":{\"@id\":\"https:\/\/progettotouring.it\/radiotouring104\/#website\"},\"primaryImageOfPage\":{\"@id\":\"https:\/\/progettotouring.it\/radiotouring104\/2024\/02\/14\/teatro-cilea-grande-successo-per-il-gran-gala-di-carnevale\/#primaryimage\"},\"image\":{\"@id\":\"https:\/\/progettotouring.it\/radiotouring104\/2024\/02\/14\/teatro-cilea-grande-successo-per-il-gran-gala-di-carnevale\/#primaryimage\"},\"thumbnailUrl\":\"https:\/\/progettotouring.it\/radiotouring104\/wp-content\/uploads\/sites\/6\/2024\/02\/gran-gala-Carnevale-Teatro-Cilea.jpeg\",\"datePublished\":\"2024-02-14T08:49:12+00:00\",\"dateModified\":\"2024-02-14T09:21:45+00:00\",\"description\":\"\\\"Un momento di spensieratezza che mette in risalto le capacit\u00e0 di scuole, associazioni e realt\u00e0 sportive\\\", dichiara il Sindaco Falcomat\u00e0\",\"breadcrumb\":{\"@id\":\"https:\/\/progettotouring.it\/radiotouring104\/2024\/02\/14\/teatro-cilea-grande-successo-per-il-gran-gala-di-carnevale\/#breadcrumb\"},\"inLanguage\":\"it-IT\",\"potentialAction\":[{\"@type\":\"ReadAction\",\"target\":[\"https:\/\/progettotouring.it\/radiotouring104\/2024\/02\/14\/teatro-cilea-grande-successo-per-il-gran-gala-di-carnevale\/\"]}]},{\"@type\":\"ImageObject\",\"inLanguage\":\"it-IT\",\"@id\":\"https:\/\/progettotouring.it\/radiotouring104\/2024\/02\/14\/teatro-cilea-grande-successo-per-il-gran-gala-di-carnevale\/#primaryimage\",\"url\":\"https:\/\/progettotouring.it\/radiotouring104\/wp-content\/uploads\/sites\/6\/2024\/02\/gran-gala-Carnevale-Teatro-Cilea.jpeg\",\"contentUrl\":\"https:\/\/progettotouring.it\/radiotouring104\/wp-content\/uploads\/sites\/6\/2024\/02\/gran-gala-Carnevale-Teatro-Cilea.jpeg\",\"width\":1599,\"height\":782},{\"@type\":\"BreadcrumbList\",\"@id\":\"https:\/\/progettotouring.it\/radiotouring104\/2024\/02\/14\/teatro-cilea-grande-successo-per-il-gran-gala-di-carnevale\/#breadcrumb\",\"itemListElement\":[{\"@type\":\"ListItem\",\"position\":1,\"name\":\"Home\",\"item\":\"https:\/\/progettotouring.it\/radiotouring104\/\"},{\"@type\":\"ListItem\",\"position\":2,\"name\":\"Teatro Cilea: grande successo per il Gran Gal\u00e0 di Carnevale\"}]},{\"@type\":\"WebSite\",\"@id\":\"https:\/\/progettotouring.it\/radiotouring104\/#website\",\"url\":\"https:\/\/progettotouring.it\/radiotouring104\/\",\"name\":\"Radio Touring 104\",\"description\":\"La prima radio Reggina\",\"publisher\":{\"@id\":\"https:\/\/progettotouring.it\/radiotouring104\/#organization\"},\"potentialAction\":[{\"@type\":\"SearchAction\",\"target\":{\"@type\":\"EntryPoint\",\"urlTemplate\":\"https:\/\/progettotouring.it\/radiotouring104\/?s={search_term_string}\"},\"query-input\":{\"@type\":\"PropertyValueSpecification\",\"valueRequired\":true,\"valueName\":\"search_term_string\"}}],\"inLanguage\":\"it-IT\"},{\"@type\":\"Organization\",\"@id\":\"https:\/\/progettotouring.it\/radiotouring104\/#organization\",\"name\":\"Radio Touring 104\",\"url\":\"https:\/\/progettotouring.it\/radiotouring104\/\",\"logo\":{\"@type\":\"ImageObject\",\"inLanguage\":\"it-IT\",\"@id\":\"https:\/\/progettotouring.it\/radiotouring104\/#\/schema\/logo\/image\/\",\"url\":\"https:\/\/progettotouring.it\/radiotouring104\/wp-content\/uploads\/sites\/6\/2022\/02\/cropped-logo-radio-touring-104.png\",\"contentUrl\":\"https:\/\/progettotouring.it\/radiotouring104\/wp-content\/uploads\/sites\/6\/2022\/02\/cropped-logo-radio-touring-104.png\",\"width\":377,\"height\":182,\"caption\":\"Radio Touring 104\"},\"image\":{\"@id\":\"https:\/\/progettotouring.it\/radiotouring104\/#\/schema\/logo\/image\/\"}},{\"@type\":\"Person\",\"@id\":\"https:\/\/progettotouring.it\/radiotouring104\/#\/schema\/person\/78613917f1851f041f7483f5af1d422e\",\"name\":\"Sebastiano Plutino\",\"image\":{\"@type\":\"ImageObject\",\"inLanguage\":\"it-IT\",\"@id\":\"https:\/\/secure.gravatar.com\/avatar\/0546ffaa9b79224faf9f2a156b67a529ae861d3287c66c1d8ccfdf909bcba78d?s=96&d=mm&r=g\",\"url\":\"https:\/\/secure.gravatar.com\/avatar\/0546ffaa9b79224faf9f2a156b67a529ae861d3287c66c1d8ccfdf909bcba78d?s=96&d=mm&r=g\",\"contentUrl\":\"https:\/\/secure.gravatar.com\/avatar\/0546ffaa9b79224faf9f2a156b67a529ae861d3287c66c1d8ccfdf909bcba78d?s=96&d=mm&r=g\",\"caption\":\"Sebastiano Plutino\"},\"url\":\"https:\/\/progettotouring.it\/radiotouring104\/author\/sebastiano\/\"}]}<\/script>\n<!-- \/ Yoast SEO plugin. -->","yoast_head_json":{"title":"Teatro Cilea: grande successo per il Gran Gal\u00e0 di Carnevale","description":"\"Un momento di spensieratezza che mette in risalto le capacit\u00e0 di scuole, associazioni e realt\u00e0 sportive\", dichiara il Sindaco Falcomat\u00e0","robots":{"index":"index","follow":"follow","max-snippet":"max-snippet:-1","max-image-preview":"max-image-preview:large","max-video-preview":"max-video-preview:-1"},"canonical":"https:\/\/progettotouring.it\/radiotouring104\/2024\/02\/14\/teatro-cilea-grande-successo-per-il-gran-gala-di-carnevale\/","og_locale":"it_IT","og_type":"article","og_title":"Teatro Cilea: grande successo per il Gran Gal\u00e0 di Carnevale","og_description":"\"Un momento di spensieratezza che mette in risalto le capacit\u00e0 di scuole, associazioni e realt\u00e0 sportive\", dichiara il Sindaco Falcomat\u00e0","og_url":"https:\/\/progettotouring.it\/radiotouring104\/2024\/02\/14\/teatro-cilea-grande-successo-per-il-gran-gala-di-carnevale\/","og_site_name":"Radio Touring 104","article_published_time":"2024-02-14T08:49:12+00:00","article_modified_time":"2024-02-14T09:21:45+00:00","og_image":[{"width":1599,"height":782,"url":"https:\/\/progettotouring.it\/radiotouring104\/wp-content\/uploads\/sites\/6\/2024\/02\/gran-gala-Carnevale-Teatro-Cilea.jpeg","type":"image\/jpeg"}],"author":"Sebastiano Plutino","twitter_card":"summary_large_image","twitter_misc":{"Scritto da":"Sebastiano Plutino","Tempo di lettura stimato":"2 minuti"},"schema":{"@context":"https:\/\/schema.org","@graph":[{"@type":"Article","@id":"https:\/\/progettotouring.it\/radiotouring104\/2024\/02\/14\/teatro-cilea-grande-successo-per-il-gran-gala-di-carnevale\/#article","isPartOf":{"@id":"https:\/\/progettotouring.it\/radiotouring104\/2024\/02\/14\/teatro-cilea-grande-successo-per-il-gran-gala-di-carnevale\/"},"author":{"name":"Sebastiano Plutino","@id":"https:\/\/progettotouring.it\/radiotouring104\/#\/schema\/person\/78613917f1851f041f7483f5af1d422e"},"headline":"Teatro Cilea: grande successo per il Gran Gal\u00e0 di Carnevale","datePublished":"2024-02-14T08:49:12+00:00","dateModified":"2024-02-14T09:21:45+00:00","mainEntityOfPage":{"@id":"https:\/\/progettotouring.it\/radiotouring104\/2024\/02\/14\/teatro-cilea-grande-successo-per-il-gran-gala-di-carnevale\/"},"wordCount":467,"publisher":{"@id":"https:\/\/progettotouring.it\/radiotouring104\/#organization"},"image":{"@id":"https:\/\/progettotouring.it\/radiotouring104\/2024\/02\/14\/teatro-cilea-grande-successo-per-il-gran-gala-di-carnevale\/#primaryimage"},"thumbnailUrl":"https:\/\/progettotouring.it\/radiotouring104\/wp-content\/uploads\/sites\/6\/2024\/02\/gran-gala-Carnevale-Teatro-Cilea.jpeg","keywords":["\"Gran Gal\u00e0 Carnevale\"","Anna Briante","Ass. Marisa Lanucara","Giuseppe Falcomat\u00e0","Teatro Cilea Reggio Calabria"],"articleSection":["Home","News","Reggio Calabria"],"inLanguage":"it-IT"},{"@type":"WebPage","@id":"https:\/\/progettotouring.it\/radiotouring104\/2024\/02\/14\/teatro-cilea-grande-successo-per-il-gran-gala-di-carnevale\/","url":"https:\/\/progettotouring.it\/radiotouring104\/2024\/02\/14\/teatro-cilea-grande-successo-per-il-gran-gala-di-carnevale\/","name":"Teatro Cilea: grande successo per il Gran Gal\u00e0 di Carnevale","isPartOf":{"@id":"https:\/\/progettotouring.it\/radiotouring104\/#website"},"primaryImageOfPage":{"@id":"https:\/\/progettotouring.it\/radiotouring104\/2024\/02\/14\/teatro-cilea-grande-successo-per-il-gran-gala-di-carnevale\/#primaryimage"},"image":{"@id":"https:\/\/progettotouring.it\/radiotouring104\/2024\/02\/14\/teatro-cilea-grande-successo-per-il-gran-gala-di-carnevale\/#primaryimage"},"thumbnailUrl":"https:\/\/progettotouring.it\/radiotouring104\/wp-content\/uploads\/sites\/6\/2024\/02\/gran-gala-Carnevale-Teatro-Cilea.jpeg","datePublished":"2024-02-14T08:49:12+00:00","dateModified":"2024-02-14T09:21:45+00:00","description":"\"Un momento di spensieratezza che mette in risalto le capacit\u00e0 di scuole, associazioni e realt\u00e0 sportive\", dichiara il Sindaco Falcomat\u00e0","breadcrumb":{"@id":"https:\/\/progettotouring.it\/radiotouring104\/2024\/02\/14\/teatro-cilea-grande-successo-per-il-gran-gala-di-carnevale\/#breadcrumb"},"inLanguage":"it-IT","potentialAction":[{"@type":"ReadAction","target":["https:\/\/progettotouring.it\/radiotouring104\/2024\/02\/14\/teatro-cilea-grande-successo-per-il-gran-gala-di-carnevale\/"]}]},{"@type":"ImageObject","inLanguage":"it-IT","@id":"https:\/\/progettotouring.it\/radiotouring104\/2024\/02\/14\/teatro-cilea-grande-successo-per-il-gran-gala-di-carnevale\/#primaryimage","url":"https:\/\/progettotouring.it\/radiotouring104\/wp-content\/uploads\/sites\/6\/2024\/02\/gran-gala-Carnevale-Teatro-Cilea.jpeg","contentUrl":"https:\/\/progettotouring.it\/radiotouring104\/wp-content\/uploads\/sites\/6\/2024\/02\/gran-gala-Carnevale-Teatro-Cilea.jpeg","width":1599,"height":782},{"@type":"BreadcrumbList","@id":"https:\/\/progettotouring.it\/radiotouring104\/2024\/02\/14\/teatro-cilea-grande-successo-per-il-gran-gala-di-carnevale\/#breadcrumb","itemListElement":[{"@type":"ListItem","position":1,"name":"Home","item":"https:\/\/progettotouring.it\/radiotouring104\/"},{"@type":"ListItem","position":2,"name":"Teatro Cilea: grande successo per il Gran Gal\u00e0 di Carnevale"}]},{"@type":"WebSite","@id":"https:\/\/progettotouring.it\/radiotouring104\/#website","url":"https:\/\/progettotouring.it\/radiotouring104\/","name":"Radio Touring 104","description":"La prima radio Reggina","publisher":{"@id":"https:\/\/progettotouring.it\/radiotouring104\/#organization"},"potentialAction":[{"@type":"SearchAction","target":{"@type":"EntryPoint","urlTemplate":"https:\/\/progettotouring.it\/radiotouring104\/?s={search_term_string}"},"query-input":{"@type":"PropertyValueSpecification","valueRequired":true,"valueName":"search_term_string"}}],"inLanguage":"it-IT"},{"@type":"Organization","@id":"https:\/\/progettotouring.it\/radiotouring104\/#organization","name":"Radio Touring 104","url":"https:\/\/progettotouring.it\/radiotouring104\/","logo":{"@type":"ImageObject","inLanguage":"it-IT","@id":"https:\/\/progettotouring.it\/radiotouring104\/#\/schema\/logo\/image\/","url":"https:\/\/progettotouring.it\/radiotouring104\/wp-content\/uploads\/sites\/6\/2022\/02\/cropped-logo-radio-touring-104.png","contentUrl":"https:\/\/progettotouring.it\/radiotouring104\/wp-content\/uploads\/sites\/6\/2022\/02\/cropped-logo-radio-touring-104.png","width":377,"height":182,"caption":"Radio Touring 104"},"image":{"@id":"https:\/\/progettotouring.it\/radiotouring104\/#\/schema\/logo\/image\/"}},{"@type":"Person","@id":"https:\/\/progettotouring.it\/radiotouring104\/#\/schema\/person\/78613917f1851f041f7483f5af1d422e","name":"Sebastiano Plutino","image":{"@type":"ImageObject","inLanguage":"it-IT","@id":"https:\/\/secure.gravatar.com\/avatar\/0546ffaa9b79224faf9f2a156b67a529ae861d3287c66c1d8ccfdf909bcba78d?s=96&d=mm&r=g","url":"https:\/\/secure.gravatar.com\/avatar\/0546ffaa9b79224faf9f2a156b67a529ae861d3287c66c1d8ccfdf909bcba78d?s=96&d=mm&r=g","contentUrl":"https:\/\/secure.gravatar.com\/avatar\/0546ffaa9b79224faf9f2a156b67a529ae861d3287c66c1d8ccfdf909bcba78d?s=96&d=mm&r=g","caption":"Sebastiano Plutino"},"url":"https:\/\/progettotouring.it\/radiotouring104\/author\/sebastiano\/"}]}},"jetpack_publicize_connections":[],"jetpack_featured_media_url":"https:\/\/progettotouring.it\/radiotouring104\/wp-content\/uploads\/sites\/6\/2024\/02\/gran-gala-Carnevale-Teatro-Cilea.jpeg","jetpack_sharing_enabled":true,"_links":{"self":[{"href":"https:\/\/progettotouring.it\/radiotouring104\/wp-json\/wp\/v2\/posts\/44606","targetHints":{"allow":["GET"]}}],"collection":[{"href":"https:\/\/progettotouring.it\/radiotouring104\/wp-json\/wp\/v2\/posts"}],"about":[{"href":"https:\/\/progettotouring.it\/radiotouring104\/wp-json\/wp\/v2\/types\/post"}],"author":[{"embeddable":true,"href":"https:\/\/progettotouring.it\/radiotouring104\/wp-json\/wp\/v2\/users\/12"}],"replies":[{"embeddable":true,"href":"https:\/\/progettotouring.it\/radiotouring104\/wp-json\/wp\/v2\/comments?post=44606"}],"version-history":[{"count":3,"href":"https:\/\/progettotouring.it\/radiotouring104\/wp-json\/wp\/v2\/posts\/44606\/revisions"}],"predecessor-version":[{"id":44619,"href":"https:\/\/progettotouring.it\/radiotouring104\/wp-json\/wp\/v2\/posts\/44606\/revisions\/44619"}],"wp:featuredmedia":[{"embeddable":true,"href":"https:\/\/progettotouring.it\/radiotouring104\/wp-json\/wp\/v2\/media\/44607"}],"wp:attachment":[{"href":"https:\/\/progettotouring.it\/radiotouring104\/wp-json\/wp\/v2\/media?parent=44606"}],"wp:term":[{"taxonomy":"category","embeddable":true,"href":"https:\/\/progettotouring.it\/radiotouring104\/wp-json\/wp\/v2\/categories?post=44606"},{"taxonomy":"post_tag","embeddable":true,"href":"https:\/\/progettotouring.it\/radiotouring104\/wp-json\/wp\/v2\/tags?post=44606"}],"curies":[{"name":"wp","href":"https:\/\/api.w.org\/{rel}","templated":true}]}}