{"id":44609,"date":"2024-02-14T09:59:55","date_gmt":"2024-02-14T08:59:55","guid":{"rendered":"https:\/\/progettotouring.it\/radiotouring104\/?p=44609"},"modified":"2024-02-14T09:59:55","modified_gmt":"2024-02-14T08:59:55","slug":"a-palazzo-alvaro-lincontro-donne-progettualita-presente-e-futura","status":"publish","type":"post","link":"https:\/\/progettotouring.it\/radiotouring104\/2024\/02\/14\/a-palazzo-alvaro-lincontro-donne-progettualita-presente-e-futura\/","title":{"rendered":"A Palazzo Alvaro l&#8217;incontro &#8220;Donne: progettualit\u00e0 presente e futura&#8221;"},"content":{"rendered":"<p style=\"text-align: justify\">Il Sindaco Metropolitana<strong> Giuseppe Falcomat\u00e0<\/strong> ed il Vicesindaco <strong>Carmelo Versace<\/strong> <strong>hanno preso parte al convegno <em>&#8220;<\/em><\/strong><em>Donne: progettualit\u00e0 presente e futura &#8211; Scienza e resilienza&#8221;,<\/em> <strong>promosso dall&#8217;Ordine dei Geologi della Calabria<\/strong> in collaborazione con l&#8217;Ordine provinciale degli architetti, paesaggisti e conservatori, il Consiglio dei Geometri reggini, l&#8217;Ordine degli Ingegneri del territorio metropolitano e l&#8217;Ordine degli Agronomi e Forestali di Reggio Calabria. All&#8217;iniziativa, patrocinata dalla Citt\u00e0 Metropolitana, dal Comune di Reggio Calabria e dall\u2019Universit\u00e0 \u201cMediterranea\u201d<strong>, tra le altre autorit\u00e0<\/strong> presenti, ha preso parte<strong> anche la dirigente<\/strong> del settore Tutela del territorio e dell&#8217;ambiente della Citt\u00e0 Metropolitana , <strong>Domenica Catalfamo.<\/strong><\/p>\n<p style=\"text-align: justify\"><strong>Per il sindaco Falcomat\u00e0 si \u00e8 trattato di un<\/strong> \u00ab<em>convegno molto importante, con un parterre istituzionale nutrito e interessato ad una tematica mai banale\u00bb. \u00abL\u2019impegno delle donne all\u2019interno del mondo scientifico<\/em> \u2013<strong> ha detto<\/strong> \u2013 <em>\u00e8 sempre molto alto, ma non bisogna mai dimenticare la strada fatta per raggiungere una piena affermazione nel campo della ricerca e del lavoro e quanta strada bisogna ancora fare. Noi diamo il nostro contributo anche stando vicini alle realt\u00e0 associative che promuovono esperienze positive di donne nel mondo del lavoro e dell\u2019approccio femminile al mondo del lavoro\u00bb. \u00abLo facciamo \u2013<\/em> <strong>ha spiegato Falcomat\u00e0 \u2013<\/strong> <em>pure attraverso la toponomastica cittadina che, da qualche anno a questa parte, vede in straordinario aumento la presenza femminile quale segno di memoria ed esempio dato dalle donne nei diversi campi di riferimento\u00bb. \u00abIn questa circostanza &#8211;<\/em><strong> ha concluso il sindaco metropolitano &#8211;<\/strong><em> mi piace ricordare come siano state tantissime le ragazze reggine affermatesi alle Olimpiadi di astronomia, lanciando un importante messaggio di speranza, impegno e contributo per quelle che saranno le generazioni future\u00bb.<\/em><\/p>\n<p style=\"text-align: justify\"><strong>Anche il vicesindaco Carmelo Versace ha voluto sottolineare<\/strong> \u00abil momento di altissimo livello celebrato a Palazzo Alvaro grazie all\u2019Ordine dei Geologi ed al coinvolgimento di altre categorie professionali e associative\u00bb.<em> \u00abE\u2019 stata l\u2019occasione<\/em> \u2013<strong> ha aggiunto<\/strong> \u2013 <em>per conoscere tante donne impegnate sul territorio che hanno davvero segnato la loro storia professionale ed umana nelle diverse discipline in cui sono state chiamate ad operare. Le donne, infatti, assumono sempre pi\u00f9 un ruolo rilevante in quella che \u00e8 la programmazione e nelle decisioni pi\u00f9 importanti che si devono assumere sul territorio metropolitano\u00bb. \u00abIl convegno<\/em> \u2013<strong> ha concluso Versace<\/strong> \u2013 <em>\u00e8 stato molto gradito dalla Citt\u00e0 Metropolitana che non ha esitato un solo istante a coadiuvarne l\u2019organizzazione che ha visto schierate in prima linea molte associazioni che parlano al femminile e guardano sempre alle strategie messe in campo dall\u2019amministrazione della Citt\u00e0 Metropolitana di Reggio Calabria\u00bb.<\/em><\/p>\n","protected":false},"excerpt":{"rendered":"<p>Il Sindaco Metropolitana Giuseppe Falcomat\u00e0 ed il Vicesindaco Carmelo Versace hanno preso parte al convegno &#8220;Donne: progettualit\u00e0 presente e futura &#8211; Scienza e resilienza&#8221;, promosso dall&#8217;Ordine dei Geologi della Calabria&hellip;<\/p>\n","protected":false},"author":12,"featured_media":44610,"comment_status":"closed","ping_status":"open","sticky":false,"template":"","format":"standard","meta":{"_jetpack_memberships_contains_paid_content":false,"footnotes":"","jetpack_publicize_message":"","jetpack_publicize_feature_enabled":true,"jetpack_social_post_already_shared":false,"jetpack_social_options":{"image_generator_settings":{"template":"highway","default_image_id":0,"font":"","enabled":false},"version":2}},"categories":[921,196,140],"tags":[27521,239,3177,812,27522,739],"class_list":["post-44609","post","type-post","status-publish","format-standard","has-post-thumbnail","hentry","category-home","category-news","category-reggio-calabria","tag-incontro-donne-progettualita-presente-e-futura","tag-carmelo-versace","tag-domenica-catalfamo","tag-giuseppe-falcomata","tag-ordine-dei-geologi-della-calabria","tag-palazzo-alvaro"],"yoast_head":"<!-- This site is optimized with the Yoast SEO plugin v27.2 - https:\/\/yoast.com\/product\/yoast-seo-wordpress\/ -->\n<title>A Palazzo Alvaro l&#039;incontro &quot;Donne: progettualit\u00e0 presente e futura&quot;<\/title>\n<meta name=\"description\" content=\"Il Sindaco Falcomat\u00e0 e Vicesindaco Versace: &quot;Impegno al femminile \u00e8 un valore aggiunto per il nostro territorio&quot;\" \/>\n<meta name=\"robots\" content=\"index, follow, max-snippet:-1, max-image-preview:large, max-video-preview:-1\" \/>\n<link rel=\"canonical\" href=\"https:\/\/progettotouring.it\/radiotouring104\/2024\/02\/14\/a-palazzo-alvaro-lincontro-donne-progettualita-presente-e-futura\/\" \/>\n<meta property=\"og:locale\" content=\"it_IT\" \/>\n<meta property=\"og:type\" content=\"article\" \/>\n<meta property=\"og:title\" content=\"A Palazzo Alvaro l&#039;incontro &quot;Donne: progettualit\u00e0 presente e futura&quot;\" \/>\n<meta property=\"og:description\" content=\"Il Sindaco Falcomat\u00e0 e Vicesindaco Versace: &quot;Impegno al femminile \u00e8 un valore aggiunto per il nostro territorio&quot;\" \/>\n<meta property=\"og:url\" content=\"https:\/\/progettotouring.it\/radiotouring104\/2024\/02\/14\/a-palazzo-alvaro-lincontro-donne-progettualita-presente-e-futura\/\" \/>\n<meta property=\"og:site_name\" content=\"Radio Touring 104\" \/>\n<meta property=\"article:published_time\" content=\"2024-02-14T08:59:55+00:00\" \/>\n<meta property=\"og:image\" content=\"https:\/\/progettotouring.it\/radiotouring104\/wp-content\/uploads\/sites\/6\/2024\/02\/donne-presente-e-futuro-Palazzo-Alvaro-Falcomata-Versace-Catalfamo-scaled.jpg\" \/>\n\t<meta property=\"og:image:width\" content=\"2560\" \/>\n\t<meta property=\"og:image:height\" content=\"641\" \/>\n\t<meta property=\"og:image:type\" content=\"image\/jpeg\" \/>\n<meta name=\"author\" content=\"Sebastiano Plutino\" \/>\n<meta name=\"twitter:card\" content=\"summary_large_image\" \/>\n<meta name=\"twitter:label1\" content=\"Scritto da\" \/>\n\t<meta name=\"twitter:data1\" content=\"Sebastiano Plutino\" \/>\n\t<meta name=\"twitter:label2\" content=\"Tempo di lettura stimato\" \/>\n\t<meta name=\"twitter:data2\" content=\"2 minuti\" \/>\n<script type=\"application\/ld+json\" class=\"yoast-schema-graph\">{\"@context\":\"https:\/\/schema.org\",\"@graph\":[{\"@type\":\"Article\",\"@id\":\"https:\/\/progettotouring.it\/radiotouring104\/2024\/02\/14\/a-palazzo-alvaro-lincontro-donne-progettualita-presente-e-futura\/#article\",\"isPartOf\":{\"@id\":\"https:\/\/progettotouring.it\/radiotouring104\/2024\/02\/14\/a-palazzo-alvaro-lincontro-donne-progettualita-presente-e-futura\/\"},\"author\":{\"name\":\"Sebastiano Plutino\",\"@id\":\"https:\/\/progettotouring.it\/radiotouring104\/#\/schema\/person\/78613917f1851f041f7483f5af1d422e\"},\"headline\":\"A Palazzo Alvaro l&#8217;incontro &#8220;Donne: progettualit\u00e0 presente e futura&#8221;\",\"datePublished\":\"2024-02-14T08:59:55+00:00\",\"mainEntityOfPage\":{\"@id\":\"https:\/\/progettotouring.it\/radiotouring104\/2024\/02\/14\/a-palazzo-alvaro-lincontro-donne-progettualita-presente-e-futura\/\"},\"wordCount\":418,\"publisher\":{\"@id\":\"https:\/\/progettotouring.it\/radiotouring104\/#organization\"},\"image\":{\"@id\":\"https:\/\/progettotouring.it\/radiotouring104\/2024\/02\/14\/a-palazzo-alvaro-lincontro-donne-progettualita-presente-e-futura\/#primaryimage\"},\"thumbnailUrl\":\"https:\/\/progettotouring.it\/radiotouring104\/wp-content\/uploads\/sites\/6\/2024\/02\/donne-presente-e-futuro-Palazzo-Alvaro-Falcomata-Versace-Catalfamo-scaled.jpg\",\"keywords\":[\"'incontro \\\"Donne: progettualit\u00e0 presente e futura\\\"\",\"carmelo versace\",\"Domenica Catalfamo\",\"Giuseppe Falcomat\u00e0\",\"Ordine dei Geologi della Calabria\",\"Palazzo Alvaro\"],\"articleSection\":[\"Home\",\"News\",\"Reggio Calabria\"],\"inLanguage\":\"it-IT\"},{\"@type\":\"WebPage\",\"@id\":\"https:\/\/progettotouring.it\/radiotouring104\/2024\/02\/14\/a-palazzo-alvaro-lincontro-donne-progettualita-presente-e-futura\/\",\"url\":\"https:\/\/progettotouring.it\/radiotouring104\/2024\/02\/14\/a-palazzo-alvaro-lincontro-donne-progettualita-presente-e-futura\/\",\"name\":\"A Palazzo Alvaro l'incontro \\\"Donne: progettualit\u00e0 presente e futura\\\"\",\"isPartOf\":{\"@id\":\"https:\/\/progettotouring.it\/radiotouring104\/#website\"},\"primaryImageOfPage\":{\"@id\":\"https:\/\/progettotouring.it\/radiotouring104\/2024\/02\/14\/a-palazzo-alvaro-lincontro-donne-progettualita-presente-e-futura\/#primaryimage\"},\"image\":{\"@id\":\"https:\/\/progettotouring.it\/radiotouring104\/2024\/02\/14\/a-palazzo-alvaro-lincontro-donne-progettualita-presente-e-futura\/#primaryimage\"},\"thumbnailUrl\":\"https:\/\/progettotouring.it\/radiotouring104\/wp-content\/uploads\/sites\/6\/2024\/02\/donne-presente-e-futuro-Palazzo-Alvaro-Falcomata-Versace-Catalfamo-scaled.jpg\",\"datePublished\":\"2024-02-14T08:59:55+00:00\",\"description\":\"Il Sindaco Falcomat\u00e0 e Vicesindaco Versace: \\\"Impegno al femminile \u00e8 un valore aggiunto per il nostro territorio\\\"\",\"breadcrumb\":{\"@id\":\"https:\/\/progettotouring.it\/radiotouring104\/2024\/02\/14\/a-palazzo-alvaro-lincontro-donne-progettualita-presente-e-futura\/#breadcrumb\"},\"inLanguage\":\"it-IT\",\"potentialAction\":[{\"@type\":\"ReadAction\",\"target\":[\"https:\/\/progettotouring.it\/radiotouring104\/2024\/02\/14\/a-palazzo-alvaro-lincontro-donne-progettualita-presente-e-futura\/\"]}]},{\"@type\":\"ImageObject\",\"inLanguage\":\"it-IT\",\"@id\":\"https:\/\/progettotouring.it\/radiotouring104\/2024\/02\/14\/a-palazzo-alvaro-lincontro-donne-progettualita-presente-e-futura\/#primaryimage\",\"url\":\"https:\/\/progettotouring.it\/radiotouring104\/wp-content\/uploads\/sites\/6\/2024\/02\/donne-presente-e-futuro-Palazzo-Alvaro-Falcomata-Versace-Catalfamo-scaled.jpg\",\"contentUrl\":\"https:\/\/progettotouring.it\/radiotouring104\/wp-content\/uploads\/sites\/6\/2024\/02\/donne-presente-e-futuro-Palazzo-Alvaro-Falcomata-Versace-Catalfamo-scaled.jpg\",\"width\":2560,\"height\":641},{\"@type\":\"BreadcrumbList\",\"@id\":\"https:\/\/progettotouring.it\/radiotouring104\/2024\/02\/14\/a-palazzo-alvaro-lincontro-donne-progettualita-presente-e-futura\/#breadcrumb\",\"itemListElement\":[{\"@type\":\"ListItem\",\"position\":1,\"name\":\"Home\",\"item\":\"https:\/\/progettotouring.it\/radiotouring104\/\"},{\"@type\":\"ListItem\",\"position\":2,\"name\":\"A Palazzo Alvaro l&#8217;incontro &#8220;Donne: progettualit\u00e0 presente e futura&#8221;\"}]},{\"@type\":\"WebSite\",\"@id\":\"https:\/\/progettotouring.it\/radiotouring104\/#website\",\"url\":\"https:\/\/progettotouring.it\/radiotouring104\/\",\"name\":\"Radio Touring 104\",\"description\":\"La prima radio Reggina\",\"publisher\":{\"@id\":\"https:\/\/progettotouring.it\/radiotouring104\/#organization\"},\"potentialAction\":[{\"@type\":\"SearchAction\",\"target\":{\"@type\":\"EntryPoint\",\"urlTemplate\":\"https:\/\/progettotouring.it\/radiotouring104\/?s={search_term_string}\"},\"query-input\":{\"@type\":\"PropertyValueSpecification\",\"valueRequired\":true,\"valueName\":\"search_term_string\"}}],\"inLanguage\":\"it-IT\"},{\"@type\":\"Organization\",\"@id\":\"https:\/\/progettotouring.it\/radiotouring104\/#organization\",\"name\":\"Radio Touring 104\",\"url\":\"https:\/\/progettotouring.it\/radiotouring104\/\",\"logo\":{\"@type\":\"ImageObject\",\"inLanguage\":\"it-IT\",\"@id\":\"https:\/\/progettotouring.it\/radiotouring104\/#\/schema\/logo\/image\/\",\"url\":\"https:\/\/progettotouring.it\/radiotouring104\/wp-content\/uploads\/sites\/6\/2022\/02\/cropped-logo-radio-touring-104.png\",\"contentUrl\":\"https:\/\/progettotouring.it\/radiotouring104\/wp-content\/uploads\/sites\/6\/2022\/02\/cropped-logo-radio-touring-104.png\",\"width\":377,\"height\":182,\"caption\":\"Radio Touring 104\"},\"image\":{\"@id\":\"https:\/\/progettotouring.it\/radiotouring104\/#\/schema\/logo\/image\/\"}},{\"@type\":\"Person\",\"@id\":\"https:\/\/progettotouring.it\/radiotouring104\/#\/schema\/person\/78613917f1851f041f7483f5af1d422e\",\"name\":\"Sebastiano Plutino\",\"image\":{\"@type\":\"ImageObject\",\"inLanguage\":\"it-IT\",\"@id\":\"https:\/\/secure.gravatar.com\/avatar\/0546ffaa9b79224faf9f2a156b67a529ae861d3287c66c1d8ccfdf909bcba78d?s=96&d=mm&r=g\",\"url\":\"https:\/\/secure.gravatar.com\/avatar\/0546ffaa9b79224faf9f2a156b67a529ae861d3287c66c1d8ccfdf909bcba78d?s=96&d=mm&r=g\",\"contentUrl\":\"https:\/\/secure.gravatar.com\/avatar\/0546ffaa9b79224faf9f2a156b67a529ae861d3287c66c1d8ccfdf909bcba78d?s=96&d=mm&r=g\",\"caption\":\"Sebastiano Plutino\"},\"url\":\"https:\/\/progettotouring.it\/radiotouring104\/author\/sebastiano\/\"}]}<\/script>\n<!-- \/ Yoast SEO plugin. -->","yoast_head_json":{"title":"A Palazzo Alvaro l'incontro \"Donne: progettualit\u00e0 presente e futura\"","description":"Il Sindaco Falcomat\u00e0 e Vicesindaco Versace: \"Impegno al femminile \u00e8 un valore aggiunto per il nostro territorio\"","robots":{"index":"index","follow":"follow","max-snippet":"max-snippet:-1","max-image-preview":"max-image-preview:large","max-video-preview":"max-video-preview:-1"},"canonical":"https:\/\/progettotouring.it\/radiotouring104\/2024\/02\/14\/a-palazzo-alvaro-lincontro-donne-progettualita-presente-e-futura\/","og_locale":"it_IT","og_type":"article","og_title":"A Palazzo Alvaro l'incontro \"Donne: progettualit\u00e0 presente e futura\"","og_description":"Il Sindaco Falcomat\u00e0 e Vicesindaco Versace: \"Impegno al femminile \u00e8 un valore aggiunto per il nostro territorio\"","og_url":"https:\/\/progettotouring.it\/radiotouring104\/2024\/02\/14\/a-palazzo-alvaro-lincontro-donne-progettualita-presente-e-futura\/","og_site_name":"Radio Touring 104","article_published_time":"2024-02-14T08:59:55+00:00","og_image":[{"width":2560,"height":641,"url":"https:\/\/progettotouring.it\/radiotouring104\/wp-content\/uploads\/sites\/6\/2024\/02\/donne-presente-e-futuro-Palazzo-Alvaro-Falcomata-Versace-Catalfamo-scaled.jpg","type":"image\/jpeg"}],"author":"Sebastiano Plutino","twitter_card":"summary_large_image","twitter_misc":{"Scritto da":"Sebastiano Plutino","Tempo di lettura stimato":"2 minuti"},"schema":{"@context":"https:\/\/schema.org","@graph":[{"@type":"Article","@id":"https:\/\/progettotouring.it\/radiotouring104\/2024\/02\/14\/a-palazzo-alvaro-lincontro-donne-progettualita-presente-e-futura\/#article","isPartOf":{"@id":"https:\/\/progettotouring.it\/radiotouring104\/2024\/02\/14\/a-palazzo-alvaro-lincontro-donne-progettualita-presente-e-futura\/"},"author":{"name":"Sebastiano Plutino","@id":"https:\/\/progettotouring.it\/radiotouring104\/#\/schema\/person\/78613917f1851f041f7483f5af1d422e"},"headline":"A Palazzo Alvaro l&#8217;incontro &#8220;Donne: progettualit\u00e0 presente e futura&#8221;","datePublished":"2024-02-14T08:59:55+00:00","mainEntityOfPage":{"@id":"https:\/\/progettotouring.it\/radiotouring104\/2024\/02\/14\/a-palazzo-alvaro-lincontro-donne-progettualita-presente-e-futura\/"},"wordCount":418,"publisher":{"@id":"https:\/\/progettotouring.it\/radiotouring104\/#organization"},"image":{"@id":"https:\/\/progettotouring.it\/radiotouring104\/2024\/02\/14\/a-palazzo-alvaro-lincontro-donne-progettualita-presente-e-futura\/#primaryimage"},"thumbnailUrl":"https:\/\/progettotouring.it\/radiotouring104\/wp-content\/uploads\/sites\/6\/2024\/02\/donne-presente-e-futuro-Palazzo-Alvaro-Falcomata-Versace-Catalfamo-scaled.jpg","keywords":["'incontro \"Donne: progettualit\u00e0 presente e futura\"","carmelo versace","Domenica Catalfamo","Giuseppe Falcomat\u00e0","Ordine dei Geologi della Calabria","Palazzo Alvaro"],"articleSection":["Home","News","Reggio Calabria"],"inLanguage":"it-IT"},{"@type":"WebPage","@id":"https:\/\/progettotouring.it\/radiotouring104\/2024\/02\/14\/a-palazzo-alvaro-lincontro-donne-progettualita-presente-e-futura\/","url":"https:\/\/progettotouring.it\/radiotouring104\/2024\/02\/14\/a-palazzo-alvaro-lincontro-donne-progettualita-presente-e-futura\/","name":"A Palazzo Alvaro l'incontro \"Donne: progettualit\u00e0 presente e futura\"","isPartOf":{"@id":"https:\/\/progettotouring.it\/radiotouring104\/#website"},"primaryImageOfPage":{"@id":"https:\/\/progettotouring.it\/radiotouring104\/2024\/02\/14\/a-palazzo-alvaro-lincontro-donne-progettualita-presente-e-futura\/#primaryimage"},"image":{"@id":"https:\/\/progettotouring.it\/radiotouring104\/2024\/02\/14\/a-palazzo-alvaro-lincontro-donne-progettualita-presente-e-futura\/#primaryimage"},"thumbnailUrl":"https:\/\/progettotouring.it\/radiotouring104\/wp-content\/uploads\/sites\/6\/2024\/02\/donne-presente-e-futuro-Palazzo-Alvaro-Falcomata-Versace-Catalfamo-scaled.jpg","datePublished":"2024-02-14T08:59:55+00:00","description":"Il Sindaco Falcomat\u00e0 e Vicesindaco Versace: \"Impegno al femminile \u00e8 un valore aggiunto per il nostro territorio\"","breadcrumb":{"@id":"https:\/\/progettotouring.it\/radiotouring104\/2024\/02\/14\/a-palazzo-alvaro-lincontro-donne-progettualita-presente-e-futura\/#breadcrumb"},"inLanguage":"it-IT","potentialAction":[{"@type":"ReadAction","target":["https:\/\/progettotouring.it\/radiotouring104\/2024\/02\/14\/a-palazzo-alvaro-lincontro-donne-progettualita-presente-e-futura\/"]}]},{"@type":"ImageObject","inLanguage":"it-IT","@id":"https:\/\/progettotouring.it\/radiotouring104\/2024\/02\/14\/a-palazzo-alvaro-lincontro-donne-progettualita-presente-e-futura\/#primaryimage","url":"https:\/\/progettotouring.it\/radiotouring104\/wp-content\/uploads\/sites\/6\/2024\/02\/donne-presente-e-futuro-Palazzo-Alvaro-Falcomata-Versace-Catalfamo-scaled.jpg","contentUrl":"https:\/\/progettotouring.it\/radiotouring104\/wp-content\/uploads\/sites\/6\/2024\/02\/donne-presente-e-futuro-Palazzo-Alvaro-Falcomata-Versace-Catalfamo-scaled.jpg","width":2560,"height":641},{"@type":"BreadcrumbList","@id":"https:\/\/progettotouring.it\/radiotouring104\/2024\/02\/14\/a-palazzo-alvaro-lincontro-donne-progettualita-presente-e-futura\/#breadcrumb","itemListElement":[{"@type":"ListItem","position":1,"name":"Home","item":"https:\/\/progettotouring.it\/radiotouring104\/"},{"@type":"ListItem","position":2,"name":"A Palazzo Alvaro l&#8217;incontro &#8220;Donne: progettualit\u00e0 presente e futura&#8221;"}]},{"@type":"WebSite","@id":"https:\/\/progettotouring.it\/radiotouring104\/#website","url":"https:\/\/progettotouring.it\/radiotouring104\/","name":"Radio Touring 104","description":"La prima radio Reggina","publisher":{"@id":"https:\/\/progettotouring.it\/radiotouring104\/#organization"},"potentialAction":[{"@type":"SearchAction","target":{"@type":"EntryPoint","urlTemplate":"https:\/\/progettotouring.it\/radiotouring104\/?s={search_term_string}"},"query-input":{"@type":"PropertyValueSpecification","valueRequired":true,"valueName":"search_term_string"}}],"inLanguage":"it-IT"},{"@type":"Organization","@id":"https:\/\/progettotouring.it\/radiotouring104\/#organization","name":"Radio Touring 104","url":"https:\/\/progettotouring.it\/radiotouring104\/","logo":{"@type":"ImageObject","inLanguage":"it-IT","@id":"https:\/\/progettotouring.it\/radiotouring104\/#\/schema\/logo\/image\/","url":"https:\/\/progettotouring.it\/radiotouring104\/wp-content\/uploads\/sites\/6\/2022\/02\/cropped-logo-radio-touring-104.png","contentUrl":"https:\/\/progettotouring.it\/radiotouring104\/wp-content\/uploads\/sites\/6\/2022\/02\/cropped-logo-radio-touring-104.png","width":377,"height":182,"caption":"Radio Touring 104"},"image":{"@id":"https:\/\/progettotouring.it\/radiotouring104\/#\/schema\/logo\/image\/"}},{"@type":"Person","@id":"https:\/\/progettotouring.it\/radiotouring104\/#\/schema\/person\/78613917f1851f041f7483f5af1d422e","name":"Sebastiano Plutino","image":{"@type":"ImageObject","inLanguage":"it-IT","@id":"https:\/\/secure.gravatar.com\/avatar\/0546ffaa9b79224faf9f2a156b67a529ae861d3287c66c1d8ccfdf909bcba78d?s=96&d=mm&r=g","url":"https:\/\/secure.gravatar.com\/avatar\/0546ffaa9b79224faf9f2a156b67a529ae861d3287c66c1d8ccfdf909bcba78d?s=96&d=mm&r=g","contentUrl":"https:\/\/secure.gravatar.com\/avatar\/0546ffaa9b79224faf9f2a156b67a529ae861d3287c66c1d8ccfdf909bcba78d?s=96&d=mm&r=g","caption":"Sebastiano Plutino"},"url":"https:\/\/progettotouring.it\/radiotouring104\/author\/sebastiano\/"}]}},"jetpack_publicize_connections":[],"jetpack_featured_media_url":"https:\/\/progettotouring.it\/radiotouring104\/wp-content\/uploads\/sites\/6\/2024\/02\/donne-presente-e-futuro-Palazzo-Alvaro-Falcomata-Versace-Catalfamo-scaled.jpg","jetpack_sharing_enabled":true,"_links":{"self":[{"href":"https:\/\/progettotouring.it\/radiotouring104\/wp-json\/wp\/v2\/posts\/44609","targetHints":{"allow":["GET"]}}],"collection":[{"href":"https:\/\/progettotouring.it\/radiotouring104\/wp-json\/wp\/v2\/posts"}],"about":[{"href":"https:\/\/progettotouring.it\/radiotouring104\/wp-json\/wp\/v2\/types\/post"}],"author":[{"embeddable":true,"href":"https:\/\/progettotouring.it\/radiotouring104\/wp-json\/wp\/v2\/users\/12"}],"replies":[{"embeddable":true,"href":"https:\/\/progettotouring.it\/radiotouring104\/wp-json\/wp\/v2\/comments?post=44609"}],"version-history":[{"count":1,"href":"https:\/\/progettotouring.it\/radiotouring104\/wp-json\/wp\/v2\/posts\/44609\/revisions"}],"predecessor-version":[{"id":44611,"href":"https:\/\/progettotouring.it\/radiotouring104\/wp-json\/wp\/v2\/posts\/44609\/revisions\/44611"}],"wp:featuredmedia":[{"embeddable":true,"href":"https:\/\/progettotouring.it\/radiotouring104\/wp-json\/wp\/v2\/media\/44610"}],"wp:attachment":[{"href":"https:\/\/progettotouring.it\/radiotouring104\/wp-json\/wp\/v2\/media?parent=44609"}],"wp:term":[{"taxonomy":"category","embeddable":true,"href":"https:\/\/progettotouring.it\/radiotouring104\/wp-json\/wp\/v2\/categories?post=44609"},{"taxonomy":"post_tag","embeddable":true,"href":"https:\/\/progettotouring.it\/radiotouring104\/wp-json\/wp\/v2\/tags?post=44609"}],"curies":[{"name":"wp","href":"https:\/\/api.w.org\/{rel}","templated":true}]}}