{"id":4461,"date":"2022-04-22T12:52:09","date_gmt":"2022-04-22T10:52:09","guid":{"rendered":"https:\/\/progettotouring.it\/radiotouring104\/?p=4461"},"modified":"2022-04-22T13:01:26","modified_gmt":"2022-04-22T11:01:26","slug":"motta-san-giovanni-eletto-il-baby-sindaco-bruno-marciano-e-il-consiglio-comunale-delle-ragazze-e-dei-ragazzi-foto","status":"publish","type":"post","link":"https:\/\/progettotouring.it\/radiotouring104\/2022\/04\/22\/motta-san-giovanni-eletto-il-baby-sindaco-bruno-marciano-e-il-consiglio-comunale-delle-ragazze-e-dei-ragazzi-foto\/","title":{"rendered":"Motta San Giovanni, eletto il Baby Sindaco Bruno Marcian\u00f2 e il Consiglio Comunale delle ragazze e dei ragazzi [FOTO]"},"content":{"rendered":"<p style=\"text-align: justify;\">\u00c8 <strong>Bruno Marcian\u00f2<\/strong>, 12 anni la prossima settimana, frequentante la classe seconda della scuola secondaria \u201cFrancesco Jerace\u201d di Lazzaro, il baby sindaco di Motta San Giovanni. Insieme a lui, <strong>Francesco Branca, Ginevra Benedetto, Giovanna Mallamaci, Giuseppe Benedetto, Alessandro Grasso, Giada Gironda, Miriam Tuscano, Francesco Zampaglione, Chiara Calabr\u00f2, Francesca Squillaci, Giovanni Karol Squillaci, Mariaelena Marcian\u00f2<\/strong> sono stati eletti consiglieri che faranno parte del Consiglio comunale delle ragazze e dei ragazzi.<\/p>\n<p style=\"text-align: justify;\">Istituito lo scorso novembre d\u2019intesa con l\u2019Istituto comprensivo diretto dal prof. <strong>Fortunato Pratic\u00f2<\/strong>, fortemente voluto dal sindaco <strong>Giovanni Verduci<\/strong> e dall\u2019assessore con delega alla Pubblica istruzione <strong>Carmelita Lagan\u00e0, <\/strong>il Consiglio comunale delle ragazze e dei ragazzi (CRR) \u00e8 rivolto alla formazione dei pi\u00f9 giovani al fine di favorire una idonea crescita socio-culturale nella piena e naturale consapevolezza dei diritti e dei doveri verso le istituzioni e verso la comunit\u00e0.<\/p>\n<p style=\"text-align: justify;\">Il CCR \u00e8 costituito da alunni dell\u2019Istituto Comprensivo di Montebello-Motta San Giovanni che frequentano le scuole che ricadono nel territorio del Comune di Motta San Giovanni, opera in sinergia con gli amministratori comunali, le famiglie, i rappresentanti del terzo settore, le associazioni presenti nel territorio comunale. Ha funzioni propositive e consultive da manifestare tramite pareri o richieste di informazioni nei confronti del Consiglio comunale della citt\u00e0, su temi e problemi che riguardano la complessa attivit\u00e0 amministrativa, le varie esigenze ed istanze che provengono dal mondo giovanile o dai cittadini in genere. Pu\u00f2 richiedere al Sindaco del Comune di porre all\u2019ordine del giorno del competente organo comunale (Consiglio\/Giunta) degli argomenti specifici per la relativa discussione e decisione. Alla prima riunione del Consiglio Comunale dei Ragazzi, il baby-sindaco proceder\u00e0 all\u2019elezione del Presidente del CCR e dei componenti della Giunta, che sar\u00e0 formata da quattro Assessori compreso il Vicesindaco.<\/p>\n<p style=\"text-align: justify;\">A proclamare gli eletti, in occasione del Consiglio convocato per l\u2019occasione dal presidente <strong>Beniamino Mallamaci<\/strong>, \u00e8 stato il sindaco Verduci che ha voluto donare a Bruno Marcian\u00f2 la fascia tricolore augurando buon lavoro ai dodici studenti dell\u2019Istituto scolastico eletti consiglieri.<\/p>\n<p style=\"text-align: justify;\">\u201cCon questa proclamazione \u2013 hanno dichiarato il primo cittadino <strong>Giovanni Verduci<\/strong> e l\u2019assessore <strong>Carmelita Lagan\u00e0<\/strong> &#8211; l\u2019Amministrazione comunale conclude un iter burocratico significativo che, grazie anche all\u2019ottimo lavoro del corpo\u00a0 docente, ha visto tutti noi confrontarci con i ragazzi dell\u2019Istituto comprensivo. La politica deve prendere esempio da questi ragazzi che hanno portato avanti una campagna elettorale con serenit\u00e0, coinvolgendo tutti, candidati e non, per raggiungere obiettivi comuni attraverso la partecipazione, la solidariet\u00e0, l\u2019impegno civile, non solo all\u2019interno della scuola ma soprattutto nella comunit\u00e0\u201d.<\/p>\n<p style=\"text-align: justify;\">Emozionato, ma molto determinato, il baby sindaco <strong>Bruno Marcian\u00f2<\/strong> che nel suo primo intervento ha dichiarato di volersi impegnare tanto per non tradire la fiducia in lui riposta, adempiendo con serenit\u00e0 e tenacia al suo mandato, onorando la fascia tricolore con responsabilit\u00e0 e senso del dovere.<\/p>\n<div id=\"penci-post-gallery__19906\" class=\"penci-post-gallery-container single-slider column-3\" data-height=\"150\" data-margin=\"3\"><div class=\"penci-owl-carousel penci-owl-carousel-slider penci-nav-visible\" data-auto=\"true\" data-lazy=\"true\"><figure><a class=\"penci-gallery-ite item-gallery-single-slider item-link-relative\" href=\"https:\/\/progettotouring.it\/radiotouring104\/wp-content\/uploads\/sites\/6\/2022\/04\/baby-sindaco-motta-san-giovanni-9.jpg\"><span class=\"penci-isotope-padding\" style=\"padding-bottom:75.04273504%;\"><\/span><img decoding=\"async\" src=\"https:\/\/progettotouring.it\/radiotouring104\/wp-content\/uploads\/sites\/6\/2022\/04\/baby-sindaco-motta-san-giovanni-9-1170x878.jpg\" alt=\"\" title=\"baby sindaco motta san giovanni (9)\"><\/a><\/figure><figure><a class=\"penci-gallery-ite item-gallery-single-slider item-link-relative\" href=\"https:\/\/progettotouring.it\/radiotouring104\/wp-content\/uploads\/sites\/6\/2022\/04\/baby-sindaco-motta-san-giovanni-7.jpg\"><span class=\"penci-isotope-padding\" style=\"padding-bottom:75.04273504%;\"><\/span><img decoding=\"async\" src=\"https:\/\/progettotouring.it\/radiotouring104\/wp-content\/uploads\/sites\/6\/2022\/04\/baby-sindaco-motta-san-giovanni-7-1170x878.jpg\" alt=\"\" title=\"baby sindaco motta san giovanni (7)\"><\/a><\/figure><figure><a class=\"penci-gallery-ite item-gallery-single-slider item-link-relative\" href=\"https:\/\/progettotouring.it\/radiotouring104\/wp-content\/uploads\/sites\/6\/2022\/04\/baby-sindaco-motta-san-giovanni-6.jpg\"><span class=\"penci-isotope-padding\" style=\"padding-bottom:75.04273504%;\"><\/span><img decoding=\"async\" src=\"https:\/\/progettotouring.it\/radiotouring104\/wp-content\/uploads\/sites\/6\/2022\/04\/baby-sindaco-motta-san-giovanni-6-1170x878.jpg\" alt=\"\" title=\"baby sindaco motta san giovanni (6)\"><\/a><\/figure><figure><a class=\"penci-gallery-ite item-gallery-single-slider item-link-relative\" href=\"https:\/\/progettotouring.it\/radiotouring104\/wp-content\/uploads\/sites\/6\/2022\/04\/baby-sindaco-motta-san-giovanni-4.jpg\"><span class=\"penci-isotope-padding\" style=\"padding-bottom:59.74358974%;\"><\/span><img decoding=\"async\" src=\"https:\/\/progettotouring.it\/radiotouring104\/wp-content\/uploads\/sites\/6\/2022\/04\/baby-sindaco-motta-san-giovanni-4-1170x699.jpg\" alt=\"\" title=\"baby sindaco motta san giovanni (4)\"><\/a><\/figure><figure><a class=\"penci-gallery-ite item-gallery-single-slider item-link-relative\" href=\"https:\/\/progettotouring.it\/radiotouring104\/wp-content\/uploads\/sites\/6\/2022\/04\/baby-sindaco-motta-san-giovanni-5.jpg\"><span class=\"penci-isotope-padding\" style=\"padding-bottom:47.35042735%;\"><\/span><img decoding=\"async\" src=\"https:\/\/progettotouring.it\/radiotouring104\/wp-content\/uploads\/sites\/6\/2022\/04\/baby-sindaco-motta-san-giovanni-5-1170x554.jpg\" alt=\"\" title=\"baby sindaco motta san giovanni (5)\"><\/a><\/figure><figure><a class=\"penci-gallery-ite item-gallery-single-slider item-link-relative\" href=\"https:\/\/progettotouring.it\/radiotouring104\/wp-content\/uploads\/sites\/6\/2022\/04\/baby-sindaco-motta-san-giovanni-3.jpg\"><span class=\"penci-isotope-padding\" style=\"padding-bottom:101.20689655%;\"><\/span><img decoding=\"async\" src=\"https:\/\/progettotouring.it\/radiotouring104\/wp-content\/uploads\/sites\/6\/2022\/04\/baby-sindaco-motta-san-giovanni-3.jpg\" alt=\"\" title=\"baby sindaco motta san giovanni (3)\"><\/a><\/figure><figure><a class=\"penci-gallery-ite item-gallery-single-slider item-link-relative\" href=\"https:\/\/progettotouring.it\/radiotouring104\/wp-content\/uploads\/sites\/6\/2022\/04\/baby-sindaco-motta-san-giovanni-8.jpg\"><span class=\"penci-isotope-padding\" style=\"padding-bottom:75.04273504%;\"><\/span><img decoding=\"async\" src=\"https:\/\/progettotouring.it\/radiotouring104\/wp-content\/uploads\/sites\/6\/2022\/04\/baby-sindaco-motta-san-giovanni-8-1170x878.jpg\" alt=\"\" title=\"baby sindaco motta san giovanni (8)\"><\/a><\/figure><figure><a class=\"penci-gallery-ite item-gallery-single-slider item-link-relative\" href=\"https:\/\/progettotouring.it\/radiotouring104\/wp-content\/uploads\/sites\/6\/2022\/04\/baby-sindaco-motta-san-giovanni-10.jpg\"><span class=\"penci-isotope-padding\" style=\"padding-bottom:75.04273504%;\"><\/span><img decoding=\"async\" src=\"https:\/\/progettotouring.it\/radiotouring104\/wp-content\/uploads\/sites\/6\/2022\/04\/baby-sindaco-motta-san-giovanni-10-1170x878.jpg\" alt=\"baby sindaco motta san giovanni (10)\" title=\"baby sindaco motta san giovanni (10)\"><\/a><\/figure><figure><a class=\"penci-gallery-ite item-gallery-single-slider item-link-relative\" href=\"https:\/\/progettotouring.it\/radiotouring104\/wp-content\/uploads\/sites\/6\/2022\/04\/baby-sindaco-motta-san-giovanni-2.jpg\"><span class=\"penci-isotope-padding\" style=\"padding-bottom:74.95575221%;\"><\/span><img decoding=\"async\" src=\"https:\/\/progettotouring.it\/radiotouring104\/wp-content\/uploads\/sites\/6\/2022\/04\/baby-sindaco-motta-san-giovanni-2.jpg\" alt=\"\" title=\"baby sindaco motta san giovanni (2)\"><\/a><\/figure><figure><a class=\"penci-gallery-ite item-gallery-single-slider item-link-relative\" href=\"https:\/\/progettotouring.it\/radiotouring104\/wp-content\/uploads\/sites\/6\/2022\/04\/baby-sindaco-motta-san-giovanni-1-rotated.jpg\"><span class=\"penci-isotope-padding\" style=\"padding-bottom:133.33333333%;\"><\/span><img decoding=\"async\" src=\"https:\/\/progettotouring.it\/radiotouring104\/wp-content\/uploads\/sites\/6\/2022\/04\/baby-sindaco-motta-san-giovanni-1-1170x1560.jpg\" alt=\"\" title=\"baby sindaco motta san giovanni (1)\"><\/a><\/figure><\/div><\/div>\n","protected":false},"excerpt":{"rendered":"<p>\u00c8 Bruno Marcian\u00f2, 12 anni la prossima settimana, frequentante la classe seconda della scuola secondaria \u201cFrancesco Jerace\u201d di Lazzaro, il baby sindaco di Motta San Giovanni. Insieme a lui, Francesco&hellip;<\/p>\n","protected":false},"author":5,"featured_media":4471,"comment_status":"open","ping_status":"open","sticky":false,"template":"","format":"standard","meta":{"_jetpack_memberships_contains_paid_content":false,"footnotes":"","jetpack_publicize_message":"","jetpack_publicize_feature_enabled":true,"jetpack_social_post_already_shared":false,"jetpack_social_options":{"image_generator_settings":{"template":"highway","default_image_id":0,"font":"","enabled":false},"version":2}},"categories":[921,196,140],"tags":[1119,1122,1121,1120,676],"class_list":["post-4461","post","type-post","status-publish","format-standard","has-post-thumbnail","hentry","category-home","category-news","category-reggio-calabria","tag-baby-sindaco","tag-beniamino-mallamaci","tag-bruno-marciano","tag-lazzaro","tag-motta-san-giovanni"],"yoast_head":"<!-- This site is optimized with the Yoast SEO plugin v27.2 - https:\/\/yoast.com\/product\/yoast-seo-wordpress\/ -->\n<title>Motta, eletto il Baby Sindaco Bruno Marcian\u00f2 [FOTO]<\/title>\n<meta name=\"description\" content=\"Bruno Marcian\u00f2, 12 anni la prossima settimana, della scuola &quot;Francesco Ierace&quot; di Lazzaro, \u00e8 stato eletto Baby Sindaco di Motta San Giovanni\" \/>\n<meta name=\"robots\" content=\"index, follow, max-snippet:-1, max-image-preview:large, max-video-preview:-1\" \/>\n<link rel=\"canonical\" href=\"https:\/\/progettotouring.it\/radiotouring104\/2022\/04\/22\/motta-san-giovanni-eletto-il-baby-sindaco-bruno-marciano-e-il-consiglio-comunale-delle-ragazze-e-dei-ragazzi-foto\/\" \/>\n<meta property=\"og:locale\" content=\"it_IT\" \/>\n<meta property=\"og:type\" content=\"article\" \/>\n<meta property=\"og:title\" content=\"Motta, eletto il Baby Sindaco Bruno Marcian\u00f2 [FOTO]\" \/>\n<meta property=\"og:description\" content=\"Bruno Marcian\u00f2, 12 anni la prossima settimana, della scuola &quot;Francesco Ierace&quot; di Lazzaro, \u00e8 stato eletto Baby Sindaco di Motta San Giovanni\" \/>\n<meta property=\"og:url\" content=\"https:\/\/progettotouring.it\/radiotouring104\/2022\/04\/22\/motta-san-giovanni-eletto-il-baby-sindaco-bruno-marciano-e-il-consiglio-comunale-delle-ragazze-e-dei-ragazzi-foto\/\" \/>\n<meta property=\"og:site_name\" content=\"Radio Touring 104\" \/>\n<meta property=\"article:published_time\" content=\"2022-04-22T10:52:09+00:00\" \/>\n<meta property=\"article:modified_time\" content=\"2022-04-22T11:01:26+00:00\" \/>\n<meta property=\"og:image\" content=\"https:\/\/progettotouring.it\/radiotouring104\/wp-content\/uploads\/sites\/6\/2022\/04\/baby-sindaco-motta-san-giovanni-10.jpg\" \/>\n\t<meta property=\"og:image:width\" content=\"2016\" \/>\n\t<meta property=\"og:image:height\" content=\"1512\" \/>\n\t<meta property=\"og:image:type\" content=\"image\/jpeg\" \/>\n<meta name=\"author\" content=\"redazione\" \/>\n<meta name=\"twitter:card\" content=\"summary_large_image\" \/>\n<meta name=\"twitter:label1\" content=\"Scritto da\" \/>\n\t<meta name=\"twitter:data1\" content=\"redazione\" \/>\n\t<meta name=\"twitter:label2\" content=\"Tempo di lettura stimato\" \/>\n\t<meta name=\"twitter:data2\" content=\"2 minuti\" \/>\n<script type=\"application\/ld+json\" class=\"yoast-schema-graph\">{\"@context\":\"https:\/\/schema.org\",\"@graph\":[{\"@type\":\"Article\",\"@id\":\"https:\/\/progettotouring.it\/radiotouring104\/2022\/04\/22\/motta-san-giovanni-eletto-il-baby-sindaco-bruno-marciano-e-il-consiglio-comunale-delle-ragazze-e-dei-ragazzi-foto\/#article\",\"isPartOf\":{\"@id\":\"https:\/\/progettotouring.it\/radiotouring104\/2022\/04\/22\/motta-san-giovanni-eletto-il-baby-sindaco-bruno-marciano-e-il-consiglio-comunale-delle-ragazze-e-dei-ragazzi-foto\/\"},\"author\":{\"name\":\"redazione\",\"@id\":\"https:\/\/progettotouring.it\/radiotouring104\/#\/schema\/person\/1b3eb3c07c47136bc44c785c543e635f\"},\"headline\":\"Motta San Giovanni, eletto il Baby Sindaco Bruno Marcian\u00f2 e il Consiglio Comunale delle ragazze e dei ragazzi [FOTO]\",\"datePublished\":\"2022-04-22T10:52:09+00:00\",\"dateModified\":\"2022-04-22T11:01:26+00:00\",\"mainEntityOfPage\":{\"@id\":\"https:\/\/progettotouring.it\/radiotouring104\/2022\/04\/22\/motta-san-giovanni-eletto-il-baby-sindaco-bruno-marciano-e-il-consiglio-comunale-delle-ragazze-e-dei-ragazzi-foto\/\"},\"wordCount\":487,\"commentCount\":0,\"publisher\":{\"@id\":\"https:\/\/progettotouring.it\/radiotouring104\/#organization\"},\"image\":{\"@id\":\"https:\/\/progettotouring.it\/radiotouring104\/2022\/04\/22\/motta-san-giovanni-eletto-il-baby-sindaco-bruno-marciano-e-il-consiglio-comunale-delle-ragazze-e-dei-ragazzi-foto\/#primaryimage\"},\"thumbnailUrl\":\"https:\/\/progettotouring.it\/radiotouring104\/wp-content\/uploads\/sites\/6\/2022\/04\/baby-sindaco-motta-san-giovanni-10.jpg\",\"keywords\":[\"baby sindaco\",\"Beniamino Mallamaci\",\"Bruno Marcian\u00f2\",\"Lazzaro\",\"Motta San Giovanni\"],\"articleSection\":[\"Home\",\"News\",\"Reggio Calabria\"],\"inLanguage\":\"it-IT\",\"potentialAction\":[{\"@type\":\"CommentAction\",\"name\":\"Comment\",\"target\":[\"https:\/\/progettotouring.it\/radiotouring104\/2022\/04\/22\/motta-san-giovanni-eletto-il-baby-sindaco-bruno-marciano-e-il-consiglio-comunale-delle-ragazze-e-dei-ragazzi-foto\/#respond\"]}]},{\"@type\":\"WebPage\",\"@id\":\"https:\/\/progettotouring.it\/radiotouring104\/2022\/04\/22\/motta-san-giovanni-eletto-il-baby-sindaco-bruno-marciano-e-il-consiglio-comunale-delle-ragazze-e-dei-ragazzi-foto\/\",\"url\":\"https:\/\/progettotouring.it\/radiotouring104\/2022\/04\/22\/motta-san-giovanni-eletto-il-baby-sindaco-bruno-marciano-e-il-consiglio-comunale-delle-ragazze-e-dei-ragazzi-foto\/\",\"name\":\"Motta, eletto il Baby Sindaco Bruno Marcian\u00f2 [FOTO]\",\"isPartOf\":{\"@id\":\"https:\/\/progettotouring.it\/radiotouring104\/#website\"},\"primaryImageOfPage\":{\"@id\":\"https:\/\/progettotouring.it\/radiotouring104\/2022\/04\/22\/motta-san-giovanni-eletto-il-baby-sindaco-bruno-marciano-e-il-consiglio-comunale-delle-ragazze-e-dei-ragazzi-foto\/#primaryimage\"},\"image\":{\"@id\":\"https:\/\/progettotouring.it\/radiotouring104\/2022\/04\/22\/motta-san-giovanni-eletto-il-baby-sindaco-bruno-marciano-e-il-consiglio-comunale-delle-ragazze-e-dei-ragazzi-foto\/#primaryimage\"},\"thumbnailUrl\":\"https:\/\/progettotouring.it\/radiotouring104\/wp-content\/uploads\/sites\/6\/2022\/04\/baby-sindaco-motta-san-giovanni-10.jpg\",\"datePublished\":\"2022-04-22T10:52:09+00:00\",\"dateModified\":\"2022-04-22T11:01:26+00:00\",\"description\":\"Bruno Marcian\u00f2, 12 anni la prossima settimana, della scuola \\\"Francesco Ierace\\\" di Lazzaro, \u00e8 stato eletto Baby Sindaco di Motta San Giovanni\",\"breadcrumb\":{\"@id\":\"https:\/\/progettotouring.it\/radiotouring104\/2022\/04\/22\/motta-san-giovanni-eletto-il-baby-sindaco-bruno-marciano-e-il-consiglio-comunale-delle-ragazze-e-dei-ragazzi-foto\/#breadcrumb\"},\"inLanguage\":\"it-IT\",\"potentialAction\":[{\"@type\":\"ReadAction\",\"target\":[\"https:\/\/progettotouring.it\/radiotouring104\/2022\/04\/22\/motta-san-giovanni-eletto-il-baby-sindaco-bruno-marciano-e-il-consiglio-comunale-delle-ragazze-e-dei-ragazzi-foto\/\"]}]},{\"@type\":\"ImageObject\",\"inLanguage\":\"it-IT\",\"@id\":\"https:\/\/progettotouring.it\/radiotouring104\/2022\/04\/22\/motta-san-giovanni-eletto-il-baby-sindaco-bruno-marciano-e-il-consiglio-comunale-delle-ragazze-e-dei-ragazzi-foto\/#primaryimage\",\"url\":\"https:\/\/progettotouring.it\/radiotouring104\/wp-content\/uploads\/sites\/6\/2022\/04\/baby-sindaco-motta-san-giovanni-10.jpg\",\"contentUrl\":\"https:\/\/progettotouring.it\/radiotouring104\/wp-content\/uploads\/sites\/6\/2022\/04\/baby-sindaco-motta-san-giovanni-10.jpg\",\"width\":2016,\"height\":1512,\"caption\":\"baby sindaco motta san giovanni (10)\"},{\"@type\":\"BreadcrumbList\",\"@id\":\"https:\/\/progettotouring.it\/radiotouring104\/2022\/04\/22\/motta-san-giovanni-eletto-il-baby-sindaco-bruno-marciano-e-il-consiglio-comunale-delle-ragazze-e-dei-ragazzi-foto\/#breadcrumb\",\"itemListElement\":[{\"@type\":\"ListItem\",\"position\":1,\"name\":\"Home\",\"item\":\"https:\/\/progettotouring.it\/radiotouring104\/\"},{\"@type\":\"ListItem\",\"position\":2,\"name\":\"Motta San Giovanni, eletto il Baby Sindaco Bruno Marcian\u00f2 e il Consiglio Comunale delle ragazze e dei ragazzi [FOTO]\"}]},{\"@type\":\"WebSite\",\"@id\":\"https:\/\/progettotouring.it\/radiotouring104\/#website\",\"url\":\"https:\/\/progettotouring.it\/radiotouring104\/\",\"name\":\"Radio Touring 104\",\"description\":\"La prima radio Reggina\",\"publisher\":{\"@id\":\"https:\/\/progettotouring.it\/radiotouring104\/#organization\"},\"potentialAction\":[{\"@type\":\"SearchAction\",\"target\":{\"@type\":\"EntryPoint\",\"urlTemplate\":\"https:\/\/progettotouring.it\/radiotouring104\/?s={search_term_string}\"},\"query-input\":{\"@type\":\"PropertyValueSpecification\",\"valueRequired\":true,\"valueName\":\"search_term_string\"}}],\"inLanguage\":\"it-IT\"},{\"@type\":\"Organization\",\"@id\":\"https:\/\/progettotouring.it\/radiotouring104\/#organization\",\"name\":\"Radio Touring 104\",\"url\":\"https:\/\/progettotouring.it\/radiotouring104\/\",\"logo\":{\"@type\":\"ImageObject\",\"inLanguage\":\"it-IT\",\"@id\":\"https:\/\/progettotouring.it\/radiotouring104\/#\/schema\/logo\/image\/\",\"url\":\"https:\/\/progettotouring.it\/radiotouring104\/wp-content\/uploads\/sites\/6\/2022\/02\/cropped-logo-radio-touring-104.png\",\"contentUrl\":\"https:\/\/progettotouring.it\/radiotouring104\/wp-content\/uploads\/sites\/6\/2022\/02\/cropped-logo-radio-touring-104.png\",\"width\":377,\"height\":182,\"caption\":\"Radio Touring 104\"},\"image\":{\"@id\":\"https:\/\/progettotouring.it\/radiotouring104\/#\/schema\/logo\/image\/\"}},{\"@type\":\"Person\",\"@id\":\"https:\/\/progettotouring.it\/radiotouring104\/#\/schema\/person\/1b3eb3c07c47136bc44c785c543e635f\",\"name\":\"redazione\",\"image\":{\"@type\":\"ImageObject\",\"inLanguage\":\"it-IT\",\"@id\":\"https:\/\/secure.gravatar.com\/avatar\/0b31605b49f100769e8b624b3e05de1b73e1692e9568a352f60f53fd072e6e11?s=96&d=mm&r=g\",\"url\":\"https:\/\/secure.gravatar.com\/avatar\/0b31605b49f100769e8b624b3e05de1b73e1692e9568a352f60f53fd072e6e11?s=96&d=mm&r=g\",\"contentUrl\":\"https:\/\/secure.gravatar.com\/avatar\/0b31605b49f100769e8b624b3e05de1b73e1692e9568a352f60f53fd072e6e11?s=96&d=mm&r=g\",\"caption\":\"redazione\"},\"url\":\"https:\/\/progettotouring.it\/radiotouring104\/author\/redazione\/\"}]}<\/script>\n<!-- \/ Yoast SEO plugin. -->","yoast_head_json":{"title":"Motta, eletto il Baby Sindaco Bruno Marcian\u00f2 [FOTO]","description":"Bruno Marcian\u00f2, 12 anni la prossima settimana, della scuola \"Francesco Ierace\" di Lazzaro, \u00e8 stato eletto Baby Sindaco di Motta San Giovanni","robots":{"index":"index","follow":"follow","max-snippet":"max-snippet:-1","max-image-preview":"max-image-preview:large","max-video-preview":"max-video-preview:-1"},"canonical":"https:\/\/progettotouring.it\/radiotouring104\/2022\/04\/22\/motta-san-giovanni-eletto-il-baby-sindaco-bruno-marciano-e-il-consiglio-comunale-delle-ragazze-e-dei-ragazzi-foto\/","og_locale":"it_IT","og_type":"article","og_title":"Motta, eletto il Baby Sindaco Bruno Marcian\u00f2 [FOTO]","og_description":"Bruno Marcian\u00f2, 12 anni la prossima settimana, della scuola \"Francesco Ierace\" di Lazzaro, \u00e8 stato eletto Baby Sindaco di Motta San Giovanni","og_url":"https:\/\/progettotouring.it\/radiotouring104\/2022\/04\/22\/motta-san-giovanni-eletto-il-baby-sindaco-bruno-marciano-e-il-consiglio-comunale-delle-ragazze-e-dei-ragazzi-foto\/","og_site_name":"Radio Touring 104","article_published_time":"2022-04-22T10:52:09+00:00","article_modified_time":"2022-04-22T11:01:26+00:00","og_image":[{"width":2016,"height":1512,"url":"https:\/\/progettotouring.it\/radiotouring104\/wp-content\/uploads\/sites\/6\/2022\/04\/baby-sindaco-motta-san-giovanni-10.jpg","type":"image\/jpeg"}],"author":"redazione","twitter_card":"summary_large_image","twitter_misc":{"Scritto da":"redazione","Tempo di lettura stimato":"2 minuti"},"schema":{"@context":"https:\/\/schema.org","@graph":[{"@type":"Article","@id":"https:\/\/progettotouring.it\/radiotouring104\/2022\/04\/22\/motta-san-giovanni-eletto-il-baby-sindaco-bruno-marciano-e-il-consiglio-comunale-delle-ragazze-e-dei-ragazzi-foto\/#article","isPartOf":{"@id":"https:\/\/progettotouring.it\/radiotouring104\/2022\/04\/22\/motta-san-giovanni-eletto-il-baby-sindaco-bruno-marciano-e-il-consiglio-comunale-delle-ragazze-e-dei-ragazzi-foto\/"},"author":{"name":"redazione","@id":"https:\/\/progettotouring.it\/radiotouring104\/#\/schema\/person\/1b3eb3c07c47136bc44c785c543e635f"},"headline":"Motta San Giovanni, eletto il Baby Sindaco Bruno Marcian\u00f2 e il Consiglio Comunale delle ragazze e dei ragazzi [FOTO]","datePublished":"2022-04-22T10:52:09+00:00","dateModified":"2022-04-22T11:01:26+00:00","mainEntityOfPage":{"@id":"https:\/\/progettotouring.it\/radiotouring104\/2022\/04\/22\/motta-san-giovanni-eletto-il-baby-sindaco-bruno-marciano-e-il-consiglio-comunale-delle-ragazze-e-dei-ragazzi-foto\/"},"wordCount":487,"commentCount":0,"publisher":{"@id":"https:\/\/progettotouring.it\/radiotouring104\/#organization"},"image":{"@id":"https:\/\/progettotouring.it\/radiotouring104\/2022\/04\/22\/motta-san-giovanni-eletto-il-baby-sindaco-bruno-marciano-e-il-consiglio-comunale-delle-ragazze-e-dei-ragazzi-foto\/#primaryimage"},"thumbnailUrl":"https:\/\/progettotouring.it\/radiotouring104\/wp-content\/uploads\/sites\/6\/2022\/04\/baby-sindaco-motta-san-giovanni-10.jpg","keywords":["baby sindaco","Beniamino Mallamaci","Bruno Marcian\u00f2","Lazzaro","Motta San Giovanni"],"articleSection":["Home","News","Reggio Calabria"],"inLanguage":"it-IT","potentialAction":[{"@type":"CommentAction","name":"Comment","target":["https:\/\/progettotouring.it\/radiotouring104\/2022\/04\/22\/motta-san-giovanni-eletto-il-baby-sindaco-bruno-marciano-e-il-consiglio-comunale-delle-ragazze-e-dei-ragazzi-foto\/#respond"]}]},{"@type":"WebPage","@id":"https:\/\/progettotouring.it\/radiotouring104\/2022\/04\/22\/motta-san-giovanni-eletto-il-baby-sindaco-bruno-marciano-e-il-consiglio-comunale-delle-ragazze-e-dei-ragazzi-foto\/","url":"https:\/\/progettotouring.it\/radiotouring104\/2022\/04\/22\/motta-san-giovanni-eletto-il-baby-sindaco-bruno-marciano-e-il-consiglio-comunale-delle-ragazze-e-dei-ragazzi-foto\/","name":"Motta, eletto il Baby Sindaco Bruno Marcian\u00f2 [FOTO]","isPartOf":{"@id":"https:\/\/progettotouring.it\/radiotouring104\/#website"},"primaryImageOfPage":{"@id":"https:\/\/progettotouring.it\/radiotouring104\/2022\/04\/22\/motta-san-giovanni-eletto-il-baby-sindaco-bruno-marciano-e-il-consiglio-comunale-delle-ragazze-e-dei-ragazzi-foto\/#primaryimage"},"image":{"@id":"https:\/\/progettotouring.it\/radiotouring104\/2022\/04\/22\/motta-san-giovanni-eletto-il-baby-sindaco-bruno-marciano-e-il-consiglio-comunale-delle-ragazze-e-dei-ragazzi-foto\/#primaryimage"},"thumbnailUrl":"https:\/\/progettotouring.it\/radiotouring104\/wp-content\/uploads\/sites\/6\/2022\/04\/baby-sindaco-motta-san-giovanni-10.jpg","datePublished":"2022-04-22T10:52:09+00:00","dateModified":"2022-04-22T11:01:26+00:00","description":"Bruno Marcian\u00f2, 12 anni la prossima settimana, della scuola \"Francesco Ierace\" di Lazzaro, \u00e8 stato eletto Baby Sindaco di Motta San Giovanni","breadcrumb":{"@id":"https:\/\/progettotouring.it\/radiotouring104\/2022\/04\/22\/motta-san-giovanni-eletto-il-baby-sindaco-bruno-marciano-e-il-consiglio-comunale-delle-ragazze-e-dei-ragazzi-foto\/#breadcrumb"},"inLanguage":"it-IT","potentialAction":[{"@type":"ReadAction","target":["https:\/\/progettotouring.it\/radiotouring104\/2022\/04\/22\/motta-san-giovanni-eletto-il-baby-sindaco-bruno-marciano-e-il-consiglio-comunale-delle-ragazze-e-dei-ragazzi-foto\/"]}]},{"@type":"ImageObject","inLanguage":"it-IT","@id":"https:\/\/progettotouring.it\/radiotouring104\/2022\/04\/22\/motta-san-giovanni-eletto-il-baby-sindaco-bruno-marciano-e-il-consiglio-comunale-delle-ragazze-e-dei-ragazzi-foto\/#primaryimage","url":"https:\/\/progettotouring.it\/radiotouring104\/wp-content\/uploads\/sites\/6\/2022\/04\/baby-sindaco-motta-san-giovanni-10.jpg","contentUrl":"https:\/\/progettotouring.it\/radiotouring104\/wp-content\/uploads\/sites\/6\/2022\/04\/baby-sindaco-motta-san-giovanni-10.jpg","width":2016,"height":1512,"caption":"baby sindaco motta san giovanni (10)"},{"@type":"BreadcrumbList","@id":"https:\/\/progettotouring.it\/radiotouring104\/2022\/04\/22\/motta-san-giovanni-eletto-il-baby-sindaco-bruno-marciano-e-il-consiglio-comunale-delle-ragazze-e-dei-ragazzi-foto\/#breadcrumb","itemListElement":[{"@type":"ListItem","position":1,"name":"Home","item":"https:\/\/progettotouring.it\/radiotouring104\/"},{"@type":"ListItem","position":2,"name":"Motta San Giovanni, eletto il Baby Sindaco Bruno Marcian\u00f2 e il Consiglio Comunale delle ragazze e dei ragazzi [FOTO]"}]},{"@type":"WebSite","@id":"https:\/\/progettotouring.it\/radiotouring104\/#website","url":"https:\/\/progettotouring.it\/radiotouring104\/","name":"Radio Touring 104","description":"La prima radio Reggina","publisher":{"@id":"https:\/\/progettotouring.it\/radiotouring104\/#organization"},"potentialAction":[{"@type":"SearchAction","target":{"@type":"EntryPoint","urlTemplate":"https:\/\/progettotouring.it\/radiotouring104\/?s={search_term_string}"},"query-input":{"@type":"PropertyValueSpecification","valueRequired":true,"valueName":"search_term_string"}}],"inLanguage":"it-IT"},{"@type":"Organization","@id":"https:\/\/progettotouring.it\/radiotouring104\/#organization","name":"Radio Touring 104","url":"https:\/\/progettotouring.it\/radiotouring104\/","logo":{"@type":"ImageObject","inLanguage":"it-IT","@id":"https:\/\/progettotouring.it\/radiotouring104\/#\/schema\/logo\/image\/","url":"https:\/\/progettotouring.it\/radiotouring104\/wp-content\/uploads\/sites\/6\/2022\/02\/cropped-logo-radio-touring-104.png","contentUrl":"https:\/\/progettotouring.it\/radiotouring104\/wp-content\/uploads\/sites\/6\/2022\/02\/cropped-logo-radio-touring-104.png","width":377,"height":182,"caption":"Radio Touring 104"},"image":{"@id":"https:\/\/progettotouring.it\/radiotouring104\/#\/schema\/logo\/image\/"}},{"@type":"Person","@id":"https:\/\/progettotouring.it\/radiotouring104\/#\/schema\/person\/1b3eb3c07c47136bc44c785c543e635f","name":"redazione","image":{"@type":"ImageObject","inLanguage":"it-IT","@id":"https:\/\/secure.gravatar.com\/avatar\/0b31605b49f100769e8b624b3e05de1b73e1692e9568a352f60f53fd072e6e11?s=96&d=mm&r=g","url":"https:\/\/secure.gravatar.com\/avatar\/0b31605b49f100769e8b624b3e05de1b73e1692e9568a352f60f53fd072e6e11?s=96&d=mm&r=g","contentUrl":"https:\/\/secure.gravatar.com\/avatar\/0b31605b49f100769e8b624b3e05de1b73e1692e9568a352f60f53fd072e6e11?s=96&d=mm&r=g","caption":"redazione"},"url":"https:\/\/progettotouring.it\/radiotouring104\/author\/redazione\/"}]}},"jetpack_publicize_connections":[],"jetpack_featured_media_url":"https:\/\/progettotouring.it\/radiotouring104\/wp-content\/uploads\/sites\/6\/2022\/04\/baby-sindaco-motta-san-giovanni-10.jpg","jetpack_sharing_enabled":true,"_links":{"self":[{"href":"https:\/\/progettotouring.it\/radiotouring104\/wp-json\/wp\/v2\/posts\/4461","targetHints":{"allow":["GET"]}}],"collection":[{"href":"https:\/\/progettotouring.it\/radiotouring104\/wp-json\/wp\/v2\/posts"}],"about":[{"href":"https:\/\/progettotouring.it\/radiotouring104\/wp-json\/wp\/v2\/types\/post"}],"author":[{"embeddable":true,"href":"https:\/\/progettotouring.it\/radiotouring104\/wp-json\/wp\/v2\/users\/5"}],"replies":[{"embeddable":true,"href":"https:\/\/progettotouring.it\/radiotouring104\/wp-json\/wp\/v2\/comments?post=4461"}],"version-history":[{"count":1,"href":"https:\/\/progettotouring.it\/radiotouring104\/wp-json\/wp\/v2\/posts\/4461\/revisions"}],"predecessor-version":[{"id":4473,"href":"https:\/\/progettotouring.it\/radiotouring104\/wp-json\/wp\/v2\/posts\/4461\/revisions\/4473"}],"wp:featuredmedia":[{"embeddable":true,"href":"https:\/\/progettotouring.it\/radiotouring104\/wp-json\/wp\/v2\/media\/4471"}],"wp:attachment":[{"href":"https:\/\/progettotouring.it\/radiotouring104\/wp-json\/wp\/v2\/media?parent=4461"}],"wp:term":[{"taxonomy":"category","embeddable":true,"href":"https:\/\/progettotouring.it\/radiotouring104\/wp-json\/wp\/v2\/categories?post=4461"},{"taxonomy":"post_tag","embeddable":true,"href":"https:\/\/progettotouring.it\/radiotouring104\/wp-json\/wp\/v2\/tags?post=4461"}],"curies":[{"name":"wp","href":"https:\/\/api.w.org\/{rel}","templated":true}]}}