{"id":44612,"date":"2024-02-14T10:06:08","date_gmt":"2024-02-14T09:06:08","guid":{"rendered":"https:\/\/progettotouring.it\/radiotouring104\/?p=44612"},"modified":"2024-02-14T10:06:59","modified_gmt":"2024-02-14T09:06:59","slug":"il-comitato-ponte-subito-replica-a-schlein-bonelli-e-fratoianni","status":"publish","type":"post","link":"https:\/\/progettotouring.it\/radiotouring104\/2024\/02\/14\/il-comitato-ponte-subito-replica-a-schlein-bonelli-e-fratoianni\/","title":{"rendered":"Il Comitato Ponte Subito replica a Schlein, Bonelli e Fratoianni"},"content":{"rendered":"<p class=\"xmprfx_MsoNormal\" style=\"text-align: justify\">\u201c<i>Il segretario del Pd Elly Schlein \u00e8 uscita allo scoperto portando il suo partito nella trincea reazionaria dei No Ponte insieme ai Verdi di Bonelli e alla Sinistra estrema di Fratoianni: con la conferenza stampa di questa mattina, il Partito Democratico getta la maschera e rappresenta la sua vera natura di schieramento retrivo della peggiore sinistra, contrario ad ogni tipo di sviluppo e progresso dei territori tramite gli investimenti e le infrastrutture<\/i>\u201d. Il\u00a0<b>Comitato Ponte Subito<\/b>, in una nota, si rivolge ai leader della sinistra che questa mattina in conferenza stampa hanno annunciato una \u201cdura battaglia\u201d contro il Ponte sullo Stretto:<i>\u00a0\u201csiete voi, in realt\u00e0, gli unici ad essere\u00a0<\/i>sbagliati, anacronistici, dannosi e dispendiosi, per usare gli stessi termini rivolti da\u00a0<i>Schlein al progetto del Ponte sullo Stretto di Messina: parole raccapriccianti se pensiamo che Ponti dello stesso identico tipo, anzi proprio ispirati all\u2019ingegneria progettuale del Ponte sullo Stretto, vengono realizzati in tutti i Paesi del mondo e persino nella Cina comunista che dovrebbe ispirare la sinistra\u201d.<\/i><\/p>\n<p class=\"xmprfx_MsoNormal\" style=\"text-align: justify\"><i>\u201cLe infrastrutture \u2013\u00a0<\/i>prosegue il\u00a0<b>Comitato Ponte Subito<\/b><i>\u00a0\u2013 non hanno mai avuto colore politico finch\u00e9 la sinistra italiana non ha deciso di strumentalizzarle per ideologizzare la propria battaglia, allora contro Berlusconi, oggi contro Salvini e Meloni. Tuttavia la sinistra \u00e8 gi\u00e0 stata contraria alla TAV, al MOSE, al TAP: non \u00e8 una novit\u00e0 che quest\u2019area politica si opponga a qualsiasi innovazione, ad ogni idea di sviluppo e progresso: se questi personaggi avessero governato l\u2019Italia negli ultimi 50 anni, andremmo ancora in giro con le carrozze trainate dai cavalli. E purtroppo hanno governato troppo a lungo evitando che il Paese fosse sviluppato ed evoluto come gli altri limitrofi, almeno nelle Regioni del Sud ancora prive di alta velocit\u00e0 ferroviaria, Ponte sullo Stretto appunto, strade e autostrade veloci che negano la crescita dei territori\u201d.<\/i><\/p>\n<p class=\"xmprfx_MsoNormal\" style=\"text-align: justify\"><i>\u201cParticolarmente paradossale \u2013\u00a0<\/i>conclude il\u00a0<b>Comitato<\/b>\u00a0che da oltre 15 anni si batte a favore del Ponte<i>\u00a0\u2013 che proprio il Pd si schieri in modo cos\u00ec netto contro il Ponte sullo Stretto, che \u00e8 il pi\u00f9 grande investimento pubblico della storia dell\u2019Italia unita nelle Regioni del Sud, proprio mentre conduce \u2013 sempre insieme a Verdi e Sinistra \u2013 una battaglia contro l\u2019Autonomia Differenziata considerata il male del Sud: questa posizione No-Pontista smaschera, invece, l\u2019antimeridionalismo della sinistra che fa speculazione politica ed evidentemente ritiene che l\u2019unica ricetta possibile per il Sud sia quella dell\u2019assistenzialismo del reddito di cittadinanza, che ha gi\u00e0 fallito ed \u00e8 stato utile soltanto a mantenere il Sud in eterna povert\u00e0. Cari Schlein, Bonelli e Fratoianni, ecco perch\u00e9 qui al Sud non vi crede pi\u00f9 nessuno!\u201d.<\/i><\/p>\n","protected":false},"excerpt":{"rendered":"<p>\u201cIl segretario del Pd Elly Schlein \u00e8 uscita allo scoperto portando il suo partito nella trincea reazionaria dei No Ponte insieme ai Verdi di Bonelli e alla Sinistra estrema di&hellip;<\/p>\n","protected":false},"author":12,"featured_media":22931,"comment_status":"closed","ping_status":"open","sticky":false,"template":"","format":"standard","meta":{"_jetpack_memberships_contains_paid_content":false,"footnotes":"","jetpack_publicize_message":"","jetpack_publicize_feature_enabled":true,"jetpack_social_post_already_shared":false,"jetpack_social_options":{"image_generator_settings":{"template":"highway","default_image_id":0,"font":"","enabled":false},"version":2}},"categories":[921,196,140],"tags":[27524,5428,4355,27523],"class_list":["post-44612","post","type-post","status-publish","format-standard","has-post-thumbnail","hentry","category-home","category-news","category-reggio-calabria","tag-anacronistici-e-dannosi-siete-voi","tag-comitato-ponte-subito","tag-ponte-sullo-stretto","tag-replica-a-schlein-bonelli-fratoianni"],"yoast_head":"<!-- This site is optimized with the Yoast SEO plugin v27.2 - https:\/\/yoast.com\/product\/yoast-seo-wordpress\/ -->\n<title>Il Comitato Ponte Subito replica a Schlein, Bonelli e Fratoianni<\/title>\n<meta name=\"description\" content=\"\u201cAnacronistici e dannosi siete voi. E al Sud non vi crede pi\u00f9 nessuno\u201d, la replica ai leader di Sinistra del Comitato &quot;Ponte Subito&quot;\" \/>\n<meta name=\"robots\" content=\"index, follow, max-snippet:-1, max-image-preview:large, max-video-preview:-1\" \/>\n<link rel=\"canonical\" href=\"https:\/\/progettotouring.it\/radiotouring104\/2024\/02\/14\/il-comitato-ponte-subito-replica-a-schlein-bonelli-e-fratoianni\/\" \/>\n<meta property=\"og:locale\" content=\"it_IT\" \/>\n<meta property=\"og:type\" content=\"article\" \/>\n<meta property=\"og:title\" content=\"Il Comitato Ponte Subito replica a Schlein, Bonelli e Fratoianni\" \/>\n<meta property=\"og:description\" content=\"\u201cAnacronistici e dannosi siete voi. E al Sud non vi crede pi\u00f9 nessuno\u201d, la replica ai leader di Sinistra del Comitato &quot;Ponte Subito&quot;\" \/>\n<meta property=\"og:url\" content=\"https:\/\/progettotouring.it\/radiotouring104\/2024\/02\/14\/il-comitato-ponte-subito-replica-a-schlein-bonelli-e-fratoianni\/\" \/>\n<meta property=\"og:site_name\" content=\"Radio Touring 104\" \/>\n<meta property=\"article:published_time\" content=\"2024-02-14T09:06:08+00:00\" \/>\n<meta property=\"article:modified_time\" content=\"2024-02-14T09:06:59+00:00\" \/>\n<meta property=\"og:image\" content=\"https:\/\/progettotouring.it\/radiotouring104\/wp-content\/uploads\/sites\/6\/2023\/04\/PontesulloStretto.jpg\" \/>\n\t<meta property=\"og:image:width\" content=\"665\" \/>\n\t<meta property=\"og:image:height\" content=\"293\" \/>\n\t<meta property=\"og:image:type\" content=\"image\/jpeg\" \/>\n<meta name=\"author\" content=\"Sebastiano Plutino\" \/>\n<meta name=\"twitter:card\" content=\"summary_large_image\" \/>\n<meta name=\"twitter:label1\" content=\"Scritto da\" \/>\n\t<meta name=\"twitter:data1\" content=\"Sebastiano Plutino\" \/>\n\t<meta name=\"twitter:label2\" content=\"Tempo di lettura stimato\" \/>\n\t<meta name=\"twitter:data2\" content=\"2 minuti\" \/>\n<script type=\"application\/ld+json\" class=\"yoast-schema-graph\">{\"@context\":\"https:\/\/schema.org\",\"@graph\":[{\"@type\":\"Article\",\"@id\":\"https:\/\/progettotouring.it\/radiotouring104\/2024\/02\/14\/il-comitato-ponte-subito-replica-a-schlein-bonelli-e-fratoianni\/#article\",\"isPartOf\":{\"@id\":\"https:\/\/progettotouring.it\/radiotouring104\/2024\/02\/14\/il-comitato-ponte-subito-replica-a-schlein-bonelli-e-fratoianni\/\"},\"author\":{\"name\":\"Sebastiano Plutino\",\"@id\":\"https:\/\/progettotouring.it\/radiotouring104\/#\/schema\/person\/78613917f1851f041f7483f5af1d422e\"},\"headline\":\"Il Comitato Ponte Subito replica a Schlein, Bonelli e Fratoianni\",\"datePublished\":\"2024-02-14T09:06:08+00:00\",\"dateModified\":\"2024-02-14T09:06:59+00:00\",\"mainEntityOfPage\":{\"@id\":\"https:\/\/progettotouring.it\/radiotouring104\/2024\/02\/14\/il-comitato-ponte-subito-replica-a-schlein-bonelli-e-fratoianni\/\"},\"wordCount\":434,\"publisher\":{\"@id\":\"https:\/\/progettotouring.it\/radiotouring104\/#organization\"},\"image\":{\"@id\":\"https:\/\/progettotouring.it\/radiotouring104\/2024\/02\/14\/il-comitato-ponte-subito-replica-a-schlein-bonelli-e-fratoianni\/#primaryimage\"},\"thumbnailUrl\":\"https:\/\/progettotouring.it\/radiotouring104\/wp-content\/uploads\/sites\/6\/2023\/04\/PontesulloStretto.jpg\",\"keywords\":[\"\u201cAnacronistici e dannosi siete voi\",\"Comitato Ponte Subito\",\"Ponte sullo stretto\",\"replica a Schlein Bonelli Fratoianni\"],\"articleSection\":[\"Home\",\"News\",\"Reggio Calabria\"],\"inLanguage\":\"it-IT\"},{\"@type\":\"WebPage\",\"@id\":\"https:\/\/progettotouring.it\/radiotouring104\/2024\/02\/14\/il-comitato-ponte-subito-replica-a-schlein-bonelli-e-fratoianni\/\",\"url\":\"https:\/\/progettotouring.it\/radiotouring104\/2024\/02\/14\/il-comitato-ponte-subito-replica-a-schlein-bonelli-e-fratoianni\/\",\"name\":\"Il Comitato Ponte Subito replica a Schlein, Bonelli e Fratoianni\",\"isPartOf\":{\"@id\":\"https:\/\/progettotouring.it\/radiotouring104\/#website\"},\"primaryImageOfPage\":{\"@id\":\"https:\/\/progettotouring.it\/radiotouring104\/2024\/02\/14\/il-comitato-ponte-subito-replica-a-schlein-bonelli-e-fratoianni\/#primaryimage\"},\"image\":{\"@id\":\"https:\/\/progettotouring.it\/radiotouring104\/2024\/02\/14\/il-comitato-ponte-subito-replica-a-schlein-bonelli-e-fratoianni\/#primaryimage\"},\"thumbnailUrl\":\"https:\/\/progettotouring.it\/radiotouring104\/wp-content\/uploads\/sites\/6\/2023\/04\/PontesulloStretto.jpg\",\"datePublished\":\"2024-02-14T09:06:08+00:00\",\"dateModified\":\"2024-02-14T09:06:59+00:00\",\"description\":\"\u201cAnacronistici e dannosi siete voi. E al Sud non vi crede pi\u00f9 nessuno\u201d, la replica ai leader di Sinistra del Comitato \\\"Ponte Subito\\\"\",\"breadcrumb\":{\"@id\":\"https:\/\/progettotouring.it\/radiotouring104\/2024\/02\/14\/il-comitato-ponte-subito-replica-a-schlein-bonelli-e-fratoianni\/#breadcrumb\"},\"inLanguage\":\"it-IT\",\"potentialAction\":[{\"@type\":\"ReadAction\",\"target\":[\"https:\/\/progettotouring.it\/radiotouring104\/2024\/02\/14\/il-comitato-ponte-subito-replica-a-schlein-bonelli-e-fratoianni\/\"]}]},{\"@type\":\"ImageObject\",\"inLanguage\":\"it-IT\",\"@id\":\"https:\/\/progettotouring.it\/radiotouring104\/2024\/02\/14\/il-comitato-ponte-subito-replica-a-schlein-bonelli-e-fratoianni\/#primaryimage\",\"url\":\"https:\/\/progettotouring.it\/radiotouring104\/wp-content\/uploads\/sites\/6\/2023\/04\/PontesulloStretto.jpg\",\"contentUrl\":\"https:\/\/progettotouring.it\/radiotouring104\/wp-content\/uploads\/sites\/6\/2023\/04\/PontesulloStretto.jpg\",\"width\":665,\"height\":293},{\"@type\":\"BreadcrumbList\",\"@id\":\"https:\/\/progettotouring.it\/radiotouring104\/2024\/02\/14\/il-comitato-ponte-subito-replica-a-schlein-bonelli-e-fratoianni\/#breadcrumb\",\"itemListElement\":[{\"@type\":\"ListItem\",\"position\":1,\"name\":\"Home\",\"item\":\"https:\/\/progettotouring.it\/radiotouring104\/\"},{\"@type\":\"ListItem\",\"position\":2,\"name\":\"Il Comitato Ponte Subito replica a Schlein, Bonelli e Fratoianni\"}]},{\"@type\":\"WebSite\",\"@id\":\"https:\/\/progettotouring.it\/radiotouring104\/#website\",\"url\":\"https:\/\/progettotouring.it\/radiotouring104\/\",\"name\":\"Radio Touring 104\",\"description\":\"La prima radio Reggina\",\"publisher\":{\"@id\":\"https:\/\/progettotouring.it\/radiotouring104\/#organization\"},\"potentialAction\":[{\"@type\":\"SearchAction\",\"target\":{\"@type\":\"EntryPoint\",\"urlTemplate\":\"https:\/\/progettotouring.it\/radiotouring104\/?s={search_term_string}\"},\"query-input\":{\"@type\":\"PropertyValueSpecification\",\"valueRequired\":true,\"valueName\":\"search_term_string\"}}],\"inLanguage\":\"it-IT\"},{\"@type\":\"Organization\",\"@id\":\"https:\/\/progettotouring.it\/radiotouring104\/#organization\",\"name\":\"Radio Touring 104\",\"url\":\"https:\/\/progettotouring.it\/radiotouring104\/\",\"logo\":{\"@type\":\"ImageObject\",\"inLanguage\":\"it-IT\",\"@id\":\"https:\/\/progettotouring.it\/radiotouring104\/#\/schema\/logo\/image\/\",\"url\":\"https:\/\/progettotouring.it\/radiotouring104\/wp-content\/uploads\/sites\/6\/2022\/02\/cropped-logo-radio-touring-104.png\",\"contentUrl\":\"https:\/\/progettotouring.it\/radiotouring104\/wp-content\/uploads\/sites\/6\/2022\/02\/cropped-logo-radio-touring-104.png\",\"width\":377,\"height\":182,\"caption\":\"Radio Touring 104\"},\"image\":{\"@id\":\"https:\/\/progettotouring.it\/radiotouring104\/#\/schema\/logo\/image\/\"}},{\"@type\":\"Person\",\"@id\":\"https:\/\/progettotouring.it\/radiotouring104\/#\/schema\/person\/78613917f1851f041f7483f5af1d422e\",\"name\":\"Sebastiano Plutino\",\"image\":{\"@type\":\"ImageObject\",\"inLanguage\":\"it-IT\",\"@id\":\"https:\/\/secure.gravatar.com\/avatar\/0546ffaa9b79224faf9f2a156b67a529ae861d3287c66c1d8ccfdf909bcba78d?s=96&d=mm&r=g\",\"url\":\"https:\/\/secure.gravatar.com\/avatar\/0546ffaa9b79224faf9f2a156b67a529ae861d3287c66c1d8ccfdf909bcba78d?s=96&d=mm&r=g\",\"contentUrl\":\"https:\/\/secure.gravatar.com\/avatar\/0546ffaa9b79224faf9f2a156b67a529ae861d3287c66c1d8ccfdf909bcba78d?s=96&d=mm&r=g\",\"caption\":\"Sebastiano Plutino\"},\"url\":\"https:\/\/progettotouring.it\/radiotouring104\/author\/sebastiano\/\"}]}<\/script>\n<!-- \/ Yoast SEO plugin. -->","yoast_head_json":{"title":"Il Comitato Ponte Subito replica a Schlein, Bonelli e Fratoianni","description":"\u201cAnacronistici e dannosi siete voi. E al Sud non vi crede pi\u00f9 nessuno\u201d, la replica ai leader di Sinistra del Comitato \"Ponte Subito\"","robots":{"index":"index","follow":"follow","max-snippet":"max-snippet:-1","max-image-preview":"max-image-preview:large","max-video-preview":"max-video-preview:-1"},"canonical":"https:\/\/progettotouring.it\/radiotouring104\/2024\/02\/14\/il-comitato-ponte-subito-replica-a-schlein-bonelli-e-fratoianni\/","og_locale":"it_IT","og_type":"article","og_title":"Il Comitato Ponte Subito replica a Schlein, Bonelli e Fratoianni","og_description":"\u201cAnacronistici e dannosi siete voi. E al Sud non vi crede pi\u00f9 nessuno\u201d, la replica ai leader di Sinistra del Comitato \"Ponte Subito\"","og_url":"https:\/\/progettotouring.it\/radiotouring104\/2024\/02\/14\/il-comitato-ponte-subito-replica-a-schlein-bonelli-e-fratoianni\/","og_site_name":"Radio Touring 104","article_published_time":"2024-02-14T09:06:08+00:00","article_modified_time":"2024-02-14T09:06:59+00:00","og_image":[{"width":665,"height":293,"url":"https:\/\/progettotouring.it\/radiotouring104\/wp-content\/uploads\/sites\/6\/2023\/04\/PontesulloStretto.jpg","type":"image\/jpeg"}],"author":"Sebastiano Plutino","twitter_card":"summary_large_image","twitter_misc":{"Scritto da":"Sebastiano Plutino","Tempo di lettura stimato":"2 minuti"},"schema":{"@context":"https:\/\/schema.org","@graph":[{"@type":"Article","@id":"https:\/\/progettotouring.it\/radiotouring104\/2024\/02\/14\/il-comitato-ponte-subito-replica-a-schlein-bonelli-e-fratoianni\/#article","isPartOf":{"@id":"https:\/\/progettotouring.it\/radiotouring104\/2024\/02\/14\/il-comitato-ponte-subito-replica-a-schlein-bonelli-e-fratoianni\/"},"author":{"name":"Sebastiano Plutino","@id":"https:\/\/progettotouring.it\/radiotouring104\/#\/schema\/person\/78613917f1851f041f7483f5af1d422e"},"headline":"Il Comitato Ponte Subito replica a Schlein, Bonelli e Fratoianni","datePublished":"2024-02-14T09:06:08+00:00","dateModified":"2024-02-14T09:06:59+00:00","mainEntityOfPage":{"@id":"https:\/\/progettotouring.it\/radiotouring104\/2024\/02\/14\/il-comitato-ponte-subito-replica-a-schlein-bonelli-e-fratoianni\/"},"wordCount":434,"publisher":{"@id":"https:\/\/progettotouring.it\/radiotouring104\/#organization"},"image":{"@id":"https:\/\/progettotouring.it\/radiotouring104\/2024\/02\/14\/il-comitato-ponte-subito-replica-a-schlein-bonelli-e-fratoianni\/#primaryimage"},"thumbnailUrl":"https:\/\/progettotouring.it\/radiotouring104\/wp-content\/uploads\/sites\/6\/2023\/04\/PontesulloStretto.jpg","keywords":["\u201cAnacronistici e dannosi siete voi","Comitato Ponte Subito","Ponte sullo stretto","replica a Schlein Bonelli Fratoianni"],"articleSection":["Home","News","Reggio Calabria"],"inLanguage":"it-IT"},{"@type":"WebPage","@id":"https:\/\/progettotouring.it\/radiotouring104\/2024\/02\/14\/il-comitato-ponte-subito-replica-a-schlein-bonelli-e-fratoianni\/","url":"https:\/\/progettotouring.it\/radiotouring104\/2024\/02\/14\/il-comitato-ponte-subito-replica-a-schlein-bonelli-e-fratoianni\/","name":"Il Comitato Ponte Subito replica a Schlein, Bonelli e Fratoianni","isPartOf":{"@id":"https:\/\/progettotouring.it\/radiotouring104\/#website"},"primaryImageOfPage":{"@id":"https:\/\/progettotouring.it\/radiotouring104\/2024\/02\/14\/il-comitato-ponte-subito-replica-a-schlein-bonelli-e-fratoianni\/#primaryimage"},"image":{"@id":"https:\/\/progettotouring.it\/radiotouring104\/2024\/02\/14\/il-comitato-ponte-subito-replica-a-schlein-bonelli-e-fratoianni\/#primaryimage"},"thumbnailUrl":"https:\/\/progettotouring.it\/radiotouring104\/wp-content\/uploads\/sites\/6\/2023\/04\/PontesulloStretto.jpg","datePublished":"2024-02-14T09:06:08+00:00","dateModified":"2024-02-14T09:06:59+00:00","description":"\u201cAnacronistici e dannosi siete voi. E al Sud non vi crede pi\u00f9 nessuno\u201d, la replica ai leader di Sinistra del Comitato \"Ponte Subito\"","breadcrumb":{"@id":"https:\/\/progettotouring.it\/radiotouring104\/2024\/02\/14\/il-comitato-ponte-subito-replica-a-schlein-bonelli-e-fratoianni\/#breadcrumb"},"inLanguage":"it-IT","potentialAction":[{"@type":"ReadAction","target":["https:\/\/progettotouring.it\/radiotouring104\/2024\/02\/14\/il-comitato-ponte-subito-replica-a-schlein-bonelli-e-fratoianni\/"]}]},{"@type":"ImageObject","inLanguage":"it-IT","@id":"https:\/\/progettotouring.it\/radiotouring104\/2024\/02\/14\/il-comitato-ponte-subito-replica-a-schlein-bonelli-e-fratoianni\/#primaryimage","url":"https:\/\/progettotouring.it\/radiotouring104\/wp-content\/uploads\/sites\/6\/2023\/04\/PontesulloStretto.jpg","contentUrl":"https:\/\/progettotouring.it\/radiotouring104\/wp-content\/uploads\/sites\/6\/2023\/04\/PontesulloStretto.jpg","width":665,"height":293},{"@type":"BreadcrumbList","@id":"https:\/\/progettotouring.it\/radiotouring104\/2024\/02\/14\/il-comitato-ponte-subito-replica-a-schlein-bonelli-e-fratoianni\/#breadcrumb","itemListElement":[{"@type":"ListItem","position":1,"name":"Home","item":"https:\/\/progettotouring.it\/radiotouring104\/"},{"@type":"ListItem","position":2,"name":"Il Comitato Ponte Subito replica a Schlein, Bonelli e Fratoianni"}]},{"@type":"WebSite","@id":"https:\/\/progettotouring.it\/radiotouring104\/#website","url":"https:\/\/progettotouring.it\/radiotouring104\/","name":"Radio Touring 104","description":"La prima radio Reggina","publisher":{"@id":"https:\/\/progettotouring.it\/radiotouring104\/#organization"},"potentialAction":[{"@type":"SearchAction","target":{"@type":"EntryPoint","urlTemplate":"https:\/\/progettotouring.it\/radiotouring104\/?s={search_term_string}"},"query-input":{"@type":"PropertyValueSpecification","valueRequired":true,"valueName":"search_term_string"}}],"inLanguage":"it-IT"},{"@type":"Organization","@id":"https:\/\/progettotouring.it\/radiotouring104\/#organization","name":"Radio Touring 104","url":"https:\/\/progettotouring.it\/radiotouring104\/","logo":{"@type":"ImageObject","inLanguage":"it-IT","@id":"https:\/\/progettotouring.it\/radiotouring104\/#\/schema\/logo\/image\/","url":"https:\/\/progettotouring.it\/radiotouring104\/wp-content\/uploads\/sites\/6\/2022\/02\/cropped-logo-radio-touring-104.png","contentUrl":"https:\/\/progettotouring.it\/radiotouring104\/wp-content\/uploads\/sites\/6\/2022\/02\/cropped-logo-radio-touring-104.png","width":377,"height":182,"caption":"Radio Touring 104"},"image":{"@id":"https:\/\/progettotouring.it\/radiotouring104\/#\/schema\/logo\/image\/"}},{"@type":"Person","@id":"https:\/\/progettotouring.it\/radiotouring104\/#\/schema\/person\/78613917f1851f041f7483f5af1d422e","name":"Sebastiano Plutino","image":{"@type":"ImageObject","inLanguage":"it-IT","@id":"https:\/\/secure.gravatar.com\/avatar\/0546ffaa9b79224faf9f2a156b67a529ae861d3287c66c1d8ccfdf909bcba78d?s=96&d=mm&r=g","url":"https:\/\/secure.gravatar.com\/avatar\/0546ffaa9b79224faf9f2a156b67a529ae861d3287c66c1d8ccfdf909bcba78d?s=96&d=mm&r=g","contentUrl":"https:\/\/secure.gravatar.com\/avatar\/0546ffaa9b79224faf9f2a156b67a529ae861d3287c66c1d8ccfdf909bcba78d?s=96&d=mm&r=g","caption":"Sebastiano Plutino"},"url":"https:\/\/progettotouring.it\/radiotouring104\/author\/sebastiano\/"}]}},"jetpack_publicize_connections":[],"jetpack_featured_media_url":"https:\/\/progettotouring.it\/radiotouring104\/wp-content\/uploads\/sites\/6\/2023\/04\/PontesulloStretto.jpg","jetpack_sharing_enabled":true,"_links":{"self":[{"href":"https:\/\/progettotouring.it\/radiotouring104\/wp-json\/wp\/v2\/posts\/44612","targetHints":{"allow":["GET"]}}],"collection":[{"href":"https:\/\/progettotouring.it\/radiotouring104\/wp-json\/wp\/v2\/posts"}],"about":[{"href":"https:\/\/progettotouring.it\/radiotouring104\/wp-json\/wp\/v2\/types\/post"}],"author":[{"embeddable":true,"href":"https:\/\/progettotouring.it\/radiotouring104\/wp-json\/wp\/v2\/users\/12"}],"replies":[{"embeddable":true,"href":"https:\/\/progettotouring.it\/radiotouring104\/wp-json\/wp\/v2\/comments?post=44612"}],"version-history":[{"count":1,"href":"https:\/\/progettotouring.it\/radiotouring104\/wp-json\/wp\/v2\/posts\/44612\/revisions"}],"predecessor-version":[{"id":44613,"href":"https:\/\/progettotouring.it\/radiotouring104\/wp-json\/wp\/v2\/posts\/44612\/revisions\/44613"}],"wp:featuredmedia":[{"embeddable":true,"href":"https:\/\/progettotouring.it\/radiotouring104\/wp-json\/wp\/v2\/media\/22931"}],"wp:attachment":[{"href":"https:\/\/progettotouring.it\/radiotouring104\/wp-json\/wp\/v2\/media?parent=44612"}],"wp:term":[{"taxonomy":"category","embeddable":true,"href":"https:\/\/progettotouring.it\/radiotouring104\/wp-json\/wp\/v2\/categories?post=44612"},{"taxonomy":"post_tag","embeddable":true,"href":"https:\/\/progettotouring.it\/radiotouring104\/wp-json\/wp\/v2\/tags?post=44612"}],"curies":[{"name":"wp","href":"https:\/\/api.w.org\/{rel}","templated":true}]}}