{"id":44614,"date":"2024-02-14T10:18:41","date_gmt":"2024-02-14T09:18:41","guid":{"rendered":"https:\/\/progettotouring.it\/radiotouring104\/?p=44614"},"modified":"2024-02-14T10:18:41","modified_gmt":"2024-02-14T09:18:41","slug":"autonomia-differenziata-il-consigliere-alecci-presente-alla-manifestazione-dellanci-a-catanzaro","status":"publish","type":"post","link":"https:\/\/progettotouring.it\/radiotouring104\/2024\/02\/14\/autonomia-differenziata-il-consigliere-alecci-presente-alla-manifestazione-dellanci-a-catanzaro\/","title":{"rendered":"Autonomia Differenziata: il Consigliere Alecci presente alla manifestazione dell&#8217;Anci a Catanzaro"},"content":{"rendered":"<p style=\"text-align: justify\">&#8220;Ho partecipato<strong> ieri a Catanzaro insieme a tantissimi sindaci<\/strong> e amministratori dei Comuni della provincia <strong>alla manifestazione promossa dall\u2019Anci contro l\u2019autonomia differenziata.<\/strong> Mi ha fatto molto piacere constatare la determinazione e lo spirito battagliero di tutti i presenti, <strong>compatti nel gridare il loro NO incondizionato a questa rifpresorma scellerata<\/strong>, portata avanti da un Governo<strong> che vuole mettere in ginocchio definitivamente le regioni del Sud<\/strong>. Mi ha incoraggiato anche la partecipazione di tanti Sindaci vicini al Centrodestra che hanno deciso di sostenere questa battaglia che, come ho detto tante volte, <strong>non \u00e8 politica o ideologica, ma \u00e8 una battaglia sul futuro di intere generazioni di giovani meridionali.<\/strong> Ora sar\u00e0 compito proprio degli amministratori, spesso gli unici interlocutori istituzionali delle nostre comunit\u00e0, trasmettere ai cittadini queste sensazioni e questa energia per non permettere<strong> che il futuro dei nostri figli venga \u201cscippato\u201d,<\/strong> condannandoli ad un ruolo sempre pi\u00f9 marginale nell\u2019Italia di domani, che qualcuno vuole divisa e a due velocit\u00e0. <strong>La battaglia contro il disegno di legge Calderoli deve unire<\/strong> amministratori, societ\u00e0 civile, forze politiche,<strong> tutti quelli che hanno a cuore l&#8217;unit\u00e0 nazionale.<\/strong> Ogni bambino, qualunque sia la regione di nascita, deve avere gli stessi servizi, le stesse opportunit\u00e0, il miglior futuro possibile.<\/p>\n<p style=\"text-align: justify\">D\u2019altronde la storia ci ha insegnato che questo Nord, locomotiva d\u2019Italia, deve molto ai tantissimi meridionali che negli ultimi decenni, come ancora oggi, hanno lasciato e lasciano la propria terra per contribuire con il loro lavoro e le loro capacit\u00e0 ai progressi delle regioni settentrionali, e che ora sono classe dirigente nelle posizioni apicali del pubblico e del privato.<strong> Oggi in tutti i capoluoghi di provincia calabresi c\u2019\u00e8 stato una segnale chiaro, netto, un esercizio spontaneo di democrazia,<\/strong> in difesa dei nostri diritti di cittadini italiani. Le manifestazioni odierne dimostrano anche come questo Governo, diviso al suo interno su tante questioni urgenti, stia cominciando a traballare, nonostante le dichiarazioni di facciata dei vari leader della coalizione. <strong>Venerd\u00ec dovrebbe essere presente in Calabria il Presidente del Consiglio Giorgia Meloni, non sar\u00e0 un compito facile per chi la accoglier\u00e0, far comprendere quello che \u00e8 successo oggi nei nostri capoluoghi. Cos\u00ec come non sar\u00e0 facile per i rappresentanti politici eletti al Sud nelle liste del Centrodestra barcamenarsi tra l\u2019allinearsi alle scelte dei partiti<\/strong> e dare conto a chi ha dato loro fiducia con il voto<strong>. <\/strong>Chi vuole bene al Sud, alla Calabria e ai calabresi non pu\u00f2 essere a favore di questa riforma!<\/p>\n<p>&nbsp;<\/p>\n<p>&nbsp;<\/p>\n<p>&nbsp;<\/p>\n<p>&nbsp;<\/p>\n<p>&nbsp;<\/p>\n","protected":false},"excerpt":{"rendered":"<p>&#8220;Ho partecipato ieri a Catanzaro insieme a tantissimi sindaci e amministratori dei Comuni della provincia alla manifestazione promossa dall\u2019Anci contro l\u2019autonomia differenziata. Mi ha fatto molto piacere constatare la determinazione&hellip;<\/p>\n","protected":false},"author":12,"featured_media":44616,"comment_status":"closed","ping_status":"open","sticky":false,"template":"","format":"standard","meta":{"_jetpack_memberships_contains_paid_content":false,"footnotes":"","jetpack_publicize_message":"","jetpack_publicize_feature_enabled":true,"jetpack_social_post_already_shared":false,"jetpack_social_options":{"image_generator_settings":{"template":"highway","default_image_id":0,"font":"","enabled":false},"version":2}},"categories":[921,196,140],"tags":[6518,698,3889,27525],"class_list":["post-44614","post","type-post","status-publish","format-standard","has-post-thumbnail","hentry","category-home","category-news","category-reggio-calabria","tag-autonomia-differenziata","tag-catanzaro","tag-ernesto-alecci","tag-maniifestazione-anci-contro-autonomia"],"yoast_head":"<!-- This site is optimized with the Yoast SEO plugin v27.2 - https:\/\/yoast.com\/product\/yoast-seo-wordpress\/ -->\n<title>Autonomia: Alecci presente a manifestazione dell&#039;Anci a Catanzaro<\/title>\n<meta name=\"description\" content=\"Il Consigliere Alecci ha partecipato ieri a Catanzaro insieme ai Sindaci della provincia alla manifestazione dell\u2019Anci contro l\u2019Autonomia\" \/>\n<meta name=\"robots\" content=\"index, follow, max-snippet:-1, max-image-preview:large, max-video-preview:-1\" \/>\n<link rel=\"canonical\" href=\"https:\/\/progettotouring.it\/radiotouring104\/2024\/02\/14\/autonomia-differenziata-il-consigliere-alecci-presente-alla-manifestazione-dellanci-a-catanzaro\/\" \/>\n<meta property=\"og:locale\" content=\"it_IT\" \/>\n<meta property=\"og:type\" content=\"article\" \/>\n<meta property=\"og:title\" content=\"Autonomia: Alecci presente a manifestazione dell&#039;Anci a Catanzaro\" \/>\n<meta property=\"og:description\" content=\"Il Consigliere Alecci ha partecipato ieri a Catanzaro insieme ai Sindaci della provincia alla manifestazione dell\u2019Anci contro l\u2019Autonomia\" \/>\n<meta property=\"og:url\" content=\"https:\/\/progettotouring.it\/radiotouring104\/2024\/02\/14\/autonomia-differenziata-il-consigliere-alecci-presente-alla-manifestazione-dellanci-a-catanzaro\/\" \/>\n<meta property=\"og:site_name\" content=\"Radio Touring 104\" \/>\n<meta property=\"article:published_time\" content=\"2024-02-14T09:18:41+00:00\" \/>\n<meta property=\"og:image\" content=\"https:\/\/progettotouring.it\/radiotouring104\/wp-content\/uploads\/sites\/6\/2024\/02\/Alecci-Anci-Sindaci-Autonomia-3.jpg\" \/>\n\t<meta property=\"og:image:width\" content=\"1600\" \/>\n\t<meta property=\"og:image:height\" content=\"1200\" \/>\n\t<meta property=\"og:image:type\" content=\"image\/jpeg\" \/>\n<meta name=\"author\" content=\"Sebastiano Plutino\" \/>\n<meta name=\"twitter:card\" content=\"summary_large_image\" \/>\n<meta name=\"twitter:label1\" content=\"Scritto da\" \/>\n\t<meta name=\"twitter:data1\" content=\"Sebastiano Plutino\" \/>\n\t<meta name=\"twitter:label2\" content=\"Tempo di lettura stimato\" \/>\n\t<meta name=\"twitter:data2\" content=\"2 minuti\" \/>\n<script type=\"application\/ld+json\" class=\"yoast-schema-graph\">{\"@context\":\"https:\/\/schema.org\",\"@graph\":[{\"@type\":\"Article\",\"@id\":\"https:\/\/progettotouring.it\/radiotouring104\/2024\/02\/14\/autonomia-differenziata-il-consigliere-alecci-presente-alla-manifestazione-dellanci-a-catanzaro\/#article\",\"isPartOf\":{\"@id\":\"https:\/\/progettotouring.it\/radiotouring104\/2024\/02\/14\/autonomia-differenziata-il-consigliere-alecci-presente-alla-manifestazione-dellanci-a-catanzaro\/\"},\"author\":{\"name\":\"Sebastiano Plutino\",\"@id\":\"https:\/\/progettotouring.it\/radiotouring104\/#\/schema\/person\/78613917f1851f041f7483f5af1d422e\"},\"headline\":\"Autonomia Differenziata: il Consigliere Alecci presente alla manifestazione dell&#8217;Anci a Catanzaro\",\"datePublished\":\"2024-02-14T09:18:41+00:00\",\"mainEntityOfPage\":{\"@id\":\"https:\/\/progettotouring.it\/radiotouring104\/2024\/02\/14\/autonomia-differenziata-il-consigliere-alecci-presente-alla-manifestazione-dellanci-a-catanzaro\/\"},\"wordCount\":419,\"publisher\":{\"@id\":\"https:\/\/progettotouring.it\/radiotouring104\/#organization\"},\"image\":{\"@id\":\"https:\/\/progettotouring.it\/radiotouring104\/2024\/02\/14\/autonomia-differenziata-il-consigliere-alecci-presente-alla-manifestazione-dellanci-a-catanzaro\/#primaryimage\"},\"thumbnailUrl\":\"https:\/\/progettotouring.it\/radiotouring104\/wp-content\/uploads\/sites\/6\/2024\/02\/Alecci-Anci-Sindaci-Autonomia-3.jpg\",\"keywords\":[\"autonomia differenziata\",\"catanzaro\",\"Ernesto Alecci\",\"maniifestazione Anci contro Autonomia\"],\"articleSection\":[\"Home\",\"News\",\"Reggio Calabria\"],\"inLanguage\":\"it-IT\"},{\"@type\":\"WebPage\",\"@id\":\"https:\/\/progettotouring.it\/radiotouring104\/2024\/02\/14\/autonomia-differenziata-il-consigliere-alecci-presente-alla-manifestazione-dellanci-a-catanzaro\/\",\"url\":\"https:\/\/progettotouring.it\/radiotouring104\/2024\/02\/14\/autonomia-differenziata-il-consigliere-alecci-presente-alla-manifestazione-dellanci-a-catanzaro\/\",\"name\":\"Autonomia: Alecci presente a manifestazione dell'Anci a Catanzaro\",\"isPartOf\":{\"@id\":\"https:\/\/progettotouring.it\/radiotouring104\/#website\"},\"primaryImageOfPage\":{\"@id\":\"https:\/\/progettotouring.it\/radiotouring104\/2024\/02\/14\/autonomia-differenziata-il-consigliere-alecci-presente-alla-manifestazione-dellanci-a-catanzaro\/#primaryimage\"},\"image\":{\"@id\":\"https:\/\/progettotouring.it\/radiotouring104\/2024\/02\/14\/autonomia-differenziata-il-consigliere-alecci-presente-alla-manifestazione-dellanci-a-catanzaro\/#primaryimage\"},\"thumbnailUrl\":\"https:\/\/progettotouring.it\/radiotouring104\/wp-content\/uploads\/sites\/6\/2024\/02\/Alecci-Anci-Sindaci-Autonomia-3.jpg\",\"datePublished\":\"2024-02-14T09:18:41+00:00\",\"description\":\"Il Consigliere Alecci ha partecipato ieri a Catanzaro insieme ai Sindaci della provincia alla manifestazione dell\u2019Anci contro l\u2019Autonomia\",\"breadcrumb\":{\"@id\":\"https:\/\/progettotouring.it\/radiotouring104\/2024\/02\/14\/autonomia-differenziata-il-consigliere-alecci-presente-alla-manifestazione-dellanci-a-catanzaro\/#breadcrumb\"},\"inLanguage\":\"it-IT\",\"potentialAction\":[{\"@type\":\"ReadAction\",\"target\":[\"https:\/\/progettotouring.it\/radiotouring104\/2024\/02\/14\/autonomia-differenziata-il-consigliere-alecci-presente-alla-manifestazione-dellanci-a-catanzaro\/\"]}]},{\"@type\":\"ImageObject\",\"inLanguage\":\"it-IT\",\"@id\":\"https:\/\/progettotouring.it\/radiotouring104\/2024\/02\/14\/autonomia-differenziata-il-consigliere-alecci-presente-alla-manifestazione-dellanci-a-catanzaro\/#primaryimage\",\"url\":\"https:\/\/progettotouring.it\/radiotouring104\/wp-content\/uploads\/sites\/6\/2024\/02\/Alecci-Anci-Sindaci-Autonomia-3.jpg\",\"contentUrl\":\"https:\/\/progettotouring.it\/radiotouring104\/wp-content\/uploads\/sites\/6\/2024\/02\/Alecci-Anci-Sindaci-Autonomia-3.jpg\",\"width\":1600,\"height\":1200},{\"@type\":\"BreadcrumbList\",\"@id\":\"https:\/\/progettotouring.it\/radiotouring104\/2024\/02\/14\/autonomia-differenziata-il-consigliere-alecci-presente-alla-manifestazione-dellanci-a-catanzaro\/#breadcrumb\",\"itemListElement\":[{\"@type\":\"ListItem\",\"position\":1,\"name\":\"Home\",\"item\":\"https:\/\/progettotouring.it\/radiotouring104\/\"},{\"@type\":\"ListItem\",\"position\":2,\"name\":\"Autonomia Differenziata: il Consigliere Alecci presente alla manifestazione dell&#8217;Anci a Catanzaro\"}]},{\"@type\":\"WebSite\",\"@id\":\"https:\/\/progettotouring.it\/radiotouring104\/#website\",\"url\":\"https:\/\/progettotouring.it\/radiotouring104\/\",\"name\":\"Radio Touring 104\",\"description\":\"La prima radio Reggina\",\"publisher\":{\"@id\":\"https:\/\/progettotouring.it\/radiotouring104\/#organization\"},\"potentialAction\":[{\"@type\":\"SearchAction\",\"target\":{\"@type\":\"EntryPoint\",\"urlTemplate\":\"https:\/\/progettotouring.it\/radiotouring104\/?s={search_term_string}\"},\"query-input\":{\"@type\":\"PropertyValueSpecification\",\"valueRequired\":true,\"valueName\":\"search_term_string\"}}],\"inLanguage\":\"it-IT\"},{\"@type\":\"Organization\",\"@id\":\"https:\/\/progettotouring.it\/radiotouring104\/#organization\",\"name\":\"Radio Touring 104\",\"url\":\"https:\/\/progettotouring.it\/radiotouring104\/\",\"logo\":{\"@type\":\"ImageObject\",\"inLanguage\":\"it-IT\",\"@id\":\"https:\/\/progettotouring.it\/radiotouring104\/#\/schema\/logo\/image\/\",\"url\":\"https:\/\/progettotouring.it\/radiotouring104\/wp-content\/uploads\/sites\/6\/2022\/02\/cropped-logo-radio-touring-104.png\",\"contentUrl\":\"https:\/\/progettotouring.it\/radiotouring104\/wp-content\/uploads\/sites\/6\/2022\/02\/cropped-logo-radio-touring-104.png\",\"width\":377,\"height\":182,\"caption\":\"Radio Touring 104\"},\"image\":{\"@id\":\"https:\/\/progettotouring.it\/radiotouring104\/#\/schema\/logo\/image\/\"}},{\"@type\":\"Person\",\"@id\":\"https:\/\/progettotouring.it\/radiotouring104\/#\/schema\/person\/78613917f1851f041f7483f5af1d422e\",\"name\":\"Sebastiano Plutino\",\"image\":{\"@type\":\"ImageObject\",\"inLanguage\":\"it-IT\",\"@id\":\"https:\/\/secure.gravatar.com\/avatar\/0546ffaa9b79224faf9f2a156b67a529ae861d3287c66c1d8ccfdf909bcba78d?s=96&d=mm&r=g\",\"url\":\"https:\/\/secure.gravatar.com\/avatar\/0546ffaa9b79224faf9f2a156b67a529ae861d3287c66c1d8ccfdf909bcba78d?s=96&d=mm&r=g\",\"contentUrl\":\"https:\/\/secure.gravatar.com\/avatar\/0546ffaa9b79224faf9f2a156b67a529ae861d3287c66c1d8ccfdf909bcba78d?s=96&d=mm&r=g\",\"caption\":\"Sebastiano Plutino\"},\"url\":\"https:\/\/progettotouring.it\/radiotouring104\/author\/sebastiano\/\"}]}<\/script>\n<!-- \/ Yoast SEO plugin. -->","yoast_head_json":{"title":"Autonomia: Alecci presente a manifestazione dell'Anci a Catanzaro","description":"Il Consigliere Alecci ha partecipato ieri a Catanzaro insieme ai Sindaci della provincia alla manifestazione dell\u2019Anci contro l\u2019Autonomia","robots":{"index":"index","follow":"follow","max-snippet":"max-snippet:-1","max-image-preview":"max-image-preview:large","max-video-preview":"max-video-preview:-1"},"canonical":"https:\/\/progettotouring.it\/radiotouring104\/2024\/02\/14\/autonomia-differenziata-il-consigliere-alecci-presente-alla-manifestazione-dellanci-a-catanzaro\/","og_locale":"it_IT","og_type":"article","og_title":"Autonomia: Alecci presente a manifestazione dell'Anci a Catanzaro","og_description":"Il Consigliere Alecci ha partecipato ieri a Catanzaro insieme ai Sindaci della provincia alla manifestazione dell\u2019Anci contro l\u2019Autonomia","og_url":"https:\/\/progettotouring.it\/radiotouring104\/2024\/02\/14\/autonomia-differenziata-il-consigliere-alecci-presente-alla-manifestazione-dellanci-a-catanzaro\/","og_site_name":"Radio Touring 104","article_published_time":"2024-02-14T09:18:41+00:00","og_image":[{"width":1600,"height":1200,"url":"https:\/\/progettotouring.it\/radiotouring104\/wp-content\/uploads\/sites\/6\/2024\/02\/Alecci-Anci-Sindaci-Autonomia-3.jpg","type":"image\/jpeg"}],"author":"Sebastiano Plutino","twitter_card":"summary_large_image","twitter_misc":{"Scritto da":"Sebastiano Plutino","Tempo di lettura stimato":"2 minuti"},"schema":{"@context":"https:\/\/schema.org","@graph":[{"@type":"Article","@id":"https:\/\/progettotouring.it\/radiotouring104\/2024\/02\/14\/autonomia-differenziata-il-consigliere-alecci-presente-alla-manifestazione-dellanci-a-catanzaro\/#article","isPartOf":{"@id":"https:\/\/progettotouring.it\/radiotouring104\/2024\/02\/14\/autonomia-differenziata-il-consigliere-alecci-presente-alla-manifestazione-dellanci-a-catanzaro\/"},"author":{"name":"Sebastiano Plutino","@id":"https:\/\/progettotouring.it\/radiotouring104\/#\/schema\/person\/78613917f1851f041f7483f5af1d422e"},"headline":"Autonomia Differenziata: il Consigliere Alecci presente alla manifestazione dell&#8217;Anci a Catanzaro","datePublished":"2024-02-14T09:18:41+00:00","mainEntityOfPage":{"@id":"https:\/\/progettotouring.it\/radiotouring104\/2024\/02\/14\/autonomia-differenziata-il-consigliere-alecci-presente-alla-manifestazione-dellanci-a-catanzaro\/"},"wordCount":419,"publisher":{"@id":"https:\/\/progettotouring.it\/radiotouring104\/#organization"},"image":{"@id":"https:\/\/progettotouring.it\/radiotouring104\/2024\/02\/14\/autonomia-differenziata-il-consigliere-alecci-presente-alla-manifestazione-dellanci-a-catanzaro\/#primaryimage"},"thumbnailUrl":"https:\/\/progettotouring.it\/radiotouring104\/wp-content\/uploads\/sites\/6\/2024\/02\/Alecci-Anci-Sindaci-Autonomia-3.jpg","keywords":["autonomia differenziata","catanzaro","Ernesto Alecci","maniifestazione Anci contro Autonomia"],"articleSection":["Home","News","Reggio Calabria"],"inLanguage":"it-IT"},{"@type":"WebPage","@id":"https:\/\/progettotouring.it\/radiotouring104\/2024\/02\/14\/autonomia-differenziata-il-consigliere-alecci-presente-alla-manifestazione-dellanci-a-catanzaro\/","url":"https:\/\/progettotouring.it\/radiotouring104\/2024\/02\/14\/autonomia-differenziata-il-consigliere-alecci-presente-alla-manifestazione-dellanci-a-catanzaro\/","name":"Autonomia: Alecci presente a manifestazione dell'Anci a Catanzaro","isPartOf":{"@id":"https:\/\/progettotouring.it\/radiotouring104\/#website"},"primaryImageOfPage":{"@id":"https:\/\/progettotouring.it\/radiotouring104\/2024\/02\/14\/autonomia-differenziata-il-consigliere-alecci-presente-alla-manifestazione-dellanci-a-catanzaro\/#primaryimage"},"image":{"@id":"https:\/\/progettotouring.it\/radiotouring104\/2024\/02\/14\/autonomia-differenziata-il-consigliere-alecci-presente-alla-manifestazione-dellanci-a-catanzaro\/#primaryimage"},"thumbnailUrl":"https:\/\/progettotouring.it\/radiotouring104\/wp-content\/uploads\/sites\/6\/2024\/02\/Alecci-Anci-Sindaci-Autonomia-3.jpg","datePublished":"2024-02-14T09:18:41+00:00","description":"Il Consigliere Alecci ha partecipato ieri a Catanzaro insieme ai Sindaci della provincia alla manifestazione dell\u2019Anci contro l\u2019Autonomia","breadcrumb":{"@id":"https:\/\/progettotouring.it\/radiotouring104\/2024\/02\/14\/autonomia-differenziata-il-consigliere-alecci-presente-alla-manifestazione-dellanci-a-catanzaro\/#breadcrumb"},"inLanguage":"it-IT","potentialAction":[{"@type":"ReadAction","target":["https:\/\/progettotouring.it\/radiotouring104\/2024\/02\/14\/autonomia-differenziata-il-consigliere-alecci-presente-alla-manifestazione-dellanci-a-catanzaro\/"]}]},{"@type":"ImageObject","inLanguage":"it-IT","@id":"https:\/\/progettotouring.it\/radiotouring104\/2024\/02\/14\/autonomia-differenziata-il-consigliere-alecci-presente-alla-manifestazione-dellanci-a-catanzaro\/#primaryimage","url":"https:\/\/progettotouring.it\/radiotouring104\/wp-content\/uploads\/sites\/6\/2024\/02\/Alecci-Anci-Sindaci-Autonomia-3.jpg","contentUrl":"https:\/\/progettotouring.it\/radiotouring104\/wp-content\/uploads\/sites\/6\/2024\/02\/Alecci-Anci-Sindaci-Autonomia-3.jpg","width":1600,"height":1200},{"@type":"BreadcrumbList","@id":"https:\/\/progettotouring.it\/radiotouring104\/2024\/02\/14\/autonomia-differenziata-il-consigliere-alecci-presente-alla-manifestazione-dellanci-a-catanzaro\/#breadcrumb","itemListElement":[{"@type":"ListItem","position":1,"name":"Home","item":"https:\/\/progettotouring.it\/radiotouring104\/"},{"@type":"ListItem","position":2,"name":"Autonomia Differenziata: il Consigliere Alecci presente alla manifestazione dell&#8217;Anci a Catanzaro"}]},{"@type":"WebSite","@id":"https:\/\/progettotouring.it\/radiotouring104\/#website","url":"https:\/\/progettotouring.it\/radiotouring104\/","name":"Radio Touring 104","description":"La prima radio Reggina","publisher":{"@id":"https:\/\/progettotouring.it\/radiotouring104\/#organization"},"potentialAction":[{"@type":"SearchAction","target":{"@type":"EntryPoint","urlTemplate":"https:\/\/progettotouring.it\/radiotouring104\/?s={search_term_string}"},"query-input":{"@type":"PropertyValueSpecification","valueRequired":true,"valueName":"search_term_string"}}],"inLanguage":"it-IT"},{"@type":"Organization","@id":"https:\/\/progettotouring.it\/radiotouring104\/#organization","name":"Radio Touring 104","url":"https:\/\/progettotouring.it\/radiotouring104\/","logo":{"@type":"ImageObject","inLanguage":"it-IT","@id":"https:\/\/progettotouring.it\/radiotouring104\/#\/schema\/logo\/image\/","url":"https:\/\/progettotouring.it\/radiotouring104\/wp-content\/uploads\/sites\/6\/2022\/02\/cropped-logo-radio-touring-104.png","contentUrl":"https:\/\/progettotouring.it\/radiotouring104\/wp-content\/uploads\/sites\/6\/2022\/02\/cropped-logo-radio-touring-104.png","width":377,"height":182,"caption":"Radio Touring 104"},"image":{"@id":"https:\/\/progettotouring.it\/radiotouring104\/#\/schema\/logo\/image\/"}},{"@type":"Person","@id":"https:\/\/progettotouring.it\/radiotouring104\/#\/schema\/person\/78613917f1851f041f7483f5af1d422e","name":"Sebastiano Plutino","image":{"@type":"ImageObject","inLanguage":"it-IT","@id":"https:\/\/secure.gravatar.com\/avatar\/0546ffaa9b79224faf9f2a156b67a529ae861d3287c66c1d8ccfdf909bcba78d?s=96&d=mm&r=g","url":"https:\/\/secure.gravatar.com\/avatar\/0546ffaa9b79224faf9f2a156b67a529ae861d3287c66c1d8ccfdf909bcba78d?s=96&d=mm&r=g","contentUrl":"https:\/\/secure.gravatar.com\/avatar\/0546ffaa9b79224faf9f2a156b67a529ae861d3287c66c1d8ccfdf909bcba78d?s=96&d=mm&r=g","caption":"Sebastiano Plutino"},"url":"https:\/\/progettotouring.it\/radiotouring104\/author\/sebastiano\/"}]}},"jetpack_publicize_connections":[],"jetpack_featured_media_url":"https:\/\/progettotouring.it\/radiotouring104\/wp-content\/uploads\/sites\/6\/2024\/02\/Alecci-Anci-Sindaci-Autonomia-3.jpg","jetpack_sharing_enabled":true,"_links":{"self":[{"href":"https:\/\/progettotouring.it\/radiotouring104\/wp-json\/wp\/v2\/posts\/44614","targetHints":{"allow":["GET"]}}],"collection":[{"href":"https:\/\/progettotouring.it\/radiotouring104\/wp-json\/wp\/v2\/posts"}],"about":[{"href":"https:\/\/progettotouring.it\/radiotouring104\/wp-json\/wp\/v2\/types\/post"}],"author":[{"embeddable":true,"href":"https:\/\/progettotouring.it\/radiotouring104\/wp-json\/wp\/v2\/users\/12"}],"replies":[{"embeddable":true,"href":"https:\/\/progettotouring.it\/radiotouring104\/wp-json\/wp\/v2\/comments?post=44614"}],"version-history":[{"count":1,"href":"https:\/\/progettotouring.it\/radiotouring104\/wp-json\/wp\/v2\/posts\/44614\/revisions"}],"predecessor-version":[{"id":44617,"href":"https:\/\/progettotouring.it\/radiotouring104\/wp-json\/wp\/v2\/posts\/44614\/revisions\/44617"}],"wp:featuredmedia":[{"embeddable":true,"href":"https:\/\/progettotouring.it\/radiotouring104\/wp-json\/wp\/v2\/media\/44616"}],"wp:attachment":[{"href":"https:\/\/progettotouring.it\/radiotouring104\/wp-json\/wp\/v2\/media?parent=44614"}],"wp:term":[{"taxonomy":"category","embeddable":true,"href":"https:\/\/progettotouring.it\/radiotouring104\/wp-json\/wp\/v2\/categories?post=44614"},{"taxonomy":"post_tag","embeddable":true,"href":"https:\/\/progettotouring.it\/radiotouring104\/wp-json\/wp\/v2\/tags?post=44614"}],"curies":[{"name":"wp","href":"https:\/\/api.w.org\/{rel}","templated":true}]}}