{"id":44623,"date":"2024-02-14T10:52:05","date_gmt":"2024-02-14T09:52:05","guid":{"rendered":"https:\/\/progettotouring.it\/radiotouring104\/?p=44623"},"modified":"2024-02-14T10:54:03","modified_gmt":"2024-02-14T09:54:03","slug":"mynergy-viola-g-m-vita-determinato-pronti-a-ricompattarci-subito","status":"publish","type":"post","link":"https:\/\/progettotouring.it\/radiotouring104\/2024\/02\/14\/mynergy-viola-g-m-vita-determinato-pronti-a-ricompattarci-subito\/","title":{"rendered":"Mynergy Viola, G.M. Vita determinato: \u201cPronti a ricompattarci subito\u201d"},"content":{"rendered":"<p style=\"text-align: justify\">Al termine della<strong> gara giocata contro la Basket School Messina al PalaCalafiore, in Conferenza Stampa<\/strong> per il team neroarancio <strong>ha parlato il General Manager<\/strong>, <strong>Fortunato. Vita.<\/strong><\/p>\n<p style=\"text-align: justify\"><strong>Le sue impressioni:<\/strong><\/p>\n<p style=\"text-align: justify\"><em>\u201cSicuramente sapevamo che avevamo una partita difficile da affrontare, la Basket School \u00e8 una squadra veramente in forma e al di l\u00e0 della classifica I nostri avversari hanno avuto una crescita esponenziale, soprattutto con le squadre di alta classifica, non hanno mai demeritato e hanno ottenuto dei risultati importanti. Noi non abbiamo mostrato una situazione \u201cidilliaca\u201d dal punto di vista mentale e si \u00e8 visto fin dai primi minuti della gara. Va dato atto e merito alla Basket School Messina per la vittoria. E\u2019 una sconfitta che a noi brucia perch\u00e9 non \u00e8 sicuramente bello perdere questa sfida, \u00e8 la quarta sconfitta in casa. Non \u00e8 bello n\u00e9 per l\u2019umore della squadra, n\u00e9 per il pubblico che ci sostiene in tutte le difficolt\u00e0. Va ricostruito il nostro fortino e dobbiamo prepararci per la seconda fase, che \u00e8 sicuramente molto pi\u00f9 complicata di questa prima parte.<\/em><\/p>\n<p style=\"text-align: justify\"><strong>E\u2019 preoccupato?<\/strong><\/p>\n<p style=\"text-align: justify\"><em>\u201cMi preoccupa l\u2019atteggiamento dall\u2019esterno, perch\u00e9 posso capire le difficolt\u00e0 e posso capire gli errori, per\u00f2 quando si sommano cos\u00ec, in un modo costante, preoccupa sicuramente perch\u00e9 sembra appunto una costante, soprattutto in casa. Per\u00f2 non voglio parlare del discorso arbitrale e degli errori che ci possono pure stare e che se sono troppo spesso evidenti, preoccupa per il movimento cestistico in generale. Noi adesso dobbiamo guardare in casa nostra e in casa nostra le problematiche sono quelle legate a un gruppo giovane. Come noi sapevamo fin dall\u2019inizio della stagione, il gruppo giovane ci pu\u00f2 portare i risultati, e possiamo avere contemporaneamente dei momenti di difficolt\u00e0. Per\u00f2 ci dobbiamo ricompattare subito: lo merita la squadra, lo meritano il pubblico e la citt\u00e0. E quindi riproveremo veramente a ripartire per prepararci alla seconda fase come si deve\u201d.<\/em><\/p>\n<p style=\"text-align: justify\"><strong>Un messaggio per Staff tecnico e roster?<\/strong><\/p>\n<p style=\"text-align: justify\"><em>\u201cNon ci dobbiamo buttare gi\u00f9. Come per ogni sconfitta io sono del parere che dobbiamo costruire da questi errori e dalle sconfitte i passi pi\u00f9 importanti, i mattoni per raggiungere dei risultati. E ce la faremo sicuramente. I ragazzi ora si devono preoccupare di prepararsi con tranquillit\u00e0. Noi come societ\u00e0 faremo il massimo per dare loro la tranquillit\u00e0, come abbiamo sempre fatto, per affrontare con determinazione ogni singola partita. Gi\u00e0 a partire da Piazza Armerina\u201d.<\/em><\/p>\n","protected":false},"excerpt":{"rendered":"<p>Al termine della gara giocata contro la Basket School Messina al PalaCalafiore, in Conferenza Stampa per il team neroarancio ha parlato il General Manager, Fortunato. Vita. Le sue impressioni: \u201cSicuramente&hellip;<\/p>\n","protected":false},"author":12,"featured_media":44624,"comment_status":"closed","ping_status":"open","sticky":false,"template":"","format":"standard","meta":{"_jetpack_memberships_contains_paid_content":false,"footnotes":"","jetpack_publicize_message":"","jetpack_publicize_feature_enabled":true,"jetpack_social_post_already_shared":false,"jetpack_social_options":{"image_generator_settings":{"template":"highway","default_image_id":0,"font":"","enabled":false},"version":2}},"categories":[196,140,144],"tags":[27530,24378,26206,25727,12192],"class_list":["post-44623","post","type-post","status-publish","format-standard","has-post-thumbnail","hentry","category-news","category-reggio-calabria","category-sport","tag-pronti-a-ricompattarci-subito","tag-basket-school-messina","tag-fortunato-vita","tag-mynergy-viola","tag-palacalafiore-reggio-calabria"],"yoast_head":"<!-- This site is optimized with the Yoast SEO plugin v27.2 - https:\/\/yoast.com\/product\/yoast-seo-wordpress\/ -->\n<title>Mynergy, G.M. Vita determinato: \u201cPronti a ricompattarci subito\u201d<\/title>\n<meta name=\"description\" content=\"Le impressioni in conferenza stampa del G.M. neroarancio, Vita, al termine della sconfitta contro Basket School Messina al PalaCalafiore,\" \/>\n<meta name=\"robots\" content=\"index, follow, max-snippet:-1, max-image-preview:large, max-video-preview:-1\" \/>\n<link rel=\"canonical\" href=\"https:\/\/progettotouring.it\/radiotouring104\/2024\/02\/14\/mynergy-viola-g-m-vita-determinato-pronti-a-ricompattarci-subito\/\" \/>\n<meta property=\"og:locale\" content=\"it_IT\" \/>\n<meta property=\"og:type\" content=\"article\" \/>\n<meta property=\"og:title\" content=\"Mynergy, G.M. Vita determinato: \u201cPronti a ricompattarci subito\u201d\" \/>\n<meta property=\"og:description\" content=\"Le impressioni in conferenza stampa del G.M. neroarancio, Vita, al termine della sconfitta contro Basket School Messina al PalaCalafiore,\" \/>\n<meta property=\"og:url\" content=\"https:\/\/progettotouring.it\/radiotouring104\/2024\/02\/14\/mynergy-viola-g-m-vita-determinato-pronti-a-ricompattarci-subito\/\" \/>\n<meta property=\"og:site_name\" content=\"Radio Touring 104\" \/>\n<meta property=\"article:published_time\" content=\"2024-02-14T09:52:05+00:00\" \/>\n<meta property=\"article:modified_time\" content=\"2024-02-14T09:54:03+00:00\" \/>\n<meta property=\"og:image\" content=\"https:\/\/progettotouring.it\/radiotouring104\/wp-content\/uploads\/sites\/6\/2024\/02\/Fortunato-Vita-Mynergy-Viola.png\" \/>\n\t<meta property=\"og:image:width\" content=\"300\" \/>\n\t<meta property=\"og:image:height\" content=\"209\" \/>\n\t<meta property=\"og:image:type\" content=\"image\/png\" \/>\n<meta name=\"author\" content=\"Sebastiano Plutino\" \/>\n<meta name=\"twitter:card\" content=\"summary_large_image\" \/>\n<meta name=\"twitter:label1\" content=\"Scritto da\" \/>\n\t<meta name=\"twitter:data1\" content=\"Sebastiano Plutino\" \/>\n\t<meta name=\"twitter:label2\" content=\"Tempo di lettura stimato\" \/>\n\t<meta name=\"twitter:data2\" content=\"2 minuti\" \/>\n<script type=\"application\/ld+json\" class=\"yoast-schema-graph\">{\"@context\":\"https:\/\/schema.org\",\"@graph\":[{\"@type\":\"Article\",\"@id\":\"https:\/\/progettotouring.it\/radiotouring104\/2024\/02\/14\/mynergy-viola-g-m-vita-determinato-pronti-a-ricompattarci-subito\/#article\",\"isPartOf\":{\"@id\":\"https:\/\/progettotouring.it\/radiotouring104\/2024\/02\/14\/mynergy-viola-g-m-vita-determinato-pronti-a-ricompattarci-subito\/\"},\"author\":{\"name\":\"Sebastiano Plutino\",\"@id\":\"https:\/\/progettotouring.it\/radiotouring104\/#\/schema\/person\/78613917f1851f041f7483f5af1d422e\"},\"headline\":\"Mynergy Viola, G.M. Vita determinato: \u201cPronti a ricompattarci subito\u201d\",\"datePublished\":\"2024-02-14T09:52:05+00:00\",\"dateModified\":\"2024-02-14T09:54:03+00:00\",\"mainEntityOfPage\":{\"@id\":\"https:\/\/progettotouring.it\/radiotouring104\/2024\/02\/14\/mynergy-viola-g-m-vita-determinato-pronti-a-ricompattarci-subito\/\"},\"wordCount\":401,\"publisher\":{\"@id\":\"https:\/\/progettotouring.it\/radiotouring104\/#organization\"},\"image\":{\"@id\":\"https:\/\/progettotouring.it\/radiotouring104\/2024\/02\/14\/mynergy-viola-g-m-vita-determinato-pronti-a-ricompattarci-subito\/#primaryimage\"},\"thumbnailUrl\":\"https:\/\/progettotouring.it\/radiotouring104\/wp-content\/uploads\/sites\/6\/2024\/02\/Fortunato-Vita-Mynergy-Viola.png\",\"keywords\":[\"\u201cPronti a ricompattarci subito\u201d\",\"Basket School Messina\",\"Fortunato VIta\",\"Mynergy Viola\",\"Palacalafiore Reggio Calabria\"],\"articleSection\":[\"News\",\"Reggio Calabria\",\"Sport\"],\"inLanguage\":\"it-IT\"},{\"@type\":\"WebPage\",\"@id\":\"https:\/\/progettotouring.it\/radiotouring104\/2024\/02\/14\/mynergy-viola-g-m-vita-determinato-pronti-a-ricompattarci-subito\/\",\"url\":\"https:\/\/progettotouring.it\/radiotouring104\/2024\/02\/14\/mynergy-viola-g-m-vita-determinato-pronti-a-ricompattarci-subito\/\",\"name\":\"Mynergy, G.M. Vita determinato: \u201cPronti a ricompattarci subito\u201d\",\"isPartOf\":{\"@id\":\"https:\/\/progettotouring.it\/radiotouring104\/#website\"},\"primaryImageOfPage\":{\"@id\":\"https:\/\/progettotouring.it\/radiotouring104\/2024\/02\/14\/mynergy-viola-g-m-vita-determinato-pronti-a-ricompattarci-subito\/#primaryimage\"},\"image\":{\"@id\":\"https:\/\/progettotouring.it\/radiotouring104\/2024\/02\/14\/mynergy-viola-g-m-vita-determinato-pronti-a-ricompattarci-subito\/#primaryimage\"},\"thumbnailUrl\":\"https:\/\/progettotouring.it\/radiotouring104\/wp-content\/uploads\/sites\/6\/2024\/02\/Fortunato-Vita-Mynergy-Viola.png\",\"datePublished\":\"2024-02-14T09:52:05+00:00\",\"dateModified\":\"2024-02-14T09:54:03+00:00\",\"description\":\"Le impressioni in conferenza stampa del G.M. neroarancio, Vita, al termine della sconfitta contro Basket School Messina al PalaCalafiore,\",\"breadcrumb\":{\"@id\":\"https:\/\/progettotouring.it\/radiotouring104\/2024\/02\/14\/mynergy-viola-g-m-vita-determinato-pronti-a-ricompattarci-subito\/#breadcrumb\"},\"inLanguage\":\"it-IT\",\"potentialAction\":[{\"@type\":\"ReadAction\",\"target\":[\"https:\/\/progettotouring.it\/radiotouring104\/2024\/02\/14\/mynergy-viola-g-m-vita-determinato-pronti-a-ricompattarci-subito\/\"]}]},{\"@type\":\"ImageObject\",\"inLanguage\":\"it-IT\",\"@id\":\"https:\/\/progettotouring.it\/radiotouring104\/2024\/02\/14\/mynergy-viola-g-m-vita-determinato-pronti-a-ricompattarci-subito\/#primaryimage\",\"url\":\"https:\/\/progettotouring.it\/radiotouring104\/wp-content\/uploads\/sites\/6\/2024\/02\/Fortunato-Vita-Mynergy-Viola.png\",\"contentUrl\":\"https:\/\/progettotouring.it\/radiotouring104\/wp-content\/uploads\/sites\/6\/2024\/02\/Fortunato-Vita-Mynergy-Viola.png\",\"width\":300,\"height\":209},{\"@type\":\"BreadcrumbList\",\"@id\":\"https:\/\/progettotouring.it\/radiotouring104\/2024\/02\/14\/mynergy-viola-g-m-vita-determinato-pronti-a-ricompattarci-subito\/#breadcrumb\",\"itemListElement\":[{\"@type\":\"ListItem\",\"position\":1,\"name\":\"Home\",\"item\":\"https:\/\/progettotouring.it\/radiotouring104\/\"},{\"@type\":\"ListItem\",\"position\":2,\"name\":\"Mynergy Viola, G.M. Vita determinato: \u201cPronti a ricompattarci subito\u201d\"}]},{\"@type\":\"WebSite\",\"@id\":\"https:\/\/progettotouring.it\/radiotouring104\/#website\",\"url\":\"https:\/\/progettotouring.it\/radiotouring104\/\",\"name\":\"Radio Touring 104\",\"description\":\"La prima radio Reggina\",\"publisher\":{\"@id\":\"https:\/\/progettotouring.it\/radiotouring104\/#organization\"},\"potentialAction\":[{\"@type\":\"SearchAction\",\"target\":{\"@type\":\"EntryPoint\",\"urlTemplate\":\"https:\/\/progettotouring.it\/radiotouring104\/?s={search_term_string}\"},\"query-input\":{\"@type\":\"PropertyValueSpecification\",\"valueRequired\":true,\"valueName\":\"search_term_string\"}}],\"inLanguage\":\"it-IT\"},{\"@type\":\"Organization\",\"@id\":\"https:\/\/progettotouring.it\/radiotouring104\/#organization\",\"name\":\"Radio Touring 104\",\"url\":\"https:\/\/progettotouring.it\/radiotouring104\/\",\"logo\":{\"@type\":\"ImageObject\",\"inLanguage\":\"it-IT\",\"@id\":\"https:\/\/progettotouring.it\/radiotouring104\/#\/schema\/logo\/image\/\",\"url\":\"https:\/\/progettotouring.it\/radiotouring104\/wp-content\/uploads\/sites\/6\/2022\/02\/cropped-logo-radio-touring-104.png\",\"contentUrl\":\"https:\/\/progettotouring.it\/radiotouring104\/wp-content\/uploads\/sites\/6\/2022\/02\/cropped-logo-radio-touring-104.png\",\"width\":377,\"height\":182,\"caption\":\"Radio Touring 104\"},\"image\":{\"@id\":\"https:\/\/progettotouring.it\/radiotouring104\/#\/schema\/logo\/image\/\"}},{\"@type\":\"Person\",\"@id\":\"https:\/\/progettotouring.it\/radiotouring104\/#\/schema\/person\/78613917f1851f041f7483f5af1d422e\",\"name\":\"Sebastiano Plutino\",\"image\":{\"@type\":\"ImageObject\",\"inLanguage\":\"it-IT\",\"@id\":\"https:\/\/secure.gravatar.com\/avatar\/0546ffaa9b79224faf9f2a156b67a529ae861d3287c66c1d8ccfdf909bcba78d?s=96&d=mm&r=g\",\"url\":\"https:\/\/secure.gravatar.com\/avatar\/0546ffaa9b79224faf9f2a156b67a529ae861d3287c66c1d8ccfdf909bcba78d?s=96&d=mm&r=g\",\"contentUrl\":\"https:\/\/secure.gravatar.com\/avatar\/0546ffaa9b79224faf9f2a156b67a529ae861d3287c66c1d8ccfdf909bcba78d?s=96&d=mm&r=g\",\"caption\":\"Sebastiano Plutino\"},\"url\":\"https:\/\/progettotouring.it\/radiotouring104\/author\/sebastiano\/\"}]}<\/script>\n<!-- \/ Yoast SEO plugin. -->","yoast_head_json":{"title":"Mynergy, G.M. Vita determinato: \u201cPronti a ricompattarci subito\u201d","description":"Le impressioni in conferenza stampa del G.M. neroarancio, Vita, al termine della sconfitta contro Basket School Messina al PalaCalafiore,","robots":{"index":"index","follow":"follow","max-snippet":"max-snippet:-1","max-image-preview":"max-image-preview:large","max-video-preview":"max-video-preview:-1"},"canonical":"https:\/\/progettotouring.it\/radiotouring104\/2024\/02\/14\/mynergy-viola-g-m-vita-determinato-pronti-a-ricompattarci-subito\/","og_locale":"it_IT","og_type":"article","og_title":"Mynergy, G.M. Vita determinato: \u201cPronti a ricompattarci subito\u201d","og_description":"Le impressioni in conferenza stampa del G.M. neroarancio, Vita, al termine della sconfitta contro Basket School Messina al PalaCalafiore,","og_url":"https:\/\/progettotouring.it\/radiotouring104\/2024\/02\/14\/mynergy-viola-g-m-vita-determinato-pronti-a-ricompattarci-subito\/","og_site_name":"Radio Touring 104","article_published_time":"2024-02-14T09:52:05+00:00","article_modified_time":"2024-02-14T09:54:03+00:00","og_image":[{"width":300,"height":209,"url":"https:\/\/progettotouring.it\/radiotouring104\/wp-content\/uploads\/sites\/6\/2024\/02\/Fortunato-Vita-Mynergy-Viola.png","type":"image\/png"}],"author":"Sebastiano Plutino","twitter_card":"summary_large_image","twitter_misc":{"Scritto da":"Sebastiano Plutino","Tempo di lettura stimato":"2 minuti"},"schema":{"@context":"https:\/\/schema.org","@graph":[{"@type":"Article","@id":"https:\/\/progettotouring.it\/radiotouring104\/2024\/02\/14\/mynergy-viola-g-m-vita-determinato-pronti-a-ricompattarci-subito\/#article","isPartOf":{"@id":"https:\/\/progettotouring.it\/radiotouring104\/2024\/02\/14\/mynergy-viola-g-m-vita-determinato-pronti-a-ricompattarci-subito\/"},"author":{"name":"Sebastiano Plutino","@id":"https:\/\/progettotouring.it\/radiotouring104\/#\/schema\/person\/78613917f1851f041f7483f5af1d422e"},"headline":"Mynergy Viola, G.M. Vita determinato: \u201cPronti a ricompattarci subito\u201d","datePublished":"2024-02-14T09:52:05+00:00","dateModified":"2024-02-14T09:54:03+00:00","mainEntityOfPage":{"@id":"https:\/\/progettotouring.it\/radiotouring104\/2024\/02\/14\/mynergy-viola-g-m-vita-determinato-pronti-a-ricompattarci-subito\/"},"wordCount":401,"publisher":{"@id":"https:\/\/progettotouring.it\/radiotouring104\/#organization"},"image":{"@id":"https:\/\/progettotouring.it\/radiotouring104\/2024\/02\/14\/mynergy-viola-g-m-vita-determinato-pronti-a-ricompattarci-subito\/#primaryimage"},"thumbnailUrl":"https:\/\/progettotouring.it\/radiotouring104\/wp-content\/uploads\/sites\/6\/2024\/02\/Fortunato-Vita-Mynergy-Viola.png","keywords":["\u201cPronti a ricompattarci subito\u201d","Basket School Messina","Fortunato VIta","Mynergy Viola","Palacalafiore Reggio Calabria"],"articleSection":["News","Reggio Calabria","Sport"],"inLanguage":"it-IT"},{"@type":"WebPage","@id":"https:\/\/progettotouring.it\/radiotouring104\/2024\/02\/14\/mynergy-viola-g-m-vita-determinato-pronti-a-ricompattarci-subito\/","url":"https:\/\/progettotouring.it\/radiotouring104\/2024\/02\/14\/mynergy-viola-g-m-vita-determinato-pronti-a-ricompattarci-subito\/","name":"Mynergy, G.M. Vita determinato: \u201cPronti a ricompattarci subito\u201d","isPartOf":{"@id":"https:\/\/progettotouring.it\/radiotouring104\/#website"},"primaryImageOfPage":{"@id":"https:\/\/progettotouring.it\/radiotouring104\/2024\/02\/14\/mynergy-viola-g-m-vita-determinato-pronti-a-ricompattarci-subito\/#primaryimage"},"image":{"@id":"https:\/\/progettotouring.it\/radiotouring104\/2024\/02\/14\/mynergy-viola-g-m-vita-determinato-pronti-a-ricompattarci-subito\/#primaryimage"},"thumbnailUrl":"https:\/\/progettotouring.it\/radiotouring104\/wp-content\/uploads\/sites\/6\/2024\/02\/Fortunato-Vita-Mynergy-Viola.png","datePublished":"2024-02-14T09:52:05+00:00","dateModified":"2024-02-14T09:54:03+00:00","description":"Le impressioni in conferenza stampa del G.M. neroarancio, Vita, al termine della sconfitta contro Basket School Messina al PalaCalafiore,","breadcrumb":{"@id":"https:\/\/progettotouring.it\/radiotouring104\/2024\/02\/14\/mynergy-viola-g-m-vita-determinato-pronti-a-ricompattarci-subito\/#breadcrumb"},"inLanguage":"it-IT","potentialAction":[{"@type":"ReadAction","target":["https:\/\/progettotouring.it\/radiotouring104\/2024\/02\/14\/mynergy-viola-g-m-vita-determinato-pronti-a-ricompattarci-subito\/"]}]},{"@type":"ImageObject","inLanguage":"it-IT","@id":"https:\/\/progettotouring.it\/radiotouring104\/2024\/02\/14\/mynergy-viola-g-m-vita-determinato-pronti-a-ricompattarci-subito\/#primaryimage","url":"https:\/\/progettotouring.it\/radiotouring104\/wp-content\/uploads\/sites\/6\/2024\/02\/Fortunato-Vita-Mynergy-Viola.png","contentUrl":"https:\/\/progettotouring.it\/radiotouring104\/wp-content\/uploads\/sites\/6\/2024\/02\/Fortunato-Vita-Mynergy-Viola.png","width":300,"height":209},{"@type":"BreadcrumbList","@id":"https:\/\/progettotouring.it\/radiotouring104\/2024\/02\/14\/mynergy-viola-g-m-vita-determinato-pronti-a-ricompattarci-subito\/#breadcrumb","itemListElement":[{"@type":"ListItem","position":1,"name":"Home","item":"https:\/\/progettotouring.it\/radiotouring104\/"},{"@type":"ListItem","position":2,"name":"Mynergy Viola, G.M. Vita determinato: \u201cPronti a ricompattarci subito\u201d"}]},{"@type":"WebSite","@id":"https:\/\/progettotouring.it\/radiotouring104\/#website","url":"https:\/\/progettotouring.it\/radiotouring104\/","name":"Radio Touring 104","description":"La prima radio Reggina","publisher":{"@id":"https:\/\/progettotouring.it\/radiotouring104\/#organization"},"potentialAction":[{"@type":"SearchAction","target":{"@type":"EntryPoint","urlTemplate":"https:\/\/progettotouring.it\/radiotouring104\/?s={search_term_string}"},"query-input":{"@type":"PropertyValueSpecification","valueRequired":true,"valueName":"search_term_string"}}],"inLanguage":"it-IT"},{"@type":"Organization","@id":"https:\/\/progettotouring.it\/radiotouring104\/#organization","name":"Radio Touring 104","url":"https:\/\/progettotouring.it\/radiotouring104\/","logo":{"@type":"ImageObject","inLanguage":"it-IT","@id":"https:\/\/progettotouring.it\/radiotouring104\/#\/schema\/logo\/image\/","url":"https:\/\/progettotouring.it\/radiotouring104\/wp-content\/uploads\/sites\/6\/2022\/02\/cropped-logo-radio-touring-104.png","contentUrl":"https:\/\/progettotouring.it\/radiotouring104\/wp-content\/uploads\/sites\/6\/2022\/02\/cropped-logo-radio-touring-104.png","width":377,"height":182,"caption":"Radio Touring 104"},"image":{"@id":"https:\/\/progettotouring.it\/radiotouring104\/#\/schema\/logo\/image\/"}},{"@type":"Person","@id":"https:\/\/progettotouring.it\/radiotouring104\/#\/schema\/person\/78613917f1851f041f7483f5af1d422e","name":"Sebastiano Plutino","image":{"@type":"ImageObject","inLanguage":"it-IT","@id":"https:\/\/secure.gravatar.com\/avatar\/0546ffaa9b79224faf9f2a156b67a529ae861d3287c66c1d8ccfdf909bcba78d?s=96&d=mm&r=g","url":"https:\/\/secure.gravatar.com\/avatar\/0546ffaa9b79224faf9f2a156b67a529ae861d3287c66c1d8ccfdf909bcba78d?s=96&d=mm&r=g","contentUrl":"https:\/\/secure.gravatar.com\/avatar\/0546ffaa9b79224faf9f2a156b67a529ae861d3287c66c1d8ccfdf909bcba78d?s=96&d=mm&r=g","caption":"Sebastiano Plutino"},"url":"https:\/\/progettotouring.it\/radiotouring104\/author\/sebastiano\/"}]}},"jetpack_publicize_connections":[],"jetpack_featured_media_url":"https:\/\/progettotouring.it\/radiotouring104\/wp-content\/uploads\/sites\/6\/2024\/02\/Fortunato-Vita-Mynergy-Viola.png","jetpack_sharing_enabled":true,"_links":{"self":[{"href":"https:\/\/progettotouring.it\/radiotouring104\/wp-json\/wp\/v2\/posts\/44623","targetHints":{"allow":["GET"]}}],"collection":[{"href":"https:\/\/progettotouring.it\/radiotouring104\/wp-json\/wp\/v2\/posts"}],"about":[{"href":"https:\/\/progettotouring.it\/radiotouring104\/wp-json\/wp\/v2\/types\/post"}],"author":[{"embeddable":true,"href":"https:\/\/progettotouring.it\/radiotouring104\/wp-json\/wp\/v2\/users\/12"}],"replies":[{"embeddable":true,"href":"https:\/\/progettotouring.it\/radiotouring104\/wp-json\/wp\/v2\/comments?post=44623"}],"version-history":[{"count":1,"href":"https:\/\/progettotouring.it\/radiotouring104\/wp-json\/wp\/v2\/posts\/44623\/revisions"}],"predecessor-version":[{"id":44625,"href":"https:\/\/progettotouring.it\/radiotouring104\/wp-json\/wp\/v2\/posts\/44623\/revisions\/44625"}],"wp:featuredmedia":[{"embeddable":true,"href":"https:\/\/progettotouring.it\/radiotouring104\/wp-json\/wp\/v2\/media\/44624"}],"wp:attachment":[{"href":"https:\/\/progettotouring.it\/radiotouring104\/wp-json\/wp\/v2\/media?parent=44623"}],"wp:term":[{"taxonomy":"category","embeddable":true,"href":"https:\/\/progettotouring.it\/radiotouring104\/wp-json\/wp\/v2\/categories?post=44623"},{"taxonomy":"post_tag","embeddable":true,"href":"https:\/\/progettotouring.it\/radiotouring104\/wp-json\/wp\/v2\/tags?post=44623"}],"curies":[{"name":"wp","href":"https:\/\/api.w.org\/{rel}","templated":true}]}}