{"id":44629,"date":"2024-02-14T11:19:48","date_gmt":"2024-02-14T10:19:48","guid":{"rendered":"https:\/\/progettotouring.it\/radiotouring104\/?p=44629"},"modified":"2024-02-14T11:20:10","modified_gmt":"2024-02-14T10:20:10","slug":"motta-s-g-consegnate-le-benemerenze-civiche","status":"publish","type":"post","link":"https:\/\/progettotouring.it\/radiotouring104\/2024\/02\/14\/motta-s-g-consegnate-le-benemerenze-civiche\/","title":{"rendered":"Motta S.G.: consegnate le Benemerenze Civiche"},"content":{"rendered":"<p class=\"xmprfx_gmail-MsoNoSpacing\" style=\"text-align: justify\">Prevista lo scorso 27 dicembre in occasione della festa patronale, ma poi rimandata per l\u2019impedimento di alcuni insigniti, si \u00e8<strong> svolta domenica, presso il centro sociale Paolo Capua di Lazzaro, la cerimonia per la consegna delle Benemerenze civiche assegnate dall\u2019Amministrazione comunale a quanti<\/strong>, con la propria opera,<strong> rendono onore all\u2019intera comunit\u00e0 di Motta San Giovanni.<\/strong><\/p>\n<p class=\"xmprfx_gmail-MsoNoSpacing\" style=\"text-align: justify\">Il sindaco\u00a0<b>Giovanni Verduci<\/b>, il vicesindaco\u00a0<b>Rocco Campolo<\/b>, gli assessori\u00a0<b>Sonia Malara<\/b>,\u00a0<b>Enza Mallamaci, Giusy Vacalebre<\/b>\u00a0e il Capogruppo\u00a0<b>Andrea Casile,\u00a0<\/b>tra l\u2019emozione generale dei presenti,<b>\u00a0<\/b>hanno donato agli insigniti una pergamena con la motivazione del riconoscimento ed una targa ricordo.<\/p>\n<p class=\"xmprfx_gmail-MsoNoSpacing\" style=\"text-align: justify\">Una cerimonia istituzionale e sobria che ha coinvolto l\u2019intera comunit\u00e0 pronta a congratularsi con quanti, esponenti della cultura, della ricerca, della medicina, della magistratura si sono avvicinati al palco rosso tra gli applausi dei presenti.<\/p>\n<p class=\"xmprfx_gmail-MsoNoSpacing\" style=\"text-align: justify\">A ritirare l\u2019importante riconoscimento:<\/p>\n<p class=\"xmprfx_gmail-MsoNoSpacing\" style=\"text-align: justify\">la dottoressa\u00a0<b>Giuseppina Latella<\/b>\u00a0<i>\u201cper l\u2019impegno profuso nello svolgimento della professione di magistrato, professione in cui \u00e8 riuscita a raggiungere alti livelli ricoprendo ruoli prestigiosi. La qualit\u00e0 che tutti le riconoscono \u00e8 di aver sempre emesso provvedimenti giudiziari, caratterizzati da equilibrio ed equit\u00e0 oltre che da correttezza tecnica nel rispetto della dignit\u00e0 umana e sempre all\u2019insegna della Giustizia\u201d;<\/i><\/p>\n<p class=\"xmprfx_gmail-MsoNoSpacing\" style=\"text-align: justify\">la\u00a0dottoressa\u00a0<b>Giovanna Vacalebre<\/b>,\u00a0<i>\u201cper aver svolto la professione medica con dedizione e abnegazione ed aver reso servizio nel settore della sanit\u00e0 pubblica con mirabili doti nel campo dell&#8217;endocrinologia, contribuendo ad aumentare il prestigio della Citt\u00e0 con disinteressata dedizione\u201d;<\/i><\/p>\n<p class=\"xmprfx_gmail-MsoNoSpacing\" style=\"text-align: justify\">il dottore\u00a0<b>Francesco Restuccia,\u00a0<\/b>in collegamento dal Massachusetts,\u00a0<i>\u201cper le prodigiose capacit\u00e0 di sviluppare nuove tecnologie nel campo dell\u2019intelligenza artificiale attraverso la ricerca e l\u2019indiscusso impegno fornendo alla comunit\u00e0 scientifica nuovi e interessanti risultati, che danno lustro alla Citta di Motta San Giovanni\u201d<\/i>;<\/p>\n<p class=\"xmprfx_gmail-MsoNoSpacing\" style=\"text-align: justify\">il professore\u00a0<b>Filippo Benedetto<\/b>,\u00a0<i>\u201cper aver svolto la professione medica con passione, impegno e totale abnegazione nel settore della sanit\u00e0 pubblica e per le mirabili doti incentrate sulla ricerca clinica nel campo della chirurgia vascolare rappresentando un saldo punto di riferimento\u201d<\/i>;<\/p>\n<p class=\"xmprfx_gmail-MsoNoSpacing\" style=\"text-align: justify\">il poeta\u00a0<b>Giuseppe Ambrogio<\/b>\u00a0<i>per aver omaggiato con le sue belle poesie il territorio di Motta San Giovanni e la terra di Calabria, tenendo vivo il linguaggio dialettale con la speranza che le nuove generazioni possano fare memoria delle radici culturali;<\/i><\/p>\n<p class=\"xmprfx_gmail-MsoNoSpacing\" style=\"text-align: justify\">Ritireranno la Benemerenza civica nelle prossime settimane il dottore\u00a0<b>Pasquale Sgr\u00f2,<\/b>\u00a0\u201c<i>per l\u2019instancabile impegno lavorativo e sociale a difesa e tutela di quanti lavorano e per la sua attivit\u00e0 culturale, alla continua ricerca delle emozioni umane per raccontarle, custodirle e tramandarle<\/i>, il regista\u00a0<b>Giacomo Triglia<\/b>\u00a0<i>per la sua capacit\u00e0 di fare cultura non soltanto di raccontarla attraverso la pellicola e per il suo evidente talento creativo ed espressivo condensato nelle sue produzioni in immagini dinamiche, poetiche e d\u2019impatto che rimangono impresse nello sguardo degli spettatori riuscendo a rendere spettacolare l\u2019ordinario\u201d<\/i>.<\/p>\n<p class=\"xmprfx_gmail-MsoNoSpacing\" style=\"text-align: justify\">Durante la cerimonia, presentata da <strong>Marco Mauro<\/strong>, molto apprezzato \u00e8 stato l\u2019intermezzo musicale curato da <strong>Francesca\u00a0Anglisano<\/strong>\u00a0(voce), <strong>Polo Foti<\/strong>a (fisarmonica)<strong>, Vincenzo Tuscano<\/strong> (chitarra).<\/p>\n","protected":false},"excerpt":{"rendered":"<p>Prevista lo scorso 27 dicembre in occasione della festa patronale, ma poi rimandata per l\u2019impedimento di alcuni insigniti, si \u00e8 svolta domenica, presso il centro sociale Paolo Capua di Lazzaro,&hellip;<\/p>\n","protected":false},"author":12,"featured_media":44630,"comment_status":"closed","ping_status":"open","sticky":false,"template":"","format":"standard","meta":{"_jetpack_memberships_contains_paid_content":false,"footnotes":"","jetpack_publicize_message":"","jetpack_publicize_feature_enabled":true,"jetpack_social_post_already_shared":false,"jetpack_social_options":{"image_generator_settings":{"template":"highway","default_image_id":0,"font":"","enabled":false},"version":2}},"categories":[921,196,140],"tags":[7803,27536,9430,27535,3469,672,3470,3468],"class_list":["post-44629","post","type-post","status-publish","format-standard","has-post-thumbnail","hentry","category-home","category-news","category-reggio-calabria","tag-andrea-casile","tag-centro-sociale-p-capua","tag-comune-di-motta-san-giovanni","tag-consegnate-le-benemerenze-civiche","tag-enza-mallamaci","tag-giovanni-verduci","tag-giusy-vacalebre","tag-sonia-malara"],"yoast_head":"<!-- This site is optimized with the Yoast SEO plugin v27.2 - https:\/\/yoast.com\/product\/yoast-seo-wordpress\/ -->\n<title>Motta S.G.: consegnate le Benemerenze Civiche<\/title>\n<meta name=\"description\" content=\"Svolta domenica, al Centro sociale &quot;P. Capua&quot; di Lazzaro, la consegna delle Benemerenze civiche assegnate dall\u2019Amministrazione comunale\" \/>\n<meta name=\"robots\" content=\"index, follow, max-snippet:-1, max-image-preview:large, max-video-preview:-1\" \/>\n<link rel=\"canonical\" href=\"https:\/\/progettotouring.it\/radiotouring104\/2024\/02\/14\/motta-s-g-consegnate-le-benemerenze-civiche\/\" \/>\n<meta property=\"og:locale\" content=\"it_IT\" \/>\n<meta property=\"og:type\" content=\"article\" \/>\n<meta property=\"og:title\" content=\"Motta S.G.: consegnate le Benemerenze Civiche\" \/>\n<meta property=\"og:description\" content=\"Svolta domenica, al Centro sociale &quot;P. Capua&quot; di Lazzaro, la consegna delle Benemerenze civiche assegnate dall\u2019Amministrazione comunale\" \/>\n<meta property=\"og:url\" content=\"https:\/\/progettotouring.it\/radiotouring104\/2024\/02\/14\/motta-s-g-consegnate-le-benemerenze-civiche\/\" \/>\n<meta property=\"og:site_name\" content=\"Radio Touring 104\" \/>\n<meta property=\"article:published_time\" content=\"2024-02-14T10:19:48+00:00\" \/>\n<meta property=\"article:modified_time\" content=\"2024-02-14T10:20:10+00:00\" \/>\n<meta property=\"og:image\" content=\"https:\/\/progettotouring.it\/radiotouring104\/wp-content\/uploads\/sites\/6\/2024\/02\/Motta-San-Giovanni-Benemerenze-Civiche-scaled.jpg\" \/>\n\t<meta property=\"og:image:width\" content=\"2560\" \/>\n\t<meta property=\"og:image:height\" content=\"479\" \/>\n\t<meta property=\"og:image:type\" content=\"image\/jpeg\" \/>\n<meta name=\"author\" content=\"Sebastiano Plutino\" \/>\n<meta name=\"twitter:card\" content=\"summary_large_image\" \/>\n<meta name=\"twitter:label1\" content=\"Scritto da\" \/>\n\t<meta name=\"twitter:data1\" content=\"Sebastiano Plutino\" \/>\n\t<meta name=\"twitter:label2\" content=\"Tempo di lettura stimato\" \/>\n\t<meta name=\"twitter:data2\" content=\"2 minuti\" \/>\n<script type=\"application\/ld+json\" class=\"yoast-schema-graph\">{\"@context\":\"https:\/\/schema.org\",\"@graph\":[{\"@type\":\"Article\",\"@id\":\"https:\/\/progettotouring.it\/radiotouring104\/2024\/02\/14\/motta-s-g-consegnate-le-benemerenze-civiche\/#article\",\"isPartOf\":{\"@id\":\"https:\/\/progettotouring.it\/radiotouring104\/2024\/02\/14\/motta-s-g-consegnate-le-benemerenze-civiche\/\"},\"author\":{\"name\":\"Sebastiano Plutino\",\"@id\":\"https:\/\/progettotouring.it\/radiotouring104\/#\/schema\/person\/78613917f1851f041f7483f5af1d422e\"},\"headline\":\"Motta S.G.: consegnate le Benemerenze Civiche\",\"datePublished\":\"2024-02-14T10:19:48+00:00\",\"dateModified\":\"2024-02-14T10:20:10+00:00\",\"mainEntityOfPage\":{\"@id\":\"https:\/\/progettotouring.it\/radiotouring104\/2024\/02\/14\/motta-s-g-consegnate-le-benemerenze-civiche\/\"},\"wordCount\":487,\"publisher\":{\"@id\":\"https:\/\/progettotouring.it\/radiotouring104\/#organization\"},\"image\":{\"@id\":\"https:\/\/progettotouring.it\/radiotouring104\/2024\/02\/14\/motta-s-g-consegnate-le-benemerenze-civiche\/#primaryimage\"},\"thumbnailUrl\":\"https:\/\/progettotouring.it\/radiotouring104\/wp-content\/uploads\/sites\/6\/2024\/02\/Motta-San-Giovanni-Benemerenze-Civiche-scaled.jpg\",\"keywords\":[\"Andrea Casile\",\"Centro sociale \\\"P. Capua\\\"\",\"Comune di Motta San Giovanni\",\"consegnate le Benemerenze Civiche\",\"Enza Mallamaci\",\"Giovanni Verduci\",\"Giusy Vacalebre\",\"Sonia Malara\"],\"articleSection\":[\"Home\",\"News\",\"Reggio Calabria\"],\"inLanguage\":\"it-IT\"},{\"@type\":\"WebPage\",\"@id\":\"https:\/\/progettotouring.it\/radiotouring104\/2024\/02\/14\/motta-s-g-consegnate-le-benemerenze-civiche\/\",\"url\":\"https:\/\/progettotouring.it\/radiotouring104\/2024\/02\/14\/motta-s-g-consegnate-le-benemerenze-civiche\/\",\"name\":\"Motta S.G.: consegnate le Benemerenze Civiche\",\"isPartOf\":{\"@id\":\"https:\/\/progettotouring.it\/radiotouring104\/#website\"},\"primaryImageOfPage\":{\"@id\":\"https:\/\/progettotouring.it\/radiotouring104\/2024\/02\/14\/motta-s-g-consegnate-le-benemerenze-civiche\/#primaryimage\"},\"image\":{\"@id\":\"https:\/\/progettotouring.it\/radiotouring104\/2024\/02\/14\/motta-s-g-consegnate-le-benemerenze-civiche\/#primaryimage\"},\"thumbnailUrl\":\"https:\/\/progettotouring.it\/radiotouring104\/wp-content\/uploads\/sites\/6\/2024\/02\/Motta-San-Giovanni-Benemerenze-Civiche-scaled.jpg\",\"datePublished\":\"2024-02-14T10:19:48+00:00\",\"dateModified\":\"2024-02-14T10:20:10+00:00\",\"description\":\"Svolta domenica, al Centro sociale \\\"P. Capua\\\" di Lazzaro, la consegna delle Benemerenze civiche assegnate dall\u2019Amministrazione comunale\",\"breadcrumb\":{\"@id\":\"https:\/\/progettotouring.it\/radiotouring104\/2024\/02\/14\/motta-s-g-consegnate-le-benemerenze-civiche\/#breadcrumb\"},\"inLanguage\":\"it-IT\",\"potentialAction\":[{\"@type\":\"ReadAction\",\"target\":[\"https:\/\/progettotouring.it\/radiotouring104\/2024\/02\/14\/motta-s-g-consegnate-le-benemerenze-civiche\/\"]}]},{\"@type\":\"ImageObject\",\"inLanguage\":\"it-IT\",\"@id\":\"https:\/\/progettotouring.it\/radiotouring104\/2024\/02\/14\/motta-s-g-consegnate-le-benemerenze-civiche\/#primaryimage\",\"url\":\"https:\/\/progettotouring.it\/radiotouring104\/wp-content\/uploads\/sites\/6\/2024\/02\/Motta-San-Giovanni-Benemerenze-Civiche-scaled.jpg\",\"contentUrl\":\"https:\/\/progettotouring.it\/radiotouring104\/wp-content\/uploads\/sites\/6\/2024\/02\/Motta-San-Giovanni-Benemerenze-Civiche-scaled.jpg\",\"width\":2560,\"height\":479},{\"@type\":\"BreadcrumbList\",\"@id\":\"https:\/\/progettotouring.it\/radiotouring104\/2024\/02\/14\/motta-s-g-consegnate-le-benemerenze-civiche\/#breadcrumb\",\"itemListElement\":[{\"@type\":\"ListItem\",\"position\":1,\"name\":\"Home\",\"item\":\"https:\/\/progettotouring.it\/radiotouring104\/\"},{\"@type\":\"ListItem\",\"position\":2,\"name\":\"Motta S.G.: consegnate le Benemerenze Civiche\"}]},{\"@type\":\"WebSite\",\"@id\":\"https:\/\/progettotouring.it\/radiotouring104\/#website\",\"url\":\"https:\/\/progettotouring.it\/radiotouring104\/\",\"name\":\"Radio Touring 104\",\"description\":\"La prima radio Reggina\",\"publisher\":{\"@id\":\"https:\/\/progettotouring.it\/radiotouring104\/#organization\"},\"potentialAction\":[{\"@type\":\"SearchAction\",\"target\":{\"@type\":\"EntryPoint\",\"urlTemplate\":\"https:\/\/progettotouring.it\/radiotouring104\/?s={search_term_string}\"},\"query-input\":{\"@type\":\"PropertyValueSpecification\",\"valueRequired\":true,\"valueName\":\"search_term_string\"}}],\"inLanguage\":\"it-IT\"},{\"@type\":\"Organization\",\"@id\":\"https:\/\/progettotouring.it\/radiotouring104\/#organization\",\"name\":\"Radio Touring 104\",\"url\":\"https:\/\/progettotouring.it\/radiotouring104\/\",\"logo\":{\"@type\":\"ImageObject\",\"inLanguage\":\"it-IT\",\"@id\":\"https:\/\/progettotouring.it\/radiotouring104\/#\/schema\/logo\/image\/\",\"url\":\"https:\/\/progettotouring.it\/radiotouring104\/wp-content\/uploads\/sites\/6\/2022\/02\/cropped-logo-radio-touring-104.png\",\"contentUrl\":\"https:\/\/progettotouring.it\/radiotouring104\/wp-content\/uploads\/sites\/6\/2022\/02\/cropped-logo-radio-touring-104.png\",\"width\":377,\"height\":182,\"caption\":\"Radio Touring 104\"},\"image\":{\"@id\":\"https:\/\/progettotouring.it\/radiotouring104\/#\/schema\/logo\/image\/\"}},{\"@type\":\"Person\",\"@id\":\"https:\/\/progettotouring.it\/radiotouring104\/#\/schema\/person\/78613917f1851f041f7483f5af1d422e\",\"name\":\"Sebastiano Plutino\",\"image\":{\"@type\":\"ImageObject\",\"inLanguage\":\"it-IT\",\"@id\":\"https:\/\/secure.gravatar.com\/avatar\/0546ffaa9b79224faf9f2a156b67a529ae861d3287c66c1d8ccfdf909bcba78d?s=96&d=mm&r=g\",\"url\":\"https:\/\/secure.gravatar.com\/avatar\/0546ffaa9b79224faf9f2a156b67a529ae861d3287c66c1d8ccfdf909bcba78d?s=96&d=mm&r=g\",\"contentUrl\":\"https:\/\/secure.gravatar.com\/avatar\/0546ffaa9b79224faf9f2a156b67a529ae861d3287c66c1d8ccfdf909bcba78d?s=96&d=mm&r=g\",\"caption\":\"Sebastiano Plutino\"},\"url\":\"https:\/\/progettotouring.it\/radiotouring104\/author\/sebastiano\/\"}]}<\/script>\n<!-- \/ Yoast SEO plugin. -->","yoast_head_json":{"title":"Motta S.G.: consegnate le Benemerenze Civiche","description":"Svolta domenica, al Centro sociale \"P. Capua\" di Lazzaro, la consegna delle Benemerenze civiche assegnate dall\u2019Amministrazione comunale","robots":{"index":"index","follow":"follow","max-snippet":"max-snippet:-1","max-image-preview":"max-image-preview:large","max-video-preview":"max-video-preview:-1"},"canonical":"https:\/\/progettotouring.it\/radiotouring104\/2024\/02\/14\/motta-s-g-consegnate-le-benemerenze-civiche\/","og_locale":"it_IT","og_type":"article","og_title":"Motta S.G.: consegnate le Benemerenze Civiche","og_description":"Svolta domenica, al Centro sociale \"P. Capua\" di Lazzaro, la consegna delle Benemerenze civiche assegnate dall\u2019Amministrazione comunale","og_url":"https:\/\/progettotouring.it\/radiotouring104\/2024\/02\/14\/motta-s-g-consegnate-le-benemerenze-civiche\/","og_site_name":"Radio Touring 104","article_published_time":"2024-02-14T10:19:48+00:00","article_modified_time":"2024-02-14T10:20:10+00:00","og_image":[{"width":2560,"height":479,"url":"https:\/\/progettotouring.it\/radiotouring104\/wp-content\/uploads\/sites\/6\/2024\/02\/Motta-San-Giovanni-Benemerenze-Civiche-scaled.jpg","type":"image\/jpeg"}],"author":"Sebastiano Plutino","twitter_card":"summary_large_image","twitter_misc":{"Scritto da":"Sebastiano Plutino","Tempo di lettura stimato":"2 minuti"},"schema":{"@context":"https:\/\/schema.org","@graph":[{"@type":"Article","@id":"https:\/\/progettotouring.it\/radiotouring104\/2024\/02\/14\/motta-s-g-consegnate-le-benemerenze-civiche\/#article","isPartOf":{"@id":"https:\/\/progettotouring.it\/radiotouring104\/2024\/02\/14\/motta-s-g-consegnate-le-benemerenze-civiche\/"},"author":{"name":"Sebastiano Plutino","@id":"https:\/\/progettotouring.it\/radiotouring104\/#\/schema\/person\/78613917f1851f041f7483f5af1d422e"},"headline":"Motta S.G.: consegnate le Benemerenze Civiche","datePublished":"2024-02-14T10:19:48+00:00","dateModified":"2024-02-14T10:20:10+00:00","mainEntityOfPage":{"@id":"https:\/\/progettotouring.it\/radiotouring104\/2024\/02\/14\/motta-s-g-consegnate-le-benemerenze-civiche\/"},"wordCount":487,"publisher":{"@id":"https:\/\/progettotouring.it\/radiotouring104\/#organization"},"image":{"@id":"https:\/\/progettotouring.it\/radiotouring104\/2024\/02\/14\/motta-s-g-consegnate-le-benemerenze-civiche\/#primaryimage"},"thumbnailUrl":"https:\/\/progettotouring.it\/radiotouring104\/wp-content\/uploads\/sites\/6\/2024\/02\/Motta-San-Giovanni-Benemerenze-Civiche-scaled.jpg","keywords":["Andrea Casile","Centro sociale \"P. Capua\"","Comune di Motta San Giovanni","consegnate le Benemerenze Civiche","Enza Mallamaci","Giovanni Verduci","Giusy Vacalebre","Sonia Malara"],"articleSection":["Home","News","Reggio Calabria"],"inLanguage":"it-IT"},{"@type":"WebPage","@id":"https:\/\/progettotouring.it\/radiotouring104\/2024\/02\/14\/motta-s-g-consegnate-le-benemerenze-civiche\/","url":"https:\/\/progettotouring.it\/radiotouring104\/2024\/02\/14\/motta-s-g-consegnate-le-benemerenze-civiche\/","name":"Motta S.G.: consegnate le Benemerenze Civiche","isPartOf":{"@id":"https:\/\/progettotouring.it\/radiotouring104\/#website"},"primaryImageOfPage":{"@id":"https:\/\/progettotouring.it\/radiotouring104\/2024\/02\/14\/motta-s-g-consegnate-le-benemerenze-civiche\/#primaryimage"},"image":{"@id":"https:\/\/progettotouring.it\/radiotouring104\/2024\/02\/14\/motta-s-g-consegnate-le-benemerenze-civiche\/#primaryimage"},"thumbnailUrl":"https:\/\/progettotouring.it\/radiotouring104\/wp-content\/uploads\/sites\/6\/2024\/02\/Motta-San-Giovanni-Benemerenze-Civiche-scaled.jpg","datePublished":"2024-02-14T10:19:48+00:00","dateModified":"2024-02-14T10:20:10+00:00","description":"Svolta domenica, al Centro sociale \"P. Capua\" di Lazzaro, la consegna delle Benemerenze civiche assegnate dall\u2019Amministrazione comunale","breadcrumb":{"@id":"https:\/\/progettotouring.it\/radiotouring104\/2024\/02\/14\/motta-s-g-consegnate-le-benemerenze-civiche\/#breadcrumb"},"inLanguage":"it-IT","potentialAction":[{"@type":"ReadAction","target":["https:\/\/progettotouring.it\/radiotouring104\/2024\/02\/14\/motta-s-g-consegnate-le-benemerenze-civiche\/"]}]},{"@type":"ImageObject","inLanguage":"it-IT","@id":"https:\/\/progettotouring.it\/radiotouring104\/2024\/02\/14\/motta-s-g-consegnate-le-benemerenze-civiche\/#primaryimage","url":"https:\/\/progettotouring.it\/radiotouring104\/wp-content\/uploads\/sites\/6\/2024\/02\/Motta-San-Giovanni-Benemerenze-Civiche-scaled.jpg","contentUrl":"https:\/\/progettotouring.it\/radiotouring104\/wp-content\/uploads\/sites\/6\/2024\/02\/Motta-San-Giovanni-Benemerenze-Civiche-scaled.jpg","width":2560,"height":479},{"@type":"BreadcrumbList","@id":"https:\/\/progettotouring.it\/radiotouring104\/2024\/02\/14\/motta-s-g-consegnate-le-benemerenze-civiche\/#breadcrumb","itemListElement":[{"@type":"ListItem","position":1,"name":"Home","item":"https:\/\/progettotouring.it\/radiotouring104\/"},{"@type":"ListItem","position":2,"name":"Motta S.G.: consegnate le Benemerenze Civiche"}]},{"@type":"WebSite","@id":"https:\/\/progettotouring.it\/radiotouring104\/#website","url":"https:\/\/progettotouring.it\/radiotouring104\/","name":"Radio Touring 104","description":"La prima radio Reggina","publisher":{"@id":"https:\/\/progettotouring.it\/radiotouring104\/#organization"},"potentialAction":[{"@type":"SearchAction","target":{"@type":"EntryPoint","urlTemplate":"https:\/\/progettotouring.it\/radiotouring104\/?s={search_term_string}"},"query-input":{"@type":"PropertyValueSpecification","valueRequired":true,"valueName":"search_term_string"}}],"inLanguage":"it-IT"},{"@type":"Organization","@id":"https:\/\/progettotouring.it\/radiotouring104\/#organization","name":"Radio Touring 104","url":"https:\/\/progettotouring.it\/radiotouring104\/","logo":{"@type":"ImageObject","inLanguage":"it-IT","@id":"https:\/\/progettotouring.it\/radiotouring104\/#\/schema\/logo\/image\/","url":"https:\/\/progettotouring.it\/radiotouring104\/wp-content\/uploads\/sites\/6\/2022\/02\/cropped-logo-radio-touring-104.png","contentUrl":"https:\/\/progettotouring.it\/radiotouring104\/wp-content\/uploads\/sites\/6\/2022\/02\/cropped-logo-radio-touring-104.png","width":377,"height":182,"caption":"Radio Touring 104"},"image":{"@id":"https:\/\/progettotouring.it\/radiotouring104\/#\/schema\/logo\/image\/"}},{"@type":"Person","@id":"https:\/\/progettotouring.it\/radiotouring104\/#\/schema\/person\/78613917f1851f041f7483f5af1d422e","name":"Sebastiano Plutino","image":{"@type":"ImageObject","inLanguage":"it-IT","@id":"https:\/\/secure.gravatar.com\/avatar\/0546ffaa9b79224faf9f2a156b67a529ae861d3287c66c1d8ccfdf909bcba78d?s=96&d=mm&r=g","url":"https:\/\/secure.gravatar.com\/avatar\/0546ffaa9b79224faf9f2a156b67a529ae861d3287c66c1d8ccfdf909bcba78d?s=96&d=mm&r=g","contentUrl":"https:\/\/secure.gravatar.com\/avatar\/0546ffaa9b79224faf9f2a156b67a529ae861d3287c66c1d8ccfdf909bcba78d?s=96&d=mm&r=g","caption":"Sebastiano Plutino"},"url":"https:\/\/progettotouring.it\/radiotouring104\/author\/sebastiano\/"}]}},"jetpack_publicize_connections":[],"jetpack_featured_media_url":"https:\/\/progettotouring.it\/radiotouring104\/wp-content\/uploads\/sites\/6\/2024\/02\/Motta-San-Giovanni-Benemerenze-Civiche-scaled.jpg","jetpack_sharing_enabled":true,"_links":{"self":[{"href":"https:\/\/progettotouring.it\/radiotouring104\/wp-json\/wp\/v2\/posts\/44629","targetHints":{"allow":["GET"]}}],"collection":[{"href":"https:\/\/progettotouring.it\/radiotouring104\/wp-json\/wp\/v2\/posts"}],"about":[{"href":"https:\/\/progettotouring.it\/radiotouring104\/wp-json\/wp\/v2\/types\/post"}],"author":[{"embeddable":true,"href":"https:\/\/progettotouring.it\/radiotouring104\/wp-json\/wp\/v2\/users\/12"}],"replies":[{"embeddable":true,"href":"https:\/\/progettotouring.it\/radiotouring104\/wp-json\/wp\/v2\/comments?post=44629"}],"version-history":[{"count":2,"href":"https:\/\/progettotouring.it\/radiotouring104\/wp-json\/wp\/v2\/posts\/44629\/revisions"}],"predecessor-version":[{"id":44632,"href":"https:\/\/progettotouring.it\/radiotouring104\/wp-json\/wp\/v2\/posts\/44629\/revisions\/44632"}],"wp:featuredmedia":[{"embeddable":true,"href":"https:\/\/progettotouring.it\/radiotouring104\/wp-json\/wp\/v2\/media\/44630"}],"wp:attachment":[{"href":"https:\/\/progettotouring.it\/radiotouring104\/wp-json\/wp\/v2\/media?parent=44629"}],"wp:term":[{"taxonomy":"category","embeddable":true,"href":"https:\/\/progettotouring.it\/radiotouring104\/wp-json\/wp\/v2\/categories?post=44629"},{"taxonomy":"post_tag","embeddable":true,"href":"https:\/\/progettotouring.it\/radiotouring104\/wp-json\/wp\/v2\/tags?post=44629"}],"curies":[{"name":"wp","href":"https:\/\/api.w.org\/{rel}","templated":true}]}}