{"id":44636,"date":"2024-02-14T11:36:00","date_gmt":"2024-02-14T10:36:00","guid":{"rendered":"https:\/\/progettotouring.it\/radiotouring104\/?p=44636"},"modified":"2024-02-14T11:36:00","modified_gmt":"2024-02-14T10:36:00","slug":"cosenza-venerdi-lassemblea-provinciale-costituente-del-movimento-per-la-rinascita-comunista","status":"publish","type":"post","link":"https:\/\/progettotouring.it\/radiotouring104\/2024\/02\/14\/cosenza-venerdi-lassemblea-provinciale-costituente-del-movimento-per-la-rinascita-comunista\/","title":{"rendered":"Cosenza: venerd\u00ec l&#8217;Assemblea provinciale costituente del Movimento per la Rinascita Comunista"},"content":{"rendered":"<p class=\"xmprfx_MsoNormal\" style=\"text-align: justify\"><strong>Si svolger\u00e0 Venerd\u00ec 16 febbraio ore 17,30 ad Acri (CS) presso la sede della CGIL<\/strong>, in via Pastrengo n. 3 l\u2019Assemblea <strong>provinciale per costituire il Movimento per la Rinascita Comunista<\/strong> nella provincia di Cosenza.<\/p>\n<p class=\"xmprfx_MsoNormal\" style=\"text-align: justify\">Oggi pi\u00f9 che mai, in questa societ\u00e0 in cui prevalgono privilegi, ingiustizie e diseguaglianze, c\u2019\u00e8 bisogno di comunismo\u00a0non tanto e non solo per quello che ci lega al passato, alla tradizione del movimento operaio che custodiamo gelosamente, quanto per quello che ci lega al futuro. Come diceva Karl Marx \u201cIl Comunismo \u00e8 la giovent\u00f9 del mondo\u201d.<\/p>\n<p class=\"xmprfx_MsoNormal\" style=\"text-align: justify\">Non \u00e8 un ideale superato, ma in realt\u00e0 \u00e8 ancora giovane e vivo, capace di essere una risposta concreta ad un capitalismo malato che non d\u00e0 prospettiva di futuro, soprattutto ai ragazzi e alle ragazze, sempre pi\u00f9 destinati ad un futuro incerto e lontano dalla nostra terra.<\/p>\n<p class=\"xmprfx_MsoNormal\" style=\"text-align: justify\">La nascita del Movimento per la Rinascita Comunista \u00e8\u00a0un fatto politicamente rilevante perch\u00e9 riparte anche nella provincia di Cosenza il processo per ridare forza e dignit\u00e0 alle classi popolari e ai ceti subalterni.<\/p>\n<p class=\"xmprfx_MsoNormal\" style=\"text-align: justify\">La nostra nascita non \u00e8 la conclusione di un percorso ma l\u2019inizio di qualcosa di nuovo, di inedito: ricostruire l\u2019organizzazione marxista, leninista, gramsciana forte, autonoma espressione diretta dei lavoratori (dovunque collocati), legata ai valori costituzionali antifascisti e al tempo stesso rivoluzionaria perch\u00e9 vuole cambiare lo stato delle cose presenti.<\/p>\n<p class=\"xmprfx_MsoNormal\" style=\"text-align: justify\">Si riparte dal basso, con la costruzione di un grande collettivo fondato sulla partecipazione e sul protagonismo delle compagne e dei compagni che avr\u00e0 il compito di rilanciare l&#8217;iniziativa politica sulle questioni che riguardano la vita e il futuro delle persone dalla sanit\u00e0 al lavoro, dalla pensione alla casa, dalla giustizia ai salari, ecc.<\/p>\n<p class=\"xmprfx_MsoNormal\" style=\"text-align: justify\">Noi siamo il Movimento per la Rinascita Comunista; siamo nati per volont\u00e0 di militanti comunisti di tutto il territorio italiano che hanno deciso di rompere e invertire la deriva scissionista e revisionista che ha segnato la storia del movimento comunista italiano dalla Bolognina in poi.<\/p>\n<p class=\"xmprfx_MsoNormal\" style=\"text-align: justify\">Nasciamo unendoci dal basso e non come accordo tra gruppi dirigenti, ci unisce una<\/p>\n<p class=\"xmprfx_MsoNormal\" style=\"text-align: justify\">base comune ideologica forte e la comunanza di intenti e una grande solidariet\u00e0 tra di noi e verso i lavoratori tutti.<\/p>\n<p class=\"xmprfx_MsoNormal\" style=\"text-align: justify\"><strong>Nel corso dell\u2019assemblea \u00e8 previsto l\u2019intervento di<\/strong> Franco Adamo, Claudio Massimilla, Lorenzo Fasc\u00ec e Michelangelo Tripodi che sono tra i promotori del Movimento in Calabria.<\/p>\n<p class=\"xmprfx_MsoNormal\" style=\"text-align: justify\"><strong>Tutti coloro che sono interessati sono invitati a partecipare.<\/strong><\/p>\n","protected":false},"excerpt":{"rendered":"<p>Si svolger\u00e0 Venerd\u00ec 16 febbraio ore 17,30 ad Acri (CS) presso la sede della CGIL, in via Pastrengo n. 3 l\u2019Assemblea provinciale per costituire il Movimento per la Rinascita Comunista&hellip;<\/p>\n","protected":false},"author":12,"featured_media":44637,"comment_status":"closed","ping_status":"open","sticky":false,"template":"","format":"standard","meta":{"_jetpack_memberships_contains_paid_content":false,"footnotes":"","jetpack_publicize_message":"","jetpack_publicize_feature_enabled":true,"jetpack_social_post_already_shared":false,"jetpack_social_options":{"image_generator_settings":{"template":"highway","default_image_id":0,"font":"","enabled":false},"version":2}},"categories":[142,921,196],"tags":[25594,9476,27541,27542],"class_list":["post-44636","post","type-post","status-publish","format-standard","has-post-thumbnail","hentry","category-calabria","category-home","category-news","tag-movimento-per-la-rinascita-comunista","tag-acri","tag-assemblea-provinciale","tag-sede-cgil-cosenza"],"yoast_head":"<!-- This site is optimized with the Yoast SEO plugin v27.2 - https:\/\/yoast.com\/product\/yoast-seo-wordpress\/ -->\n<title>Cosenza: venerd\u00ec l&#039;Assemblea del Movimento Rinascita Comunista<\/title>\n<meta name=\"description\" content=\"Il 16 febbraio ore 17,30 ad Acri, nela sede della CGIL, l\u2019Assemblea provinciale per costituire il Movimento per la Rinascita Comunista\" \/>\n<meta name=\"robots\" content=\"index, follow, max-snippet:-1, max-image-preview:large, max-video-preview:-1\" \/>\n<link rel=\"canonical\" href=\"https:\/\/progettotouring.it\/radiotouring104\/2024\/02\/14\/cosenza-venerdi-lassemblea-provinciale-costituente-del-movimento-per-la-rinascita-comunista\/\" \/>\n<meta property=\"og:locale\" content=\"it_IT\" \/>\n<meta property=\"og:type\" content=\"article\" \/>\n<meta property=\"og:title\" content=\"Cosenza: venerd\u00ec l&#039;Assemblea del Movimento Rinascita Comunista\" \/>\n<meta property=\"og:description\" content=\"Il 16 febbraio ore 17,30 ad Acri, nela sede della CGIL, l\u2019Assemblea provinciale per costituire il Movimento per la Rinascita Comunista\" \/>\n<meta property=\"og:url\" content=\"https:\/\/progettotouring.it\/radiotouring104\/2024\/02\/14\/cosenza-venerdi-lassemblea-provinciale-costituente-del-movimento-per-la-rinascita-comunista\/\" \/>\n<meta property=\"og:site_name\" content=\"Radio Touring 104\" \/>\n<meta property=\"article:published_time\" content=\"2024-02-14T10:36:00+00:00\" \/>\n<meta property=\"og:image\" content=\"https:\/\/progettotouring.it\/radiotouring104\/wp-content\/uploads\/sites\/6\/2024\/02\/Movimento-Rinascita-Comunista.jpg\" \/>\n\t<meta property=\"og:image:width\" content=\"402\" \/>\n\t<meta property=\"og:image:height\" content=\"391\" \/>\n\t<meta property=\"og:image:type\" content=\"image\/jpeg\" \/>\n<meta name=\"author\" content=\"Sebastiano Plutino\" \/>\n<meta name=\"twitter:card\" content=\"summary_large_image\" \/>\n<meta name=\"twitter:label1\" content=\"Scritto da\" \/>\n\t<meta name=\"twitter:data1\" content=\"Sebastiano Plutino\" \/>\n\t<meta name=\"twitter:label2\" content=\"Tempo di lettura stimato\" \/>\n\t<meta name=\"twitter:data2\" content=\"2 minuti\" \/>\n<script type=\"application\/ld+json\" class=\"yoast-schema-graph\">{\"@context\":\"https:\/\/schema.org\",\"@graph\":[{\"@type\":\"Article\",\"@id\":\"https:\/\/progettotouring.it\/radiotouring104\/2024\/02\/14\/cosenza-venerdi-lassemblea-provinciale-costituente-del-movimento-per-la-rinascita-comunista\/#article\",\"isPartOf\":{\"@id\":\"https:\/\/progettotouring.it\/radiotouring104\/2024\/02\/14\/cosenza-venerdi-lassemblea-provinciale-costituente-del-movimento-per-la-rinascita-comunista\/\"},\"author\":{\"name\":\"Sebastiano Plutino\",\"@id\":\"https:\/\/progettotouring.it\/radiotouring104\/#\/schema\/person\/78613917f1851f041f7483f5af1d422e\"},\"headline\":\"Cosenza: venerd\u00ec l&#8217;Assemblea provinciale costituente del Movimento per la Rinascita Comunista\",\"datePublished\":\"2024-02-14T10:36:00+00:00\",\"mainEntityOfPage\":{\"@id\":\"https:\/\/progettotouring.it\/radiotouring104\/2024\/02\/14\/cosenza-venerdi-lassemblea-provinciale-costituente-del-movimento-per-la-rinascita-comunista\/\"},\"wordCount\":396,\"publisher\":{\"@id\":\"https:\/\/progettotouring.it\/radiotouring104\/#organization\"},\"image\":{\"@id\":\"https:\/\/progettotouring.it\/radiotouring104\/2024\/02\/14\/cosenza-venerdi-lassemblea-provinciale-costituente-del-movimento-per-la-rinascita-comunista\/#primaryimage\"},\"thumbnailUrl\":\"https:\/\/progettotouring.it\/radiotouring104\/wp-content\/uploads\/sites\/6\/2024\/02\/Movimento-Rinascita-Comunista.jpg\",\"keywords\":[\"\\\"Movimento per la Rinascita Comunista\\\"\",\"Acri\",\"Assemblea provinciale\",\"sede CGIL Cosenza\"],\"articleSection\":[\"Calabria\",\"Home\",\"News\"],\"inLanguage\":\"it-IT\"},{\"@type\":\"WebPage\",\"@id\":\"https:\/\/progettotouring.it\/radiotouring104\/2024\/02\/14\/cosenza-venerdi-lassemblea-provinciale-costituente-del-movimento-per-la-rinascita-comunista\/\",\"url\":\"https:\/\/progettotouring.it\/radiotouring104\/2024\/02\/14\/cosenza-venerdi-lassemblea-provinciale-costituente-del-movimento-per-la-rinascita-comunista\/\",\"name\":\"Cosenza: venerd\u00ec l'Assemblea del Movimento Rinascita Comunista\",\"isPartOf\":{\"@id\":\"https:\/\/progettotouring.it\/radiotouring104\/#website\"},\"primaryImageOfPage\":{\"@id\":\"https:\/\/progettotouring.it\/radiotouring104\/2024\/02\/14\/cosenza-venerdi-lassemblea-provinciale-costituente-del-movimento-per-la-rinascita-comunista\/#primaryimage\"},\"image\":{\"@id\":\"https:\/\/progettotouring.it\/radiotouring104\/2024\/02\/14\/cosenza-venerdi-lassemblea-provinciale-costituente-del-movimento-per-la-rinascita-comunista\/#primaryimage\"},\"thumbnailUrl\":\"https:\/\/progettotouring.it\/radiotouring104\/wp-content\/uploads\/sites\/6\/2024\/02\/Movimento-Rinascita-Comunista.jpg\",\"datePublished\":\"2024-02-14T10:36:00+00:00\",\"description\":\"Il 16 febbraio ore 17,30 ad Acri, nela sede della CGIL, l\u2019Assemblea provinciale per costituire il Movimento per la Rinascita Comunista\",\"breadcrumb\":{\"@id\":\"https:\/\/progettotouring.it\/radiotouring104\/2024\/02\/14\/cosenza-venerdi-lassemblea-provinciale-costituente-del-movimento-per-la-rinascita-comunista\/#breadcrumb\"},\"inLanguage\":\"it-IT\",\"potentialAction\":[{\"@type\":\"ReadAction\",\"target\":[\"https:\/\/progettotouring.it\/radiotouring104\/2024\/02\/14\/cosenza-venerdi-lassemblea-provinciale-costituente-del-movimento-per-la-rinascita-comunista\/\"]}]},{\"@type\":\"ImageObject\",\"inLanguage\":\"it-IT\",\"@id\":\"https:\/\/progettotouring.it\/radiotouring104\/2024\/02\/14\/cosenza-venerdi-lassemblea-provinciale-costituente-del-movimento-per-la-rinascita-comunista\/#primaryimage\",\"url\":\"https:\/\/progettotouring.it\/radiotouring104\/wp-content\/uploads\/sites\/6\/2024\/02\/Movimento-Rinascita-Comunista.jpg\",\"contentUrl\":\"https:\/\/progettotouring.it\/radiotouring104\/wp-content\/uploads\/sites\/6\/2024\/02\/Movimento-Rinascita-Comunista.jpg\",\"width\":402,\"height\":391},{\"@type\":\"BreadcrumbList\",\"@id\":\"https:\/\/progettotouring.it\/radiotouring104\/2024\/02\/14\/cosenza-venerdi-lassemblea-provinciale-costituente-del-movimento-per-la-rinascita-comunista\/#breadcrumb\",\"itemListElement\":[{\"@type\":\"ListItem\",\"position\":1,\"name\":\"Home\",\"item\":\"https:\/\/progettotouring.it\/radiotouring104\/\"},{\"@type\":\"ListItem\",\"position\":2,\"name\":\"Cosenza: venerd\u00ec l&#8217;Assemblea provinciale costituente del Movimento per la Rinascita Comunista\"}]},{\"@type\":\"WebSite\",\"@id\":\"https:\/\/progettotouring.it\/radiotouring104\/#website\",\"url\":\"https:\/\/progettotouring.it\/radiotouring104\/\",\"name\":\"Radio Touring 104\",\"description\":\"La prima radio Reggina\",\"publisher\":{\"@id\":\"https:\/\/progettotouring.it\/radiotouring104\/#organization\"},\"potentialAction\":[{\"@type\":\"SearchAction\",\"target\":{\"@type\":\"EntryPoint\",\"urlTemplate\":\"https:\/\/progettotouring.it\/radiotouring104\/?s={search_term_string}\"},\"query-input\":{\"@type\":\"PropertyValueSpecification\",\"valueRequired\":true,\"valueName\":\"search_term_string\"}}],\"inLanguage\":\"it-IT\"},{\"@type\":\"Organization\",\"@id\":\"https:\/\/progettotouring.it\/radiotouring104\/#organization\",\"name\":\"Radio Touring 104\",\"url\":\"https:\/\/progettotouring.it\/radiotouring104\/\",\"logo\":{\"@type\":\"ImageObject\",\"inLanguage\":\"it-IT\",\"@id\":\"https:\/\/progettotouring.it\/radiotouring104\/#\/schema\/logo\/image\/\",\"url\":\"https:\/\/progettotouring.it\/radiotouring104\/wp-content\/uploads\/sites\/6\/2022\/02\/cropped-logo-radio-touring-104.png\",\"contentUrl\":\"https:\/\/progettotouring.it\/radiotouring104\/wp-content\/uploads\/sites\/6\/2022\/02\/cropped-logo-radio-touring-104.png\",\"width\":377,\"height\":182,\"caption\":\"Radio Touring 104\"},\"image\":{\"@id\":\"https:\/\/progettotouring.it\/radiotouring104\/#\/schema\/logo\/image\/\"}},{\"@type\":\"Person\",\"@id\":\"https:\/\/progettotouring.it\/radiotouring104\/#\/schema\/person\/78613917f1851f041f7483f5af1d422e\",\"name\":\"Sebastiano Plutino\",\"image\":{\"@type\":\"ImageObject\",\"inLanguage\":\"it-IT\",\"@id\":\"https:\/\/secure.gravatar.com\/avatar\/0546ffaa9b79224faf9f2a156b67a529ae861d3287c66c1d8ccfdf909bcba78d?s=96&d=mm&r=g\",\"url\":\"https:\/\/secure.gravatar.com\/avatar\/0546ffaa9b79224faf9f2a156b67a529ae861d3287c66c1d8ccfdf909bcba78d?s=96&d=mm&r=g\",\"contentUrl\":\"https:\/\/secure.gravatar.com\/avatar\/0546ffaa9b79224faf9f2a156b67a529ae861d3287c66c1d8ccfdf909bcba78d?s=96&d=mm&r=g\",\"caption\":\"Sebastiano Plutino\"},\"url\":\"https:\/\/progettotouring.it\/radiotouring104\/author\/sebastiano\/\"}]}<\/script>\n<!-- \/ Yoast SEO plugin. -->","yoast_head_json":{"title":"Cosenza: venerd\u00ec l'Assemblea del Movimento Rinascita Comunista","description":"Il 16 febbraio ore 17,30 ad Acri, nela sede della CGIL, l\u2019Assemblea provinciale per costituire il Movimento per la Rinascita Comunista","robots":{"index":"index","follow":"follow","max-snippet":"max-snippet:-1","max-image-preview":"max-image-preview:large","max-video-preview":"max-video-preview:-1"},"canonical":"https:\/\/progettotouring.it\/radiotouring104\/2024\/02\/14\/cosenza-venerdi-lassemblea-provinciale-costituente-del-movimento-per-la-rinascita-comunista\/","og_locale":"it_IT","og_type":"article","og_title":"Cosenza: venerd\u00ec l'Assemblea del Movimento Rinascita Comunista","og_description":"Il 16 febbraio ore 17,30 ad Acri, nela sede della CGIL, l\u2019Assemblea provinciale per costituire il Movimento per la Rinascita Comunista","og_url":"https:\/\/progettotouring.it\/radiotouring104\/2024\/02\/14\/cosenza-venerdi-lassemblea-provinciale-costituente-del-movimento-per-la-rinascita-comunista\/","og_site_name":"Radio Touring 104","article_published_time":"2024-02-14T10:36:00+00:00","og_image":[{"width":402,"height":391,"url":"https:\/\/progettotouring.it\/radiotouring104\/wp-content\/uploads\/sites\/6\/2024\/02\/Movimento-Rinascita-Comunista.jpg","type":"image\/jpeg"}],"author":"Sebastiano Plutino","twitter_card":"summary_large_image","twitter_misc":{"Scritto da":"Sebastiano Plutino","Tempo di lettura stimato":"2 minuti"},"schema":{"@context":"https:\/\/schema.org","@graph":[{"@type":"Article","@id":"https:\/\/progettotouring.it\/radiotouring104\/2024\/02\/14\/cosenza-venerdi-lassemblea-provinciale-costituente-del-movimento-per-la-rinascita-comunista\/#article","isPartOf":{"@id":"https:\/\/progettotouring.it\/radiotouring104\/2024\/02\/14\/cosenza-venerdi-lassemblea-provinciale-costituente-del-movimento-per-la-rinascita-comunista\/"},"author":{"name":"Sebastiano Plutino","@id":"https:\/\/progettotouring.it\/radiotouring104\/#\/schema\/person\/78613917f1851f041f7483f5af1d422e"},"headline":"Cosenza: venerd\u00ec l&#8217;Assemblea provinciale costituente del Movimento per la Rinascita Comunista","datePublished":"2024-02-14T10:36:00+00:00","mainEntityOfPage":{"@id":"https:\/\/progettotouring.it\/radiotouring104\/2024\/02\/14\/cosenza-venerdi-lassemblea-provinciale-costituente-del-movimento-per-la-rinascita-comunista\/"},"wordCount":396,"publisher":{"@id":"https:\/\/progettotouring.it\/radiotouring104\/#organization"},"image":{"@id":"https:\/\/progettotouring.it\/radiotouring104\/2024\/02\/14\/cosenza-venerdi-lassemblea-provinciale-costituente-del-movimento-per-la-rinascita-comunista\/#primaryimage"},"thumbnailUrl":"https:\/\/progettotouring.it\/radiotouring104\/wp-content\/uploads\/sites\/6\/2024\/02\/Movimento-Rinascita-Comunista.jpg","keywords":["\"Movimento per la Rinascita Comunista\"","Acri","Assemblea provinciale","sede CGIL Cosenza"],"articleSection":["Calabria","Home","News"],"inLanguage":"it-IT"},{"@type":"WebPage","@id":"https:\/\/progettotouring.it\/radiotouring104\/2024\/02\/14\/cosenza-venerdi-lassemblea-provinciale-costituente-del-movimento-per-la-rinascita-comunista\/","url":"https:\/\/progettotouring.it\/radiotouring104\/2024\/02\/14\/cosenza-venerdi-lassemblea-provinciale-costituente-del-movimento-per-la-rinascita-comunista\/","name":"Cosenza: venerd\u00ec l'Assemblea del Movimento Rinascita Comunista","isPartOf":{"@id":"https:\/\/progettotouring.it\/radiotouring104\/#website"},"primaryImageOfPage":{"@id":"https:\/\/progettotouring.it\/radiotouring104\/2024\/02\/14\/cosenza-venerdi-lassemblea-provinciale-costituente-del-movimento-per-la-rinascita-comunista\/#primaryimage"},"image":{"@id":"https:\/\/progettotouring.it\/radiotouring104\/2024\/02\/14\/cosenza-venerdi-lassemblea-provinciale-costituente-del-movimento-per-la-rinascita-comunista\/#primaryimage"},"thumbnailUrl":"https:\/\/progettotouring.it\/radiotouring104\/wp-content\/uploads\/sites\/6\/2024\/02\/Movimento-Rinascita-Comunista.jpg","datePublished":"2024-02-14T10:36:00+00:00","description":"Il 16 febbraio ore 17,30 ad Acri, nela sede della CGIL, l\u2019Assemblea provinciale per costituire il Movimento per la Rinascita Comunista","breadcrumb":{"@id":"https:\/\/progettotouring.it\/radiotouring104\/2024\/02\/14\/cosenza-venerdi-lassemblea-provinciale-costituente-del-movimento-per-la-rinascita-comunista\/#breadcrumb"},"inLanguage":"it-IT","potentialAction":[{"@type":"ReadAction","target":["https:\/\/progettotouring.it\/radiotouring104\/2024\/02\/14\/cosenza-venerdi-lassemblea-provinciale-costituente-del-movimento-per-la-rinascita-comunista\/"]}]},{"@type":"ImageObject","inLanguage":"it-IT","@id":"https:\/\/progettotouring.it\/radiotouring104\/2024\/02\/14\/cosenza-venerdi-lassemblea-provinciale-costituente-del-movimento-per-la-rinascita-comunista\/#primaryimage","url":"https:\/\/progettotouring.it\/radiotouring104\/wp-content\/uploads\/sites\/6\/2024\/02\/Movimento-Rinascita-Comunista.jpg","contentUrl":"https:\/\/progettotouring.it\/radiotouring104\/wp-content\/uploads\/sites\/6\/2024\/02\/Movimento-Rinascita-Comunista.jpg","width":402,"height":391},{"@type":"BreadcrumbList","@id":"https:\/\/progettotouring.it\/radiotouring104\/2024\/02\/14\/cosenza-venerdi-lassemblea-provinciale-costituente-del-movimento-per-la-rinascita-comunista\/#breadcrumb","itemListElement":[{"@type":"ListItem","position":1,"name":"Home","item":"https:\/\/progettotouring.it\/radiotouring104\/"},{"@type":"ListItem","position":2,"name":"Cosenza: venerd\u00ec l&#8217;Assemblea provinciale costituente del Movimento per la Rinascita Comunista"}]},{"@type":"WebSite","@id":"https:\/\/progettotouring.it\/radiotouring104\/#website","url":"https:\/\/progettotouring.it\/radiotouring104\/","name":"Radio Touring 104","description":"La prima radio Reggina","publisher":{"@id":"https:\/\/progettotouring.it\/radiotouring104\/#organization"},"potentialAction":[{"@type":"SearchAction","target":{"@type":"EntryPoint","urlTemplate":"https:\/\/progettotouring.it\/radiotouring104\/?s={search_term_string}"},"query-input":{"@type":"PropertyValueSpecification","valueRequired":true,"valueName":"search_term_string"}}],"inLanguage":"it-IT"},{"@type":"Organization","@id":"https:\/\/progettotouring.it\/radiotouring104\/#organization","name":"Radio Touring 104","url":"https:\/\/progettotouring.it\/radiotouring104\/","logo":{"@type":"ImageObject","inLanguage":"it-IT","@id":"https:\/\/progettotouring.it\/radiotouring104\/#\/schema\/logo\/image\/","url":"https:\/\/progettotouring.it\/radiotouring104\/wp-content\/uploads\/sites\/6\/2022\/02\/cropped-logo-radio-touring-104.png","contentUrl":"https:\/\/progettotouring.it\/radiotouring104\/wp-content\/uploads\/sites\/6\/2022\/02\/cropped-logo-radio-touring-104.png","width":377,"height":182,"caption":"Radio Touring 104"},"image":{"@id":"https:\/\/progettotouring.it\/radiotouring104\/#\/schema\/logo\/image\/"}},{"@type":"Person","@id":"https:\/\/progettotouring.it\/radiotouring104\/#\/schema\/person\/78613917f1851f041f7483f5af1d422e","name":"Sebastiano Plutino","image":{"@type":"ImageObject","inLanguage":"it-IT","@id":"https:\/\/secure.gravatar.com\/avatar\/0546ffaa9b79224faf9f2a156b67a529ae861d3287c66c1d8ccfdf909bcba78d?s=96&d=mm&r=g","url":"https:\/\/secure.gravatar.com\/avatar\/0546ffaa9b79224faf9f2a156b67a529ae861d3287c66c1d8ccfdf909bcba78d?s=96&d=mm&r=g","contentUrl":"https:\/\/secure.gravatar.com\/avatar\/0546ffaa9b79224faf9f2a156b67a529ae861d3287c66c1d8ccfdf909bcba78d?s=96&d=mm&r=g","caption":"Sebastiano Plutino"},"url":"https:\/\/progettotouring.it\/radiotouring104\/author\/sebastiano\/"}]}},"jetpack_publicize_connections":[],"jetpack_featured_media_url":"https:\/\/progettotouring.it\/radiotouring104\/wp-content\/uploads\/sites\/6\/2024\/02\/Movimento-Rinascita-Comunista.jpg","jetpack_sharing_enabled":true,"_links":{"self":[{"href":"https:\/\/progettotouring.it\/radiotouring104\/wp-json\/wp\/v2\/posts\/44636","targetHints":{"allow":["GET"]}}],"collection":[{"href":"https:\/\/progettotouring.it\/radiotouring104\/wp-json\/wp\/v2\/posts"}],"about":[{"href":"https:\/\/progettotouring.it\/radiotouring104\/wp-json\/wp\/v2\/types\/post"}],"author":[{"embeddable":true,"href":"https:\/\/progettotouring.it\/radiotouring104\/wp-json\/wp\/v2\/users\/12"}],"replies":[{"embeddable":true,"href":"https:\/\/progettotouring.it\/radiotouring104\/wp-json\/wp\/v2\/comments?post=44636"}],"version-history":[{"count":1,"href":"https:\/\/progettotouring.it\/radiotouring104\/wp-json\/wp\/v2\/posts\/44636\/revisions"}],"predecessor-version":[{"id":44638,"href":"https:\/\/progettotouring.it\/radiotouring104\/wp-json\/wp\/v2\/posts\/44636\/revisions\/44638"}],"wp:featuredmedia":[{"embeddable":true,"href":"https:\/\/progettotouring.it\/radiotouring104\/wp-json\/wp\/v2\/media\/44637"}],"wp:attachment":[{"href":"https:\/\/progettotouring.it\/radiotouring104\/wp-json\/wp\/v2\/media?parent=44636"}],"wp:term":[{"taxonomy":"category","embeddable":true,"href":"https:\/\/progettotouring.it\/radiotouring104\/wp-json\/wp\/v2\/categories?post=44636"},{"taxonomy":"post_tag","embeddable":true,"href":"https:\/\/progettotouring.it\/radiotouring104\/wp-json\/wp\/v2\/tags?post=44636"}],"curies":[{"name":"wp","href":"https:\/\/api.w.org\/{rel}","templated":true}]}}