{"id":44645,"date":"2024-02-14T12:07:14","date_gmt":"2024-02-14T11:07:14","guid":{"rendered":"https:\/\/progettotouring.it\/radiotouring104\/?p=44645"},"modified":"2024-02-14T12:07:14","modified_gmt":"2024-02-14T11:07:14","slug":"decreto-milleproroghe-passa-emendamento-cannizzaro","status":"publish","type":"post","link":"https:\/\/progettotouring.it\/radiotouring104\/2024\/02\/14\/decreto-milleproroghe-passa-emendamento-cannizzaro\/","title":{"rendered":"Decreto Milleproroghe: passa emendamento Cannizzaro"},"content":{"rendered":"<p style=\"text-align: justify\"><em>\u201cStanotte, esattamente alle 3:13, \u00e8 stato approvato un mio emendamento che rappresenta una pietra miliare per la categoria TIS. Con la sua approvazione si d\u00e0, esclusivamente a Comuni della Calabria, la possibilit\u00e0 di assumere in deroga ai limiti assunzionali vigenti, con contratti a tempo determinato, a tempo parziale di 18 ore settimanali, della durata di 18 mesi. Parliamo di posizioni completamente riservate ai 4mila tirocinanti di inclusione sociale calabresi. \u00c8 la prima volta nella storia che accade qualcosa del genere.\u201d <\/em><strong>Ad affermarlo \u00e8 Francesco Cannizzaro<\/strong>, Vice Capogruppo di Forza Italia alla Camera e Coordinatore regionale della Calabria, <strong>che nella discussione del Decreto Milleproroghe \u00e8 riuscito a far approvare l\u2019emendamento 1.13,<\/strong> che porta la firma anche del collega Deputato <strong>Giovanni Arruzzolo.<\/strong><br \/>\n<em>\u201c\u00c8 un risultato targato Forza Italia, raggiunto in sintonia con il Presidente della Regione Calabria, Roberto Occhiuto, e con il supporto anche del collega Giuseppe Mangialavori, Presidente della Commissione Bilancio. L\u2019emendamento infatti<\/em> \u2013<strong> spiega l\u2019On. Cannizzaro \u2013<\/strong><em> \u00e8 stato approvato nella seduta notturna delle commissioni Affari costituzionali e Bilancio, riunite per esaminare tutti gli emendamenti presentati.<\/em><br \/>\n<em>Con il nostro intervento, si risponde alle richieste di migliaia di lavoratori ed al contempo all\u2019esigenza degli enti locali calabresi, che avevano pi\u00f9 volte espresso la volont\u00e0 e la necessit\u00e0 di regolarizzare questa platea di personale, fondamentale per il lavoro delle amministrazioni locali; personale che, ad oggi, non gode di alcun tipo di tutela giuridica e previdenziale. La nuova norma, quindi, offre la possibilit\u00e0 a tutto il bacino di lavoratori precari di poter finalmente regolarizzare la propria posizione, sottoscrivendo un contratto con la pubblica amministrazione, in deroga ai vincoli assunzionali vigenti per i comuni, fino ad oggi impossibilitati ad effettuare questa operazione. La nuova disposizione costituisce quindi un altro grande passo nel percorso normativo volto alla stabilizzazione di questi 4mila lavoratori a servizio dello Stato senza alcun tipo di riconoscimento e senza contributi, nonostante gli anni di attivit\u00e0 prestata, sempre in condizioni di precariet\u00e0 assoluta.<\/em><br \/>\n<em>Per consentire tutto ci\u00f2 ai Comuni calabresi, \u00e8 stato Istituito un fondo: lo Stato mette a disposizione 5 milioni di euro, che sappiamo non essere del tutto sufficienti<\/em> \u2013 <strong>precisa il parlamentare reggino<\/strong> &#8211;<em> ma si sta gi\u00e0 lavorando al reperimento di altri fondi per rimpinguare il capitolo esistente. Per l\u2019immediato futuro, l\u2019impegno \u00e8 quindi quello di reperire quante pi\u00f9 risorse possibili, volte al concorso di spesa per contrattualizzare e offrire piena dignit\u00e0 all\u2019intero bacino dei TIS.\u201d<\/em><\/p>\n","protected":false},"excerpt":{"rendered":"<p>\u201cStanotte, esattamente alle 3:13, \u00e8 stato approvato un mio emendamento che rappresenta una pietra miliare per la categoria TIS. Con la sua approvazione si d\u00e0, esclusivamente a Comuni della Calabria,&hellip;<\/p>\n","protected":false},"author":12,"featured_media":9153,"comment_status":"closed","ping_status":"open","sticky":false,"template":"","format":"standard","meta":{"_jetpack_memberships_contains_paid_content":false,"footnotes":"","jetpack_publicize_message":"","jetpack_publicize_feature_enabled":true,"jetpack_social_post_already_shared":false,"jetpack_social_options":{"image_generator_settings":{"template":"highway","default_image_id":0,"font":"","enabled":false},"version":2}},"categories":[921,196,140],"tags":[],"class_list":["post-44645","post","type-post","status-publish","format-standard","has-post-thumbnail","hentry","category-home","category-news","category-reggio-calabria"],"yoast_head":"<!-- This site is optimized with the Yoast SEO plugin v27.2 - https:\/\/yoast.com\/product\/yoast-seo-wordpress\/ -->\n<title>Decreto Milleproroghe: passa emendamento Cannizzaro<\/title>\n<meta name=\"description\" content=\"\u201cIntervento esclusivo per la categoria TIS della Calabria, consentendo l\u2019assunzione in deroga\u201d, dichiara il deputato Cannizzaro\" \/>\n<meta name=\"robots\" content=\"index, follow, max-snippet:-1, max-image-preview:large, max-video-preview:-1\" \/>\n<link rel=\"canonical\" href=\"https:\/\/progettotouring.it\/radiotouring104\/2024\/02\/14\/decreto-milleproroghe-passa-emendamento-cannizzaro\/\" \/>\n<meta property=\"og:locale\" content=\"it_IT\" \/>\n<meta property=\"og:type\" content=\"article\" \/>\n<meta property=\"og:title\" content=\"Decreto Milleproroghe: passa emendamento Cannizzaro\" \/>\n<meta property=\"og:description\" content=\"\u201cIntervento esclusivo per la categoria TIS della Calabria, consentendo l\u2019assunzione in deroga\u201d, dichiara il deputato Cannizzaro\" \/>\n<meta property=\"og:url\" content=\"https:\/\/progettotouring.it\/radiotouring104\/2024\/02\/14\/decreto-milleproroghe-passa-emendamento-cannizzaro\/\" \/>\n<meta property=\"og:site_name\" content=\"Radio Touring 104\" \/>\n<meta property=\"article:published_time\" content=\"2024-02-14T11:07:14+00:00\" \/>\n<meta property=\"og:image\" content=\"https:\/\/progettotouring.it\/radiotouring104\/wp-content\/uploads\/sites\/6\/2022\/08\/francesco-cannizzaro.jpg\" \/>\n\t<meta property=\"og:image:width\" content=\"1920\" \/>\n\t<meta property=\"og:image:height\" content=\"1080\" \/>\n\t<meta property=\"og:image:type\" content=\"image\/jpeg\" \/>\n<meta name=\"author\" content=\"Sebastiano Plutino\" \/>\n<meta name=\"twitter:card\" content=\"summary_large_image\" \/>\n<meta name=\"twitter:label1\" content=\"Scritto da\" \/>\n\t<meta name=\"twitter:data1\" content=\"Sebastiano Plutino\" \/>\n\t<meta name=\"twitter:label2\" content=\"Tempo di lettura stimato\" \/>\n\t<meta name=\"twitter:data2\" content=\"2 minuti\" \/>\n<script type=\"application\/ld+json\" class=\"yoast-schema-graph\">{\"@context\":\"https:\/\/schema.org\",\"@graph\":[{\"@type\":\"Article\",\"@id\":\"https:\/\/progettotouring.it\/radiotouring104\/2024\/02\/14\/decreto-milleproroghe-passa-emendamento-cannizzaro\/#article\",\"isPartOf\":{\"@id\":\"https:\/\/progettotouring.it\/radiotouring104\/2024\/02\/14\/decreto-milleproroghe-passa-emendamento-cannizzaro\/\"},\"author\":{\"name\":\"Sebastiano Plutino\",\"@id\":\"https:\/\/progettotouring.it\/radiotouring104\/#\/schema\/person\/78613917f1851f041f7483f5af1d422e\"},\"headline\":\"Decreto Milleproroghe: passa emendamento Cannizzaro\",\"datePublished\":\"2024-02-14T11:07:14+00:00\",\"mainEntityOfPage\":{\"@id\":\"https:\/\/progettotouring.it\/radiotouring104\/2024\/02\/14\/decreto-milleproroghe-passa-emendamento-cannizzaro\/\"},\"wordCount\":394,\"publisher\":{\"@id\":\"https:\/\/progettotouring.it\/radiotouring104\/#organization\"},\"image\":{\"@id\":\"https:\/\/progettotouring.it\/radiotouring104\/2024\/02\/14\/decreto-milleproroghe-passa-emendamento-cannizzaro\/#primaryimage\"},\"thumbnailUrl\":\"https:\/\/progettotouring.it\/radiotouring104\/wp-content\/uploads\/sites\/6\/2022\/08\/francesco-cannizzaro.jpg\",\"articleSection\":[\"Home\",\"News\",\"Reggio Calabria\"],\"inLanguage\":\"it-IT\"},{\"@type\":\"WebPage\",\"@id\":\"https:\/\/progettotouring.it\/radiotouring104\/2024\/02\/14\/decreto-milleproroghe-passa-emendamento-cannizzaro\/\",\"url\":\"https:\/\/progettotouring.it\/radiotouring104\/2024\/02\/14\/decreto-milleproroghe-passa-emendamento-cannizzaro\/\",\"name\":\"Decreto Milleproroghe: passa emendamento Cannizzaro\",\"isPartOf\":{\"@id\":\"https:\/\/progettotouring.it\/radiotouring104\/#website\"},\"primaryImageOfPage\":{\"@id\":\"https:\/\/progettotouring.it\/radiotouring104\/2024\/02\/14\/decreto-milleproroghe-passa-emendamento-cannizzaro\/#primaryimage\"},\"image\":{\"@id\":\"https:\/\/progettotouring.it\/radiotouring104\/2024\/02\/14\/decreto-milleproroghe-passa-emendamento-cannizzaro\/#primaryimage\"},\"thumbnailUrl\":\"https:\/\/progettotouring.it\/radiotouring104\/wp-content\/uploads\/sites\/6\/2022\/08\/francesco-cannizzaro.jpg\",\"datePublished\":\"2024-02-14T11:07:14+00:00\",\"description\":\"\u201cIntervento esclusivo per la categoria TIS della Calabria, consentendo l\u2019assunzione in deroga\u201d, dichiara il deputato Cannizzaro\",\"breadcrumb\":{\"@id\":\"https:\/\/progettotouring.it\/radiotouring104\/2024\/02\/14\/decreto-milleproroghe-passa-emendamento-cannizzaro\/#breadcrumb\"},\"inLanguage\":\"it-IT\",\"potentialAction\":[{\"@type\":\"ReadAction\",\"target\":[\"https:\/\/progettotouring.it\/radiotouring104\/2024\/02\/14\/decreto-milleproroghe-passa-emendamento-cannizzaro\/\"]}]},{\"@type\":\"ImageObject\",\"inLanguage\":\"it-IT\",\"@id\":\"https:\/\/progettotouring.it\/radiotouring104\/2024\/02\/14\/decreto-milleproroghe-passa-emendamento-cannizzaro\/#primaryimage\",\"url\":\"https:\/\/progettotouring.it\/radiotouring104\/wp-content\/uploads\/sites\/6\/2022\/08\/francesco-cannizzaro.jpg\",\"contentUrl\":\"https:\/\/progettotouring.it\/radiotouring104\/wp-content\/uploads\/sites\/6\/2022\/08\/francesco-cannizzaro.jpg\",\"width\":1920,\"height\":1080},{\"@type\":\"BreadcrumbList\",\"@id\":\"https:\/\/progettotouring.it\/radiotouring104\/2024\/02\/14\/decreto-milleproroghe-passa-emendamento-cannizzaro\/#breadcrumb\",\"itemListElement\":[{\"@type\":\"ListItem\",\"position\":1,\"name\":\"Home\",\"item\":\"https:\/\/progettotouring.it\/radiotouring104\/\"},{\"@type\":\"ListItem\",\"position\":2,\"name\":\"Decreto Milleproroghe: passa emendamento Cannizzaro\"}]},{\"@type\":\"WebSite\",\"@id\":\"https:\/\/progettotouring.it\/radiotouring104\/#website\",\"url\":\"https:\/\/progettotouring.it\/radiotouring104\/\",\"name\":\"Radio Touring 104\",\"description\":\"La prima radio Reggina\",\"publisher\":{\"@id\":\"https:\/\/progettotouring.it\/radiotouring104\/#organization\"},\"potentialAction\":[{\"@type\":\"SearchAction\",\"target\":{\"@type\":\"EntryPoint\",\"urlTemplate\":\"https:\/\/progettotouring.it\/radiotouring104\/?s={search_term_string}\"},\"query-input\":{\"@type\":\"PropertyValueSpecification\",\"valueRequired\":true,\"valueName\":\"search_term_string\"}}],\"inLanguage\":\"it-IT\"},{\"@type\":\"Organization\",\"@id\":\"https:\/\/progettotouring.it\/radiotouring104\/#organization\",\"name\":\"Radio Touring 104\",\"url\":\"https:\/\/progettotouring.it\/radiotouring104\/\",\"logo\":{\"@type\":\"ImageObject\",\"inLanguage\":\"it-IT\",\"@id\":\"https:\/\/progettotouring.it\/radiotouring104\/#\/schema\/logo\/image\/\",\"url\":\"https:\/\/progettotouring.it\/radiotouring104\/wp-content\/uploads\/sites\/6\/2022\/02\/cropped-logo-radio-touring-104.png\",\"contentUrl\":\"https:\/\/progettotouring.it\/radiotouring104\/wp-content\/uploads\/sites\/6\/2022\/02\/cropped-logo-radio-touring-104.png\",\"width\":377,\"height\":182,\"caption\":\"Radio Touring 104\"},\"image\":{\"@id\":\"https:\/\/progettotouring.it\/radiotouring104\/#\/schema\/logo\/image\/\"}},{\"@type\":\"Person\",\"@id\":\"https:\/\/progettotouring.it\/radiotouring104\/#\/schema\/person\/78613917f1851f041f7483f5af1d422e\",\"name\":\"Sebastiano Plutino\",\"image\":{\"@type\":\"ImageObject\",\"inLanguage\":\"it-IT\",\"@id\":\"https:\/\/secure.gravatar.com\/avatar\/0546ffaa9b79224faf9f2a156b67a529ae861d3287c66c1d8ccfdf909bcba78d?s=96&d=mm&r=g\",\"url\":\"https:\/\/secure.gravatar.com\/avatar\/0546ffaa9b79224faf9f2a156b67a529ae861d3287c66c1d8ccfdf909bcba78d?s=96&d=mm&r=g\",\"contentUrl\":\"https:\/\/secure.gravatar.com\/avatar\/0546ffaa9b79224faf9f2a156b67a529ae861d3287c66c1d8ccfdf909bcba78d?s=96&d=mm&r=g\",\"caption\":\"Sebastiano Plutino\"},\"url\":\"https:\/\/progettotouring.it\/radiotouring104\/author\/sebastiano\/\"}]}<\/script>\n<!-- \/ Yoast SEO plugin. -->","yoast_head_json":{"title":"Decreto Milleproroghe: passa emendamento Cannizzaro","description":"\u201cIntervento esclusivo per la categoria TIS della Calabria, consentendo l\u2019assunzione in deroga\u201d, dichiara il deputato Cannizzaro","robots":{"index":"index","follow":"follow","max-snippet":"max-snippet:-1","max-image-preview":"max-image-preview:large","max-video-preview":"max-video-preview:-1"},"canonical":"https:\/\/progettotouring.it\/radiotouring104\/2024\/02\/14\/decreto-milleproroghe-passa-emendamento-cannizzaro\/","og_locale":"it_IT","og_type":"article","og_title":"Decreto Milleproroghe: passa emendamento Cannizzaro","og_description":"\u201cIntervento esclusivo per la categoria TIS della Calabria, consentendo l\u2019assunzione in deroga\u201d, dichiara il deputato Cannizzaro","og_url":"https:\/\/progettotouring.it\/radiotouring104\/2024\/02\/14\/decreto-milleproroghe-passa-emendamento-cannizzaro\/","og_site_name":"Radio Touring 104","article_published_time":"2024-02-14T11:07:14+00:00","og_image":[{"width":1920,"height":1080,"url":"https:\/\/progettotouring.it\/radiotouring104\/wp-content\/uploads\/sites\/6\/2022\/08\/francesco-cannizzaro.jpg","type":"image\/jpeg"}],"author":"Sebastiano Plutino","twitter_card":"summary_large_image","twitter_misc":{"Scritto da":"Sebastiano Plutino","Tempo di lettura stimato":"2 minuti"},"schema":{"@context":"https:\/\/schema.org","@graph":[{"@type":"Article","@id":"https:\/\/progettotouring.it\/radiotouring104\/2024\/02\/14\/decreto-milleproroghe-passa-emendamento-cannizzaro\/#article","isPartOf":{"@id":"https:\/\/progettotouring.it\/radiotouring104\/2024\/02\/14\/decreto-milleproroghe-passa-emendamento-cannizzaro\/"},"author":{"name":"Sebastiano Plutino","@id":"https:\/\/progettotouring.it\/radiotouring104\/#\/schema\/person\/78613917f1851f041f7483f5af1d422e"},"headline":"Decreto Milleproroghe: passa emendamento Cannizzaro","datePublished":"2024-02-14T11:07:14+00:00","mainEntityOfPage":{"@id":"https:\/\/progettotouring.it\/radiotouring104\/2024\/02\/14\/decreto-milleproroghe-passa-emendamento-cannizzaro\/"},"wordCount":394,"publisher":{"@id":"https:\/\/progettotouring.it\/radiotouring104\/#organization"},"image":{"@id":"https:\/\/progettotouring.it\/radiotouring104\/2024\/02\/14\/decreto-milleproroghe-passa-emendamento-cannizzaro\/#primaryimage"},"thumbnailUrl":"https:\/\/progettotouring.it\/radiotouring104\/wp-content\/uploads\/sites\/6\/2022\/08\/francesco-cannizzaro.jpg","articleSection":["Home","News","Reggio Calabria"],"inLanguage":"it-IT"},{"@type":"WebPage","@id":"https:\/\/progettotouring.it\/radiotouring104\/2024\/02\/14\/decreto-milleproroghe-passa-emendamento-cannizzaro\/","url":"https:\/\/progettotouring.it\/radiotouring104\/2024\/02\/14\/decreto-milleproroghe-passa-emendamento-cannizzaro\/","name":"Decreto Milleproroghe: passa emendamento Cannizzaro","isPartOf":{"@id":"https:\/\/progettotouring.it\/radiotouring104\/#website"},"primaryImageOfPage":{"@id":"https:\/\/progettotouring.it\/radiotouring104\/2024\/02\/14\/decreto-milleproroghe-passa-emendamento-cannizzaro\/#primaryimage"},"image":{"@id":"https:\/\/progettotouring.it\/radiotouring104\/2024\/02\/14\/decreto-milleproroghe-passa-emendamento-cannizzaro\/#primaryimage"},"thumbnailUrl":"https:\/\/progettotouring.it\/radiotouring104\/wp-content\/uploads\/sites\/6\/2022\/08\/francesco-cannizzaro.jpg","datePublished":"2024-02-14T11:07:14+00:00","description":"\u201cIntervento esclusivo per la categoria TIS della Calabria, consentendo l\u2019assunzione in deroga\u201d, dichiara il deputato Cannizzaro","breadcrumb":{"@id":"https:\/\/progettotouring.it\/radiotouring104\/2024\/02\/14\/decreto-milleproroghe-passa-emendamento-cannizzaro\/#breadcrumb"},"inLanguage":"it-IT","potentialAction":[{"@type":"ReadAction","target":["https:\/\/progettotouring.it\/radiotouring104\/2024\/02\/14\/decreto-milleproroghe-passa-emendamento-cannizzaro\/"]}]},{"@type":"ImageObject","inLanguage":"it-IT","@id":"https:\/\/progettotouring.it\/radiotouring104\/2024\/02\/14\/decreto-milleproroghe-passa-emendamento-cannizzaro\/#primaryimage","url":"https:\/\/progettotouring.it\/radiotouring104\/wp-content\/uploads\/sites\/6\/2022\/08\/francesco-cannizzaro.jpg","contentUrl":"https:\/\/progettotouring.it\/radiotouring104\/wp-content\/uploads\/sites\/6\/2022\/08\/francesco-cannizzaro.jpg","width":1920,"height":1080},{"@type":"BreadcrumbList","@id":"https:\/\/progettotouring.it\/radiotouring104\/2024\/02\/14\/decreto-milleproroghe-passa-emendamento-cannizzaro\/#breadcrumb","itemListElement":[{"@type":"ListItem","position":1,"name":"Home","item":"https:\/\/progettotouring.it\/radiotouring104\/"},{"@type":"ListItem","position":2,"name":"Decreto Milleproroghe: passa emendamento Cannizzaro"}]},{"@type":"WebSite","@id":"https:\/\/progettotouring.it\/radiotouring104\/#website","url":"https:\/\/progettotouring.it\/radiotouring104\/","name":"Radio Touring 104","description":"La prima radio Reggina","publisher":{"@id":"https:\/\/progettotouring.it\/radiotouring104\/#organization"},"potentialAction":[{"@type":"SearchAction","target":{"@type":"EntryPoint","urlTemplate":"https:\/\/progettotouring.it\/radiotouring104\/?s={search_term_string}"},"query-input":{"@type":"PropertyValueSpecification","valueRequired":true,"valueName":"search_term_string"}}],"inLanguage":"it-IT"},{"@type":"Organization","@id":"https:\/\/progettotouring.it\/radiotouring104\/#organization","name":"Radio Touring 104","url":"https:\/\/progettotouring.it\/radiotouring104\/","logo":{"@type":"ImageObject","inLanguage":"it-IT","@id":"https:\/\/progettotouring.it\/radiotouring104\/#\/schema\/logo\/image\/","url":"https:\/\/progettotouring.it\/radiotouring104\/wp-content\/uploads\/sites\/6\/2022\/02\/cropped-logo-radio-touring-104.png","contentUrl":"https:\/\/progettotouring.it\/radiotouring104\/wp-content\/uploads\/sites\/6\/2022\/02\/cropped-logo-radio-touring-104.png","width":377,"height":182,"caption":"Radio Touring 104"},"image":{"@id":"https:\/\/progettotouring.it\/radiotouring104\/#\/schema\/logo\/image\/"}},{"@type":"Person","@id":"https:\/\/progettotouring.it\/radiotouring104\/#\/schema\/person\/78613917f1851f041f7483f5af1d422e","name":"Sebastiano Plutino","image":{"@type":"ImageObject","inLanguage":"it-IT","@id":"https:\/\/secure.gravatar.com\/avatar\/0546ffaa9b79224faf9f2a156b67a529ae861d3287c66c1d8ccfdf909bcba78d?s=96&d=mm&r=g","url":"https:\/\/secure.gravatar.com\/avatar\/0546ffaa9b79224faf9f2a156b67a529ae861d3287c66c1d8ccfdf909bcba78d?s=96&d=mm&r=g","contentUrl":"https:\/\/secure.gravatar.com\/avatar\/0546ffaa9b79224faf9f2a156b67a529ae861d3287c66c1d8ccfdf909bcba78d?s=96&d=mm&r=g","caption":"Sebastiano Plutino"},"url":"https:\/\/progettotouring.it\/radiotouring104\/author\/sebastiano\/"}]}},"jetpack_publicize_connections":[],"jetpack_featured_media_url":"https:\/\/progettotouring.it\/radiotouring104\/wp-content\/uploads\/sites\/6\/2022\/08\/francesco-cannizzaro.jpg","jetpack_sharing_enabled":true,"_links":{"self":[{"href":"https:\/\/progettotouring.it\/radiotouring104\/wp-json\/wp\/v2\/posts\/44645","targetHints":{"allow":["GET"]}}],"collection":[{"href":"https:\/\/progettotouring.it\/radiotouring104\/wp-json\/wp\/v2\/posts"}],"about":[{"href":"https:\/\/progettotouring.it\/radiotouring104\/wp-json\/wp\/v2\/types\/post"}],"author":[{"embeddable":true,"href":"https:\/\/progettotouring.it\/radiotouring104\/wp-json\/wp\/v2\/users\/12"}],"replies":[{"embeddable":true,"href":"https:\/\/progettotouring.it\/radiotouring104\/wp-json\/wp\/v2\/comments?post=44645"}],"version-history":[{"count":1,"href":"https:\/\/progettotouring.it\/radiotouring104\/wp-json\/wp\/v2\/posts\/44645\/revisions"}],"predecessor-version":[{"id":44646,"href":"https:\/\/progettotouring.it\/radiotouring104\/wp-json\/wp\/v2\/posts\/44645\/revisions\/44646"}],"wp:featuredmedia":[{"embeddable":true,"href":"https:\/\/progettotouring.it\/radiotouring104\/wp-json\/wp\/v2\/media\/9153"}],"wp:attachment":[{"href":"https:\/\/progettotouring.it\/radiotouring104\/wp-json\/wp\/v2\/media?parent=44645"}],"wp:term":[{"taxonomy":"category","embeddable":true,"href":"https:\/\/progettotouring.it\/radiotouring104\/wp-json\/wp\/v2\/categories?post=44645"},{"taxonomy":"post_tag","embeddable":true,"href":"https:\/\/progettotouring.it\/radiotouring104\/wp-json\/wp\/v2\/tags?post=44645"}],"curies":[{"name":"wp","href":"https:\/\/api.w.org\/{rel}","templated":true}]}}