{"id":44651,"date":"2024-02-14T12:29:00","date_gmt":"2024-02-14T11:29:00","guid":{"rendered":"https:\/\/progettotouring.it\/radiotouring104\/?p=44651"},"modified":"2024-02-14T12:29:00","modified_gmt":"2024-02-14T11:29:00","slug":"petizione-sunia-cgil-in-difesa-del-diritto-alla-casa-firma-il-sindaco-di-siderno-e-componente-della-direzione-nazionale-del-pd-fragomeni","status":"publish","type":"post","link":"https:\/\/progettotouring.it\/radiotouring104\/2024\/02\/14\/petizione-sunia-cgil-in-difesa-del-diritto-alla-casa-firma-il-sindaco-di-siderno-e-componente-della-direzione-nazionale-del-pd-fragomeni\/","title":{"rendered":"Petizione Sunia-Cgil in difesa del diritto alla casa, firma il Sindaco di Siderno e componente della direzione nazionale del PD, Fragomeni"},"content":{"rendered":"<p class=\"xmprfx_MsoNormal\" style=\"text-align: justify\">Si sono incontrati per un approfondimento sulle problematiche del settore abitativo, Mariateresa Fragomeni, Sindaco di Siderno nonch\u00e9 componente della direzione nazionale del Partito Democratico e Francesco Al\u00ec, Segretario Generale del SUNIA-Cgil Calabria.<\/p>\n<p class=\"xmprfx_MsoNormal\" style=\"text-align: justify\">Al centro della discussione i contenuti della petizione popolare per il diritto all\u2019abitare proposta a livello nazionale dal SUNIA, con il sostegno della CGIL, e la richiesta al Governo di attivare politiche abitative strutturali con risorse certe e soluzioni concrete da garantire a tutto il Paese, a cominciare dai piccoli Comuni che vivono direttamente il dramma dell\u2019urgenza di difendere il diritto fondamentale di ogni individuo ad una abitazione dignitosa.<\/p>\n<p class=\"xmprfx_MsoNormal\" style=\"text-align: justify\">La petizione, che in Calabria sta registrando il sostegno di cittadini e rappresentanti delle Istituzioni, dal Pollino allo Stretto, ha registrato l\u2019adesione convinta anche del Sindaco di Siderno.<\/p>\n<p class=\"xmprfx_MsoNormal\" style=\"text-align: justify\">Nel corso dell\u2019incontro,\u00a0<b>il Segretario Generale del SUNIA-Cgil Calabria, Francesco Al\u00ec<\/b>, ha sottolineato che \u201cCon la Legge di Bilancio e la soppressione dei fondi per il sostegno all\u2019affitto e per la morosit\u00e0 incolpevole, Governo e maggioranza hanno confermato la volont\u00e0 di cancellare ogni concreto intervento sulle politiche abitative. Si tratta di una gravissima e continuata sottovalutazione della crescente crisi abitativa. E poi c\u2019\u00e8 anche la presa in giro. La legge di bilancio prevede infatti un risibile stanziamento di 50 milioni, peraltro per gli anni 2027 e 2028, che dovrebbe secondo le incredibili affermazioni del Ministro delle infrastrutture Salvini porre le basi di un Piano Casa\u201d. E ancora, \u201cIl Governo parla di emergenza abitativa solo per slogan. Di concreto c\u2019\u00e8 il fatto che sono state cancellate misure che fornivano un aiuto alle famiglie di inquilini a basso reddito e un conseguente vantaggio per i proprietari. E\u2019 stato drasticamente tagliato il Superbonus con gravi ripercussioni per condom\u00ecni e proprietari che, con lavori avviati e non conclusi, dovranno ora affrontare spese non previste. Sono stati ridimensionati gli incentivi per l\u2019abbattimento delle barriere architettoniche. Si registra un\u2019assoluta carenza di risorse per l\u2019edilizia residenziale pubblica. Qualsiasi riferimento ad un piano che aumenti gli alloggi di edilizia pubblica recuperando alloggi sfitti \u00e8 assente. Mancano le indispensabili misure a favore delle famiglie in lista di attesa da anni per l\u2019assegnazione di un alloggio pubblico. C\u2019\u00e8 l\u2019emergenza rappresentata dalla carenza di alloggi per gli studenti fuori sede che stanno denunciando da mesi il caro affitti, rivendicando il diritto ad un alloggio dignitoso e a canoni sostenibili che consenta loro di esercitare il diritto allo studio, quindi al presente ed al futuro\u201d. Tutto ci\u00f2, mentre \u201cIl violento impatto dell\u2019inflazione e l\u2019aumento dei costi della vita e dell\u2019abitare hanno aggravato il disagio sociale, coinvolgendo un numero sempre pi\u00f9 elevato di famiglie in difficolt\u00e0. In questa situazione occorrerebbero interventi strutturali e urgenti per riqualificare il patrimonio e rilanciare il mercato della locazione a canoni sostenibili per le famiglie, gli studenti, i lavoratori fuori sede, i giovani, i pensionati, i migranti che attendono risposte per avere un luogo sicuro in cui vivere e costruire il futuro\u201d.<\/p>\n<p class=\"xmprfx_MsoNormal\" style=\"text-align: justify\"><b>Il Sindaco di Siderno Mariateresa Fragomeni<\/b>\u00a0ha voluto sottoscrivere la petizione sottolineando che: \u201cIl Governo deve affrontare il disagio abitativo come priorit\u00e0 ed in maniera concreta. La crisi economica e sociale \u00e8 sotto gli occhi di tutti e l\u2019emergenza casa ha raggiunto livelli allarmanti. I Sindaci queste cose le sanno perch\u00e9 vivono da vicino i drammi delle famiglie. Questo Governo sta smantellando lo stato sociale e il Sud \u00e8 il pi\u00f9 penalizzato. E all\u2019orizzonte abbiamo l\u2019autonomia differenziata che far\u00e0 affossare definitivamente il Mezzogiorno e metter\u00e0 in crisi il Paese. Da parte nostra sosteniamo con forza le richieste delle forze sindacali, come il SUNIA, che da tempo stanno sollevando l&#8217;attenzione su questi gravi problemi\u201d.<\/p>\n<p class=\"xmprfx_MsoNormal\" style=\"text-align: justify\">In attesa di risposte concrete dal Governo che purtroppo non si intravedono, il Sindaco e il Segretario Generale del SUNIA-Cgil si sono impegnati a rivedersi per mettere in piedi (sindacati confederali rappresentativi degli inquilini insieme alla rappresentanza della propriet\u00e0), un Accordo Territoriale per i contratti di locazione a canone concordato al fine di individuare risposte locali per far fronte all\u2019emergenza casa e per costruire anche dal basso misure di sostegno e di sviluppo.<\/p>\n","protected":false},"excerpt":{"rendered":"<p>Si sono incontrati per un approfondimento sulle problematiche del settore abitativo, Mariateresa Fragomeni, Sindaco di Siderno nonch\u00e9 componente della direzione nazionale del Partito Democratico e Francesco Al\u00ec, Segretario Generale del&hellip;<\/p>\n","protected":false},"author":12,"featured_media":44655,"comment_status":"closed","ping_status":"open","sticky":false,"template":"","format":"standard","meta":{"_jetpack_memberships_contains_paid_content":false,"footnotes":"","jetpack_publicize_message":"","jetpack_publicize_feature_enabled":true,"jetpack_social_post_already_shared":false,"jetpack_social_options":{"image_generator_settings":{"template":"highway","default_image_id":0,"font":"","enabled":false},"version":2}},"categories":[921,196,140],"tags":[27548,27217,26766],"class_list":["post-44651","post","type-post","status-publish","format-standard","has-post-thumbnail","hentry","category-home","category-news","category-reggio-calabria","tag-diritto-alla-casa","tag-dott-ssa-maria-teresa-fragomeni","tag-sunia-cgil-calabria"],"yoast_head":"<!-- This site is optimized with the Yoast SEO plugin v27.2 - https:\/\/yoast.com\/product\/yoast-seo-wordpress\/ -->\n<title>Diritto alla casa: svolto incontro Sindaco di Siderno - Sunia Cigl<\/title>\n<meta name=\"description\" content=\"Svolto incontro su questione abitativa tra Sindaco di Siderno Fragomeni e Al\u00ec, Segretario SUNIA-Cgil Calabria.\" \/>\n<meta name=\"robots\" content=\"index, follow, max-snippet:-1, max-image-preview:large, max-video-preview:-1\" \/>\n<link rel=\"canonical\" href=\"https:\/\/progettotouring.it\/radiotouring104\/2024\/02\/14\/petizione-sunia-cgil-in-difesa-del-diritto-alla-casa-firma-il-sindaco-di-siderno-e-componente-della-direzione-nazionale-del-pd-fragomeni\/\" \/>\n<meta property=\"og:locale\" content=\"it_IT\" \/>\n<meta property=\"og:type\" content=\"article\" \/>\n<meta property=\"og:title\" content=\"Diritto alla casa: svolto incontro Sindaco di Siderno - Sunia Cigl\" \/>\n<meta property=\"og:description\" content=\"Svolto incontro su questione abitativa tra Sindaco di Siderno Fragomeni e Al\u00ec, Segretario SUNIA-Cgil Calabria.\" \/>\n<meta property=\"og:url\" content=\"https:\/\/progettotouring.it\/radiotouring104\/2024\/02\/14\/petizione-sunia-cgil-in-difesa-del-diritto-alla-casa-firma-il-sindaco-di-siderno-e-componente-della-direzione-nazionale-del-pd-fragomeni\/\" \/>\n<meta property=\"og:site_name\" content=\"Radio Touring 104\" \/>\n<meta property=\"article:published_time\" content=\"2024-02-14T11:29:00+00:00\" \/>\n<meta property=\"og:image\" content=\"https:\/\/progettotouring.it\/radiotouring104\/wp-content\/uploads\/sites\/6\/2024\/02\/Mariateresa-Fragomeni-e-Francesco-Ali-scaled.jpg\" \/>\n\t<meta property=\"og:image:width\" content=\"2560\" \/>\n\t<meta property=\"og:image:height\" content=\"2113\" \/>\n\t<meta property=\"og:image:type\" content=\"image\/jpeg\" \/>\n<meta name=\"author\" content=\"Sebastiano Plutino\" \/>\n<meta name=\"twitter:card\" content=\"summary_large_image\" \/>\n<meta name=\"twitter:label1\" content=\"Scritto da\" \/>\n\t<meta name=\"twitter:data1\" content=\"Sebastiano Plutino\" \/>\n\t<meta name=\"twitter:label2\" content=\"Tempo di lettura stimato\" \/>\n\t<meta name=\"twitter:data2\" content=\"3 minuti\" \/>\n<script type=\"application\/ld+json\" class=\"yoast-schema-graph\">{\"@context\":\"https:\/\/schema.org\",\"@graph\":[{\"@type\":\"Article\",\"@id\":\"https:\/\/progettotouring.it\/radiotouring104\/2024\/02\/14\/petizione-sunia-cgil-in-difesa-del-diritto-alla-casa-firma-il-sindaco-di-siderno-e-componente-della-direzione-nazionale-del-pd-fragomeni\/#article\",\"isPartOf\":{\"@id\":\"https:\/\/progettotouring.it\/radiotouring104\/2024\/02\/14\/petizione-sunia-cgil-in-difesa-del-diritto-alla-casa-firma-il-sindaco-di-siderno-e-componente-della-direzione-nazionale-del-pd-fragomeni\/\"},\"author\":{\"name\":\"Sebastiano Plutino\",\"@id\":\"https:\/\/progettotouring.it\/radiotouring104\/#\/schema\/person\/78613917f1851f041f7483f5af1d422e\"},\"headline\":\"Petizione Sunia-Cgil in difesa del diritto alla casa, firma il Sindaco di Siderno e componente della direzione nazionale del PD, Fragomeni\",\"datePublished\":\"2024-02-14T11:29:00+00:00\",\"mainEntityOfPage\":{\"@id\":\"https:\/\/progettotouring.it\/radiotouring104\/2024\/02\/14\/petizione-sunia-cgil-in-difesa-del-diritto-alla-casa-firma-il-sindaco-di-siderno-e-componente-della-direzione-nazionale-del-pd-fragomeni\/\"},\"wordCount\":702,\"publisher\":{\"@id\":\"https:\/\/progettotouring.it\/radiotouring104\/#organization\"},\"image\":{\"@id\":\"https:\/\/progettotouring.it\/radiotouring104\/2024\/02\/14\/petizione-sunia-cgil-in-difesa-del-diritto-alla-casa-firma-il-sindaco-di-siderno-e-componente-della-direzione-nazionale-del-pd-fragomeni\/#primaryimage\"},\"thumbnailUrl\":\"https:\/\/progettotouring.it\/radiotouring104\/wp-content\/uploads\/sites\/6\/2024\/02\/Mariateresa-Fragomeni-e-Francesco-Ali-scaled.jpg\",\"keywords\":[\"Diritto alla casa\",\"dott.ssa Maria Teresa Fragomeni\",\"Sunia-Cgil Calabria.\"],\"articleSection\":[\"Home\",\"News\",\"Reggio Calabria\"],\"inLanguage\":\"it-IT\"},{\"@type\":\"WebPage\",\"@id\":\"https:\/\/progettotouring.it\/radiotouring104\/2024\/02\/14\/petizione-sunia-cgil-in-difesa-del-diritto-alla-casa-firma-il-sindaco-di-siderno-e-componente-della-direzione-nazionale-del-pd-fragomeni\/\",\"url\":\"https:\/\/progettotouring.it\/radiotouring104\/2024\/02\/14\/petizione-sunia-cgil-in-difesa-del-diritto-alla-casa-firma-il-sindaco-di-siderno-e-componente-della-direzione-nazionale-del-pd-fragomeni\/\",\"name\":\"Diritto alla casa: svolto incontro Sindaco di Siderno - Sunia Cigl\",\"isPartOf\":{\"@id\":\"https:\/\/progettotouring.it\/radiotouring104\/#website\"},\"primaryImageOfPage\":{\"@id\":\"https:\/\/progettotouring.it\/radiotouring104\/2024\/02\/14\/petizione-sunia-cgil-in-difesa-del-diritto-alla-casa-firma-il-sindaco-di-siderno-e-componente-della-direzione-nazionale-del-pd-fragomeni\/#primaryimage\"},\"image\":{\"@id\":\"https:\/\/progettotouring.it\/radiotouring104\/2024\/02\/14\/petizione-sunia-cgil-in-difesa-del-diritto-alla-casa-firma-il-sindaco-di-siderno-e-componente-della-direzione-nazionale-del-pd-fragomeni\/#primaryimage\"},\"thumbnailUrl\":\"https:\/\/progettotouring.it\/radiotouring104\/wp-content\/uploads\/sites\/6\/2024\/02\/Mariateresa-Fragomeni-e-Francesco-Ali-scaled.jpg\",\"datePublished\":\"2024-02-14T11:29:00+00:00\",\"description\":\"Svolto incontro su questione abitativa tra Sindaco di Siderno Fragomeni e Al\u00ec, Segretario SUNIA-Cgil Calabria.\",\"breadcrumb\":{\"@id\":\"https:\/\/progettotouring.it\/radiotouring104\/2024\/02\/14\/petizione-sunia-cgil-in-difesa-del-diritto-alla-casa-firma-il-sindaco-di-siderno-e-componente-della-direzione-nazionale-del-pd-fragomeni\/#breadcrumb\"},\"inLanguage\":\"it-IT\",\"potentialAction\":[{\"@type\":\"ReadAction\",\"target\":[\"https:\/\/progettotouring.it\/radiotouring104\/2024\/02\/14\/petizione-sunia-cgil-in-difesa-del-diritto-alla-casa-firma-il-sindaco-di-siderno-e-componente-della-direzione-nazionale-del-pd-fragomeni\/\"]}]},{\"@type\":\"ImageObject\",\"inLanguage\":\"it-IT\",\"@id\":\"https:\/\/progettotouring.it\/radiotouring104\/2024\/02\/14\/petizione-sunia-cgil-in-difesa-del-diritto-alla-casa-firma-il-sindaco-di-siderno-e-componente-della-direzione-nazionale-del-pd-fragomeni\/#primaryimage\",\"url\":\"https:\/\/progettotouring.it\/radiotouring104\/wp-content\/uploads\/sites\/6\/2024\/02\/Mariateresa-Fragomeni-e-Francesco-Ali-scaled.jpg\",\"contentUrl\":\"https:\/\/progettotouring.it\/radiotouring104\/wp-content\/uploads\/sites\/6\/2024\/02\/Mariateresa-Fragomeni-e-Francesco-Ali-scaled.jpg\",\"width\":2560,\"height\":2113},{\"@type\":\"BreadcrumbList\",\"@id\":\"https:\/\/progettotouring.it\/radiotouring104\/2024\/02\/14\/petizione-sunia-cgil-in-difesa-del-diritto-alla-casa-firma-il-sindaco-di-siderno-e-componente-della-direzione-nazionale-del-pd-fragomeni\/#breadcrumb\",\"itemListElement\":[{\"@type\":\"ListItem\",\"position\":1,\"name\":\"Home\",\"item\":\"https:\/\/progettotouring.it\/radiotouring104\/\"},{\"@type\":\"ListItem\",\"position\":2,\"name\":\"Petizione Sunia-Cgil in difesa del diritto alla casa, firma il Sindaco di Siderno e componente della direzione nazionale del PD, Fragomeni\"}]},{\"@type\":\"WebSite\",\"@id\":\"https:\/\/progettotouring.it\/radiotouring104\/#website\",\"url\":\"https:\/\/progettotouring.it\/radiotouring104\/\",\"name\":\"Radio Touring 104\",\"description\":\"La prima radio Reggina\",\"publisher\":{\"@id\":\"https:\/\/progettotouring.it\/radiotouring104\/#organization\"},\"potentialAction\":[{\"@type\":\"SearchAction\",\"target\":{\"@type\":\"EntryPoint\",\"urlTemplate\":\"https:\/\/progettotouring.it\/radiotouring104\/?s={search_term_string}\"},\"query-input\":{\"@type\":\"PropertyValueSpecification\",\"valueRequired\":true,\"valueName\":\"search_term_string\"}}],\"inLanguage\":\"it-IT\"},{\"@type\":\"Organization\",\"@id\":\"https:\/\/progettotouring.it\/radiotouring104\/#organization\",\"name\":\"Radio Touring 104\",\"url\":\"https:\/\/progettotouring.it\/radiotouring104\/\",\"logo\":{\"@type\":\"ImageObject\",\"inLanguage\":\"it-IT\",\"@id\":\"https:\/\/progettotouring.it\/radiotouring104\/#\/schema\/logo\/image\/\",\"url\":\"https:\/\/progettotouring.it\/radiotouring104\/wp-content\/uploads\/sites\/6\/2022\/02\/cropped-logo-radio-touring-104.png\",\"contentUrl\":\"https:\/\/progettotouring.it\/radiotouring104\/wp-content\/uploads\/sites\/6\/2022\/02\/cropped-logo-radio-touring-104.png\",\"width\":377,\"height\":182,\"caption\":\"Radio Touring 104\"},\"image\":{\"@id\":\"https:\/\/progettotouring.it\/radiotouring104\/#\/schema\/logo\/image\/\"}},{\"@type\":\"Person\",\"@id\":\"https:\/\/progettotouring.it\/radiotouring104\/#\/schema\/person\/78613917f1851f041f7483f5af1d422e\",\"name\":\"Sebastiano Plutino\",\"image\":{\"@type\":\"ImageObject\",\"inLanguage\":\"it-IT\",\"@id\":\"https:\/\/secure.gravatar.com\/avatar\/0546ffaa9b79224faf9f2a156b67a529ae861d3287c66c1d8ccfdf909bcba78d?s=96&d=mm&r=g\",\"url\":\"https:\/\/secure.gravatar.com\/avatar\/0546ffaa9b79224faf9f2a156b67a529ae861d3287c66c1d8ccfdf909bcba78d?s=96&d=mm&r=g\",\"contentUrl\":\"https:\/\/secure.gravatar.com\/avatar\/0546ffaa9b79224faf9f2a156b67a529ae861d3287c66c1d8ccfdf909bcba78d?s=96&d=mm&r=g\",\"caption\":\"Sebastiano Plutino\"},\"url\":\"https:\/\/progettotouring.it\/radiotouring104\/author\/sebastiano\/\"}]}<\/script>\n<!-- \/ Yoast SEO plugin. -->","yoast_head_json":{"title":"Diritto alla casa: svolto incontro Sindaco di Siderno - Sunia Cigl","description":"Svolto incontro su questione abitativa tra Sindaco di Siderno Fragomeni e Al\u00ec, Segretario SUNIA-Cgil Calabria.","robots":{"index":"index","follow":"follow","max-snippet":"max-snippet:-1","max-image-preview":"max-image-preview:large","max-video-preview":"max-video-preview:-1"},"canonical":"https:\/\/progettotouring.it\/radiotouring104\/2024\/02\/14\/petizione-sunia-cgil-in-difesa-del-diritto-alla-casa-firma-il-sindaco-di-siderno-e-componente-della-direzione-nazionale-del-pd-fragomeni\/","og_locale":"it_IT","og_type":"article","og_title":"Diritto alla casa: svolto incontro Sindaco di Siderno - Sunia Cigl","og_description":"Svolto incontro su questione abitativa tra Sindaco di Siderno Fragomeni e Al\u00ec, Segretario SUNIA-Cgil Calabria.","og_url":"https:\/\/progettotouring.it\/radiotouring104\/2024\/02\/14\/petizione-sunia-cgil-in-difesa-del-diritto-alla-casa-firma-il-sindaco-di-siderno-e-componente-della-direzione-nazionale-del-pd-fragomeni\/","og_site_name":"Radio Touring 104","article_published_time":"2024-02-14T11:29:00+00:00","og_image":[{"width":2560,"height":2113,"url":"https:\/\/progettotouring.it\/radiotouring104\/wp-content\/uploads\/sites\/6\/2024\/02\/Mariateresa-Fragomeni-e-Francesco-Ali-scaled.jpg","type":"image\/jpeg"}],"author":"Sebastiano Plutino","twitter_card":"summary_large_image","twitter_misc":{"Scritto da":"Sebastiano Plutino","Tempo di lettura stimato":"3 minuti"},"schema":{"@context":"https:\/\/schema.org","@graph":[{"@type":"Article","@id":"https:\/\/progettotouring.it\/radiotouring104\/2024\/02\/14\/petizione-sunia-cgil-in-difesa-del-diritto-alla-casa-firma-il-sindaco-di-siderno-e-componente-della-direzione-nazionale-del-pd-fragomeni\/#article","isPartOf":{"@id":"https:\/\/progettotouring.it\/radiotouring104\/2024\/02\/14\/petizione-sunia-cgil-in-difesa-del-diritto-alla-casa-firma-il-sindaco-di-siderno-e-componente-della-direzione-nazionale-del-pd-fragomeni\/"},"author":{"name":"Sebastiano Plutino","@id":"https:\/\/progettotouring.it\/radiotouring104\/#\/schema\/person\/78613917f1851f041f7483f5af1d422e"},"headline":"Petizione Sunia-Cgil in difesa del diritto alla casa, firma il Sindaco di Siderno e componente della direzione nazionale del PD, Fragomeni","datePublished":"2024-02-14T11:29:00+00:00","mainEntityOfPage":{"@id":"https:\/\/progettotouring.it\/radiotouring104\/2024\/02\/14\/petizione-sunia-cgil-in-difesa-del-diritto-alla-casa-firma-il-sindaco-di-siderno-e-componente-della-direzione-nazionale-del-pd-fragomeni\/"},"wordCount":702,"publisher":{"@id":"https:\/\/progettotouring.it\/radiotouring104\/#organization"},"image":{"@id":"https:\/\/progettotouring.it\/radiotouring104\/2024\/02\/14\/petizione-sunia-cgil-in-difesa-del-diritto-alla-casa-firma-il-sindaco-di-siderno-e-componente-della-direzione-nazionale-del-pd-fragomeni\/#primaryimage"},"thumbnailUrl":"https:\/\/progettotouring.it\/radiotouring104\/wp-content\/uploads\/sites\/6\/2024\/02\/Mariateresa-Fragomeni-e-Francesco-Ali-scaled.jpg","keywords":["Diritto alla casa","dott.ssa Maria Teresa Fragomeni","Sunia-Cgil Calabria."],"articleSection":["Home","News","Reggio Calabria"],"inLanguage":"it-IT"},{"@type":"WebPage","@id":"https:\/\/progettotouring.it\/radiotouring104\/2024\/02\/14\/petizione-sunia-cgil-in-difesa-del-diritto-alla-casa-firma-il-sindaco-di-siderno-e-componente-della-direzione-nazionale-del-pd-fragomeni\/","url":"https:\/\/progettotouring.it\/radiotouring104\/2024\/02\/14\/petizione-sunia-cgil-in-difesa-del-diritto-alla-casa-firma-il-sindaco-di-siderno-e-componente-della-direzione-nazionale-del-pd-fragomeni\/","name":"Diritto alla casa: svolto incontro Sindaco di Siderno - Sunia Cigl","isPartOf":{"@id":"https:\/\/progettotouring.it\/radiotouring104\/#website"},"primaryImageOfPage":{"@id":"https:\/\/progettotouring.it\/radiotouring104\/2024\/02\/14\/petizione-sunia-cgil-in-difesa-del-diritto-alla-casa-firma-il-sindaco-di-siderno-e-componente-della-direzione-nazionale-del-pd-fragomeni\/#primaryimage"},"image":{"@id":"https:\/\/progettotouring.it\/radiotouring104\/2024\/02\/14\/petizione-sunia-cgil-in-difesa-del-diritto-alla-casa-firma-il-sindaco-di-siderno-e-componente-della-direzione-nazionale-del-pd-fragomeni\/#primaryimage"},"thumbnailUrl":"https:\/\/progettotouring.it\/radiotouring104\/wp-content\/uploads\/sites\/6\/2024\/02\/Mariateresa-Fragomeni-e-Francesco-Ali-scaled.jpg","datePublished":"2024-02-14T11:29:00+00:00","description":"Svolto incontro su questione abitativa tra Sindaco di Siderno Fragomeni e Al\u00ec, Segretario SUNIA-Cgil Calabria.","breadcrumb":{"@id":"https:\/\/progettotouring.it\/radiotouring104\/2024\/02\/14\/petizione-sunia-cgil-in-difesa-del-diritto-alla-casa-firma-il-sindaco-di-siderno-e-componente-della-direzione-nazionale-del-pd-fragomeni\/#breadcrumb"},"inLanguage":"it-IT","potentialAction":[{"@type":"ReadAction","target":["https:\/\/progettotouring.it\/radiotouring104\/2024\/02\/14\/petizione-sunia-cgil-in-difesa-del-diritto-alla-casa-firma-il-sindaco-di-siderno-e-componente-della-direzione-nazionale-del-pd-fragomeni\/"]}]},{"@type":"ImageObject","inLanguage":"it-IT","@id":"https:\/\/progettotouring.it\/radiotouring104\/2024\/02\/14\/petizione-sunia-cgil-in-difesa-del-diritto-alla-casa-firma-il-sindaco-di-siderno-e-componente-della-direzione-nazionale-del-pd-fragomeni\/#primaryimage","url":"https:\/\/progettotouring.it\/radiotouring104\/wp-content\/uploads\/sites\/6\/2024\/02\/Mariateresa-Fragomeni-e-Francesco-Ali-scaled.jpg","contentUrl":"https:\/\/progettotouring.it\/radiotouring104\/wp-content\/uploads\/sites\/6\/2024\/02\/Mariateresa-Fragomeni-e-Francesco-Ali-scaled.jpg","width":2560,"height":2113},{"@type":"BreadcrumbList","@id":"https:\/\/progettotouring.it\/radiotouring104\/2024\/02\/14\/petizione-sunia-cgil-in-difesa-del-diritto-alla-casa-firma-il-sindaco-di-siderno-e-componente-della-direzione-nazionale-del-pd-fragomeni\/#breadcrumb","itemListElement":[{"@type":"ListItem","position":1,"name":"Home","item":"https:\/\/progettotouring.it\/radiotouring104\/"},{"@type":"ListItem","position":2,"name":"Petizione Sunia-Cgil in difesa del diritto alla casa, firma il Sindaco di Siderno e componente della direzione nazionale del PD, Fragomeni"}]},{"@type":"WebSite","@id":"https:\/\/progettotouring.it\/radiotouring104\/#website","url":"https:\/\/progettotouring.it\/radiotouring104\/","name":"Radio Touring 104","description":"La prima radio Reggina","publisher":{"@id":"https:\/\/progettotouring.it\/radiotouring104\/#organization"},"potentialAction":[{"@type":"SearchAction","target":{"@type":"EntryPoint","urlTemplate":"https:\/\/progettotouring.it\/radiotouring104\/?s={search_term_string}"},"query-input":{"@type":"PropertyValueSpecification","valueRequired":true,"valueName":"search_term_string"}}],"inLanguage":"it-IT"},{"@type":"Organization","@id":"https:\/\/progettotouring.it\/radiotouring104\/#organization","name":"Radio Touring 104","url":"https:\/\/progettotouring.it\/radiotouring104\/","logo":{"@type":"ImageObject","inLanguage":"it-IT","@id":"https:\/\/progettotouring.it\/radiotouring104\/#\/schema\/logo\/image\/","url":"https:\/\/progettotouring.it\/radiotouring104\/wp-content\/uploads\/sites\/6\/2022\/02\/cropped-logo-radio-touring-104.png","contentUrl":"https:\/\/progettotouring.it\/radiotouring104\/wp-content\/uploads\/sites\/6\/2022\/02\/cropped-logo-radio-touring-104.png","width":377,"height":182,"caption":"Radio Touring 104"},"image":{"@id":"https:\/\/progettotouring.it\/radiotouring104\/#\/schema\/logo\/image\/"}},{"@type":"Person","@id":"https:\/\/progettotouring.it\/radiotouring104\/#\/schema\/person\/78613917f1851f041f7483f5af1d422e","name":"Sebastiano Plutino","image":{"@type":"ImageObject","inLanguage":"it-IT","@id":"https:\/\/secure.gravatar.com\/avatar\/0546ffaa9b79224faf9f2a156b67a529ae861d3287c66c1d8ccfdf909bcba78d?s=96&d=mm&r=g","url":"https:\/\/secure.gravatar.com\/avatar\/0546ffaa9b79224faf9f2a156b67a529ae861d3287c66c1d8ccfdf909bcba78d?s=96&d=mm&r=g","contentUrl":"https:\/\/secure.gravatar.com\/avatar\/0546ffaa9b79224faf9f2a156b67a529ae861d3287c66c1d8ccfdf909bcba78d?s=96&d=mm&r=g","caption":"Sebastiano Plutino"},"url":"https:\/\/progettotouring.it\/radiotouring104\/author\/sebastiano\/"}]}},"jetpack_publicize_connections":[],"jetpack_featured_media_url":"https:\/\/progettotouring.it\/radiotouring104\/wp-content\/uploads\/sites\/6\/2024\/02\/Mariateresa-Fragomeni-e-Francesco-Ali-scaled.jpg","jetpack_sharing_enabled":true,"_links":{"self":[{"href":"https:\/\/progettotouring.it\/radiotouring104\/wp-json\/wp\/v2\/posts\/44651","targetHints":{"allow":["GET"]}}],"collection":[{"href":"https:\/\/progettotouring.it\/radiotouring104\/wp-json\/wp\/v2\/posts"}],"about":[{"href":"https:\/\/progettotouring.it\/radiotouring104\/wp-json\/wp\/v2\/types\/post"}],"author":[{"embeddable":true,"href":"https:\/\/progettotouring.it\/radiotouring104\/wp-json\/wp\/v2\/users\/12"}],"replies":[{"embeddable":true,"href":"https:\/\/progettotouring.it\/radiotouring104\/wp-json\/wp\/v2\/comments?post=44651"}],"version-history":[{"count":1,"href":"https:\/\/progettotouring.it\/radiotouring104\/wp-json\/wp\/v2\/posts\/44651\/revisions"}],"predecessor-version":[{"id":44656,"href":"https:\/\/progettotouring.it\/radiotouring104\/wp-json\/wp\/v2\/posts\/44651\/revisions\/44656"}],"wp:featuredmedia":[{"embeddable":true,"href":"https:\/\/progettotouring.it\/radiotouring104\/wp-json\/wp\/v2\/media\/44655"}],"wp:attachment":[{"href":"https:\/\/progettotouring.it\/radiotouring104\/wp-json\/wp\/v2\/media?parent=44651"}],"wp:term":[{"taxonomy":"category","embeddable":true,"href":"https:\/\/progettotouring.it\/radiotouring104\/wp-json\/wp\/v2\/categories?post=44651"},{"taxonomy":"post_tag","embeddable":true,"href":"https:\/\/progettotouring.it\/radiotouring104\/wp-json\/wp\/v2\/tags?post=44651"}],"curies":[{"name":"wp","href":"https:\/\/api.w.org\/{rel}","templated":true}]}}