{"id":44663,"date":"2024-02-14T13:04:08","date_gmt":"2024-02-14T12:04:08","guid":{"rendered":"https:\/\/progettotouring.it\/radiotouring104\/?p=44663"},"modified":"2024-02-14T13:04:08","modified_gmt":"2024-02-14T12:04:08","slug":"reggio-sindaco-falcomata-ha-ricevuto-lambasciatrice-svizzera-schmutz-kirgoz","status":"publish","type":"post","link":"https:\/\/progettotouring.it\/radiotouring104\/2024\/02\/14\/reggio-sindaco-falcomata-ha-ricevuto-lambasciatrice-svizzera-schmutz-kirgoz\/","title":{"rendered":"Reggio: Sindaco Falcomat\u00e0 ha ricevuto l\u2019ambasciatrice svizzera Schmutz Kirg\u00f6z"},"content":{"rendered":"<div style=\"text-align: justify\"><strong>Il sindaco<\/strong> della Citt\u00e0 Metropolitana di Reggio Calabria,<strong> Giuseppe Falcomat\u00e0<\/strong>, <strong>ha ricevuto a Palazzo Alvaro l\u2019ambasciatrice svizzera in Italia, Monika Schmutz Kirg\u00f6z, in visita istituzionale nel territorio calabrese.<\/strong><\/p>\n<p><strong>L\u2019incontro<\/strong> si \u00e8 svolto nel salone di rappresentanza della Citt\u00e0 Metropolitana \u201cMonsignor Ferro\u201d e<strong> ha riguardato diversi argomenti dalle risorse peculiari del territorio a temi politici<\/strong> come quelli riguardanti <strong>l\u2019autonomia differenziata.<\/strong><\/div>\n<div style=\"text-align: justify\">\nIl sindaco Falcomat\u00e0 ha rimarcato gli investimenti nella citt\u00e0 dello Stretto di multinazionali sul territorio e le loro positive ricadute sul piano occupazionale. Nel corso dell&#8217;incontro il primo cittadino ha illustrato poi le ricchezza uniche che caratterizzano il territorio relative all\u2019agroalimentare e alla produzione vinicola, cresciute in maniera esponenziale e valorizzate nelle fiere nazionali e internazionali a cui ha partecipato la Citt\u00e0 Metropolitana.<\/p>\n<p><em>\u00abIn questo contesto <strong>\u2013<\/strong><\/em><strong> ha precisato il primo cittadino \u2013<\/strong><em> il ruolo essenziale \u00e8 svolto dal bergamotto di Reggio Calabria, un agrume unico al mondo per il quale si sta lavorando affinch\u00e8 ne sia riconosciuta la provenienza esclusiva, legandola alle peculiarit\u00e0 del territorio\u00bb.<\/em><\/p>\n<p><strong>Tra gli argomenti affrontati anche la promozione in ambito internazionale dei Bronzi di Riace<\/strong>,<strong>\u00a0\u00abtratto identitario del territorio reggino e calabrese, che si afferma sempre pi\u00f9 come una delle eccellenze storico artistiche del patrimonio italiano pi\u00f9 conosciuto ed apprezzato, ben oltre i confini nazionali\u00bb.<\/strong><\/div>\n<div style=\"text-align: justify\">\nL\u2019ambasciatrice elvetica si \u00e8 detta piacevolmente colpita dalla bellezza della Citt\u00e0 dello Stretto e dall\u2019energia positiva e dalla voglia di fare dell\u2019Amministrazione locale.<\/div>\n","protected":false},"excerpt":{"rendered":"<p>Il sindaco della Citt\u00e0 Metropolitana di Reggio Calabria, Giuseppe Falcomat\u00e0, ha ricevuto a Palazzo Alvaro l\u2019ambasciatrice svizzera in Italia, Monika Schmutz Kirg\u00f6z, in visita istituzionale nel territorio calabrese. L\u2019incontro si&hellip;<\/p>\n","protected":false},"author":12,"featured_media":44664,"comment_status":"closed","ping_status":"open","sticky":false,"template":"","format":"standard","meta":{"_jetpack_memberships_contains_paid_content":false,"footnotes":"","jetpack_publicize_message":"","jetpack_publicize_feature_enabled":true,"jetpack_social_post_already_shared":false,"jetpack_social_options":{"image_generator_settings":{"template":"highway","default_image_id":0,"font":"","enabled":false},"version":2}},"categories":[921,196,140],"tags":[],"class_list":["post-44663","post","type-post","status-publish","format-standard","has-post-thumbnail","hentry","category-home","category-news","category-reggio-calabria"],"yoast_head":"<!-- This site is optimized with the Yoast SEO plugin v27.2 - https:\/\/yoast.com\/product\/yoast-seo-wordpress\/ -->\n<title>Falcomat\u00e0 ha ricevuto l\u2019ambasciatrice svizzera Schmutz Kirg\u00f6z<\/title>\n<meta name=\"description\" content=\"L\u2019incontro ha riguardato diversi argomenti dalle risorse peculiari del territorio a temi politici come quelli riguardanti l\u2019autonomia\" \/>\n<meta name=\"robots\" content=\"index, follow, max-snippet:-1, max-image-preview:large, max-video-preview:-1\" \/>\n<link rel=\"canonical\" href=\"https:\/\/progettotouring.it\/radiotouring104\/2024\/02\/14\/reggio-sindaco-falcomata-ha-ricevuto-lambasciatrice-svizzera-schmutz-kirgoz\/\" \/>\n<meta property=\"og:locale\" content=\"it_IT\" \/>\n<meta property=\"og:type\" content=\"article\" \/>\n<meta property=\"og:title\" content=\"Falcomat\u00e0 ha ricevuto l\u2019ambasciatrice svizzera Schmutz Kirg\u00f6z\" \/>\n<meta property=\"og:description\" content=\"L\u2019incontro ha riguardato diversi argomenti dalle risorse peculiari del territorio a temi politici come quelli riguardanti l\u2019autonomia\" \/>\n<meta property=\"og:url\" content=\"https:\/\/progettotouring.it\/radiotouring104\/2024\/02\/14\/reggio-sindaco-falcomata-ha-ricevuto-lambasciatrice-svizzera-schmutz-kirgoz\/\" \/>\n<meta property=\"og:site_name\" content=\"Radio Touring 104\" \/>\n<meta property=\"article:published_time\" content=\"2024-02-14T12:04:08+00:00\" \/>\n<meta property=\"og:image\" content=\"https:\/\/progettotouring.it\/radiotouring104\/wp-content\/uploads\/sites\/6\/2024\/02\/ambasciatrice-svizzera-Falcomata.jpeg\" \/>\n\t<meta property=\"og:image:width\" content=\"1599\" \/>\n\t<meta property=\"og:image:height\" content=\"899\" \/>\n\t<meta property=\"og:image:type\" content=\"image\/jpeg\" \/>\n<meta name=\"author\" content=\"Sebastiano Plutino\" \/>\n<meta name=\"twitter:card\" content=\"summary_large_image\" \/>\n<meta name=\"twitter:label1\" content=\"Scritto da\" \/>\n\t<meta name=\"twitter:data1\" content=\"Sebastiano Plutino\" \/>\n\t<meta name=\"twitter:label2\" content=\"Tempo di lettura stimato\" \/>\n\t<meta name=\"twitter:data2\" content=\"1 minuto\" \/>\n<script type=\"application\/ld+json\" class=\"yoast-schema-graph\">{\"@context\":\"https:\/\/schema.org\",\"@graph\":[{\"@type\":\"Article\",\"@id\":\"https:\/\/progettotouring.it\/radiotouring104\/2024\/02\/14\/reggio-sindaco-falcomata-ha-ricevuto-lambasciatrice-svizzera-schmutz-kirgoz\/#article\",\"isPartOf\":{\"@id\":\"https:\/\/progettotouring.it\/radiotouring104\/2024\/02\/14\/reggio-sindaco-falcomata-ha-ricevuto-lambasciatrice-svizzera-schmutz-kirgoz\/\"},\"author\":{\"name\":\"Sebastiano Plutino\",\"@id\":\"https:\/\/progettotouring.it\/radiotouring104\/#\/schema\/person\/78613917f1851f041f7483f5af1d422e\"},\"headline\":\"Reggio: Sindaco Falcomat\u00e0 ha ricevuto l\u2019ambasciatrice svizzera Schmutz Kirg\u00f6z\",\"datePublished\":\"2024-02-14T12:04:08+00:00\",\"mainEntityOfPage\":{\"@id\":\"https:\/\/progettotouring.it\/radiotouring104\/2024\/02\/14\/reggio-sindaco-falcomata-ha-ricevuto-lambasciatrice-svizzera-schmutz-kirgoz\/\"},\"wordCount\":246,\"publisher\":{\"@id\":\"https:\/\/progettotouring.it\/radiotouring104\/#organization\"},\"image\":{\"@id\":\"https:\/\/progettotouring.it\/radiotouring104\/2024\/02\/14\/reggio-sindaco-falcomata-ha-ricevuto-lambasciatrice-svizzera-schmutz-kirgoz\/#primaryimage\"},\"thumbnailUrl\":\"https:\/\/progettotouring.it\/radiotouring104\/wp-content\/uploads\/sites\/6\/2024\/02\/ambasciatrice-svizzera-Falcomata.jpeg\",\"articleSection\":[\"Home\",\"News\",\"Reggio Calabria\"],\"inLanguage\":\"it-IT\"},{\"@type\":\"WebPage\",\"@id\":\"https:\/\/progettotouring.it\/radiotouring104\/2024\/02\/14\/reggio-sindaco-falcomata-ha-ricevuto-lambasciatrice-svizzera-schmutz-kirgoz\/\",\"url\":\"https:\/\/progettotouring.it\/radiotouring104\/2024\/02\/14\/reggio-sindaco-falcomata-ha-ricevuto-lambasciatrice-svizzera-schmutz-kirgoz\/\",\"name\":\"Falcomat\u00e0 ha ricevuto l\u2019ambasciatrice svizzera Schmutz Kirg\u00f6z\",\"isPartOf\":{\"@id\":\"https:\/\/progettotouring.it\/radiotouring104\/#website\"},\"primaryImageOfPage\":{\"@id\":\"https:\/\/progettotouring.it\/radiotouring104\/2024\/02\/14\/reggio-sindaco-falcomata-ha-ricevuto-lambasciatrice-svizzera-schmutz-kirgoz\/#primaryimage\"},\"image\":{\"@id\":\"https:\/\/progettotouring.it\/radiotouring104\/2024\/02\/14\/reggio-sindaco-falcomata-ha-ricevuto-lambasciatrice-svizzera-schmutz-kirgoz\/#primaryimage\"},\"thumbnailUrl\":\"https:\/\/progettotouring.it\/radiotouring104\/wp-content\/uploads\/sites\/6\/2024\/02\/ambasciatrice-svizzera-Falcomata.jpeg\",\"datePublished\":\"2024-02-14T12:04:08+00:00\",\"description\":\"L\u2019incontro ha riguardato diversi argomenti dalle risorse peculiari del territorio a temi politici come quelli riguardanti l\u2019autonomia\",\"breadcrumb\":{\"@id\":\"https:\/\/progettotouring.it\/radiotouring104\/2024\/02\/14\/reggio-sindaco-falcomata-ha-ricevuto-lambasciatrice-svizzera-schmutz-kirgoz\/#breadcrumb\"},\"inLanguage\":\"it-IT\",\"potentialAction\":[{\"@type\":\"ReadAction\",\"target\":[\"https:\/\/progettotouring.it\/radiotouring104\/2024\/02\/14\/reggio-sindaco-falcomata-ha-ricevuto-lambasciatrice-svizzera-schmutz-kirgoz\/\"]}]},{\"@type\":\"ImageObject\",\"inLanguage\":\"it-IT\",\"@id\":\"https:\/\/progettotouring.it\/radiotouring104\/2024\/02\/14\/reggio-sindaco-falcomata-ha-ricevuto-lambasciatrice-svizzera-schmutz-kirgoz\/#primaryimage\",\"url\":\"https:\/\/progettotouring.it\/radiotouring104\/wp-content\/uploads\/sites\/6\/2024\/02\/ambasciatrice-svizzera-Falcomata.jpeg\",\"contentUrl\":\"https:\/\/progettotouring.it\/radiotouring104\/wp-content\/uploads\/sites\/6\/2024\/02\/ambasciatrice-svizzera-Falcomata.jpeg\",\"width\":1599,\"height\":899},{\"@type\":\"BreadcrumbList\",\"@id\":\"https:\/\/progettotouring.it\/radiotouring104\/2024\/02\/14\/reggio-sindaco-falcomata-ha-ricevuto-lambasciatrice-svizzera-schmutz-kirgoz\/#breadcrumb\",\"itemListElement\":[{\"@type\":\"ListItem\",\"position\":1,\"name\":\"Home\",\"item\":\"https:\/\/progettotouring.it\/radiotouring104\/\"},{\"@type\":\"ListItem\",\"position\":2,\"name\":\"Reggio: Sindaco Falcomat\u00e0 ha ricevuto l\u2019ambasciatrice svizzera Schmutz Kirg\u00f6z\"}]},{\"@type\":\"WebSite\",\"@id\":\"https:\/\/progettotouring.it\/radiotouring104\/#website\",\"url\":\"https:\/\/progettotouring.it\/radiotouring104\/\",\"name\":\"Radio Touring 104\",\"description\":\"La prima radio Reggina\",\"publisher\":{\"@id\":\"https:\/\/progettotouring.it\/radiotouring104\/#organization\"},\"potentialAction\":[{\"@type\":\"SearchAction\",\"target\":{\"@type\":\"EntryPoint\",\"urlTemplate\":\"https:\/\/progettotouring.it\/radiotouring104\/?s={search_term_string}\"},\"query-input\":{\"@type\":\"PropertyValueSpecification\",\"valueRequired\":true,\"valueName\":\"search_term_string\"}}],\"inLanguage\":\"it-IT\"},{\"@type\":\"Organization\",\"@id\":\"https:\/\/progettotouring.it\/radiotouring104\/#organization\",\"name\":\"Radio Touring 104\",\"url\":\"https:\/\/progettotouring.it\/radiotouring104\/\",\"logo\":{\"@type\":\"ImageObject\",\"inLanguage\":\"it-IT\",\"@id\":\"https:\/\/progettotouring.it\/radiotouring104\/#\/schema\/logo\/image\/\",\"url\":\"https:\/\/progettotouring.it\/radiotouring104\/wp-content\/uploads\/sites\/6\/2022\/02\/cropped-logo-radio-touring-104.png\",\"contentUrl\":\"https:\/\/progettotouring.it\/radiotouring104\/wp-content\/uploads\/sites\/6\/2022\/02\/cropped-logo-radio-touring-104.png\",\"width\":377,\"height\":182,\"caption\":\"Radio Touring 104\"},\"image\":{\"@id\":\"https:\/\/progettotouring.it\/radiotouring104\/#\/schema\/logo\/image\/\"}},{\"@type\":\"Person\",\"@id\":\"https:\/\/progettotouring.it\/radiotouring104\/#\/schema\/person\/78613917f1851f041f7483f5af1d422e\",\"name\":\"Sebastiano Plutino\",\"image\":{\"@type\":\"ImageObject\",\"inLanguage\":\"it-IT\",\"@id\":\"https:\/\/secure.gravatar.com\/avatar\/0546ffaa9b79224faf9f2a156b67a529ae861d3287c66c1d8ccfdf909bcba78d?s=96&d=mm&r=g\",\"url\":\"https:\/\/secure.gravatar.com\/avatar\/0546ffaa9b79224faf9f2a156b67a529ae861d3287c66c1d8ccfdf909bcba78d?s=96&d=mm&r=g\",\"contentUrl\":\"https:\/\/secure.gravatar.com\/avatar\/0546ffaa9b79224faf9f2a156b67a529ae861d3287c66c1d8ccfdf909bcba78d?s=96&d=mm&r=g\",\"caption\":\"Sebastiano Plutino\"},\"url\":\"https:\/\/progettotouring.it\/radiotouring104\/author\/sebastiano\/\"}]}<\/script>\n<!-- \/ Yoast SEO plugin. -->","yoast_head_json":{"title":"Falcomat\u00e0 ha ricevuto l\u2019ambasciatrice svizzera Schmutz Kirg\u00f6z","description":"L\u2019incontro ha riguardato diversi argomenti dalle risorse peculiari del territorio a temi politici come quelli riguardanti l\u2019autonomia","robots":{"index":"index","follow":"follow","max-snippet":"max-snippet:-1","max-image-preview":"max-image-preview:large","max-video-preview":"max-video-preview:-1"},"canonical":"https:\/\/progettotouring.it\/radiotouring104\/2024\/02\/14\/reggio-sindaco-falcomata-ha-ricevuto-lambasciatrice-svizzera-schmutz-kirgoz\/","og_locale":"it_IT","og_type":"article","og_title":"Falcomat\u00e0 ha ricevuto l\u2019ambasciatrice svizzera Schmutz Kirg\u00f6z","og_description":"L\u2019incontro ha riguardato diversi argomenti dalle risorse peculiari del territorio a temi politici come quelli riguardanti l\u2019autonomia","og_url":"https:\/\/progettotouring.it\/radiotouring104\/2024\/02\/14\/reggio-sindaco-falcomata-ha-ricevuto-lambasciatrice-svizzera-schmutz-kirgoz\/","og_site_name":"Radio Touring 104","article_published_time":"2024-02-14T12:04:08+00:00","og_image":[{"width":1599,"height":899,"url":"https:\/\/progettotouring.it\/radiotouring104\/wp-content\/uploads\/sites\/6\/2024\/02\/ambasciatrice-svizzera-Falcomata.jpeg","type":"image\/jpeg"}],"author":"Sebastiano Plutino","twitter_card":"summary_large_image","twitter_misc":{"Scritto da":"Sebastiano Plutino","Tempo di lettura stimato":"1 minuto"},"schema":{"@context":"https:\/\/schema.org","@graph":[{"@type":"Article","@id":"https:\/\/progettotouring.it\/radiotouring104\/2024\/02\/14\/reggio-sindaco-falcomata-ha-ricevuto-lambasciatrice-svizzera-schmutz-kirgoz\/#article","isPartOf":{"@id":"https:\/\/progettotouring.it\/radiotouring104\/2024\/02\/14\/reggio-sindaco-falcomata-ha-ricevuto-lambasciatrice-svizzera-schmutz-kirgoz\/"},"author":{"name":"Sebastiano Plutino","@id":"https:\/\/progettotouring.it\/radiotouring104\/#\/schema\/person\/78613917f1851f041f7483f5af1d422e"},"headline":"Reggio: Sindaco Falcomat\u00e0 ha ricevuto l\u2019ambasciatrice svizzera Schmutz Kirg\u00f6z","datePublished":"2024-02-14T12:04:08+00:00","mainEntityOfPage":{"@id":"https:\/\/progettotouring.it\/radiotouring104\/2024\/02\/14\/reggio-sindaco-falcomata-ha-ricevuto-lambasciatrice-svizzera-schmutz-kirgoz\/"},"wordCount":246,"publisher":{"@id":"https:\/\/progettotouring.it\/radiotouring104\/#organization"},"image":{"@id":"https:\/\/progettotouring.it\/radiotouring104\/2024\/02\/14\/reggio-sindaco-falcomata-ha-ricevuto-lambasciatrice-svizzera-schmutz-kirgoz\/#primaryimage"},"thumbnailUrl":"https:\/\/progettotouring.it\/radiotouring104\/wp-content\/uploads\/sites\/6\/2024\/02\/ambasciatrice-svizzera-Falcomata.jpeg","articleSection":["Home","News","Reggio Calabria"],"inLanguage":"it-IT"},{"@type":"WebPage","@id":"https:\/\/progettotouring.it\/radiotouring104\/2024\/02\/14\/reggio-sindaco-falcomata-ha-ricevuto-lambasciatrice-svizzera-schmutz-kirgoz\/","url":"https:\/\/progettotouring.it\/radiotouring104\/2024\/02\/14\/reggio-sindaco-falcomata-ha-ricevuto-lambasciatrice-svizzera-schmutz-kirgoz\/","name":"Falcomat\u00e0 ha ricevuto l\u2019ambasciatrice svizzera Schmutz Kirg\u00f6z","isPartOf":{"@id":"https:\/\/progettotouring.it\/radiotouring104\/#website"},"primaryImageOfPage":{"@id":"https:\/\/progettotouring.it\/radiotouring104\/2024\/02\/14\/reggio-sindaco-falcomata-ha-ricevuto-lambasciatrice-svizzera-schmutz-kirgoz\/#primaryimage"},"image":{"@id":"https:\/\/progettotouring.it\/radiotouring104\/2024\/02\/14\/reggio-sindaco-falcomata-ha-ricevuto-lambasciatrice-svizzera-schmutz-kirgoz\/#primaryimage"},"thumbnailUrl":"https:\/\/progettotouring.it\/radiotouring104\/wp-content\/uploads\/sites\/6\/2024\/02\/ambasciatrice-svizzera-Falcomata.jpeg","datePublished":"2024-02-14T12:04:08+00:00","description":"L\u2019incontro ha riguardato diversi argomenti dalle risorse peculiari del territorio a temi politici come quelli riguardanti l\u2019autonomia","breadcrumb":{"@id":"https:\/\/progettotouring.it\/radiotouring104\/2024\/02\/14\/reggio-sindaco-falcomata-ha-ricevuto-lambasciatrice-svizzera-schmutz-kirgoz\/#breadcrumb"},"inLanguage":"it-IT","potentialAction":[{"@type":"ReadAction","target":["https:\/\/progettotouring.it\/radiotouring104\/2024\/02\/14\/reggio-sindaco-falcomata-ha-ricevuto-lambasciatrice-svizzera-schmutz-kirgoz\/"]}]},{"@type":"ImageObject","inLanguage":"it-IT","@id":"https:\/\/progettotouring.it\/radiotouring104\/2024\/02\/14\/reggio-sindaco-falcomata-ha-ricevuto-lambasciatrice-svizzera-schmutz-kirgoz\/#primaryimage","url":"https:\/\/progettotouring.it\/radiotouring104\/wp-content\/uploads\/sites\/6\/2024\/02\/ambasciatrice-svizzera-Falcomata.jpeg","contentUrl":"https:\/\/progettotouring.it\/radiotouring104\/wp-content\/uploads\/sites\/6\/2024\/02\/ambasciatrice-svizzera-Falcomata.jpeg","width":1599,"height":899},{"@type":"BreadcrumbList","@id":"https:\/\/progettotouring.it\/radiotouring104\/2024\/02\/14\/reggio-sindaco-falcomata-ha-ricevuto-lambasciatrice-svizzera-schmutz-kirgoz\/#breadcrumb","itemListElement":[{"@type":"ListItem","position":1,"name":"Home","item":"https:\/\/progettotouring.it\/radiotouring104\/"},{"@type":"ListItem","position":2,"name":"Reggio: Sindaco Falcomat\u00e0 ha ricevuto l\u2019ambasciatrice svizzera Schmutz Kirg\u00f6z"}]},{"@type":"WebSite","@id":"https:\/\/progettotouring.it\/radiotouring104\/#website","url":"https:\/\/progettotouring.it\/radiotouring104\/","name":"Radio Touring 104","description":"La prima radio Reggina","publisher":{"@id":"https:\/\/progettotouring.it\/radiotouring104\/#organization"},"potentialAction":[{"@type":"SearchAction","target":{"@type":"EntryPoint","urlTemplate":"https:\/\/progettotouring.it\/radiotouring104\/?s={search_term_string}"},"query-input":{"@type":"PropertyValueSpecification","valueRequired":true,"valueName":"search_term_string"}}],"inLanguage":"it-IT"},{"@type":"Organization","@id":"https:\/\/progettotouring.it\/radiotouring104\/#organization","name":"Radio Touring 104","url":"https:\/\/progettotouring.it\/radiotouring104\/","logo":{"@type":"ImageObject","inLanguage":"it-IT","@id":"https:\/\/progettotouring.it\/radiotouring104\/#\/schema\/logo\/image\/","url":"https:\/\/progettotouring.it\/radiotouring104\/wp-content\/uploads\/sites\/6\/2022\/02\/cropped-logo-radio-touring-104.png","contentUrl":"https:\/\/progettotouring.it\/radiotouring104\/wp-content\/uploads\/sites\/6\/2022\/02\/cropped-logo-radio-touring-104.png","width":377,"height":182,"caption":"Radio Touring 104"},"image":{"@id":"https:\/\/progettotouring.it\/radiotouring104\/#\/schema\/logo\/image\/"}},{"@type":"Person","@id":"https:\/\/progettotouring.it\/radiotouring104\/#\/schema\/person\/78613917f1851f041f7483f5af1d422e","name":"Sebastiano Plutino","image":{"@type":"ImageObject","inLanguage":"it-IT","@id":"https:\/\/secure.gravatar.com\/avatar\/0546ffaa9b79224faf9f2a156b67a529ae861d3287c66c1d8ccfdf909bcba78d?s=96&d=mm&r=g","url":"https:\/\/secure.gravatar.com\/avatar\/0546ffaa9b79224faf9f2a156b67a529ae861d3287c66c1d8ccfdf909bcba78d?s=96&d=mm&r=g","contentUrl":"https:\/\/secure.gravatar.com\/avatar\/0546ffaa9b79224faf9f2a156b67a529ae861d3287c66c1d8ccfdf909bcba78d?s=96&d=mm&r=g","caption":"Sebastiano Plutino"},"url":"https:\/\/progettotouring.it\/radiotouring104\/author\/sebastiano\/"}]}},"jetpack_publicize_connections":[],"jetpack_featured_media_url":"https:\/\/progettotouring.it\/radiotouring104\/wp-content\/uploads\/sites\/6\/2024\/02\/ambasciatrice-svizzera-Falcomata.jpeg","jetpack_sharing_enabled":true,"_links":{"self":[{"href":"https:\/\/progettotouring.it\/radiotouring104\/wp-json\/wp\/v2\/posts\/44663","targetHints":{"allow":["GET"]}}],"collection":[{"href":"https:\/\/progettotouring.it\/radiotouring104\/wp-json\/wp\/v2\/posts"}],"about":[{"href":"https:\/\/progettotouring.it\/radiotouring104\/wp-json\/wp\/v2\/types\/post"}],"author":[{"embeddable":true,"href":"https:\/\/progettotouring.it\/radiotouring104\/wp-json\/wp\/v2\/users\/12"}],"replies":[{"embeddable":true,"href":"https:\/\/progettotouring.it\/radiotouring104\/wp-json\/wp\/v2\/comments?post=44663"}],"version-history":[{"count":1,"href":"https:\/\/progettotouring.it\/radiotouring104\/wp-json\/wp\/v2\/posts\/44663\/revisions"}],"predecessor-version":[{"id":44665,"href":"https:\/\/progettotouring.it\/radiotouring104\/wp-json\/wp\/v2\/posts\/44663\/revisions\/44665"}],"wp:featuredmedia":[{"embeddable":true,"href":"https:\/\/progettotouring.it\/radiotouring104\/wp-json\/wp\/v2\/media\/44664"}],"wp:attachment":[{"href":"https:\/\/progettotouring.it\/radiotouring104\/wp-json\/wp\/v2\/media?parent=44663"}],"wp:term":[{"taxonomy":"category","embeddable":true,"href":"https:\/\/progettotouring.it\/radiotouring104\/wp-json\/wp\/v2\/categories?post=44663"},{"taxonomy":"post_tag","embeddable":true,"href":"https:\/\/progettotouring.it\/radiotouring104\/wp-json\/wp\/v2\/tags?post=44663"}],"curies":[{"name":"wp","href":"https:\/\/api.w.org\/{rel}","templated":true}]}}