{"id":45035,"date":"2024-02-20T10:49:14","date_gmt":"2024-02-20T09:49:14","guid":{"rendered":"https:\/\/progettotouring.it\/radiotouring104\/?p=45035"},"modified":"2024-02-20T13:07:04","modified_gmt":"2024-02-20T12:07:04","slug":"regione-calabria-straordinaria-il-futuro-del-turismo","status":"publish","type":"post","link":"https:\/\/progettotouring.it\/radiotouring104\/2024\/02\/20\/regione-calabria-straordinaria-il-futuro-del-turismo\/","title":{"rendered":"Regione: \u201cCalabria Straordinaria: il Futuro del Turismo\u201d"},"content":{"rendered":"<p style=\"text-align: justify\"><em>\u201cCalabria Straordinaria: il Futuro del Turismo\u201d<\/em> <strong>\u00e8 il titolo dell\u2019evento organizzato dalla Regione Calabria come occasione di interazione e collaborazione tra tutti gli attori del settore turistico,<\/strong> fondamentale pilastro dello sviluppo economico e culturale del territorio.<br \/>\n<strong>Una giornata<\/strong> alla Cittadella regionale durante la quale <strong>operatori del territorio<\/strong>, <strong>player nazionali e internazionali si sono confrontati in sei tavoli tematici su diversi argomenti cruciali per lo sviluppo del turismo<\/strong> quali infrastrutture, accoglienza, enogastronomia, patrimonio culturale, borghi, eventi, e le bellezze del mare, della montagna e delle aree interne.<br \/>\nAll\u2019iniziativa sono intervenuti i dirigenti generali dei Dipartimenti regionali che <strong>hanno esposto i risultati dei lavori di ciascun tavolo pensati per favorire un dialogo costruttivo tra gli operatori<\/strong> e per stimolare l&#8217;ideazione di nuove iniziative e soluzioni.<br \/>\n<strong>A seguire tre panel con:<\/strong> Mauro Bolla, Country manager Italia Ryanair e Alberto Yates, Director South EMEA Booking.com; Agostino Sacc\u00e0, Ad Pepito produzioni, e Massimiliano Zane, progettista culturale e consulente Ministero della cultura; gli imprenditori calabresi Giuseppina Amarelli, Filippo Callipo, Nuccio Caffo.<br \/>\n<strong>L\u2019iniziativa \u00e8 stata moderata dal giornalista Roberto Arditti.<\/strong><\/p>\n<p style=\"text-align: justify\">Nel concludere i lavori,<strong> il presidente della Regione Roberto Occhiuto ha parlato di<\/strong> <em>\u201cmetodo nuovo per affrontare i temi del turismo che deve riguardare tutti i dipartimenti della Regione e tutte le aree amministrative della stessa\u201d.<\/em><br \/>\n<em>\u201cPer sviluppare il turismo \u2013<\/em><strong> ha rimarcato<\/strong> <em>&#8211; \u00e8 necessario investire sulla ricettivit\u00e0, ma anche inserire le iniziative di promozione in un quadro strategico. Bisogna intervenire sulla mobilit\u00e0 per dare la possibilit\u00e0 ai turisti di spostarsi, intervenire sugli itinerari enogastronomici legandoli agli itinerari del turismo religioso\u201d.<\/em><br \/>\nOcchiuto ha messo l\u2019accento anche sulle significative risorse che la Regione ha investito in questo settore per l\u2019incremento dei flussi turistici nelle prossime stagioni.<br \/>\n<em>\u201cCredo \u2013<\/em> <strong>ha proseguito il presidente della Regione<\/strong> \u2013 <em>che per le infrastrutture, negli ultimi cinquant\u2019anni, nessun governo regionale \u00e8 riuscito ad ottenere quello che ha ottenuto questa amministrazione e cio\u00e8: 3,5 miliardi per la strada strale 106 a fronte di 1 miliardo investito in tutti questi decenni. Non bastano. Lo so. Per completare tutti i tratti servono altri 10-15 miliardi e io sono impegnato ad ottenere per la Calabria tutte le risorse possibili per lo sviluppo infrastrutturale anche se le altre Regioni si lamentano che nel contratto di programma di Anas la Calabria sia stata finanziata pi\u00f9 di tutte\u201d.<\/em><br \/>\nIl presidente Occhiuto si \u00e8 anche soffermato sulle nuove tratte aeree destinate alla Calabria e sui collegamenti tra i vari aeroporti.<br \/>\n<em>\u201cSono contento<\/em> \u2013 <strong>ha detto<\/strong> \u2013 p<em>erch\u00e9 grazie a questi voli arriveranno milioni di turisti, ma sono preoccupato perch\u00e9 immagino che questi turisti, quando arrivano negli aeroporti avranno problemi a spostarsi nelle diverse destinazioni calabresi. Su questa materia il governo ha impugnato due leggi regionali utili per affrontare questo problema. Io per\u00f2 non mi perdo d\u2019animo. Su una di queste leggi abbiamo proposto ricorso alla Corte Costituzionale e spero che ci dar\u00e0 ragione. In generale, comunque, pi\u00f9 della met\u00e0 delle risorse investite nelle infrastrutture in Italia, sono state investite in Calabria. C\u2019\u00e8 tanto da fare \u2013<\/em><strong> ha concluso Occhiuto <\/strong><em>-, ma credo che tanto \u00e8 stato fatto da questa amministrazione regionale rispetto al passato\u201d.<\/em><\/p>\n","protected":false},"excerpt":{"rendered":"<p>\u201cCalabria Straordinaria: il Futuro del Turismo\u201d \u00e8 il titolo dell\u2019evento organizzato dalla Regione Calabria come occasione di interazione e collaborazione tra tutti gli attori del settore turistico, fondamentale pilastro dello&hellip;<\/p>\n","protected":false},"author":12,"featured_media":45036,"comment_status":"closed","ping_status":"open","sticky":false,"template":"","format":"standard","meta":{"_jetpack_memberships_contains_paid_content":false,"footnotes":"","jetpack_publicize_message":"","jetpack_publicize_feature_enabled":true,"jetpack_social_post_already_shared":false,"jetpack_social_options":{"image_generator_settings":{"template":"highway","default_image_id":0,"font":"","enabled":false},"version":2}},"categories":[142,921,150,196],"tags":[27809,5375,27814,27813,18340,27810,9089,27811,219,27812,1825],"class_list":["post-45035","post","type-post","status-publish","format-standard","has-post-thumbnail","hentry","category-calabria","category-home","category-in-primo-piano","category-news","tag-calabria-straordinaria-il-futuro-del-turismo","tag-cittadella-regionale","tag-giuseppina-amarelli","tag-nuccio-caffo","tag-occhiuto-roberto","tag-operatori-del-territorio","tag-pippo-callipo","tag-player-internazionali","tag-regione-calabria","tag-roberto-arditti","tag-turismo"],"yoast_head":"<!-- This site is optimized with the Yoast SEO plugin v27.2 - https:\/\/yoast.com\/product\/yoast-seo-wordpress\/ -->\n<title>Regione: \u201cCalabria Straordinaria: il Futuro del Turismo\u201d<\/title>\n<meta name=\"description\" content=\"Svolta giornata di lavoro nella quale operatori del territorio, player nazionali ed internazionali si sono confrontati su temi sul turismo\" \/>\n<meta name=\"robots\" content=\"index, follow, max-snippet:-1, max-image-preview:large, max-video-preview:-1\" \/>\n<link rel=\"canonical\" href=\"https:\/\/progettotouring.it\/radiotouring104\/2024\/02\/20\/regione-calabria-straordinaria-il-futuro-del-turismo\/\" \/>\n<meta property=\"og:locale\" content=\"it_IT\" \/>\n<meta property=\"og:type\" content=\"article\" \/>\n<meta property=\"og:title\" content=\"Regione: \u201cCalabria Straordinaria: il Futuro del Turismo\u201d\" \/>\n<meta property=\"og:description\" content=\"Svolta giornata di lavoro nella quale operatori del territorio, player nazionali ed internazionali si sono confrontati su temi sul turismo\" \/>\n<meta property=\"og:url\" content=\"https:\/\/progettotouring.it\/radiotouring104\/2024\/02\/20\/regione-calabria-straordinaria-il-futuro-del-turismo\/\" \/>\n<meta property=\"og:site_name\" content=\"Radio Touring 104\" \/>\n<meta property=\"article:published_time\" content=\"2024-02-20T09:49:14+00:00\" \/>\n<meta property=\"article:modified_time\" content=\"2024-02-20T12:07:04+00:00\" \/>\n<meta property=\"og:image\" content=\"https:\/\/progettotouring.it\/radiotouring104\/wp-content\/uploads\/sites\/6\/2024\/02\/Futuro-Turismo-Calabria-Straordinaria-Occhiuto.jpeg\" \/>\n\t<meta property=\"og:image:width\" content=\"1600\" \/>\n\t<meta property=\"og:image:height\" content=\"1066\" \/>\n\t<meta property=\"og:image:type\" content=\"image\/jpeg\" \/>\n<meta name=\"author\" content=\"Sebastiano Plutino\" \/>\n<meta name=\"twitter:card\" content=\"summary_large_image\" \/>\n<meta name=\"twitter:label1\" content=\"Scritto da\" \/>\n\t<meta name=\"twitter:data1\" content=\"Sebastiano Plutino\" \/>\n\t<meta name=\"twitter:label2\" content=\"Tempo di lettura stimato\" \/>\n\t<meta name=\"twitter:data2\" content=\"3 minuti\" \/>\n<script type=\"application\/ld+json\" class=\"yoast-schema-graph\">{\"@context\":\"https:\/\/schema.org\",\"@graph\":[{\"@type\":\"Article\",\"@id\":\"https:\/\/progettotouring.it\/radiotouring104\/2024\/02\/20\/regione-calabria-straordinaria-il-futuro-del-turismo\/#article\",\"isPartOf\":{\"@id\":\"https:\/\/progettotouring.it\/radiotouring104\/2024\/02\/20\/regione-calabria-straordinaria-il-futuro-del-turismo\/\"},\"author\":{\"name\":\"Sebastiano Plutino\",\"@id\":\"https:\/\/progettotouring.it\/radiotouring104\/#\/schema\/person\/78613917f1851f041f7483f5af1d422e\"},\"headline\":\"Regione: \u201cCalabria Straordinaria: il Futuro del Turismo\u201d\",\"datePublished\":\"2024-02-20T09:49:14+00:00\",\"dateModified\":\"2024-02-20T12:07:04+00:00\",\"mainEntityOfPage\":{\"@id\":\"https:\/\/progettotouring.it\/radiotouring104\/2024\/02\/20\/regione-calabria-straordinaria-il-futuro-del-turismo\/\"},\"wordCount\":514,\"publisher\":{\"@id\":\"https:\/\/progettotouring.it\/radiotouring104\/#organization\"},\"image\":{\"@id\":\"https:\/\/progettotouring.it\/radiotouring104\/2024\/02\/20\/regione-calabria-straordinaria-il-futuro-del-turismo\/#primaryimage\"},\"thumbnailUrl\":\"https:\/\/progettotouring.it\/radiotouring104\/wp-content\/uploads\/sites\/6\/2024\/02\/Futuro-Turismo-Calabria-Straordinaria-Occhiuto.jpeg\",\"keywords\":[\"\u201cCalabria Straordinaria: il Futuro del Turismo\u201d\",\"Cittadella Regionale\",\"Giuseppina Amarelli\",\"Nuccio Caffo\",\"Occhiuto Roberto\",\"operatori del territorio\",\"Pippo Callipo\",\"player internazionali\",\"regione calabria\",\"Roberto Arditti.\",\"turismo\"],\"articleSection\":[\"Calabria\",\"Home\",\"In primo piano\",\"News\"],\"inLanguage\":\"it-IT\"},{\"@type\":\"WebPage\",\"@id\":\"https:\/\/progettotouring.it\/radiotouring104\/2024\/02\/20\/regione-calabria-straordinaria-il-futuro-del-turismo\/\",\"url\":\"https:\/\/progettotouring.it\/radiotouring104\/2024\/02\/20\/regione-calabria-straordinaria-il-futuro-del-turismo\/\",\"name\":\"Regione: \u201cCalabria Straordinaria: il Futuro del Turismo\u201d\",\"isPartOf\":{\"@id\":\"https:\/\/progettotouring.it\/radiotouring104\/#website\"},\"primaryImageOfPage\":{\"@id\":\"https:\/\/progettotouring.it\/radiotouring104\/2024\/02\/20\/regione-calabria-straordinaria-il-futuro-del-turismo\/#primaryimage\"},\"image\":{\"@id\":\"https:\/\/progettotouring.it\/radiotouring104\/2024\/02\/20\/regione-calabria-straordinaria-il-futuro-del-turismo\/#primaryimage\"},\"thumbnailUrl\":\"https:\/\/progettotouring.it\/radiotouring104\/wp-content\/uploads\/sites\/6\/2024\/02\/Futuro-Turismo-Calabria-Straordinaria-Occhiuto.jpeg\",\"datePublished\":\"2024-02-20T09:49:14+00:00\",\"dateModified\":\"2024-02-20T12:07:04+00:00\",\"description\":\"Svolta giornata di lavoro nella quale operatori del territorio, player nazionali ed internazionali si sono confrontati su temi sul turismo\",\"breadcrumb\":{\"@id\":\"https:\/\/progettotouring.it\/radiotouring104\/2024\/02\/20\/regione-calabria-straordinaria-il-futuro-del-turismo\/#breadcrumb\"},\"inLanguage\":\"it-IT\",\"potentialAction\":[{\"@type\":\"ReadAction\",\"target\":[\"https:\/\/progettotouring.it\/radiotouring104\/2024\/02\/20\/regione-calabria-straordinaria-il-futuro-del-turismo\/\"]}]},{\"@type\":\"ImageObject\",\"inLanguage\":\"it-IT\",\"@id\":\"https:\/\/progettotouring.it\/radiotouring104\/2024\/02\/20\/regione-calabria-straordinaria-il-futuro-del-turismo\/#primaryimage\",\"url\":\"https:\/\/progettotouring.it\/radiotouring104\/wp-content\/uploads\/sites\/6\/2024\/02\/Futuro-Turismo-Calabria-Straordinaria-Occhiuto.jpeg\",\"contentUrl\":\"https:\/\/progettotouring.it\/radiotouring104\/wp-content\/uploads\/sites\/6\/2024\/02\/Futuro-Turismo-Calabria-Straordinaria-Occhiuto.jpeg\",\"width\":1600,\"height\":1066},{\"@type\":\"BreadcrumbList\",\"@id\":\"https:\/\/progettotouring.it\/radiotouring104\/2024\/02\/20\/regione-calabria-straordinaria-il-futuro-del-turismo\/#breadcrumb\",\"itemListElement\":[{\"@type\":\"ListItem\",\"position\":1,\"name\":\"Home\",\"item\":\"https:\/\/progettotouring.it\/radiotouring104\/\"},{\"@type\":\"ListItem\",\"position\":2,\"name\":\"Regione: \u201cCalabria Straordinaria: il Futuro del Turismo\u201d\"}]},{\"@type\":\"WebSite\",\"@id\":\"https:\/\/progettotouring.it\/radiotouring104\/#website\",\"url\":\"https:\/\/progettotouring.it\/radiotouring104\/\",\"name\":\"Radio Touring 104\",\"description\":\"La prima radio Reggina\",\"publisher\":{\"@id\":\"https:\/\/progettotouring.it\/radiotouring104\/#organization\"},\"potentialAction\":[{\"@type\":\"SearchAction\",\"target\":{\"@type\":\"EntryPoint\",\"urlTemplate\":\"https:\/\/progettotouring.it\/radiotouring104\/?s={search_term_string}\"},\"query-input\":{\"@type\":\"PropertyValueSpecification\",\"valueRequired\":true,\"valueName\":\"search_term_string\"}}],\"inLanguage\":\"it-IT\"},{\"@type\":\"Organization\",\"@id\":\"https:\/\/progettotouring.it\/radiotouring104\/#organization\",\"name\":\"Radio Touring 104\",\"url\":\"https:\/\/progettotouring.it\/radiotouring104\/\",\"logo\":{\"@type\":\"ImageObject\",\"inLanguage\":\"it-IT\",\"@id\":\"https:\/\/progettotouring.it\/radiotouring104\/#\/schema\/logo\/image\/\",\"url\":\"https:\/\/progettotouring.it\/radiotouring104\/wp-content\/uploads\/sites\/6\/2022\/02\/cropped-logo-radio-touring-104.png\",\"contentUrl\":\"https:\/\/progettotouring.it\/radiotouring104\/wp-content\/uploads\/sites\/6\/2022\/02\/cropped-logo-radio-touring-104.png\",\"width\":377,\"height\":182,\"caption\":\"Radio Touring 104\"},\"image\":{\"@id\":\"https:\/\/progettotouring.it\/radiotouring104\/#\/schema\/logo\/image\/\"}},{\"@type\":\"Person\",\"@id\":\"https:\/\/progettotouring.it\/radiotouring104\/#\/schema\/person\/78613917f1851f041f7483f5af1d422e\",\"name\":\"Sebastiano Plutino\",\"image\":{\"@type\":\"ImageObject\",\"inLanguage\":\"it-IT\",\"@id\":\"https:\/\/secure.gravatar.com\/avatar\/0546ffaa9b79224faf9f2a156b67a529ae861d3287c66c1d8ccfdf909bcba78d?s=96&d=mm&r=g\",\"url\":\"https:\/\/secure.gravatar.com\/avatar\/0546ffaa9b79224faf9f2a156b67a529ae861d3287c66c1d8ccfdf909bcba78d?s=96&d=mm&r=g\",\"contentUrl\":\"https:\/\/secure.gravatar.com\/avatar\/0546ffaa9b79224faf9f2a156b67a529ae861d3287c66c1d8ccfdf909bcba78d?s=96&d=mm&r=g\",\"caption\":\"Sebastiano Plutino\"},\"url\":\"https:\/\/progettotouring.it\/radiotouring104\/author\/sebastiano\/\"}]}<\/script>\n<!-- \/ Yoast SEO plugin. -->","yoast_head_json":{"title":"Regione: \u201cCalabria Straordinaria: il Futuro del Turismo\u201d","description":"Svolta giornata di lavoro nella quale operatori del territorio, player nazionali ed internazionali si sono confrontati su temi sul turismo","robots":{"index":"index","follow":"follow","max-snippet":"max-snippet:-1","max-image-preview":"max-image-preview:large","max-video-preview":"max-video-preview:-1"},"canonical":"https:\/\/progettotouring.it\/radiotouring104\/2024\/02\/20\/regione-calabria-straordinaria-il-futuro-del-turismo\/","og_locale":"it_IT","og_type":"article","og_title":"Regione: \u201cCalabria Straordinaria: il Futuro del Turismo\u201d","og_description":"Svolta giornata di lavoro nella quale operatori del territorio, player nazionali ed internazionali si sono confrontati su temi sul turismo","og_url":"https:\/\/progettotouring.it\/radiotouring104\/2024\/02\/20\/regione-calabria-straordinaria-il-futuro-del-turismo\/","og_site_name":"Radio Touring 104","article_published_time":"2024-02-20T09:49:14+00:00","article_modified_time":"2024-02-20T12:07:04+00:00","og_image":[{"width":1600,"height":1066,"url":"https:\/\/progettotouring.it\/radiotouring104\/wp-content\/uploads\/sites\/6\/2024\/02\/Futuro-Turismo-Calabria-Straordinaria-Occhiuto.jpeg","type":"image\/jpeg"}],"author":"Sebastiano Plutino","twitter_card":"summary_large_image","twitter_misc":{"Scritto da":"Sebastiano Plutino","Tempo di lettura stimato":"3 minuti"},"schema":{"@context":"https:\/\/schema.org","@graph":[{"@type":"Article","@id":"https:\/\/progettotouring.it\/radiotouring104\/2024\/02\/20\/regione-calabria-straordinaria-il-futuro-del-turismo\/#article","isPartOf":{"@id":"https:\/\/progettotouring.it\/radiotouring104\/2024\/02\/20\/regione-calabria-straordinaria-il-futuro-del-turismo\/"},"author":{"name":"Sebastiano Plutino","@id":"https:\/\/progettotouring.it\/radiotouring104\/#\/schema\/person\/78613917f1851f041f7483f5af1d422e"},"headline":"Regione: \u201cCalabria Straordinaria: il Futuro del Turismo\u201d","datePublished":"2024-02-20T09:49:14+00:00","dateModified":"2024-02-20T12:07:04+00:00","mainEntityOfPage":{"@id":"https:\/\/progettotouring.it\/radiotouring104\/2024\/02\/20\/regione-calabria-straordinaria-il-futuro-del-turismo\/"},"wordCount":514,"publisher":{"@id":"https:\/\/progettotouring.it\/radiotouring104\/#organization"},"image":{"@id":"https:\/\/progettotouring.it\/radiotouring104\/2024\/02\/20\/regione-calabria-straordinaria-il-futuro-del-turismo\/#primaryimage"},"thumbnailUrl":"https:\/\/progettotouring.it\/radiotouring104\/wp-content\/uploads\/sites\/6\/2024\/02\/Futuro-Turismo-Calabria-Straordinaria-Occhiuto.jpeg","keywords":["\u201cCalabria Straordinaria: il Futuro del Turismo\u201d","Cittadella Regionale","Giuseppina Amarelli","Nuccio Caffo","Occhiuto Roberto","operatori del territorio","Pippo Callipo","player internazionali","regione calabria","Roberto Arditti.","turismo"],"articleSection":["Calabria","Home","In primo piano","News"],"inLanguage":"it-IT"},{"@type":"WebPage","@id":"https:\/\/progettotouring.it\/radiotouring104\/2024\/02\/20\/regione-calabria-straordinaria-il-futuro-del-turismo\/","url":"https:\/\/progettotouring.it\/radiotouring104\/2024\/02\/20\/regione-calabria-straordinaria-il-futuro-del-turismo\/","name":"Regione: \u201cCalabria Straordinaria: il Futuro del Turismo\u201d","isPartOf":{"@id":"https:\/\/progettotouring.it\/radiotouring104\/#website"},"primaryImageOfPage":{"@id":"https:\/\/progettotouring.it\/radiotouring104\/2024\/02\/20\/regione-calabria-straordinaria-il-futuro-del-turismo\/#primaryimage"},"image":{"@id":"https:\/\/progettotouring.it\/radiotouring104\/2024\/02\/20\/regione-calabria-straordinaria-il-futuro-del-turismo\/#primaryimage"},"thumbnailUrl":"https:\/\/progettotouring.it\/radiotouring104\/wp-content\/uploads\/sites\/6\/2024\/02\/Futuro-Turismo-Calabria-Straordinaria-Occhiuto.jpeg","datePublished":"2024-02-20T09:49:14+00:00","dateModified":"2024-02-20T12:07:04+00:00","description":"Svolta giornata di lavoro nella quale operatori del territorio, player nazionali ed internazionali si sono confrontati su temi sul turismo","breadcrumb":{"@id":"https:\/\/progettotouring.it\/radiotouring104\/2024\/02\/20\/regione-calabria-straordinaria-il-futuro-del-turismo\/#breadcrumb"},"inLanguage":"it-IT","potentialAction":[{"@type":"ReadAction","target":["https:\/\/progettotouring.it\/radiotouring104\/2024\/02\/20\/regione-calabria-straordinaria-il-futuro-del-turismo\/"]}]},{"@type":"ImageObject","inLanguage":"it-IT","@id":"https:\/\/progettotouring.it\/radiotouring104\/2024\/02\/20\/regione-calabria-straordinaria-il-futuro-del-turismo\/#primaryimage","url":"https:\/\/progettotouring.it\/radiotouring104\/wp-content\/uploads\/sites\/6\/2024\/02\/Futuro-Turismo-Calabria-Straordinaria-Occhiuto.jpeg","contentUrl":"https:\/\/progettotouring.it\/radiotouring104\/wp-content\/uploads\/sites\/6\/2024\/02\/Futuro-Turismo-Calabria-Straordinaria-Occhiuto.jpeg","width":1600,"height":1066},{"@type":"BreadcrumbList","@id":"https:\/\/progettotouring.it\/radiotouring104\/2024\/02\/20\/regione-calabria-straordinaria-il-futuro-del-turismo\/#breadcrumb","itemListElement":[{"@type":"ListItem","position":1,"name":"Home","item":"https:\/\/progettotouring.it\/radiotouring104\/"},{"@type":"ListItem","position":2,"name":"Regione: \u201cCalabria Straordinaria: il Futuro del Turismo\u201d"}]},{"@type":"WebSite","@id":"https:\/\/progettotouring.it\/radiotouring104\/#website","url":"https:\/\/progettotouring.it\/radiotouring104\/","name":"Radio Touring 104","description":"La prima radio Reggina","publisher":{"@id":"https:\/\/progettotouring.it\/radiotouring104\/#organization"},"potentialAction":[{"@type":"SearchAction","target":{"@type":"EntryPoint","urlTemplate":"https:\/\/progettotouring.it\/radiotouring104\/?s={search_term_string}"},"query-input":{"@type":"PropertyValueSpecification","valueRequired":true,"valueName":"search_term_string"}}],"inLanguage":"it-IT"},{"@type":"Organization","@id":"https:\/\/progettotouring.it\/radiotouring104\/#organization","name":"Radio Touring 104","url":"https:\/\/progettotouring.it\/radiotouring104\/","logo":{"@type":"ImageObject","inLanguage":"it-IT","@id":"https:\/\/progettotouring.it\/radiotouring104\/#\/schema\/logo\/image\/","url":"https:\/\/progettotouring.it\/radiotouring104\/wp-content\/uploads\/sites\/6\/2022\/02\/cropped-logo-radio-touring-104.png","contentUrl":"https:\/\/progettotouring.it\/radiotouring104\/wp-content\/uploads\/sites\/6\/2022\/02\/cropped-logo-radio-touring-104.png","width":377,"height":182,"caption":"Radio Touring 104"},"image":{"@id":"https:\/\/progettotouring.it\/radiotouring104\/#\/schema\/logo\/image\/"}},{"@type":"Person","@id":"https:\/\/progettotouring.it\/radiotouring104\/#\/schema\/person\/78613917f1851f041f7483f5af1d422e","name":"Sebastiano Plutino","image":{"@type":"ImageObject","inLanguage":"it-IT","@id":"https:\/\/secure.gravatar.com\/avatar\/0546ffaa9b79224faf9f2a156b67a529ae861d3287c66c1d8ccfdf909bcba78d?s=96&d=mm&r=g","url":"https:\/\/secure.gravatar.com\/avatar\/0546ffaa9b79224faf9f2a156b67a529ae861d3287c66c1d8ccfdf909bcba78d?s=96&d=mm&r=g","contentUrl":"https:\/\/secure.gravatar.com\/avatar\/0546ffaa9b79224faf9f2a156b67a529ae861d3287c66c1d8ccfdf909bcba78d?s=96&d=mm&r=g","caption":"Sebastiano Plutino"},"url":"https:\/\/progettotouring.it\/radiotouring104\/author\/sebastiano\/"}]}},"jetpack_publicize_connections":[],"jetpack_featured_media_url":"https:\/\/progettotouring.it\/radiotouring104\/wp-content\/uploads\/sites\/6\/2024\/02\/Futuro-Turismo-Calabria-Straordinaria-Occhiuto.jpeg","jetpack_sharing_enabled":true,"_links":{"self":[{"href":"https:\/\/progettotouring.it\/radiotouring104\/wp-json\/wp\/v2\/posts\/45035","targetHints":{"allow":["GET"]}}],"collection":[{"href":"https:\/\/progettotouring.it\/radiotouring104\/wp-json\/wp\/v2\/posts"}],"about":[{"href":"https:\/\/progettotouring.it\/radiotouring104\/wp-json\/wp\/v2\/types\/post"}],"author":[{"embeddable":true,"href":"https:\/\/progettotouring.it\/radiotouring104\/wp-json\/wp\/v2\/users\/12"}],"replies":[{"embeddable":true,"href":"https:\/\/progettotouring.it\/radiotouring104\/wp-json\/wp\/v2\/comments?post=45035"}],"version-history":[{"count":1,"href":"https:\/\/progettotouring.it\/radiotouring104\/wp-json\/wp\/v2\/posts\/45035\/revisions"}],"predecessor-version":[{"id":45037,"href":"https:\/\/progettotouring.it\/radiotouring104\/wp-json\/wp\/v2\/posts\/45035\/revisions\/45037"}],"wp:featuredmedia":[{"embeddable":true,"href":"https:\/\/progettotouring.it\/radiotouring104\/wp-json\/wp\/v2\/media\/45036"}],"wp:attachment":[{"href":"https:\/\/progettotouring.it\/radiotouring104\/wp-json\/wp\/v2\/media?parent=45035"}],"wp:term":[{"taxonomy":"category","embeddable":true,"href":"https:\/\/progettotouring.it\/radiotouring104\/wp-json\/wp\/v2\/categories?post=45035"},{"taxonomy":"post_tag","embeddable":true,"href":"https:\/\/progettotouring.it\/radiotouring104\/wp-json\/wp\/v2\/tags?post=45035"}],"curies":[{"name":"wp","href":"https:\/\/api.w.org\/{rel}","templated":true}]}}