{"id":45038,"date":"2024-02-20T10:58:27","date_gmt":"2024-02-20T09:58:27","guid":{"rendered":"https:\/\/progettotouring.it\/radiotouring104\/?p=45038"},"modified":"2024-02-20T14:20:41","modified_gmt":"2024-02-20T13:20:41","slug":"salone-del-libro-di-torino-vicepresidente-princi-incontra-gli-autori-calabresi","status":"publish","type":"post","link":"https:\/\/progettotouring.it\/radiotouring104\/2024\/02\/20\/salone-del-libro-di-torino-vicepresidente-princi-incontra-gli-autori-calabresi\/","title":{"rendered":"Salone del Libro di Torino: Vicepresidente Princi incontra gli autori calabresi"},"content":{"rendered":"<p style=\"text-align: justify\"><strong>La vicepresidente<\/strong> della Giunta regionale della Calabria con delega alla Cultura,<strong> Giusi Princi, ha incontrato gli editori Calabresi per raccogliere idee<\/strong> e proposte necessarie a gettare le basi organizzative<strong> per la partecipazione della Regione Calabria alla XXXVI edizione del Salone del Libro, in programma dal 9 al 13 maggio a Torino.<\/strong><\/p>\n<p style=\"text-align: justify\"><em>\u201cDal confronto con le tante case editrici calabresi<\/em> \u2013<strong> riferisce la vicepresidente Princi<\/strong> &#8211; <em>sono emersi degli spunti davvero interessanti per una promozione globale del ricco mondo letterario calabrese alla storica manifestazione di Torino, che non riguarder\u00e0 solo la vendita di volumi ma che sar\u00e0 caratterizzata da una serie di iniziative che ci aiuteranno a costruire un futuro migliore attraverso la letteratura, attraverso le voci dei nostri autori pi\u00f9 illustri come quelle di, per citarne solo alcuni, Saverio Strati, Franco Costabile, dei quali quest\u2019anno ricorre anche il centenario della nascita, Corrado Alvaro, Pasquino Crupi, Leonida Repaci, attraverso gli scritti dei nostri autori contemporanei e di quelli emergenti. \u00c8 stato un incontro molto partecipato dal quale sono emerse proposte e idee condivise inerenti al tema dell\u2019edizione 2024 del Salone del Libro \u2018Vita immaginaria\u2019\u201d.<\/em><br \/>\n<em>\u201cQuello a cui si sta lavorando \u2013<\/em> <strong>specifica Princi<\/strong> \u2013 <em>\u00e8 un ricco programma che vedr\u00e0 il coinvolgimento attivo di tutti i Sistemi Bibliotecari regionali, con capofila, per come stabilito nel corso dell\u2019incontro, del Sistema Bibliotecario Lametino. Inoltre, \u00e8 stato deciso di nominare l\u2019editore Franco Arcidiaco come rappresentante delle altre case editrici nella fase organizzativa della kermesse torinese. Come gi\u00e0 nello scorso anno, anche L\u2019edizione 2024 del salone si avvarr\u00e0 della presenza delle scuole calabresi e sar\u00e0, quindi, animata e arricchita dalla partecipazione dei nostri studenti per i quali sono state pensate anche sezioni mirate di confronto generazionale con scrittori, ma anche con autori del mondo dello spettacolo come quello, ad esempio, previsto con il professore-cantante Roberto Vecchioni reduce del duetto con Alfa a Sanremo\u201d.<\/em><br \/>\n<em>\u201cL\u2019immaginazione \u00e8 il sale della scrittura, \u00e8 la fonte della creativit\u00e0, il solco dove i nostri sogni si alimentano. Dall\u2019immaginazione vogliamo partire per costruire un mondo reale dove i libri siano protagonisti. E la presenza Regione Calabria al Salone del Libro<\/em> \u2013 <strong>sottolinea la vicepresidente Princi<\/strong> &#8211; <em>sar\u00e0 l\u2019omaggio alla vita immaginaria in tutte le sue sfaccettature ma sar\u00e0, anche e soprattutto, lo spazio per raccontare, pura con la letteratura, la Calabria con il suo territorio bellissimo e misterioso, con la sua comunit\u00e0 viva che immagina la propria terra ricca di possibilit\u00e0 dove poter concretamente alimentare sogni e speranze\u201d.<\/em><br \/>\n<em>Nel corso dell\u2019incontro, presenti anche la dirigente generale del Dipartimento cultura, Maria Francesco Gatto, e la dirigente di settore, Ersilia Amatruda, la vicepresidente ha informato che lo spazio riservato alla Calabria nella parte pi\u00f9 centrale del Salone sar\u00e0 di oltre 200 metri quadrati.<\/em><\/p>\n","protected":false},"excerpt":{"rendered":"<p>La vicepresidente della Giunta regionale della Calabria con delega alla Cultura, Giusi Princi, ha incontrato gli editori Calabresi per raccogliere idee e proposte necessarie a gettare le basi organizzative per&hellip;<\/p>\n","protected":false},"author":12,"featured_media":45039,"comment_status":"closed","ping_status":"open","sticky":false,"template":"","format":"standard","meta":{"_jetpack_memberships_contains_paid_content":false,"footnotes":"","jetpack_publicize_message":"","jetpack_publicize_feature_enabled":true,"jetpack_social_post_already_shared":false,"jetpack_social_options":{"image_generator_settings":{"template":"highway","default_image_id":0,"font":"","enabled":false},"version":2}},"categories":[142,921,196],"tags":[27815,15588,24318],"class_list":["post-45038","post","type-post","status-publish","format-standard","has-post-thumbnail","hentry","category-calabria","category-home","category-news","tag-incontro-autori-calabresi","tag-salone-del-libro-di-torino","tag-vicepresidente-princi"],"yoast_head":"<!-- This site is optimized with the Yoast SEO plugin v27.2 - https:\/\/yoast.com\/product\/yoast-seo-wordpress\/ -->\n<title>Salone del Libro di Torino: Princi incontra gli autori calabresi<\/title>\n<meta name=\"description\" content=\"Princi ha incontrato gli editori per raccogliere idee per partecipazione della Regione al Salone del Libro, dal 9 al 13 maggio a Torino\" \/>\n<meta name=\"robots\" content=\"index, follow, max-snippet:-1, max-image-preview:large, max-video-preview:-1\" \/>\n<link rel=\"canonical\" href=\"https:\/\/progettotouring.it\/radiotouring104\/2024\/02\/20\/salone-del-libro-di-torino-vicepresidente-princi-incontra-gli-autori-calabresi\/\" \/>\n<meta property=\"og:locale\" content=\"it_IT\" \/>\n<meta property=\"og:type\" content=\"article\" \/>\n<meta property=\"og:title\" content=\"Salone del Libro di Torino: Princi incontra gli autori calabresi\" \/>\n<meta property=\"og:description\" content=\"Princi ha incontrato gli editori per raccogliere idee per partecipazione della Regione al Salone del Libro, dal 9 al 13 maggio a Torino\" \/>\n<meta property=\"og:url\" content=\"https:\/\/progettotouring.it\/radiotouring104\/2024\/02\/20\/salone-del-libro-di-torino-vicepresidente-princi-incontra-gli-autori-calabresi\/\" \/>\n<meta property=\"og:site_name\" content=\"Radio Touring 104\" \/>\n<meta property=\"article:published_time\" content=\"2024-02-20T09:58:27+00:00\" \/>\n<meta property=\"article:modified_time\" content=\"2024-02-20T13:20:41+00:00\" \/>\n<meta property=\"og:image\" content=\"https:\/\/progettotouring.it\/radiotouring104\/wp-content\/uploads\/sites\/6\/2024\/02\/Giusi-Princi.jpeg\" \/>\n\t<meta property=\"og:image:width\" content=\"800\" \/>\n\t<meta property=\"og:image:height\" content=\"600\" \/>\n\t<meta property=\"og:image:type\" content=\"image\/jpeg\" \/>\n<meta name=\"author\" content=\"Sebastiano Plutino\" \/>\n<meta name=\"twitter:card\" content=\"summary_large_image\" \/>\n<meta name=\"twitter:label1\" content=\"Scritto da\" \/>\n\t<meta name=\"twitter:data1\" content=\"Sebastiano Plutino\" \/>\n\t<meta name=\"twitter:label2\" content=\"Tempo di lettura stimato\" \/>\n\t<meta name=\"twitter:data2\" content=\"2 minuti\" \/>\n<script type=\"application\/ld+json\" class=\"yoast-schema-graph\">{\"@context\":\"https:\/\/schema.org\",\"@graph\":[{\"@type\":\"Article\",\"@id\":\"https:\/\/progettotouring.it\/radiotouring104\/2024\/02\/20\/salone-del-libro-di-torino-vicepresidente-princi-incontra-gli-autori-calabresi\/#article\",\"isPartOf\":{\"@id\":\"https:\/\/progettotouring.it\/radiotouring104\/2024\/02\/20\/salone-del-libro-di-torino-vicepresidente-princi-incontra-gli-autori-calabresi\/\"},\"author\":{\"name\":\"Sebastiano Plutino\",\"@id\":\"https:\/\/progettotouring.it\/radiotouring104\/#\/schema\/person\/78613917f1851f041f7483f5af1d422e\"},\"headline\":\"Salone del Libro di Torino: Vicepresidente Princi incontra gli autori calabresi\",\"datePublished\":\"2024-02-20T09:58:27+00:00\",\"dateModified\":\"2024-02-20T13:20:41+00:00\",\"mainEntityOfPage\":{\"@id\":\"https:\/\/progettotouring.it\/radiotouring104\/2024\/02\/20\/salone-del-libro-di-torino-vicepresidente-princi-incontra-gli-autori-calabresi\/\"},\"wordCount\":456,\"publisher\":{\"@id\":\"https:\/\/progettotouring.it\/radiotouring104\/#organization\"},\"image\":{\"@id\":\"https:\/\/progettotouring.it\/radiotouring104\/2024\/02\/20\/salone-del-libro-di-torino-vicepresidente-princi-incontra-gli-autori-calabresi\/#primaryimage\"},\"thumbnailUrl\":\"https:\/\/progettotouring.it\/radiotouring104\/wp-content\/uploads\/sites\/6\/2024\/02\/Giusi-Princi.jpeg\",\"keywords\":[\"incontro autori calabresi\",\"salone del libro di Torino\",\"Vicepresidente Princi\"],\"articleSection\":[\"Calabria\",\"Home\",\"News\"],\"inLanguage\":\"it-IT\"},{\"@type\":\"WebPage\",\"@id\":\"https:\/\/progettotouring.it\/radiotouring104\/2024\/02\/20\/salone-del-libro-di-torino-vicepresidente-princi-incontra-gli-autori-calabresi\/\",\"url\":\"https:\/\/progettotouring.it\/radiotouring104\/2024\/02\/20\/salone-del-libro-di-torino-vicepresidente-princi-incontra-gli-autori-calabresi\/\",\"name\":\"Salone del Libro di Torino: Princi incontra gli autori calabresi\",\"isPartOf\":{\"@id\":\"https:\/\/progettotouring.it\/radiotouring104\/#website\"},\"primaryImageOfPage\":{\"@id\":\"https:\/\/progettotouring.it\/radiotouring104\/2024\/02\/20\/salone-del-libro-di-torino-vicepresidente-princi-incontra-gli-autori-calabresi\/#primaryimage\"},\"image\":{\"@id\":\"https:\/\/progettotouring.it\/radiotouring104\/2024\/02\/20\/salone-del-libro-di-torino-vicepresidente-princi-incontra-gli-autori-calabresi\/#primaryimage\"},\"thumbnailUrl\":\"https:\/\/progettotouring.it\/radiotouring104\/wp-content\/uploads\/sites\/6\/2024\/02\/Giusi-Princi.jpeg\",\"datePublished\":\"2024-02-20T09:58:27+00:00\",\"dateModified\":\"2024-02-20T13:20:41+00:00\",\"description\":\"Princi ha incontrato gli editori per raccogliere idee per partecipazione della Regione al Salone del Libro, dal 9 al 13 maggio a Torino\",\"breadcrumb\":{\"@id\":\"https:\/\/progettotouring.it\/radiotouring104\/2024\/02\/20\/salone-del-libro-di-torino-vicepresidente-princi-incontra-gli-autori-calabresi\/#breadcrumb\"},\"inLanguage\":\"it-IT\",\"potentialAction\":[{\"@type\":\"ReadAction\",\"target\":[\"https:\/\/progettotouring.it\/radiotouring104\/2024\/02\/20\/salone-del-libro-di-torino-vicepresidente-princi-incontra-gli-autori-calabresi\/\"]}]},{\"@type\":\"ImageObject\",\"inLanguage\":\"it-IT\",\"@id\":\"https:\/\/progettotouring.it\/radiotouring104\/2024\/02\/20\/salone-del-libro-di-torino-vicepresidente-princi-incontra-gli-autori-calabresi\/#primaryimage\",\"url\":\"https:\/\/progettotouring.it\/radiotouring104\/wp-content\/uploads\/sites\/6\/2024\/02\/Giusi-Princi.jpeg\",\"contentUrl\":\"https:\/\/progettotouring.it\/radiotouring104\/wp-content\/uploads\/sites\/6\/2024\/02\/Giusi-Princi.jpeg\",\"width\":800,\"height\":600},{\"@type\":\"BreadcrumbList\",\"@id\":\"https:\/\/progettotouring.it\/radiotouring104\/2024\/02\/20\/salone-del-libro-di-torino-vicepresidente-princi-incontra-gli-autori-calabresi\/#breadcrumb\",\"itemListElement\":[{\"@type\":\"ListItem\",\"position\":1,\"name\":\"Home\",\"item\":\"https:\/\/progettotouring.it\/radiotouring104\/\"},{\"@type\":\"ListItem\",\"position\":2,\"name\":\"Salone del Libro di Torino: Vicepresidente Princi incontra gli autori calabresi\"}]},{\"@type\":\"WebSite\",\"@id\":\"https:\/\/progettotouring.it\/radiotouring104\/#website\",\"url\":\"https:\/\/progettotouring.it\/radiotouring104\/\",\"name\":\"Radio Touring 104\",\"description\":\"La prima radio Reggina\",\"publisher\":{\"@id\":\"https:\/\/progettotouring.it\/radiotouring104\/#organization\"},\"potentialAction\":[{\"@type\":\"SearchAction\",\"target\":{\"@type\":\"EntryPoint\",\"urlTemplate\":\"https:\/\/progettotouring.it\/radiotouring104\/?s={search_term_string}\"},\"query-input\":{\"@type\":\"PropertyValueSpecification\",\"valueRequired\":true,\"valueName\":\"search_term_string\"}}],\"inLanguage\":\"it-IT\"},{\"@type\":\"Organization\",\"@id\":\"https:\/\/progettotouring.it\/radiotouring104\/#organization\",\"name\":\"Radio Touring 104\",\"url\":\"https:\/\/progettotouring.it\/radiotouring104\/\",\"logo\":{\"@type\":\"ImageObject\",\"inLanguage\":\"it-IT\",\"@id\":\"https:\/\/progettotouring.it\/radiotouring104\/#\/schema\/logo\/image\/\",\"url\":\"https:\/\/progettotouring.it\/radiotouring104\/wp-content\/uploads\/sites\/6\/2022\/02\/cropped-logo-radio-touring-104.png\",\"contentUrl\":\"https:\/\/progettotouring.it\/radiotouring104\/wp-content\/uploads\/sites\/6\/2022\/02\/cropped-logo-radio-touring-104.png\",\"width\":377,\"height\":182,\"caption\":\"Radio Touring 104\"},\"image\":{\"@id\":\"https:\/\/progettotouring.it\/radiotouring104\/#\/schema\/logo\/image\/\"}},{\"@type\":\"Person\",\"@id\":\"https:\/\/progettotouring.it\/radiotouring104\/#\/schema\/person\/78613917f1851f041f7483f5af1d422e\",\"name\":\"Sebastiano Plutino\",\"image\":{\"@type\":\"ImageObject\",\"inLanguage\":\"it-IT\",\"@id\":\"https:\/\/secure.gravatar.com\/avatar\/0546ffaa9b79224faf9f2a156b67a529ae861d3287c66c1d8ccfdf909bcba78d?s=96&d=mm&r=g\",\"url\":\"https:\/\/secure.gravatar.com\/avatar\/0546ffaa9b79224faf9f2a156b67a529ae861d3287c66c1d8ccfdf909bcba78d?s=96&d=mm&r=g\",\"contentUrl\":\"https:\/\/secure.gravatar.com\/avatar\/0546ffaa9b79224faf9f2a156b67a529ae861d3287c66c1d8ccfdf909bcba78d?s=96&d=mm&r=g\",\"caption\":\"Sebastiano Plutino\"},\"url\":\"https:\/\/progettotouring.it\/radiotouring104\/author\/sebastiano\/\"}]}<\/script>\n<!-- \/ Yoast SEO plugin. -->","yoast_head_json":{"title":"Salone del Libro di Torino: Princi incontra gli autori calabresi","description":"Princi ha incontrato gli editori per raccogliere idee per partecipazione della Regione al Salone del Libro, dal 9 al 13 maggio a Torino","robots":{"index":"index","follow":"follow","max-snippet":"max-snippet:-1","max-image-preview":"max-image-preview:large","max-video-preview":"max-video-preview:-1"},"canonical":"https:\/\/progettotouring.it\/radiotouring104\/2024\/02\/20\/salone-del-libro-di-torino-vicepresidente-princi-incontra-gli-autori-calabresi\/","og_locale":"it_IT","og_type":"article","og_title":"Salone del Libro di Torino: Princi incontra gli autori calabresi","og_description":"Princi ha incontrato gli editori per raccogliere idee per partecipazione della Regione al Salone del Libro, dal 9 al 13 maggio a Torino","og_url":"https:\/\/progettotouring.it\/radiotouring104\/2024\/02\/20\/salone-del-libro-di-torino-vicepresidente-princi-incontra-gli-autori-calabresi\/","og_site_name":"Radio Touring 104","article_published_time":"2024-02-20T09:58:27+00:00","article_modified_time":"2024-02-20T13:20:41+00:00","og_image":[{"width":800,"height":600,"url":"https:\/\/progettotouring.it\/radiotouring104\/wp-content\/uploads\/sites\/6\/2024\/02\/Giusi-Princi.jpeg","type":"image\/jpeg"}],"author":"Sebastiano Plutino","twitter_card":"summary_large_image","twitter_misc":{"Scritto da":"Sebastiano Plutino","Tempo di lettura stimato":"2 minuti"},"schema":{"@context":"https:\/\/schema.org","@graph":[{"@type":"Article","@id":"https:\/\/progettotouring.it\/radiotouring104\/2024\/02\/20\/salone-del-libro-di-torino-vicepresidente-princi-incontra-gli-autori-calabresi\/#article","isPartOf":{"@id":"https:\/\/progettotouring.it\/radiotouring104\/2024\/02\/20\/salone-del-libro-di-torino-vicepresidente-princi-incontra-gli-autori-calabresi\/"},"author":{"name":"Sebastiano Plutino","@id":"https:\/\/progettotouring.it\/radiotouring104\/#\/schema\/person\/78613917f1851f041f7483f5af1d422e"},"headline":"Salone del Libro di Torino: Vicepresidente Princi incontra gli autori calabresi","datePublished":"2024-02-20T09:58:27+00:00","dateModified":"2024-02-20T13:20:41+00:00","mainEntityOfPage":{"@id":"https:\/\/progettotouring.it\/radiotouring104\/2024\/02\/20\/salone-del-libro-di-torino-vicepresidente-princi-incontra-gli-autori-calabresi\/"},"wordCount":456,"publisher":{"@id":"https:\/\/progettotouring.it\/radiotouring104\/#organization"},"image":{"@id":"https:\/\/progettotouring.it\/radiotouring104\/2024\/02\/20\/salone-del-libro-di-torino-vicepresidente-princi-incontra-gli-autori-calabresi\/#primaryimage"},"thumbnailUrl":"https:\/\/progettotouring.it\/radiotouring104\/wp-content\/uploads\/sites\/6\/2024\/02\/Giusi-Princi.jpeg","keywords":["incontro autori calabresi","salone del libro di Torino","Vicepresidente Princi"],"articleSection":["Calabria","Home","News"],"inLanguage":"it-IT"},{"@type":"WebPage","@id":"https:\/\/progettotouring.it\/radiotouring104\/2024\/02\/20\/salone-del-libro-di-torino-vicepresidente-princi-incontra-gli-autori-calabresi\/","url":"https:\/\/progettotouring.it\/radiotouring104\/2024\/02\/20\/salone-del-libro-di-torino-vicepresidente-princi-incontra-gli-autori-calabresi\/","name":"Salone del Libro di Torino: Princi incontra gli autori calabresi","isPartOf":{"@id":"https:\/\/progettotouring.it\/radiotouring104\/#website"},"primaryImageOfPage":{"@id":"https:\/\/progettotouring.it\/radiotouring104\/2024\/02\/20\/salone-del-libro-di-torino-vicepresidente-princi-incontra-gli-autori-calabresi\/#primaryimage"},"image":{"@id":"https:\/\/progettotouring.it\/radiotouring104\/2024\/02\/20\/salone-del-libro-di-torino-vicepresidente-princi-incontra-gli-autori-calabresi\/#primaryimage"},"thumbnailUrl":"https:\/\/progettotouring.it\/radiotouring104\/wp-content\/uploads\/sites\/6\/2024\/02\/Giusi-Princi.jpeg","datePublished":"2024-02-20T09:58:27+00:00","dateModified":"2024-02-20T13:20:41+00:00","description":"Princi ha incontrato gli editori per raccogliere idee per partecipazione della Regione al Salone del Libro, dal 9 al 13 maggio a Torino","breadcrumb":{"@id":"https:\/\/progettotouring.it\/radiotouring104\/2024\/02\/20\/salone-del-libro-di-torino-vicepresidente-princi-incontra-gli-autori-calabresi\/#breadcrumb"},"inLanguage":"it-IT","potentialAction":[{"@type":"ReadAction","target":["https:\/\/progettotouring.it\/radiotouring104\/2024\/02\/20\/salone-del-libro-di-torino-vicepresidente-princi-incontra-gli-autori-calabresi\/"]}]},{"@type":"ImageObject","inLanguage":"it-IT","@id":"https:\/\/progettotouring.it\/radiotouring104\/2024\/02\/20\/salone-del-libro-di-torino-vicepresidente-princi-incontra-gli-autori-calabresi\/#primaryimage","url":"https:\/\/progettotouring.it\/radiotouring104\/wp-content\/uploads\/sites\/6\/2024\/02\/Giusi-Princi.jpeg","contentUrl":"https:\/\/progettotouring.it\/radiotouring104\/wp-content\/uploads\/sites\/6\/2024\/02\/Giusi-Princi.jpeg","width":800,"height":600},{"@type":"BreadcrumbList","@id":"https:\/\/progettotouring.it\/radiotouring104\/2024\/02\/20\/salone-del-libro-di-torino-vicepresidente-princi-incontra-gli-autori-calabresi\/#breadcrumb","itemListElement":[{"@type":"ListItem","position":1,"name":"Home","item":"https:\/\/progettotouring.it\/radiotouring104\/"},{"@type":"ListItem","position":2,"name":"Salone del Libro di Torino: Vicepresidente Princi incontra gli autori calabresi"}]},{"@type":"WebSite","@id":"https:\/\/progettotouring.it\/radiotouring104\/#website","url":"https:\/\/progettotouring.it\/radiotouring104\/","name":"Radio Touring 104","description":"La prima radio Reggina","publisher":{"@id":"https:\/\/progettotouring.it\/radiotouring104\/#organization"},"potentialAction":[{"@type":"SearchAction","target":{"@type":"EntryPoint","urlTemplate":"https:\/\/progettotouring.it\/radiotouring104\/?s={search_term_string}"},"query-input":{"@type":"PropertyValueSpecification","valueRequired":true,"valueName":"search_term_string"}}],"inLanguage":"it-IT"},{"@type":"Organization","@id":"https:\/\/progettotouring.it\/radiotouring104\/#organization","name":"Radio Touring 104","url":"https:\/\/progettotouring.it\/radiotouring104\/","logo":{"@type":"ImageObject","inLanguage":"it-IT","@id":"https:\/\/progettotouring.it\/radiotouring104\/#\/schema\/logo\/image\/","url":"https:\/\/progettotouring.it\/radiotouring104\/wp-content\/uploads\/sites\/6\/2022\/02\/cropped-logo-radio-touring-104.png","contentUrl":"https:\/\/progettotouring.it\/radiotouring104\/wp-content\/uploads\/sites\/6\/2022\/02\/cropped-logo-radio-touring-104.png","width":377,"height":182,"caption":"Radio Touring 104"},"image":{"@id":"https:\/\/progettotouring.it\/radiotouring104\/#\/schema\/logo\/image\/"}},{"@type":"Person","@id":"https:\/\/progettotouring.it\/radiotouring104\/#\/schema\/person\/78613917f1851f041f7483f5af1d422e","name":"Sebastiano Plutino","image":{"@type":"ImageObject","inLanguage":"it-IT","@id":"https:\/\/secure.gravatar.com\/avatar\/0546ffaa9b79224faf9f2a156b67a529ae861d3287c66c1d8ccfdf909bcba78d?s=96&d=mm&r=g","url":"https:\/\/secure.gravatar.com\/avatar\/0546ffaa9b79224faf9f2a156b67a529ae861d3287c66c1d8ccfdf909bcba78d?s=96&d=mm&r=g","contentUrl":"https:\/\/secure.gravatar.com\/avatar\/0546ffaa9b79224faf9f2a156b67a529ae861d3287c66c1d8ccfdf909bcba78d?s=96&d=mm&r=g","caption":"Sebastiano Plutino"},"url":"https:\/\/progettotouring.it\/radiotouring104\/author\/sebastiano\/"}]}},"jetpack_publicize_connections":[],"jetpack_featured_media_url":"https:\/\/progettotouring.it\/radiotouring104\/wp-content\/uploads\/sites\/6\/2024\/02\/Giusi-Princi.jpeg","jetpack_sharing_enabled":true,"_links":{"self":[{"href":"https:\/\/progettotouring.it\/radiotouring104\/wp-json\/wp\/v2\/posts\/45038","targetHints":{"allow":["GET"]}}],"collection":[{"href":"https:\/\/progettotouring.it\/radiotouring104\/wp-json\/wp\/v2\/posts"}],"about":[{"href":"https:\/\/progettotouring.it\/radiotouring104\/wp-json\/wp\/v2\/types\/post"}],"author":[{"embeddable":true,"href":"https:\/\/progettotouring.it\/radiotouring104\/wp-json\/wp\/v2\/users\/12"}],"replies":[{"embeddable":true,"href":"https:\/\/progettotouring.it\/radiotouring104\/wp-json\/wp\/v2\/comments?post=45038"}],"version-history":[{"count":2,"href":"https:\/\/progettotouring.it\/radiotouring104\/wp-json\/wp\/v2\/posts\/45038\/revisions"}],"predecessor-version":[{"id":45079,"href":"https:\/\/progettotouring.it\/radiotouring104\/wp-json\/wp\/v2\/posts\/45038\/revisions\/45079"}],"wp:featuredmedia":[{"embeddable":true,"href":"https:\/\/progettotouring.it\/radiotouring104\/wp-json\/wp\/v2\/media\/45039"}],"wp:attachment":[{"href":"https:\/\/progettotouring.it\/radiotouring104\/wp-json\/wp\/v2\/media?parent=45038"}],"wp:term":[{"taxonomy":"category","embeddable":true,"href":"https:\/\/progettotouring.it\/radiotouring104\/wp-json\/wp\/v2\/categories?post=45038"},{"taxonomy":"post_tag","embeddable":true,"href":"https:\/\/progettotouring.it\/radiotouring104\/wp-json\/wp\/v2\/tags?post=45038"}],"curies":[{"name":"wp","href":"https:\/\/api.w.org\/{rel}","templated":true}]}}