{"id":45041,"date":"2024-02-20T11:11:58","date_gmt":"2024-02-20T10:11:58","guid":{"rendered":"https:\/\/progettotouring.it\/radiotouring104\/?p=45041"},"modified":"2024-02-20T11:11:58","modified_gmt":"2024-02-20T10:11:58","slug":"le-muse-svolto-incontro-per-raccontare-il-massiccio-aspromontano","status":"publish","type":"post","link":"https:\/\/progettotouring.it\/radiotouring104\/2024\/02\/20\/le-muse-svolto-incontro-per-raccontare-il-massiccio-aspromontano\/","title":{"rendered":"Le Muse: svolto incontro per raccontare il massiccio aspromontano"},"content":{"rendered":"<p style=\"text-align: justify\"><strong>L\u2019Associazione culturale<\/strong><em> \u201cLe Muse \u2013 Laboratorio delle Arti e delle Lettere\u201d<\/em> di Reggio Calabria, continua la sua attivit\u00e0 domenicale con argomenti che hanno a che fare anche con il territorio. <strong>Domenica scorsa il presidente Muse Giuseppe Livoti ha aperto la serata ricordando che,<\/strong> dopo una serie di eventi che hanno visto analizzare i paesi aspromontani da un punto di vista storico \u2013 artistico,<strong> si \u00e8 pensato di iniziare a parlare dell\u2019Aspromonte<\/strong> raccontando delle sue connotazioni ambientali e naturali con particolare attenzione al mondo degli insetti.<br \/>\n<strong>La manifestazione,<\/strong> dunque <strong>\u00e8 stata utile a presentare l\u2019Aspromonte<\/strong> proponendo l\u2019aspetto poco conosciuto e trattato dell\u2019entomologia<strong> con due eccellenze: gli entomologi Francesco Manti ed Elvira Castiglione.<\/strong><br \/>\nIl prof. Manti \u00e8 partito dal concetto di \u201centomologia\u201d ovvero, la disciplina che studia gli insetti in senso lato nei vari aspetti scientifici: morfologia, anatomia, fisiologia, comportamento, filogenesi e studia gli insetti nell&#8217;ambito di contesti operativi o applicativi specifici, allacciando strette relazioni anche con varie branche delle scienze delle tecnologie.<\/p>\n<p style=\"text-align: justify\"><strong>Manti ha ricordato come l\u2019Aspromonte \u00e8<\/strong> da sempre noto come una delle zone d\u2019Italia con maggior ricchezza di endemiti, oltre che per la presenza di specie dall\u2019elevato valore naturalistico come le maestose querce di rovere meridionale (Quercus petraea (Matt.) Liebl. tra le quali ultime si annovera latifoglia temperata pi\u00f9 vecchia al mondo (934 anni di et\u00e0, datata col radiocarbonio), o ancora la felce preistorica Woodwardia radicans (L.) Sm. risalente al Terziario e tipicamente tropicale, della quale in Aspromonte esistono addirittura diverse stazioni. Ma un focus particolare<strong> ha continuato Elvira Castiglione,<\/strong> merita anche la microfauna entomologica del massiccio aspromontano, in quanto esso \u00e8 considerato un hotspot di biodiversit\u00e0, rarit\u00e0 ed endemismo, caratteristica che lo rende, da questo punto di vista, una delle aree pi\u00f9 importanti d\u2019Italia e d\u2019Europa. L\u2019elevata diversit\u00e0 biologica \u00e8 dovuta alla posizione geografica dell\u2019Aspromonte, al centro del Mediterraneo, collegato con l\u2019Europa tramite la catena appenninica, con il Sud-Ovest del Mediterraneo tramite la Sicilia e con il Mediterraneo orientale tramite la Puglia.<br \/>\nDa diversi anni, opera, <strong>in Aspromonte un gruppo di ricerca che sta portando avanti numerosi importanti studi in questo<\/strong> <strong>ambito. Il LEEA<\/strong> <em>(Laboratorio di Entomologia ed Ecologia Applicata del Dipartimento PAU dell\u2019Universit\u00e0 degli Studi \u201cMediterranea\u201d di Reggio Calabria<\/em>), grazie ai suoi progetti di ricerca scientifica, sta cercando di dare un significativo contributo alle conoscenze entomologiche dell\u2019area aspromontana, insieme al prezioso coinvolgimento di studiosi e specialisti di varie parti d\u2019Italia e d\u2019Europa, anche con la scoperta di specie nuove per la scienza e con numerose prime segnalazioni di entomofauna per la Calabria e per il Sud Italia.<br \/>\n<strong>Uno dei progetti di ricerca ha riferito la prof.ssa Castiglione, ha<\/strong> visto impegnati gli entomologi del LEEA sulla biodiversit\u00e0 degli ambienti umidi del massiccio aspromontano. <strong>Scopo dello studio \u00e8 stato quello di effettuare una indagine faunistica qualitativa delle aree importanti per la biodiversit\u00e0 degli artropodi negli ambienti acquatici<\/strong> in diverse aree dell\u2019Aspromonte per delineare strategie per la conservazione e la gestione delle stesse. I gruppi indagati sono stati diversi e hanno visto la collaborazione fattiva di numerosi specialisti di fauna entomologica.<br \/>\nNonostante i numerosi e interessanti ritrovamenti, le conoscenze sulla biodiversit\u00e0 entomologica dell\u2019Aspromonte sono da considerare ancora molto parziali. La presenza contemporanea di tante specie rare, o rarissime altrove, fa s\u00ec che complessivamente il territorio aspromontano,<br \/>\nanche dal punto di vista entomologico, sia da considerare a pieno titolo un\u2019area preziosa, da continuare a conoscere e salvaguardare.<br \/>\nInteressante la parte descrittiva dell\u2019attivit\u00e0 degli entomologi con il Corso di Design dell\u2019Universit\u00e0 Mediterranea che vede uno studio in loco dei vari insetti e di un successivo lavoro di riproposizione delle forme geometriche esistenti in natura per farne diventare oggetti di -design \u2013 ed oggetti ergonomici portando cos\u00ec un messaggio di identificazione del bello di natura e del bello della progettualit\u00e0 che le nuove generazioni sperimentano in nuovi corsi universitari. Il territorio dell&#8217;Aspromonte \u00e8 caratterizzato da una grande diversit\u00e0 di habitat e da caratteristiche geo-ambientali che lo rendono unico nel panorama del Mediterraneo centrale, con aree scoscese, gole e anfratti quasi irraggiungibili, che nascono dal mare e arrivano fino a circa 2000 metri di altitudine.<br \/>\nTra le ultime scoperte di Manti e Castiglione la \u201cHoplia asprumuntiana\u201d, denominazione ispirata alla parola Asprumunti, nome dialettale con cui viene chiamato il noto massiccio montuoso. Esemplari di questo coleottero sono stati individuati da un gruppo di entomologi a quote di circa 1000 metri sul livello del mare, mentre si nutrivano o si accoppiavano su piante di Biancospino in fiore (Crataegus monogyna Jacq.), in un habitat rappresentato da radure nelle faggete con associazioni botaniche denominate Anemono apenninae-Fagetum e Galio hirsuti-Fagetum. Non sono tuttavia mancati ritrovamenti anche in piccole radure di querceti secolari dominati da Quercus petraea (Matt.) Liebl. sost. austrotirrenica, con presenza di Fagus sylvatica L. e Pinus nigra Arnold subsp. calabrica, come quello avvenuto nel comune di Samo (Reggio Calabria) in localit\u00e0 Croce di Dio Sia Lodato. La scoperta ha avuto luogo nell\u2019ambito del progetto di ricerca denominato \u201cStudi su presenza, distribuzione e ruolo nella conservazione degli ecosistemi forestali dei Coleotteri in Direttiva Habitat e saproxilici del Parco Nazionale dell\u2019Aspromonte\u201d dagli entomologi Alessandro Bruno Biscaccianti, Francesco Manti e Elvira Castiglione con il Prof. Carmelo Peter Bonsignore, Responsabile del Laboratorio di Entomologia ed Ecologia Applicata (LEEA) del Dipartimento PAU dell&#8217;Universit\u00e0 degli Studi &#8220;Mediterranea&#8221; di Reggio Calabria.<\/p>\n<p style=\"text-align: justify\">\n","protected":false},"excerpt":{"rendered":"<p>L\u2019Associazione culturale \u201cLe Muse \u2013 Laboratorio delle Arti e delle Lettere\u201d di Reggio Calabria, continua la sua attivit\u00e0 domenicale con argomenti che hanno a che fare anche con il territorio.&hellip;<\/p>\n","protected":false},"author":12,"featured_media":45042,"comment_status":"closed","ping_status":"open","sticky":false,"template":"","format":"standard","meta":{"_jetpack_memberships_contains_paid_content":false,"footnotes":"","jetpack_publicize_message":"","jetpack_publicize_feature_enabled":true,"jetpack_social_post_already_shared":false,"jetpack_social_options":{"image_generator_settings":{"template":"highway","default_image_id":0,"font":"","enabled":false},"version":2}},"categories":[921,196,140],"tags":[11708,13477,18410,18411,5706,27816],"class_list":["post-45041","post","type-post","status-publish","format-standard","has-post-thumbnail","hentry","category-home","category-news","category-reggio-calabria","tag-associazione-culturale-le-muse","tag-biodiversita","tag-elvira-castiglione","tag-francesco-manti","tag-giuseppe-livoti","tag-incontro-su-aspromonte"],"yoast_head":"<!-- This site is optimized with the Yoast SEO plugin v27.2 - https:\/\/yoast.com\/product\/yoast-seo-wordpress\/ -->\n<title>Le Muse: svolto incontro per raccontare il massiccio aspromontano<\/title>\n<meta name=\"description\" content=\"Svolto, domenica scorsa, incontro sull&#039;Aspromonte dell&#039;Associazione &quot;Le Muse&quot;. Un hotspot di biodiversit\u00e0 con gli esperti Manti e Castiglione\" \/>\n<meta name=\"robots\" content=\"index, follow, max-snippet:-1, max-image-preview:large, max-video-preview:-1\" \/>\n<link rel=\"canonical\" href=\"https:\/\/progettotouring.it\/radiotouring104\/2024\/02\/20\/le-muse-svolto-incontro-per-raccontare-il-massiccio-aspromontano\/\" \/>\n<meta property=\"og:locale\" content=\"it_IT\" \/>\n<meta property=\"og:type\" content=\"article\" \/>\n<meta property=\"og:title\" content=\"Le Muse: svolto incontro per raccontare il massiccio aspromontano\" \/>\n<meta property=\"og:description\" content=\"Svolto, domenica scorsa, incontro sull&#039;Aspromonte dell&#039;Associazione &quot;Le Muse&quot;. Un hotspot di biodiversit\u00e0 con gli esperti Manti e Castiglione\" \/>\n<meta property=\"og:url\" content=\"https:\/\/progettotouring.it\/radiotouring104\/2024\/02\/20\/le-muse-svolto-incontro-per-raccontare-il-massiccio-aspromontano\/\" \/>\n<meta property=\"og:site_name\" content=\"Radio Touring 104\" \/>\n<meta property=\"article:published_time\" content=\"2024-02-20T10:11:58+00:00\" \/>\n<meta property=\"og:image\" content=\"https:\/\/progettotouring.it\/radiotouring104\/wp-content\/uploads\/sites\/6\/2024\/02\/Le-Muse-Aspromonte-biodiersita-Maria-Castiglione-Manti.jpg\" \/>\n\t<meta property=\"og:image:width\" content=\"834\" \/>\n\t<meta property=\"og:image:height\" content=\"556\" \/>\n\t<meta property=\"og:image:type\" content=\"image\/jpeg\" \/>\n<meta name=\"author\" content=\"Sebastiano Plutino\" \/>\n<meta name=\"twitter:card\" content=\"summary_large_image\" \/>\n<meta name=\"twitter:label1\" content=\"Scritto da\" \/>\n\t<meta name=\"twitter:data1\" content=\"Sebastiano Plutino\" \/>\n\t<meta name=\"twitter:label2\" content=\"Tempo di lettura stimato\" \/>\n\t<meta name=\"twitter:data2\" content=\"4 minuti\" \/>\n<script type=\"application\/ld+json\" class=\"yoast-schema-graph\">{\"@context\":\"https:\/\/schema.org\",\"@graph\":[{\"@type\":\"Article\",\"@id\":\"https:\/\/progettotouring.it\/radiotouring104\/2024\/02\/20\/le-muse-svolto-incontro-per-raccontare-il-massiccio-aspromontano\/#article\",\"isPartOf\":{\"@id\":\"https:\/\/progettotouring.it\/radiotouring104\/2024\/02\/20\/le-muse-svolto-incontro-per-raccontare-il-massiccio-aspromontano\/\"},\"author\":{\"name\":\"Sebastiano Plutino\",\"@id\":\"https:\/\/progettotouring.it\/radiotouring104\/#\/schema\/person\/78613917f1851f041f7483f5af1d422e\"},\"headline\":\"Le Muse: svolto incontro per raccontare il massiccio aspromontano\",\"datePublished\":\"2024-02-20T10:11:58+00:00\",\"mainEntityOfPage\":{\"@id\":\"https:\/\/progettotouring.it\/radiotouring104\/2024\/02\/20\/le-muse-svolto-incontro-per-raccontare-il-massiccio-aspromontano\/\"},\"wordCount\":887,\"publisher\":{\"@id\":\"https:\/\/progettotouring.it\/radiotouring104\/#organization\"},\"image\":{\"@id\":\"https:\/\/progettotouring.it\/radiotouring104\/2024\/02\/20\/le-muse-svolto-incontro-per-raccontare-il-massiccio-aspromontano\/#primaryimage\"},\"thumbnailUrl\":\"https:\/\/progettotouring.it\/radiotouring104\/wp-content\/uploads\/sites\/6\/2024\/02\/Le-Muse-Aspromonte-biodiersita-Maria-Castiglione-Manti.jpg\",\"keywords\":[\"Associazione Culturale \\\"Le Muse\\\"\",\"biodiversit\u00e0\",\"Elvira Castiglione\",\"Francesco Manti;\",\"Giuseppe Livoti\",\"incontro su Aspromonte\"],\"articleSection\":[\"Home\",\"News\",\"Reggio Calabria\"],\"inLanguage\":\"it-IT\"},{\"@type\":\"WebPage\",\"@id\":\"https:\/\/progettotouring.it\/radiotouring104\/2024\/02\/20\/le-muse-svolto-incontro-per-raccontare-il-massiccio-aspromontano\/\",\"url\":\"https:\/\/progettotouring.it\/radiotouring104\/2024\/02\/20\/le-muse-svolto-incontro-per-raccontare-il-massiccio-aspromontano\/\",\"name\":\"Le Muse: svolto incontro per raccontare il massiccio aspromontano\",\"isPartOf\":{\"@id\":\"https:\/\/progettotouring.it\/radiotouring104\/#website\"},\"primaryImageOfPage\":{\"@id\":\"https:\/\/progettotouring.it\/radiotouring104\/2024\/02\/20\/le-muse-svolto-incontro-per-raccontare-il-massiccio-aspromontano\/#primaryimage\"},\"image\":{\"@id\":\"https:\/\/progettotouring.it\/radiotouring104\/2024\/02\/20\/le-muse-svolto-incontro-per-raccontare-il-massiccio-aspromontano\/#primaryimage\"},\"thumbnailUrl\":\"https:\/\/progettotouring.it\/radiotouring104\/wp-content\/uploads\/sites\/6\/2024\/02\/Le-Muse-Aspromonte-biodiersita-Maria-Castiglione-Manti.jpg\",\"datePublished\":\"2024-02-20T10:11:58+00:00\",\"description\":\"Svolto, domenica scorsa, incontro sull'Aspromonte dell'Associazione \\\"Le Muse\\\". Un hotspot di biodiversit\u00e0 con gli esperti Manti e Castiglione\",\"breadcrumb\":{\"@id\":\"https:\/\/progettotouring.it\/radiotouring104\/2024\/02\/20\/le-muse-svolto-incontro-per-raccontare-il-massiccio-aspromontano\/#breadcrumb\"},\"inLanguage\":\"it-IT\",\"potentialAction\":[{\"@type\":\"ReadAction\",\"target\":[\"https:\/\/progettotouring.it\/radiotouring104\/2024\/02\/20\/le-muse-svolto-incontro-per-raccontare-il-massiccio-aspromontano\/\"]}]},{\"@type\":\"ImageObject\",\"inLanguage\":\"it-IT\",\"@id\":\"https:\/\/progettotouring.it\/radiotouring104\/2024\/02\/20\/le-muse-svolto-incontro-per-raccontare-il-massiccio-aspromontano\/#primaryimage\",\"url\":\"https:\/\/progettotouring.it\/radiotouring104\/wp-content\/uploads\/sites\/6\/2024\/02\/Le-Muse-Aspromonte-biodiersita-Maria-Castiglione-Manti.jpg\",\"contentUrl\":\"https:\/\/progettotouring.it\/radiotouring104\/wp-content\/uploads\/sites\/6\/2024\/02\/Le-Muse-Aspromonte-biodiersita-Maria-Castiglione-Manti.jpg\",\"width\":834,\"height\":556},{\"@type\":\"BreadcrumbList\",\"@id\":\"https:\/\/progettotouring.it\/radiotouring104\/2024\/02\/20\/le-muse-svolto-incontro-per-raccontare-il-massiccio-aspromontano\/#breadcrumb\",\"itemListElement\":[{\"@type\":\"ListItem\",\"position\":1,\"name\":\"Home\",\"item\":\"https:\/\/progettotouring.it\/radiotouring104\/\"},{\"@type\":\"ListItem\",\"position\":2,\"name\":\"Le Muse: svolto incontro per raccontare il massiccio aspromontano\"}]},{\"@type\":\"WebSite\",\"@id\":\"https:\/\/progettotouring.it\/radiotouring104\/#website\",\"url\":\"https:\/\/progettotouring.it\/radiotouring104\/\",\"name\":\"Radio Touring 104\",\"description\":\"La prima radio Reggina\",\"publisher\":{\"@id\":\"https:\/\/progettotouring.it\/radiotouring104\/#organization\"},\"potentialAction\":[{\"@type\":\"SearchAction\",\"target\":{\"@type\":\"EntryPoint\",\"urlTemplate\":\"https:\/\/progettotouring.it\/radiotouring104\/?s={search_term_string}\"},\"query-input\":{\"@type\":\"PropertyValueSpecification\",\"valueRequired\":true,\"valueName\":\"search_term_string\"}}],\"inLanguage\":\"it-IT\"},{\"@type\":\"Organization\",\"@id\":\"https:\/\/progettotouring.it\/radiotouring104\/#organization\",\"name\":\"Radio Touring 104\",\"url\":\"https:\/\/progettotouring.it\/radiotouring104\/\",\"logo\":{\"@type\":\"ImageObject\",\"inLanguage\":\"it-IT\",\"@id\":\"https:\/\/progettotouring.it\/radiotouring104\/#\/schema\/logo\/image\/\",\"url\":\"https:\/\/progettotouring.it\/radiotouring104\/wp-content\/uploads\/sites\/6\/2022\/02\/cropped-logo-radio-touring-104.png\",\"contentUrl\":\"https:\/\/progettotouring.it\/radiotouring104\/wp-content\/uploads\/sites\/6\/2022\/02\/cropped-logo-radio-touring-104.png\",\"width\":377,\"height\":182,\"caption\":\"Radio Touring 104\"},\"image\":{\"@id\":\"https:\/\/progettotouring.it\/radiotouring104\/#\/schema\/logo\/image\/\"}},{\"@type\":\"Person\",\"@id\":\"https:\/\/progettotouring.it\/radiotouring104\/#\/schema\/person\/78613917f1851f041f7483f5af1d422e\",\"name\":\"Sebastiano Plutino\",\"image\":{\"@type\":\"ImageObject\",\"inLanguage\":\"it-IT\",\"@id\":\"https:\/\/secure.gravatar.com\/avatar\/0546ffaa9b79224faf9f2a156b67a529ae861d3287c66c1d8ccfdf909bcba78d?s=96&d=mm&r=g\",\"url\":\"https:\/\/secure.gravatar.com\/avatar\/0546ffaa9b79224faf9f2a156b67a529ae861d3287c66c1d8ccfdf909bcba78d?s=96&d=mm&r=g\",\"contentUrl\":\"https:\/\/secure.gravatar.com\/avatar\/0546ffaa9b79224faf9f2a156b67a529ae861d3287c66c1d8ccfdf909bcba78d?s=96&d=mm&r=g\",\"caption\":\"Sebastiano Plutino\"},\"url\":\"https:\/\/progettotouring.it\/radiotouring104\/author\/sebastiano\/\"}]}<\/script>\n<!-- \/ Yoast SEO plugin. -->","yoast_head_json":{"title":"Le Muse: svolto incontro per raccontare il massiccio aspromontano","description":"Svolto, domenica scorsa, incontro sull'Aspromonte dell'Associazione \"Le Muse\". Un hotspot di biodiversit\u00e0 con gli esperti Manti e Castiglione","robots":{"index":"index","follow":"follow","max-snippet":"max-snippet:-1","max-image-preview":"max-image-preview:large","max-video-preview":"max-video-preview:-1"},"canonical":"https:\/\/progettotouring.it\/radiotouring104\/2024\/02\/20\/le-muse-svolto-incontro-per-raccontare-il-massiccio-aspromontano\/","og_locale":"it_IT","og_type":"article","og_title":"Le Muse: svolto incontro per raccontare il massiccio aspromontano","og_description":"Svolto, domenica scorsa, incontro sull'Aspromonte dell'Associazione \"Le Muse\". Un hotspot di biodiversit\u00e0 con gli esperti Manti e Castiglione","og_url":"https:\/\/progettotouring.it\/radiotouring104\/2024\/02\/20\/le-muse-svolto-incontro-per-raccontare-il-massiccio-aspromontano\/","og_site_name":"Radio Touring 104","article_published_time":"2024-02-20T10:11:58+00:00","og_image":[{"width":834,"height":556,"url":"https:\/\/progettotouring.it\/radiotouring104\/wp-content\/uploads\/sites\/6\/2024\/02\/Le-Muse-Aspromonte-biodiersita-Maria-Castiglione-Manti.jpg","type":"image\/jpeg"}],"author":"Sebastiano Plutino","twitter_card":"summary_large_image","twitter_misc":{"Scritto da":"Sebastiano Plutino","Tempo di lettura stimato":"4 minuti"},"schema":{"@context":"https:\/\/schema.org","@graph":[{"@type":"Article","@id":"https:\/\/progettotouring.it\/radiotouring104\/2024\/02\/20\/le-muse-svolto-incontro-per-raccontare-il-massiccio-aspromontano\/#article","isPartOf":{"@id":"https:\/\/progettotouring.it\/radiotouring104\/2024\/02\/20\/le-muse-svolto-incontro-per-raccontare-il-massiccio-aspromontano\/"},"author":{"name":"Sebastiano Plutino","@id":"https:\/\/progettotouring.it\/radiotouring104\/#\/schema\/person\/78613917f1851f041f7483f5af1d422e"},"headline":"Le Muse: svolto incontro per raccontare il massiccio aspromontano","datePublished":"2024-02-20T10:11:58+00:00","mainEntityOfPage":{"@id":"https:\/\/progettotouring.it\/radiotouring104\/2024\/02\/20\/le-muse-svolto-incontro-per-raccontare-il-massiccio-aspromontano\/"},"wordCount":887,"publisher":{"@id":"https:\/\/progettotouring.it\/radiotouring104\/#organization"},"image":{"@id":"https:\/\/progettotouring.it\/radiotouring104\/2024\/02\/20\/le-muse-svolto-incontro-per-raccontare-il-massiccio-aspromontano\/#primaryimage"},"thumbnailUrl":"https:\/\/progettotouring.it\/radiotouring104\/wp-content\/uploads\/sites\/6\/2024\/02\/Le-Muse-Aspromonte-biodiersita-Maria-Castiglione-Manti.jpg","keywords":["Associazione Culturale \"Le Muse\"","biodiversit\u00e0","Elvira Castiglione","Francesco Manti;","Giuseppe Livoti","incontro su Aspromonte"],"articleSection":["Home","News","Reggio Calabria"],"inLanguage":"it-IT"},{"@type":"WebPage","@id":"https:\/\/progettotouring.it\/radiotouring104\/2024\/02\/20\/le-muse-svolto-incontro-per-raccontare-il-massiccio-aspromontano\/","url":"https:\/\/progettotouring.it\/radiotouring104\/2024\/02\/20\/le-muse-svolto-incontro-per-raccontare-il-massiccio-aspromontano\/","name":"Le Muse: svolto incontro per raccontare il massiccio aspromontano","isPartOf":{"@id":"https:\/\/progettotouring.it\/radiotouring104\/#website"},"primaryImageOfPage":{"@id":"https:\/\/progettotouring.it\/radiotouring104\/2024\/02\/20\/le-muse-svolto-incontro-per-raccontare-il-massiccio-aspromontano\/#primaryimage"},"image":{"@id":"https:\/\/progettotouring.it\/radiotouring104\/2024\/02\/20\/le-muse-svolto-incontro-per-raccontare-il-massiccio-aspromontano\/#primaryimage"},"thumbnailUrl":"https:\/\/progettotouring.it\/radiotouring104\/wp-content\/uploads\/sites\/6\/2024\/02\/Le-Muse-Aspromonte-biodiersita-Maria-Castiglione-Manti.jpg","datePublished":"2024-02-20T10:11:58+00:00","description":"Svolto, domenica scorsa, incontro sull'Aspromonte dell'Associazione \"Le Muse\". Un hotspot di biodiversit\u00e0 con gli esperti Manti e Castiglione","breadcrumb":{"@id":"https:\/\/progettotouring.it\/radiotouring104\/2024\/02\/20\/le-muse-svolto-incontro-per-raccontare-il-massiccio-aspromontano\/#breadcrumb"},"inLanguage":"it-IT","potentialAction":[{"@type":"ReadAction","target":["https:\/\/progettotouring.it\/radiotouring104\/2024\/02\/20\/le-muse-svolto-incontro-per-raccontare-il-massiccio-aspromontano\/"]}]},{"@type":"ImageObject","inLanguage":"it-IT","@id":"https:\/\/progettotouring.it\/radiotouring104\/2024\/02\/20\/le-muse-svolto-incontro-per-raccontare-il-massiccio-aspromontano\/#primaryimage","url":"https:\/\/progettotouring.it\/radiotouring104\/wp-content\/uploads\/sites\/6\/2024\/02\/Le-Muse-Aspromonte-biodiersita-Maria-Castiglione-Manti.jpg","contentUrl":"https:\/\/progettotouring.it\/radiotouring104\/wp-content\/uploads\/sites\/6\/2024\/02\/Le-Muse-Aspromonte-biodiersita-Maria-Castiglione-Manti.jpg","width":834,"height":556},{"@type":"BreadcrumbList","@id":"https:\/\/progettotouring.it\/radiotouring104\/2024\/02\/20\/le-muse-svolto-incontro-per-raccontare-il-massiccio-aspromontano\/#breadcrumb","itemListElement":[{"@type":"ListItem","position":1,"name":"Home","item":"https:\/\/progettotouring.it\/radiotouring104\/"},{"@type":"ListItem","position":2,"name":"Le Muse: svolto incontro per raccontare il massiccio aspromontano"}]},{"@type":"WebSite","@id":"https:\/\/progettotouring.it\/radiotouring104\/#website","url":"https:\/\/progettotouring.it\/radiotouring104\/","name":"Radio Touring 104","description":"La prima radio Reggina","publisher":{"@id":"https:\/\/progettotouring.it\/radiotouring104\/#organization"},"potentialAction":[{"@type":"SearchAction","target":{"@type":"EntryPoint","urlTemplate":"https:\/\/progettotouring.it\/radiotouring104\/?s={search_term_string}"},"query-input":{"@type":"PropertyValueSpecification","valueRequired":true,"valueName":"search_term_string"}}],"inLanguage":"it-IT"},{"@type":"Organization","@id":"https:\/\/progettotouring.it\/radiotouring104\/#organization","name":"Radio Touring 104","url":"https:\/\/progettotouring.it\/radiotouring104\/","logo":{"@type":"ImageObject","inLanguage":"it-IT","@id":"https:\/\/progettotouring.it\/radiotouring104\/#\/schema\/logo\/image\/","url":"https:\/\/progettotouring.it\/radiotouring104\/wp-content\/uploads\/sites\/6\/2022\/02\/cropped-logo-radio-touring-104.png","contentUrl":"https:\/\/progettotouring.it\/radiotouring104\/wp-content\/uploads\/sites\/6\/2022\/02\/cropped-logo-radio-touring-104.png","width":377,"height":182,"caption":"Radio Touring 104"},"image":{"@id":"https:\/\/progettotouring.it\/radiotouring104\/#\/schema\/logo\/image\/"}},{"@type":"Person","@id":"https:\/\/progettotouring.it\/radiotouring104\/#\/schema\/person\/78613917f1851f041f7483f5af1d422e","name":"Sebastiano Plutino","image":{"@type":"ImageObject","inLanguage":"it-IT","@id":"https:\/\/secure.gravatar.com\/avatar\/0546ffaa9b79224faf9f2a156b67a529ae861d3287c66c1d8ccfdf909bcba78d?s=96&d=mm&r=g","url":"https:\/\/secure.gravatar.com\/avatar\/0546ffaa9b79224faf9f2a156b67a529ae861d3287c66c1d8ccfdf909bcba78d?s=96&d=mm&r=g","contentUrl":"https:\/\/secure.gravatar.com\/avatar\/0546ffaa9b79224faf9f2a156b67a529ae861d3287c66c1d8ccfdf909bcba78d?s=96&d=mm&r=g","caption":"Sebastiano Plutino"},"url":"https:\/\/progettotouring.it\/radiotouring104\/author\/sebastiano\/"}]}},"jetpack_publicize_connections":[],"jetpack_featured_media_url":"https:\/\/progettotouring.it\/radiotouring104\/wp-content\/uploads\/sites\/6\/2024\/02\/Le-Muse-Aspromonte-biodiersita-Maria-Castiglione-Manti.jpg","jetpack_sharing_enabled":true,"_links":{"self":[{"href":"https:\/\/progettotouring.it\/radiotouring104\/wp-json\/wp\/v2\/posts\/45041","targetHints":{"allow":["GET"]}}],"collection":[{"href":"https:\/\/progettotouring.it\/radiotouring104\/wp-json\/wp\/v2\/posts"}],"about":[{"href":"https:\/\/progettotouring.it\/radiotouring104\/wp-json\/wp\/v2\/types\/post"}],"author":[{"embeddable":true,"href":"https:\/\/progettotouring.it\/radiotouring104\/wp-json\/wp\/v2\/users\/12"}],"replies":[{"embeddable":true,"href":"https:\/\/progettotouring.it\/radiotouring104\/wp-json\/wp\/v2\/comments?post=45041"}],"version-history":[{"count":1,"href":"https:\/\/progettotouring.it\/radiotouring104\/wp-json\/wp\/v2\/posts\/45041\/revisions"}],"predecessor-version":[{"id":45043,"href":"https:\/\/progettotouring.it\/radiotouring104\/wp-json\/wp\/v2\/posts\/45041\/revisions\/45043"}],"wp:featuredmedia":[{"embeddable":true,"href":"https:\/\/progettotouring.it\/radiotouring104\/wp-json\/wp\/v2\/media\/45042"}],"wp:attachment":[{"href":"https:\/\/progettotouring.it\/radiotouring104\/wp-json\/wp\/v2\/media?parent=45041"}],"wp:term":[{"taxonomy":"category","embeddable":true,"href":"https:\/\/progettotouring.it\/radiotouring104\/wp-json\/wp\/v2\/categories?post=45041"},{"taxonomy":"post_tag","embeddable":true,"href":"https:\/\/progettotouring.it\/radiotouring104\/wp-json\/wp\/v2\/tags?post=45041"}],"curies":[{"name":"wp","href":"https:\/\/api.w.org\/{rel}","templated":true}]}}