{"id":45056,"date":"2024-02-20T12:10:42","date_gmt":"2024-02-20T11:10:42","guid":{"rendered":"https:\/\/progettotouring.it\/radiotouring104\/?p=45056"},"modified":"2024-02-20T12:10:42","modified_gmt":"2024-02-20T11:10:42","slug":"villa-s-g-nota-dellamministrazione-sul-ricorso-del-momento-civico","status":"publish","type":"post","link":"https:\/\/progettotouring.it\/radiotouring104\/2024\/02\/20\/villa-s-g-nota-dellamministrazione-sul-ricorso-del-momento-civico\/","title":{"rendered":"Villa S.G.: nota dell&#8217;Amministrazione sul ricorso del Momento Civico"},"content":{"rendered":"<div dir=\"auto\" style=\"text-align: justify\"><strong>Il ricorso avverso il diniego di accesso civico<\/strong><em> \u201cnon merita accoglimento ritenendosi da condividere le risposte fornite dall\u2019amministrazione comunale di villa San Giovanni. Per l\u2019effetto si dispone l\u2019archiviazione dello stesso\u201c<\/em>: q<strong>uesto l\u2019esito della decisione del difensore civico della Regione<\/strong> Calabria<strong> arrivato nella mattinata di ieri, praticamente nell\u2019immediatezza della presentazione del ricorso formulato dal signor Antonio Morabito<\/strong> lo scorso venerd\u00ec 16 febbraio. Quel \u201csegreto istruttorio\u201c sulla richiesta di atti amministrativi che \u00e8 stato definito da Momento Civico \u201c pretestuoso quanto fastidioso\u201c \u00e8 stato invece accolto dal difensore civico regionale: da mesi e mesi assistiamo ad una costante precisa attivit\u00e0 di demonizzazione del nostro operato amministrativo, tacciato di \u201cmancanza totale di trasparenza e rispetto delle regole\u201c.<\/div>\n<div dir=\"auto\" style=\"text-align: justify\"><strong>Addirittura di noi \u00e8 stato scritto che poniamo in atto<\/strong><em> \u201ccondotte politiche ed amministrative dirette a dimostrare la voglia di sterminare gli avversari politici\u201c:<\/em> orbene, nessuna di queste accuse \u00e8 fondata, perch\u00e9 l\u2019ente per mano del segretario comunale (cui la richiesta di accesso civico era indirizzata &#8211; salvo poi dire che lo stesso si \u00e8 \u201cillegittimamente autodefinito titolare del diritto\u201c) ha ritenuto \u201cnon ostensibili i documenti richiesti\u201c, richiamando norme giuridiche (articolo cinque bis, comma 1 lett. F del decreto legislativo 33\/2013) e recente giurisprudenza del Consiglio di Stato. Quegli stessi riferimenti normativi e giurisprudenziali che ictu oculi hanno trovato concorde il difensore civico regionale. Del resto questo \u00e8 solo l\u2019ultimo di attacchi giornalieri che non possono essere giustificati richiamando principi quali la libert\u00e0 di informazione e la libert\u00e0 di pensiero.<\/div>\n<div dir=\"auto\" style=\"text-align: justify\"><strong>Un\u2019aggressione cui non abbiamo inteso fin qui rispondere<\/strong> perch\u00e9 pi\u00f9 che replicare ai pochi che gridano,<strong> stiamo lavorando<\/strong> per i molti che stanno in silenzio e aspettano risposte<strong> ai problemi della citt\u00e0.\u00a0<\/strong><\/div>\n<div dir=\"auto\" style=\"text-align: justify\">Ma adesso riteniamo che sia giusto che la comunit\u00e0 sappia, dal momento che chi sbandiera azioni a tutela della democrazia poi non \u00e8 consequenziale nel riferirne gli esiti: cos\u00ec \u00e8 stato quando non abbiamo dato notizia dell\u2019archiviazione di un esposto presentato all\u2019autorit\u00e0 garante per la privacy e annunciato da Momento Civico urbi et orbi, senza che poi sia stato detto correttamente dall\u2019associazione che lo stesso era stato appunto archiviato.<\/div>\n<div dir=\"auto\" style=\"text-align: justify\">Per rispetto della nostra comunit\u00e0 noi oggi diamo notizia dell\u2019 archiviazione da parte del difensore civico regionale: vogliamo relegare a mero tentativo questo clima che vorrebbe allontanare la citt\u00e0 dai suoi amministratori. Ci sono accuse gravi mosse sin qui e non \u00e8 la politica a doverne rispondere: noi continuiamo a lavorare serenamente, con il massimo impegno, cercando di raggiungere in ogni modo ciascun Villese, ascoltare lamentele e recriminazioni, fare tesoro di proposte e suggerimenti.<\/div>\n<div dir=\"auto\" style=\"text-align: justify\">Oggi \u00e8 nostro obiettivo mantenere la serenit\u00e0 della citt\u00e0, perch\u00e9 ciascuno possa autonomamente usare la propria capacit\u00e0 di discernimento.<\/div>\n","protected":false},"excerpt":{"rendered":"<p>Il ricorso avverso il diniego di accesso civico \u201cnon merita accoglimento ritenendosi da condividere le risposte fornite dall\u2019amministrazione comunale di villa San Giovanni. Per l\u2019effetto si dispone l\u2019archiviazione dello stesso\u201c:&hellip;<\/p>\n","protected":false},"author":12,"featured_media":15591,"comment_status":"closed","ping_status":"open","sticky":false,"template":"","format":"standard","meta":{"_jetpack_memberships_contains_paid_content":false,"footnotes":"","jetpack_publicize_message":"","jetpack_publicize_feature_enabled":true,"jetpack_social_post_already_shared":false,"jetpack_social_options":{"image_generator_settings":{"template":"highway","default_image_id":0,"font":"","enabled":false},"version":2}},"categories":[921,196,140],"tags":[22718,27827,27829,27828,27826],"class_list":["post-45056","post","type-post","status-publish","format-standard","has-post-thumbnail","hentry","category-home","category-news","category-reggio-calabria","tag-amministrazione-di-villa-san-giovani","tag-difensore-civico-regione","tag-movimento-civico","tag-ricorso-avverso-il-diniego-daccesso","tag-signor-morabito"],"yoast_head":"<!-- This site is optimized with the Yoast SEO plugin v27.2 - https:\/\/yoast.com\/product\/yoast-seo-wordpress\/ -->\n<title>Villa S.G.: nota dell&#039;Amministrazione sul ricorso del Momento Civico<\/title>\n<meta name=\"description\" content=\"La decisione del difensore civico regione sul ricorso avverso il diniego d&#039;accesso presentato dal rappresentante del Momento Civico, Morabito\" \/>\n<meta name=\"robots\" content=\"index, follow, max-snippet:-1, max-image-preview:large, max-video-preview:-1\" \/>\n<link rel=\"canonical\" href=\"https:\/\/progettotouring.it\/radiotouring104\/2024\/02\/20\/villa-s-g-nota-dellamministrazione-sul-ricorso-del-momento-civico\/\" \/>\n<meta property=\"og:locale\" content=\"it_IT\" \/>\n<meta property=\"og:type\" content=\"article\" \/>\n<meta property=\"og:title\" content=\"Villa S.G.: nota dell&#039;Amministrazione sul ricorso del Momento Civico\" \/>\n<meta property=\"og:description\" content=\"La decisione del difensore civico regione sul ricorso avverso il diniego d&#039;accesso presentato dal rappresentante del Momento Civico, Morabito\" \/>\n<meta property=\"og:url\" content=\"https:\/\/progettotouring.it\/radiotouring104\/2024\/02\/20\/villa-s-g-nota-dellamministrazione-sul-ricorso-del-momento-civico\/\" \/>\n<meta property=\"og:site_name\" content=\"Radio Touring 104\" \/>\n<meta property=\"article:published_time\" content=\"2024-02-20T11:10:42+00:00\" \/>\n<meta property=\"og:image\" content=\"https:\/\/progettotouring.it\/radiotouring104\/wp-content\/uploads\/sites\/6\/2022\/12\/Comune-di-Villa-S.G.jpg\" \/>\n\t<meta property=\"og:image:width\" content=\"857\" \/>\n\t<meta property=\"og:image:height\" content=\"857\" \/>\n\t<meta property=\"og:image:type\" content=\"image\/jpeg\" \/>\n<meta name=\"author\" content=\"Sebastiano Plutino\" \/>\n<meta name=\"twitter:card\" content=\"summary_large_image\" \/>\n<meta name=\"twitter:label1\" content=\"Scritto da\" \/>\n\t<meta name=\"twitter:data1\" content=\"Sebastiano Plutino\" \/>\n\t<meta name=\"twitter:label2\" content=\"Tempo di lettura stimato\" \/>\n\t<meta name=\"twitter:data2\" content=\"2 minuti\" \/>\n<script type=\"application\/ld+json\" class=\"yoast-schema-graph\">{\"@context\":\"https:\/\/schema.org\",\"@graph\":[{\"@type\":\"Article\",\"@id\":\"https:\/\/progettotouring.it\/radiotouring104\/2024\/02\/20\/villa-s-g-nota-dellamministrazione-sul-ricorso-del-momento-civico\/#article\",\"isPartOf\":{\"@id\":\"https:\/\/progettotouring.it\/radiotouring104\/2024\/02\/20\/villa-s-g-nota-dellamministrazione-sul-ricorso-del-momento-civico\/\"},\"author\":{\"name\":\"Sebastiano Plutino\",\"@id\":\"https:\/\/progettotouring.it\/radiotouring104\/#\/schema\/person\/78613917f1851f041f7483f5af1d422e\"},\"headline\":\"Villa S.G.: nota dell&#8217;Amministrazione sul ricorso del Momento Civico\",\"datePublished\":\"2024-02-20T11:10:42+00:00\",\"mainEntityOfPage\":{\"@id\":\"https:\/\/progettotouring.it\/radiotouring104\/2024\/02\/20\/villa-s-g-nota-dellamministrazione-sul-ricorso-del-momento-civico\/\"},\"wordCount\":445,\"publisher\":{\"@id\":\"https:\/\/progettotouring.it\/radiotouring104\/#organization\"},\"image\":{\"@id\":\"https:\/\/progettotouring.it\/radiotouring104\/2024\/02\/20\/villa-s-g-nota-dellamministrazione-sul-ricorso-del-momento-civico\/#primaryimage\"},\"thumbnailUrl\":\"https:\/\/progettotouring.it\/radiotouring104\/wp-content\/uploads\/sites\/6\/2022\/12\/Comune-di-Villa-S.G.jpg\",\"keywords\":[\"Amministrazione di Villa San Giovani\",\"difensore civico regione\",\"movimento civico\",\"ricorso avverso il diniego d'accesso\",\"signor Morabito\"],\"articleSection\":[\"Home\",\"News\",\"Reggio Calabria\"],\"inLanguage\":\"it-IT\"},{\"@type\":\"WebPage\",\"@id\":\"https:\/\/progettotouring.it\/radiotouring104\/2024\/02\/20\/villa-s-g-nota-dellamministrazione-sul-ricorso-del-momento-civico\/\",\"url\":\"https:\/\/progettotouring.it\/radiotouring104\/2024\/02\/20\/villa-s-g-nota-dellamministrazione-sul-ricorso-del-momento-civico\/\",\"name\":\"Villa S.G.: nota dell'Amministrazione sul ricorso del Momento Civico\",\"isPartOf\":{\"@id\":\"https:\/\/progettotouring.it\/radiotouring104\/#website\"},\"primaryImageOfPage\":{\"@id\":\"https:\/\/progettotouring.it\/radiotouring104\/2024\/02\/20\/villa-s-g-nota-dellamministrazione-sul-ricorso-del-momento-civico\/#primaryimage\"},\"image\":{\"@id\":\"https:\/\/progettotouring.it\/radiotouring104\/2024\/02\/20\/villa-s-g-nota-dellamministrazione-sul-ricorso-del-momento-civico\/#primaryimage\"},\"thumbnailUrl\":\"https:\/\/progettotouring.it\/radiotouring104\/wp-content\/uploads\/sites\/6\/2022\/12\/Comune-di-Villa-S.G.jpg\",\"datePublished\":\"2024-02-20T11:10:42+00:00\",\"description\":\"La decisione del difensore civico regione sul ricorso avverso il diniego d'accesso presentato dal rappresentante del Momento Civico, Morabito\",\"breadcrumb\":{\"@id\":\"https:\/\/progettotouring.it\/radiotouring104\/2024\/02\/20\/villa-s-g-nota-dellamministrazione-sul-ricorso-del-momento-civico\/#breadcrumb\"},\"inLanguage\":\"it-IT\",\"potentialAction\":[{\"@type\":\"ReadAction\",\"target\":[\"https:\/\/progettotouring.it\/radiotouring104\/2024\/02\/20\/villa-s-g-nota-dellamministrazione-sul-ricorso-del-momento-civico\/\"]}]},{\"@type\":\"ImageObject\",\"inLanguage\":\"it-IT\",\"@id\":\"https:\/\/progettotouring.it\/radiotouring104\/2024\/02\/20\/villa-s-g-nota-dellamministrazione-sul-ricorso-del-momento-civico\/#primaryimage\",\"url\":\"https:\/\/progettotouring.it\/radiotouring104\/wp-content\/uploads\/sites\/6\/2022\/12\/Comune-di-Villa-S.G.jpg\",\"contentUrl\":\"https:\/\/progettotouring.it\/radiotouring104\/wp-content\/uploads\/sites\/6\/2022\/12\/Comune-di-Villa-S.G.jpg\",\"width\":857,\"height\":857},{\"@type\":\"BreadcrumbList\",\"@id\":\"https:\/\/progettotouring.it\/radiotouring104\/2024\/02\/20\/villa-s-g-nota-dellamministrazione-sul-ricorso-del-momento-civico\/#breadcrumb\",\"itemListElement\":[{\"@type\":\"ListItem\",\"position\":1,\"name\":\"Home\",\"item\":\"https:\/\/progettotouring.it\/radiotouring104\/\"},{\"@type\":\"ListItem\",\"position\":2,\"name\":\"Villa S.G.: nota dell&#8217;Amministrazione sul ricorso del Momento Civico\"}]},{\"@type\":\"WebSite\",\"@id\":\"https:\/\/progettotouring.it\/radiotouring104\/#website\",\"url\":\"https:\/\/progettotouring.it\/radiotouring104\/\",\"name\":\"Radio Touring 104\",\"description\":\"La prima radio Reggina\",\"publisher\":{\"@id\":\"https:\/\/progettotouring.it\/radiotouring104\/#organization\"},\"potentialAction\":[{\"@type\":\"SearchAction\",\"target\":{\"@type\":\"EntryPoint\",\"urlTemplate\":\"https:\/\/progettotouring.it\/radiotouring104\/?s={search_term_string}\"},\"query-input\":{\"@type\":\"PropertyValueSpecification\",\"valueRequired\":true,\"valueName\":\"search_term_string\"}}],\"inLanguage\":\"it-IT\"},{\"@type\":\"Organization\",\"@id\":\"https:\/\/progettotouring.it\/radiotouring104\/#organization\",\"name\":\"Radio Touring 104\",\"url\":\"https:\/\/progettotouring.it\/radiotouring104\/\",\"logo\":{\"@type\":\"ImageObject\",\"inLanguage\":\"it-IT\",\"@id\":\"https:\/\/progettotouring.it\/radiotouring104\/#\/schema\/logo\/image\/\",\"url\":\"https:\/\/progettotouring.it\/radiotouring104\/wp-content\/uploads\/sites\/6\/2022\/02\/cropped-logo-radio-touring-104.png\",\"contentUrl\":\"https:\/\/progettotouring.it\/radiotouring104\/wp-content\/uploads\/sites\/6\/2022\/02\/cropped-logo-radio-touring-104.png\",\"width\":377,\"height\":182,\"caption\":\"Radio Touring 104\"},\"image\":{\"@id\":\"https:\/\/progettotouring.it\/radiotouring104\/#\/schema\/logo\/image\/\"}},{\"@type\":\"Person\",\"@id\":\"https:\/\/progettotouring.it\/radiotouring104\/#\/schema\/person\/78613917f1851f041f7483f5af1d422e\",\"name\":\"Sebastiano Plutino\",\"image\":{\"@type\":\"ImageObject\",\"inLanguage\":\"it-IT\",\"@id\":\"https:\/\/secure.gravatar.com\/avatar\/0546ffaa9b79224faf9f2a156b67a529ae861d3287c66c1d8ccfdf909bcba78d?s=96&d=mm&r=g\",\"url\":\"https:\/\/secure.gravatar.com\/avatar\/0546ffaa9b79224faf9f2a156b67a529ae861d3287c66c1d8ccfdf909bcba78d?s=96&d=mm&r=g\",\"contentUrl\":\"https:\/\/secure.gravatar.com\/avatar\/0546ffaa9b79224faf9f2a156b67a529ae861d3287c66c1d8ccfdf909bcba78d?s=96&d=mm&r=g\",\"caption\":\"Sebastiano Plutino\"},\"url\":\"https:\/\/progettotouring.it\/radiotouring104\/author\/sebastiano\/\"}]}<\/script>\n<!-- \/ Yoast SEO plugin. -->","yoast_head_json":{"title":"Villa S.G.: nota dell'Amministrazione sul ricorso del Momento Civico","description":"La decisione del difensore civico regione sul ricorso avverso il diniego d'accesso presentato dal rappresentante del Momento Civico, Morabito","robots":{"index":"index","follow":"follow","max-snippet":"max-snippet:-1","max-image-preview":"max-image-preview:large","max-video-preview":"max-video-preview:-1"},"canonical":"https:\/\/progettotouring.it\/radiotouring104\/2024\/02\/20\/villa-s-g-nota-dellamministrazione-sul-ricorso-del-momento-civico\/","og_locale":"it_IT","og_type":"article","og_title":"Villa S.G.: nota dell'Amministrazione sul ricorso del Momento Civico","og_description":"La decisione del difensore civico regione sul ricorso avverso il diniego d'accesso presentato dal rappresentante del Momento Civico, Morabito","og_url":"https:\/\/progettotouring.it\/radiotouring104\/2024\/02\/20\/villa-s-g-nota-dellamministrazione-sul-ricorso-del-momento-civico\/","og_site_name":"Radio Touring 104","article_published_time":"2024-02-20T11:10:42+00:00","og_image":[{"width":857,"height":857,"url":"https:\/\/progettotouring.it\/radiotouring104\/wp-content\/uploads\/sites\/6\/2022\/12\/Comune-di-Villa-S.G.jpg","type":"image\/jpeg"}],"author":"Sebastiano Plutino","twitter_card":"summary_large_image","twitter_misc":{"Scritto da":"Sebastiano Plutino","Tempo di lettura stimato":"2 minuti"},"schema":{"@context":"https:\/\/schema.org","@graph":[{"@type":"Article","@id":"https:\/\/progettotouring.it\/radiotouring104\/2024\/02\/20\/villa-s-g-nota-dellamministrazione-sul-ricorso-del-momento-civico\/#article","isPartOf":{"@id":"https:\/\/progettotouring.it\/radiotouring104\/2024\/02\/20\/villa-s-g-nota-dellamministrazione-sul-ricorso-del-momento-civico\/"},"author":{"name":"Sebastiano Plutino","@id":"https:\/\/progettotouring.it\/radiotouring104\/#\/schema\/person\/78613917f1851f041f7483f5af1d422e"},"headline":"Villa S.G.: nota dell&#8217;Amministrazione sul ricorso del Momento Civico","datePublished":"2024-02-20T11:10:42+00:00","mainEntityOfPage":{"@id":"https:\/\/progettotouring.it\/radiotouring104\/2024\/02\/20\/villa-s-g-nota-dellamministrazione-sul-ricorso-del-momento-civico\/"},"wordCount":445,"publisher":{"@id":"https:\/\/progettotouring.it\/radiotouring104\/#organization"},"image":{"@id":"https:\/\/progettotouring.it\/radiotouring104\/2024\/02\/20\/villa-s-g-nota-dellamministrazione-sul-ricorso-del-momento-civico\/#primaryimage"},"thumbnailUrl":"https:\/\/progettotouring.it\/radiotouring104\/wp-content\/uploads\/sites\/6\/2022\/12\/Comune-di-Villa-S.G.jpg","keywords":["Amministrazione di Villa San Giovani","difensore civico regione","movimento civico","ricorso avverso il diniego d'accesso","signor Morabito"],"articleSection":["Home","News","Reggio Calabria"],"inLanguage":"it-IT"},{"@type":"WebPage","@id":"https:\/\/progettotouring.it\/radiotouring104\/2024\/02\/20\/villa-s-g-nota-dellamministrazione-sul-ricorso-del-momento-civico\/","url":"https:\/\/progettotouring.it\/radiotouring104\/2024\/02\/20\/villa-s-g-nota-dellamministrazione-sul-ricorso-del-momento-civico\/","name":"Villa S.G.: nota dell'Amministrazione sul ricorso del Momento Civico","isPartOf":{"@id":"https:\/\/progettotouring.it\/radiotouring104\/#website"},"primaryImageOfPage":{"@id":"https:\/\/progettotouring.it\/radiotouring104\/2024\/02\/20\/villa-s-g-nota-dellamministrazione-sul-ricorso-del-momento-civico\/#primaryimage"},"image":{"@id":"https:\/\/progettotouring.it\/radiotouring104\/2024\/02\/20\/villa-s-g-nota-dellamministrazione-sul-ricorso-del-momento-civico\/#primaryimage"},"thumbnailUrl":"https:\/\/progettotouring.it\/radiotouring104\/wp-content\/uploads\/sites\/6\/2022\/12\/Comune-di-Villa-S.G.jpg","datePublished":"2024-02-20T11:10:42+00:00","description":"La decisione del difensore civico regione sul ricorso avverso il diniego d'accesso presentato dal rappresentante del Momento Civico, Morabito","breadcrumb":{"@id":"https:\/\/progettotouring.it\/radiotouring104\/2024\/02\/20\/villa-s-g-nota-dellamministrazione-sul-ricorso-del-momento-civico\/#breadcrumb"},"inLanguage":"it-IT","potentialAction":[{"@type":"ReadAction","target":["https:\/\/progettotouring.it\/radiotouring104\/2024\/02\/20\/villa-s-g-nota-dellamministrazione-sul-ricorso-del-momento-civico\/"]}]},{"@type":"ImageObject","inLanguage":"it-IT","@id":"https:\/\/progettotouring.it\/radiotouring104\/2024\/02\/20\/villa-s-g-nota-dellamministrazione-sul-ricorso-del-momento-civico\/#primaryimage","url":"https:\/\/progettotouring.it\/radiotouring104\/wp-content\/uploads\/sites\/6\/2022\/12\/Comune-di-Villa-S.G.jpg","contentUrl":"https:\/\/progettotouring.it\/radiotouring104\/wp-content\/uploads\/sites\/6\/2022\/12\/Comune-di-Villa-S.G.jpg","width":857,"height":857},{"@type":"BreadcrumbList","@id":"https:\/\/progettotouring.it\/radiotouring104\/2024\/02\/20\/villa-s-g-nota-dellamministrazione-sul-ricorso-del-momento-civico\/#breadcrumb","itemListElement":[{"@type":"ListItem","position":1,"name":"Home","item":"https:\/\/progettotouring.it\/radiotouring104\/"},{"@type":"ListItem","position":2,"name":"Villa S.G.: nota dell&#8217;Amministrazione sul ricorso del Momento Civico"}]},{"@type":"WebSite","@id":"https:\/\/progettotouring.it\/radiotouring104\/#website","url":"https:\/\/progettotouring.it\/radiotouring104\/","name":"Radio Touring 104","description":"La prima radio Reggina","publisher":{"@id":"https:\/\/progettotouring.it\/radiotouring104\/#organization"},"potentialAction":[{"@type":"SearchAction","target":{"@type":"EntryPoint","urlTemplate":"https:\/\/progettotouring.it\/radiotouring104\/?s={search_term_string}"},"query-input":{"@type":"PropertyValueSpecification","valueRequired":true,"valueName":"search_term_string"}}],"inLanguage":"it-IT"},{"@type":"Organization","@id":"https:\/\/progettotouring.it\/radiotouring104\/#organization","name":"Radio Touring 104","url":"https:\/\/progettotouring.it\/radiotouring104\/","logo":{"@type":"ImageObject","inLanguage":"it-IT","@id":"https:\/\/progettotouring.it\/radiotouring104\/#\/schema\/logo\/image\/","url":"https:\/\/progettotouring.it\/radiotouring104\/wp-content\/uploads\/sites\/6\/2022\/02\/cropped-logo-radio-touring-104.png","contentUrl":"https:\/\/progettotouring.it\/radiotouring104\/wp-content\/uploads\/sites\/6\/2022\/02\/cropped-logo-radio-touring-104.png","width":377,"height":182,"caption":"Radio Touring 104"},"image":{"@id":"https:\/\/progettotouring.it\/radiotouring104\/#\/schema\/logo\/image\/"}},{"@type":"Person","@id":"https:\/\/progettotouring.it\/radiotouring104\/#\/schema\/person\/78613917f1851f041f7483f5af1d422e","name":"Sebastiano Plutino","image":{"@type":"ImageObject","inLanguage":"it-IT","@id":"https:\/\/secure.gravatar.com\/avatar\/0546ffaa9b79224faf9f2a156b67a529ae861d3287c66c1d8ccfdf909bcba78d?s=96&d=mm&r=g","url":"https:\/\/secure.gravatar.com\/avatar\/0546ffaa9b79224faf9f2a156b67a529ae861d3287c66c1d8ccfdf909bcba78d?s=96&d=mm&r=g","contentUrl":"https:\/\/secure.gravatar.com\/avatar\/0546ffaa9b79224faf9f2a156b67a529ae861d3287c66c1d8ccfdf909bcba78d?s=96&d=mm&r=g","caption":"Sebastiano Plutino"},"url":"https:\/\/progettotouring.it\/radiotouring104\/author\/sebastiano\/"}]}},"jetpack_publicize_connections":[],"jetpack_featured_media_url":"https:\/\/progettotouring.it\/radiotouring104\/wp-content\/uploads\/sites\/6\/2022\/12\/Comune-di-Villa-S.G.jpg","jetpack_sharing_enabled":true,"_links":{"self":[{"href":"https:\/\/progettotouring.it\/radiotouring104\/wp-json\/wp\/v2\/posts\/45056","targetHints":{"allow":["GET"]}}],"collection":[{"href":"https:\/\/progettotouring.it\/radiotouring104\/wp-json\/wp\/v2\/posts"}],"about":[{"href":"https:\/\/progettotouring.it\/radiotouring104\/wp-json\/wp\/v2\/types\/post"}],"author":[{"embeddable":true,"href":"https:\/\/progettotouring.it\/radiotouring104\/wp-json\/wp\/v2\/users\/12"}],"replies":[{"embeddable":true,"href":"https:\/\/progettotouring.it\/radiotouring104\/wp-json\/wp\/v2\/comments?post=45056"}],"version-history":[{"count":1,"href":"https:\/\/progettotouring.it\/radiotouring104\/wp-json\/wp\/v2\/posts\/45056\/revisions"}],"predecessor-version":[{"id":45057,"href":"https:\/\/progettotouring.it\/radiotouring104\/wp-json\/wp\/v2\/posts\/45056\/revisions\/45057"}],"wp:featuredmedia":[{"embeddable":true,"href":"https:\/\/progettotouring.it\/radiotouring104\/wp-json\/wp\/v2\/media\/15591"}],"wp:attachment":[{"href":"https:\/\/progettotouring.it\/radiotouring104\/wp-json\/wp\/v2\/media?parent=45056"}],"wp:term":[{"taxonomy":"category","embeddable":true,"href":"https:\/\/progettotouring.it\/radiotouring104\/wp-json\/wp\/v2\/categories?post=45056"},{"taxonomy":"post_tag","embeddable":true,"href":"https:\/\/progettotouring.it\/radiotouring104\/wp-json\/wp\/v2\/tags?post=45056"}],"curies":[{"name":"wp","href":"https:\/\/api.w.org\/{rel}","templated":true}]}}