{"id":45066,"date":"2024-02-20T12:46:32","date_gmt":"2024-02-20T11:46:32","guid":{"rendered":"https:\/\/progettotouring.it\/radiotouring104\/?p=45066"},"modified":"2024-02-20T12:46:32","modified_gmt":"2024-02-20T11:46:32","slug":"reggio-anas-comunica-chiusura-nella-notte-della-galleria-bagnara","status":"publish","type":"post","link":"https:\/\/progettotouring.it\/radiotouring104\/2024\/02\/20\/reggio-anas-comunica-chiusura-nella-notte-della-galleria-bagnara\/","title":{"rendered":"Reggio: Anas comunica chiusura nella notte della galleria &#8220;Bagnara&#8221;"},"content":{"rendered":"<p style=\"text-align: justify\">In aderenza agli obblighi discendenti dall\u2019applicazione del D Lgs 264\/2006, per le gallerie della rete transeuropea,\u00a0 questa notte, in coordinamento con le istituzioni locali, cos\u00ec come pianificato e supportato dalla Prefettura competente, si svolger\u00e0 un\u2019esercitazione\u00a0su scala reale, per l\u2019esecuzione della quale sar\u00e0 simulato un evento a potenziale impatto rilevante sulla gestione della viabilit\u00e0 nel tratto autostradale designato, tra gli svincoli di Bagnara e Scilla, in provincia di Reggio Calabria.<\/p>\n<p style=\"text-align: justify\">In particolare, sar\u00e0 simulato il sinistro tra veicoli con propagazione di incendio all&#8217;interno della galleria Bagnara.<\/p>\n<p style=\"text-align: justify\">Per consentire la piena aderenza allo scenario di intervento dei soccorsi, limitando il disagio all\u2019utenza, il tratto autostradale tra gli svincoli di Bagnara e Scilla, sar\u00e0 chiuso in direzione nord (sola carreggiata nord) a partire dalle ore 01:00 e in ragione delle esigenze derivanti dalla piena esecuzione della prova rester\u00e0 interdetto per circa due ore.<\/p>\n<p style=\"text-align: justify\">Il traffico veicolare leggero, in direzione nord, sar\u00e0 deviato mediante uscita obbligatoria presso lo svincolo di Scilla con immissione sulla SS18 &#8216;Tirrena Inferiore&#8217; e rientro in A2 presso lo svincolo di Bagnara.<\/p>\n<p style=\"text-align: justify\">I veicoli pesanti saranno accumulati in carreggiata autostradale fino a saturazione della tratta compresa tra la galleria Bagnara e lo svincolo di Scilla.<\/p>\n<p style=\"text-align: justify\">Durante l\u2019evento sar\u00e0 simulata una situazione di potenziale pericolo in galleria, a seguito di un evento incidentale di particolare gravit\u00e0 (incendio), che imporr\u00e0 l\u2019evacuazione immediata degli utenti in coda ed il soccorso agli infortunati.<\/p>\n<p style=\"text-align: justify\">La prova dal vero ha la finalit\u00e0 di testare l\u2019efficienza degli impianti tecnologici di sicurezza a servizio della galleria, le modalit\u00e0 operative previste dal piano di emergenza e i conseguenti tempi di intervento, nonch\u00e9 di esercitare le prassi di intervento di ciascun soccorritore istituzionale, Anas, Polstrada, Vigili del Fuoco, 118 oltre alle altre forze di polizia in attivazione di supporto.<\/p>\n<p style=\"text-align: justify\">Ulteriore valore \u00e8 quello di acquisire eventuali elementi utili al miglioramento della pianificazione in caso di incidenti in galleria e di ottimizzare le capacit\u00e0 operative organizzative e di coordinamento interforze.<\/p>\n<p style=\"text-align: justify\">Gli esiti della esercitazione\u00a0consentiranno di effettuare delle analisi sull\u2019accaduto che daranno luogo ad un aggiornamento del Piano Gestione Emergenza\u201d (PGE).<\/p>\n<p style=\"text-align: justify\">Anas, societ\u00e0 del Gruppo FS Italiane, ricorda che quando guidi, Guida e Basta! No distrazioni, no alcol, no droga per la tua sicurezza e quella degli altri (<a href=\"http:\/\/guidaebasta.it\/\" target=\"_blank\" rel=\"noopener noreferrer\">guidaebasta.it<\/a>). Per una mobilit\u00e0 informata l\u2019evoluzione della situazione del traffico in tempo reale \u00e8 consultabile anche su tutti gli smartphone e i tablet, grazie all\u2019applicazione \u201cVAI\u201d di Anas, disponibile gratuitamente in \u201cApp store\u201d e in \u201cPlay store\u201d. Il servizio clienti \u201cPronto Anas\u201d \u00e8 raggiungibile chiamando il numero verde gratuito 800.841.148.<\/p>\n","protected":false},"excerpt":{"rendered":"<p>In aderenza agli obblighi discendenti dall\u2019applicazione del D Lgs 264\/2006, per le gallerie della rete transeuropea,\u00a0 questa notte, in coordinamento con le istituzioni locali, cos\u00ec come pianificato e supportato dalla&hellip;<\/p>\n","protected":false},"author":12,"featured_media":33317,"comment_status":"closed","ping_status":"open","sticky":false,"template":"","format":"standard","meta":{"_jetpack_memberships_contains_paid_content":false,"footnotes":"","jetpack_publicize_message":"","jetpack_publicize_feature_enabled":true,"jetpack_social_post_already_shared":false,"jetpack_social_options":{"image_generator_settings":{"template":"highway","default_image_id":0,"font":"","enabled":false},"version":2}},"categories":[921,196,140],"tags":[2961,27838,26194,27839,27840],"class_list":["post-45066","post","type-post","status-publish","format-standard","has-post-thumbnail","hentry","category-home","category-news","category-reggio-calabria","tag-anas","tag-galleria-bagnara","tag-modifiche-viabilita","tag-svincolo-bagnara","tag-svincolo-scilla"],"yoast_head":"<!-- This site is optimized with the Yoast SEO plugin v27.2 - https:\/\/yoast.com\/product\/yoast-seo-wordpress\/ -->\n<title>Anas comunica chiusura della galleria &quot;Bagnara&quot;<\/title>\n<meta name=\"description\" content=\"Chiusa la galleria tra gli svincoli di Bagnara e Scilla. Modifiche alla viabilit\u00e0 nella fascia oraria compresa dalle ore 01:00 e le 03:20\" \/>\n<meta name=\"robots\" content=\"index, follow, max-snippet:-1, max-image-preview:large, max-video-preview:-1\" \/>\n<link rel=\"canonical\" href=\"https:\/\/progettotouring.it\/radiotouring104\/2024\/02\/20\/reggio-anas-comunica-chiusura-nella-notte-della-galleria-bagnara\/\" \/>\n<meta property=\"og:locale\" content=\"it_IT\" \/>\n<meta property=\"og:type\" content=\"article\" \/>\n<meta property=\"og:title\" content=\"Anas comunica chiusura della galleria &quot;Bagnara&quot;\" \/>\n<meta property=\"og:description\" content=\"Chiusa la galleria tra gli svincoli di Bagnara e Scilla. Modifiche alla viabilit\u00e0 nella fascia oraria compresa dalle ore 01:00 e le 03:20\" \/>\n<meta property=\"og:url\" content=\"https:\/\/progettotouring.it\/radiotouring104\/2024\/02\/20\/reggio-anas-comunica-chiusura-nella-notte-della-galleria-bagnara\/\" \/>\n<meta property=\"og:site_name\" content=\"Radio Touring 104\" \/>\n<meta property=\"article:published_time\" content=\"2024-02-20T11:46:32+00:00\" \/>\n<meta property=\"og:image\" content=\"https:\/\/progettotouring.it\/radiotouring104\/wp-content\/uploads\/sites\/6\/2023\/08\/nuovo-Logo-Anas.jpg\" \/>\n\t<meta property=\"og:image:width\" content=\"448\" \/>\n\t<meta property=\"og:image:height\" content=\"273\" \/>\n\t<meta property=\"og:image:type\" content=\"image\/jpeg\" \/>\n<meta name=\"author\" content=\"Sebastiano Plutino\" \/>\n<meta name=\"twitter:card\" content=\"summary_large_image\" \/>\n<meta name=\"twitter:label1\" content=\"Scritto da\" \/>\n\t<meta name=\"twitter:data1\" content=\"Sebastiano Plutino\" \/>\n\t<meta name=\"twitter:label2\" content=\"Tempo di lettura stimato\" \/>\n\t<meta name=\"twitter:data2\" content=\"2 minuti\" \/>\n<script type=\"application\/ld+json\" class=\"yoast-schema-graph\">{\"@context\":\"https:\/\/schema.org\",\"@graph\":[{\"@type\":\"Article\",\"@id\":\"https:\/\/progettotouring.it\/radiotouring104\/2024\/02\/20\/reggio-anas-comunica-chiusura-nella-notte-della-galleria-bagnara\/#article\",\"isPartOf\":{\"@id\":\"https:\/\/progettotouring.it\/radiotouring104\/2024\/02\/20\/reggio-anas-comunica-chiusura-nella-notte-della-galleria-bagnara\/\"},\"author\":{\"name\":\"Sebastiano Plutino\",\"@id\":\"https:\/\/progettotouring.it\/radiotouring104\/#\/schema\/person\/78613917f1851f041f7483f5af1d422e\"},\"headline\":\"Reggio: Anas comunica chiusura nella notte della galleria &#8220;Bagnara&#8221;\",\"datePublished\":\"2024-02-20T11:46:32+00:00\",\"mainEntityOfPage\":{\"@id\":\"https:\/\/progettotouring.it\/radiotouring104\/2024\/02\/20\/reggio-anas-comunica-chiusura-nella-notte-della-galleria-bagnara\/\"},\"wordCount\":431,\"publisher\":{\"@id\":\"https:\/\/progettotouring.it\/radiotouring104\/#organization\"},\"image\":{\"@id\":\"https:\/\/progettotouring.it\/radiotouring104\/2024\/02\/20\/reggio-anas-comunica-chiusura-nella-notte-della-galleria-bagnara\/#primaryimage\"},\"thumbnailUrl\":\"https:\/\/progettotouring.it\/radiotouring104\/wp-content\/uploads\/sites\/6\/2023\/08\/nuovo-Logo-Anas.jpg\",\"keywords\":[\"anas\",\"galleria Bagnara\",\"modifiche viabilit\u00e0\",\"svincolo Bagnara\",\"Svincolo Scilla\"],\"articleSection\":[\"Home\",\"News\",\"Reggio Calabria\"],\"inLanguage\":\"it-IT\"},{\"@type\":\"WebPage\",\"@id\":\"https:\/\/progettotouring.it\/radiotouring104\/2024\/02\/20\/reggio-anas-comunica-chiusura-nella-notte-della-galleria-bagnara\/\",\"url\":\"https:\/\/progettotouring.it\/radiotouring104\/2024\/02\/20\/reggio-anas-comunica-chiusura-nella-notte-della-galleria-bagnara\/\",\"name\":\"Anas comunica chiusura della galleria \\\"Bagnara\\\"\",\"isPartOf\":{\"@id\":\"https:\/\/progettotouring.it\/radiotouring104\/#website\"},\"primaryImageOfPage\":{\"@id\":\"https:\/\/progettotouring.it\/radiotouring104\/2024\/02\/20\/reggio-anas-comunica-chiusura-nella-notte-della-galleria-bagnara\/#primaryimage\"},\"image\":{\"@id\":\"https:\/\/progettotouring.it\/radiotouring104\/2024\/02\/20\/reggio-anas-comunica-chiusura-nella-notte-della-galleria-bagnara\/#primaryimage\"},\"thumbnailUrl\":\"https:\/\/progettotouring.it\/radiotouring104\/wp-content\/uploads\/sites\/6\/2023\/08\/nuovo-Logo-Anas.jpg\",\"datePublished\":\"2024-02-20T11:46:32+00:00\",\"description\":\"Chiusa la galleria tra gli svincoli di Bagnara e Scilla. Modifiche alla viabilit\u00e0 nella fascia oraria compresa dalle ore 01:00 e le 03:20\",\"breadcrumb\":{\"@id\":\"https:\/\/progettotouring.it\/radiotouring104\/2024\/02\/20\/reggio-anas-comunica-chiusura-nella-notte-della-galleria-bagnara\/#breadcrumb\"},\"inLanguage\":\"it-IT\",\"potentialAction\":[{\"@type\":\"ReadAction\",\"target\":[\"https:\/\/progettotouring.it\/radiotouring104\/2024\/02\/20\/reggio-anas-comunica-chiusura-nella-notte-della-galleria-bagnara\/\"]}]},{\"@type\":\"ImageObject\",\"inLanguage\":\"it-IT\",\"@id\":\"https:\/\/progettotouring.it\/radiotouring104\/2024\/02\/20\/reggio-anas-comunica-chiusura-nella-notte-della-galleria-bagnara\/#primaryimage\",\"url\":\"https:\/\/progettotouring.it\/radiotouring104\/wp-content\/uploads\/sites\/6\/2023\/08\/nuovo-Logo-Anas.jpg\",\"contentUrl\":\"https:\/\/progettotouring.it\/radiotouring104\/wp-content\/uploads\/sites\/6\/2023\/08\/nuovo-Logo-Anas.jpg\",\"width\":448,\"height\":273},{\"@type\":\"BreadcrumbList\",\"@id\":\"https:\/\/progettotouring.it\/radiotouring104\/2024\/02\/20\/reggio-anas-comunica-chiusura-nella-notte-della-galleria-bagnara\/#breadcrumb\",\"itemListElement\":[{\"@type\":\"ListItem\",\"position\":1,\"name\":\"Home\",\"item\":\"https:\/\/progettotouring.it\/radiotouring104\/\"},{\"@type\":\"ListItem\",\"position\":2,\"name\":\"Reggio: Anas comunica chiusura nella notte della galleria &#8220;Bagnara&#8221;\"}]},{\"@type\":\"WebSite\",\"@id\":\"https:\/\/progettotouring.it\/radiotouring104\/#website\",\"url\":\"https:\/\/progettotouring.it\/radiotouring104\/\",\"name\":\"Radio Touring 104\",\"description\":\"La prima radio Reggina\",\"publisher\":{\"@id\":\"https:\/\/progettotouring.it\/radiotouring104\/#organization\"},\"potentialAction\":[{\"@type\":\"SearchAction\",\"target\":{\"@type\":\"EntryPoint\",\"urlTemplate\":\"https:\/\/progettotouring.it\/radiotouring104\/?s={search_term_string}\"},\"query-input\":{\"@type\":\"PropertyValueSpecification\",\"valueRequired\":true,\"valueName\":\"search_term_string\"}}],\"inLanguage\":\"it-IT\"},{\"@type\":\"Organization\",\"@id\":\"https:\/\/progettotouring.it\/radiotouring104\/#organization\",\"name\":\"Radio Touring 104\",\"url\":\"https:\/\/progettotouring.it\/radiotouring104\/\",\"logo\":{\"@type\":\"ImageObject\",\"inLanguage\":\"it-IT\",\"@id\":\"https:\/\/progettotouring.it\/radiotouring104\/#\/schema\/logo\/image\/\",\"url\":\"https:\/\/progettotouring.it\/radiotouring104\/wp-content\/uploads\/sites\/6\/2022\/02\/cropped-logo-radio-touring-104.png\",\"contentUrl\":\"https:\/\/progettotouring.it\/radiotouring104\/wp-content\/uploads\/sites\/6\/2022\/02\/cropped-logo-radio-touring-104.png\",\"width\":377,\"height\":182,\"caption\":\"Radio Touring 104\"},\"image\":{\"@id\":\"https:\/\/progettotouring.it\/radiotouring104\/#\/schema\/logo\/image\/\"}},{\"@type\":\"Person\",\"@id\":\"https:\/\/progettotouring.it\/radiotouring104\/#\/schema\/person\/78613917f1851f041f7483f5af1d422e\",\"name\":\"Sebastiano Plutino\",\"image\":{\"@type\":\"ImageObject\",\"inLanguage\":\"it-IT\",\"@id\":\"https:\/\/secure.gravatar.com\/avatar\/0546ffaa9b79224faf9f2a156b67a529ae861d3287c66c1d8ccfdf909bcba78d?s=96&d=mm&r=g\",\"url\":\"https:\/\/secure.gravatar.com\/avatar\/0546ffaa9b79224faf9f2a156b67a529ae861d3287c66c1d8ccfdf909bcba78d?s=96&d=mm&r=g\",\"contentUrl\":\"https:\/\/secure.gravatar.com\/avatar\/0546ffaa9b79224faf9f2a156b67a529ae861d3287c66c1d8ccfdf909bcba78d?s=96&d=mm&r=g\",\"caption\":\"Sebastiano Plutino\"},\"url\":\"https:\/\/progettotouring.it\/radiotouring104\/author\/sebastiano\/\"}]}<\/script>\n<!-- \/ Yoast SEO plugin. -->","yoast_head_json":{"title":"Anas comunica chiusura della galleria \"Bagnara\"","description":"Chiusa la galleria tra gli svincoli di Bagnara e Scilla. Modifiche alla viabilit\u00e0 nella fascia oraria compresa dalle ore 01:00 e le 03:20","robots":{"index":"index","follow":"follow","max-snippet":"max-snippet:-1","max-image-preview":"max-image-preview:large","max-video-preview":"max-video-preview:-1"},"canonical":"https:\/\/progettotouring.it\/radiotouring104\/2024\/02\/20\/reggio-anas-comunica-chiusura-nella-notte-della-galleria-bagnara\/","og_locale":"it_IT","og_type":"article","og_title":"Anas comunica chiusura della galleria \"Bagnara\"","og_description":"Chiusa la galleria tra gli svincoli di Bagnara e Scilla. Modifiche alla viabilit\u00e0 nella fascia oraria compresa dalle ore 01:00 e le 03:20","og_url":"https:\/\/progettotouring.it\/radiotouring104\/2024\/02\/20\/reggio-anas-comunica-chiusura-nella-notte-della-galleria-bagnara\/","og_site_name":"Radio Touring 104","article_published_time":"2024-02-20T11:46:32+00:00","og_image":[{"width":448,"height":273,"url":"https:\/\/progettotouring.it\/radiotouring104\/wp-content\/uploads\/sites\/6\/2023\/08\/nuovo-Logo-Anas.jpg","type":"image\/jpeg"}],"author":"Sebastiano Plutino","twitter_card":"summary_large_image","twitter_misc":{"Scritto da":"Sebastiano Plutino","Tempo di lettura stimato":"2 minuti"},"schema":{"@context":"https:\/\/schema.org","@graph":[{"@type":"Article","@id":"https:\/\/progettotouring.it\/radiotouring104\/2024\/02\/20\/reggio-anas-comunica-chiusura-nella-notte-della-galleria-bagnara\/#article","isPartOf":{"@id":"https:\/\/progettotouring.it\/radiotouring104\/2024\/02\/20\/reggio-anas-comunica-chiusura-nella-notte-della-galleria-bagnara\/"},"author":{"name":"Sebastiano Plutino","@id":"https:\/\/progettotouring.it\/radiotouring104\/#\/schema\/person\/78613917f1851f041f7483f5af1d422e"},"headline":"Reggio: Anas comunica chiusura nella notte della galleria &#8220;Bagnara&#8221;","datePublished":"2024-02-20T11:46:32+00:00","mainEntityOfPage":{"@id":"https:\/\/progettotouring.it\/radiotouring104\/2024\/02\/20\/reggio-anas-comunica-chiusura-nella-notte-della-galleria-bagnara\/"},"wordCount":431,"publisher":{"@id":"https:\/\/progettotouring.it\/radiotouring104\/#organization"},"image":{"@id":"https:\/\/progettotouring.it\/radiotouring104\/2024\/02\/20\/reggio-anas-comunica-chiusura-nella-notte-della-galleria-bagnara\/#primaryimage"},"thumbnailUrl":"https:\/\/progettotouring.it\/radiotouring104\/wp-content\/uploads\/sites\/6\/2023\/08\/nuovo-Logo-Anas.jpg","keywords":["anas","galleria Bagnara","modifiche viabilit\u00e0","svincolo Bagnara","Svincolo Scilla"],"articleSection":["Home","News","Reggio Calabria"],"inLanguage":"it-IT"},{"@type":"WebPage","@id":"https:\/\/progettotouring.it\/radiotouring104\/2024\/02\/20\/reggio-anas-comunica-chiusura-nella-notte-della-galleria-bagnara\/","url":"https:\/\/progettotouring.it\/radiotouring104\/2024\/02\/20\/reggio-anas-comunica-chiusura-nella-notte-della-galleria-bagnara\/","name":"Anas comunica chiusura della galleria \"Bagnara\"","isPartOf":{"@id":"https:\/\/progettotouring.it\/radiotouring104\/#website"},"primaryImageOfPage":{"@id":"https:\/\/progettotouring.it\/radiotouring104\/2024\/02\/20\/reggio-anas-comunica-chiusura-nella-notte-della-galleria-bagnara\/#primaryimage"},"image":{"@id":"https:\/\/progettotouring.it\/radiotouring104\/2024\/02\/20\/reggio-anas-comunica-chiusura-nella-notte-della-galleria-bagnara\/#primaryimage"},"thumbnailUrl":"https:\/\/progettotouring.it\/radiotouring104\/wp-content\/uploads\/sites\/6\/2023\/08\/nuovo-Logo-Anas.jpg","datePublished":"2024-02-20T11:46:32+00:00","description":"Chiusa la galleria tra gli svincoli di Bagnara e Scilla. Modifiche alla viabilit\u00e0 nella fascia oraria compresa dalle ore 01:00 e le 03:20","breadcrumb":{"@id":"https:\/\/progettotouring.it\/radiotouring104\/2024\/02\/20\/reggio-anas-comunica-chiusura-nella-notte-della-galleria-bagnara\/#breadcrumb"},"inLanguage":"it-IT","potentialAction":[{"@type":"ReadAction","target":["https:\/\/progettotouring.it\/radiotouring104\/2024\/02\/20\/reggio-anas-comunica-chiusura-nella-notte-della-galleria-bagnara\/"]}]},{"@type":"ImageObject","inLanguage":"it-IT","@id":"https:\/\/progettotouring.it\/radiotouring104\/2024\/02\/20\/reggio-anas-comunica-chiusura-nella-notte-della-galleria-bagnara\/#primaryimage","url":"https:\/\/progettotouring.it\/radiotouring104\/wp-content\/uploads\/sites\/6\/2023\/08\/nuovo-Logo-Anas.jpg","contentUrl":"https:\/\/progettotouring.it\/radiotouring104\/wp-content\/uploads\/sites\/6\/2023\/08\/nuovo-Logo-Anas.jpg","width":448,"height":273},{"@type":"BreadcrumbList","@id":"https:\/\/progettotouring.it\/radiotouring104\/2024\/02\/20\/reggio-anas-comunica-chiusura-nella-notte-della-galleria-bagnara\/#breadcrumb","itemListElement":[{"@type":"ListItem","position":1,"name":"Home","item":"https:\/\/progettotouring.it\/radiotouring104\/"},{"@type":"ListItem","position":2,"name":"Reggio: Anas comunica chiusura nella notte della galleria &#8220;Bagnara&#8221;"}]},{"@type":"WebSite","@id":"https:\/\/progettotouring.it\/radiotouring104\/#website","url":"https:\/\/progettotouring.it\/radiotouring104\/","name":"Radio Touring 104","description":"La prima radio Reggina","publisher":{"@id":"https:\/\/progettotouring.it\/radiotouring104\/#organization"},"potentialAction":[{"@type":"SearchAction","target":{"@type":"EntryPoint","urlTemplate":"https:\/\/progettotouring.it\/radiotouring104\/?s={search_term_string}"},"query-input":{"@type":"PropertyValueSpecification","valueRequired":true,"valueName":"search_term_string"}}],"inLanguage":"it-IT"},{"@type":"Organization","@id":"https:\/\/progettotouring.it\/radiotouring104\/#organization","name":"Radio Touring 104","url":"https:\/\/progettotouring.it\/radiotouring104\/","logo":{"@type":"ImageObject","inLanguage":"it-IT","@id":"https:\/\/progettotouring.it\/radiotouring104\/#\/schema\/logo\/image\/","url":"https:\/\/progettotouring.it\/radiotouring104\/wp-content\/uploads\/sites\/6\/2022\/02\/cropped-logo-radio-touring-104.png","contentUrl":"https:\/\/progettotouring.it\/radiotouring104\/wp-content\/uploads\/sites\/6\/2022\/02\/cropped-logo-radio-touring-104.png","width":377,"height":182,"caption":"Radio Touring 104"},"image":{"@id":"https:\/\/progettotouring.it\/radiotouring104\/#\/schema\/logo\/image\/"}},{"@type":"Person","@id":"https:\/\/progettotouring.it\/radiotouring104\/#\/schema\/person\/78613917f1851f041f7483f5af1d422e","name":"Sebastiano Plutino","image":{"@type":"ImageObject","inLanguage":"it-IT","@id":"https:\/\/secure.gravatar.com\/avatar\/0546ffaa9b79224faf9f2a156b67a529ae861d3287c66c1d8ccfdf909bcba78d?s=96&d=mm&r=g","url":"https:\/\/secure.gravatar.com\/avatar\/0546ffaa9b79224faf9f2a156b67a529ae861d3287c66c1d8ccfdf909bcba78d?s=96&d=mm&r=g","contentUrl":"https:\/\/secure.gravatar.com\/avatar\/0546ffaa9b79224faf9f2a156b67a529ae861d3287c66c1d8ccfdf909bcba78d?s=96&d=mm&r=g","caption":"Sebastiano Plutino"},"url":"https:\/\/progettotouring.it\/radiotouring104\/author\/sebastiano\/"}]}},"jetpack_publicize_connections":[],"jetpack_featured_media_url":"https:\/\/progettotouring.it\/radiotouring104\/wp-content\/uploads\/sites\/6\/2023\/08\/nuovo-Logo-Anas.jpg","jetpack_sharing_enabled":true,"_links":{"self":[{"href":"https:\/\/progettotouring.it\/radiotouring104\/wp-json\/wp\/v2\/posts\/45066","targetHints":{"allow":["GET"]}}],"collection":[{"href":"https:\/\/progettotouring.it\/radiotouring104\/wp-json\/wp\/v2\/posts"}],"about":[{"href":"https:\/\/progettotouring.it\/radiotouring104\/wp-json\/wp\/v2\/types\/post"}],"author":[{"embeddable":true,"href":"https:\/\/progettotouring.it\/radiotouring104\/wp-json\/wp\/v2\/users\/12"}],"replies":[{"embeddable":true,"href":"https:\/\/progettotouring.it\/radiotouring104\/wp-json\/wp\/v2\/comments?post=45066"}],"version-history":[{"count":1,"href":"https:\/\/progettotouring.it\/radiotouring104\/wp-json\/wp\/v2\/posts\/45066\/revisions"}],"predecessor-version":[{"id":45067,"href":"https:\/\/progettotouring.it\/radiotouring104\/wp-json\/wp\/v2\/posts\/45066\/revisions\/45067"}],"wp:featuredmedia":[{"embeddable":true,"href":"https:\/\/progettotouring.it\/radiotouring104\/wp-json\/wp\/v2\/media\/33317"}],"wp:attachment":[{"href":"https:\/\/progettotouring.it\/radiotouring104\/wp-json\/wp\/v2\/media?parent=45066"}],"wp:term":[{"taxonomy":"category","embeddable":true,"href":"https:\/\/progettotouring.it\/radiotouring104\/wp-json\/wp\/v2\/categories?post=45066"},{"taxonomy":"post_tag","embeddable":true,"href":"https:\/\/progettotouring.it\/radiotouring104\/wp-json\/wp\/v2\/tags?post=45066"}],"curies":[{"name":"wp","href":"https:\/\/api.w.org\/{rel}","templated":true}]}}