{"id":45068,"date":"2024-02-20T12:52:45","date_gmt":"2024-02-20T11:52:45","guid":{"rendered":"https:\/\/progettotouring.it\/radiotouring104\/?p=45068"},"modified":"2024-02-20T12:54:10","modified_gmt":"2024-02-20T11:54:10","slug":"corecom-premio-speciale-lucia-abiuso-contro-il-cyberbullismo","status":"publish","type":"post","link":"https:\/\/progettotouring.it\/radiotouring104\/2024\/02\/20\/corecom-premio-speciale-lucia-abiuso-contro-il-cyberbullismo\/","title":{"rendered":"Corecom: Premio Speciale \u201cLucia Abiuso\u201d contro il cyberbullismo."},"content":{"rendered":"<p style=\"text-align: justify\">\u201cPromuovere la cultura dell\u2019uso consapevole ed etico del web, il rispetto delle regole della comunicazione digitale, ma anche la valorizzazione degli individui, attraverso l\u2019attenzione e il rispetto delle diversit\u00e0, nonch\u00e9 l\u2019accrescimento della propensione alla solidariet\u00e0. Questi gli intenti cardine del Premio speciale \u201cLucia Abiuso\u201d la cui finalit\u00e0 primaria di \u201c<em>media education<\/em>\u201d \u00e8 quella di sensibilizzare i cittadini, in particolare i giovani, sul fenomeno del <em>cyberbullismo<\/em>.<\/p>\n<p style=\"text-align: justify\">Il <strong>Co.re.com Calabria<\/strong>, in collaborazione con la <strong>Presidenza del Consiglio regionale della Calabria<\/strong> e con il patrocinio di <strong>AGCOM<\/strong>, annuncia l\u2019apertura della fase di votazione per il <strong>Premio Speciale <em>\u201cLucia Abiuso<\/em>\u201d, dedicato alla memoria della professoressa Abiuso, che con la sua attivit\u00e0 ha lasciato un ricordo indelebile nel contesto dell\u2019educazione scolastica calabrese<\/strong>.<\/p>\n<p style=\"text-align: justify\">Quest\u2019evento riveste una straordinaria importanza poich\u00e9 segna un nuovo e innovativo approccio nella selezione dei vincitori attraverso l\u2019uso dei social media. La manifestazione si propone di promuovere e sostenere progetti educativi diffusi su tutto il territorio nazionale, concentrandosi sulla <strong>media education<\/strong> e sulla lotta al <strong>cyberbullismo<\/strong>, con particolare attenzione alla tutela dei minori e alla protezione degli utenti online.<\/p>\n<p style=\"text-align: justify\">La votazione avverr\u00e0 su tre piattaforme social: <strong>Facebook, Instagram e YouTube<\/strong>, e sar\u00e0 aperta fino al <strong>15 aprile<\/strong>. Gli utenti avranno l\u2019opportunit\u00e0 di esprimere le proprie preferenze votando i video che incarnano i valori del premio dedicato alla compianta docente. I tre video con il maggior numero di preferenze complessive saranno proclamati vincitori nelle rispettive sezioni di<strong> Facebook<\/strong>, <strong>Instagram e YouTube<\/strong>. Il video pi\u00f9 votato ricever\u00e0 il titolo di vincitore assoluto della manifestazione e sar\u00e0 promosso attraverso i canali ufficiali del Co.Re.Com. Calabria.<\/p>\n<p style=\"text-align: justify\">\u00abSaranno dichiarate vincitrici le opere che, a decorrere dalla data di pubblicazione sulle pagine\/canali social del Co.Re.Com. Calabria e fino alle ore 12 del 15 aprile 2024, otterranno il maggior numero di preferenze complessivo (like o mi piace), in senso assoluto e per categoria\u00bb, &#8211; ha dichiarato al riguardo l\u2019avvocato <strong>Michele Ripepi<\/strong> che, &#8211; con il supporto dei dipendenti <strong>Alessandra Chianese<\/strong>, <strong>Rita Cotroneo<\/strong>, <strong>Massimo Idone<\/strong>, <strong>Teresa Sando<\/strong> &#8211; in stretta collaborazione con il Comitato, ha coordinato l\u2019iter tecnico-burocratico del premio di seguito delineato.<\/p>\n<p style=\"text-align: justify\"><strong>Corecom Calabria. L\u2019impegno di Scarpino, Mazza e Petrolo al fine di: \u201cPromuovere nelle nuove generazioni calabresi l\u2019uso consapevole del web attraverso la media education\u201d <\/strong><\/p>\n<p style=\"text-align: justify\"><strong>Il vicepresidente Mario Mazza<\/strong> si dichiara \u00absoddisfatto per l\u2019innovativo approccio del <strong>Co.Re.Com. Calabria<\/strong> nell\u2019utilizzo dei social media per la selezione dei vincitori, stabilendo cos\u00ec un nuovo standard di eccellenza e coinvolgimento nella comunit\u00e0. Il premio Lucia Abiuso &#8211; ha chiosato Mario Mazza &#8211; intende accendere i riflettori nelle scuole calabresi, al fine di porre un ulteriore argine al cyberbullismo e a tutti gli atti di tipo offensivo e prevaricatorio perpetrati attraverso l\u2019utilizzo dei social e di internet\u00bb.<\/p>\n<p style=\"text-align: justify\">\u00abL\u2019intento cardine che intendiamo perseguire \u00e8 quello di promuovere, attraverso la media education, un approccio etico e consapevole dell\u2019uso del web da parte delle nuove generazioni &#8211; <strong>ha affermato al riguardo il segretario regionale del Corecom, Pasquale Petrolo<\/strong>. La rete presenta tante opportunit\u00e0 ma anche tante insidie, quali appunto il cyberbullismo. Da qui la necessit\u00e0 e quindi l\u2019impegno del Corecom della Calabria di sviluppare &#8211; di concerto soprattutto con le scuole e le universit\u00e0 calabresi &#8211; la comprensione critica di tali fenomeni e accrescere le competenze riguardo i nuovi linguaggi del mondo digitale, dei social e dei nuovi media\u00bb.<\/p>\n<p style=\"text-align: justify\"><strong>Il Presidente del Co.Re.Com. Fulvio Scarpino ha sottolineato<\/strong>: \u00abL\u2019importanza del Premio Speciale \u201cLucia Abiuso\u201d come tributo all\u2019impegno degli insegnanti e al talento dei giovani, che rappresentano il futuro della societ\u00e0. Il Premio si propone di celebrare il potere trasformativo dell\u2019istruzione e di fornire a ogni giovane l\u2019opportunit\u00e0 di realizzare il proprio potenziale per il bene della collettivit\u00e0. Questa iniziativa non solo contribuisce alla sensibilizzazione sulle tematiche cruciali della sicurezza digitale e della formazione mediatica, ma offre anche una piattaforma per il talento e l\u2019impegno degli studenti, ispirando speranza e cambiamento in un mondo sempre pi\u00f9 interconnesso digitalmente\u00bb.<\/p>\n<p style=\"text-align: justify\"><strong>N.B.<\/strong> Si invita a visionare le pagine social del Co.Re.Com. Calabria (Facebook, Instagram e YouTube)<\/p>\n","protected":false},"excerpt":{"rendered":"<p>\u201cPromuovere la cultura dell\u2019uso consapevole ed etico del web, il rispetto delle regole della comunicazione digitale, ma anche la valorizzazione degli individui, attraverso l\u2019attenzione e il rispetto delle diversit\u00e0, nonch\u00e9&hellip;<\/p>\n","protected":false},"author":12,"featured_media":45069,"comment_status":"closed","ping_status":"open","sticky":false,"template":"","format":"standard","meta":{"_jetpack_memberships_contains_paid_content":false,"footnotes":"","jetpack_publicize_message":"","jetpack_publicize_feature_enabled":true,"jetpack_social_post_already_shared":false,"jetpack_social_options":{"image_generator_settings":{"template":"highway","default_image_id":0,"font":"","enabled":false},"version":2}},"categories":[921,196,140],"tags":[5164,847,27841],"class_list":["post-45068","post","type-post","status-publish","format-standard","has-post-thumbnail","hentry","category-home","category-news","category-reggio-calabria","tag-corecom","tag-cyberbullismo","tag-premio-speciale-lucia-abiuso"],"yoast_head":"<!-- This site is optimized with the Yoast SEO plugin v27.2 - https:\/\/yoast.com\/product\/yoast-seo-wordpress\/ -->\n<title>Corecom: Premio Speciale \u201cLucia Abiuso\u201d contro il cyberbullismo.<\/title>\n<meta name=\"description\" content=\"Con iniziativa il Comitato Regionale per le Comunicazioni della Calabria si distingue nell\u2019impiego dei social media per selezione vincitori\" \/>\n<meta name=\"robots\" content=\"index, follow, max-snippet:-1, max-image-preview:large, max-video-preview:-1\" \/>\n<link rel=\"canonical\" href=\"https:\/\/progettotouring.it\/radiotouring104\/2024\/02\/20\/corecom-premio-speciale-lucia-abiuso-contro-il-cyberbullismo\/\" \/>\n<meta property=\"og:locale\" content=\"it_IT\" \/>\n<meta property=\"og:type\" content=\"article\" \/>\n<meta property=\"og:title\" content=\"Corecom: Premio Speciale \u201cLucia Abiuso\u201d contro il cyberbullismo.\" \/>\n<meta property=\"og:description\" content=\"Con iniziativa il Comitato Regionale per le Comunicazioni della Calabria si distingue nell\u2019impiego dei social media per selezione vincitori\" \/>\n<meta property=\"og:url\" content=\"https:\/\/progettotouring.it\/radiotouring104\/2024\/02\/20\/corecom-premio-speciale-lucia-abiuso-contro-il-cyberbullismo\/\" \/>\n<meta property=\"og:site_name\" content=\"Radio Touring 104\" \/>\n<meta property=\"article:published_time\" content=\"2024-02-20T11:52:45+00:00\" \/>\n<meta property=\"article:modified_time\" content=\"2024-02-20T11:54:10+00:00\" \/>\n<meta property=\"og:image\" content=\"https:\/\/progettotouring.it\/radiotouring104\/wp-content\/uploads\/sites\/6\/2024\/02\/Al-lavoro-per-il-Premio-Abiuso-scaled.jpg\" \/>\n\t<meta property=\"og:image:width\" content=\"2560\" \/>\n\t<meta property=\"og:image:height\" content=\"1107\" \/>\n\t<meta property=\"og:image:type\" content=\"image\/jpeg\" \/>\n<meta name=\"author\" content=\"Sebastiano Plutino\" \/>\n<meta name=\"twitter:card\" content=\"summary_large_image\" \/>\n<meta name=\"twitter:label1\" content=\"Scritto da\" \/>\n\t<meta name=\"twitter:data1\" content=\"Sebastiano Plutino\" \/>\n\t<meta name=\"twitter:label2\" content=\"Tempo di lettura stimato\" \/>\n\t<meta name=\"twitter:data2\" content=\"3 minuti\" \/>\n<script type=\"application\/ld+json\" class=\"yoast-schema-graph\">{\"@context\":\"https:\/\/schema.org\",\"@graph\":[{\"@type\":\"Article\",\"@id\":\"https:\/\/progettotouring.it\/radiotouring104\/2024\/02\/20\/corecom-premio-speciale-lucia-abiuso-contro-il-cyberbullismo\/#article\",\"isPartOf\":{\"@id\":\"https:\/\/progettotouring.it\/radiotouring104\/2024\/02\/20\/corecom-premio-speciale-lucia-abiuso-contro-il-cyberbullismo\/\"},\"author\":{\"name\":\"Sebastiano Plutino\",\"@id\":\"https:\/\/progettotouring.it\/radiotouring104\/#\/schema\/person\/78613917f1851f041f7483f5af1d422e\"},\"headline\":\"Corecom: Premio Speciale \u201cLucia Abiuso\u201d contro il cyberbullismo.\",\"datePublished\":\"2024-02-20T11:52:45+00:00\",\"dateModified\":\"2024-02-20T11:54:10+00:00\",\"mainEntityOfPage\":{\"@id\":\"https:\/\/progettotouring.it\/radiotouring104\/2024\/02\/20\/corecom-premio-speciale-lucia-abiuso-contro-il-cyberbullismo\/\"},\"wordCount\":693,\"publisher\":{\"@id\":\"https:\/\/progettotouring.it\/radiotouring104\/#organization\"},\"image\":{\"@id\":\"https:\/\/progettotouring.it\/radiotouring104\/2024\/02\/20\/corecom-premio-speciale-lucia-abiuso-contro-il-cyberbullismo\/#primaryimage\"},\"thumbnailUrl\":\"https:\/\/progettotouring.it\/radiotouring104\/wp-content\/uploads\/sites\/6\/2024\/02\/Al-lavoro-per-il-Premio-Abiuso-scaled.jpg\",\"keywords\":[\"Corecom\",\"Cyberbullismo\",\"Premio Speciale \u201cLucia Abiuso\u201d\"],\"articleSection\":[\"Home\",\"News\",\"Reggio Calabria\"],\"inLanguage\":\"it-IT\"},{\"@type\":\"WebPage\",\"@id\":\"https:\/\/progettotouring.it\/radiotouring104\/2024\/02\/20\/corecom-premio-speciale-lucia-abiuso-contro-il-cyberbullismo\/\",\"url\":\"https:\/\/progettotouring.it\/radiotouring104\/2024\/02\/20\/corecom-premio-speciale-lucia-abiuso-contro-il-cyberbullismo\/\",\"name\":\"Corecom: Premio Speciale \u201cLucia Abiuso\u201d contro il cyberbullismo.\",\"isPartOf\":{\"@id\":\"https:\/\/progettotouring.it\/radiotouring104\/#website\"},\"primaryImageOfPage\":{\"@id\":\"https:\/\/progettotouring.it\/radiotouring104\/2024\/02\/20\/corecom-premio-speciale-lucia-abiuso-contro-il-cyberbullismo\/#primaryimage\"},\"image\":{\"@id\":\"https:\/\/progettotouring.it\/radiotouring104\/2024\/02\/20\/corecom-premio-speciale-lucia-abiuso-contro-il-cyberbullismo\/#primaryimage\"},\"thumbnailUrl\":\"https:\/\/progettotouring.it\/radiotouring104\/wp-content\/uploads\/sites\/6\/2024\/02\/Al-lavoro-per-il-Premio-Abiuso-scaled.jpg\",\"datePublished\":\"2024-02-20T11:52:45+00:00\",\"dateModified\":\"2024-02-20T11:54:10+00:00\",\"description\":\"Con iniziativa il Comitato Regionale per le Comunicazioni della Calabria si distingue nell\u2019impiego dei social media per selezione vincitori\",\"breadcrumb\":{\"@id\":\"https:\/\/progettotouring.it\/radiotouring104\/2024\/02\/20\/corecom-premio-speciale-lucia-abiuso-contro-il-cyberbullismo\/#breadcrumb\"},\"inLanguage\":\"it-IT\",\"potentialAction\":[{\"@type\":\"ReadAction\",\"target\":[\"https:\/\/progettotouring.it\/radiotouring104\/2024\/02\/20\/corecom-premio-speciale-lucia-abiuso-contro-il-cyberbullismo\/\"]}]},{\"@type\":\"ImageObject\",\"inLanguage\":\"it-IT\",\"@id\":\"https:\/\/progettotouring.it\/radiotouring104\/2024\/02\/20\/corecom-premio-speciale-lucia-abiuso-contro-il-cyberbullismo\/#primaryimage\",\"url\":\"https:\/\/progettotouring.it\/radiotouring104\/wp-content\/uploads\/sites\/6\/2024\/02\/Al-lavoro-per-il-Premio-Abiuso-scaled.jpg\",\"contentUrl\":\"https:\/\/progettotouring.it\/radiotouring104\/wp-content\/uploads\/sites\/6\/2024\/02\/Al-lavoro-per-il-Premio-Abiuso-scaled.jpg\",\"width\":2560,\"height\":1107},{\"@type\":\"BreadcrumbList\",\"@id\":\"https:\/\/progettotouring.it\/radiotouring104\/2024\/02\/20\/corecom-premio-speciale-lucia-abiuso-contro-il-cyberbullismo\/#breadcrumb\",\"itemListElement\":[{\"@type\":\"ListItem\",\"position\":1,\"name\":\"Home\",\"item\":\"https:\/\/progettotouring.it\/radiotouring104\/\"},{\"@type\":\"ListItem\",\"position\":2,\"name\":\"Corecom: Premio Speciale \u201cLucia Abiuso\u201d contro il cyberbullismo.\"}]},{\"@type\":\"WebSite\",\"@id\":\"https:\/\/progettotouring.it\/radiotouring104\/#website\",\"url\":\"https:\/\/progettotouring.it\/radiotouring104\/\",\"name\":\"Radio Touring 104\",\"description\":\"La prima radio Reggina\",\"publisher\":{\"@id\":\"https:\/\/progettotouring.it\/radiotouring104\/#organization\"},\"potentialAction\":[{\"@type\":\"SearchAction\",\"target\":{\"@type\":\"EntryPoint\",\"urlTemplate\":\"https:\/\/progettotouring.it\/radiotouring104\/?s={search_term_string}\"},\"query-input\":{\"@type\":\"PropertyValueSpecification\",\"valueRequired\":true,\"valueName\":\"search_term_string\"}}],\"inLanguage\":\"it-IT\"},{\"@type\":\"Organization\",\"@id\":\"https:\/\/progettotouring.it\/radiotouring104\/#organization\",\"name\":\"Radio Touring 104\",\"url\":\"https:\/\/progettotouring.it\/radiotouring104\/\",\"logo\":{\"@type\":\"ImageObject\",\"inLanguage\":\"it-IT\",\"@id\":\"https:\/\/progettotouring.it\/radiotouring104\/#\/schema\/logo\/image\/\",\"url\":\"https:\/\/progettotouring.it\/radiotouring104\/wp-content\/uploads\/sites\/6\/2022\/02\/cropped-logo-radio-touring-104.png\",\"contentUrl\":\"https:\/\/progettotouring.it\/radiotouring104\/wp-content\/uploads\/sites\/6\/2022\/02\/cropped-logo-radio-touring-104.png\",\"width\":377,\"height\":182,\"caption\":\"Radio Touring 104\"},\"image\":{\"@id\":\"https:\/\/progettotouring.it\/radiotouring104\/#\/schema\/logo\/image\/\"}},{\"@type\":\"Person\",\"@id\":\"https:\/\/progettotouring.it\/radiotouring104\/#\/schema\/person\/78613917f1851f041f7483f5af1d422e\",\"name\":\"Sebastiano Plutino\",\"image\":{\"@type\":\"ImageObject\",\"inLanguage\":\"it-IT\",\"@id\":\"https:\/\/secure.gravatar.com\/avatar\/0546ffaa9b79224faf9f2a156b67a529ae861d3287c66c1d8ccfdf909bcba78d?s=96&d=mm&r=g\",\"url\":\"https:\/\/secure.gravatar.com\/avatar\/0546ffaa9b79224faf9f2a156b67a529ae861d3287c66c1d8ccfdf909bcba78d?s=96&d=mm&r=g\",\"contentUrl\":\"https:\/\/secure.gravatar.com\/avatar\/0546ffaa9b79224faf9f2a156b67a529ae861d3287c66c1d8ccfdf909bcba78d?s=96&d=mm&r=g\",\"caption\":\"Sebastiano Plutino\"},\"url\":\"https:\/\/progettotouring.it\/radiotouring104\/author\/sebastiano\/\"}]}<\/script>\n<!-- \/ Yoast SEO plugin. -->","yoast_head_json":{"title":"Corecom: Premio Speciale \u201cLucia Abiuso\u201d contro il cyberbullismo.","description":"Con iniziativa il Comitato Regionale per le Comunicazioni della Calabria si distingue nell\u2019impiego dei social media per selezione vincitori","robots":{"index":"index","follow":"follow","max-snippet":"max-snippet:-1","max-image-preview":"max-image-preview:large","max-video-preview":"max-video-preview:-1"},"canonical":"https:\/\/progettotouring.it\/radiotouring104\/2024\/02\/20\/corecom-premio-speciale-lucia-abiuso-contro-il-cyberbullismo\/","og_locale":"it_IT","og_type":"article","og_title":"Corecom: Premio Speciale \u201cLucia Abiuso\u201d contro il cyberbullismo.","og_description":"Con iniziativa il Comitato Regionale per le Comunicazioni della Calabria si distingue nell\u2019impiego dei social media per selezione vincitori","og_url":"https:\/\/progettotouring.it\/radiotouring104\/2024\/02\/20\/corecom-premio-speciale-lucia-abiuso-contro-il-cyberbullismo\/","og_site_name":"Radio Touring 104","article_published_time":"2024-02-20T11:52:45+00:00","article_modified_time":"2024-02-20T11:54:10+00:00","og_image":[{"width":2560,"height":1107,"url":"https:\/\/progettotouring.it\/radiotouring104\/wp-content\/uploads\/sites\/6\/2024\/02\/Al-lavoro-per-il-Premio-Abiuso-scaled.jpg","type":"image\/jpeg"}],"author":"Sebastiano Plutino","twitter_card":"summary_large_image","twitter_misc":{"Scritto da":"Sebastiano Plutino","Tempo di lettura stimato":"3 minuti"},"schema":{"@context":"https:\/\/schema.org","@graph":[{"@type":"Article","@id":"https:\/\/progettotouring.it\/radiotouring104\/2024\/02\/20\/corecom-premio-speciale-lucia-abiuso-contro-il-cyberbullismo\/#article","isPartOf":{"@id":"https:\/\/progettotouring.it\/radiotouring104\/2024\/02\/20\/corecom-premio-speciale-lucia-abiuso-contro-il-cyberbullismo\/"},"author":{"name":"Sebastiano Plutino","@id":"https:\/\/progettotouring.it\/radiotouring104\/#\/schema\/person\/78613917f1851f041f7483f5af1d422e"},"headline":"Corecom: Premio Speciale \u201cLucia Abiuso\u201d contro il cyberbullismo.","datePublished":"2024-02-20T11:52:45+00:00","dateModified":"2024-02-20T11:54:10+00:00","mainEntityOfPage":{"@id":"https:\/\/progettotouring.it\/radiotouring104\/2024\/02\/20\/corecom-premio-speciale-lucia-abiuso-contro-il-cyberbullismo\/"},"wordCount":693,"publisher":{"@id":"https:\/\/progettotouring.it\/radiotouring104\/#organization"},"image":{"@id":"https:\/\/progettotouring.it\/radiotouring104\/2024\/02\/20\/corecom-premio-speciale-lucia-abiuso-contro-il-cyberbullismo\/#primaryimage"},"thumbnailUrl":"https:\/\/progettotouring.it\/radiotouring104\/wp-content\/uploads\/sites\/6\/2024\/02\/Al-lavoro-per-il-Premio-Abiuso-scaled.jpg","keywords":["Corecom","Cyberbullismo","Premio Speciale \u201cLucia Abiuso\u201d"],"articleSection":["Home","News","Reggio Calabria"],"inLanguage":"it-IT"},{"@type":"WebPage","@id":"https:\/\/progettotouring.it\/radiotouring104\/2024\/02\/20\/corecom-premio-speciale-lucia-abiuso-contro-il-cyberbullismo\/","url":"https:\/\/progettotouring.it\/radiotouring104\/2024\/02\/20\/corecom-premio-speciale-lucia-abiuso-contro-il-cyberbullismo\/","name":"Corecom: Premio Speciale \u201cLucia Abiuso\u201d contro il cyberbullismo.","isPartOf":{"@id":"https:\/\/progettotouring.it\/radiotouring104\/#website"},"primaryImageOfPage":{"@id":"https:\/\/progettotouring.it\/radiotouring104\/2024\/02\/20\/corecom-premio-speciale-lucia-abiuso-contro-il-cyberbullismo\/#primaryimage"},"image":{"@id":"https:\/\/progettotouring.it\/radiotouring104\/2024\/02\/20\/corecom-premio-speciale-lucia-abiuso-contro-il-cyberbullismo\/#primaryimage"},"thumbnailUrl":"https:\/\/progettotouring.it\/radiotouring104\/wp-content\/uploads\/sites\/6\/2024\/02\/Al-lavoro-per-il-Premio-Abiuso-scaled.jpg","datePublished":"2024-02-20T11:52:45+00:00","dateModified":"2024-02-20T11:54:10+00:00","description":"Con iniziativa il Comitato Regionale per le Comunicazioni della Calabria si distingue nell\u2019impiego dei social media per selezione vincitori","breadcrumb":{"@id":"https:\/\/progettotouring.it\/radiotouring104\/2024\/02\/20\/corecom-premio-speciale-lucia-abiuso-contro-il-cyberbullismo\/#breadcrumb"},"inLanguage":"it-IT","potentialAction":[{"@type":"ReadAction","target":["https:\/\/progettotouring.it\/radiotouring104\/2024\/02\/20\/corecom-premio-speciale-lucia-abiuso-contro-il-cyberbullismo\/"]}]},{"@type":"ImageObject","inLanguage":"it-IT","@id":"https:\/\/progettotouring.it\/radiotouring104\/2024\/02\/20\/corecom-premio-speciale-lucia-abiuso-contro-il-cyberbullismo\/#primaryimage","url":"https:\/\/progettotouring.it\/radiotouring104\/wp-content\/uploads\/sites\/6\/2024\/02\/Al-lavoro-per-il-Premio-Abiuso-scaled.jpg","contentUrl":"https:\/\/progettotouring.it\/radiotouring104\/wp-content\/uploads\/sites\/6\/2024\/02\/Al-lavoro-per-il-Premio-Abiuso-scaled.jpg","width":2560,"height":1107},{"@type":"BreadcrumbList","@id":"https:\/\/progettotouring.it\/radiotouring104\/2024\/02\/20\/corecom-premio-speciale-lucia-abiuso-contro-il-cyberbullismo\/#breadcrumb","itemListElement":[{"@type":"ListItem","position":1,"name":"Home","item":"https:\/\/progettotouring.it\/radiotouring104\/"},{"@type":"ListItem","position":2,"name":"Corecom: Premio Speciale \u201cLucia Abiuso\u201d contro il cyberbullismo."}]},{"@type":"WebSite","@id":"https:\/\/progettotouring.it\/radiotouring104\/#website","url":"https:\/\/progettotouring.it\/radiotouring104\/","name":"Radio Touring 104","description":"La prima radio Reggina","publisher":{"@id":"https:\/\/progettotouring.it\/radiotouring104\/#organization"},"potentialAction":[{"@type":"SearchAction","target":{"@type":"EntryPoint","urlTemplate":"https:\/\/progettotouring.it\/radiotouring104\/?s={search_term_string}"},"query-input":{"@type":"PropertyValueSpecification","valueRequired":true,"valueName":"search_term_string"}}],"inLanguage":"it-IT"},{"@type":"Organization","@id":"https:\/\/progettotouring.it\/radiotouring104\/#organization","name":"Radio Touring 104","url":"https:\/\/progettotouring.it\/radiotouring104\/","logo":{"@type":"ImageObject","inLanguage":"it-IT","@id":"https:\/\/progettotouring.it\/radiotouring104\/#\/schema\/logo\/image\/","url":"https:\/\/progettotouring.it\/radiotouring104\/wp-content\/uploads\/sites\/6\/2022\/02\/cropped-logo-radio-touring-104.png","contentUrl":"https:\/\/progettotouring.it\/radiotouring104\/wp-content\/uploads\/sites\/6\/2022\/02\/cropped-logo-radio-touring-104.png","width":377,"height":182,"caption":"Radio Touring 104"},"image":{"@id":"https:\/\/progettotouring.it\/radiotouring104\/#\/schema\/logo\/image\/"}},{"@type":"Person","@id":"https:\/\/progettotouring.it\/radiotouring104\/#\/schema\/person\/78613917f1851f041f7483f5af1d422e","name":"Sebastiano Plutino","image":{"@type":"ImageObject","inLanguage":"it-IT","@id":"https:\/\/secure.gravatar.com\/avatar\/0546ffaa9b79224faf9f2a156b67a529ae861d3287c66c1d8ccfdf909bcba78d?s=96&d=mm&r=g","url":"https:\/\/secure.gravatar.com\/avatar\/0546ffaa9b79224faf9f2a156b67a529ae861d3287c66c1d8ccfdf909bcba78d?s=96&d=mm&r=g","contentUrl":"https:\/\/secure.gravatar.com\/avatar\/0546ffaa9b79224faf9f2a156b67a529ae861d3287c66c1d8ccfdf909bcba78d?s=96&d=mm&r=g","caption":"Sebastiano Plutino"},"url":"https:\/\/progettotouring.it\/radiotouring104\/author\/sebastiano\/"}]}},"jetpack_publicize_connections":[],"jetpack_featured_media_url":"https:\/\/progettotouring.it\/radiotouring104\/wp-content\/uploads\/sites\/6\/2024\/02\/Al-lavoro-per-il-Premio-Abiuso-scaled.jpg","jetpack_sharing_enabled":true,"_links":{"self":[{"href":"https:\/\/progettotouring.it\/radiotouring104\/wp-json\/wp\/v2\/posts\/45068","targetHints":{"allow":["GET"]}}],"collection":[{"href":"https:\/\/progettotouring.it\/radiotouring104\/wp-json\/wp\/v2\/posts"}],"about":[{"href":"https:\/\/progettotouring.it\/radiotouring104\/wp-json\/wp\/v2\/types\/post"}],"author":[{"embeddable":true,"href":"https:\/\/progettotouring.it\/radiotouring104\/wp-json\/wp\/v2\/users\/12"}],"replies":[{"embeddable":true,"href":"https:\/\/progettotouring.it\/radiotouring104\/wp-json\/wp\/v2\/comments?post=45068"}],"version-history":[{"count":2,"href":"https:\/\/progettotouring.it\/radiotouring104\/wp-json\/wp\/v2\/posts\/45068\/revisions"}],"predecessor-version":[{"id":45071,"href":"https:\/\/progettotouring.it\/radiotouring104\/wp-json\/wp\/v2\/posts\/45068\/revisions\/45071"}],"wp:featuredmedia":[{"embeddable":true,"href":"https:\/\/progettotouring.it\/radiotouring104\/wp-json\/wp\/v2\/media\/45069"}],"wp:attachment":[{"href":"https:\/\/progettotouring.it\/radiotouring104\/wp-json\/wp\/v2\/media?parent=45068"}],"wp:term":[{"taxonomy":"category","embeddable":true,"href":"https:\/\/progettotouring.it\/radiotouring104\/wp-json\/wp\/v2\/categories?post=45068"},{"taxonomy":"post_tag","embeddable":true,"href":"https:\/\/progettotouring.it\/radiotouring104\/wp-json\/wp\/v2\/tags?post=45068"}],"curies":[{"name":"wp","href":"https:\/\/api.w.org\/{rel}","templated":true}]}}