{"id":45072,"date":"2024-02-20T13:00:09","date_gmt":"2024-02-20T12:00:09","guid":{"rendered":"https:\/\/progettotouring.it\/radiotouring104\/?p=45072"},"modified":"2024-02-20T13:00:09","modified_gmt":"2024-02-20T12:00:09","slug":"cigl-immigrati-anziani-in-calabria-fragili-economicamente-servono-politiche-adeguate","status":"publish","type":"post","link":"https:\/\/progettotouring.it\/radiotouring104\/2024\/02\/20\/cigl-immigrati-anziani-in-calabria-fragili-economicamente-servono-politiche-adeguate\/","title":{"rendered":"Cigl, Immigrati anziani in Calabria: &#8220;Fragili economicamente. Servono politiche adeguate&#8221;"},"content":{"rendered":"<p class=\"xmprfx_MsoNormal\" style=\"text-align: justify\">Tre giorni in Calabria per ascoltare gli immigrati in pensione o prossimi al pensionamento per capirne i bisogni, diversi dal resto della popolazione, ma anche per conoscere forme di accoglienza di eccellenza che possono essere la guida per un modello di integrazione che rompa gli steccati e cambi il passo.<\/p>\n<p class=\"xmprfx_MsoNormal\" style=\"text-align: justify\">Lo SPI Cgil Calabria, con lo SPI Cgil Nazionale, lo SPI Cgil Area Metropolitana, SPI Cgil Pollino Sibaritide-Tirreno,\u00a0 CGIL Pollino-Sibaritide-Tirreno e CGIL Area Metropolitana di Reggio Calabria, ha collaborato nei giorni scorsi ad un\u2019indagine condotta dalla Fondazione Di Vittorio sugli anziani di origine straniera e allo studio dell\u2019associazione Nuove Ri-Generazioni sulla riqualificazione, non solo urbana ma anche sociale, delle comunit\u00e0 calabresi destinate allo spopolamento che hanno trovato nell\u2019immigrazione un nuovo inizio.<\/p>\n<p class=\"xmprfx_MsoNormal\" style=\"text-align: justify\">Presenti per lo SPI Cgil Nazionale la Segretaria Carla Mastrantonio e Giovanni Carapella, presidente dell\u2019associazione Nuove Ri-Generazioni, costituita da CGIL e SPI.<\/p>\n<p class=\"xmprfx_MsoNormal\" style=\"text-align: justify\">Gli immigrati anziani di et\u00e0 superiore ai 50 anni sono uno su quattro del totale della popolazione immigrata, 500mila quelli con pi\u00f9 di 65 anni. Si tratta di persone in condizioni di fragilit\u00e0, che hanno durante il loro percorso di vita vissuto e subito vicende drammatiche e avuto lavori discontinui e poveri, spesso in nero e precari. Arrivano alla pensione spesso con problematiche di salute legate ai lavori usuranti fatti e pagano le conseguenze della mancanza di contributi e delle ristrettezze economiche con pensioni sociali o povere.<\/p>\n<p class=\"xmprfx_MsoNormal\" style=\"text-align: justify\">A loro vanno destinate politiche specifiche tenendo conto dello stato di solitudine che a volte li accompagna. Dalle interviste effettuate \u00e8 emerso che quasi nessuno di questi vuole tornare nel proprio Paese dove ormai le relazioni sono sfilacciate dalla distanza e dal tempo trascorso e dove temono violenze e criminalit\u00e0 organizzata, se non la guerra.<\/p>\n<p class=\"xmprfx_MsoNormal\" style=\"text-align: justify\">A chiudere questa esperienza il convegno \u201cRicucire, ricostruire, rigenerare\u201d svoltosi a Camini, comune del reggino con meno di 800 abitanti, in cui l\u2019amministrazione guidata da Giuseppe Alfarano, con la cooperativa Eurocoop Camini \u201cJungi Mundu\u201d, accoglie diverse nazionalit\u00e0, ha ristrutturato case abbandonate per dedicarle all\u2019accoglienza, attivato laboratori di artigianato e un forno sociale, oltre che un\u2019attivit\u00e0 di ristorazione. Camini ha ripreso vita, le strade sono popolate e rallegrate dalle grida dei bambini che giocano ma, soprattutto, il borgo ha dato una possibilit\u00e0 di pace a chi \u00e8 stato costretto a fuggire dal proprio Paese.<\/p>\n<p class=\"xmprfx_MsoNormal\" style=\"text-align: justify\">Esperienze che crediamo debbano essere ripetute avendo come prospettiva l\u2019immigrazione come investimento e accrescimento.<\/p>\n","protected":false},"excerpt":{"rendered":"<p>Tre giorni in Calabria per ascoltare gli immigrati in pensione o prossimi al pensionamento per capirne i bisogni, diversi dal resto della popolazione, ma anche per conoscere forme di accoglienza&hellip;<\/p>\n","protected":false},"author":12,"featured_media":45073,"comment_status":"closed","ping_status":"open","sticky":false,"template":"","format":"standard","meta":{"_jetpack_memberships_contains_paid_content":false,"footnotes":"","jetpack_publicize_message":"","jetpack_publicize_feature_enabled":true,"jetpack_social_post_already_shared":false,"jetpack_social_options":{"image_generator_settings":{"template":"highway","default_image_id":0,"font":"","enabled":false},"version":2}},"categories":[142,921,196],"tags":[27842,27843,21804],"class_list":["post-45072","post","type-post","status-publish","format-standard","has-post-thumbnail","hentry","category-calabria","category-home","category-news","tag-immigrati-anziani-in-calabria-fragili-economicamente","tag-politiche-adeguate","tag-spi-cgil-calabria"],"yoast_head":"<!-- This site is optimized with the Yoast SEO plugin v27.2 - https:\/\/yoast.com\/product\/yoast-seo-wordpress\/ -->\n<title>Cigl: &quot;Immigrati anziani in Calabria: fragili economicamente&quot;<\/title>\n<meta name=\"description\" content=\"Da indagine condotta dalla Fondazione Di Vittorio sugli anziani di origine straniera, riscontro su necessit\u00e0 di politiche a loro supporto\" \/>\n<meta name=\"robots\" content=\"index, follow, max-snippet:-1, max-image-preview:large, max-video-preview:-1\" \/>\n<link rel=\"canonical\" href=\"https:\/\/progettotouring.it\/radiotouring104\/2024\/02\/20\/cigl-immigrati-anziani-in-calabria-fragili-economicamente-servono-politiche-adeguate\/\" \/>\n<meta property=\"og:locale\" content=\"it_IT\" \/>\n<meta property=\"og:type\" content=\"article\" \/>\n<meta property=\"og:title\" content=\"Cigl: &quot;Immigrati anziani in Calabria: fragili economicamente&quot;\" \/>\n<meta property=\"og:description\" content=\"Da indagine condotta dalla Fondazione Di Vittorio sugli anziani di origine straniera, riscontro su necessit\u00e0 di politiche a loro supporto\" \/>\n<meta property=\"og:url\" content=\"https:\/\/progettotouring.it\/radiotouring104\/2024\/02\/20\/cigl-immigrati-anziani-in-calabria-fragili-economicamente-servono-politiche-adeguate\/\" \/>\n<meta property=\"og:site_name\" content=\"Radio Touring 104\" \/>\n<meta property=\"article:published_time\" content=\"2024-02-20T12:00:09+00:00\" \/>\n<meta property=\"og:image\" content=\"https:\/\/progettotouring.it\/radiotouring104\/wp-content\/uploads\/sites\/6\/2024\/02\/CIGL-Immigrati-anziani-poveri-in-Calabria-scaled.jpg\" \/>\n\t<meta property=\"og:image:width\" content=\"2560\" \/>\n\t<meta property=\"og:image:height\" content=\"804\" \/>\n\t<meta property=\"og:image:type\" content=\"image\/jpeg\" \/>\n<meta name=\"author\" content=\"Sebastiano Plutino\" \/>\n<meta name=\"twitter:card\" content=\"summary_large_image\" \/>\n<meta name=\"twitter:label1\" content=\"Scritto da\" \/>\n\t<meta name=\"twitter:data1\" content=\"Sebastiano Plutino\" \/>\n\t<meta name=\"twitter:label2\" content=\"Tempo di lettura stimato\" \/>\n\t<meta name=\"twitter:data2\" content=\"2 minuti\" \/>\n<script type=\"application\/ld+json\" class=\"yoast-schema-graph\">{\"@context\":\"https:\/\/schema.org\",\"@graph\":[{\"@type\":\"Article\",\"@id\":\"https:\/\/progettotouring.it\/radiotouring104\/2024\/02\/20\/cigl-immigrati-anziani-in-calabria-fragili-economicamente-servono-politiche-adeguate\/#article\",\"isPartOf\":{\"@id\":\"https:\/\/progettotouring.it\/radiotouring104\/2024\/02\/20\/cigl-immigrati-anziani-in-calabria-fragili-economicamente-servono-politiche-adeguate\/\"},\"author\":{\"name\":\"Sebastiano Plutino\",\"@id\":\"https:\/\/progettotouring.it\/radiotouring104\/#\/schema\/person\/78613917f1851f041f7483f5af1d422e\"},\"headline\":\"Cigl, Immigrati anziani in Calabria: &#8220;Fragili economicamente. Servono politiche adeguate&#8221;\",\"datePublished\":\"2024-02-20T12:00:09+00:00\",\"mainEntityOfPage\":{\"@id\":\"https:\/\/progettotouring.it\/radiotouring104\/2024\/02\/20\/cigl-immigrati-anziani-in-calabria-fragili-economicamente-servono-politiche-adeguate\/\"},\"wordCount\":405,\"publisher\":{\"@id\":\"https:\/\/progettotouring.it\/radiotouring104\/#organization\"},\"image\":{\"@id\":\"https:\/\/progettotouring.it\/radiotouring104\/2024\/02\/20\/cigl-immigrati-anziani-in-calabria-fragili-economicamente-servono-politiche-adeguate\/#primaryimage\"},\"thumbnailUrl\":\"https:\/\/progettotouring.it\/radiotouring104\/wp-content\/uploads\/sites\/6\/2024\/02\/CIGL-Immigrati-anziani-poveri-in-Calabria-scaled.jpg\",\"keywords\":[\"Immigrati anziani in Calabria: fragili economicamente\",\"politiche adeguate\",\"SPI Cgil Calabria\"],\"articleSection\":[\"Calabria\",\"Home\",\"News\"],\"inLanguage\":\"it-IT\"},{\"@type\":\"WebPage\",\"@id\":\"https:\/\/progettotouring.it\/radiotouring104\/2024\/02\/20\/cigl-immigrati-anziani-in-calabria-fragili-economicamente-servono-politiche-adeguate\/\",\"url\":\"https:\/\/progettotouring.it\/radiotouring104\/2024\/02\/20\/cigl-immigrati-anziani-in-calabria-fragili-economicamente-servono-politiche-adeguate\/\",\"name\":\"Cigl: \\\"Immigrati anziani in Calabria: fragili economicamente\\\"\",\"isPartOf\":{\"@id\":\"https:\/\/progettotouring.it\/radiotouring104\/#website\"},\"primaryImageOfPage\":{\"@id\":\"https:\/\/progettotouring.it\/radiotouring104\/2024\/02\/20\/cigl-immigrati-anziani-in-calabria-fragili-economicamente-servono-politiche-adeguate\/#primaryimage\"},\"image\":{\"@id\":\"https:\/\/progettotouring.it\/radiotouring104\/2024\/02\/20\/cigl-immigrati-anziani-in-calabria-fragili-economicamente-servono-politiche-adeguate\/#primaryimage\"},\"thumbnailUrl\":\"https:\/\/progettotouring.it\/radiotouring104\/wp-content\/uploads\/sites\/6\/2024\/02\/CIGL-Immigrati-anziani-poveri-in-Calabria-scaled.jpg\",\"datePublished\":\"2024-02-20T12:00:09+00:00\",\"description\":\"Da indagine condotta dalla Fondazione Di Vittorio sugli anziani di origine straniera, riscontro su necessit\u00e0 di politiche a loro supporto\",\"breadcrumb\":{\"@id\":\"https:\/\/progettotouring.it\/radiotouring104\/2024\/02\/20\/cigl-immigrati-anziani-in-calabria-fragili-economicamente-servono-politiche-adeguate\/#breadcrumb\"},\"inLanguage\":\"it-IT\",\"potentialAction\":[{\"@type\":\"ReadAction\",\"target\":[\"https:\/\/progettotouring.it\/radiotouring104\/2024\/02\/20\/cigl-immigrati-anziani-in-calabria-fragili-economicamente-servono-politiche-adeguate\/\"]}]},{\"@type\":\"ImageObject\",\"inLanguage\":\"it-IT\",\"@id\":\"https:\/\/progettotouring.it\/radiotouring104\/2024\/02\/20\/cigl-immigrati-anziani-in-calabria-fragili-economicamente-servono-politiche-adeguate\/#primaryimage\",\"url\":\"https:\/\/progettotouring.it\/radiotouring104\/wp-content\/uploads\/sites\/6\/2024\/02\/CIGL-Immigrati-anziani-poveri-in-Calabria-scaled.jpg\",\"contentUrl\":\"https:\/\/progettotouring.it\/radiotouring104\/wp-content\/uploads\/sites\/6\/2024\/02\/CIGL-Immigrati-anziani-poveri-in-Calabria-scaled.jpg\",\"width\":2560,\"height\":804},{\"@type\":\"BreadcrumbList\",\"@id\":\"https:\/\/progettotouring.it\/radiotouring104\/2024\/02\/20\/cigl-immigrati-anziani-in-calabria-fragili-economicamente-servono-politiche-adeguate\/#breadcrumb\",\"itemListElement\":[{\"@type\":\"ListItem\",\"position\":1,\"name\":\"Home\",\"item\":\"https:\/\/progettotouring.it\/radiotouring104\/\"},{\"@type\":\"ListItem\",\"position\":2,\"name\":\"Cigl, Immigrati anziani in Calabria: &#8220;Fragili economicamente. Servono politiche adeguate&#8221;\"}]},{\"@type\":\"WebSite\",\"@id\":\"https:\/\/progettotouring.it\/radiotouring104\/#website\",\"url\":\"https:\/\/progettotouring.it\/radiotouring104\/\",\"name\":\"Radio Touring 104\",\"description\":\"La prima radio Reggina\",\"publisher\":{\"@id\":\"https:\/\/progettotouring.it\/radiotouring104\/#organization\"},\"potentialAction\":[{\"@type\":\"SearchAction\",\"target\":{\"@type\":\"EntryPoint\",\"urlTemplate\":\"https:\/\/progettotouring.it\/radiotouring104\/?s={search_term_string}\"},\"query-input\":{\"@type\":\"PropertyValueSpecification\",\"valueRequired\":true,\"valueName\":\"search_term_string\"}}],\"inLanguage\":\"it-IT\"},{\"@type\":\"Organization\",\"@id\":\"https:\/\/progettotouring.it\/radiotouring104\/#organization\",\"name\":\"Radio Touring 104\",\"url\":\"https:\/\/progettotouring.it\/radiotouring104\/\",\"logo\":{\"@type\":\"ImageObject\",\"inLanguage\":\"it-IT\",\"@id\":\"https:\/\/progettotouring.it\/radiotouring104\/#\/schema\/logo\/image\/\",\"url\":\"https:\/\/progettotouring.it\/radiotouring104\/wp-content\/uploads\/sites\/6\/2022\/02\/cropped-logo-radio-touring-104.png\",\"contentUrl\":\"https:\/\/progettotouring.it\/radiotouring104\/wp-content\/uploads\/sites\/6\/2022\/02\/cropped-logo-radio-touring-104.png\",\"width\":377,\"height\":182,\"caption\":\"Radio Touring 104\"},\"image\":{\"@id\":\"https:\/\/progettotouring.it\/radiotouring104\/#\/schema\/logo\/image\/\"}},{\"@type\":\"Person\",\"@id\":\"https:\/\/progettotouring.it\/radiotouring104\/#\/schema\/person\/78613917f1851f041f7483f5af1d422e\",\"name\":\"Sebastiano Plutino\",\"image\":{\"@type\":\"ImageObject\",\"inLanguage\":\"it-IT\",\"@id\":\"https:\/\/secure.gravatar.com\/avatar\/0546ffaa9b79224faf9f2a156b67a529ae861d3287c66c1d8ccfdf909bcba78d?s=96&d=mm&r=g\",\"url\":\"https:\/\/secure.gravatar.com\/avatar\/0546ffaa9b79224faf9f2a156b67a529ae861d3287c66c1d8ccfdf909bcba78d?s=96&d=mm&r=g\",\"contentUrl\":\"https:\/\/secure.gravatar.com\/avatar\/0546ffaa9b79224faf9f2a156b67a529ae861d3287c66c1d8ccfdf909bcba78d?s=96&d=mm&r=g\",\"caption\":\"Sebastiano Plutino\"},\"url\":\"https:\/\/progettotouring.it\/radiotouring104\/author\/sebastiano\/\"}]}<\/script>\n<!-- \/ Yoast SEO plugin. -->","yoast_head_json":{"title":"Cigl: \"Immigrati anziani in Calabria: fragili economicamente\"","description":"Da indagine condotta dalla Fondazione Di Vittorio sugli anziani di origine straniera, riscontro su necessit\u00e0 di politiche a loro supporto","robots":{"index":"index","follow":"follow","max-snippet":"max-snippet:-1","max-image-preview":"max-image-preview:large","max-video-preview":"max-video-preview:-1"},"canonical":"https:\/\/progettotouring.it\/radiotouring104\/2024\/02\/20\/cigl-immigrati-anziani-in-calabria-fragili-economicamente-servono-politiche-adeguate\/","og_locale":"it_IT","og_type":"article","og_title":"Cigl: \"Immigrati anziani in Calabria: fragili economicamente\"","og_description":"Da indagine condotta dalla Fondazione Di Vittorio sugli anziani di origine straniera, riscontro su necessit\u00e0 di politiche a loro supporto","og_url":"https:\/\/progettotouring.it\/radiotouring104\/2024\/02\/20\/cigl-immigrati-anziani-in-calabria-fragili-economicamente-servono-politiche-adeguate\/","og_site_name":"Radio Touring 104","article_published_time":"2024-02-20T12:00:09+00:00","og_image":[{"width":2560,"height":804,"url":"https:\/\/progettotouring.it\/radiotouring104\/wp-content\/uploads\/sites\/6\/2024\/02\/CIGL-Immigrati-anziani-poveri-in-Calabria-scaled.jpg","type":"image\/jpeg"}],"author":"Sebastiano Plutino","twitter_card":"summary_large_image","twitter_misc":{"Scritto da":"Sebastiano Plutino","Tempo di lettura stimato":"2 minuti"},"schema":{"@context":"https:\/\/schema.org","@graph":[{"@type":"Article","@id":"https:\/\/progettotouring.it\/radiotouring104\/2024\/02\/20\/cigl-immigrati-anziani-in-calabria-fragili-economicamente-servono-politiche-adeguate\/#article","isPartOf":{"@id":"https:\/\/progettotouring.it\/radiotouring104\/2024\/02\/20\/cigl-immigrati-anziani-in-calabria-fragili-economicamente-servono-politiche-adeguate\/"},"author":{"name":"Sebastiano Plutino","@id":"https:\/\/progettotouring.it\/radiotouring104\/#\/schema\/person\/78613917f1851f041f7483f5af1d422e"},"headline":"Cigl, Immigrati anziani in Calabria: &#8220;Fragili economicamente. Servono politiche adeguate&#8221;","datePublished":"2024-02-20T12:00:09+00:00","mainEntityOfPage":{"@id":"https:\/\/progettotouring.it\/radiotouring104\/2024\/02\/20\/cigl-immigrati-anziani-in-calabria-fragili-economicamente-servono-politiche-adeguate\/"},"wordCount":405,"publisher":{"@id":"https:\/\/progettotouring.it\/radiotouring104\/#organization"},"image":{"@id":"https:\/\/progettotouring.it\/radiotouring104\/2024\/02\/20\/cigl-immigrati-anziani-in-calabria-fragili-economicamente-servono-politiche-adeguate\/#primaryimage"},"thumbnailUrl":"https:\/\/progettotouring.it\/radiotouring104\/wp-content\/uploads\/sites\/6\/2024\/02\/CIGL-Immigrati-anziani-poveri-in-Calabria-scaled.jpg","keywords":["Immigrati anziani in Calabria: fragili economicamente","politiche adeguate","SPI Cgil Calabria"],"articleSection":["Calabria","Home","News"],"inLanguage":"it-IT"},{"@type":"WebPage","@id":"https:\/\/progettotouring.it\/radiotouring104\/2024\/02\/20\/cigl-immigrati-anziani-in-calabria-fragili-economicamente-servono-politiche-adeguate\/","url":"https:\/\/progettotouring.it\/radiotouring104\/2024\/02\/20\/cigl-immigrati-anziani-in-calabria-fragili-economicamente-servono-politiche-adeguate\/","name":"Cigl: \"Immigrati anziani in Calabria: fragili economicamente\"","isPartOf":{"@id":"https:\/\/progettotouring.it\/radiotouring104\/#website"},"primaryImageOfPage":{"@id":"https:\/\/progettotouring.it\/radiotouring104\/2024\/02\/20\/cigl-immigrati-anziani-in-calabria-fragili-economicamente-servono-politiche-adeguate\/#primaryimage"},"image":{"@id":"https:\/\/progettotouring.it\/radiotouring104\/2024\/02\/20\/cigl-immigrati-anziani-in-calabria-fragili-economicamente-servono-politiche-adeguate\/#primaryimage"},"thumbnailUrl":"https:\/\/progettotouring.it\/radiotouring104\/wp-content\/uploads\/sites\/6\/2024\/02\/CIGL-Immigrati-anziani-poveri-in-Calabria-scaled.jpg","datePublished":"2024-02-20T12:00:09+00:00","description":"Da indagine condotta dalla Fondazione Di Vittorio sugli anziani di origine straniera, riscontro su necessit\u00e0 di politiche a loro supporto","breadcrumb":{"@id":"https:\/\/progettotouring.it\/radiotouring104\/2024\/02\/20\/cigl-immigrati-anziani-in-calabria-fragili-economicamente-servono-politiche-adeguate\/#breadcrumb"},"inLanguage":"it-IT","potentialAction":[{"@type":"ReadAction","target":["https:\/\/progettotouring.it\/radiotouring104\/2024\/02\/20\/cigl-immigrati-anziani-in-calabria-fragili-economicamente-servono-politiche-adeguate\/"]}]},{"@type":"ImageObject","inLanguage":"it-IT","@id":"https:\/\/progettotouring.it\/radiotouring104\/2024\/02\/20\/cigl-immigrati-anziani-in-calabria-fragili-economicamente-servono-politiche-adeguate\/#primaryimage","url":"https:\/\/progettotouring.it\/radiotouring104\/wp-content\/uploads\/sites\/6\/2024\/02\/CIGL-Immigrati-anziani-poveri-in-Calabria-scaled.jpg","contentUrl":"https:\/\/progettotouring.it\/radiotouring104\/wp-content\/uploads\/sites\/6\/2024\/02\/CIGL-Immigrati-anziani-poveri-in-Calabria-scaled.jpg","width":2560,"height":804},{"@type":"BreadcrumbList","@id":"https:\/\/progettotouring.it\/radiotouring104\/2024\/02\/20\/cigl-immigrati-anziani-in-calabria-fragili-economicamente-servono-politiche-adeguate\/#breadcrumb","itemListElement":[{"@type":"ListItem","position":1,"name":"Home","item":"https:\/\/progettotouring.it\/radiotouring104\/"},{"@type":"ListItem","position":2,"name":"Cigl, Immigrati anziani in Calabria: &#8220;Fragili economicamente. Servono politiche adeguate&#8221;"}]},{"@type":"WebSite","@id":"https:\/\/progettotouring.it\/radiotouring104\/#website","url":"https:\/\/progettotouring.it\/radiotouring104\/","name":"Radio Touring 104","description":"La prima radio Reggina","publisher":{"@id":"https:\/\/progettotouring.it\/radiotouring104\/#organization"},"potentialAction":[{"@type":"SearchAction","target":{"@type":"EntryPoint","urlTemplate":"https:\/\/progettotouring.it\/radiotouring104\/?s={search_term_string}"},"query-input":{"@type":"PropertyValueSpecification","valueRequired":true,"valueName":"search_term_string"}}],"inLanguage":"it-IT"},{"@type":"Organization","@id":"https:\/\/progettotouring.it\/radiotouring104\/#organization","name":"Radio Touring 104","url":"https:\/\/progettotouring.it\/radiotouring104\/","logo":{"@type":"ImageObject","inLanguage":"it-IT","@id":"https:\/\/progettotouring.it\/radiotouring104\/#\/schema\/logo\/image\/","url":"https:\/\/progettotouring.it\/radiotouring104\/wp-content\/uploads\/sites\/6\/2022\/02\/cropped-logo-radio-touring-104.png","contentUrl":"https:\/\/progettotouring.it\/radiotouring104\/wp-content\/uploads\/sites\/6\/2022\/02\/cropped-logo-radio-touring-104.png","width":377,"height":182,"caption":"Radio Touring 104"},"image":{"@id":"https:\/\/progettotouring.it\/radiotouring104\/#\/schema\/logo\/image\/"}},{"@type":"Person","@id":"https:\/\/progettotouring.it\/radiotouring104\/#\/schema\/person\/78613917f1851f041f7483f5af1d422e","name":"Sebastiano Plutino","image":{"@type":"ImageObject","inLanguage":"it-IT","@id":"https:\/\/secure.gravatar.com\/avatar\/0546ffaa9b79224faf9f2a156b67a529ae861d3287c66c1d8ccfdf909bcba78d?s=96&d=mm&r=g","url":"https:\/\/secure.gravatar.com\/avatar\/0546ffaa9b79224faf9f2a156b67a529ae861d3287c66c1d8ccfdf909bcba78d?s=96&d=mm&r=g","contentUrl":"https:\/\/secure.gravatar.com\/avatar\/0546ffaa9b79224faf9f2a156b67a529ae861d3287c66c1d8ccfdf909bcba78d?s=96&d=mm&r=g","caption":"Sebastiano Plutino"},"url":"https:\/\/progettotouring.it\/radiotouring104\/author\/sebastiano\/"}]}},"jetpack_publicize_connections":[],"jetpack_featured_media_url":"https:\/\/progettotouring.it\/radiotouring104\/wp-content\/uploads\/sites\/6\/2024\/02\/CIGL-Immigrati-anziani-poveri-in-Calabria-scaled.jpg","jetpack_sharing_enabled":true,"_links":{"self":[{"href":"https:\/\/progettotouring.it\/radiotouring104\/wp-json\/wp\/v2\/posts\/45072","targetHints":{"allow":["GET"]}}],"collection":[{"href":"https:\/\/progettotouring.it\/radiotouring104\/wp-json\/wp\/v2\/posts"}],"about":[{"href":"https:\/\/progettotouring.it\/radiotouring104\/wp-json\/wp\/v2\/types\/post"}],"author":[{"embeddable":true,"href":"https:\/\/progettotouring.it\/radiotouring104\/wp-json\/wp\/v2\/users\/12"}],"replies":[{"embeddable":true,"href":"https:\/\/progettotouring.it\/radiotouring104\/wp-json\/wp\/v2\/comments?post=45072"}],"version-history":[{"count":1,"href":"https:\/\/progettotouring.it\/radiotouring104\/wp-json\/wp\/v2\/posts\/45072\/revisions"}],"predecessor-version":[{"id":45074,"href":"https:\/\/progettotouring.it\/radiotouring104\/wp-json\/wp\/v2\/posts\/45072\/revisions\/45074"}],"wp:featuredmedia":[{"embeddable":true,"href":"https:\/\/progettotouring.it\/radiotouring104\/wp-json\/wp\/v2\/media\/45073"}],"wp:attachment":[{"href":"https:\/\/progettotouring.it\/radiotouring104\/wp-json\/wp\/v2\/media?parent=45072"}],"wp:term":[{"taxonomy":"category","embeddable":true,"href":"https:\/\/progettotouring.it\/radiotouring104\/wp-json\/wp\/v2\/categories?post=45072"},{"taxonomy":"post_tag","embeddable":true,"href":"https:\/\/progettotouring.it\/radiotouring104\/wp-json\/wp\/v2\/tags?post=45072"}],"curies":[{"name":"wp","href":"https:\/\/api.w.org\/{rel}","templated":true}]}}