{"id":45081,"date":"2024-02-20T13:14:30","date_gmt":"2024-02-20T12:14:30","guid":{"rendered":"https:\/\/progettotouring.it\/radiotouring104\/?p=45081"},"modified":"2024-02-20T13:14:30","modified_gmt":"2024-02-20T12:14:30","slug":"falcomata-al-sit-in-per-la-statale-106-bisogna-correre-sindaci-e-comunita-reclamano-il-diritto-ad-una-mobilita-sicura-e-moderna","status":"publish","type":"post","link":"https:\/\/progettotouring.it\/radiotouring104\/2024\/02\/20\/falcomata-al-sit-in-per-la-statale-106-bisogna-correre-sindaci-e-comunita-reclamano-il-diritto-ad-una-mobilita-sicura-e-moderna\/","title":{"rendered":"Falcomat\u00e0 al sit-in per la Statale 106:\u00a0\u00abBisogna correre, sindaci e comunit\u00e0 reclamano il diritto ad una mobilit\u00e0 sicura e moderna\u00bb"},"content":{"rendered":"<div style=\"text-align: justify\"><strong>Il sindaco metropolitano Giuseppe Falcomat\u00e0 ha partecipato al corteo di Cgil, Cisl, Uil e degli amministratori dei Comuni locridei per la difesa ed il rilancio della Strada Statale 106.<\/strong><br \/>\n\u00abNon basta un progetto di fattibilit\u00e0. Bisogna correre, andare avanti, fare qualcosa in pi\u00f9 per la Statale 106 e per questi 147 chilometri di territorio dove vivono e operano cittadini, sindaci, calabresi che reclamano diritti, sicurezza e sviluppo\u00bb. Con queste parole, <strong>il sindaco Falcomat\u00e0 ha aperto la manifestazione ringraziando<\/strong> <em>\u00abla triplice sindacale per aver alzato l&#8217;attenzione su un problema sentito e reale in una parte importante della regione\u00bb.<\/em><\/p>\n<p><em>\u00abCon questa manifestazione &#8211; <\/em><strong>ha detto<\/strong> &#8211;<em> i sindaci del territorio chiedono un&#8217;assunzione di responsabilit\u00e0 alla Regione e all&#8217;Anas affinch\u00e9 il progetto di ammodernamento veda finalmente la luce. Le risorse ci sono e, se del caso, si devono adeguare alla particolare congiuntura economica e all&#8217;aumento dei prezzi e dei materiali. \u00c8 bello che la mobilitazione odierna coinvolta, contemporaneamente, diverse province calabresi perch\u00e9 la voce unitaria delle comunit\u00e0 \u00e8 sempre pi\u00f9 forte\u00bb.<\/em><\/p>\n<p><em>\u00abMentre noi siamo qui a manifestare<\/em> &#8211; <strong>ha aggiunto il sindaco Falcomat\u00e0<\/strong> &#8211;<em> una delegazione di consiglieri regionali del reggino, con in testa l&#8217;onorevole Giovanni Muraca, si trova negli uffici della Regione Calabria, a Catanzaro, per verificare la situazione e procedere in maniera coordinata e sinergica\u00bb.<\/em><\/p>\n<p><em>\u00abMi auguro e ne sono convinto &#8211;<\/em><strong> ha concluso il sindaco metropolitano <\/strong><em>&#8211; che questo spirito, in cui prevalgono gli interessi del territorio, prosegua anche rispetto all&#8217;autonomia differenziata, un altro importante tema da affrontare e contrastare con quanti hanno il dovere di difendere il comprensorio. Diventando legge, questa riforma creerebbe una spaccatura ed un divario insanabile con le regioni del Centro-nord. A quel punto, sarebbe inutile parlare di infrastrutture e progetti di sviluppo di un territorio che il Governo vuole diviso\u00bb.<\/em><\/div>\n","protected":false},"excerpt":{"rendered":"<p>Il sindaco metropolitano Giuseppe Falcomat\u00e0 ha partecipato al corteo di Cgil, Cisl, Uil e degli amministratori dei Comuni locridei per la difesa ed il rilancio della Strada Statale 106. \u00abNon&hellip;<\/p>\n","protected":false},"author":12,"featured_media":45082,"comment_status":"closed","ping_status":"open","sticky":false,"template":"","format":"standard","meta":{"_jetpack_memberships_contains_paid_content":false,"footnotes":"","jetpack_publicize_message":"","jetpack_publicize_feature_enabled":true,"jetpack_social_post_already_shared":false,"jetpack_social_options":{"image_generator_settings":{"template":"highway","default_image_id":0,"font":"","enabled":false},"version":2}},"categories":[921,150,196,140],"tags":[1283,1282,812,27846,4540],"class_list":["post-45081","post","type-post","status-publish","format-standard","has-post-thumbnail","hentry","category-home","category-in-primo-piano","category-news","category-reggio-calabria","tag-cigl","tag-cisl","tag-giuseppe-falcomata","tag-sit-in-106","tag-uil"],"yoast_head":"<!-- This site is optimized with the Yoast SEO plugin v27.2 - https:\/\/yoast.com\/product\/yoast-seo-wordpress\/ -->\n<title>Falcomat\u00e0 al sit-in per la Statale 106<\/title>\n<meta name=\"description\" content=\"Il sindaco, insieme ai sindaci dei Comuni dell&#039;area jonica, ha aderito alla mobilitazione lanciata dalla triplice sindacale\" \/>\n<meta name=\"robots\" content=\"index, follow, max-snippet:-1, max-image-preview:large, max-video-preview:-1\" \/>\n<link rel=\"canonical\" href=\"https:\/\/progettotouring.it\/radiotouring104\/2024\/02\/20\/falcomata-al-sit-in-per-la-statale-106-bisogna-correre-sindaci-e-comunita-reclamano-il-diritto-ad-una-mobilita-sicura-e-moderna\/\" \/>\n<meta property=\"og:locale\" content=\"it_IT\" \/>\n<meta property=\"og:type\" content=\"article\" \/>\n<meta property=\"og:title\" content=\"Falcomat\u00e0 al sit-in per la Statale 106\" \/>\n<meta property=\"og:description\" content=\"Il sindaco, insieme ai sindaci dei Comuni dell&#039;area jonica, ha aderito alla mobilitazione lanciata dalla triplice sindacale\" \/>\n<meta property=\"og:url\" content=\"https:\/\/progettotouring.it\/radiotouring104\/2024\/02\/20\/falcomata-al-sit-in-per-la-statale-106-bisogna-correre-sindaci-e-comunita-reclamano-il-diritto-ad-una-mobilita-sicura-e-moderna\/\" \/>\n<meta property=\"og:site_name\" content=\"Radio Touring 104\" \/>\n<meta property=\"article:published_time\" content=\"2024-02-20T12:14:30+00:00\" \/>\n<meta property=\"og:image\" content=\"https:\/\/progettotouring.it\/radiotouring104\/wp-content\/uploads\/sites\/6\/2024\/02\/manifestazione-SIT-IN-SS106-SINDACI.jpeg\" \/>\n\t<meta property=\"og:image:width\" content=\"2000\" \/>\n\t<meta property=\"og:image:height\" content=\"1126\" \/>\n\t<meta property=\"og:image:type\" content=\"image\/jpeg\" \/>\n<meta name=\"author\" content=\"Sebastiano Plutino\" \/>\n<meta name=\"twitter:card\" content=\"summary_large_image\" \/>\n<meta name=\"twitter:label1\" content=\"Scritto da\" \/>\n\t<meta name=\"twitter:data1\" content=\"Sebastiano Plutino\" \/>\n\t<meta name=\"twitter:label2\" content=\"Tempo di lettura stimato\" \/>\n\t<meta name=\"twitter:data2\" content=\"1 minuto\" \/>\n<script type=\"application\/ld+json\" class=\"yoast-schema-graph\">{\"@context\":\"https:\/\/schema.org\",\"@graph\":[{\"@type\":\"Article\",\"@id\":\"https:\/\/progettotouring.it\/radiotouring104\/2024\/02\/20\/falcomata-al-sit-in-per-la-statale-106-bisogna-correre-sindaci-e-comunita-reclamano-il-diritto-ad-una-mobilita-sicura-e-moderna\/#article\",\"isPartOf\":{\"@id\":\"https:\/\/progettotouring.it\/radiotouring104\/2024\/02\/20\/falcomata-al-sit-in-per-la-statale-106-bisogna-correre-sindaci-e-comunita-reclamano-il-diritto-ad-una-mobilita-sicura-e-moderna\/\"},\"author\":{\"name\":\"Sebastiano Plutino\",\"@id\":\"https:\/\/progettotouring.it\/radiotouring104\/#\/schema\/person\/78613917f1851f041f7483f5af1d422e\"},\"headline\":\"Falcomat\u00e0 al sit-in per la Statale 106:\u00a0\u00abBisogna correre, sindaci e comunit\u00e0 reclamano il diritto ad una mobilit\u00e0 sicura e moderna\u00bb\",\"datePublished\":\"2024-02-20T12:14:30+00:00\",\"mainEntityOfPage\":{\"@id\":\"https:\/\/progettotouring.it\/radiotouring104\/2024\/02\/20\/falcomata-al-sit-in-per-la-statale-106-bisogna-correre-sindaci-e-comunita-reclamano-il-diritto-ad-una-mobilita-sicura-e-moderna\/\"},\"wordCount\":310,\"publisher\":{\"@id\":\"https:\/\/progettotouring.it\/radiotouring104\/#organization\"},\"image\":{\"@id\":\"https:\/\/progettotouring.it\/radiotouring104\/2024\/02\/20\/falcomata-al-sit-in-per-la-statale-106-bisogna-correre-sindaci-e-comunita-reclamano-il-diritto-ad-una-mobilita-sicura-e-moderna\/#primaryimage\"},\"thumbnailUrl\":\"https:\/\/progettotouring.it\/radiotouring104\/wp-content\/uploads\/sites\/6\/2024\/02\/manifestazione-SIT-IN-SS106-SINDACI.jpeg\",\"keywords\":[\"Cigl\",\"Cisl\",\"Giuseppe Falcomat\u00e0\",\"sit in 106\",\"uil\"],\"articleSection\":[\"Home\",\"In primo piano\",\"News\",\"Reggio Calabria\"],\"inLanguage\":\"it-IT\"},{\"@type\":\"WebPage\",\"@id\":\"https:\/\/progettotouring.it\/radiotouring104\/2024\/02\/20\/falcomata-al-sit-in-per-la-statale-106-bisogna-correre-sindaci-e-comunita-reclamano-il-diritto-ad-una-mobilita-sicura-e-moderna\/\",\"url\":\"https:\/\/progettotouring.it\/radiotouring104\/2024\/02\/20\/falcomata-al-sit-in-per-la-statale-106-bisogna-correre-sindaci-e-comunita-reclamano-il-diritto-ad-una-mobilita-sicura-e-moderna\/\",\"name\":\"Falcomat\u00e0 al sit-in per la Statale 106\",\"isPartOf\":{\"@id\":\"https:\/\/progettotouring.it\/radiotouring104\/#website\"},\"primaryImageOfPage\":{\"@id\":\"https:\/\/progettotouring.it\/radiotouring104\/2024\/02\/20\/falcomata-al-sit-in-per-la-statale-106-bisogna-correre-sindaci-e-comunita-reclamano-il-diritto-ad-una-mobilita-sicura-e-moderna\/#primaryimage\"},\"image\":{\"@id\":\"https:\/\/progettotouring.it\/radiotouring104\/2024\/02\/20\/falcomata-al-sit-in-per-la-statale-106-bisogna-correre-sindaci-e-comunita-reclamano-il-diritto-ad-una-mobilita-sicura-e-moderna\/#primaryimage\"},\"thumbnailUrl\":\"https:\/\/progettotouring.it\/radiotouring104\/wp-content\/uploads\/sites\/6\/2024\/02\/manifestazione-SIT-IN-SS106-SINDACI.jpeg\",\"datePublished\":\"2024-02-20T12:14:30+00:00\",\"description\":\"Il sindaco, insieme ai sindaci dei Comuni dell'area jonica, ha aderito alla mobilitazione lanciata dalla triplice sindacale\",\"breadcrumb\":{\"@id\":\"https:\/\/progettotouring.it\/radiotouring104\/2024\/02\/20\/falcomata-al-sit-in-per-la-statale-106-bisogna-correre-sindaci-e-comunita-reclamano-il-diritto-ad-una-mobilita-sicura-e-moderna\/#breadcrumb\"},\"inLanguage\":\"it-IT\",\"potentialAction\":[{\"@type\":\"ReadAction\",\"target\":[\"https:\/\/progettotouring.it\/radiotouring104\/2024\/02\/20\/falcomata-al-sit-in-per-la-statale-106-bisogna-correre-sindaci-e-comunita-reclamano-il-diritto-ad-una-mobilita-sicura-e-moderna\/\"]}]},{\"@type\":\"ImageObject\",\"inLanguage\":\"it-IT\",\"@id\":\"https:\/\/progettotouring.it\/radiotouring104\/2024\/02\/20\/falcomata-al-sit-in-per-la-statale-106-bisogna-correre-sindaci-e-comunita-reclamano-il-diritto-ad-una-mobilita-sicura-e-moderna\/#primaryimage\",\"url\":\"https:\/\/progettotouring.it\/radiotouring104\/wp-content\/uploads\/sites\/6\/2024\/02\/manifestazione-SIT-IN-SS106-SINDACI.jpeg\",\"contentUrl\":\"https:\/\/progettotouring.it\/radiotouring104\/wp-content\/uploads\/sites\/6\/2024\/02\/manifestazione-SIT-IN-SS106-SINDACI.jpeg\",\"width\":2000,\"height\":1126},{\"@type\":\"BreadcrumbList\",\"@id\":\"https:\/\/progettotouring.it\/radiotouring104\/2024\/02\/20\/falcomata-al-sit-in-per-la-statale-106-bisogna-correre-sindaci-e-comunita-reclamano-il-diritto-ad-una-mobilita-sicura-e-moderna\/#breadcrumb\",\"itemListElement\":[{\"@type\":\"ListItem\",\"position\":1,\"name\":\"Home\",\"item\":\"https:\/\/progettotouring.it\/radiotouring104\/\"},{\"@type\":\"ListItem\",\"position\":2,\"name\":\"Falcomat\u00e0 al sit-in per la Statale 106:\u00a0\u00abBisogna correre, sindaci e comunit\u00e0 reclamano il diritto ad una mobilit\u00e0 sicura e moderna\u00bb\"}]},{\"@type\":\"WebSite\",\"@id\":\"https:\/\/progettotouring.it\/radiotouring104\/#website\",\"url\":\"https:\/\/progettotouring.it\/radiotouring104\/\",\"name\":\"Radio Touring 104\",\"description\":\"La prima radio Reggina\",\"publisher\":{\"@id\":\"https:\/\/progettotouring.it\/radiotouring104\/#organization\"},\"potentialAction\":[{\"@type\":\"SearchAction\",\"target\":{\"@type\":\"EntryPoint\",\"urlTemplate\":\"https:\/\/progettotouring.it\/radiotouring104\/?s={search_term_string}\"},\"query-input\":{\"@type\":\"PropertyValueSpecification\",\"valueRequired\":true,\"valueName\":\"search_term_string\"}}],\"inLanguage\":\"it-IT\"},{\"@type\":\"Organization\",\"@id\":\"https:\/\/progettotouring.it\/radiotouring104\/#organization\",\"name\":\"Radio Touring 104\",\"url\":\"https:\/\/progettotouring.it\/radiotouring104\/\",\"logo\":{\"@type\":\"ImageObject\",\"inLanguage\":\"it-IT\",\"@id\":\"https:\/\/progettotouring.it\/radiotouring104\/#\/schema\/logo\/image\/\",\"url\":\"https:\/\/progettotouring.it\/radiotouring104\/wp-content\/uploads\/sites\/6\/2022\/02\/cropped-logo-radio-touring-104.png\",\"contentUrl\":\"https:\/\/progettotouring.it\/radiotouring104\/wp-content\/uploads\/sites\/6\/2022\/02\/cropped-logo-radio-touring-104.png\",\"width\":377,\"height\":182,\"caption\":\"Radio Touring 104\"},\"image\":{\"@id\":\"https:\/\/progettotouring.it\/radiotouring104\/#\/schema\/logo\/image\/\"}},{\"@type\":\"Person\",\"@id\":\"https:\/\/progettotouring.it\/radiotouring104\/#\/schema\/person\/78613917f1851f041f7483f5af1d422e\",\"name\":\"Sebastiano Plutino\",\"image\":{\"@type\":\"ImageObject\",\"inLanguage\":\"it-IT\",\"@id\":\"https:\/\/secure.gravatar.com\/avatar\/0546ffaa9b79224faf9f2a156b67a529ae861d3287c66c1d8ccfdf909bcba78d?s=96&d=mm&r=g\",\"url\":\"https:\/\/secure.gravatar.com\/avatar\/0546ffaa9b79224faf9f2a156b67a529ae861d3287c66c1d8ccfdf909bcba78d?s=96&d=mm&r=g\",\"contentUrl\":\"https:\/\/secure.gravatar.com\/avatar\/0546ffaa9b79224faf9f2a156b67a529ae861d3287c66c1d8ccfdf909bcba78d?s=96&d=mm&r=g\",\"caption\":\"Sebastiano Plutino\"},\"url\":\"https:\/\/progettotouring.it\/radiotouring104\/author\/sebastiano\/\"}]}<\/script>\n<!-- \/ Yoast SEO plugin. -->","yoast_head_json":{"title":"Falcomat\u00e0 al sit-in per la Statale 106","description":"Il sindaco, insieme ai sindaci dei Comuni dell'area jonica, ha aderito alla mobilitazione lanciata dalla triplice sindacale","robots":{"index":"index","follow":"follow","max-snippet":"max-snippet:-1","max-image-preview":"max-image-preview:large","max-video-preview":"max-video-preview:-1"},"canonical":"https:\/\/progettotouring.it\/radiotouring104\/2024\/02\/20\/falcomata-al-sit-in-per-la-statale-106-bisogna-correre-sindaci-e-comunita-reclamano-il-diritto-ad-una-mobilita-sicura-e-moderna\/","og_locale":"it_IT","og_type":"article","og_title":"Falcomat\u00e0 al sit-in per la Statale 106","og_description":"Il sindaco, insieme ai sindaci dei Comuni dell'area jonica, ha aderito alla mobilitazione lanciata dalla triplice sindacale","og_url":"https:\/\/progettotouring.it\/radiotouring104\/2024\/02\/20\/falcomata-al-sit-in-per-la-statale-106-bisogna-correre-sindaci-e-comunita-reclamano-il-diritto-ad-una-mobilita-sicura-e-moderna\/","og_site_name":"Radio Touring 104","article_published_time":"2024-02-20T12:14:30+00:00","og_image":[{"width":2000,"height":1126,"url":"https:\/\/progettotouring.it\/radiotouring104\/wp-content\/uploads\/sites\/6\/2024\/02\/manifestazione-SIT-IN-SS106-SINDACI.jpeg","type":"image\/jpeg"}],"author":"Sebastiano Plutino","twitter_card":"summary_large_image","twitter_misc":{"Scritto da":"Sebastiano Plutino","Tempo di lettura stimato":"1 minuto"},"schema":{"@context":"https:\/\/schema.org","@graph":[{"@type":"Article","@id":"https:\/\/progettotouring.it\/radiotouring104\/2024\/02\/20\/falcomata-al-sit-in-per-la-statale-106-bisogna-correre-sindaci-e-comunita-reclamano-il-diritto-ad-una-mobilita-sicura-e-moderna\/#article","isPartOf":{"@id":"https:\/\/progettotouring.it\/radiotouring104\/2024\/02\/20\/falcomata-al-sit-in-per-la-statale-106-bisogna-correre-sindaci-e-comunita-reclamano-il-diritto-ad-una-mobilita-sicura-e-moderna\/"},"author":{"name":"Sebastiano Plutino","@id":"https:\/\/progettotouring.it\/radiotouring104\/#\/schema\/person\/78613917f1851f041f7483f5af1d422e"},"headline":"Falcomat\u00e0 al sit-in per la Statale 106:\u00a0\u00abBisogna correre, sindaci e comunit\u00e0 reclamano il diritto ad una mobilit\u00e0 sicura e moderna\u00bb","datePublished":"2024-02-20T12:14:30+00:00","mainEntityOfPage":{"@id":"https:\/\/progettotouring.it\/radiotouring104\/2024\/02\/20\/falcomata-al-sit-in-per-la-statale-106-bisogna-correre-sindaci-e-comunita-reclamano-il-diritto-ad-una-mobilita-sicura-e-moderna\/"},"wordCount":310,"publisher":{"@id":"https:\/\/progettotouring.it\/radiotouring104\/#organization"},"image":{"@id":"https:\/\/progettotouring.it\/radiotouring104\/2024\/02\/20\/falcomata-al-sit-in-per-la-statale-106-bisogna-correre-sindaci-e-comunita-reclamano-il-diritto-ad-una-mobilita-sicura-e-moderna\/#primaryimage"},"thumbnailUrl":"https:\/\/progettotouring.it\/radiotouring104\/wp-content\/uploads\/sites\/6\/2024\/02\/manifestazione-SIT-IN-SS106-SINDACI.jpeg","keywords":["Cigl","Cisl","Giuseppe Falcomat\u00e0","sit in 106","uil"],"articleSection":["Home","In primo piano","News","Reggio Calabria"],"inLanguage":"it-IT"},{"@type":"WebPage","@id":"https:\/\/progettotouring.it\/radiotouring104\/2024\/02\/20\/falcomata-al-sit-in-per-la-statale-106-bisogna-correre-sindaci-e-comunita-reclamano-il-diritto-ad-una-mobilita-sicura-e-moderna\/","url":"https:\/\/progettotouring.it\/radiotouring104\/2024\/02\/20\/falcomata-al-sit-in-per-la-statale-106-bisogna-correre-sindaci-e-comunita-reclamano-il-diritto-ad-una-mobilita-sicura-e-moderna\/","name":"Falcomat\u00e0 al sit-in per la Statale 106","isPartOf":{"@id":"https:\/\/progettotouring.it\/radiotouring104\/#website"},"primaryImageOfPage":{"@id":"https:\/\/progettotouring.it\/radiotouring104\/2024\/02\/20\/falcomata-al-sit-in-per-la-statale-106-bisogna-correre-sindaci-e-comunita-reclamano-il-diritto-ad-una-mobilita-sicura-e-moderna\/#primaryimage"},"image":{"@id":"https:\/\/progettotouring.it\/radiotouring104\/2024\/02\/20\/falcomata-al-sit-in-per-la-statale-106-bisogna-correre-sindaci-e-comunita-reclamano-il-diritto-ad-una-mobilita-sicura-e-moderna\/#primaryimage"},"thumbnailUrl":"https:\/\/progettotouring.it\/radiotouring104\/wp-content\/uploads\/sites\/6\/2024\/02\/manifestazione-SIT-IN-SS106-SINDACI.jpeg","datePublished":"2024-02-20T12:14:30+00:00","description":"Il sindaco, insieme ai sindaci dei Comuni dell'area jonica, ha aderito alla mobilitazione lanciata dalla triplice sindacale","breadcrumb":{"@id":"https:\/\/progettotouring.it\/radiotouring104\/2024\/02\/20\/falcomata-al-sit-in-per-la-statale-106-bisogna-correre-sindaci-e-comunita-reclamano-il-diritto-ad-una-mobilita-sicura-e-moderna\/#breadcrumb"},"inLanguage":"it-IT","potentialAction":[{"@type":"ReadAction","target":["https:\/\/progettotouring.it\/radiotouring104\/2024\/02\/20\/falcomata-al-sit-in-per-la-statale-106-bisogna-correre-sindaci-e-comunita-reclamano-il-diritto-ad-una-mobilita-sicura-e-moderna\/"]}]},{"@type":"ImageObject","inLanguage":"it-IT","@id":"https:\/\/progettotouring.it\/radiotouring104\/2024\/02\/20\/falcomata-al-sit-in-per-la-statale-106-bisogna-correre-sindaci-e-comunita-reclamano-il-diritto-ad-una-mobilita-sicura-e-moderna\/#primaryimage","url":"https:\/\/progettotouring.it\/radiotouring104\/wp-content\/uploads\/sites\/6\/2024\/02\/manifestazione-SIT-IN-SS106-SINDACI.jpeg","contentUrl":"https:\/\/progettotouring.it\/radiotouring104\/wp-content\/uploads\/sites\/6\/2024\/02\/manifestazione-SIT-IN-SS106-SINDACI.jpeg","width":2000,"height":1126},{"@type":"BreadcrumbList","@id":"https:\/\/progettotouring.it\/radiotouring104\/2024\/02\/20\/falcomata-al-sit-in-per-la-statale-106-bisogna-correre-sindaci-e-comunita-reclamano-il-diritto-ad-una-mobilita-sicura-e-moderna\/#breadcrumb","itemListElement":[{"@type":"ListItem","position":1,"name":"Home","item":"https:\/\/progettotouring.it\/radiotouring104\/"},{"@type":"ListItem","position":2,"name":"Falcomat\u00e0 al sit-in per la Statale 106:\u00a0\u00abBisogna correre, sindaci e comunit\u00e0 reclamano il diritto ad una mobilit\u00e0 sicura e moderna\u00bb"}]},{"@type":"WebSite","@id":"https:\/\/progettotouring.it\/radiotouring104\/#website","url":"https:\/\/progettotouring.it\/radiotouring104\/","name":"Radio Touring 104","description":"La prima radio Reggina","publisher":{"@id":"https:\/\/progettotouring.it\/radiotouring104\/#organization"},"potentialAction":[{"@type":"SearchAction","target":{"@type":"EntryPoint","urlTemplate":"https:\/\/progettotouring.it\/radiotouring104\/?s={search_term_string}"},"query-input":{"@type":"PropertyValueSpecification","valueRequired":true,"valueName":"search_term_string"}}],"inLanguage":"it-IT"},{"@type":"Organization","@id":"https:\/\/progettotouring.it\/radiotouring104\/#organization","name":"Radio Touring 104","url":"https:\/\/progettotouring.it\/radiotouring104\/","logo":{"@type":"ImageObject","inLanguage":"it-IT","@id":"https:\/\/progettotouring.it\/radiotouring104\/#\/schema\/logo\/image\/","url":"https:\/\/progettotouring.it\/radiotouring104\/wp-content\/uploads\/sites\/6\/2022\/02\/cropped-logo-radio-touring-104.png","contentUrl":"https:\/\/progettotouring.it\/radiotouring104\/wp-content\/uploads\/sites\/6\/2022\/02\/cropped-logo-radio-touring-104.png","width":377,"height":182,"caption":"Radio Touring 104"},"image":{"@id":"https:\/\/progettotouring.it\/radiotouring104\/#\/schema\/logo\/image\/"}},{"@type":"Person","@id":"https:\/\/progettotouring.it\/radiotouring104\/#\/schema\/person\/78613917f1851f041f7483f5af1d422e","name":"Sebastiano Plutino","image":{"@type":"ImageObject","inLanguage":"it-IT","@id":"https:\/\/secure.gravatar.com\/avatar\/0546ffaa9b79224faf9f2a156b67a529ae861d3287c66c1d8ccfdf909bcba78d?s=96&d=mm&r=g","url":"https:\/\/secure.gravatar.com\/avatar\/0546ffaa9b79224faf9f2a156b67a529ae861d3287c66c1d8ccfdf909bcba78d?s=96&d=mm&r=g","contentUrl":"https:\/\/secure.gravatar.com\/avatar\/0546ffaa9b79224faf9f2a156b67a529ae861d3287c66c1d8ccfdf909bcba78d?s=96&d=mm&r=g","caption":"Sebastiano Plutino"},"url":"https:\/\/progettotouring.it\/radiotouring104\/author\/sebastiano\/"}]}},"jetpack_publicize_connections":[],"jetpack_featured_media_url":"https:\/\/progettotouring.it\/radiotouring104\/wp-content\/uploads\/sites\/6\/2024\/02\/manifestazione-SIT-IN-SS106-SINDACI.jpeg","jetpack_sharing_enabled":true,"_links":{"self":[{"href":"https:\/\/progettotouring.it\/radiotouring104\/wp-json\/wp\/v2\/posts\/45081","targetHints":{"allow":["GET"]}}],"collection":[{"href":"https:\/\/progettotouring.it\/radiotouring104\/wp-json\/wp\/v2\/posts"}],"about":[{"href":"https:\/\/progettotouring.it\/radiotouring104\/wp-json\/wp\/v2\/types\/post"}],"author":[{"embeddable":true,"href":"https:\/\/progettotouring.it\/radiotouring104\/wp-json\/wp\/v2\/users\/12"}],"replies":[{"embeddable":true,"href":"https:\/\/progettotouring.it\/radiotouring104\/wp-json\/wp\/v2\/comments?post=45081"}],"version-history":[{"count":1,"href":"https:\/\/progettotouring.it\/radiotouring104\/wp-json\/wp\/v2\/posts\/45081\/revisions"}],"predecessor-version":[{"id":45083,"href":"https:\/\/progettotouring.it\/radiotouring104\/wp-json\/wp\/v2\/posts\/45081\/revisions\/45083"}],"wp:featuredmedia":[{"embeddable":true,"href":"https:\/\/progettotouring.it\/radiotouring104\/wp-json\/wp\/v2\/media\/45082"}],"wp:attachment":[{"href":"https:\/\/progettotouring.it\/radiotouring104\/wp-json\/wp\/v2\/media?parent=45081"}],"wp:term":[{"taxonomy":"category","embeddable":true,"href":"https:\/\/progettotouring.it\/radiotouring104\/wp-json\/wp\/v2\/categories?post=45081"},{"taxonomy":"post_tag","embeddable":true,"href":"https:\/\/progettotouring.it\/radiotouring104\/wp-json\/wp\/v2\/tags?post=45081"}],"curies":[{"name":"wp","href":"https:\/\/api.w.org\/{rel}","templated":true}]}}