{"id":45095,"date":"2024-02-21T09:23:48","date_gmt":"2024-02-21T08:23:48","guid":{"rendered":"https:\/\/progettotouring.it\/radiotouring104\/?p=45095"},"modified":"2024-02-21T09:24:19","modified_gmt":"2024-02-21T08:24:19","slug":"comune-di-reggio-concesso-utilizzo-dellimmobile-di-viale-amendola-al-tribunale","status":"publish","type":"post","link":"https:\/\/progettotouring.it\/radiotouring104\/2024\/02\/21\/comune-di-reggio-concesso-utilizzo-dellimmobile-di-viale-amendola-al-tribunale\/","title":{"rendered":"Comune di Reggio: concesso utilizzo dell&#8217;immobile di viale Amendola al Tribunale"},"content":{"rendered":"<p style=\"text-align: justify\"><strong>Un immobile<\/strong> del Comune<strong> in viale Amendola<\/strong>, gi\u00e0 sede dell\u2019Agenzia dei beni confiscati<strong>, passa al Tribunale di Reggio Calabria per diventare la nuova sede degli uffici del Giudice di Pace.<\/strong><\/p>\n<p style=\"text-align: justify\"><strong>Ieri mattina, il sindaco Giuseppe Falcomat\u00e0<\/strong>, insieme al presidente del Tribunale di Reggio Mariagrazia <strong>Arena ha firmato l&#8217;atto che segna ufficialmente il passaggio di consegna. Presenti durante il sopralluogo<\/strong> nell\u2019immobile il vicesindaco <strong>Paolo Brunetti,<\/strong> la dirigente del settore Patrimonio edilizio<strong> Concettina Siciliano,<\/strong> ed il presidente del Consiglio dell\u2019Ordine degli Avvocati di Reggio, <strong>Rosario Infantino.<\/strong><br \/>\nL\u2019immobile ha ospitato in passato la sede dell\u2019Agenzia dei beni confiscati, un bene nella disponibilit\u00e0 del Comune, poi ristrutturato e adeguato, dopo il passaggio dell&#8217;Agenzia nella nuova sede di via Campanella.<\/p>\n<p style=\"text-align: justify\">\u00abUn\u2019altra bella pagina di sinergia istituzionale concreta, fattiva e operativa dopo il consiglio metropolitano di ieri <em>&#8211;<\/em><strong> ha specificato il sindaco Falcomat<\/strong><strong>\u00e0<\/strong> &#8211; <em>con il quale si \u00e8 approvato un protocollo d\u2019intesa con la Procura generale per consentire agli uffici della Procura generale presso la Corte d\u2019Appello di poter essere trasferiti in locali pi\u00f9 idonei, pi\u00f9 sicuri, pi\u00f9 moderni e pi\u00f9 funzionali all\u2019esercizio dell\u2019attivit\u00e0 di tutti gli operatori del diritto. Con lo stesso spirito consegniamo al Tribunale di Reggio Calabria e alla presidente Arena questo immobile, nel centro della citt\u00e0, in viale Amendola, nel quale aveva sede, fino a qualche tempo fa, l&#8217;Agenzia dei Beni confiscati. Qui verranno trasferiti gli uffici del Giudice di pace e siamo molto contenti perch\u00e9 fino a ieri erano costretti in locali piccoli e che poi si sono rivelati inagibili, oggi potranno essere spostati in uffici pi\u00f9 ampi e moderni. Ne beneficer\u00e0 una parte della citt\u00e0 che adesso sar\u00e0 pi\u00f9 attiva perch\u00e9 qui verranno espletate diverse attivit\u00e0 di interesse per gli operatori del settore giudiziario. Oggi siamo qui per la consegna dei locali ma riteniamo questo un punto non solo di arrivo, ma di partenza per tutte le altre attivit\u00e0 che insieme, a livello interistituzionale, si potranno portare avanti\u00bb.<\/em><\/p>\n<div style=\"text-align: justify\">\n<p><em>\u00abSono molto felice della presenza del Presidente Infantino<\/em> \u2013 <strong>ha poi aggiunto il primo Cittadino<\/strong> &#8211; <em>puntiamo molto su questa collaborazione con gli operatori del settore della giustizia. Ringrazio anche Francesco Gangemi che, da assessore al Patrimonio, ha seguito la fase iniziale di questo spostamento e ha raggiunto l\u2019obiettivo in pochissimo tempo, e la dirigente del settore Siciliano che, insieme ai rappresentanti del ministero della Giustizia, ha trovato la formula per la concessione di questo bene immobile\u00bb. \u00abPer me \u2013 ha concluso Falcomat\u00e0 \u2013 che ho visto nascere l\u2019Agenzia dei Beni confiscati, da avvocato e ho avuto l\u2019onore di collaborare per i primi tre anni, ritornare qui fa un certo effetto. Sono contento che questi locali possano continuare a vivere e avere quel valore simbolico per il quale sono stati destinati all\u2019inizio: garantire a tutti gli operatori di diritto di poter lavorare in maniera sicura e per il ripristino e il mantenimento della legalit\u00e0 sul nostro territorio che \u00e8 un obiettivo comune, un obiettivo sul quale l\u2019Amministrazione comunale si \u00e8 spesa dall\u2019inizio e si spender\u00e0 tantissimo\u00bb.<\/em><\/p>\n<p><em>\u00abRingrazio la collaborazione che ha fornito il Comune per consentire l\u2019esercizio della giurisdizione dell\u2019Ufficio del Giudice di pace \u2013<\/em><strong> ha chiarito il presidente Arena<\/strong> &#8211;<em> considerato che la sede in cui si trovava non \u00e8 pi\u00f9 agibile, il Comune si \u00e8 reso disponibile a consegnare questo immobile di cui ci ha dato l\u2019immediata disponibilit\u00e0 d\u2019uso in attesa della formalizzazione di un rapporto contrattuale. \u00c8 importante per evitare la discontinuit\u00e0 nel servizio giustizia, quindi \u00e8 una forma di collaborazione istituzionale di cui bisogna dare atto\u00bb.<\/em><\/p>\n<p><em>\u00abLa mia presenza qui<\/em> \u2013<strong> afferma il presidente Infantino<\/strong> \u2013<em> \u00e8 perch\u00e9 abbiamo a cuore l\u2019edilizia giudiziaria. Abbiamo deciso di intervenire insieme alle altre istituzioni per risolvere definitivamente il problema. Siamo in attesa del nuovo palazzo di giustizia, per quanto riguarda gli uffici del tribunale, ma \u00e8 chiaro che c\u2019\u00e8 un\u2019esigenza legata al giudice di pace e mi sembra che questi uffici possano ospitare gli uffici del giudice di pace e non solo. Dal sopralluogo di stamane abbiamo visto che si tratta di locali grandi, idonei per ospitare anche altri uffici strettamente legati all\u2019attivit\u00e0 giudiziaria della citt\u00e0 e del distretto\u00bb.<\/em><\/p>\n<\/div>\n","protected":false},"excerpt":{"rendered":"<p>Un immobile del Comune in viale Amendola, gi\u00e0 sede dell\u2019Agenzia dei beni confiscati, passa al Tribunale di Reggio Calabria per diventare la nuova sede degli uffici del Giudice di Pace.&hellip;<\/p>\n","protected":false},"author":12,"featured_media":45096,"comment_status":"closed","ping_status":"open","sticky":false,"template":"","format":"standard","meta":{"_jetpack_memberships_contains_paid_content":false,"footnotes":"","jetpack_publicize_message":"","jetpack_publicize_feature_enabled":true,"jetpack_social_post_already_shared":false,"jetpack_social_options":{"image_generator_settings":{"template":"highway","default_image_id":0,"font":"","enabled":false},"version":2}},"categories":[921,196,140],"tags":[9778,27851,27852,812,27853,495,10844],"class_list":["post-45095","post","type-post","status-publish","format-standard","has-post-thumbnail","hentry","category-home","category-news","category-reggio-calabria","tag-comune-di-reggio","tag-concesso-utilizzo-immobile-al-tribunale-rc","tag-concettina-siciliano","tag-giuseppe-falcomata","tag-nuova-sede-degli-uffici-del-giudice-di-pace","tag-paolo-brunetti","tag-rosario-infantino"],"yoast_head":"<!-- This site is optimized with the Yoast SEO plugin v27.2 - https:\/\/yoast.com\/product\/yoast-seo-wordpress\/ -->\n<title>Comune RC: concesso uso immobile viale Amendola a Tribunale<\/title>\n<meta name=\"description\" content=\"Ieri mattina Falcomat\u00e0, insieme a presidente del Tribunale di Reggio, Arena, ha firmato gli atti per il passaggio di consegna dei locali\" \/>\n<meta name=\"robots\" content=\"index, follow, max-snippet:-1, max-image-preview:large, max-video-preview:-1\" \/>\n<link rel=\"canonical\" href=\"https:\/\/progettotouring.it\/radiotouring104\/2024\/02\/21\/comune-di-reggio-concesso-utilizzo-dellimmobile-di-viale-amendola-al-tribunale\/\" \/>\n<meta property=\"og:locale\" content=\"it_IT\" \/>\n<meta property=\"og:type\" content=\"article\" \/>\n<meta property=\"og:title\" content=\"Comune RC: concesso uso immobile viale Amendola a Tribunale\" \/>\n<meta property=\"og:description\" content=\"Ieri mattina Falcomat\u00e0, insieme a presidente del Tribunale di Reggio, Arena, ha firmato gli atti per il passaggio di consegna dei locali\" \/>\n<meta property=\"og:url\" content=\"https:\/\/progettotouring.it\/radiotouring104\/2024\/02\/21\/comune-di-reggio-concesso-utilizzo-dellimmobile-di-viale-amendola-al-tribunale\/\" \/>\n<meta property=\"og:site_name\" content=\"Radio Touring 104\" \/>\n<meta property=\"article:published_time\" content=\"2024-02-21T08:23:48+00:00\" \/>\n<meta property=\"article:modified_time\" content=\"2024-02-21T08:24:19+00:00\" \/>\n<meta property=\"og:image\" content=\"https:\/\/progettotouring.it\/radiotouring104\/wp-content\/uploads\/sites\/6\/2024\/02\/comune-tribunale-3.jpeg\" \/>\n\t<meta property=\"og:image:width\" content=\"1614\" \/>\n\t<meta property=\"og:image:height\" content=\"1126\" \/>\n\t<meta property=\"og:image:type\" content=\"image\/jpeg\" \/>\n<meta name=\"author\" content=\"Sebastiano Plutino\" \/>\n<meta name=\"twitter:card\" content=\"summary_large_image\" \/>\n<meta name=\"twitter:label1\" content=\"Scritto da\" \/>\n\t<meta name=\"twitter:data1\" content=\"Sebastiano Plutino\" \/>\n\t<meta name=\"twitter:label2\" content=\"Tempo di lettura stimato\" \/>\n\t<meta name=\"twitter:data2\" content=\"3 minuti\" \/>\n<script type=\"application\/ld+json\" class=\"yoast-schema-graph\">{\"@context\":\"https:\/\/schema.org\",\"@graph\":[{\"@type\":\"Article\",\"@id\":\"https:\/\/progettotouring.it\/radiotouring104\/2024\/02\/21\/comune-di-reggio-concesso-utilizzo-dellimmobile-di-viale-amendola-al-tribunale\/#article\",\"isPartOf\":{\"@id\":\"https:\/\/progettotouring.it\/radiotouring104\/2024\/02\/21\/comune-di-reggio-concesso-utilizzo-dellimmobile-di-viale-amendola-al-tribunale\/\"},\"author\":{\"name\":\"Sebastiano Plutino\",\"@id\":\"https:\/\/progettotouring.it\/radiotouring104\/#\/schema\/person\/78613917f1851f041f7483f5af1d422e\"},\"headline\":\"Comune di Reggio: concesso utilizzo dell&#8217;immobile di viale Amendola al Tribunale\",\"datePublished\":\"2024-02-21T08:23:48+00:00\",\"dateModified\":\"2024-02-21T08:24:19+00:00\",\"mainEntityOfPage\":{\"@id\":\"https:\/\/progettotouring.it\/radiotouring104\/2024\/02\/21\/comune-di-reggio-concesso-utilizzo-dellimmobile-di-viale-amendola-al-tribunale\/\"},\"wordCount\":698,\"publisher\":{\"@id\":\"https:\/\/progettotouring.it\/radiotouring104\/#organization\"},\"image\":{\"@id\":\"https:\/\/progettotouring.it\/radiotouring104\/2024\/02\/21\/comune-di-reggio-concesso-utilizzo-dellimmobile-di-viale-amendola-al-tribunale\/#primaryimage\"},\"thumbnailUrl\":\"https:\/\/progettotouring.it\/radiotouring104\/wp-content\/uploads\/sites\/6\/2024\/02\/comune-tribunale-3.jpeg\",\"keywords\":[\"Comune di Reggio\",\"concesso utilizzo immobile al Tribunale RC\",\"Concettina Siciliano\",\"Giuseppe Falcomat\u00e0\",\"nuova sede degli uffici del Giudice di Pace.\",\"Paolo Brunetti\",\"Rosario Infantino\"],\"articleSection\":[\"Home\",\"News\",\"Reggio Calabria\"],\"inLanguage\":\"it-IT\"},{\"@type\":\"WebPage\",\"@id\":\"https:\/\/progettotouring.it\/radiotouring104\/2024\/02\/21\/comune-di-reggio-concesso-utilizzo-dellimmobile-di-viale-amendola-al-tribunale\/\",\"url\":\"https:\/\/progettotouring.it\/radiotouring104\/2024\/02\/21\/comune-di-reggio-concesso-utilizzo-dellimmobile-di-viale-amendola-al-tribunale\/\",\"name\":\"Comune RC: concesso uso immobile viale Amendola a Tribunale\",\"isPartOf\":{\"@id\":\"https:\/\/progettotouring.it\/radiotouring104\/#website\"},\"primaryImageOfPage\":{\"@id\":\"https:\/\/progettotouring.it\/radiotouring104\/2024\/02\/21\/comune-di-reggio-concesso-utilizzo-dellimmobile-di-viale-amendola-al-tribunale\/#primaryimage\"},\"image\":{\"@id\":\"https:\/\/progettotouring.it\/radiotouring104\/2024\/02\/21\/comune-di-reggio-concesso-utilizzo-dellimmobile-di-viale-amendola-al-tribunale\/#primaryimage\"},\"thumbnailUrl\":\"https:\/\/progettotouring.it\/radiotouring104\/wp-content\/uploads\/sites\/6\/2024\/02\/comune-tribunale-3.jpeg\",\"datePublished\":\"2024-02-21T08:23:48+00:00\",\"dateModified\":\"2024-02-21T08:24:19+00:00\",\"description\":\"Ieri mattina Falcomat\u00e0, insieme a presidente del Tribunale di Reggio, Arena, ha firmato gli atti per il passaggio di consegna dei locali\",\"breadcrumb\":{\"@id\":\"https:\/\/progettotouring.it\/radiotouring104\/2024\/02\/21\/comune-di-reggio-concesso-utilizzo-dellimmobile-di-viale-amendola-al-tribunale\/#breadcrumb\"},\"inLanguage\":\"it-IT\",\"potentialAction\":[{\"@type\":\"ReadAction\",\"target\":[\"https:\/\/progettotouring.it\/radiotouring104\/2024\/02\/21\/comune-di-reggio-concesso-utilizzo-dellimmobile-di-viale-amendola-al-tribunale\/\"]}]},{\"@type\":\"ImageObject\",\"inLanguage\":\"it-IT\",\"@id\":\"https:\/\/progettotouring.it\/radiotouring104\/2024\/02\/21\/comune-di-reggio-concesso-utilizzo-dellimmobile-di-viale-amendola-al-tribunale\/#primaryimage\",\"url\":\"https:\/\/progettotouring.it\/radiotouring104\/wp-content\/uploads\/sites\/6\/2024\/02\/comune-tribunale-3.jpeg\",\"contentUrl\":\"https:\/\/progettotouring.it\/radiotouring104\/wp-content\/uploads\/sites\/6\/2024\/02\/comune-tribunale-3.jpeg\",\"width\":1614,\"height\":1126},{\"@type\":\"BreadcrumbList\",\"@id\":\"https:\/\/progettotouring.it\/radiotouring104\/2024\/02\/21\/comune-di-reggio-concesso-utilizzo-dellimmobile-di-viale-amendola-al-tribunale\/#breadcrumb\",\"itemListElement\":[{\"@type\":\"ListItem\",\"position\":1,\"name\":\"Home\",\"item\":\"https:\/\/progettotouring.it\/radiotouring104\/\"},{\"@type\":\"ListItem\",\"position\":2,\"name\":\"Comune di Reggio: concesso utilizzo dell&#8217;immobile di viale Amendola al Tribunale\"}]},{\"@type\":\"WebSite\",\"@id\":\"https:\/\/progettotouring.it\/radiotouring104\/#website\",\"url\":\"https:\/\/progettotouring.it\/radiotouring104\/\",\"name\":\"Radio Touring 104\",\"description\":\"La prima radio Reggina\",\"publisher\":{\"@id\":\"https:\/\/progettotouring.it\/radiotouring104\/#organization\"},\"potentialAction\":[{\"@type\":\"SearchAction\",\"target\":{\"@type\":\"EntryPoint\",\"urlTemplate\":\"https:\/\/progettotouring.it\/radiotouring104\/?s={search_term_string}\"},\"query-input\":{\"@type\":\"PropertyValueSpecification\",\"valueRequired\":true,\"valueName\":\"search_term_string\"}}],\"inLanguage\":\"it-IT\"},{\"@type\":\"Organization\",\"@id\":\"https:\/\/progettotouring.it\/radiotouring104\/#organization\",\"name\":\"Radio Touring 104\",\"url\":\"https:\/\/progettotouring.it\/radiotouring104\/\",\"logo\":{\"@type\":\"ImageObject\",\"inLanguage\":\"it-IT\",\"@id\":\"https:\/\/progettotouring.it\/radiotouring104\/#\/schema\/logo\/image\/\",\"url\":\"https:\/\/progettotouring.it\/radiotouring104\/wp-content\/uploads\/sites\/6\/2022\/02\/cropped-logo-radio-touring-104.png\",\"contentUrl\":\"https:\/\/progettotouring.it\/radiotouring104\/wp-content\/uploads\/sites\/6\/2022\/02\/cropped-logo-radio-touring-104.png\",\"width\":377,\"height\":182,\"caption\":\"Radio Touring 104\"},\"image\":{\"@id\":\"https:\/\/progettotouring.it\/radiotouring104\/#\/schema\/logo\/image\/\"}},{\"@type\":\"Person\",\"@id\":\"https:\/\/progettotouring.it\/radiotouring104\/#\/schema\/person\/78613917f1851f041f7483f5af1d422e\",\"name\":\"Sebastiano Plutino\",\"image\":{\"@type\":\"ImageObject\",\"inLanguage\":\"it-IT\",\"@id\":\"https:\/\/secure.gravatar.com\/avatar\/0546ffaa9b79224faf9f2a156b67a529ae861d3287c66c1d8ccfdf909bcba78d?s=96&d=mm&r=g\",\"url\":\"https:\/\/secure.gravatar.com\/avatar\/0546ffaa9b79224faf9f2a156b67a529ae861d3287c66c1d8ccfdf909bcba78d?s=96&d=mm&r=g\",\"contentUrl\":\"https:\/\/secure.gravatar.com\/avatar\/0546ffaa9b79224faf9f2a156b67a529ae861d3287c66c1d8ccfdf909bcba78d?s=96&d=mm&r=g\",\"caption\":\"Sebastiano Plutino\"},\"url\":\"https:\/\/progettotouring.it\/radiotouring104\/author\/sebastiano\/\"}]}<\/script>\n<!-- \/ Yoast SEO plugin. -->","yoast_head_json":{"title":"Comune RC: concesso uso immobile viale Amendola a Tribunale","description":"Ieri mattina Falcomat\u00e0, insieme a presidente del Tribunale di Reggio, Arena, ha firmato gli atti per il passaggio di consegna dei locali","robots":{"index":"index","follow":"follow","max-snippet":"max-snippet:-1","max-image-preview":"max-image-preview:large","max-video-preview":"max-video-preview:-1"},"canonical":"https:\/\/progettotouring.it\/radiotouring104\/2024\/02\/21\/comune-di-reggio-concesso-utilizzo-dellimmobile-di-viale-amendola-al-tribunale\/","og_locale":"it_IT","og_type":"article","og_title":"Comune RC: concesso uso immobile viale Amendola a Tribunale","og_description":"Ieri mattina Falcomat\u00e0, insieme a presidente del Tribunale di Reggio, Arena, ha firmato gli atti per il passaggio di consegna dei locali","og_url":"https:\/\/progettotouring.it\/radiotouring104\/2024\/02\/21\/comune-di-reggio-concesso-utilizzo-dellimmobile-di-viale-amendola-al-tribunale\/","og_site_name":"Radio Touring 104","article_published_time":"2024-02-21T08:23:48+00:00","article_modified_time":"2024-02-21T08:24:19+00:00","og_image":[{"width":1614,"height":1126,"url":"https:\/\/progettotouring.it\/radiotouring104\/wp-content\/uploads\/sites\/6\/2024\/02\/comune-tribunale-3.jpeg","type":"image\/jpeg"}],"author":"Sebastiano Plutino","twitter_card":"summary_large_image","twitter_misc":{"Scritto da":"Sebastiano Plutino","Tempo di lettura stimato":"3 minuti"},"schema":{"@context":"https:\/\/schema.org","@graph":[{"@type":"Article","@id":"https:\/\/progettotouring.it\/radiotouring104\/2024\/02\/21\/comune-di-reggio-concesso-utilizzo-dellimmobile-di-viale-amendola-al-tribunale\/#article","isPartOf":{"@id":"https:\/\/progettotouring.it\/radiotouring104\/2024\/02\/21\/comune-di-reggio-concesso-utilizzo-dellimmobile-di-viale-amendola-al-tribunale\/"},"author":{"name":"Sebastiano Plutino","@id":"https:\/\/progettotouring.it\/radiotouring104\/#\/schema\/person\/78613917f1851f041f7483f5af1d422e"},"headline":"Comune di Reggio: concesso utilizzo dell&#8217;immobile di viale Amendola al Tribunale","datePublished":"2024-02-21T08:23:48+00:00","dateModified":"2024-02-21T08:24:19+00:00","mainEntityOfPage":{"@id":"https:\/\/progettotouring.it\/radiotouring104\/2024\/02\/21\/comune-di-reggio-concesso-utilizzo-dellimmobile-di-viale-amendola-al-tribunale\/"},"wordCount":698,"publisher":{"@id":"https:\/\/progettotouring.it\/radiotouring104\/#organization"},"image":{"@id":"https:\/\/progettotouring.it\/radiotouring104\/2024\/02\/21\/comune-di-reggio-concesso-utilizzo-dellimmobile-di-viale-amendola-al-tribunale\/#primaryimage"},"thumbnailUrl":"https:\/\/progettotouring.it\/radiotouring104\/wp-content\/uploads\/sites\/6\/2024\/02\/comune-tribunale-3.jpeg","keywords":["Comune di Reggio","concesso utilizzo immobile al Tribunale RC","Concettina Siciliano","Giuseppe Falcomat\u00e0","nuova sede degli uffici del Giudice di Pace.","Paolo Brunetti","Rosario Infantino"],"articleSection":["Home","News","Reggio Calabria"],"inLanguage":"it-IT"},{"@type":"WebPage","@id":"https:\/\/progettotouring.it\/radiotouring104\/2024\/02\/21\/comune-di-reggio-concesso-utilizzo-dellimmobile-di-viale-amendola-al-tribunale\/","url":"https:\/\/progettotouring.it\/radiotouring104\/2024\/02\/21\/comune-di-reggio-concesso-utilizzo-dellimmobile-di-viale-amendola-al-tribunale\/","name":"Comune RC: concesso uso immobile viale Amendola a Tribunale","isPartOf":{"@id":"https:\/\/progettotouring.it\/radiotouring104\/#website"},"primaryImageOfPage":{"@id":"https:\/\/progettotouring.it\/radiotouring104\/2024\/02\/21\/comune-di-reggio-concesso-utilizzo-dellimmobile-di-viale-amendola-al-tribunale\/#primaryimage"},"image":{"@id":"https:\/\/progettotouring.it\/radiotouring104\/2024\/02\/21\/comune-di-reggio-concesso-utilizzo-dellimmobile-di-viale-amendola-al-tribunale\/#primaryimage"},"thumbnailUrl":"https:\/\/progettotouring.it\/radiotouring104\/wp-content\/uploads\/sites\/6\/2024\/02\/comune-tribunale-3.jpeg","datePublished":"2024-02-21T08:23:48+00:00","dateModified":"2024-02-21T08:24:19+00:00","description":"Ieri mattina Falcomat\u00e0, insieme a presidente del Tribunale di Reggio, Arena, ha firmato gli atti per il passaggio di consegna dei locali","breadcrumb":{"@id":"https:\/\/progettotouring.it\/radiotouring104\/2024\/02\/21\/comune-di-reggio-concesso-utilizzo-dellimmobile-di-viale-amendola-al-tribunale\/#breadcrumb"},"inLanguage":"it-IT","potentialAction":[{"@type":"ReadAction","target":["https:\/\/progettotouring.it\/radiotouring104\/2024\/02\/21\/comune-di-reggio-concesso-utilizzo-dellimmobile-di-viale-amendola-al-tribunale\/"]}]},{"@type":"ImageObject","inLanguage":"it-IT","@id":"https:\/\/progettotouring.it\/radiotouring104\/2024\/02\/21\/comune-di-reggio-concesso-utilizzo-dellimmobile-di-viale-amendola-al-tribunale\/#primaryimage","url":"https:\/\/progettotouring.it\/radiotouring104\/wp-content\/uploads\/sites\/6\/2024\/02\/comune-tribunale-3.jpeg","contentUrl":"https:\/\/progettotouring.it\/radiotouring104\/wp-content\/uploads\/sites\/6\/2024\/02\/comune-tribunale-3.jpeg","width":1614,"height":1126},{"@type":"BreadcrumbList","@id":"https:\/\/progettotouring.it\/radiotouring104\/2024\/02\/21\/comune-di-reggio-concesso-utilizzo-dellimmobile-di-viale-amendola-al-tribunale\/#breadcrumb","itemListElement":[{"@type":"ListItem","position":1,"name":"Home","item":"https:\/\/progettotouring.it\/radiotouring104\/"},{"@type":"ListItem","position":2,"name":"Comune di Reggio: concesso utilizzo dell&#8217;immobile di viale Amendola al Tribunale"}]},{"@type":"WebSite","@id":"https:\/\/progettotouring.it\/radiotouring104\/#website","url":"https:\/\/progettotouring.it\/radiotouring104\/","name":"Radio Touring 104","description":"La prima radio Reggina","publisher":{"@id":"https:\/\/progettotouring.it\/radiotouring104\/#organization"},"potentialAction":[{"@type":"SearchAction","target":{"@type":"EntryPoint","urlTemplate":"https:\/\/progettotouring.it\/radiotouring104\/?s={search_term_string}"},"query-input":{"@type":"PropertyValueSpecification","valueRequired":true,"valueName":"search_term_string"}}],"inLanguage":"it-IT"},{"@type":"Organization","@id":"https:\/\/progettotouring.it\/radiotouring104\/#organization","name":"Radio Touring 104","url":"https:\/\/progettotouring.it\/radiotouring104\/","logo":{"@type":"ImageObject","inLanguage":"it-IT","@id":"https:\/\/progettotouring.it\/radiotouring104\/#\/schema\/logo\/image\/","url":"https:\/\/progettotouring.it\/radiotouring104\/wp-content\/uploads\/sites\/6\/2022\/02\/cropped-logo-radio-touring-104.png","contentUrl":"https:\/\/progettotouring.it\/radiotouring104\/wp-content\/uploads\/sites\/6\/2022\/02\/cropped-logo-radio-touring-104.png","width":377,"height":182,"caption":"Radio Touring 104"},"image":{"@id":"https:\/\/progettotouring.it\/radiotouring104\/#\/schema\/logo\/image\/"}},{"@type":"Person","@id":"https:\/\/progettotouring.it\/radiotouring104\/#\/schema\/person\/78613917f1851f041f7483f5af1d422e","name":"Sebastiano Plutino","image":{"@type":"ImageObject","inLanguage":"it-IT","@id":"https:\/\/secure.gravatar.com\/avatar\/0546ffaa9b79224faf9f2a156b67a529ae861d3287c66c1d8ccfdf909bcba78d?s=96&d=mm&r=g","url":"https:\/\/secure.gravatar.com\/avatar\/0546ffaa9b79224faf9f2a156b67a529ae861d3287c66c1d8ccfdf909bcba78d?s=96&d=mm&r=g","contentUrl":"https:\/\/secure.gravatar.com\/avatar\/0546ffaa9b79224faf9f2a156b67a529ae861d3287c66c1d8ccfdf909bcba78d?s=96&d=mm&r=g","caption":"Sebastiano Plutino"},"url":"https:\/\/progettotouring.it\/radiotouring104\/author\/sebastiano\/"}]}},"jetpack_publicize_connections":[],"jetpack_featured_media_url":"https:\/\/progettotouring.it\/radiotouring104\/wp-content\/uploads\/sites\/6\/2024\/02\/comune-tribunale-3.jpeg","jetpack_sharing_enabled":true,"_links":{"self":[{"href":"https:\/\/progettotouring.it\/radiotouring104\/wp-json\/wp\/v2\/posts\/45095","targetHints":{"allow":["GET"]}}],"collection":[{"href":"https:\/\/progettotouring.it\/radiotouring104\/wp-json\/wp\/v2\/posts"}],"about":[{"href":"https:\/\/progettotouring.it\/radiotouring104\/wp-json\/wp\/v2\/types\/post"}],"author":[{"embeddable":true,"href":"https:\/\/progettotouring.it\/radiotouring104\/wp-json\/wp\/v2\/users\/12"}],"replies":[{"embeddable":true,"href":"https:\/\/progettotouring.it\/radiotouring104\/wp-json\/wp\/v2\/comments?post=45095"}],"version-history":[{"count":2,"href":"https:\/\/progettotouring.it\/radiotouring104\/wp-json\/wp\/v2\/posts\/45095\/revisions"}],"predecessor-version":[{"id":45098,"href":"https:\/\/progettotouring.it\/radiotouring104\/wp-json\/wp\/v2\/posts\/45095\/revisions\/45098"}],"wp:featuredmedia":[{"embeddable":true,"href":"https:\/\/progettotouring.it\/radiotouring104\/wp-json\/wp\/v2\/media\/45096"}],"wp:attachment":[{"href":"https:\/\/progettotouring.it\/radiotouring104\/wp-json\/wp\/v2\/media?parent=45095"}],"wp:term":[{"taxonomy":"category","embeddable":true,"href":"https:\/\/progettotouring.it\/radiotouring104\/wp-json\/wp\/v2\/categories?post=45095"},{"taxonomy":"post_tag","embeddable":true,"href":"https:\/\/progettotouring.it\/radiotouring104\/wp-json\/wp\/v2\/tags?post=45095"}],"curies":[{"name":"wp","href":"https:\/\/api.w.org\/{rel}","templated":true}]}}