{"id":45099,"date":"2024-02-21T09:34:51","date_gmt":"2024-02-21T08:34:51","guid":{"rendered":"https:\/\/progettotouring.it\/radiotouring104\/?p=45099"},"modified":"2024-02-21T09:34:51","modified_gmt":"2024-02-21T08:34:51","slug":"aeroporto-di-reggio-calabria-cannizzaro-leffetto-ryanair-ha-scosso-lanima-dei-reggini","status":"publish","type":"post","link":"https:\/\/progettotouring.it\/radiotouring104\/2024\/02\/21\/aeroporto-di-reggio-calabria-cannizzaro-leffetto-ryanair-ha-scosso-lanima-dei-reggini\/","title":{"rendered":"Aeroporto di Reggio Calabria, Cannizzaro: \u201cL\u2019effetto RyanAir ha scosso l\u2019anima dei reggini&#8221;"},"content":{"rendered":"<p><em>\u201cDei tanti e vari aspetti derivanti da quella che potremmo definire l\u2019operazione RyanAir, ad avermi regalato pi\u00f9 emozione \u00e8 l\u2019entusiasmo che la notizia ha infuso nei reggini. P<\/em><em>ercepire una popolazione di nuovo entusiasta, finalmente rispondente a qualche impulso \u00e8 stata una sensazione bellissima, che non provavo da tempo. Chi dice che Reggio Calabria \u00e8 morta si sbaglia di grosso. E \u201cl\u2019effetto RyanAir\u201d (mi piace chiamarlo cos\u00ec) lo ha dimostrato. \u00c8 stato come un elettroshock per tutti, risvegliando la popolazione da un torpore che va necessariamente superato. E questo \u00e8 il momento.\u201d<\/em><\/p>\n<p style=\"text-align: justify\"><strong>Parole dell\u2019Onorevole Francesco Cannizzaro,<\/strong> Vice Capogruppo di Forza Italia alla Camera dei Deputati e Coordinatore regionale, il primo a credere fino in fondo ad una rinascita dell\u2019Aeroporto dello Stretto e, con esso, di tutto il territorio reggino.<\/p>\n<p style=\"text-align: justify\"><em>\u201cOvviamente per risollevare Reggio nella sua totalit\u00e0 serve ben altro, non basta solo aver portato qui la principale low-cost d\u2019Europa. Per\u00f2 \u00e8 un enorme passo avanti, uno strumento basilare, una straordinaria opportunit\u00e0 che va colta a 360 gradi da tutti: cittadini, tessuto sociale, imprese, istituzioni. E ci tengo a precisare che l\u2019operazione RyanAir non \u00e8 tanto importante per collegare Reggio con il Nord Italia e con l\u2019Europa, quanto soprattutto per l\u2019opposto. L\u2019incoming rivestir\u00e0 un ruolo molto pi\u00f9 prezioso per la nostra Citt\u00e0 e, di conseguenza, per tutta l\u2019Area Metropolitana. Pensate a quanti cittadini stranieri, oltre che italiani di altre zone del Paese, potranno finalmente arrivare qui con un volo diretto, ad un costo umano, andando ad investire nelle nostre strutture ricettive, nei nostri bar e ristoranti, nei negozi del centro e della periferia, nei nostri siti archeologici, facendoci poi pubblicit\u00e0 diretta e indiretta tramite i canali social che al giorno d\u2019oggi valgono pi\u00f9 di uno spot televisivo. Ecco, \u00e8 sull\u2019indotto che si andr\u00e0 a creare a partire dai prossimi mesi che vorrei far riflettere i reggini.\u201d<\/em><\/p>\n<p style=\"text-align: justify\"><em>\u201cMi pare evidente per\u00f2 \u2013 <\/em><strong>precisa a chiare lettere Cannizzaro<\/strong><em> &#8211; che a questo punto la Citt\u00e0 dovr\u00e0 fare la differenza. Non la sua parte, la differenza. Perch\u00e9, se sapremo farci trovare pronti e organizzati, avremo una risposta inimmaginabile in termini di marketing territoriale, quindi economici e di tutto ci\u00f2 che ne deriva. Viceversa, sarebbe un disastro. Mai come in questo momento, quindi, credo che Reggio abbia il destino nelle proprie mani. Adesso tocca a Reggio, ai reggini, intesi sia come cittadini che come istituzioni, dimostrarsi all\u2019altezza delle occasioni. E, attenzione, non dico che le occasioni si racchiudono tutte nell\u2019aeroporto (che a mio avviso rappresenta la base dell\u2019operazione risveglio), penso che sia tutto il \u2018pacchetto Reggio\u2019 a doversi dimostrare appetibile: penso alle attivit\u00e0 commerciali, ai tour operator, al Teatro, al Museo, ai tanti siti archeologici, alle bellezze paesaggistiche, supportati dalla strategicit\u00e0 delle strutture e infrastrutture, come la Gallico-Gambarie, il Porto di Reggio per il turismo e al Porto di Gioia Tauro per il commercio, la SNA \u2013 Scuola Nazionale della Pubblica Amministrazione, l\u2019Universit\u00e0 per Stranieri. Tutto ci\u00f2 considerando un elemento<\/em><em> per nulla trascurabile: Reggio pu\u00f2 vantare nel raggio di pochi chilometri aeroporto, stazione e porto, quindi la possibilit\u00e0 di raggiungere velocemente il centro o le nostre mete in provincia (una su tutte Scilla), cos\u00ec come la dirimpettaia Sicilia. Sono elementi questi che, insieme, concorrono a rendere di Reggio Calabria un\u2019attrattiva. E, soprattutto, sono tutte realt\u00e0 gi\u00e0 esistenti. Non parliamo di castelli in aria o di opere che ancora si devono costruire. Non \u00e8 un caso se non ho nominato il Ponte sullo Stretto o quella che sar\u00e0 una piccola grande opera di attrazione turistica come il ponte tibetano che collegher\u00e0 Laganadi e Calanna. In ogni caso, in tutto quello che ho soprannominato \u2018il pacchetto Reggio\u2019 la differenza la far\u00e0 per\u00f2 l\u2019abilit\u00e0 di ciascuno di noi di dare e far vedere il meglio che la Calabria possa offrire, in termini di bellezza, ospitalit\u00e0 e servizi.<\/em><\/p>\n<p style=\"text-align: justify\"><em>Certo, allo stato attuale, il territorio n<\/em><em>on mi pare amministrativamente pronto a tutto questo. Ma dovr\u00e0 necessariamente esserlo nel giro di un paio di mesi, quanto meno per i servizi base, vale a dire decoro urbano, raccolta rifiuti, info-point, tour operator, collegamenti da e per l\u2019aeroporto o da e per le principali mete. Cose che in tutte le altre Citt\u00e0 sono la normalit\u00e0, che qui non lo sono, ma devono diventarlo nel giro di poco. Altrimenti l\u2019operazione RyanAir sar\u00e0 stata solo un buco nell\u2019acqua. Adesso \u00e8 il momento di spingere sull\u2019acceleratore con tutte le nostre forze. Ne va del nostro presente, ma soprattutto del nostro futuro. Perch\u00e9, attualizzando un po\u2019 il famoso detto, certi aerei passano una sola volta nella vita.<\/em><\/p>\n<p style=\"text-align: justify\"><em>Sicuramente <strong>\u2013 <\/strong><\/em><strong>aggiunge e conclude il parlamentare reggino, dirigente nazionale di Forza Italia<\/strong><em><strong> &#8211;<\/strong> aver avuto<\/em><em> in questi ultimi anni dalla nostra parte un Presidente di Regione leale e lungimirante come Roberto Occhiuto, un Governo nazionale amico, canali privilegiati grazie al partito che rappresentiamo e che guarda sempre con affetto e attenzione alla Calabria, ha fatto nettamente la differenza. Ma ora, non mi stancher\u00f2 mai di dirlo, tocca a Reggio.\u201d<\/em><\/p>\n<p>&nbsp;<\/p>\n","protected":false},"excerpt":{"rendered":"<p>\u201cDei tanti e vari aspetti derivanti da quella che potremmo definire l\u2019operazione RyanAir, ad avermi regalato pi\u00f9 emozione \u00e8 l\u2019entusiasmo che la notizia ha infuso nei reggini. Percepire una popolazione&hellip;<\/p>\n","protected":false},"author":12,"featured_media":2521,"comment_status":"closed","ping_status":"open","sticky":false,"template":"","format":"standard","meta":{"_jetpack_memberships_contains_paid_content":false,"footnotes":"","jetpack_publicize_message":"","jetpack_publicize_feature_enabled":true,"jetpack_social_post_already_shared":false,"jetpack_social_options":{"image_generator_settings":{"template":"highway","default_image_id":0,"font":"","enabled":false},"version":2}},"categories":[921,196,140],"tags":[20678,21176,27642],"class_list":["post-45099","post","type-post","status-publish","format-standard","has-post-thumbnail","hentry","category-home","category-news","category-reggio-calabria","tag-aeroporto-di-reggio-calabria","tag-on-francesco-cannizzaro","tag-ryanair-a-reggio"],"yoast_head":"<!-- This site is optimized with the Yoast SEO plugin v27.2 - https:\/\/yoast.com\/product\/yoast-seo-wordpress\/ -->\n<title>Ryanair a Reggio, Cannizzaro: &quot;Ha scosso anima dei reggini&quot;<\/title>\n<meta name=\"description\" content=\"&quot;A questo punto la Citt\u00e0 dovr\u00e0 fare la differenza. Non la sua parte, la differenza&quot;, dichiara Cannizzaro che, chiede impegno unitario\" \/>\n<meta name=\"robots\" content=\"index, follow, max-snippet:-1, max-image-preview:large, max-video-preview:-1\" \/>\n<link rel=\"canonical\" href=\"https:\/\/progettotouring.it\/radiotouring104\/2024\/02\/21\/aeroporto-di-reggio-calabria-cannizzaro-leffetto-ryanair-ha-scosso-lanima-dei-reggini\/\" \/>\n<meta property=\"og:locale\" content=\"it_IT\" \/>\n<meta property=\"og:type\" content=\"article\" \/>\n<meta property=\"og:title\" content=\"Ryanair a Reggio, Cannizzaro: &quot;Ha scosso anima dei reggini&quot;\" \/>\n<meta property=\"og:description\" content=\"&quot;A questo punto la Citt\u00e0 dovr\u00e0 fare la differenza. Non la sua parte, la differenza&quot;, dichiara Cannizzaro che, chiede impegno unitario\" \/>\n<meta property=\"og:url\" content=\"https:\/\/progettotouring.it\/radiotouring104\/2024\/02\/21\/aeroporto-di-reggio-calabria-cannizzaro-leffetto-ryanair-ha-scosso-lanima-dei-reggini\/\" \/>\n<meta property=\"og:site_name\" content=\"Radio Touring 104\" \/>\n<meta property=\"article:published_time\" content=\"2024-02-21T08:34:51+00:00\" \/>\n<meta property=\"og:image\" content=\"https:\/\/progettotouring.it\/radiotouring104\/wp-content\/uploads\/sites\/6\/2022\/03\/Aeroporto.jpg\" \/>\n\t<meta property=\"og:image:width\" content=\"1920\" \/>\n\t<meta property=\"og:image:height\" content=\"1080\" \/>\n\t<meta property=\"og:image:type\" content=\"image\/jpeg\" \/>\n<meta name=\"author\" content=\"Sebastiano Plutino\" \/>\n<meta name=\"twitter:card\" content=\"summary_large_image\" \/>\n<meta name=\"twitter:label1\" content=\"Scritto da\" \/>\n\t<meta name=\"twitter:data1\" content=\"Sebastiano Plutino\" \/>\n\t<meta name=\"twitter:label2\" content=\"Tempo di lettura stimato\" \/>\n\t<meta name=\"twitter:data2\" content=\"4 minuti\" \/>\n<script type=\"application\/ld+json\" class=\"yoast-schema-graph\">{\"@context\":\"https:\/\/schema.org\",\"@graph\":[{\"@type\":\"Article\",\"@id\":\"https:\/\/progettotouring.it\/radiotouring104\/2024\/02\/21\/aeroporto-di-reggio-calabria-cannizzaro-leffetto-ryanair-ha-scosso-lanima-dei-reggini\/#article\",\"isPartOf\":{\"@id\":\"https:\/\/progettotouring.it\/radiotouring104\/2024\/02\/21\/aeroporto-di-reggio-calabria-cannizzaro-leffetto-ryanair-ha-scosso-lanima-dei-reggini\/\"},\"author\":{\"name\":\"Sebastiano Plutino\",\"@id\":\"https:\/\/progettotouring.it\/radiotouring104\/#\/schema\/person\/78613917f1851f041f7483f5af1d422e\"},\"headline\":\"Aeroporto di Reggio Calabria, Cannizzaro: \u201cL\u2019effetto RyanAir ha scosso l\u2019anima dei reggini&#8221;\",\"datePublished\":\"2024-02-21T08:34:51+00:00\",\"mainEntityOfPage\":{\"@id\":\"https:\/\/progettotouring.it\/radiotouring104\/2024\/02\/21\/aeroporto-di-reggio-calabria-cannizzaro-leffetto-ryanair-ha-scosso-lanima-dei-reggini\/\"},\"wordCount\":845,\"publisher\":{\"@id\":\"https:\/\/progettotouring.it\/radiotouring104\/#organization\"},\"image\":{\"@id\":\"https:\/\/progettotouring.it\/radiotouring104\/2024\/02\/21\/aeroporto-di-reggio-calabria-cannizzaro-leffetto-ryanair-ha-scosso-lanima-dei-reggini\/#primaryimage\"},\"thumbnailUrl\":\"https:\/\/progettotouring.it\/radiotouring104\/wp-content\/uploads\/sites\/6\/2022\/03\/Aeroporto.jpg\",\"keywords\":[\"aeroporto di Reggio Calabria\",\"On. Francesco Cannizzaro\",\"Ryanair a Reggio\"],\"articleSection\":[\"Home\",\"News\",\"Reggio Calabria\"],\"inLanguage\":\"it-IT\"},{\"@type\":\"WebPage\",\"@id\":\"https:\/\/progettotouring.it\/radiotouring104\/2024\/02\/21\/aeroporto-di-reggio-calabria-cannizzaro-leffetto-ryanair-ha-scosso-lanima-dei-reggini\/\",\"url\":\"https:\/\/progettotouring.it\/radiotouring104\/2024\/02\/21\/aeroporto-di-reggio-calabria-cannizzaro-leffetto-ryanair-ha-scosso-lanima-dei-reggini\/\",\"name\":\"Ryanair a Reggio, Cannizzaro: \\\"Ha scosso anima dei reggini\\\"\",\"isPartOf\":{\"@id\":\"https:\/\/progettotouring.it\/radiotouring104\/#website\"},\"primaryImageOfPage\":{\"@id\":\"https:\/\/progettotouring.it\/radiotouring104\/2024\/02\/21\/aeroporto-di-reggio-calabria-cannizzaro-leffetto-ryanair-ha-scosso-lanima-dei-reggini\/#primaryimage\"},\"image\":{\"@id\":\"https:\/\/progettotouring.it\/radiotouring104\/2024\/02\/21\/aeroporto-di-reggio-calabria-cannizzaro-leffetto-ryanair-ha-scosso-lanima-dei-reggini\/#primaryimage\"},\"thumbnailUrl\":\"https:\/\/progettotouring.it\/radiotouring104\/wp-content\/uploads\/sites\/6\/2022\/03\/Aeroporto.jpg\",\"datePublished\":\"2024-02-21T08:34:51+00:00\",\"description\":\"\\\"A questo punto la Citt\u00e0 dovr\u00e0 fare la differenza. Non la sua parte, la differenza\\\", dichiara Cannizzaro che, chiede impegno unitario\",\"breadcrumb\":{\"@id\":\"https:\/\/progettotouring.it\/radiotouring104\/2024\/02\/21\/aeroporto-di-reggio-calabria-cannizzaro-leffetto-ryanair-ha-scosso-lanima-dei-reggini\/#breadcrumb\"},\"inLanguage\":\"it-IT\",\"potentialAction\":[{\"@type\":\"ReadAction\",\"target\":[\"https:\/\/progettotouring.it\/radiotouring104\/2024\/02\/21\/aeroporto-di-reggio-calabria-cannizzaro-leffetto-ryanair-ha-scosso-lanima-dei-reggini\/\"]}]},{\"@type\":\"ImageObject\",\"inLanguage\":\"it-IT\",\"@id\":\"https:\/\/progettotouring.it\/radiotouring104\/2024\/02\/21\/aeroporto-di-reggio-calabria-cannizzaro-leffetto-ryanair-ha-scosso-lanima-dei-reggini\/#primaryimage\",\"url\":\"https:\/\/progettotouring.it\/radiotouring104\/wp-content\/uploads\/sites\/6\/2022\/03\/Aeroporto.jpg\",\"contentUrl\":\"https:\/\/progettotouring.it\/radiotouring104\/wp-content\/uploads\/sites\/6\/2022\/03\/Aeroporto.jpg\",\"width\":1920,\"height\":1080,\"caption\":\"aeroporto reggio calabria tito minniti\"},{\"@type\":\"BreadcrumbList\",\"@id\":\"https:\/\/progettotouring.it\/radiotouring104\/2024\/02\/21\/aeroporto-di-reggio-calabria-cannizzaro-leffetto-ryanair-ha-scosso-lanima-dei-reggini\/#breadcrumb\",\"itemListElement\":[{\"@type\":\"ListItem\",\"position\":1,\"name\":\"Home\",\"item\":\"https:\/\/progettotouring.it\/radiotouring104\/\"},{\"@type\":\"ListItem\",\"position\":2,\"name\":\"Aeroporto di Reggio Calabria, Cannizzaro: \u201cL\u2019effetto RyanAir ha scosso l\u2019anima dei reggini&#8221;\"}]},{\"@type\":\"WebSite\",\"@id\":\"https:\/\/progettotouring.it\/radiotouring104\/#website\",\"url\":\"https:\/\/progettotouring.it\/radiotouring104\/\",\"name\":\"Radio Touring 104\",\"description\":\"La prima radio Reggina\",\"publisher\":{\"@id\":\"https:\/\/progettotouring.it\/radiotouring104\/#organization\"},\"potentialAction\":[{\"@type\":\"SearchAction\",\"target\":{\"@type\":\"EntryPoint\",\"urlTemplate\":\"https:\/\/progettotouring.it\/radiotouring104\/?s={search_term_string}\"},\"query-input\":{\"@type\":\"PropertyValueSpecification\",\"valueRequired\":true,\"valueName\":\"search_term_string\"}}],\"inLanguage\":\"it-IT\"},{\"@type\":\"Organization\",\"@id\":\"https:\/\/progettotouring.it\/radiotouring104\/#organization\",\"name\":\"Radio Touring 104\",\"url\":\"https:\/\/progettotouring.it\/radiotouring104\/\",\"logo\":{\"@type\":\"ImageObject\",\"inLanguage\":\"it-IT\",\"@id\":\"https:\/\/progettotouring.it\/radiotouring104\/#\/schema\/logo\/image\/\",\"url\":\"https:\/\/progettotouring.it\/radiotouring104\/wp-content\/uploads\/sites\/6\/2022\/02\/cropped-logo-radio-touring-104.png\",\"contentUrl\":\"https:\/\/progettotouring.it\/radiotouring104\/wp-content\/uploads\/sites\/6\/2022\/02\/cropped-logo-radio-touring-104.png\",\"width\":377,\"height\":182,\"caption\":\"Radio Touring 104\"},\"image\":{\"@id\":\"https:\/\/progettotouring.it\/radiotouring104\/#\/schema\/logo\/image\/\"}},{\"@type\":\"Person\",\"@id\":\"https:\/\/progettotouring.it\/radiotouring104\/#\/schema\/person\/78613917f1851f041f7483f5af1d422e\",\"name\":\"Sebastiano Plutino\",\"image\":{\"@type\":\"ImageObject\",\"inLanguage\":\"it-IT\",\"@id\":\"https:\/\/secure.gravatar.com\/avatar\/0546ffaa9b79224faf9f2a156b67a529ae861d3287c66c1d8ccfdf909bcba78d?s=96&d=mm&r=g\",\"url\":\"https:\/\/secure.gravatar.com\/avatar\/0546ffaa9b79224faf9f2a156b67a529ae861d3287c66c1d8ccfdf909bcba78d?s=96&d=mm&r=g\",\"contentUrl\":\"https:\/\/secure.gravatar.com\/avatar\/0546ffaa9b79224faf9f2a156b67a529ae861d3287c66c1d8ccfdf909bcba78d?s=96&d=mm&r=g\",\"caption\":\"Sebastiano Plutino\"},\"url\":\"https:\/\/progettotouring.it\/radiotouring104\/author\/sebastiano\/\"}]}<\/script>\n<!-- \/ Yoast SEO plugin. -->","yoast_head_json":{"title":"Ryanair a Reggio, Cannizzaro: \"Ha scosso anima dei reggini\"","description":"\"A questo punto la Citt\u00e0 dovr\u00e0 fare la differenza. Non la sua parte, la differenza\", dichiara Cannizzaro che, chiede impegno unitario","robots":{"index":"index","follow":"follow","max-snippet":"max-snippet:-1","max-image-preview":"max-image-preview:large","max-video-preview":"max-video-preview:-1"},"canonical":"https:\/\/progettotouring.it\/radiotouring104\/2024\/02\/21\/aeroporto-di-reggio-calabria-cannizzaro-leffetto-ryanair-ha-scosso-lanima-dei-reggini\/","og_locale":"it_IT","og_type":"article","og_title":"Ryanair a Reggio, Cannizzaro: \"Ha scosso anima dei reggini\"","og_description":"\"A questo punto la Citt\u00e0 dovr\u00e0 fare la differenza. Non la sua parte, la differenza\", dichiara Cannizzaro che, chiede impegno unitario","og_url":"https:\/\/progettotouring.it\/radiotouring104\/2024\/02\/21\/aeroporto-di-reggio-calabria-cannizzaro-leffetto-ryanair-ha-scosso-lanima-dei-reggini\/","og_site_name":"Radio Touring 104","article_published_time":"2024-02-21T08:34:51+00:00","og_image":[{"width":1920,"height":1080,"url":"https:\/\/progettotouring.it\/radiotouring104\/wp-content\/uploads\/sites\/6\/2022\/03\/Aeroporto.jpg","type":"image\/jpeg"}],"author":"Sebastiano Plutino","twitter_card":"summary_large_image","twitter_misc":{"Scritto da":"Sebastiano Plutino","Tempo di lettura stimato":"4 minuti"},"schema":{"@context":"https:\/\/schema.org","@graph":[{"@type":"Article","@id":"https:\/\/progettotouring.it\/radiotouring104\/2024\/02\/21\/aeroporto-di-reggio-calabria-cannizzaro-leffetto-ryanair-ha-scosso-lanima-dei-reggini\/#article","isPartOf":{"@id":"https:\/\/progettotouring.it\/radiotouring104\/2024\/02\/21\/aeroporto-di-reggio-calabria-cannizzaro-leffetto-ryanair-ha-scosso-lanima-dei-reggini\/"},"author":{"name":"Sebastiano Plutino","@id":"https:\/\/progettotouring.it\/radiotouring104\/#\/schema\/person\/78613917f1851f041f7483f5af1d422e"},"headline":"Aeroporto di Reggio Calabria, Cannizzaro: \u201cL\u2019effetto RyanAir ha scosso l\u2019anima dei reggini&#8221;","datePublished":"2024-02-21T08:34:51+00:00","mainEntityOfPage":{"@id":"https:\/\/progettotouring.it\/radiotouring104\/2024\/02\/21\/aeroporto-di-reggio-calabria-cannizzaro-leffetto-ryanair-ha-scosso-lanima-dei-reggini\/"},"wordCount":845,"publisher":{"@id":"https:\/\/progettotouring.it\/radiotouring104\/#organization"},"image":{"@id":"https:\/\/progettotouring.it\/radiotouring104\/2024\/02\/21\/aeroporto-di-reggio-calabria-cannizzaro-leffetto-ryanair-ha-scosso-lanima-dei-reggini\/#primaryimage"},"thumbnailUrl":"https:\/\/progettotouring.it\/radiotouring104\/wp-content\/uploads\/sites\/6\/2022\/03\/Aeroporto.jpg","keywords":["aeroporto di Reggio Calabria","On. Francesco Cannizzaro","Ryanair a Reggio"],"articleSection":["Home","News","Reggio Calabria"],"inLanguage":"it-IT"},{"@type":"WebPage","@id":"https:\/\/progettotouring.it\/radiotouring104\/2024\/02\/21\/aeroporto-di-reggio-calabria-cannizzaro-leffetto-ryanair-ha-scosso-lanima-dei-reggini\/","url":"https:\/\/progettotouring.it\/radiotouring104\/2024\/02\/21\/aeroporto-di-reggio-calabria-cannizzaro-leffetto-ryanair-ha-scosso-lanima-dei-reggini\/","name":"Ryanair a Reggio, Cannizzaro: \"Ha scosso anima dei reggini\"","isPartOf":{"@id":"https:\/\/progettotouring.it\/radiotouring104\/#website"},"primaryImageOfPage":{"@id":"https:\/\/progettotouring.it\/radiotouring104\/2024\/02\/21\/aeroporto-di-reggio-calabria-cannizzaro-leffetto-ryanair-ha-scosso-lanima-dei-reggini\/#primaryimage"},"image":{"@id":"https:\/\/progettotouring.it\/radiotouring104\/2024\/02\/21\/aeroporto-di-reggio-calabria-cannizzaro-leffetto-ryanair-ha-scosso-lanima-dei-reggini\/#primaryimage"},"thumbnailUrl":"https:\/\/progettotouring.it\/radiotouring104\/wp-content\/uploads\/sites\/6\/2022\/03\/Aeroporto.jpg","datePublished":"2024-02-21T08:34:51+00:00","description":"\"A questo punto la Citt\u00e0 dovr\u00e0 fare la differenza. Non la sua parte, la differenza\", dichiara Cannizzaro che, chiede impegno unitario","breadcrumb":{"@id":"https:\/\/progettotouring.it\/radiotouring104\/2024\/02\/21\/aeroporto-di-reggio-calabria-cannizzaro-leffetto-ryanair-ha-scosso-lanima-dei-reggini\/#breadcrumb"},"inLanguage":"it-IT","potentialAction":[{"@type":"ReadAction","target":["https:\/\/progettotouring.it\/radiotouring104\/2024\/02\/21\/aeroporto-di-reggio-calabria-cannizzaro-leffetto-ryanair-ha-scosso-lanima-dei-reggini\/"]}]},{"@type":"ImageObject","inLanguage":"it-IT","@id":"https:\/\/progettotouring.it\/radiotouring104\/2024\/02\/21\/aeroporto-di-reggio-calabria-cannizzaro-leffetto-ryanair-ha-scosso-lanima-dei-reggini\/#primaryimage","url":"https:\/\/progettotouring.it\/radiotouring104\/wp-content\/uploads\/sites\/6\/2022\/03\/Aeroporto.jpg","contentUrl":"https:\/\/progettotouring.it\/radiotouring104\/wp-content\/uploads\/sites\/6\/2022\/03\/Aeroporto.jpg","width":1920,"height":1080,"caption":"aeroporto reggio calabria tito minniti"},{"@type":"BreadcrumbList","@id":"https:\/\/progettotouring.it\/radiotouring104\/2024\/02\/21\/aeroporto-di-reggio-calabria-cannizzaro-leffetto-ryanair-ha-scosso-lanima-dei-reggini\/#breadcrumb","itemListElement":[{"@type":"ListItem","position":1,"name":"Home","item":"https:\/\/progettotouring.it\/radiotouring104\/"},{"@type":"ListItem","position":2,"name":"Aeroporto di Reggio Calabria, Cannizzaro: \u201cL\u2019effetto RyanAir ha scosso l\u2019anima dei reggini&#8221;"}]},{"@type":"WebSite","@id":"https:\/\/progettotouring.it\/radiotouring104\/#website","url":"https:\/\/progettotouring.it\/radiotouring104\/","name":"Radio Touring 104","description":"La prima radio Reggina","publisher":{"@id":"https:\/\/progettotouring.it\/radiotouring104\/#organization"},"potentialAction":[{"@type":"SearchAction","target":{"@type":"EntryPoint","urlTemplate":"https:\/\/progettotouring.it\/radiotouring104\/?s={search_term_string}"},"query-input":{"@type":"PropertyValueSpecification","valueRequired":true,"valueName":"search_term_string"}}],"inLanguage":"it-IT"},{"@type":"Organization","@id":"https:\/\/progettotouring.it\/radiotouring104\/#organization","name":"Radio Touring 104","url":"https:\/\/progettotouring.it\/radiotouring104\/","logo":{"@type":"ImageObject","inLanguage":"it-IT","@id":"https:\/\/progettotouring.it\/radiotouring104\/#\/schema\/logo\/image\/","url":"https:\/\/progettotouring.it\/radiotouring104\/wp-content\/uploads\/sites\/6\/2022\/02\/cropped-logo-radio-touring-104.png","contentUrl":"https:\/\/progettotouring.it\/radiotouring104\/wp-content\/uploads\/sites\/6\/2022\/02\/cropped-logo-radio-touring-104.png","width":377,"height":182,"caption":"Radio Touring 104"},"image":{"@id":"https:\/\/progettotouring.it\/radiotouring104\/#\/schema\/logo\/image\/"}},{"@type":"Person","@id":"https:\/\/progettotouring.it\/radiotouring104\/#\/schema\/person\/78613917f1851f041f7483f5af1d422e","name":"Sebastiano Plutino","image":{"@type":"ImageObject","inLanguage":"it-IT","@id":"https:\/\/secure.gravatar.com\/avatar\/0546ffaa9b79224faf9f2a156b67a529ae861d3287c66c1d8ccfdf909bcba78d?s=96&d=mm&r=g","url":"https:\/\/secure.gravatar.com\/avatar\/0546ffaa9b79224faf9f2a156b67a529ae861d3287c66c1d8ccfdf909bcba78d?s=96&d=mm&r=g","contentUrl":"https:\/\/secure.gravatar.com\/avatar\/0546ffaa9b79224faf9f2a156b67a529ae861d3287c66c1d8ccfdf909bcba78d?s=96&d=mm&r=g","caption":"Sebastiano Plutino"},"url":"https:\/\/progettotouring.it\/radiotouring104\/author\/sebastiano\/"}]}},"jetpack_publicize_connections":[],"jetpack_featured_media_url":"https:\/\/progettotouring.it\/radiotouring104\/wp-content\/uploads\/sites\/6\/2022\/03\/Aeroporto.jpg","jetpack_sharing_enabled":true,"_links":{"self":[{"href":"https:\/\/progettotouring.it\/radiotouring104\/wp-json\/wp\/v2\/posts\/45099","targetHints":{"allow":["GET"]}}],"collection":[{"href":"https:\/\/progettotouring.it\/radiotouring104\/wp-json\/wp\/v2\/posts"}],"about":[{"href":"https:\/\/progettotouring.it\/radiotouring104\/wp-json\/wp\/v2\/types\/post"}],"author":[{"embeddable":true,"href":"https:\/\/progettotouring.it\/radiotouring104\/wp-json\/wp\/v2\/users\/12"}],"replies":[{"embeddable":true,"href":"https:\/\/progettotouring.it\/radiotouring104\/wp-json\/wp\/v2\/comments?post=45099"}],"version-history":[{"count":2,"href":"https:\/\/progettotouring.it\/radiotouring104\/wp-json\/wp\/v2\/posts\/45099\/revisions"}],"predecessor-version":[{"id":45104,"href":"https:\/\/progettotouring.it\/radiotouring104\/wp-json\/wp\/v2\/posts\/45099\/revisions\/45104"}],"wp:featuredmedia":[{"embeddable":true,"href":"https:\/\/progettotouring.it\/radiotouring104\/wp-json\/wp\/v2\/media\/2521"}],"wp:attachment":[{"href":"https:\/\/progettotouring.it\/radiotouring104\/wp-json\/wp\/v2\/media?parent=45099"}],"wp:term":[{"taxonomy":"category","embeddable":true,"href":"https:\/\/progettotouring.it\/radiotouring104\/wp-json\/wp\/v2\/categories?post=45099"},{"taxonomy":"post_tag","embeddable":true,"href":"https:\/\/progettotouring.it\/radiotouring104\/wp-json\/wp\/v2\/tags?post=45099"}],"curies":[{"name":"wp","href":"https:\/\/api.w.org\/{rel}","templated":true}]}}