{"id":45121,"date":"2024-02-21T10:47:50","date_gmt":"2024-02-21T09:47:50","guid":{"rendered":"https:\/\/progettotouring.it\/radiotouring104\/?p=45121"},"modified":"2024-02-21T10:50:10","modified_gmt":"2024-02-21T09:50:10","slug":"pista-ciclabile-milia-il-teatro-dellassurdo-falcomata-spara-a-zero-contro-se-stesso","status":"publish","type":"post","link":"https:\/\/progettotouring.it\/radiotouring104\/2024\/02\/21\/pista-ciclabile-milia-il-teatro-dellassurdo-falcomata-spara-a-zero-contro-se-stesso\/","title":{"rendered":"Pista ciclabile, Milia \u201cIl teatro dell\u2019assurdo: Falcomat\u00e0 spara a zero contro.. se stesso!\u201d"},"content":{"rendered":"<p style=\"text-align: justify\"><em>\u201c\u00c8 un rimpallo che ha stancato, quello che il Sindaco Falcomat\u00e0 sta mettendo in campo in questi mesi. Dai video sui social delle conquiste, invisibili, ai video delle vergogne, reali, il passo \u00e8 stato breve: in piena notte il Sindaco ha rinnegato quanto fatto dalla sua stessa Amministrazione\u201d.<\/em><\/p>\n<p style=\"text-align: justify\"><strong>Il capogruppo<\/strong> di Forza Italia in consiglio comunale, <strong>Federico Milia<\/strong>, <strong>esprime in una nota tutta l\u2019amarezza per le critiche dei reggini alla pista ciclabile,<\/strong> in particolare sulla via De Nava, arbitrariamente ristretta nella corsia preferenziale, riservata ai bus.<\/p>\n<p style=\"text-align: justify\"><em>\u201cOgni giorno assistiamo ad un nuovo episodio, che si somma ai precedenti, fino al raggiungimento di una somma di episodi il cui risultato \u00e8 vergognoso: queste immagini, da reggino prima che da consigliere di opposizione, fanno male\u201d<\/em><strong> dichiara Milia.<\/strong><\/p>\n<p style=\"text-align: justify\"><em>\u201cHo effettuato personalmente un sopralluogo &#8211; <\/em><strong>afferma il capogruppo<\/strong><em><strong>&#8211;<\/strong> e la situazione \u00e8 grave, cosi come appare dalle foto diffuse sui social dai cittadini giustamente indignati: pi\u00f9 volte abbiamo chiesto delucidazioni sulle modalit\u00e0 di utilizzo di questi fondi, ottenendo dall\u2019 Amministrazione sempre risposte confuse\u201d.<\/em><\/p>\n<p style=\"text-align: justify\">\u201c<em>Lo abbiamo detto pi\u00f9 volte e lo ribadisco ancora oggi: basta mostrare ai reggini un volto di una citt\u00e0 fantasma, che non esiste. <\/em><\/p>\n<p style=\"text-align: justify\"><em>La realt\u00e0 \u00e8 sotto gli occhi di tutti: un Sindaco che non \u00e8 in grado di gestire con la sua Amministrazione modi, tempi e strumenti di realizzazione di opere pubbliche, che stanno danneggiando un assetto che era gi\u00e0 fragile, \u00e8 un Sindaco a met\u00e0 &#8211; <\/em><strong>conclude Milia<\/strong> nella nota<em>&#8211; Per quanto ancora noi reggini dovremo sopportare queste umiliazioni?\u201d<\/em><\/p>\n","protected":false},"excerpt":{"rendered":"<p>\u201c\u00c8 un rimpallo che ha stancato, quello che il Sindaco Falcomat\u00e0 sta mettendo in campo in questi mesi. Dai video sui social delle conquiste, invisibili, ai video delle vergogne, reali,&hellip;<\/p>\n","protected":false},"author":12,"featured_media":45123,"comment_status":"closed","ping_status":"open","sticky":false,"template":"","format":"standard","meta":{"_jetpack_memberships_contains_paid_content":false,"footnotes":"","jetpack_publicize_message":"","jetpack_publicize_feature_enabled":true,"jetpack_social_post_already_shared":false,"jetpack_social_options":{"image_generator_settings":{"template":"highway","default_image_id":0,"font":"","enabled":false},"version":2}},"categories":[921,196,140],"tags":[27867,3231,812,27868,27866],"class_list":["post-45121","post","type-post","status-publish","format-standard","has-post-thumbnail","hentry","category-home","category-news","category-reggio-calabria","tag-falcomata-se-la-prende-con-se-stesso","tag-federico-milia","tag-giuseppe-falcomata","tag-milia-contro-falcomata-pista-ciclabile","tag-pista-ciclabile-a-reggio"],"yoast_head":"<!-- This site is optimized with the Yoast SEO plugin v27.2 - https:\/\/yoast.com\/product\/yoast-seo-wordpress\/ -->\n<title>Pista ciclabile, il Consigliere Milia attacca il Sindaco Falcomat\u00e0<\/title>\n<meta name=\"description\" content=\"Il Consigliere Milia attacca il Sindaco Falcomat\u00e0 sulla pista ciclabile, accusandolo di prendersela con s\u00e8 stesso\" \/>\n<meta name=\"robots\" content=\"index, follow, max-snippet:-1, max-image-preview:large, max-video-preview:-1\" \/>\n<link rel=\"canonical\" href=\"https:\/\/progettotouring.it\/radiotouring104\/2024\/02\/21\/pista-ciclabile-milia-il-teatro-dellassurdo-falcomata-spara-a-zero-contro-se-stesso\/\" \/>\n<meta property=\"og:locale\" content=\"it_IT\" \/>\n<meta property=\"og:type\" content=\"article\" \/>\n<meta property=\"og:title\" content=\"Pista ciclabile, il Consigliere Milia attacca il Sindaco Falcomat\u00e0\" \/>\n<meta property=\"og:description\" content=\"Il Consigliere Milia attacca il Sindaco Falcomat\u00e0 sulla pista ciclabile, accusandolo di prendersela con s\u00e8 stesso\" \/>\n<meta property=\"og:url\" content=\"https:\/\/progettotouring.it\/radiotouring104\/2024\/02\/21\/pista-ciclabile-milia-il-teatro-dellassurdo-falcomata-spara-a-zero-contro-se-stesso\/\" \/>\n<meta property=\"og:site_name\" content=\"Radio Touring 104\" \/>\n<meta property=\"article:published_time\" content=\"2024-02-21T09:47:50+00:00\" \/>\n<meta property=\"article:modified_time\" content=\"2024-02-21T09:50:10+00:00\" \/>\n<meta property=\"og:image\" content=\"https:\/\/progettotouring.it\/radiotouring104\/wp-content\/uploads\/sites\/6\/2024\/02\/Pista-Ciclabile-Reggio-Calabria.jpg\" \/>\n\t<meta property=\"og:image:width\" content=\"1536\" \/>\n\t<meta property=\"og:image:height\" content=\"2048\" \/>\n\t<meta property=\"og:image:type\" content=\"image\/jpeg\" \/>\n<meta name=\"author\" content=\"Sebastiano Plutino\" \/>\n<meta name=\"twitter:card\" content=\"summary_large_image\" \/>\n<meta name=\"twitter:label1\" content=\"Scritto da\" \/>\n\t<meta name=\"twitter:data1\" content=\"Sebastiano Plutino\" \/>\n\t<meta name=\"twitter:label2\" content=\"Tempo di lettura stimato\" \/>\n\t<meta name=\"twitter:data2\" content=\"1 minuto\" \/>\n<script type=\"application\/ld+json\" class=\"yoast-schema-graph\">{\"@context\":\"https:\/\/schema.org\",\"@graph\":[{\"@type\":\"Article\",\"@id\":\"https:\/\/progettotouring.it\/radiotouring104\/2024\/02\/21\/pista-ciclabile-milia-il-teatro-dellassurdo-falcomata-spara-a-zero-contro-se-stesso\/#article\",\"isPartOf\":{\"@id\":\"https:\/\/progettotouring.it\/radiotouring104\/2024\/02\/21\/pista-ciclabile-milia-il-teatro-dellassurdo-falcomata-spara-a-zero-contro-se-stesso\/\"},\"author\":{\"name\":\"Sebastiano Plutino\",\"@id\":\"https:\/\/progettotouring.it\/radiotouring104\/#\/schema\/person\/78613917f1851f041f7483f5af1d422e\"},\"headline\":\"Pista ciclabile, Milia \u201cIl teatro dell\u2019assurdo: Falcomat\u00e0 spara a zero contro.. se stesso!\u201d\",\"datePublished\":\"2024-02-21T09:47:50+00:00\",\"dateModified\":\"2024-02-21T09:50:10+00:00\",\"mainEntityOfPage\":{\"@id\":\"https:\/\/progettotouring.it\/radiotouring104\/2024\/02\/21\/pista-ciclabile-milia-il-teatro-dellassurdo-falcomata-spara-a-zero-contro-se-stesso\/\"},\"wordCount\":259,\"publisher\":{\"@id\":\"https:\/\/progettotouring.it\/radiotouring104\/#organization\"},\"image\":{\"@id\":\"https:\/\/progettotouring.it\/radiotouring104\/2024\/02\/21\/pista-ciclabile-milia-il-teatro-dellassurdo-falcomata-spara-a-zero-contro-se-stesso\/#primaryimage\"},\"thumbnailUrl\":\"https:\/\/progettotouring.it\/radiotouring104\/wp-content\/uploads\/sites\/6\/2024\/02\/Pista-Ciclabile-Reggio-Calabria.jpg\",\"keywords\":[\"Falcomat\u00e0 se la prende con s\u00e8 stesso\",\"Federico Milia\",\"Giuseppe Falcomat\u00e0\",\"Milia contro Falcomat\u00e0 pista ciclabile\",\"pista ciclabile a Reggio\"],\"articleSection\":[\"Home\",\"News\",\"Reggio Calabria\"],\"inLanguage\":\"it-IT\"},{\"@type\":\"WebPage\",\"@id\":\"https:\/\/progettotouring.it\/radiotouring104\/2024\/02\/21\/pista-ciclabile-milia-il-teatro-dellassurdo-falcomata-spara-a-zero-contro-se-stesso\/\",\"url\":\"https:\/\/progettotouring.it\/radiotouring104\/2024\/02\/21\/pista-ciclabile-milia-il-teatro-dellassurdo-falcomata-spara-a-zero-contro-se-stesso\/\",\"name\":\"Pista ciclabile, il Consigliere Milia attacca il Sindaco Falcomat\u00e0\",\"isPartOf\":{\"@id\":\"https:\/\/progettotouring.it\/radiotouring104\/#website\"},\"primaryImageOfPage\":{\"@id\":\"https:\/\/progettotouring.it\/radiotouring104\/2024\/02\/21\/pista-ciclabile-milia-il-teatro-dellassurdo-falcomata-spara-a-zero-contro-se-stesso\/#primaryimage\"},\"image\":{\"@id\":\"https:\/\/progettotouring.it\/radiotouring104\/2024\/02\/21\/pista-ciclabile-milia-il-teatro-dellassurdo-falcomata-spara-a-zero-contro-se-stesso\/#primaryimage\"},\"thumbnailUrl\":\"https:\/\/progettotouring.it\/radiotouring104\/wp-content\/uploads\/sites\/6\/2024\/02\/Pista-Ciclabile-Reggio-Calabria.jpg\",\"datePublished\":\"2024-02-21T09:47:50+00:00\",\"dateModified\":\"2024-02-21T09:50:10+00:00\",\"description\":\"Il Consigliere Milia attacca il Sindaco Falcomat\u00e0 sulla pista ciclabile, accusandolo di prendersela con s\u00e8 stesso\",\"breadcrumb\":{\"@id\":\"https:\/\/progettotouring.it\/radiotouring104\/2024\/02\/21\/pista-ciclabile-milia-il-teatro-dellassurdo-falcomata-spara-a-zero-contro-se-stesso\/#breadcrumb\"},\"inLanguage\":\"it-IT\",\"potentialAction\":[{\"@type\":\"ReadAction\",\"target\":[\"https:\/\/progettotouring.it\/radiotouring104\/2024\/02\/21\/pista-ciclabile-milia-il-teatro-dellassurdo-falcomata-spara-a-zero-contro-se-stesso\/\"]}]},{\"@type\":\"ImageObject\",\"inLanguage\":\"it-IT\",\"@id\":\"https:\/\/progettotouring.it\/radiotouring104\/2024\/02\/21\/pista-ciclabile-milia-il-teatro-dellassurdo-falcomata-spara-a-zero-contro-se-stesso\/#primaryimage\",\"url\":\"https:\/\/progettotouring.it\/radiotouring104\/wp-content\/uploads\/sites\/6\/2024\/02\/Pista-Ciclabile-Reggio-Calabria.jpg\",\"contentUrl\":\"https:\/\/progettotouring.it\/radiotouring104\/wp-content\/uploads\/sites\/6\/2024\/02\/Pista-Ciclabile-Reggio-Calabria.jpg\",\"width\":1536,\"height\":2048},{\"@type\":\"BreadcrumbList\",\"@id\":\"https:\/\/progettotouring.it\/radiotouring104\/2024\/02\/21\/pista-ciclabile-milia-il-teatro-dellassurdo-falcomata-spara-a-zero-contro-se-stesso\/#breadcrumb\",\"itemListElement\":[{\"@type\":\"ListItem\",\"position\":1,\"name\":\"Home\",\"item\":\"https:\/\/progettotouring.it\/radiotouring104\/\"},{\"@type\":\"ListItem\",\"position\":2,\"name\":\"Pista ciclabile, Milia \u201cIl teatro dell\u2019assurdo: Falcomat\u00e0 spara a zero contro.. se stesso!\u201d\"}]},{\"@type\":\"WebSite\",\"@id\":\"https:\/\/progettotouring.it\/radiotouring104\/#website\",\"url\":\"https:\/\/progettotouring.it\/radiotouring104\/\",\"name\":\"Radio Touring 104\",\"description\":\"La prima radio Reggina\",\"publisher\":{\"@id\":\"https:\/\/progettotouring.it\/radiotouring104\/#organization\"},\"potentialAction\":[{\"@type\":\"SearchAction\",\"target\":{\"@type\":\"EntryPoint\",\"urlTemplate\":\"https:\/\/progettotouring.it\/radiotouring104\/?s={search_term_string}\"},\"query-input\":{\"@type\":\"PropertyValueSpecification\",\"valueRequired\":true,\"valueName\":\"search_term_string\"}}],\"inLanguage\":\"it-IT\"},{\"@type\":\"Organization\",\"@id\":\"https:\/\/progettotouring.it\/radiotouring104\/#organization\",\"name\":\"Radio Touring 104\",\"url\":\"https:\/\/progettotouring.it\/radiotouring104\/\",\"logo\":{\"@type\":\"ImageObject\",\"inLanguage\":\"it-IT\",\"@id\":\"https:\/\/progettotouring.it\/radiotouring104\/#\/schema\/logo\/image\/\",\"url\":\"https:\/\/progettotouring.it\/radiotouring104\/wp-content\/uploads\/sites\/6\/2022\/02\/cropped-logo-radio-touring-104.png\",\"contentUrl\":\"https:\/\/progettotouring.it\/radiotouring104\/wp-content\/uploads\/sites\/6\/2022\/02\/cropped-logo-radio-touring-104.png\",\"width\":377,\"height\":182,\"caption\":\"Radio Touring 104\"},\"image\":{\"@id\":\"https:\/\/progettotouring.it\/radiotouring104\/#\/schema\/logo\/image\/\"}},{\"@type\":\"Person\",\"@id\":\"https:\/\/progettotouring.it\/radiotouring104\/#\/schema\/person\/78613917f1851f041f7483f5af1d422e\",\"name\":\"Sebastiano Plutino\",\"image\":{\"@type\":\"ImageObject\",\"inLanguage\":\"it-IT\",\"@id\":\"https:\/\/secure.gravatar.com\/avatar\/0546ffaa9b79224faf9f2a156b67a529ae861d3287c66c1d8ccfdf909bcba78d?s=96&d=mm&r=g\",\"url\":\"https:\/\/secure.gravatar.com\/avatar\/0546ffaa9b79224faf9f2a156b67a529ae861d3287c66c1d8ccfdf909bcba78d?s=96&d=mm&r=g\",\"contentUrl\":\"https:\/\/secure.gravatar.com\/avatar\/0546ffaa9b79224faf9f2a156b67a529ae861d3287c66c1d8ccfdf909bcba78d?s=96&d=mm&r=g\",\"caption\":\"Sebastiano Plutino\"},\"url\":\"https:\/\/progettotouring.it\/radiotouring104\/author\/sebastiano\/\"}]}<\/script>\n<!-- \/ Yoast SEO plugin. -->","yoast_head_json":{"title":"Pista ciclabile, il Consigliere Milia attacca il Sindaco Falcomat\u00e0","description":"Il Consigliere Milia attacca il Sindaco Falcomat\u00e0 sulla pista ciclabile, accusandolo di prendersela con s\u00e8 stesso","robots":{"index":"index","follow":"follow","max-snippet":"max-snippet:-1","max-image-preview":"max-image-preview:large","max-video-preview":"max-video-preview:-1"},"canonical":"https:\/\/progettotouring.it\/radiotouring104\/2024\/02\/21\/pista-ciclabile-milia-il-teatro-dellassurdo-falcomata-spara-a-zero-contro-se-stesso\/","og_locale":"it_IT","og_type":"article","og_title":"Pista ciclabile, il Consigliere Milia attacca il Sindaco Falcomat\u00e0","og_description":"Il Consigliere Milia attacca il Sindaco Falcomat\u00e0 sulla pista ciclabile, accusandolo di prendersela con s\u00e8 stesso","og_url":"https:\/\/progettotouring.it\/radiotouring104\/2024\/02\/21\/pista-ciclabile-milia-il-teatro-dellassurdo-falcomata-spara-a-zero-contro-se-stesso\/","og_site_name":"Radio Touring 104","article_published_time":"2024-02-21T09:47:50+00:00","article_modified_time":"2024-02-21T09:50:10+00:00","og_image":[{"width":1536,"height":2048,"url":"https:\/\/progettotouring.it\/radiotouring104\/wp-content\/uploads\/sites\/6\/2024\/02\/Pista-Ciclabile-Reggio-Calabria.jpg","type":"image\/jpeg"}],"author":"Sebastiano Plutino","twitter_card":"summary_large_image","twitter_misc":{"Scritto da":"Sebastiano Plutino","Tempo di lettura stimato":"1 minuto"},"schema":{"@context":"https:\/\/schema.org","@graph":[{"@type":"Article","@id":"https:\/\/progettotouring.it\/radiotouring104\/2024\/02\/21\/pista-ciclabile-milia-il-teatro-dellassurdo-falcomata-spara-a-zero-contro-se-stesso\/#article","isPartOf":{"@id":"https:\/\/progettotouring.it\/radiotouring104\/2024\/02\/21\/pista-ciclabile-milia-il-teatro-dellassurdo-falcomata-spara-a-zero-contro-se-stesso\/"},"author":{"name":"Sebastiano Plutino","@id":"https:\/\/progettotouring.it\/radiotouring104\/#\/schema\/person\/78613917f1851f041f7483f5af1d422e"},"headline":"Pista ciclabile, Milia \u201cIl teatro dell\u2019assurdo: Falcomat\u00e0 spara a zero contro.. se stesso!\u201d","datePublished":"2024-02-21T09:47:50+00:00","dateModified":"2024-02-21T09:50:10+00:00","mainEntityOfPage":{"@id":"https:\/\/progettotouring.it\/radiotouring104\/2024\/02\/21\/pista-ciclabile-milia-il-teatro-dellassurdo-falcomata-spara-a-zero-contro-se-stesso\/"},"wordCount":259,"publisher":{"@id":"https:\/\/progettotouring.it\/radiotouring104\/#organization"},"image":{"@id":"https:\/\/progettotouring.it\/radiotouring104\/2024\/02\/21\/pista-ciclabile-milia-il-teatro-dellassurdo-falcomata-spara-a-zero-contro-se-stesso\/#primaryimage"},"thumbnailUrl":"https:\/\/progettotouring.it\/radiotouring104\/wp-content\/uploads\/sites\/6\/2024\/02\/Pista-Ciclabile-Reggio-Calabria.jpg","keywords":["Falcomat\u00e0 se la prende con s\u00e8 stesso","Federico Milia","Giuseppe Falcomat\u00e0","Milia contro Falcomat\u00e0 pista ciclabile","pista ciclabile a Reggio"],"articleSection":["Home","News","Reggio Calabria"],"inLanguage":"it-IT"},{"@type":"WebPage","@id":"https:\/\/progettotouring.it\/radiotouring104\/2024\/02\/21\/pista-ciclabile-milia-il-teatro-dellassurdo-falcomata-spara-a-zero-contro-se-stesso\/","url":"https:\/\/progettotouring.it\/radiotouring104\/2024\/02\/21\/pista-ciclabile-milia-il-teatro-dellassurdo-falcomata-spara-a-zero-contro-se-stesso\/","name":"Pista ciclabile, il Consigliere Milia attacca il Sindaco Falcomat\u00e0","isPartOf":{"@id":"https:\/\/progettotouring.it\/radiotouring104\/#website"},"primaryImageOfPage":{"@id":"https:\/\/progettotouring.it\/radiotouring104\/2024\/02\/21\/pista-ciclabile-milia-il-teatro-dellassurdo-falcomata-spara-a-zero-contro-se-stesso\/#primaryimage"},"image":{"@id":"https:\/\/progettotouring.it\/radiotouring104\/2024\/02\/21\/pista-ciclabile-milia-il-teatro-dellassurdo-falcomata-spara-a-zero-contro-se-stesso\/#primaryimage"},"thumbnailUrl":"https:\/\/progettotouring.it\/radiotouring104\/wp-content\/uploads\/sites\/6\/2024\/02\/Pista-Ciclabile-Reggio-Calabria.jpg","datePublished":"2024-02-21T09:47:50+00:00","dateModified":"2024-02-21T09:50:10+00:00","description":"Il Consigliere Milia attacca il Sindaco Falcomat\u00e0 sulla pista ciclabile, accusandolo di prendersela con s\u00e8 stesso","breadcrumb":{"@id":"https:\/\/progettotouring.it\/radiotouring104\/2024\/02\/21\/pista-ciclabile-milia-il-teatro-dellassurdo-falcomata-spara-a-zero-contro-se-stesso\/#breadcrumb"},"inLanguage":"it-IT","potentialAction":[{"@type":"ReadAction","target":["https:\/\/progettotouring.it\/radiotouring104\/2024\/02\/21\/pista-ciclabile-milia-il-teatro-dellassurdo-falcomata-spara-a-zero-contro-se-stesso\/"]}]},{"@type":"ImageObject","inLanguage":"it-IT","@id":"https:\/\/progettotouring.it\/radiotouring104\/2024\/02\/21\/pista-ciclabile-milia-il-teatro-dellassurdo-falcomata-spara-a-zero-contro-se-stesso\/#primaryimage","url":"https:\/\/progettotouring.it\/radiotouring104\/wp-content\/uploads\/sites\/6\/2024\/02\/Pista-Ciclabile-Reggio-Calabria.jpg","contentUrl":"https:\/\/progettotouring.it\/radiotouring104\/wp-content\/uploads\/sites\/6\/2024\/02\/Pista-Ciclabile-Reggio-Calabria.jpg","width":1536,"height":2048},{"@type":"BreadcrumbList","@id":"https:\/\/progettotouring.it\/radiotouring104\/2024\/02\/21\/pista-ciclabile-milia-il-teatro-dellassurdo-falcomata-spara-a-zero-contro-se-stesso\/#breadcrumb","itemListElement":[{"@type":"ListItem","position":1,"name":"Home","item":"https:\/\/progettotouring.it\/radiotouring104\/"},{"@type":"ListItem","position":2,"name":"Pista ciclabile, Milia \u201cIl teatro dell\u2019assurdo: Falcomat\u00e0 spara a zero contro.. se stesso!\u201d"}]},{"@type":"WebSite","@id":"https:\/\/progettotouring.it\/radiotouring104\/#website","url":"https:\/\/progettotouring.it\/radiotouring104\/","name":"Radio Touring 104","description":"La prima radio Reggina","publisher":{"@id":"https:\/\/progettotouring.it\/radiotouring104\/#organization"},"potentialAction":[{"@type":"SearchAction","target":{"@type":"EntryPoint","urlTemplate":"https:\/\/progettotouring.it\/radiotouring104\/?s={search_term_string}"},"query-input":{"@type":"PropertyValueSpecification","valueRequired":true,"valueName":"search_term_string"}}],"inLanguage":"it-IT"},{"@type":"Organization","@id":"https:\/\/progettotouring.it\/radiotouring104\/#organization","name":"Radio Touring 104","url":"https:\/\/progettotouring.it\/radiotouring104\/","logo":{"@type":"ImageObject","inLanguage":"it-IT","@id":"https:\/\/progettotouring.it\/radiotouring104\/#\/schema\/logo\/image\/","url":"https:\/\/progettotouring.it\/radiotouring104\/wp-content\/uploads\/sites\/6\/2022\/02\/cropped-logo-radio-touring-104.png","contentUrl":"https:\/\/progettotouring.it\/radiotouring104\/wp-content\/uploads\/sites\/6\/2022\/02\/cropped-logo-radio-touring-104.png","width":377,"height":182,"caption":"Radio Touring 104"},"image":{"@id":"https:\/\/progettotouring.it\/radiotouring104\/#\/schema\/logo\/image\/"}},{"@type":"Person","@id":"https:\/\/progettotouring.it\/radiotouring104\/#\/schema\/person\/78613917f1851f041f7483f5af1d422e","name":"Sebastiano Plutino","image":{"@type":"ImageObject","inLanguage":"it-IT","@id":"https:\/\/secure.gravatar.com\/avatar\/0546ffaa9b79224faf9f2a156b67a529ae861d3287c66c1d8ccfdf909bcba78d?s=96&d=mm&r=g","url":"https:\/\/secure.gravatar.com\/avatar\/0546ffaa9b79224faf9f2a156b67a529ae861d3287c66c1d8ccfdf909bcba78d?s=96&d=mm&r=g","contentUrl":"https:\/\/secure.gravatar.com\/avatar\/0546ffaa9b79224faf9f2a156b67a529ae861d3287c66c1d8ccfdf909bcba78d?s=96&d=mm&r=g","caption":"Sebastiano Plutino"},"url":"https:\/\/progettotouring.it\/radiotouring104\/author\/sebastiano\/"}]}},"jetpack_publicize_connections":[],"jetpack_featured_media_url":"https:\/\/progettotouring.it\/radiotouring104\/wp-content\/uploads\/sites\/6\/2024\/02\/Pista-Ciclabile-Reggio-Calabria.jpg","jetpack_sharing_enabled":true,"_links":{"self":[{"href":"https:\/\/progettotouring.it\/radiotouring104\/wp-json\/wp\/v2\/posts\/45121","targetHints":{"allow":["GET"]}}],"collection":[{"href":"https:\/\/progettotouring.it\/radiotouring104\/wp-json\/wp\/v2\/posts"}],"about":[{"href":"https:\/\/progettotouring.it\/radiotouring104\/wp-json\/wp\/v2\/types\/post"}],"author":[{"embeddable":true,"href":"https:\/\/progettotouring.it\/radiotouring104\/wp-json\/wp\/v2\/users\/12"}],"replies":[{"embeddable":true,"href":"https:\/\/progettotouring.it\/radiotouring104\/wp-json\/wp\/v2\/comments?post=45121"}],"version-history":[{"count":1,"href":"https:\/\/progettotouring.it\/radiotouring104\/wp-json\/wp\/v2\/posts\/45121\/revisions"}],"predecessor-version":[{"id":45122,"href":"https:\/\/progettotouring.it\/radiotouring104\/wp-json\/wp\/v2\/posts\/45121\/revisions\/45122"}],"wp:featuredmedia":[{"embeddable":true,"href":"https:\/\/progettotouring.it\/radiotouring104\/wp-json\/wp\/v2\/media\/45123"}],"wp:attachment":[{"href":"https:\/\/progettotouring.it\/radiotouring104\/wp-json\/wp\/v2\/media?parent=45121"}],"wp:term":[{"taxonomy":"category","embeddable":true,"href":"https:\/\/progettotouring.it\/radiotouring104\/wp-json\/wp\/v2\/categories?post=45121"},{"taxonomy":"post_tag","embeddable":true,"href":"https:\/\/progettotouring.it\/radiotouring104\/wp-json\/wp\/v2\/tags?post=45121"}],"curies":[{"name":"wp","href":"https:\/\/api.w.org\/{rel}","templated":true}]}}