{"id":45124,"date":"2024-02-21T11:00:56","date_gmt":"2024-02-21T10:00:56","guid":{"rendered":"https:\/\/progettotouring.it\/radiotouring104\/?p=45124"},"modified":"2024-02-21T11:00:56","modified_gmt":"2024-02-21T10:00:56","slug":"giornata-internazionale-dellepilessia-a-piazza-castello-installata-una-panchina-parlante-viola-donata","status":"publish","type":"post","link":"https:\/\/progettotouring.it\/radiotouring104\/2024\/02\/21\/giornata-internazionale-dellepilessia-a-piazza-castello-installata-una-panchina-parlante-viola-donata\/","title":{"rendered":"Giornata internazionale dell\u2019Epilessia: a piazza Castello installata una panchina parlante viola donata"},"content":{"rendered":"<div dir=\"auto\">\n<p dir=\"ltr\" style=\"text-align: justify\"><em>\u201cMetti in panchina l\u2019epilessia\u201d.<\/em> Con questo slogan della Lice<strong>, Lega italiana contro l\u2019epilessia<\/strong>, <strong>ieri mattina, l\u2019Amministrazione comunale<\/strong>, nell\u2019ambito delle iniziative per la Giornata internazionale dell\u2019Epilessia,<strong> ha tenuto a battesimo l\u2019installazione di una nuova panchina parlante, nei pressi dell\u2019ingresso del Castello Aragonese.\u00a0<\/strong><\/p>\n<p dir=\"ltr\" style=\"text-align: justify\"><strong>Sul posto c\u2019erano Massimiliano Merenda,<\/strong> consigliere comunale con delega all\u2019Arredo Urbano e\u00a0 Parchi e Giardini, il consigliere comunale <strong>Antonino Zimbalatti,<\/strong> il dirigente del settore comunale Ambiente<strong> Domenico Richichi,<\/strong> <strong>Vittoria Cianci,<\/strong> coordinatore macroarea \u201cLice\u201d per Sicilia\u00a0 e Calabria, e<strong> Umberto Aguglia<\/strong>, direttore del Centro Regionale Epilessie, Grande Ospedale Metropolitano e ordinario di neurologia all\u2019Universit\u00e0 di Catanzaro. La targa posizionata sulla panchina viola \u00e8 munita di qr code in modo tale che, inquadrandolo col cellulare, si potranno leggere le informazioni riguardanti la lotta della Lice all\u2019epilessia (https:<a href=\"http:\/\/www.lice.it\/\" target=\"_blank\" rel=\"noopener noreferrer\">www.lice.it<\/a>).<\/p>\n<p dir=\"ltr\" style=\"text-align: justify\">Il 12 febbraio di ogni anno si celebra, in oltre 120 paesi, la Giornata Internazionale dell\u2019Epilessia per promuovere la consapevolezza sull\u2019epilessia. In occasione di questa giornata si propone di affrontare e discutere i problemi e le difficolt\u00e0 quotidiane che le persone con epilessia vivono unitamente alle loro famiglie e alle persone che se ne prendono cura. In ogni nazione, ogni citt\u00e0 \u201ccolora\u201d un proprio monumento di viola, per rischiarare, non solo metaforicamente, una patologia, di fatto, dimenticata, in cui stigma e discriminazione pesano, talvolta, pi\u00f9 delle sofferenze fisiche. A Reggio saranno colorati di viola il Monumento ai Caduti e la facciata di palazzo San Giorgio.<\/p>\n<p dir=\"ltr\" style=\"text-align: justify\"><em>\u00abStamattina siamo qui per inaugurare un\u2019altra delle panchine parlanti che popolano quest\u2019area e che l\u2019Amministrazione del sindaco Falcomat\u00e0 ha voluto dedicare ai malati di epilessia<\/em> \u2013<strong> ha evidenziato il consigliere Merenda<\/strong> &#8211;<em>\u00a0 Insieme alla Lice (Lega italiana contro l\u2019epilessia), il Comune di Reggio ha inteso donare questa panchina per offrire, oltre che una seduta, anche una memoria storica di una patologia di cui soffrono molte persone. Inizialmente la Lice avrebbe voluto comprare la panchina, ma l\u2019Amministrazione ha colto l\u2019occasione per donarla in modo che si possano devolvere alle cure e alla ricerca i fondi raccolti per l\u2019acquisto\u00bb.<\/em><\/p>\n<p dir=\"ltr\" style=\"text-align: justify\"><em>\u00abEssere qui \u00e8 una bella cosa \u2013<\/em><strong> ha aggiunto il consigliere Zimbalatti<\/strong> &#8211; <em>perch\u00e9 mi ritrovo insieme a colleghi di altissimo livello, nell\u2019ambito di una patologia neurologica, l\u2019epilessia, che colpisce molte persone. Grazie alla donazione della panchina di colore viola, con l\u2019Amministrazione portiamo l\u2019impegno verso chi soffre. Da parte mia un sostegno col cuore come medico e come amministratore\u00bb.\u00a0<\/em><\/p>\n<p dir=\"ltr\" style=\"text-align: justify\"><em>\u00abL\u2019importante \u00e8 parlare di epilessia \u2013<\/em><strong> ha chiarito Aguglia \u2013<\/strong> <em>anche per noi medici del Centro regionale epilessie che dirigo presso il Grande ospedale metropolitano. Quindi non solo dare assistenza ai pazienti, il nostro compito \u00e8 soprattutto fare ricerca scientifica e formazione. Il centro \u00e8 frequentato dagli specializzandi di neurologia dell\u2019universit\u00e0 di Catanzaro, impegnati a tempo pieno nell\u2019apprendimento di questa patologia. Si tenga conto che noi ci occupiamo soprattutto di adolescenti, adulti e anziani, di meno ai bambini. Anche gli anziani possono soffrire di epilessia. Anzi, gli anziani hanno la stessa percentuale d\u2019incidenza dei bambini.\u00a0 \u00c9 una malattia che pu\u00f2 colpire a qualunque et\u00e0 per la prima volta\u00bb.<\/em><\/p>\n<p dir=\"ltr\" style=\"text-align: justify\"><em>\u00abIl 12 febbraio in tutto il mondo si \u00e8 celebrata questa giornata contro l\u2019epilessia<\/em> &#8211; <strong>ha affermato Vittoria Cianci <\/strong>\u2013 <em>e anche Reggio Calabria c\u2019\u00e8 la campagna di sensibilizzazione. La Lice \u00e8 una societ\u00e0 scientifica che da molti anni \u00e8 attiva in questo settore. L\u2019epilessia \u00e8 riconosciuta dall\u2019Organizzazione mondiale della sanit\u00e0 come una malattia sociale e cronica che ha un grande impatto sociale. Lo stigma della patologia impatta quotidianamente sia nelle relazioni sociali, sia nella scuola, lo sport, il mondo del lavoro. In Italia ne soffrono circa 600mila persone e di queste 16mila solo in Calabria. Il centro epilessie accoglie pi\u00f9 di seimila pazienti e, oltre a farsi carico dell\u2019aspetto assistenziale, \u00e8 un centro particolarmente attivo per quanto riguarda la ricerca scientifica. Ringrazio il Comune che ci \u00e8 stato sempre vicino nelle iniziative di sensibilizzazione, gi\u00e0 negli anni scorsi, illuminando di viola i principali monumenti della citt\u00e0. Quest\u2019anno la Lice ha promosso un\u2019iniziativa nuova che si chiama \u201cMetti in panchina l\u2019epilessia\u201d, per il collocamento di panchine viola nelle citt\u00e0 d\u2019Italia. Il Comune di Reggio ha mostrato la sua disponibilit\u00e0 donando una panchina, strumento di sensibilizzazione per una malattia molto diffusa che ha bisogno di tanta attenzione\u00bb.\u00a0<\/em><\/p>\n<\/div>\n<p>&nbsp;<\/p>\n","protected":false},"excerpt":{"rendered":"<p>\u201cMetti in panchina l\u2019epilessia\u201d. Con questo slogan della Lice, Lega italiana contro l\u2019epilessia, ieri mattina, l\u2019Amministrazione comunale, nell\u2019ambito delle iniziative per la Giornata internazionale dell\u2019Epilessia, ha tenuto a battesimo l\u2019installazione&hellip;<\/p>\n","protected":false},"author":12,"featured_media":45125,"comment_status":"closed","ping_status":"open","sticky":false,"template":"","format":"standard","meta":{"_jetpack_memberships_contains_paid_content":false,"footnotes":"","jetpack_publicize_message":"","jetpack_publicize_feature_enabled":true,"jetpack_social_post_already_shared":false,"jetpack_social_options":{"image_generator_settings":{"template":"highway","default_image_id":0,"font":"","enabled":false},"version":2}},"categories":[921,196,140],"tags":[5496,3001,27870,27871,3639,1930,27872,27869],"class_list":["post-45124","post","type-post","status-publish","format-standard","has-post-thumbnail","hentry","category-home","category-news","category-reggio-calabria","tag-antonino-zimbalatti","tag-domenico-richichi","tag-giornata-epilessia","tag-installata-panchina-viola-parlante","tag-massimiliano-merenda","tag-piazza-castello","tag-umberto-aguglia","tag-vittoria-cianci"],"yoast_head":"<!-- This site is optimized with the Yoast SEO plugin v27.2 - https:\/\/yoast.com\/product\/yoast-seo-wordpress\/ -->\n<title>Giornata contro l&#039;Epilessia: inaugurata panchina a p.zza Castello<\/title>\n<meta name=\"description\" content=\"In occasione della Giornata, a piazza Castello installata una panchina parlante viola donata dal Comune alla Lega italiana contro l\u2019epilessia\" \/>\n<meta name=\"robots\" content=\"index, follow, max-snippet:-1, max-image-preview:large, max-video-preview:-1\" \/>\n<link rel=\"canonical\" href=\"https:\/\/progettotouring.it\/radiotouring104\/2024\/02\/21\/giornata-internazionale-dellepilessia-a-piazza-castello-installata-una-panchina-parlante-viola-donata\/\" \/>\n<meta property=\"og:locale\" content=\"it_IT\" \/>\n<meta property=\"og:type\" content=\"article\" \/>\n<meta property=\"og:title\" content=\"Giornata contro l&#039;Epilessia: inaugurata panchina a p.zza Castello\" \/>\n<meta property=\"og:description\" content=\"In occasione della Giornata, a piazza Castello installata una panchina parlante viola donata dal Comune alla Lega italiana contro l\u2019epilessia\" \/>\n<meta property=\"og:url\" content=\"https:\/\/progettotouring.it\/radiotouring104\/2024\/02\/21\/giornata-internazionale-dellepilessia-a-piazza-castello-installata-una-panchina-parlante-viola-donata\/\" \/>\n<meta property=\"og:site_name\" content=\"Radio Touring 104\" \/>\n<meta property=\"article:published_time\" content=\"2024-02-21T10:00:56+00:00\" \/>\n<meta property=\"og:image\" content=\"https:\/\/progettotouring.it\/radiotouring104\/wp-content\/uploads\/sites\/6\/2024\/02\/Domenico-Richichi-Zimbalatti-Aguglia-Merenda.jpg\" \/>\n\t<meta property=\"og:image:width\" content=\"1600\" \/>\n\t<meta property=\"og:image:height\" content=\"1200\" \/>\n\t<meta property=\"og:image:type\" content=\"image\/jpeg\" \/>\n<meta name=\"author\" content=\"Sebastiano Plutino\" \/>\n<meta name=\"twitter:card\" content=\"summary_large_image\" \/>\n<meta name=\"twitter:label1\" content=\"Scritto da\" \/>\n\t<meta name=\"twitter:data1\" content=\"Sebastiano Plutino\" \/>\n\t<meta name=\"twitter:label2\" content=\"Tempo di lettura stimato\" \/>\n\t<meta name=\"twitter:data2\" content=\"4 minuti\" \/>\n<script type=\"application\/ld+json\" class=\"yoast-schema-graph\">{\"@context\":\"https:\/\/schema.org\",\"@graph\":[{\"@type\":\"Article\",\"@id\":\"https:\/\/progettotouring.it\/radiotouring104\/2024\/02\/21\/giornata-internazionale-dellepilessia-a-piazza-castello-installata-una-panchina-parlante-viola-donata\/#article\",\"isPartOf\":{\"@id\":\"https:\/\/progettotouring.it\/radiotouring104\/2024\/02\/21\/giornata-internazionale-dellepilessia-a-piazza-castello-installata-una-panchina-parlante-viola-donata\/\"},\"author\":{\"name\":\"Sebastiano Plutino\",\"@id\":\"https:\/\/progettotouring.it\/radiotouring104\/#\/schema\/person\/78613917f1851f041f7483f5af1d422e\"},\"headline\":\"Giornata internazionale dell\u2019Epilessia: a piazza Castello installata una panchina parlante viola donata\",\"datePublished\":\"2024-02-21T10:00:56+00:00\",\"mainEntityOfPage\":{\"@id\":\"https:\/\/progettotouring.it\/radiotouring104\/2024\/02\/21\/giornata-internazionale-dellepilessia-a-piazza-castello-installata-una-panchina-parlante-viola-donata\/\"},\"wordCount\":724,\"publisher\":{\"@id\":\"https:\/\/progettotouring.it\/radiotouring104\/#organization\"},\"image\":{\"@id\":\"https:\/\/progettotouring.it\/radiotouring104\/2024\/02\/21\/giornata-internazionale-dellepilessia-a-piazza-castello-installata-una-panchina-parlante-viola-donata\/#primaryimage\"},\"thumbnailUrl\":\"https:\/\/progettotouring.it\/radiotouring104\/wp-content\/uploads\/sites\/6\/2024\/02\/Domenico-Richichi-Zimbalatti-Aguglia-Merenda.jpg\",\"keywords\":[\"Antonino Zimbalatti\",\"Domenico Richichi\",\"Giornata Epilessia\",\"installata panchina viola parlante\",\"Massimiliano Merenda\",\"Piazza Castello\",\"Umberto Aguglia\",\"Vittoria Cianci\"],\"articleSection\":[\"Home\",\"News\",\"Reggio Calabria\"],\"inLanguage\":\"it-IT\"},{\"@type\":\"WebPage\",\"@id\":\"https:\/\/progettotouring.it\/radiotouring104\/2024\/02\/21\/giornata-internazionale-dellepilessia-a-piazza-castello-installata-una-panchina-parlante-viola-donata\/\",\"url\":\"https:\/\/progettotouring.it\/radiotouring104\/2024\/02\/21\/giornata-internazionale-dellepilessia-a-piazza-castello-installata-una-panchina-parlante-viola-donata\/\",\"name\":\"Giornata contro l'Epilessia: inaugurata panchina a p.zza Castello\",\"isPartOf\":{\"@id\":\"https:\/\/progettotouring.it\/radiotouring104\/#website\"},\"primaryImageOfPage\":{\"@id\":\"https:\/\/progettotouring.it\/radiotouring104\/2024\/02\/21\/giornata-internazionale-dellepilessia-a-piazza-castello-installata-una-panchina-parlante-viola-donata\/#primaryimage\"},\"image\":{\"@id\":\"https:\/\/progettotouring.it\/radiotouring104\/2024\/02\/21\/giornata-internazionale-dellepilessia-a-piazza-castello-installata-una-panchina-parlante-viola-donata\/#primaryimage\"},\"thumbnailUrl\":\"https:\/\/progettotouring.it\/radiotouring104\/wp-content\/uploads\/sites\/6\/2024\/02\/Domenico-Richichi-Zimbalatti-Aguglia-Merenda.jpg\",\"datePublished\":\"2024-02-21T10:00:56+00:00\",\"description\":\"In occasione della Giornata, a piazza Castello installata una panchina parlante viola donata dal Comune alla Lega italiana contro l\u2019epilessia\",\"breadcrumb\":{\"@id\":\"https:\/\/progettotouring.it\/radiotouring104\/2024\/02\/21\/giornata-internazionale-dellepilessia-a-piazza-castello-installata-una-panchina-parlante-viola-donata\/#breadcrumb\"},\"inLanguage\":\"it-IT\",\"potentialAction\":[{\"@type\":\"ReadAction\",\"target\":[\"https:\/\/progettotouring.it\/radiotouring104\/2024\/02\/21\/giornata-internazionale-dellepilessia-a-piazza-castello-installata-una-panchina-parlante-viola-donata\/\"]}]},{\"@type\":\"ImageObject\",\"inLanguage\":\"it-IT\",\"@id\":\"https:\/\/progettotouring.it\/radiotouring104\/2024\/02\/21\/giornata-internazionale-dellepilessia-a-piazza-castello-installata-una-panchina-parlante-viola-donata\/#primaryimage\",\"url\":\"https:\/\/progettotouring.it\/radiotouring104\/wp-content\/uploads\/sites\/6\/2024\/02\/Domenico-Richichi-Zimbalatti-Aguglia-Merenda.jpg\",\"contentUrl\":\"https:\/\/progettotouring.it\/radiotouring104\/wp-content\/uploads\/sites\/6\/2024\/02\/Domenico-Richichi-Zimbalatti-Aguglia-Merenda.jpg\",\"width\":1600,\"height\":1200},{\"@type\":\"BreadcrumbList\",\"@id\":\"https:\/\/progettotouring.it\/radiotouring104\/2024\/02\/21\/giornata-internazionale-dellepilessia-a-piazza-castello-installata-una-panchina-parlante-viola-donata\/#breadcrumb\",\"itemListElement\":[{\"@type\":\"ListItem\",\"position\":1,\"name\":\"Home\",\"item\":\"https:\/\/progettotouring.it\/radiotouring104\/\"},{\"@type\":\"ListItem\",\"position\":2,\"name\":\"Giornata internazionale dell\u2019Epilessia: a piazza Castello installata una panchina parlante viola donata\"}]},{\"@type\":\"WebSite\",\"@id\":\"https:\/\/progettotouring.it\/radiotouring104\/#website\",\"url\":\"https:\/\/progettotouring.it\/radiotouring104\/\",\"name\":\"Radio Touring 104\",\"description\":\"La prima radio Reggina\",\"publisher\":{\"@id\":\"https:\/\/progettotouring.it\/radiotouring104\/#organization\"},\"potentialAction\":[{\"@type\":\"SearchAction\",\"target\":{\"@type\":\"EntryPoint\",\"urlTemplate\":\"https:\/\/progettotouring.it\/radiotouring104\/?s={search_term_string}\"},\"query-input\":{\"@type\":\"PropertyValueSpecification\",\"valueRequired\":true,\"valueName\":\"search_term_string\"}}],\"inLanguage\":\"it-IT\"},{\"@type\":\"Organization\",\"@id\":\"https:\/\/progettotouring.it\/radiotouring104\/#organization\",\"name\":\"Radio Touring 104\",\"url\":\"https:\/\/progettotouring.it\/radiotouring104\/\",\"logo\":{\"@type\":\"ImageObject\",\"inLanguage\":\"it-IT\",\"@id\":\"https:\/\/progettotouring.it\/radiotouring104\/#\/schema\/logo\/image\/\",\"url\":\"https:\/\/progettotouring.it\/radiotouring104\/wp-content\/uploads\/sites\/6\/2022\/02\/cropped-logo-radio-touring-104.png\",\"contentUrl\":\"https:\/\/progettotouring.it\/radiotouring104\/wp-content\/uploads\/sites\/6\/2022\/02\/cropped-logo-radio-touring-104.png\",\"width\":377,\"height\":182,\"caption\":\"Radio Touring 104\"},\"image\":{\"@id\":\"https:\/\/progettotouring.it\/radiotouring104\/#\/schema\/logo\/image\/\"}},{\"@type\":\"Person\",\"@id\":\"https:\/\/progettotouring.it\/radiotouring104\/#\/schema\/person\/78613917f1851f041f7483f5af1d422e\",\"name\":\"Sebastiano Plutino\",\"image\":{\"@type\":\"ImageObject\",\"inLanguage\":\"it-IT\",\"@id\":\"https:\/\/secure.gravatar.com\/avatar\/0546ffaa9b79224faf9f2a156b67a529ae861d3287c66c1d8ccfdf909bcba78d?s=96&d=mm&r=g\",\"url\":\"https:\/\/secure.gravatar.com\/avatar\/0546ffaa9b79224faf9f2a156b67a529ae861d3287c66c1d8ccfdf909bcba78d?s=96&d=mm&r=g\",\"contentUrl\":\"https:\/\/secure.gravatar.com\/avatar\/0546ffaa9b79224faf9f2a156b67a529ae861d3287c66c1d8ccfdf909bcba78d?s=96&d=mm&r=g\",\"caption\":\"Sebastiano Plutino\"},\"url\":\"https:\/\/progettotouring.it\/radiotouring104\/author\/sebastiano\/\"}]}<\/script>\n<!-- \/ Yoast SEO plugin. -->","yoast_head_json":{"title":"Giornata contro l'Epilessia: inaugurata panchina a p.zza Castello","description":"In occasione della Giornata, a piazza Castello installata una panchina parlante viola donata dal Comune alla Lega italiana contro l\u2019epilessia","robots":{"index":"index","follow":"follow","max-snippet":"max-snippet:-1","max-image-preview":"max-image-preview:large","max-video-preview":"max-video-preview:-1"},"canonical":"https:\/\/progettotouring.it\/radiotouring104\/2024\/02\/21\/giornata-internazionale-dellepilessia-a-piazza-castello-installata-una-panchina-parlante-viola-donata\/","og_locale":"it_IT","og_type":"article","og_title":"Giornata contro l'Epilessia: inaugurata panchina a p.zza Castello","og_description":"In occasione della Giornata, a piazza Castello installata una panchina parlante viola donata dal Comune alla Lega italiana contro l\u2019epilessia","og_url":"https:\/\/progettotouring.it\/radiotouring104\/2024\/02\/21\/giornata-internazionale-dellepilessia-a-piazza-castello-installata-una-panchina-parlante-viola-donata\/","og_site_name":"Radio Touring 104","article_published_time":"2024-02-21T10:00:56+00:00","og_image":[{"width":1600,"height":1200,"url":"https:\/\/progettotouring.it\/radiotouring104\/wp-content\/uploads\/sites\/6\/2024\/02\/Domenico-Richichi-Zimbalatti-Aguglia-Merenda.jpg","type":"image\/jpeg"}],"author":"Sebastiano Plutino","twitter_card":"summary_large_image","twitter_misc":{"Scritto da":"Sebastiano Plutino","Tempo di lettura stimato":"4 minuti"},"schema":{"@context":"https:\/\/schema.org","@graph":[{"@type":"Article","@id":"https:\/\/progettotouring.it\/radiotouring104\/2024\/02\/21\/giornata-internazionale-dellepilessia-a-piazza-castello-installata-una-panchina-parlante-viola-donata\/#article","isPartOf":{"@id":"https:\/\/progettotouring.it\/radiotouring104\/2024\/02\/21\/giornata-internazionale-dellepilessia-a-piazza-castello-installata-una-panchina-parlante-viola-donata\/"},"author":{"name":"Sebastiano Plutino","@id":"https:\/\/progettotouring.it\/radiotouring104\/#\/schema\/person\/78613917f1851f041f7483f5af1d422e"},"headline":"Giornata internazionale dell\u2019Epilessia: a piazza Castello installata una panchina parlante viola donata","datePublished":"2024-02-21T10:00:56+00:00","mainEntityOfPage":{"@id":"https:\/\/progettotouring.it\/radiotouring104\/2024\/02\/21\/giornata-internazionale-dellepilessia-a-piazza-castello-installata-una-panchina-parlante-viola-donata\/"},"wordCount":724,"publisher":{"@id":"https:\/\/progettotouring.it\/radiotouring104\/#organization"},"image":{"@id":"https:\/\/progettotouring.it\/radiotouring104\/2024\/02\/21\/giornata-internazionale-dellepilessia-a-piazza-castello-installata-una-panchina-parlante-viola-donata\/#primaryimage"},"thumbnailUrl":"https:\/\/progettotouring.it\/radiotouring104\/wp-content\/uploads\/sites\/6\/2024\/02\/Domenico-Richichi-Zimbalatti-Aguglia-Merenda.jpg","keywords":["Antonino Zimbalatti","Domenico Richichi","Giornata Epilessia","installata panchina viola parlante","Massimiliano Merenda","Piazza Castello","Umberto Aguglia","Vittoria Cianci"],"articleSection":["Home","News","Reggio Calabria"],"inLanguage":"it-IT"},{"@type":"WebPage","@id":"https:\/\/progettotouring.it\/radiotouring104\/2024\/02\/21\/giornata-internazionale-dellepilessia-a-piazza-castello-installata-una-panchina-parlante-viola-donata\/","url":"https:\/\/progettotouring.it\/radiotouring104\/2024\/02\/21\/giornata-internazionale-dellepilessia-a-piazza-castello-installata-una-panchina-parlante-viola-donata\/","name":"Giornata contro l'Epilessia: inaugurata panchina a p.zza Castello","isPartOf":{"@id":"https:\/\/progettotouring.it\/radiotouring104\/#website"},"primaryImageOfPage":{"@id":"https:\/\/progettotouring.it\/radiotouring104\/2024\/02\/21\/giornata-internazionale-dellepilessia-a-piazza-castello-installata-una-panchina-parlante-viola-donata\/#primaryimage"},"image":{"@id":"https:\/\/progettotouring.it\/radiotouring104\/2024\/02\/21\/giornata-internazionale-dellepilessia-a-piazza-castello-installata-una-panchina-parlante-viola-donata\/#primaryimage"},"thumbnailUrl":"https:\/\/progettotouring.it\/radiotouring104\/wp-content\/uploads\/sites\/6\/2024\/02\/Domenico-Richichi-Zimbalatti-Aguglia-Merenda.jpg","datePublished":"2024-02-21T10:00:56+00:00","description":"In occasione della Giornata, a piazza Castello installata una panchina parlante viola donata dal Comune alla Lega italiana contro l\u2019epilessia","breadcrumb":{"@id":"https:\/\/progettotouring.it\/radiotouring104\/2024\/02\/21\/giornata-internazionale-dellepilessia-a-piazza-castello-installata-una-panchina-parlante-viola-donata\/#breadcrumb"},"inLanguage":"it-IT","potentialAction":[{"@type":"ReadAction","target":["https:\/\/progettotouring.it\/radiotouring104\/2024\/02\/21\/giornata-internazionale-dellepilessia-a-piazza-castello-installata-una-panchina-parlante-viola-donata\/"]}]},{"@type":"ImageObject","inLanguage":"it-IT","@id":"https:\/\/progettotouring.it\/radiotouring104\/2024\/02\/21\/giornata-internazionale-dellepilessia-a-piazza-castello-installata-una-panchina-parlante-viola-donata\/#primaryimage","url":"https:\/\/progettotouring.it\/radiotouring104\/wp-content\/uploads\/sites\/6\/2024\/02\/Domenico-Richichi-Zimbalatti-Aguglia-Merenda.jpg","contentUrl":"https:\/\/progettotouring.it\/radiotouring104\/wp-content\/uploads\/sites\/6\/2024\/02\/Domenico-Richichi-Zimbalatti-Aguglia-Merenda.jpg","width":1600,"height":1200},{"@type":"BreadcrumbList","@id":"https:\/\/progettotouring.it\/radiotouring104\/2024\/02\/21\/giornata-internazionale-dellepilessia-a-piazza-castello-installata-una-panchina-parlante-viola-donata\/#breadcrumb","itemListElement":[{"@type":"ListItem","position":1,"name":"Home","item":"https:\/\/progettotouring.it\/radiotouring104\/"},{"@type":"ListItem","position":2,"name":"Giornata internazionale dell\u2019Epilessia: a piazza Castello installata una panchina parlante viola donata"}]},{"@type":"WebSite","@id":"https:\/\/progettotouring.it\/radiotouring104\/#website","url":"https:\/\/progettotouring.it\/radiotouring104\/","name":"Radio Touring 104","description":"La prima radio Reggina","publisher":{"@id":"https:\/\/progettotouring.it\/radiotouring104\/#organization"},"potentialAction":[{"@type":"SearchAction","target":{"@type":"EntryPoint","urlTemplate":"https:\/\/progettotouring.it\/radiotouring104\/?s={search_term_string}"},"query-input":{"@type":"PropertyValueSpecification","valueRequired":true,"valueName":"search_term_string"}}],"inLanguage":"it-IT"},{"@type":"Organization","@id":"https:\/\/progettotouring.it\/radiotouring104\/#organization","name":"Radio Touring 104","url":"https:\/\/progettotouring.it\/radiotouring104\/","logo":{"@type":"ImageObject","inLanguage":"it-IT","@id":"https:\/\/progettotouring.it\/radiotouring104\/#\/schema\/logo\/image\/","url":"https:\/\/progettotouring.it\/radiotouring104\/wp-content\/uploads\/sites\/6\/2022\/02\/cropped-logo-radio-touring-104.png","contentUrl":"https:\/\/progettotouring.it\/radiotouring104\/wp-content\/uploads\/sites\/6\/2022\/02\/cropped-logo-radio-touring-104.png","width":377,"height":182,"caption":"Radio Touring 104"},"image":{"@id":"https:\/\/progettotouring.it\/radiotouring104\/#\/schema\/logo\/image\/"}},{"@type":"Person","@id":"https:\/\/progettotouring.it\/radiotouring104\/#\/schema\/person\/78613917f1851f041f7483f5af1d422e","name":"Sebastiano Plutino","image":{"@type":"ImageObject","inLanguage":"it-IT","@id":"https:\/\/secure.gravatar.com\/avatar\/0546ffaa9b79224faf9f2a156b67a529ae861d3287c66c1d8ccfdf909bcba78d?s=96&d=mm&r=g","url":"https:\/\/secure.gravatar.com\/avatar\/0546ffaa9b79224faf9f2a156b67a529ae861d3287c66c1d8ccfdf909bcba78d?s=96&d=mm&r=g","contentUrl":"https:\/\/secure.gravatar.com\/avatar\/0546ffaa9b79224faf9f2a156b67a529ae861d3287c66c1d8ccfdf909bcba78d?s=96&d=mm&r=g","caption":"Sebastiano Plutino"},"url":"https:\/\/progettotouring.it\/radiotouring104\/author\/sebastiano\/"}]}},"jetpack_publicize_connections":[],"jetpack_featured_media_url":"https:\/\/progettotouring.it\/radiotouring104\/wp-content\/uploads\/sites\/6\/2024\/02\/Domenico-Richichi-Zimbalatti-Aguglia-Merenda.jpg","jetpack_sharing_enabled":true,"_links":{"self":[{"href":"https:\/\/progettotouring.it\/radiotouring104\/wp-json\/wp\/v2\/posts\/45124","targetHints":{"allow":["GET"]}}],"collection":[{"href":"https:\/\/progettotouring.it\/radiotouring104\/wp-json\/wp\/v2\/posts"}],"about":[{"href":"https:\/\/progettotouring.it\/radiotouring104\/wp-json\/wp\/v2\/types\/post"}],"author":[{"embeddable":true,"href":"https:\/\/progettotouring.it\/radiotouring104\/wp-json\/wp\/v2\/users\/12"}],"replies":[{"embeddable":true,"href":"https:\/\/progettotouring.it\/radiotouring104\/wp-json\/wp\/v2\/comments?post=45124"}],"version-history":[{"count":1,"href":"https:\/\/progettotouring.it\/radiotouring104\/wp-json\/wp\/v2\/posts\/45124\/revisions"}],"predecessor-version":[{"id":45126,"href":"https:\/\/progettotouring.it\/radiotouring104\/wp-json\/wp\/v2\/posts\/45124\/revisions\/45126"}],"wp:featuredmedia":[{"embeddable":true,"href":"https:\/\/progettotouring.it\/radiotouring104\/wp-json\/wp\/v2\/media\/45125"}],"wp:attachment":[{"href":"https:\/\/progettotouring.it\/radiotouring104\/wp-json\/wp\/v2\/media?parent=45124"}],"wp:term":[{"taxonomy":"category","embeddable":true,"href":"https:\/\/progettotouring.it\/radiotouring104\/wp-json\/wp\/v2\/categories?post=45124"},{"taxonomy":"post_tag","embeddable":true,"href":"https:\/\/progettotouring.it\/radiotouring104\/wp-json\/wp\/v2\/tags?post=45124"}],"curies":[{"name":"wp","href":"https:\/\/api.w.org\/{rel}","templated":true}]}}