{"id":45145,"date":"2024-02-21T12:38:45","date_gmt":"2024-02-21T11:38:45","guid":{"rendered":"https:\/\/progettotouring.it\/radiotouring104\/?p=45145"},"modified":"2024-02-21T12:41:42","modified_gmt":"2024-02-21T11:41:42","slug":"pista-ciclabile-a-reggio-anmil-denuncia-scippo-dei-posti-riservati-alle-persone-con-disabilita-di-fronte-linail","status":"publish","type":"post","link":"https:\/\/progettotouring.it\/radiotouring104\/2024\/02\/21\/pista-ciclabile-a-reggio-anmil-denuncia-scippo-dei-posti-riservati-alle-persone-con-disabilita-di-fronte-linail\/","title":{"rendered":"Pista ciclabile a Reggio, ANMIL denuncia &#8220;Scippo dei posti riservati alle persone con disabilit\u00e0 di fronte l\u2019Inail&#8221;"},"content":{"rendered":"<p style=\"text-align: justify\">Il problema dei posti riservati alle persone con disabilit\u00e0 \u00e8 di grande rilevanza e richiede attenzione. \u00c8 essenziale garantire spazi adeguati per coloro che necessitano di accessibilit\u00e0. Purtroppo, non \u00e8 sufficiente solo combattere l\u2019incivilt\u00e0 di chi occupa impropriamente questi posti. <strong>Recentemente, il comune ha rimosso due posti di fronte all\u2019INAIL per creare una pista ciclabile.<\/strong><\/p>\n<p style=\"text-align: justify\">Tuttavia, questa decisione potrebbe avere un impatto negativo su chi ha bisogno di quei posti riservati. Persone che hanno perso l\u2019uso delle gambe o che utilizzano una carrozzina dipendono da tali spazi. Il presidente dell\u2019ANMIL (Associazione Nazionale fra Lavoratori Invalidi e Mutilati del Lavoro), Francesco Costantino, denuncia questa situazione come un vero scippo per coloro che, a causa di infortuni sul lavoro o malattie professionali, devono recarsi all\u2019INAIL. Pertanto, egli chiede il ripristino immediato dei due stalli riservati alle persone con disabilit\u00e0 o comunque adiacenti all\u2019istituto. \u00c8 fondamentale che le istituzioni considerino attentamente l\u2019impatto delle loro decisioni sulla vita quotidiana delle persone con disabilit\u00e0.<\/p>\n","protected":false},"excerpt":{"rendered":"<p>Il problema dei posti riservati alle persone con disabilit\u00e0 \u00e8 di grande rilevanza e richiede attenzione. \u00c8 essenziale garantire spazi adeguati per coloro che necessitano di accessibilit\u00e0. Purtroppo, non \u00e8&hellip;<\/p>\n","protected":false},"author":12,"featured_media":45146,"comment_status":"closed","ping_status":"open","sticky":false,"template":"","format":"standard","meta":{"_jetpack_memberships_contains_paid_content":false,"footnotes":"","jetpack_publicize_message":"","jetpack_publicize_feature_enabled":true,"jetpack_social_post_already_shared":false,"jetpack_social_options":{"image_generator_settings":{"template":"highway","default_image_id":0,"font":"","enabled":false},"version":2}},"categories":[921,196,140],"tags":[27892,7774,3221,27893,27891],"class_list":["post-45145","post","type-post","status-publish","format-standard","has-post-thumbnail","hentry","category-home","category-news","category-reggio-calabria","tag-2-parcheggi-disabili-soppressi","tag-anmil","tag-francesco-costantino","tag-inail-rc","tag-nuova-pista-ciclabile-a-reggio"],"yoast_head":"<!-- This site is optimized with the Yoast SEO plugin v27.2 - https:\/\/yoast.com\/product\/yoast-seo-wordpress\/ -->\n<title>Pista ciclabile: ANMIL denuncia occupazione 2 parcheggi riservati<\/title>\n<meta name=\"description\" content=\"Il presidente ANMIL RC denuncia occupazione di 2 parcheggi per persone con disabilit\u00e0 di fronte all\u2019INAIL per creare una pista ciclabile.\" \/>\n<meta name=\"robots\" content=\"index, follow, max-snippet:-1, max-image-preview:large, max-video-preview:-1\" \/>\n<link rel=\"canonical\" href=\"https:\/\/progettotouring.it\/radiotouring104\/2024\/02\/21\/pista-ciclabile-a-reggio-anmil-denuncia-scippo-dei-posti-riservati-alle-persone-con-disabilita-di-fronte-linail\/\" \/>\n<meta property=\"og:locale\" content=\"it_IT\" \/>\n<meta property=\"og:type\" content=\"article\" \/>\n<meta property=\"og:title\" content=\"Pista ciclabile: ANMIL denuncia occupazione 2 parcheggi riservati\" \/>\n<meta property=\"og:description\" content=\"Il presidente ANMIL RC denuncia occupazione di 2 parcheggi per persone con disabilit\u00e0 di fronte all\u2019INAIL per creare una pista ciclabile.\" \/>\n<meta property=\"og:url\" content=\"https:\/\/progettotouring.it\/radiotouring104\/2024\/02\/21\/pista-ciclabile-a-reggio-anmil-denuncia-scippo-dei-posti-riservati-alle-persone-con-disabilita-di-fronte-linail\/\" \/>\n<meta property=\"og:site_name\" content=\"Radio Touring 104\" \/>\n<meta property=\"article:published_time\" content=\"2024-02-21T11:38:45+00:00\" \/>\n<meta property=\"article:modified_time\" content=\"2024-02-21T11:41:42+00:00\" \/>\n<meta property=\"og:image\" content=\"https:\/\/progettotouring.it\/radiotouring104\/wp-content\/uploads\/sites\/6\/2024\/02\/Pista-Ciclabile-Reggio-Calabria-1.jpg\" \/>\n\t<meta property=\"og:image:width\" content=\"1536\" \/>\n\t<meta property=\"og:image:height\" content=\"2048\" \/>\n\t<meta property=\"og:image:type\" content=\"image\/jpeg\" \/>\n<meta name=\"author\" content=\"Sebastiano Plutino\" \/>\n<meta name=\"twitter:card\" content=\"summary_large_image\" \/>\n<meta name=\"twitter:label1\" content=\"Scritto da\" \/>\n\t<meta name=\"twitter:data1\" content=\"Sebastiano Plutino\" \/>\n\t<meta name=\"twitter:label2\" content=\"Tempo di lettura stimato\" \/>\n\t<meta name=\"twitter:data2\" content=\"1 minuto\" \/>\n<script type=\"application\/ld+json\" class=\"yoast-schema-graph\">{\"@context\":\"https:\/\/schema.org\",\"@graph\":[{\"@type\":\"Article\",\"@id\":\"https:\/\/progettotouring.it\/radiotouring104\/2024\/02\/21\/pista-ciclabile-a-reggio-anmil-denuncia-scippo-dei-posti-riservati-alle-persone-con-disabilita-di-fronte-linail\/#article\",\"isPartOf\":{\"@id\":\"https:\/\/progettotouring.it\/radiotouring104\/2024\/02\/21\/pista-ciclabile-a-reggio-anmil-denuncia-scippo-dei-posti-riservati-alle-persone-con-disabilita-di-fronte-linail\/\"},\"author\":{\"name\":\"Sebastiano Plutino\",\"@id\":\"https:\/\/progettotouring.it\/radiotouring104\/#\/schema\/person\/78613917f1851f041f7483f5af1d422e\"},\"headline\":\"Pista ciclabile a Reggio, ANMIL denuncia &#8220;Scippo dei posti riservati alle persone con disabilit\u00e0 di fronte l\u2019Inail&#8221;\",\"datePublished\":\"2024-02-21T11:38:45+00:00\",\"dateModified\":\"2024-02-21T11:41:42+00:00\",\"mainEntityOfPage\":{\"@id\":\"https:\/\/progettotouring.it\/radiotouring104\/2024\/02\/21\/pista-ciclabile-a-reggio-anmil-denuncia-scippo-dei-posti-riservati-alle-persone-con-disabilita-di-fronte-linail\/\"},\"wordCount\":180,\"publisher\":{\"@id\":\"https:\/\/progettotouring.it\/radiotouring104\/#organization\"},\"image\":{\"@id\":\"https:\/\/progettotouring.it\/radiotouring104\/2024\/02\/21\/pista-ciclabile-a-reggio-anmil-denuncia-scippo-dei-posti-riservati-alle-persone-con-disabilita-di-fronte-linail\/#primaryimage\"},\"thumbnailUrl\":\"https:\/\/progettotouring.it\/radiotouring104\/wp-content\/uploads\/sites\/6\/2024\/02\/Pista-Ciclabile-Reggio-Calabria-1.jpg\",\"keywords\":[\"2 parcheggi disabili soppressi\",\"ANMIL\",\"Francesco Costantino\",\"INAIL RC\",\"nuova pista ciclabile a Reggio\"],\"articleSection\":[\"Home\",\"News\",\"Reggio Calabria\"],\"inLanguage\":\"it-IT\"},{\"@type\":\"WebPage\",\"@id\":\"https:\/\/progettotouring.it\/radiotouring104\/2024\/02\/21\/pista-ciclabile-a-reggio-anmil-denuncia-scippo-dei-posti-riservati-alle-persone-con-disabilita-di-fronte-linail\/\",\"url\":\"https:\/\/progettotouring.it\/radiotouring104\/2024\/02\/21\/pista-ciclabile-a-reggio-anmil-denuncia-scippo-dei-posti-riservati-alle-persone-con-disabilita-di-fronte-linail\/\",\"name\":\"Pista ciclabile: ANMIL denuncia occupazione 2 parcheggi riservati\",\"isPartOf\":{\"@id\":\"https:\/\/progettotouring.it\/radiotouring104\/#website\"},\"primaryImageOfPage\":{\"@id\":\"https:\/\/progettotouring.it\/radiotouring104\/2024\/02\/21\/pista-ciclabile-a-reggio-anmil-denuncia-scippo-dei-posti-riservati-alle-persone-con-disabilita-di-fronte-linail\/#primaryimage\"},\"image\":{\"@id\":\"https:\/\/progettotouring.it\/radiotouring104\/2024\/02\/21\/pista-ciclabile-a-reggio-anmil-denuncia-scippo-dei-posti-riservati-alle-persone-con-disabilita-di-fronte-linail\/#primaryimage\"},\"thumbnailUrl\":\"https:\/\/progettotouring.it\/radiotouring104\/wp-content\/uploads\/sites\/6\/2024\/02\/Pista-Ciclabile-Reggio-Calabria-1.jpg\",\"datePublished\":\"2024-02-21T11:38:45+00:00\",\"dateModified\":\"2024-02-21T11:41:42+00:00\",\"description\":\"Il presidente ANMIL RC denuncia occupazione di 2 parcheggi per persone con disabilit\u00e0 di fronte all\u2019INAIL per creare una pista ciclabile.\",\"breadcrumb\":{\"@id\":\"https:\/\/progettotouring.it\/radiotouring104\/2024\/02\/21\/pista-ciclabile-a-reggio-anmil-denuncia-scippo-dei-posti-riservati-alle-persone-con-disabilita-di-fronte-linail\/#breadcrumb\"},\"inLanguage\":\"it-IT\",\"potentialAction\":[{\"@type\":\"ReadAction\",\"target\":[\"https:\/\/progettotouring.it\/radiotouring104\/2024\/02\/21\/pista-ciclabile-a-reggio-anmil-denuncia-scippo-dei-posti-riservati-alle-persone-con-disabilita-di-fronte-linail\/\"]}]},{\"@type\":\"ImageObject\",\"inLanguage\":\"it-IT\",\"@id\":\"https:\/\/progettotouring.it\/radiotouring104\/2024\/02\/21\/pista-ciclabile-a-reggio-anmil-denuncia-scippo-dei-posti-riservati-alle-persone-con-disabilita-di-fronte-linail\/#primaryimage\",\"url\":\"https:\/\/progettotouring.it\/radiotouring104\/wp-content\/uploads\/sites\/6\/2024\/02\/Pista-Ciclabile-Reggio-Calabria-1.jpg\",\"contentUrl\":\"https:\/\/progettotouring.it\/radiotouring104\/wp-content\/uploads\/sites\/6\/2024\/02\/Pista-Ciclabile-Reggio-Calabria-1.jpg\",\"width\":1536,\"height\":2048},{\"@type\":\"BreadcrumbList\",\"@id\":\"https:\/\/progettotouring.it\/radiotouring104\/2024\/02\/21\/pista-ciclabile-a-reggio-anmil-denuncia-scippo-dei-posti-riservati-alle-persone-con-disabilita-di-fronte-linail\/#breadcrumb\",\"itemListElement\":[{\"@type\":\"ListItem\",\"position\":1,\"name\":\"Home\",\"item\":\"https:\/\/progettotouring.it\/radiotouring104\/\"},{\"@type\":\"ListItem\",\"position\":2,\"name\":\"Pista ciclabile a Reggio, ANMIL denuncia &#8220;Scippo dei posti riservati alle persone con disabilit\u00e0 di fronte l\u2019Inail&#8221;\"}]},{\"@type\":\"WebSite\",\"@id\":\"https:\/\/progettotouring.it\/radiotouring104\/#website\",\"url\":\"https:\/\/progettotouring.it\/radiotouring104\/\",\"name\":\"Radio Touring 104\",\"description\":\"La prima radio Reggina\",\"publisher\":{\"@id\":\"https:\/\/progettotouring.it\/radiotouring104\/#organization\"},\"potentialAction\":[{\"@type\":\"SearchAction\",\"target\":{\"@type\":\"EntryPoint\",\"urlTemplate\":\"https:\/\/progettotouring.it\/radiotouring104\/?s={search_term_string}\"},\"query-input\":{\"@type\":\"PropertyValueSpecification\",\"valueRequired\":true,\"valueName\":\"search_term_string\"}}],\"inLanguage\":\"it-IT\"},{\"@type\":\"Organization\",\"@id\":\"https:\/\/progettotouring.it\/radiotouring104\/#organization\",\"name\":\"Radio Touring 104\",\"url\":\"https:\/\/progettotouring.it\/radiotouring104\/\",\"logo\":{\"@type\":\"ImageObject\",\"inLanguage\":\"it-IT\",\"@id\":\"https:\/\/progettotouring.it\/radiotouring104\/#\/schema\/logo\/image\/\",\"url\":\"https:\/\/progettotouring.it\/radiotouring104\/wp-content\/uploads\/sites\/6\/2022\/02\/cropped-logo-radio-touring-104.png\",\"contentUrl\":\"https:\/\/progettotouring.it\/radiotouring104\/wp-content\/uploads\/sites\/6\/2022\/02\/cropped-logo-radio-touring-104.png\",\"width\":377,\"height\":182,\"caption\":\"Radio Touring 104\"},\"image\":{\"@id\":\"https:\/\/progettotouring.it\/radiotouring104\/#\/schema\/logo\/image\/\"}},{\"@type\":\"Person\",\"@id\":\"https:\/\/progettotouring.it\/radiotouring104\/#\/schema\/person\/78613917f1851f041f7483f5af1d422e\",\"name\":\"Sebastiano Plutino\",\"image\":{\"@type\":\"ImageObject\",\"inLanguage\":\"it-IT\",\"@id\":\"https:\/\/secure.gravatar.com\/avatar\/0546ffaa9b79224faf9f2a156b67a529ae861d3287c66c1d8ccfdf909bcba78d?s=96&d=mm&r=g\",\"url\":\"https:\/\/secure.gravatar.com\/avatar\/0546ffaa9b79224faf9f2a156b67a529ae861d3287c66c1d8ccfdf909bcba78d?s=96&d=mm&r=g\",\"contentUrl\":\"https:\/\/secure.gravatar.com\/avatar\/0546ffaa9b79224faf9f2a156b67a529ae861d3287c66c1d8ccfdf909bcba78d?s=96&d=mm&r=g\",\"caption\":\"Sebastiano Plutino\"},\"url\":\"https:\/\/progettotouring.it\/radiotouring104\/author\/sebastiano\/\"}]}<\/script>\n<!-- \/ Yoast SEO plugin. -->","yoast_head_json":{"title":"Pista ciclabile: ANMIL denuncia occupazione 2 parcheggi riservati","description":"Il presidente ANMIL RC denuncia occupazione di 2 parcheggi per persone con disabilit\u00e0 di fronte all\u2019INAIL per creare una pista ciclabile.","robots":{"index":"index","follow":"follow","max-snippet":"max-snippet:-1","max-image-preview":"max-image-preview:large","max-video-preview":"max-video-preview:-1"},"canonical":"https:\/\/progettotouring.it\/radiotouring104\/2024\/02\/21\/pista-ciclabile-a-reggio-anmil-denuncia-scippo-dei-posti-riservati-alle-persone-con-disabilita-di-fronte-linail\/","og_locale":"it_IT","og_type":"article","og_title":"Pista ciclabile: ANMIL denuncia occupazione 2 parcheggi riservati","og_description":"Il presidente ANMIL RC denuncia occupazione di 2 parcheggi per persone con disabilit\u00e0 di fronte all\u2019INAIL per creare una pista ciclabile.","og_url":"https:\/\/progettotouring.it\/radiotouring104\/2024\/02\/21\/pista-ciclabile-a-reggio-anmil-denuncia-scippo-dei-posti-riservati-alle-persone-con-disabilita-di-fronte-linail\/","og_site_name":"Radio Touring 104","article_published_time":"2024-02-21T11:38:45+00:00","article_modified_time":"2024-02-21T11:41:42+00:00","og_image":[{"width":1536,"height":2048,"url":"https:\/\/progettotouring.it\/radiotouring104\/wp-content\/uploads\/sites\/6\/2024\/02\/Pista-Ciclabile-Reggio-Calabria-1.jpg","type":"image\/jpeg"}],"author":"Sebastiano Plutino","twitter_card":"summary_large_image","twitter_misc":{"Scritto da":"Sebastiano Plutino","Tempo di lettura stimato":"1 minuto"},"schema":{"@context":"https:\/\/schema.org","@graph":[{"@type":"Article","@id":"https:\/\/progettotouring.it\/radiotouring104\/2024\/02\/21\/pista-ciclabile-a-reggio-anmil-denuncia-scippo-dei-posti-riservati-alle-persone-con-disabilita-di-fronte-linail\/#article","isPartOf":{"@id":"https:\/\/progettotouring.it\/radiotouring104\/2024\/02\/21\/pista-ciclabile-a-reggio-anmil-denuncia-scippo-dei-posti-riservati-alle-persone-con-disabilita-di-fronte-linail\/"},"author":{"name":"Sebastiano Plutino","@id":"https:\/\/progettotouring.it\/radiotouring104\/#\/schema\/person\/78613917f1851f041f7483f5af1d422e"},"headline":"Pista ciclabile a Reggio, ANMIL denuncia &#8220;Scippo dei posti riservati alle persone con disabilit\u00e0 di fronte l\u2019Inail&#8221;","datePublished":"2024-02-21T11:38:45+00:00","dateModified":"2024-02-21T11:41:42+00:00","mainEntityOfPage":{"@id":"https:\/\/progettotouring.it\/radiotouring104\/2024\/02\/21\/pista-ciclabile-a-reggio-anmil-denuncia-scippo-dei-posti-riservati-alle-persone-con-disabilita-di-fronte-linail\/"},"wordCount":180,"publisher":{"@id":"https:\/\/progettotouring.it\/radiotouring104\/#organization"},"image":{"@id":"https:\/\/progettotouring.it\/radiotouring104\/2024\/02\/21\/pista-ciclabile-a-reggio-anmil-denuncia-scippo-dei-posti-riservati-alle-persone-con-disabilita-di-fronte-linail\/#primaryimage"},"thumbnailUrl":"https:\/\/progettotouring.it\/radiotouring104\/wp-content\/uploads\/sites\/6\/2024\/02\/Pista-Ciclabile-Reggio-Calabria-1.jpg","keywords":["2 parcheggi disabili soppressi","ANMIL","Francesco Costantino","INAIL RC","nuova pista ciclabile a Reggio"],"articleSection":["Home","News","Reggio Calabria"],"inLanguage":"it-IT"},{"@type":"WebPage","@id":"https:\/\/progettotouring.it\/radiotouring104\/2024\/02\/21\/pista-ciclabile-a-reggio-anmil-denuncia-scippo-dei-posti-riservati-alle-persone-con-disabilita-di-fronte-linail\/","url":"https:\/\/progettotouring.it\/radiotouring104\/2024\/02\/21\/pista-ciclabile-a-reggio-anmil-denuncia-scippo-dei-posti-riservati-alle-persone-con-disabilita-di-fronte-linail\/","name":"Pista ciclabile: ANMIL denuncia occupazione 2 parcheggi riservati","isPartOf":{"@id":"https:\/\/progettotouring.it\/radiotouring104\/#website"},"primaryImageOfPage":{"@id":"https:\/\/progettotouring.it\/radiotouring104\/2024\/02\/21\/pista-ciclabile-a-reggio-anmil-denuncia-scippo-dei-posti-riservati-alle-persone-con-disabilita-di-fronte-linail\/#primaryimage"},"image":{"@id":"https:\/\/progettotouring.it\/radiotouring104\/2024\/02\/21\/pista-ciclabile-a-reggio-anmil-denuncia-scippo-dei-posti-riservati-alle-persone-con-disabilita-di-fronte-linail\/#primaryimage"},"thumbnailUrl":"https:\/\/progettotouring.it\/radiotouring104\/wp-content\/uploads\/sites\/6\/2024\/02\/Pista-Ciclabile-Reggio-Calabria-1.jpg","datePublished":"2024-02-21T11:38:45+00:00","dateModified":"2024-02-21T11:41:42+00:00","description":"Il presidente ANMIL RC denuncia occupazione di 2 parcheggi per persone con disabilit\u00e0 di fronte all\u2019INAIL per creare una pista ciclabile.","breadcrumb":{"@id":"https:\/\/progettotouring.it\/radiotouring104\/2024\/02\/21\/pista-ciclabile-a-reggio-anmil-denuncia-scippo-dei-posti-riservati-alle-persone-con-disabilita-di-fronte-linail\/#breadcrumb"},"inLanguage":"it-IT","potentialAction":[{"@type":"ReadAction","target":["https:\/\/progettotouring.it\/radiotouring104\/2024\/02\/21\/pista-ciclabile-a-reggio-anmil-denuncia-scippo-dei-posti-riservati-alle-persone-con-disabilita-di-fronte-linail\/"]}]},{"@type":"ImageObject","inLanguage":"it-IT","@id":"https:\/\/progettotouring.it\/radiotouring104\/2024\/02\/21\/pista-ciclabile-a-reggio-anmil-denuncia-scippo-dei-posti-riservati-alle-persone-con-disabilita-di-fronte-linail\/#primaryimage","url":"https:\/\/progettotouring.it\/radiotouring104\/wp-content\/uploads\/sites\/6\/2024\/02\/Pista-Ciclabile-Reggio-Calabria-1.jpg","contentUrl":"https:\/\/progettotouring.it\/radiotouring104\/wp-content\/uploads\/sites\/6\/2024\/02\/Pista-Ciclabile-Reggio-Calabria-1.jpg","width":1536,"height":2048},{"@type":"BreadcrumbList","@id":"https:\/\/progettotouring.it\/radiotouring104\/2024\/02\/21\/pista-ciclabile-a-reggio-anmil-denuncia-scippo-dei-posti-riservati-alle-persone-con-disabilita-di-fronte-linail\/#breadcrumb","itemListElement":[{"@type":"ListItem","position":1,"name":"Home","item":"https:\/\/progettotouring.it\/radiotouring104\/"},{"@type":"ListItem","position":2,"name":"Pista ciclabile a Reggio, ANMIL denuncia &#8220;Scippo dei posti riservati alle persone con disabilit\u00e0 di fronte l\u2019Inail&#8221;"}]},{"@type":"WebSite","@id":"https:\/\/progettotouring.it\/radiotouring104\/#website","url":"https:\/\/progettotouring.it\/radiotouring104\/","name":"Radio Touring 104","description":"La prima radio Reggina","publisher":{"@id":"https:\/\/progettotouring.it\/radiotouring104\/#organization"},"potentialAction":[{"@type":"SearchAction","target":{"@type":"EntryPoint","urlTemplate":"https:\/\/progettotouring.it\/radiotouring104\/?s={search_term_string}"},"query-input":{"@type":"PropertyValueSpecification","valueRequired":true,"valueName":"search_term_string"}}],"inLanguage":"it-IT"},{"@type":"Organization","@id":"https:\/\/progettotouring.it\/radiotouring104\/#organization","name":"Radio Touring 104","url":"https:\/\/progettotouring.it\/radiotouring104\/","logo":{"@type":"ImageObject","inLanguage":"it-IT","@id":"https:\/\/progettotouring.it\/radiotouring104\/#\/schema\/logo\/image\/","url":"https:\/\/progettotouring.it\/radiotouring104\/wp-content\/uploads\/sites\/6\/2022\/02\/cropped-logo-radio-touring-104.png","contentUrl":"https:\/\/progettotouring.it\/radiotouring104\/wp-content\/uploads\/sites\/6\/2022\/02\/cropped-logo-radio-touring-104.png","width":377,"height":182,"caption":"Radio Touring 104"},"image":{"@id":"https:\/\/progettotouring.it\/radiotouring104\/#\/schema\/logo\/image\/"}},{"@type":"Person","@id":"https:\/\/progettotouring.it\/radiotouring104\/#\/schema\/person\/78613917f1851f041f7483f5af1d422e","name":"Sebastiano Plutino","image":{"@type":"ImageObject","inLanguage":"it-IT","@id":"https:\/\/secure.gravatar.com\/avatar\/0546ffaa9b79224faf9f2a156b67a529ae861d3287c66c1d8ccfdf909bcba78d?s=96&d=mm&r=g","url":"https:\/\/secure.gravatar.com\/avatar\/0546ffaa9b79224faf9f2a156b67a529ae861d3287c66c1d8ccfdf909bcba78d?s=96&d=mm&r=g","contentUrl":"https:\/\/secure.gravatar.com\/avatar\/0546ffaa9b79224faf9f2a156b67a529ae861d3287c66c1d8ccfdf909bcba78d?s=96&d=mm&r=g","caption":"Sebastiano Plutino"},"url":"https:\/\/progettotouring.it\/radiotouring104\/author\/sebastiano\/"}]}},"jetpack_publicize_connections":[],"jetpack_featured_media_url":"https:\/\/progettotouring.it\/radiotouring104\/wp-content\/uploads\/sites\/6\/2024\/02\/Pista-Ciclabile-Reggio-Calabria-1.jpg","jetpack_sharing_enabled":true,"_links":{"self":[{"href":"https:\/\/progettotouring.it\/radiotouring104\/wp-json\/wp\/v2\/posts\/45145","targetHints":{"allow":["GET"]}}],"collection":[{"href":"https:\/\/progettotouring.it\/radiotouring104\/wp-json\/wp\/v2\/posts"}],"about":[{"href":"https:\/\/progettotouring.it\/radiotouring104\/wp-json\/wp\/v2\/types\/post"}],"author":[{"embeddable":true,"href":"https:\/\/progettotouring.it\/radiotouring104\/wp-json\/wp\/v2\/users\/12"}],"replies":[{"embeddable":true,"href":"https:\/\/progettotouring.it\/radiotouring104\/wp-json\/wp\/v2\/comments?post=45145"}],"version-history":[{"count":1,"href":"https:\/\/progettotouring.it\/radiotouring104\/wp-json\/wp\/v2\/posts\/45145\/revisions"}],"predecessor-version":[{"id":45147,"href":"https:\/\/progettotouring.it\/radiotouring104\/wp-json\/wp\/v2\/posts\/45145\/revisions\/45147"}],"wp:featuredmedia":[{"embeddable":true,"href":"https:\/\/progettotouring.it\/radiotouring104\/wp-json\/wp\/v2\/media\/45146"}],"wp:attachment":[{"href":"https:\/\/progettotouring.it\/radiotouring104\/wp-json\/wp\/v2\/media?parent=45145"}],"wp:term":[{"taxonomy":"category","embeddable":true,"href":"https:\/\/progettotouring.it\/radiotouring104\/wp-json\/wp\/v2\/categories?post=45145"},{"taxonomy":"post_tag","embeddable":true,"href":"https:\/\/progettotouring.it\/radiotouring104\/wp-json\/wp\/v2\/tags?post=45145"}],"curies":[{"name":"wp","href":"https:\/\/api.w.org\/{rel}","templated":true}]}}