{"id":45154,"date":"2024-02-21T13:11:49","date_gmt":"2024-02-21T12:11:49","guid":{"rendered":"https:\/\/progettotouring.it\/radiotouring104\/?p=45154"},"modified":"2024-02-21T13:11:49","modified_gmt":"2024-02-21T12:11:49","slug":"ponte-stretto-pm-di-roma-apre-un-fascicolo-dopo-esposto-sinistra-lega-attacca-indagine","status":"publish","type":"post","link":"https:\/\/progettotouring.it\/radiotouring104\/2024\/02\/21\/ponte-stretto-pm-di-roma-apre-un-fascicolo-dopo-esposto-sinistra-lega-attacca-indagine\/","title":{"rendered":"Ponte Stretto: Pm di Roma apre un fascicolo, dopo esposto Sinistra. Lega attacca indagine"},"content":{"rendered":"<div>\n<p style=\"text-align: justify\"><strong>Un fascicolo di indagine<\/strong>, senza ipotesi di reato e indagati<strong>, \u00e8 stato aperto dalla Procura di Roma dopo un esposto<\/strong> presentato dal deputato di Avs, <strong>Angelo Bonelli,<\/strong> dalla segretaria del Pd, <strong>Elly Schlein<\/strong> e da <strong>Nicola Fratoianni,<\/strong> segretario di Sinistra Italia<strong>, in relazione al progetto sul ponte dello Stretto di Messina.<\/strong><\/p>\n<p style=\"text-align: justify\">Quello sullo Stretto serve a unire milioni di siciliani, inquinare di meno, viaggiare pi\u00f9 in fretta. Il Pd ha fatto una denuncia alla procura perch\u00e9 vogliamo fare il ponte, che \u00e8 un diritto di milioni di italiani&#8221;.<br \/>\nCos\u00ec il ministro delle Infrastrutture e dei Trasporti<strong>, Matteo Salvini,<\/strong> intervenendo a Mattino 5<em>. &#8220;La probabilit\u00e0 che si faccia il ponte sullo Stretto da zero a 100?: &#8220;E&#8217; 100&#8221;,<\/em><strong> ha detto il vicepremier.<\/strong><\/p>\n<p style=\"text-align: justify\">La denuncia di 9 pagine era stata depositata a piazzale Clodio il primo febbraio e riguarda &#8220;l&#8217;attivit\u00e0 di progettazione e realizzazione&#8221; della infrastruttura.<br \/>\n&#8220;Solo in Italia si riesce a fare battaglia politica su un ponte, una autostrada, sulla Tav.<\/p>\n<\/div>\n<div style=\"text-align: justify\"><\/div>\n<h3 style=\"text-align: justify\"><strong>&#8220;La Lega Calabria difende il Ponte sullo Stretto: Priorit\u00e0 per lo Sviluppo e la Prosperit\u00e0 dell&#8217;Italia&#8221;\u00a0<\/strong><\/h3>\n<div dir=\"auto\" style=\"text-align: justify\"><\/div>\n<div dir=\"auto\" style=\"text-align: justify\"><em>&#8220;La Lega in Calabria esprime profonda preoccupazione di fronte alla recente apertura di un fascicolo di indagine da parte della Procura di Roma in seguito all&#8217;esposto presentato da alcuni rappresentanti politici riguardante il progetto del Ponte sullo Stretto di Messina. Questo progetto, tanto atteso e fondamentale per l&#8217;interconnessione e lo sviluppo del Paese, \u00e8 stato oggetto di critiche e denunce sulla presunta mancanza di trasparenza nella sua progettazione e realizzazione.<\/em><\/div>\n<div dir=\"auto\" style=\"text-align: justify\"><\/div>\n<div dir=\"auto\" style=\"text-align: justify\"><em>\u00a0Il Ministro delle Infrastrutture e dei Trasporti, Matteo Salvini, ha ribadito con fermezza che il Ponte sullo Stretto \u00e8 un diritto per milioni di italiani e che la sua realizzazione \u00e8 una priorit\u00e0 assoluta. Salvini ha sottolineato che le battaglie politiche su grandi opere come il Ponte sullo Stretto sono un fenomeno unico in Italia, evidenziando la necessit\u00e0 di superare gli ostacoli e portare avanti progetti di tale importanza per il bene del Paese.<\/em><\/div>\n<div dir=\"auto\" style=\"text-align: justify\"><\/div>\n<div dir=\"auto\" style=\"text-align: justify\"><em>\u00a0Il commissario Lega in Calabria, Giacomo Francesco Saccomanno, ha denunciato il tentativo della sinistra di ostacolare lo sviluppo e il progresso, non solo in Calabria ma in tutta l&#8217;Italia, attraverso la frenata delle opere pubbliche. Saccomanno ha evidenziato il rischio di ridurre il Paese in povert\u00e0 e ha sottolineato l&#8217;importanza di completare le opere ferme da troppo tempo per garantire un futuro migliore per tutti. La Lega in Calabria rimane salda nel suo impegno a favore dello sviluppo e della crescita del territorio, e continuer\u00e0 a sostenere con determinazione la realizzazione del Ponte sullo Stretto e di altre opere pubbliche cruciali per il benessere e la prosperit\u00e0 dell&#8217;Italia. &#8220;<\/em><\/div>\n<div dir=\"auto\" style=\"text-align: justify\"><\/div>\n","protected":false},"excerpt":{"rendered":"<p>Un fascicolo di indagine, senza ipotesi di reato e indagati, \u00e8 stato aperto dalla Procura di Roma dopo un esposto presentato dal deputato di Avs, Angelo Bonelli, dalla segretaria del&hellip;<\/p>\n","protected":false},"author":12,"featured_media":43160,"comment_status":"closed","ping_status":"open","sticky":false,"template":"","format":"standard","meta":{"_jetpack_memberships_contains_paid_content":false,"footnotes":"","jetpack_publicize_message":"","jetpack_publicize_feature_enabled":true,"jetpack_social_post_already_shared":false,"jetpack_social_options":{"image_generator_settings":{"template":"highway","default_image_id":0,"font":"","enabled":false},"version":2}},"categories":[921,150,196,140],"tags":[27897,10682,27896,27898,27899,27900,5738,27895],"class_list":["post-45154","post","type-post","status-publish","format-standard","has-post-thumbnail","hentry","category-home","category-in-primo-piano","category-news","category-reggio-calabria","tag-bonelli-angelo","tag-elly-schlein-segretaria-pd","tag-esposto-pd-si-verdi-contro-ponte","tag-fratoianni","tag-lega-attacca-indagine-ponte","tag-pm-di-roma","tag-ponte-stretto","tag-procura-roma-apre-fascicolo"],"yoast_head":"<!-- This site is optimized with the Yoast SEO plugin v27.2 - https:\/\/yoast.com\/product\/yoast-seo-wordpress\/ -->\n<title>Ponte Stretto: Pm di Roma apre un fascicolo, dopo esposto Sinistra<\/title>\n<meta name=\"description\" content=\"La Procura di Roma ha aperto un fascicolo, dopo esposto di PD- Verdi- SI, su costruzione del Ponte sullo Stretto di Messina\" \/>\n<meta name=\"robots\" content=\"index, follow, max-snippet:-1, max-image-preview:large, max-video-preview:-1\" \/>\n<link rel=\"canonical\" href=\"https:\/\/progettotouring.it\/radiotouring104\/2024\/02\/21\/ponte-stretto-pm-di-roma-apre-un-fascicolo-dopo-esposto-sinistra-lega-attacca-indagine\/\" \/>\n<meta property=\"og:locale\" content=\"it_IT\" \/>\n<meta property=\"og:type\" content=\"article\" \/>\n<meta property=\"og:title\" content=\"Ponte Stretto: Pm di Roma apre un fascicolo, dopo esposto Sinistra\" \/>\n<meta property=\"og:description\" content=\"La Procura di Roma ha aperto un fascicolo, dopo esposto di PD- Verdi- SI, su costruzione del Ponte sullo Stretto di Messina\" \/>\n<meta property=\"og:url\" content=\"https:\/\/progettotouring.it\/radiotouring104\/2024\/02\/21\/ponte-stretto-pm-di-roma-apre-un-fascicolo-dopo-esposto-sinistra-lega-attacca-indagine\/\" \/>\n<meta property=\"og:site_name\" content=\"Radio Touring 104\" \/>\n<meta property=\"article:published_time\" content=\"2024-02-21T12:11:49+00:00\" \/>\n<meta property=\"og:image\" content=\"https:\/\/progettotouring.it\/radiotouring104\/wp-content\/uploads\/sites\/6\/2024\/01\/Ponte-sullo-Stretto-1.jpg\" \/>\n\t<meta property=\"og:image:width\" content=\"667\" \/>\n\t<meta property=\"og:image:height\" content=\"432\" \/>\n\t<meta property=\"og:image:type\" content=\"image\/jpeg\" \/>\n<meta name=\"author\" content=\"Sebastiano Plutino\" \/>\n<meta name=\"twitter:card\" content=\"summary_large_image\" \/>\n<meta name=\"twitter:label1\" content=\"Scritto da\" \/>\n\t<meta name=\"twitter:data1\" content=\"Sebastiano Plutino\" \/>\n\t<meta name=\"twitter:label2\" content=\"Tempo di lettura stimato\" \/>\n\t<meta name=\"twitter:data2\" content=\"2 minuti\" \/>\n<script type=\"application\/ld+json\" class=\"yoast-schema-graph\">{\"@context\":\"https:\/\/schema.org\",\"@graph\":[{\"@type\":\"Article\",\"@id\":\"https:\/\/progettotouring.it\/radiotouring104\/2024\/02\/21\/ponte-stretto-pm-di-roma-apre-un-fascicolo-dopo-esposto-sinistra-lega-attacca-indagine\/#article\",\"isPartOf\":{\"@id\":\"https:\/\/progettotouring.it\/radiotouring104\/2024\/02\/21\/ponte-stretto-pm-di-roma-apre-un-fascicolo-dopo-esposto-sinistra-lega-attacca-indagine\/\"},\"author\":{\"name\":\"Sebastiano Plutino\",\"@id\":\"https:\/\/progettotouring.it\/radiotouring104\/#\/schema\/person\/78613917f1851f041f7483f5af1d422e\"},\"headline\":\"Ponte Stretto: Pm di Roma apre un fascicolo, dopo esposto Sinistra. Lega attacca indagine\",\"datePublished\":\"2024-02-21T12:11:49+00:00\",\"mainEntityOfPage\":{\"@id\":\"https:\/\/progettotouring.it\/radiotouring104\/2024\/02\/21\/ponte-stretto-pm-di-roma-apre-un-fascicolo-dopo-esposto-sinistra-lega-attacca-indagine\/\"},\"wordCount\":433,\"publisher\":{\"@id\":\"https:\/\/progettotouring.it\/radiotouring104\/#organization\"},\"image\":{\"@id\":\"https:\/\/progettotouring.it\/radiotouring104\/2024\/02\/21\/ponte-stretto-pm-di-roma-apre-un-fascicolo-dopo-esposto-sinistra-lega-attacca-indagine\/#primaryimage\"},\"thumbnailUrl\":\"https:\/\/progettotouring.it\/radiotouring104\/wp-content\/uploads\/sites\/6\/2024\/01\/Ponte-sullo-Stretto-1.jpg\",\"keywords\":[\"Bonelli Angelo\",\"Elly Schlein segretaria Pd\",\"esposto PD SI VERDI contro Ponte\",\"Fratoianni\",\"Lega attacca indagine Ponte\",\"pm di Roma\",\"ponte stretto\",\"procura roma apre fascicolo\"],\"articleSection\":[\"Home\",\"In primo piano\",\"News\",\"Reggio Calabria\"],\"inLanguage\":\"it-IT\"},{\"@type\":\"WebPage\",\"@id\":\"https:\/\/progettotouring.it\/radiotouring104\/2024\/02\/21\/ponte-stretto-pm-di-roma-apre-un-fascicolo-dopo-esposto-sinistra-lega-attacca-indagine\/\",\"url\":\"https:\/\/progettotouring.it\/radiotouring104\/2024\/02\/21\/ponte-stretto-pm-di-roma-apre-un-fascicolo-dopo-esposto-sinistra-lega-attacca-indagine\/\",\"name\":\"Ponte Stretto: Pm di Roma apre un fascicolo, dopo esposto Sinistra\",\"isPartOf\":{\"@id\":\"https:\/\/progettotouring.it\/radiotouring104\/#website\"},\"primaryImageOfPage\":{\"@id\":\"https:\/\/progettotouring.it\/radiotouring104\/2024\/02\/21\/ponte-stretto-pm-di-roma-apre-un-fascicolo-dopo-esposto-sinistra-lega-attacca-indagine\/#primaryimage\"},\"image\":{\"@id\":\"https:\/\/progettotouring.it\/radiotouring104\/2024\/02\/21\/ponte-stretto-pm-di-roma-apre-un-fascicolo-dopo-esposto-sinistra-lega-attacca-indagine\/#primaryimage\"},\"thumbnailUrl\":\"https:\/\/progettotouring.it\/radiotouring104\/wp-content\/uploads\/sites\/6\/2024\/01\/Ponte-sullo-Stretto-1.jpg\",\"datePublished\":\"2024-02-21T12:11:49+00:00\",\"description\":\"La Procura di Roma ha aperto un fascicolo, dopo esposto di PD- Verdi- SI, su costruzione del Ponte sullo Stretto di Messina\",\"breadcrumb\":{\"@id\":\"https:\/\/progettotouring.it\/radiotouring104\/2024\/02\/21\/ponte-stretto-pm-di-roma-apre-un-fascicolo-dopo-esposto-sinistra-lega-attacca-indagine\/#breadcrumb\"},\"inLanguage\":\"it-IT\",\"potentialAction\":[{\"@type\":\"ReadAction\",\"target\":[\"https:\/\/progettotouring.it\/radiotouring104\/2024\/02\/21\/ponte-stretto-pm-di-roma-apre-un-fascicolo-dopo-esposto-sinistra-lega-attacca-indagine\/\"]}]},{\"@type\":\"ImageObject\",\"inLanguage\":\"it-IT\",\"@id\":\"https:\/\/progettotouring.it\/radiotouring104\/2024\/02\/21\/ponte-stretto-pm-di-roma-apre-un-fascicolo-dopo-esposto-sinistra-lega-attacca-indagine\/#primaryimage\",\"url\":\"https:\/\/progettotouring.it\/radiotouring104\/wp-content\/uploads\/sites\/6\/2024\/01\/Ponte-sullo-Stretto-1.jpg\",\"contentUrl\":\"https:\/\/progettotouring.it\/radiotouring104\/wp-content\/uploads\/sites\/6\/2024\/01\/Ponte-sullo-Stretto-1.jpg\",\"width\":667,\"height\":432},{\"@type\":\"BreadcrumbList\",\"@id\":\"https:\/\/progettotouring.it\/radiotouring104\/2024\/02\/21\/ponte-stretto-pm-di-roma-apre-un-fascicolo-dopo-esposto-sinistra-lega-attacca-indagine\/#breadcrumb\",\"itemListElement\":[{\"@type\":\"ListItem\",\"position\":1,\"name\":\"Home\",\"item\":\"https:\/\/progettotouring.it\/radiotouring104\/\"},{\"@type\":\"ListItem\",\"position\":2,\"name\":\"Ponte Stretto: Pm di Roma apre un fascicolo, dopo esposto Sinistra. Lega attacca indagine\"}]},{\"@type\":\"WebSite\",\"@id\":\"https:\/\/progettotouring.it\/radiotouring104\/#website\",\"url\":\"https:\/\/progettotouring.it\/radiotouring104\/\",\"name\":\"Radio Touring 104\",\"description\":\"La prima radio Reggina\",\"publisher\":{\"@id\":\"https:\/\/progettotouring.it\/radiotouring104\/#organization\"},\"potentialAction\":[{\"@type\":\"SearchAction\",\"target\":{\"@type\":\"EntryPoint\",\"urlTemplate\":\"https:\/\/progettotouring.it\/radiotouring104\/?s={search_term_string}\"},\"query-input\":{\"@type\":\"PropertyValueSpecification\",\"valueRequired\":true,\"valueName\":\"search_term_string\"}}],\"inLanguage\":\"it-IT\"},{\"@type\":\"Organization\",\"@id\":\"https:\/\/progettotouring.it\/radiotouring104\/#organization\",\"name\":\"Radio Touring 104\",\"url\":\"https:\/\/progettotouring.it\/radiotouring104\/\",\"logo\":{\"@type\":\"ImageObject\",\"inLanguage\":\"it-IT\",\"@id\":\"https:\/\/progettotouring.it\/radiotouring104\/#\/schema\/logo\/image\/\",\"url\":\"https:\/\/progettotouring.it\/radiotouring104\/wp-content\/uploads\/sites\/6\/2022\/02\/cropped-logo-radio-touring-104.png\",\"contentUrl\":\"https:\/\/progettotouring.it\/radiotouring104\/wp-content\/uploads\/sites\/6\/2022\/02\/cropped-logo-radio-touring-104.png\",\"width\":377,\"height\":182,\"caption\":\"Radio Touring 104\"},\"image\":{\"@id\":\"https:\/\/progettotouring.it\/radiotouring104\/#\/schema\/logo\/image\/\"}},{\"@type\":\"Person\",\"@id\":\"https:\/\/progettotouring.it\/radiotouring104\/#\/schema\/person\/78613917f1851f041f7483f5af1d422e\",\"name\":\"Sebastiano Plutino\",\"image\":{\"@type\":\"ImageObject\",\"inLanguage\":\"it-IT\",\"@id\":\"https:\/\/secure.gravatar.com\/avatar\/0546ffaa9b79224faf9f2a156b67a529ae861d3287c66c1d8ccfdf909bcba78d?s=96&d=mm&r=g\",\"url\":\"https:\/\/secure.gravatar.com\/avatar\/0546ffaa9b79224faf9f2a156b67a529ae861d3287c66c1d8ccfdf909bcba78d?s=96&d=mm&r=g\",\"contentUrl\":\"https:\/\/secure.gravatar.com\/avatar\/0546ffaa9b79224faf9f2a156b67a529ae861d3287c66c1d8ccfdf909bcba78d?s=96&d=mm&r=g\",\"caption\":\"Sebastiano Plutino\"},\"url\":\"https:\/\/progettotouring.it\/radiotouring104\/author\/sebastiano\/\"}]}<\/script>\n<!-- \/ Yoast SEO plugin. -->","yoast_head_json":{"title":"Ponte Stretto: Pm di Roma apre un fascicolo, dopo esposto Sinistra","description":"La Procura di Roma ha aperto un fascicolo, dopo esposto di PD- Verdi- SI, su costruzione del Ponte sullo Stretto di Messina","robots":{"index":"index","follow":"follow","max-snippet":"max-snippet:-1","max-image-preview":"max-image-preview:large","max-video-preview":"max-video-preview:-1"},"canonical":"https:\/\/progettotouring.it\/radiotouring104\/2024\/02\/21\/ponte-stretto-pm-di-roma-apre-un-fascicolo-dopo-esposto-sinistra-lega-attacca-indagine\/","og_locale":"it_IT","og_type":"article","og_title":"Ponte Stretto: Pm di Roma apre un fascicolo, dopo esposto Sinistra","og_description":"La Procura di Roma ha aperto un fascicolo, dopo esposto di PD- Verdi- SI, su costruzione del Ponte sullo Stretto di Messina","og_url":"https:\/\/progettotouring.it\/radiotouring104\/2024\/02\/21\/ponte-stretto-pm-di-roma-apre-un-fascicolo-dopo-esposto-sinistra-lega-attacca-indagine\/","og_site_name":"Radio Touring 104","article_published_time":"2024-02-21T12:11:49+00:00","og_image":[{"width":667,"height":432,"url":"https:\/\/progettotouring.it\/radiotouring104\/wp-content\/uploads\/sites\/6\/2024\/01\/Ponte-sullo-Stretto-1.jpg","type":"image\/jpeg"}],"author":"Sebastiano Plutino","twitter_card":"summary_large_image","twitter_misc":{"Scritto da":"Sebastiano Plutino","Tempo di lettura stimato":"2 minuti"},"schema":{"@context":"https:\/\/schema.org","@graph":[{"@type":"Article","@id":"https:\/\/progettotouring.it\/radiotouring104\/2024\/02\/21\/ponte-stretto-pm-di-roma-apre-un-fascicolo-dopo-esposto-sinistra-lega-attacca-indagine\/#article","isPartOf":{"@id":"https:\/\/progettotouring.it\/radiotouring104\/2024\/02\/21\/ponte-stretto-pm-di-roma-apre-un-fascicolo-dopo-esposto-sinistra-lega-attacca-indagine\/"},"author":{"name":"Sebastiano Plutino","@id":"https:\/\/progettotouring.it\/radiotouring104\/#\/schema\/person\/78613917f1851f041f7483f5af1d422e"},"headline":"Ponte Stretto: Pm di Roma apre un fascicolo, dopo esposto Sinistra. Lega attacca indagine","datePublished":"2024-02-21T12:11:49+00:00","mainEntityOfPage":{"@id":"https:\/\/progettotouring.it\/radiotouring104\/2024\/02\/21\/ponte-stretto-pm-di-roma-apre-un-fascicolo-dopo-esposto-sinistra-lega-attacca-indagine\/"},"wordCount":433,"publisher":{"@id":"https:\/\/progettotouring.it\/radiotouring104\/#organization"},"image":{"@id":"https:\/\/progettotouring.it\/radiotouring104\/2024\/02\/21\/ponte-stretto-pm-di-roma-apre-un-fascicolo-dopo-esposto-sinistra-lega-attacca-indagine\/#primaryimage"},"thumbnailUrl":"https:\/\/progettotouring.it\/radiotouring104\/wp-content\/uploads\/sites\/6\/2024\/01\/Ponte-sullo-Stretto-1.jpg","keywords":["Bonelli Angelo","Elly Schlein segretaria Pd","esposto PD SI VERDI contro Ponte","Fratoianni","Lega attacca indagine Ponte","pm di Roma","ponte stretto","procura roma apre fascicolo"],"articleSection":["Home","In primo piano","News","Reggio Calabria"],"inLanguage":"it-IT"},{"@type":"WebPage","@id":"https:\/\/progettotouring.it\/radiotouring104\/2024\/02\/21\/ponte-stretto-pm-di-roma-apre-un-fascicolo-dopo-esposto-sinistra-lega-attacca-indagine\/","url":"https:\/\/progettotouring.it\/radiotouring104\/2024\/02\/21\/ponte-stretto-pm-di-roma-apre-un-fascicolo-dopo-esposto-sinistra-lega-attacca-indagine\/","name":"Ponte Stretto: Pm di Roma apre un fascicolo, dopo esposto Sinistra","isPartOf":{"@id":"https:\/\/progettotouring.it\/radiotouring104\/#website"},"primaryImageOfPage":{"@id":"https:\/\/progettotouring.it\/radiotouring104\/2024\/02\/21\/ponte-stretto-pm-di-roma-apre-un-fascicolo-dopo-esposto-sinistra-lega-attacca-indagine\/#primaryimage"},"image":{"@id":"https:\/\/progettotouring.it\/radiotouring104\/2024\/02\/21\/ponte-stretto-pm-di-roma-apre-un-fascicolo-dopo-esposto-sinistra-lega-attacca-indagine\/#primaryimage"},"thumbnailUrl":"https:\/\/progettotouring.it\/radiotouring104\/wp-content\/uploads\/sites\/6\/2024\/01\/Ponte-sullo-Stretto-1.jpg","datePublished":"2024-02-21T12:11:49+00:00","description":"La Procura di Roma ha aperto un fascicolo, dopo esposto di PD- Verdi- SI, su costruzione del Ponte sullo Stretto di Messina","breadcrumb":{"@id":"https:\/\/progettotouring.it\/radiotouring104\/2024\/02\/21\/ponte-stretto-pm-di-roma-apre-un-fascicolo-dopo-esposto-sinistra-lega-attacca-indagine\/#breadcrumb"},"inLanguage":"it-IT","potentialAction":[{"@type":"ReadAction","target":["https:\/\/progettotouring.it\/radiotouring104\/2024\/02\/21\/ponte-stretto-pm-di-roma-apre-un-fascicolo-dopo-esposto-sinistra-lega-attacca-indagine\/"]}]},{"@type":"ImageObject","inLanguage":"it-IT","@id":"https:\/\/progettotouring.it\/radiotouring104\/2024\/02\/21\/ponte-stretto-pm-di-roma-apre-un-fascicolo-dopo-esposto-sinistra-lega-attacca-indagine\/#primaryimage","url":"https:\/\/progettotouring.it\/radiotouring104\/wp-content\/uploads\/sites\/6\/2024\/01\/Ponte-sullo-Stretto-1.jpg","contentUrl":"https:\/\/progettotouring.it\/radiotouring104\/wp-content\/uploads\/sites\/6\/2024\/01\/Ponte-sullo-Stretto-1.jpg","width":667,"height":432},{"@type":"BreadcrumbList","@id":"https:\/\/progettotouring.it\/radiotouring104\/2024\/02\/21\/ponte-stretto-pm-di-roma-apre-un-fascicolo-dopo-esposto-sinistra-lega-attacca-indagine\/#breadcrumb","itemListElement":[{"@type":"ListItem","position":1,"name":"Home","item":"https:\/\/progettotouring.it\/radiotouring104\/"},{"@type":"ListItem","position":2,"name":"Ponte Stretto: Pm di Roma apre un fascicolo, dopo esposto Sinistra. Lega attacca indagine"}]},{"@type":"WebSite","@id":"https:\/\/progettotouring.it\/radiotouring104\/#website","url":"https:\/\/progettotouring.it\/radiotouring104\/","name":"Radio Touring 104","description":"La prima radio Reggina","publisher":{"@id":"https:\/\/progettotouring.it\/radiotouring104\/#organization"},"potentialAction":[{"@type":"SearchAction","target":{"@type":"EntryPoint","urlTemplate":"https:\/\/progettotouring.it\/radiotouring104\/?s={search_term_string}"},"query-input":{"@type":"PropertyValueSpecification","valueRequired":true,"valueName":"search_term_string"}}],"inLanguage":"it-IT"},{"@type":"Organization","@id":"https:\/\/progettotouring.it\/radiotouring104\/#organization","name":"Radio Touring 104","url":"https:\/\/progettotouring.it\/radiotouring104\/","logo":{"@type":"ImageObject","inLanguage":"it-IT","@id":"https:\/\/progettotouring.it\/radiotouring104\/#\/schema\/logo\/image\/","url":"https:\/\/progettotouring.it\/radiotouring104\/wp-content\/uploads\/sites\/6\/2022\/02\/cropped-logo-radio-touring-104.png","contentUrl":"https:\/\/progettotouring.it\/radiotouring104\/wp-content\/uploads\/sites\/6\/2022\/02\/cropped-logo-radio-touring-104.png","width":377,"height":182,"caption":"Radio Touring 104"},"image":{"@id":"https:\/\/progettotouring.it\/radiotouring104\/#\/schema\/logo\/image\/"}},{"@type":"Person","@id":"https:\/\/progettotouring.it\/radiotouring104\/#\/schema\/person\/78613917f1851f041f7483f5af1d422e","name":"Sebastiano Plutino","image":{"@type":"ImageObject","inLanguage":"it-IT","@id":"https:\/\/secure.gravatar.com\/avatar\/0546ffaa9b79224faf9f2a156b67a529ae861d3287c66c1d8ccfdf909bcba78d?s=96&d=mm&r=g","url":"https:\/\/secure.gravatar.com\/avatar\/0546ffaa9b79224faf9f2a156b67a529ae861d3287c66c1d8ccfdf909bcba78d?s=96&d=mm&r=g","contentUrl":"https:\/\/secure.gravatar.com\/avatar\/0546ffaa9b79224faf9f2a156b67a529ae861d3287c66c1d8ccfdf909bcba78d?s=96&d=mm&r=g","caption":"Sebastiano Plutino"},"url":"https:\/\/progettotouring.it\/radiotouring104\/author\/sebastiano\/"}]}},"jetpack_publicize_connections":[],"jetpack_featured_media_url":"https:\/\/progettotouring.it\/radiotouring104\/wp-content\/uploads\/sites\/6\/2024\/01\/Ponte-sullo-Stretto-1.jpg","jetpack_sharing_enabled":true,"_links":{"self":[{"href":"https:\/\/progettotouring.it\/radiotouring104\/wp-json\/wp\/v2\/posts\/45154","targetHints":{"allow":["GET"]}}],"collection":[{"href":"https:\/\/progettotouring.it\/radiotouring104\/wp-json\/wp\/v2\/posts"}],"about":[{"href":"https:\/\/progettotouring.it\/radiotouring104\/wp-json\/wp\/v2\/types\/post"}],"author":[{"embeddable":true,"href":"https:\/\/progettotouring.it\/radiotouring104\/wp-json\/wp\/v2\/users\/12"}],"replies":[{"embeddable":true,"href":"https:\/\/progettotouring.it\/radiotouring104\/wp-json\/wp\/v2\/comments?post=45154"}],"version-history":[{"count":1,"href":"https:\/\/progettotouring.it\/radiotouring104\/wp-json\/wp\/v2\/posts\/45154\/revisions"}],"predecessor-version":[{"id":45156,"href":"https:\/\/progettotouring.it\/radiotouring104\/wp-json\/wp\/v2\/posts\/45154\/revisions\/45156"}],"wp:featuredmedia":[{"embeddable":true,"href":"https:\/\/progettotouring.it\/radiotouring104\/wp-json\/wp\/v2\/media\/43160"}],"wp:attachment":[{"href":"https:\/\/progettotouring.it\/radiotouring104\/wp-json\/wp\/v2\/media?parent=45154"}],"wp:term":[{"taxonomy":"category","embeddable":true,"href":"https:\/\/progettotouring.it\/radiotouring104\/wp-json\/wp\/v2\/categories?post=45154"},{"taxonomy":"post_tag","embeddable":true,"href":"https:\/\/progettotouring.it\/radiotouring104\/wp-json\/wp\/v2\/tags?post=45154"}],"curies":[{"name":"wp","href":"https:\/\/api.w.org\/{rel}","templated":true}]}}