{"id":45166,"date":"2024-02-22T09:38:21","date_gmt":"2024-02-22T08:38:21","guid":{"rendered":"https:\/\/progettotouring.it\/radiotouring104\/?p=45166"},"modified":"2024-02-22T09:38:21","modified_gmt":"2024-02-22T08:38:21","slug":"reggio-il-movimento-la-strada-chiede-atti-della-commissione-speciale-dindagine-del-2009","status":"publish","type":"post","link":"https:\/\/progettotouring.it\/radiotouring104\/2024\/02\/22\/reggio-il-movimento-la-strada-chiede-atti-della-commissione-speciale-dindagine-del-2009\/","title":{"rendered":"Reggio: il Movimento &#8220;La Strada&#8221; chiede atti della Commissione speciale d&#8217;indagine del 2009"},"content":{"rendered":"<p style=\"text-align: justify\"><strong>La questione dei lavori pubblici in citt\u00e0<\/strong>. Criticit\u00e0, proposte di contenuto e proposte operative <strong>\u00c8 sempre pi\u00f9 evidente come la situazione dei lavori pubblici<\/strong> e delle manutenzioni in citt\u00e0<strong> meriti controllo e vigilanza pi\u00f9 efficient<\/strong>i.<\/p>\n<p style=\"text-align: justify\"><strong>La vicenda delle piste<\/strong><em><strong> \u201c<\/strong>inciclabili\u201d<\/em> \u2013 come lo stesso Sindaco ha ravvisato-<strong> \u00e8 solo il punto d\u2019arrivo di un approccio che,<\/strong> negli anni, ha consegnato la citt\u00e0 a <strong>esecuzioni di lavori spesso inaccettabili per qualit\u00e0.<\/strong> Per non parlare delle innumerevoli eterne incompiute di cui il <strong>ponte sul Calopinace<\/strong> \u00e8 solo il vessillo pi\u00f9 sventolato. Se, certamente, vi sono responsabilit\u00e0 degli uffici \u00e8 altrettanto vero che<em> \u201csappiamo bene che la burocrazia non \u00e8 asettica, non \u00e8, un corpo a s\u00e9, un corpo separato e ininfluenzabile, ma \u00e8, quasi sempre, lo specchio in cui si riflettono le decisioni e le scelte della politica. <strong>Spetta all\u2019Amministrazion<\/strong>e, nelle sue variegate espressioni, scegliere i dirigenti, dare gli indirizzi, controllare, ad un livello superiore, se l\u2019azione e la gestione corrispondono al buon andamento ed imparzialit\u00e0 amministrativa\u201d.<\/em> <strong>Non sono parole nostre, ma appartengono alla relazione della Commissione Speciale di indagine sulle unit\u00e0 operative Lavori Pubblici,<\/strong> Urbanistica, Manutenzione del Comune di Reggio Calabria <strong>nel 2009<\/strong>. Le abbiamo riprese perch\u00e9 abbiamo il dovere di studiare e di non partire sempre da zero. Anche di questo la Politica \u00e8 responsabile e recuperare lo \u201cstorico\u201d dell\u2019Amministrazione pu\u00f2 aiutare a trovare soluzioni alle criticit\u00e0, soprattutto se croniche.<\/p>\n<p style=\"text-align: justify\"><strong>La Commissione fu presieduta dall\u2019allora consigliere<\/strong> e gi\u00e0 assessore all\u2019ambiente della primavera di Reggio <strong>Nuccio Barill\u00e0<\/strong> <strong>ed \u00e8 un lavoro fondamentale <\/strong><em>(veramente di alta politica al servizio del territorio)<\/em> per conoscere anche lo stato della citt\u00e0 attuale. Nella seduta di consiglio comunale del 18 giugno 2009, all\u2019OdG del Consiglio Comunale, venne votata all\u2019unanimit\u00e0 per i Lavori Pubblici<em> \u201cl\u2019istituzione di un superiore controllo oltre a quello svolto dal Responsabile Unico del Procedimento e dalla Direzione Lavori. Il soggetto controllore operer\u00e0 in autonomia e svincolato da implicazioni dirette sull\u2019attivit\u00e0 di progettazione, appalto ed esecuzione dei lavori\u201d. Si consigli\u00f2, inoltre, \u201cdi procedere alla formazione di una Commissione per il settore Lavori Pubblici, la quale verifichi se la realizzazione delle opere pubbliche sia avvenuta a regola d\u2019arte\u201d.<\/em><\/p>\n<p style=\"text-align: justify\"><strong>Che fine hanno fatto questi propositi, votati all\u2019unanimit\u00e0 -peraltro- da diversi consiglieri di allora che ancora sono in consiglio comunale?<\/strong> \u00c8 possibile che si debba sempre partire da zero, che i lavori ordinari delle commissioni ignorino documenti fondamentali per la gestione della citt\u00e0? Registriamo e possiamo apprezzare l\u2019accenno di autocritica dell\u2019Amministrazione sulla qualit\u00e0 dei Lavori Pubblici, <strong>ma non possiamo accettare che le responsabilit\u00e0 &#8211; delle poste ciclabili come di altri &#8220;cantieri&#8221;- siano rinviate unicamente sulla burocrazia e sui tecnici<\/strong>, come se l&#8217;indirizzo e il controllo non fossero di competenza degli amministratori, sindaco e giunta in primo luogo. Occorre che i rilievi e i segnali che vengono dai consiglieri, dalla stampa e dalla cittadinanza siano colti in positivo per un reale e urgente cambio di passo. Proponiamo di verificare,<strong> innanzitutto, la necessit\u00e0 di operare come deliberato ben 15 anni fa<\/strong>. Ci sembra esistano in quella relazione della Commissione dei correttivi che, in meglio, possano qualificare subito l\u2019azione amministrativa. Naturalmente alcune modifiche dei regolamenti, nel frattempo, potranno determinare modelli operativi diversi e l\u2019intervento pi\u00f9 \u201cpresente\u201d della tecnologia informatica potr\u00e0 addirittura facilitare degli interventi. Ma abbiamo il dovere di fornire e proporre quello che pu\u00f2 essere il punto focale della politica che agisce con un senso complessivo.<\/p>\n<p style=\"text-align: justify\"><strong>Per questo, tramite il consigliere Saverio Pazzano<\/strong>, il gruppo La<strong> Strada proporr\u00e0 al Sindaco e al Presidente del Consiglio l\u2019invio alla Giunta<\/strong>, a tutti i consiglieri e ai presidenti di Commissione, nonch\u00e9 ai Dirigenti dei Settori interessati, <strong>l\u2019invio dei lavori della Commissione di Indagine 2009<\/strong> e degli atti conseguenti e successivi. Da qui discender\u00e0 la richiesta del consigliere Pazzano di ulteriori passaggi nelle commissioni e nella proposta di un tavolo operativo per rendere efficaci gli esiti di quei lavori che hanno descritto la citt\u00e0 di allora e descrivono, per larghi tratti, soprattutto sulla qualit\u00e0 dei lavori e sulle manutenzioni, la citt\u00e0 attuale.<\/p>\n<p style=\"text-align: justify\"><strong>Crediamo questo sia,<\/strong> pur dall\u2019opposizione,<strong> un approccio corretto -in vigilanza e proposta<\/strong>&#8211; <strong>da offrire per il bene di Reggio.<\/strong> Meritiamo una citt\u00e0 vivibile e lavori eseguiti e partecipati con vera qualit\u00e0. Occorre uno scatto vero, che allo stupore e all\u2019indignazione la Politica faccia seguire non solo fatti isolati, ma strategie complessive in grado di costruire Programmazione e Visione, che fin qui mancano.<\/p>\n","protected":false},"excerpt":{"rendered":"<p>La questione dei lavori pubblici in citt\u00e0. Criticit\u00e0, proposte di contenuto e proposte operative \u00c8 sempre pi\u00f9 evidente come la situazione dei lavori pubblici e delle manutenzioni in citt\u00e0 meriti&hellip;<\/p>\n","protected":false},"author":12,"featured_media":45146,"comment_status":"closed","ping_status":"open","sticky":false,"template":"","format":"standard","meta":{"_jetpack_memberships_contains_paid_content":false,"footnotes":"","jetpack_publicize_message":"","jetpack_publicize_feature_enabled":true,"jetpack_social_post_already_shared":false,"jetpack_social_options":{"image_generator_settings":{"template":"highway","default_image_id":0,"font":"","enabled":false},"version":2}},"categories":[921,196,140],"tags":[11112,27911,27912,5647,13461,1037],"class_list":["post-45166","post","type-post","status-publish","format-standard","has-post-thumbnail","hentry","category-home","category-news","category-reggio-calabria","tag-amministrazione-comunale-di-reggio-calabria","tag-commissione-lavori-pubblici-2009","tag-commissione-speciale-dindagine-del-2009","tag-movimento-la-strada","tag-nuccio-barilla","tag-saverio-pazzano"],"yoast_head":"<!-- This site is optimized with the Yoast SEO plugin v27.2 - https:\/\/yoast.com\/product\/yoast-seo-wordpress\/ -->\n<title>Reggio:&quot;La Strada&quot; chiede atti Commissione d&#039;indagine del 2009<\/title>\n<meta name=\"description\" content=\"La strada vuole recuperare i risultati del lavoro dell&#039;organismo, creato per decisione unanime del Consiglio\" \/>\n<meta name=\"robots\" content=\"index, follow, max-snippet:-1, max-image-preview:large, max-video-preview:-1\" \/>\n<link rel=\"canonical\" href=\"https:\/\/progettotouring.it\/radiotouring104\/2024\/02\/22\/reggio-il-movimento-la-strada-chiede-atti-della-commissione-speciale-dindagine-del-2009\/\" \/>\n<meta property=\"og:locale\" content=\"it_IT\" \/>\n<meta property=\"og:type\" content=\"article\" \/>\n<meta property=\"og:title\" content=\"Reggio:&quot;La Strada&quot; chiede atti Commissione d&#039;indagine del 2009\" \/>\n<meta property=\"og:description\" content=\"La strada vuole recuperare i risultati del lavoro dell&#039;organismo, creato per decisione unanime del Consiglio\" \/>\n<meta property=\"og:url\" content=\"https:\/\/progettotouring.it\/radiotouring104\/2024\/02\/22\/reggio-il-movimento-la-strada-chiede-atti-della-commissione-speciale-dindagine-del-2009\/\" \/>\n<meta property=\"og:site_name\" content=\"Radio Touring 104\" \/>\n<meta property=\"article:published_time\" content=\"2024-02-22T08:38:21+00:00\" \/>\n<meta property=\"og:image\" content=\"https:\/\/progettotouring.it\/radiotouring104\/wp-content\/uploads\/sites\/6\/2024\/02\/Pista-Ciclabile-Reggio-Calabria-1.jpg\" \/>\n\t<meta property=\"og:image:width\" content=\"1536\" \/>\n\t<meta property=\"og:image:height\" content=\"2048\" \/>\n\t<meta property=\"og:image:type\" content=\"image\/jpeg\" \/>\n<meta name=\"author\" content=\"Sebastiano Plutino\" \/>\n<meta name=\"twitter:card\" content=\"summary_large_image\" \/>\n<meta name=\"twitter:label1\" content=\"Scritto da\" \/>\n\t<meta name=\"twitter:data1\" content=\"Sebastiano Plutino\" \/>\n\t<meta name=\"twitter:label2\" content=\"Tempo di lettura stimato\" \/>\n\t<meta name=\"twitter:data2\" content=\"4 minuti\" \/>\n<script type=\"application\/ld+json\" class=\"yoast-schema-graph\">{\"@context\":\"https:\/\/schema.org\",\"@graph\":[{\"@type\":\"Article\",\"@id\":\"https:\/\/progettotouring.it\/radiotouring104\/2024\/02\/22\/reggio-il-movimento-la-strada-chiede-atti-della-commissione-speciale-dindagine-del-2009\/#article\",\"isPartOf\":{\"@id\":\"https:\/\/progettotouring.it\/radiotouring104\/2024\/02\/22\/reggio-il-movimento-la-strada-chiede-atti-della-commissione-speciale-dindagine-del-2009\/\"},\"author\":{\"name\":\"Sebastiano Plutino\",\"@id\":\"https:\/\/progettotouring.it\/radiotouring104\/#\/schema\/person\/78613917f1851f041f7483f5af1d422e\"},\"headline\":\"Reggio: il Movimento &#8220;La Strada&#8221; chiede atti della Commissione speciale d&#8217;indagine del 2009\",\"datePublished\":\"2024-02-22T08:38:21+00:00\",\"mainEntityOfPage\":{\"@id\":\"https:\/\/progettotouring.it\/radiotouring104\/2024\/02\/22\/reggio-il-movimento-la-strada-chiede-atti-della-commissione-speciale-dindagine-del-2009\/\"},\"wordCount\":738,\"publisher\":{\"@id\":\"https:\/\/progettotouring.it\/radiotouring104\/#organization\"},\"image\":{\"@id\":\"https:\/\/progettotouring.it\/radiotouring104\/2024\/02\/22\/reggio-il-movimento-la-strada-chiede-atti-della-commissione-speciale-dindagine-del-2009\/#primaryimage\"},\"thumbnailUrl\":\"https:\/\/progettotouring.it\/radiotouring104\/wp-content\/uploads\/sites\/6\/2024\/02\/Pista-Ciclabile-Reggio-Calabria-1.jpg\",\"keywords\":[\"Amministrazione comunale di Reggio Calabria\",\"Commissione Lavori Pubblici 2009\",\"Commissione speciale d'indagine del 2009\",\"Movimento \\\"La Strada\\\"\",\"Nuccio Barill\u00e0\",\"saverio pazzano\"],\"articleSection\":[\"Home\",\"News\",\"Reggio Calabria\"],\"inLanguage\":\"it-IT\"},{\"@type\":\"WebPage\",\"@id\":\"https:\/\/progettotouring.it\/radiotouring104\/2024\/02\/22\/reggio-il-movimento-la-strada-chiede-atti-della-commissione-speciale-dindagine-del-2009\/\",\"url\":\"https:\/\/progettotouring.it\/radiotouring104\/2024\/02\/22\/reggio-il-movimento-la-strada-chiede-atti-della-commissione-speciale-dindagine-del-2009\/\",\"name\":\"Reggio:\\\"La Strada\\\" chiede atti Commissione d'indagine del 2009\",\"isPartOf\":{\"@id\":\"https:\/\/progettotouring.it\/radiotouring104\/#website\"},\"primaryImageOfPage\":{\"@id\":\"https:\/\/progettotouring.it\/radiotouring104\/2024\/02\/22\/reggio-il-movimento-la-strada-chiede-atti-della-commissione-speciale-dindagine-del-2009\/#primaryimage\"},\"image\":{\"@id\":\"https:\/\/progettotouring.it\/radiotouring104\/2024\/02\/22\/reggio-il-movimento-la-strada-chiede-atti-della-commissione-speciale-dindagine-del-2009\/#primaryimage\"},\"thumbnailUrl\":\"https:\/\/progettotouring.it\/radiotouring104\/wp-content\/uploads\/sites\/6\/2024\/02\/Pista-Ciclabile-Reggio-Calabria-1.jpg\",\"datePublished\":\"2024-02-22T08:38:21+00:00\",\"description\":\"La strada vuole recuperare i risultati del lavoro dell'organismo, creato per decisione unanime del Consiglio\",\"breadcrumb\":{\"@id\":\"https:\/\/progettotouring.it\/radiotouring104\/2024\/02\/22\/reggio-il-movimento-la-strada-chiede-atti-della-commissione-speciale-dindagine-del-2009\/#breadcrumb\"},\"inLanguage\":\"it-IT\",\"potentialAction\":[{\"@type\":\"ReadAction\",\"target\":[\"https:\/\/progettotouring.it\/radiotouring104\/2024\/02\/22\/reggio-il-movimento-la-strada-chiede-atti-della-commissione-speciale-dindagine-del-2009\/\"]}]},{\"@type\":\"ImageObject\",\"inLanguage\":\"it-IT\",\"@id\":\"https:\/\/progettotouring.it\/radiotouring104\/2024\/02\/22\/reggio-il-movimento-la-strada-chiede-atti-della-commissione-speciale-dindagine-del-2009\/#primaryimage\",\"url\":\"https:\/\/progettotouring.it\/radiotouring104\/wp-content\/uploads\/sites\/6\/2024\/02\/Pista-Ciclabile-Reggio-Calabria-1.jpg\",\"contentUrl\":\"https:\/\/progettotouring.it\/radiotouring104\/wp-content\/uploads\/sites\/6\/2024\/02\/Pista-Ciclabile-Reggio-Calabria-1.jpg\",\"width\":1536,\"height\":2048},{\"@type\":\"BreadcrumbList\",\"@id\":\"https:\/\/progettotouring.it\/radiotouring104\/2024\/02\/22\/reggio-il-movimento-la-strada-chiede-atti-della-commissione-speciale-dindagine-del-2009\/#breadcrumb\",\"itemListElement\":[{\"@type\":\"ListItem\",\"position\":1,\"name\":\"Home\",\"item\":\"https:\/\/progettotouring.it\/radiotouring104\/\"},{\"@type\":\"ListItem\",\"position\":2,\"name\":\"Reggio: il Movimento &#8220;La Strada&#8221; chiede atti della Commissione speciale d&#8217;indagine del 2009\"}]},{\"@type\":\"WebSite\",\"@id\":\"https:\/\/progettotouring.it\/radiotouring104\/#website\",\"url\":\"https:\/\/progettotouring.it\/radiotouring104\/\",\"name\":\"Radio Touring 104\",\"description\":\"La prima radio Reggina\",\"publisher\":{\"@id\":\"https:\/\/progettotouring.it\/radiotouring104\/#organization\"},\"potentialAction\":[{\"@type\":\"SearchAction\",\"target\":{\"@type\":\"EntryPoint\",\"urlTemplate\":\"https:\/\/progettotouring.it\/radiotouring104\/?s={search_term_string}\"},\"query-input\":{\"@type\":\"PropertyValueSpecification\",\"valueRequired\":true,\"valueName\":\"search_term_string\"}}],\"inLanguage\":\"it-IT\"},{\"@type\":\"Organization\",\"@id\":\"https:\/\/progettotouring.it\/radiotouring104\/#organization\",\"name\":\"Radio Touring 104\",\"url\":\"https:\/\/progettotouring.it\/radiotouring104\/\",\"logo\":{\"@type\":\"ImageObject\",\"inLanguage\":\"it-IT\",\"@id\":\"https:\/\/progettotouring.it\/radiotouring104\/#\/schema\/logo\/image\/\",\"url\":\"https:\/\/progettotouring.it\/radiotouring104\/wp-content\/uploads\/sites\/6\/2022\/02\/cropped-logo-radio-touring-104.png\",\"contentUrl\":\"https:\/\/progettotouring.it\/radiotouring104\/wp-content\/uploads\/sites\/6\/2022\/02\/cropped-logo-radio-touring-104.png\",\"width\":377,\"height\":182,\"caption\":\"Radio Touring 104\"},\"image\":{\"@id\":\"https:\/\/progettotouring.it\/radiotouring104\/#\/schema\/logo\/image\/\"}},{\"@type\":\"Person\",\"@id\":\"https:\/\/progettotouring.it\/radiotouring104\/#\/schema\/person\/78613917f1851f041f7483f5af1d422e\",\"name\":\"Sebastiano Plutino\",\"image\":{\"@type\":\"ImageObject\",\"inLanguage\":\"it-IT\",\"@id\":\"https:\/\/secure.gravatar.com\/avatar\/0546ffaa9b79224faf9f2a156b67a529ae861d3287c66c1d8ccfdf909bcba78d?s=96&d=mm&r=g\",\"url\":\"https:\/\/secure.gravatar.com\/avatar\/0546ffaa9b79224faf9f2a156b67a529ae861d3287c66c1d8ccfdf909bcba78d?s=96&d=mm&r=g\",\"contentUrl\":\"https:\/\/secure.gravatar.com\/avatar\/0546ffaa9b79224faf9f2a156b67a529ae861d3287c66c1d8ccfdf909bcba78d?s=96&d=mm&r=g\",\"caption\":\"Sebastiano Plutino\"},\"url\":\"https:\/\/progettotouring.it\/radiotouring104\/author\/sebastiano\/\"}]}<\/script>\n<!-- \/ Yoast SEO plugin. -->","yoast_head_json":{"title":"Reggio:\"La Strada\" chiede atti Commissione d'indagine del 2009","description":"La strada vuole recuperare i risultati del lavoro dell'organismo, creato per decisione unanime del Consiglio","robots":{"index":"index","follow":"follow","max-snippet":"max-snippet:-1","max-image-preview":"max-image-preview:large","max-video-preview":"max-video-preview:-1"},"canonical":"https:\/\/progettotouring.it\/radiotouring104\/2024\/02\/22\/reggio-il-movimento-la-strada-chiede-atti-della-commissione-speciale-dindagine-del-2009\/","og_locale":"it_IT","og_type":"article","og_title":"Reggio:\"La Strada\" chiede atti Commissione d'indagine del 2009","og_description":"La strada vuole recuperare i risultati del lavoro dell'organismo, creato per decisione unanime del Consiglio","og_url":"https:\/\/progettotouring.it\/radiotouring104\/2024\/02\/22\/reggio-il-movimento-la-strada-chiede-atti-della-commissione-speciale-dindagine-del-2009\/","og_site_name":"Radio Touring 104","article_published_time":"2024-02-22T08:38:21+00:00","og_image":[{"width":1536,"height":2048,"url":"https:\/\/progettotouring.it\/radiotouring104\/wp-content\/uploads\/sites\/6\/2024\/02\/Pista-Ciclabile-Reggio-Calabria-1.jpg","type":"image\/jpeg"}],"author":"Sebastiano Plutino","twitter_card":"summary_large_image","twitter_misc":{"Scritto da":"Sebastiano Plutino","Tempo di lettura stimato":"4 minuti"},"schema":{"@context":"https:\/\/schema.org","@graph":[{"@type":"Article","@id":"https:\/\/progettotouring.it\/radiotouring104\/2024\/02\/22\/reggio-il-movimento-la-strada-chiede-atti-della-commissione-speciale-dindagine-del-2009\/#article","isPartOf":{"@id":"https:\/\/progettotouring.it\/radiotouring104\/2024\/02\/22\/reggio-il-movimento-la-strada-chiede-atti-della-commissione-speciale-dindagine-del-2009\/"},"author":{"name":"Sebastiano Plutino","@id":"https:\/\/progettotouring.it\/radiotouring104\/#\/schema\/person\/78613917f1851f041f7483f5af1d422e"},"headline":"Reggio: il Movimento &#8220;La Strada&#8221; chiede atti della Commissione speciale d&#8217;indagine del 2009","datePublished":"2024-02-22T08:38:21+00:00","mainEntityOfPage":{"@id":"https:\/\/progettotouring.it\/radiotouring104\/2024\/02\/22\/reggio-il-movimento-la-strada-chiede-atti-della-commissione-speciale-dindagine-del-2009\/"},"wordCount":738,"publisher":{"@id":"https:\/\/progettotouring.it\/radiotouring104\/#organization"},"image":{"@id":"https:\/\/progettotouring.it\/radiotouring104\/2024\/02\/22\/reggio-il-movimento-la-strada-chiede-atti-della-commissione-speciale-dindagine-del-2009\/#primaryimage"},"thumbnailUrl":"https:\/\/progettotouring.it\/radiotouring104\/wp-content\/uploads\/sites\/6\/2024\/02\/Pista-Ciclabile-Reggio-Calabria-1.jpg","keywords":["Amministrazione comunale di Reggio Calabria","Commissione Lavori Pubblici 2009","Commissione speciale d'indagine del 2009","Movimento \"La Strada\"","Nuccio Barill\u00e0","saverio pazzano"],"articleSection":["Home","News","Reggio Calabria"],"inLanguage":"it-IT"},{"@type":"WebPage","@id":"https:\/\/progettotouring.it\/radiotouring104\/2024\/02\/22\/reggio-il-movimento-la-strada-chiede-atti-della-commissione-speciale-dindagine-del-2009\/","url":"https:\/\/progettotouring.it\/radiotouring104\/2024\/02\/22\/reggio-il-movimento-la-strada-chiede-atti-della-commissione-speciale-dindagine-del-2009\/","name":"Reggio:\"La Strada\" chiede atti Commissione d'indagine del 2009","isPartOf":{"@id":"https:\/\/progettotouring.it\/radiotouring104\/#website"},"primaryImageOfPage":{"@id":"https:\/\/progettotouring.it\/radiotouring104\/2024\/02\/22\/reggio-il-movimento-la-strada-chiede-atti-della-commissione-speciale-dindagine-del-2009\/#primaryimage"},"image":{"@id":"https:\/\/progettotouring.it\/radiotouring104\/2024\/02\/22\/reggio-il-movimento-la-strada-chiede-atti-della-commissione-speciale-dindagine-del-2009\/#primaryimage"},"thumbnailUrl":"https:\/\/progettotouring.it\/radiotouring104\/wp-content\/uploads\/sites\/6\/2024\/02\/Pista-Ciclabile-Reggio-Calabria-1.jpg","datePublished":"2024-02-22T08:38:21+00:00","description":"La strada vuole recuperare i risultati del lavoro dell'organismo, creato per decisione unanime del Consiglio","breadcrumb":{"@id":"https:\/\/progettotouring.it\/radiotouring104\/2024\/02\/22\/reggio-il-movimento-la-strada-chiede-atti-della-commissione-speciale-dindagine-del-2009\/#breadcrumb"},"inLanguage":"it-IT","potentialAction":[{"@type":"ReadAction","target":["https:\/\/progettotouring.it\/radiotouring104\/2024\/02\/22\/reggio-il-movimento-la-strada-chiede-atti-della-commissione-speciale-dindagine-del-2009\/"]}]},{"@type":"ImageObject","inLanguage":"it-IT","@id":"https:\/\/progettotouring.it\/radiotouring104\/2024\/02\/22\/reggio-il-movimento-la-strada-chiede-atti-della-commissione-speciale-dindagine-del-2009\/#primaryimage","url":"https:\/\/progettotouring.it\/radiotouring104\/wp-content\/uploads\/sites\/6\/2024\/02\/Pista-Ciclabile-Reggio-Calabria-1.jpg","contentUrl":"https:\/\/progettotouring.it\/radiotouring104\/wp-content\/uploads\/sites\/6\/2024\/02\/Pista-Ciclabile-Reggio-Calabria-1.jpg","width":1536,"height":2048},{"@type":"BreadcrumbList","@id":"https:\/\/progettotouring.it\/radiotouring104\/2024\/02\/22\/reggio-il-movimento-la-strada-chiede-atti-della-commissione-speciale-dindagine-del-2009\/#breadcrumb","itemListElement":[{"@type":"ListItem","position":1,"name":"Home","item":"https:\/\/progettotouring.it\/radiotouring104\/"},{"@type":"ListItem","position":2,"name":"Reggio: il Movimento &#8220;La Strada&#8221; chiede atti della Commissione speciale d&#8217;indagine del 2009"}]},{"@type":"WebSite","@id":"https:\/\/progettotouring.it\/radiotouring104\/#website","url":"https:\/\/progettotouring.it\/radiotouring104\/","name":"Radio Touring 104","description":"La prima radio Reggina","publisher":{"@id":"https:\/\/progettotouring.it\/radiotouring104\/#organization"},"potentialAction":[{"@type":"SearchAction","target":{"@type":"EntryPoint","urlTemplate":"https:\/\/progettotouring.it\/radiotouring104\/?s={search_term_string}"},"query-input":{"@type":"PropertyValueSpecification","valueRequired":true,"valueName":"search_term_string"}}],"inLanguage":"it-IT"},{"@type":"Organization","@id":"https:\/\/progettotouring.it\/radiotouring104\/#organization","name":"Radio Touring 104","url":"https:\/\/progettotouring.it\/radiotouring104\/","logo":{"@type":"ImageObject","inLanguage":"it-IT","@id":"https:\/\/progettotouring.it\/radiotouring104\/#\/schema\/logo\/image\/","url":"https:\/\/progettotouring.it\/radiotouring104\/wp-content\/uploads\/sites\/6\/2022\/02\/cropped-logo-radio-touring-104.png","contentUrl":"https:\/\/progettotouring.it\/radiotouring104\/wp-content\/uploads\/sites\/6\/2022\/02\/cropped-logo-radio-touring-104.png","width":377,"height":182,"caption":"Radio Touring 104"},"image":{"@id":"https:\/\/progettotouring.it\/radiotouring104\/#\/schema\/logo\/image\/"}},{"@type":"Person","@id":"https:\/\/progettotouring.it\/radiotouring104\/#\/schema\/person\/78613917f1851f041f7483f5af1d422e","name":"Sebastiano Plutino","image":{"@type":"ImageObject","inLanguage":"it-IT","@id":"https:\/\/secure.gravatar.com\/avatar\/0546ffaa9b79224faf9f2a156b67a529ae861d3287c66c1d8ccfdf909bcba78d?s=96&d=mm&r=g","url":"https:\/\/secure.gravatar.com\/avatar\/0546ffaa9b79224faf9f2a156b67a529ae861d3287c66c1d8ccfdf909bcba78d?s=96&d=mm&r=g","contentUrl":"https:\/\/secure.gravatar.com\/avatar\/0546ffaa9b79224faf9f2a156b67a529ae861d3287c66c1d8ccfdf909bcba78d?s=96&d=mm&r=g","caption":"Sebastiano Plutino"},"url":"https:\/\/progettotouring.it\/radiotouring104\/author\/sebastiano\/"}]}},"jetpack_publicize_connections":[],"jetpack_featured_media_url":"https:\/\/progettotouring.it\/radiotouring104\/wp-content\/uploads\/sites\/6\/2024\/02\/Pista-Ciclabile-Reggio-Calabria-1.jpg","jetpack_sharing_enabled":true,"_links":{"self":[{"href":"https:\/\/progettotouring.it\/radiotouring104\/wp-json\/wp\/v2\/posts\/45166","targetHints":{"allow":["GET"]}}],"collection":[{"href":"https:\/\/progettotouring.it\/radiotouring104\/wp-json\/wp\/v2\/posts"}],"about":[{"href":"https:\/\/progettotouring.it\/radiotouring104\/wp-json\/wp\/v2\/types\/post"}],"author":[{"embeddable":true,"href":"https:\/\/progettotouring.it\/radiotouring104\/wp-json\/wp\/v2\/users\/12"}],"replies":[{"embeddable":true,"href":"https:\/\/progettotouring.it\/radiotouring104\/wp-json\/wp\/v2\/comments?post=45166"}],"version-history":[{"count":2,"href":"https:\/\/progettotouring.it\/radiotouring104\/wp-json\/wp\/v2\/posts\/45166\/revisions"}],"predecessor-version":[{"id":45168,"href":"https:\/\/progettotouring.it\/radiotouring104\/wp-json\/wp\/v2\/posts\/45166\/revisions\/45168"}],"wp:featuredmedia":[{"embeddable":true,"href":"https:\/\/progettotouring.it\/radiotouring104\/wp-json\/wp\/v2\/media\/45146"}],"wp:attachment":[{"href":"https:\/\/progettotouring.it\/radiotouring104\/wp-json\/wp\/v2\/media?parent=45166"}],"wp:term":[{"taxonomy":"category","embeddable":true,"href":"https:\/\/progettotouring.it\/radiotouring104\/wp-json\/wp\/v2\/categories?post=45166"},{"taxonomy":"post_tag","embeddable":true,"href":"https:\/\/progettotouring.it\/radiotouring104\/wp-json\/wp\/v2\/tags?post=45166"}],"curies":[{"name":"wp","href":"https:\/\/api.w.org\/{rel}","templated":true}]}}