{"id":45180,"date":"2024-02-22T10:44:43","date_gmt":"2024-02-22T09:44:43","guid":{"rendered":"https:\/\/progettotouring.it\/radiotouring104\/?p=45180"},"modified":"2024-02-22T10:44:43","modified_gmt":"2024-02-22T09:44:43","slug":"museo-archeoderi-rinnovato-laccordo-di-valorizzazione","status":"publish","type":"post","link":"https:\/\/progettotouring.it\/radiotouring104\/2024\/02\/22\/museo-archeoderi-rinnovato-laccordo-di-valorizzazione\/","title":{"rendered":"Museo Archeoderi: rinnovato l&#8217;accordo di valorizzazione"},"content":{"rendered":"<p style=\"text-align: justify\">E\u2019 stato<strong> rinnovato per un ulteriore anno l\u2019Accordo di valorizzazione per la gestione del Museo e del Parco Archeologico Archeoderi<\/strong> di Bova Marina afferente alla Direzione regionale Musei Calabria del Ministero della Cultura, <strong>diretta da Filippo Demma<\/strong>.<strong> L\u2019accordo,<\/strong> stipulato nel 2023 e ora rinnovato per tutto il 2024, <strong>prevede la realizzazione di un progetto congiunto di valorizzazione<\/strong> animato, oltre che dalla Direzione regionale Musei, dalla Citt\u00e0 metropolitana di Reggio Calabria e dal Comune di Bova Marina e si inserisce in una progettualit\u00e0 condivisa da pi\u00f9 di un triennio.<\/p>\n<p style=\"text-align: justify\">\u00ab<em>La collaborazione con la Citt\u00e0 metropolitana di Reggio Calabria e con il Comune di Bova Marina, che ringrazio nelle persone del Sindaco Falcomat\u00e0, della Dirigente Attanasio e del Sindaco Zavettieri, ha portato in questi anni a dei risultati tangibili in termini di conoscenza, valorizzazione e di presenze: nel 2023 il Parco ha registrato un aumento di visitatori di oltre il 137% rispetto all\u2019anno precedente e il rinnovo dell\u2019accordo ci permetter\u00e0 di proseguire in maniera strutturata per il raggiungimento delle finalit\u00e0 comuni di promozione dell\u2019area\u00bb<\/em><strong> ha commentato la Direttrice del Museo Elena Trunfio.<\/strong><\/p>\n<p style=\"text-align: justify\"><strong>Il Parco Archeologico Archeoderi,<\/strong> con il suo Museo, sorge attorno ai resti di una tra le pi\u00f9 antiche sinagoghe d\u2019Occidente, seconda solo a quella di Ostia Antica. L\u2019edificio religioso infatti, databile tra il IV e il VI secolo d.C.,<strong> costituisce l&#8217;unica testimonianza architettonica del periodo della presenza ebraica nella regione<\/strong> e la sua scoperta fortuita, durante i lavori per la realizzazione della Strada Statale Jonica 106, ha aperto nuovi scenari di ricerca.<\/p>\n<p style=\"text-align: justify\">\u00ab<em>Uno straordinario valore aggiunto per il nostro territorio<\/em> \u2013<strong> ha affermato il sindaco della Citt\u00e0 Metropolitana Giuseppe Falcomat\u00e0 \u2013<\/strong> <em>una scommessa gi\u00e0 vinta sul piano della valorizzazione dell&#8217;immenso patrimonio storico, culturale, archeologico che caratterizza l&#8217;intero comprensorio metropolitano ed in particolare l&#8217;area grecanica, l&#8217;antica Bovesia, vero e proprio scrigno di tesori, che vogliamo sempre pi\u00f9 promuovere anche in ambito turistico. Il Parco Archeoderi \u00e8 certamente una delle punte pi\u00f9 avanzate di questo sistema, un polo di interesse che deve entrare sempre pi\u00f9 nella rete museale che insiste sul nostro territorio metropolitano, e che lo rende appetibile non solo sul piano paesaggistico, ma anche per ci\u00f2 che riguarda gli aspetti culturali e storici, alla riscoperta delle antiche tradizioni, delle produzioni artigianali, dei tratti identitari che ruotano attorno all&#8217;offerta turistica e ricettiva. Un tema di sviluppo ulteriore deve essere quello del coinvolgimento delle scuole<\/em> \u2013 ha aggiunto il sindaco \u2013 <em>affinch\u00e8 siano gli studenti, i cittadini di domani, a rappresentare i primi promotori di questo straordinario patrimonio. La Citt\u00e0 Metropolitana continuer\u00e0 ad essere presente in questo percorso<\/em> <strong>\u2013 ha concluso il primo Cittadino<\/strong> &#8211; <em>insieme al Delegato Quartuccio, alla Dirigente Attanasio e all&#8217;intero Settore, continueremo a lavorare nell&#8217;ottica di una crescita del nostro sistema museale e delle aree archeologiche, coinvolgendo i territori, i Comuni, le direzioni territoriali, per un lavoro sinergico in grado di arricchire e valorizzare al meglio i tanti tesori che la nostra terra ci offre<\/em>\u00bb.<\/p>\n<p style=\"text-align: justify\">L\u2019accordo prevede la condivisione di un progetto culturale che vede impegnate le tre amministrazioni in attivit\u00e0 di valorizzazione e di supporto alla gestione del sito archeologico. \u00ab<em>Desidero ringraziare la direzione del Museo e la Citt\u00e0 Metropolitana che hanno creduto nel valore e nelle potenzialit\u00e0 del Parco Archeoderi di Bova Marina ed hanno offerto un&#8217;occasione preziosa per la sua valorizzazione<\/em> \u2013 <strong>ha commentato il Sindaco di Bova Marina Saverio Zavettieri<\/strong> \u2013 <em>Tale interesse ha permesso la finalizzazione degli interventi in essere quali la realizzazione del sentiero Antica Delia e la riqualificazione del centro museale della cultura ebraica ai fini di una sempre maggiore fruizione e conoscenza del territorio<\/em>\u00bb.<\/p>\n<p style=\"text-align: justify\"><strong>Si ricorda che il Museo e il Parco Archeologico<\/strong> Archeoderi di Bova Marina<strong> \u00e8 aperto dal marted\u00ec alla domenica, dalle ore 8.30 alle ore 14.00 con ingresso gratuito.<\/strong><\/p>\n","protected":false},"excerpt":{"rendered":"<p>E\u2019 stato rinnovato per un ulteriore anno l\u2019Accordo di valorizzazione per la gestione del Museo e del Parco Archeologico Archeoderi di Bova Marina afferente alla Direzione regionale Musei Calabria del&hellip;<\/p>\n","protected":false},"author":12,"featured_media":18867,"comment_status":"closed","ping_status":"open","sticky":false,"template":"","format":"standard","meta":{"_jetpack_memberships_contains_paid_content":false,"footnotes":"","jetpack_publicize_message":"","jetpack_publicize_feature_enabled":true,"jetpack_social_post_already_shared":false,"jetpack_social_options":{"image_generator_settings":{"template":"highway","default_image_id":0,"font":"","enabled":false},"version":2}},"categories":[921,196,140],"tags":[27925,9888,5629,812,27924,27926],"class_list":["post-45180","post","type-post","status-publish","format-standard","has-post-thumbnail","hentry","category-home","category-news","category-reggio-calabria","tag-direttrfice-elena-trunfio","tag-direzione-regionale-musei-calabria-del-ministero-della-cultura","tag-filippo-demma","tag-giuseppe-falcomata","tag-museo-e-del-parco-archeologico-archeoderi","tag-rinnovato-laccordo-di-valorizzazione-triennale"],"yoast_head":"<!-- This site is optimized with the Yoast SEO plugin v27.2 - https:\/\/yoast.com\/product\/yoast-seo-wordpress\/ -->\n<title>Museo Archeoderi: rinnovato l&#039;accordo di valorizzazione<\/title>\n<meta name=\"description\" content=\"Rinnovato per un ulteriore anno l\u2019accordo di valorizzazione per la gestione del Museo e del Parco Archeologico Archeoderi di Locri\" \/>\n<meta name=\"robots\" content=\"index, follow, max-snippet:-1, max-image-preview:large, max-video-preview:-1\" \/>\n<link rel=\"canonical\" href=\"https:\/\/progettotouring.it\/radiotouring104\/2024\/02\/22\/museo-archeoderi-rinnovato-laccordo-di-valorizzazione\/\" \/>\n<meta property=\"og:locale\" content=\"it_IT\" \/>\n<meta property=\"og:type\" content=\"article\" \/>\n<meta property=\"og:title\" content=\"Museo Archeoderi: rinnovato l&#039;accordo di valorizzazione\" \/>\n<meta property=\"og:description\" content=\"Rinnovato per un ulteriore anno l\u2019accordo di valorizzazione per la gestione del Museo e del Parco Archeologico Archeoderi di Locri\" \/>\n<meta property=\"og:url\" content=\"https:\/\/progettotouring.it\/radiotouring104\/2024\/02\/22\/museo-archeoderi-rinnovato-laccordo-di-valorizzazione\/\" \/>\n<meta property=\"og:site_name\" content=\"Radio Touring 104\" \/>\n<meta property=\"article:published_time\" content=\"2024-02-22T09:44:43+00:00\" \/>\n<meta property=\"og:image\" content=\"https:\/\/progettotouring.it\/radiotouring104\/wp-content\/uploads\/sites\/6\/2023\/02\/museo-archeoderi-bova-marina-scaled.jpg\" \/>\n\t<meta property=\"og:image:width\" content=\"2560\" \/>\n\t<meta property=\"og:image:height\" content=\"1707\" \/>\n\t<meta property=\"og:image:type\" content=\"image\/jpeg\" \/>\n<meta name=\"author\" content=\"Sebastiano Plutino\" \/>\n<meta name=\"twitter:card\" content=\"summary_large_image\" \/>\n<meta name=\"twitter:label1\" content=\"Scritto da\" \/>\n\t<meta name=\"twitter:data1\" content=\"Sebastiano Plutino\" \/>\n\t<meta name=\"twitter:label2\" content=\"Tempo di lettura stimato\" \/>\n\t<meta name=\"twitter:data2\" content=\"3 minuti\" \/>\n<script type=\"application\/ld+json\" class=\"yoast-schema-graph\">{\"@context\":\"https:\/\/schema.org\",\"@graph\":[{\"@type\":\"Article\",\"@id\":\"https:\/\/progettotouring.it\/radiotouring104\/2024\/02\/22\/museo-archeoderi-rinnovato-laccordo-di-valorizzazione\/#article\",\"isPartOf\":{\"@id\":\"https:\/\/progettotouring.it\/radiotouring104\/2024\/02\/22\/museo-archeoderi-rinnovato-laccordo-di-valorizzazione\/\"},\"author\":{\"name\":\"Sebastiano Plutino\",\"@id\":\"https:\/\/progettotouring.it\/radiotouring104\/#\/schema\/person\/78613917f1851f041f7483f5af1d422e\"},\"headline\":\"Museo Archeoderi: rinnovato l&#8217;accordo di valorizzazione\",\"datePublished\":\"2024-02-22T09:44:43+00:00\",\"mainEntityOfPage\":{\"@id\":\"https:\/\/progettotouring.it\/radiotouring104\/2024\/02\/22\/museo-archeoderi-rinnovato-laccordo-di-valorizzazione\/\"},\"wordCount\":621,\"publisher\":{\"@id\":\"https:\/\/progettotouring.it\/radiotouring104\/#organization\"},\"image\":{\"@id\":\"https:\/\/progettotouring.it\/radiotouring104\/2024\/02\/22\/museo-archeoderi-rinnovato-laccordo-di-valorizzazione\/#primaryimage\"},\"thumbnailUrl\":\"https:\/\/progettotouring.it\/radiotouring104\/wp-content\/uploads\/sites\/6\/2023\/02\/museo-archeoderi-bova-marina-scaled.jpg\",\"keywords\":[\"direttrfice Elena Trunfio\",\"Direzione regionale Musei Calabria del Ministero della Cultura\",\"Filippo Demma\",\"Giuseppe Falcomat\u00e0\",\"Museo e del Parco Archeologico Archeoderi\",\"rinnovato l'accordo di valorizzazione triennale\"],\"articleSection\":[\"Home\",\"News\",\"Reggio Calabria\"],\"inLanguage\":\"it-IT\"},{\"@type\":\"WebPage\",\"@id\":\"https:\/\/progettotouring.it\/radiotouring104\/2024\/02\/22\/museo-archeoderi-rinnovato-laccordo-di-valorizzazione\/\",\"url\":\"https:\/\/progettotouring.it\/radiotouring104\/2024\/02\/22\/museo-archeoderi-rinnovato-laccordo-di-valorizzazione\/\",\"name\":\"Museo Archeoderi: rinnovato l'accordo di valorizzazione\",\"isPartOf\":{\"@id\":\"https:\/\/progettotouring.it\/radiotouring104\/#website\"},\"primaryImageOfPage\":{\"@id\":\"https:\/\/progettotouring.it\/radiotouring104\/2024\/02\/22\/museo-archeoderi-rinnovato-laccordo-di-valorizzazione\/#primaryimage\"},\"image\":{\"@id\":\"https:\/\/progettotouring.it\/radiotouring104\/2024\/02\/22\/museo-archeoderi-rinnovato-laccordo-di-valorizzazione\/#primaryimage\"},\"thumbnailUrl\":\"https:\/\/progettotouring.it\/radiotouring104\/wp-content\/uploads\/sites\/6\/2023\/02\/museo-archeoderi-bova-marina-scaled.jpg\",\"datePublished\":\"2024-02-22T09:44:43+00:00\",\"description\":\"Rinnovato per un ulteriore anno l\u2019accordo di valorizzazione per la gestione del Museo e del Parco Archeologico Archeoderi di Locri\",\"breadcrumb\":{\"@id\":\"https:\/\/progettotouring.it\/radiotouring104\/2024\/02\/22\/museo-archeoderi-rinnovato-laccordo-di-valorizzazione\/#breadcrumb\"},\"inLanguage\":\"it-IT\",\"potentialAction\":[{\"@type\":\"ReadAction\",\"target\":[\"https:\/\/progettotouring.it\/radiotouring104\/2024\/02\/22\/museo-archeoderi-rinnovato-laccordo-di-valorizzazione\/\"]}]},{\"@type\":\"ImageObject\",\"inLanguage\":\"it-IT\",\"@id\":\"https:\/\/progettotouring.it\/radiotouring104\/2024\/02\/22\/museo-archeoderi-rinnovato-laccordo-di-valorizzazione\/#primaryimage\",\"url\":\"https:\/\/progettotouring.it\/radiotouring104\/wp-content\/uploads\/sites\/6\/2023\/02\/museo-archeoderi-bova-marina-scaled.jpg\",\"contentUrl\":\"https:\/\/progettotouring.it\/radiotouring104\/wp-content\/uploads\/sites\/6\/2023\/02\/museo-archeoderi-bova-marina-scaled.jpg\",\"width\":2560,\"height\":1707},{\"@type\":\"BreadcrumbList\",\"@id\":\"https:\/\/progettotouring.it\/radiotouring104\/2024\/02\/22\/museo-archeoderi-rinnovato-laccordo-di-valorizzazione\/#breadcrumb\",\"itemListElement\":[{\"@type\":\"ListItem\",\"position\":1,\"name\":\"Home\",\"item\":\"https:\/\/progettotouring.it\/radiotouring104\/\"},{\"@type\":\"ListItem\",\"position\":2,\"name\":\"Museo Archeoderi: rinnovato l&#8217;accordo di valorizzazione\"}]},{\"@type\":\"WebSite\",\"@id\":\"https:\/\/progettotouring.it\/radiotouring104\/#website\",\"url\":\"https:\/\/progettotouring.it\/radiotouring104\/\",\"name\":\"Radio Touring 104\",\"description\":\"La prima radio Reggina\",\"publisher\":{\"@id\":\"https:\/\/progettotouring.it\/radiotouring104\/#organization\"},\"potentialAction\":[{\"@type\":\"SearchAction\",\"target\":{\"@type\":\"EntryPoint\",\"urlTemplate\":\"https:\/\/progettotouring.it\/radiotouring104\/?s={search_term_string}\"},\"query-input\":{\"@type\":\"PropertyValueSpecification\",\"valueRequired\":true,\"valueName\":\"search_term_string\"}}],\"inLanguage\":\"it-IT\"},{\"@type\":\"Organization\",\"@id\":\"https:\/\/progettotouring.it\/radiotouring104\/#organization\",\"name\":\"Radio Touring 104\",\"url\":\"https:\/\/progettotouring.it\/radiotouring104\/\",\"logo\":{\"@type\":\"ImageObject\",\"inLanguage\":\"it-IT\",\"@id\":\"https:\/\/progettotouring.it\/radiotouring104\/#\/schema\/logo\/image\/\",\"url\":\"https:\/\/progettotouring.it\/radiotouring104\/wp-content\/uploads\/sites\/6\/2022\/02\/cropped-logo-radio-touring-104.png\",\"contentUrl\":\"https:\/\/progettotouring.it\/radiotouring104\/wp-content\/uploads\/sites\/6\/2022\/02\/cropped-logo-radio-touring-104.png\",\"width\":377,\"height\":182,\"caption\":\"Radio Touring 104\"},\"image\":{\"@id\":\"https:\/\/progettotouring.it\/radiotouring104\/#\/schema\/logo\/image\/\"}},{\"@type\":\"Person\",\"@id\":\"https:\/\/progettotouring.it\/radiotouring104\/#\/schema\/person\/78613917f1851f041f7483f5af1d422e\",\"name\":\"Sebastiano Plutino\",\"image\":{\"@type\":\"ImageObject\",\"inLanguage\":\"it-IT\",\"@id\":\"https:\/\/secure.gravatar.com\/avatar\/0546ffaa9b79224faf9f2a156b67a529ae861d3287c66c1d8ccfdf909bcba78d?s=96&d=mm&r=g\",\"url\":\"https:\/\/secure.gravatar.com\/avatar\/0546ffaa9b79224faf9f2a156b67a529ae861d3287c66c1d8ccfdf909bcba78d?s=96&d=mm&r=g\",\"contentUrl\":\"https:\/\/secure.gravatar.com\/avatar\/0546ffaa9b79224faf9f2a156b67a529ae861d3287c66c1d8ccfdf909bcba78d?s=96&d=mm&r=g\",\"caption\":\"Sebastiano Plutino\"},\"url\":\"https:\/\/progettotouring.it\/radiotouring104\/author\/sebastiano\/\"}]}<\/script>\n<!-- \/ Yoast SEO plugin. -->","yoast_head_json":{"title":"Museo Archeoderi: rinnovato l'accordo di valorizzazione","description":"Rinnovato per un ulteriore anno l\u2019accordo di valorizzazione per la gestione del Museo e del Parco Archeologico Archeoderi di Locri","robots":{"index":"index","follow":"follow","max-snippet":"max-snippet:-1","max-image-preview":"max-image-preview:large","max-video-preview":"max-video-preview:-1"},"canonical":"https:\/\/progettotouring.it\/radiotouring104\/2024\/02\/22\/museo-archeoderi-rinnovato-laccordo-di-valorizzazione\/","og_locale":"it_IT","og_type":"article","og_title":"Museo Archeoderi: rinnovato l'accordo di valorizzazione","og_description":"Rinnovato per un ulteriore anno l\u2019accordo di valorizzazione per la gestione del Museo e del Parco Archeologico Archeoderi di Locri","og_url":"https:\/\/progettotouring.it\/radiotouring104\/2024\/02\/22\/museo-archeoderi-rinnovato-laccordo-di-valorizzazione\/","og_site_name":"Radio Touring 104","article_published_time":"2024-02-22T09:44:43+00:00","og_image":[{"width":2560,"height":1707,"url":"https:\/\/progettotouring.it\/radiotouring104\/wp-content\/uploads\/sites\/6\/2023\/02\/museo-archeoderi-bova-marina-scaled.jpg","type":"image\/jpeg"}],"author":"Sebastiano Plutino","twitter_card":"summary_large_image","twitter_misc":{"Scritto da":"Sebastiano Plutino","Tempo di lettura stimato":"3 minuti"},"schema":{"@context":"https:\/\/schema.org","@graph":[{"@type":"Article","@id":"https:\/\/progettotouring.it\/radiotouring104\/2024\/02\/22\/museo-archeoderi-rinnovato-laccordo-di-valorizzazione\/#article","isPartOf":{"@id":"https:\/\/progettotouring.it\/radiotouring104\/2024\/02\/22\/museo-archeoderi-rinnovato-laccordo-di-valorizzazione\/"},"author":{"name":"Sebastiano Plutino","@id":"https:\/\/progettotouring.it\/radiotouring104\/#\/schema\/person\/78613917f1851f041f7483f5af1d422e"},"headline":"Museo Archeoderi: rinnovato l&#8217;accordo di valorizzazione","datePublished":"2024-02-22T09:44:43+00:00","mainEntityOfPage":{"@id":"https:\/\/progettotouring.it\/radiotouring104\/2024\/02\/22\/museo-archeoderi-rinnovato-laccordo-di-valorizzazione\/"},"wordCount":621,"publisher":{"@id":"https:\/\/progettotouring.it\/radiotouring104\/#organization"},"image":{"@id":"https:\/\/progettotouring.it\/radiotouring104\/2024\/02\/22\/museo-archeoderi-rinnovato-laccordo-di-valorizzazione\/#primaryimage"},"thumbnailUrl":"https:\/\/progettotouring.it\/radiotouring104\/wp-content\/uploads\/sites\/6\/2023\/02\/museo-archeoderi-bova-marina-scaled.jpg","keywords":["direttrfice Elena Trunfio","Direzione regionale Musei Calabria del Ministero della Cultura","Filippo Demma","Giuseppe Falcomat\u00e0","Museo e del Parco Archeologico Archeoderi","rinnovato l'accordo di valorizzazione triennale"],"articleSection":["Home","News","Reggio Calabria"],"inLanguage":"it-IT"},{"@type":"WebPage","@id":"https:\/\/progettotouring.it\/radiotouring104\/2024\/02\/22\/museo-archeoderi-rinnovato-laccordo-di-valorizzazione\/","url":"https:\/\/progettotouring.it\/radiotouring104\/2024\/02\/22\/museo-archeoderi-rinnovato-laccordo-di-valorizzazione\/","name":"Museo Archeoderi: rinnovato l'accordo di valorizzazione","isPartOf":{"@id":"https:\/\/progettotouring.it\/radiotouring104\/#website"},"primaryImageOfPage":{"@id":"https:\/\/progettotouring.it\/radiotouring104\/2024\/02\/22\/museo-archeoderi-rinnovato-laccordo-di-valorizzazione\/#primaryimage"},"image":{"@id":"https:\/\/progettotouring.it\/radiotouring104\/2024\/02\/22\/museo-archeoderi-rinnovato-laccordo-di-valorizzazione\/#primaryimage"},"thumbnailUrl":"https:\/\/progettotouring.it\/radiotouring104\/wp-content\/uploads\/sites\/6\/2023\/02\/museo-archeoderi-bova-marina-scaled.jpg","datePublished":"2024-02-22T09:44:43+00:00","description":"Rinnovato per un ulteriore anno l\u2019accordo di valorizzazione per la gestione del Museo e del Parco Archeologico Archeoderi di Locri","breadcrumb":{"@id":"https:\/\/progettotouring.it\/radiotouring104\/2024\/02\/22\/museo-archeoderi-rinnovato-laccordo-di-valorizzazione\/#breadcrumb"},"inLanguage":"it-IT","potentialAction":[{"@type":"ReadAction","target":["https:\/\/progettotouring.it\/radiotouring104\/2024\/02\/22\/museo-archeoderi-rinnovato-laccordo-di-valorizzazione\/"]}]},{"@type":"ImageObject","inLanguage":"it-IT","@id":"https:\/\/progettotouring.it\/radiotouring104\/2024\/02\/22\/museo-archeoderi-rinnovato-laccordo-di-valorizzazione\/#primaryimage","url":"https:\/\/progettotouring.it\/radiotouring104\/wp-content\/uploads\/sites\/6\/2023\/02\/museo-archeoderi-bova-marina-scaled.jpg","contentUrl":"https:\/\/progettotouring.it\/radiotouring104\/wp-content\/uploads\/sites\/6\/2023\/02\/museo-archeoderi-bova-marina-scaled.jpg","width":2560,"height":1707},{"@type":"BreadcrumbList","@id":"https:\/\/progettotouring.it\/radiotouring104\/2024\/02\/22\/museo-archeoderi-rinnovato-laccordo-di-valorizzazione\/#breadcrumb","itemListElement":[{"@type":"ListItem","position":1,"name":"Home","item":"https:\/\/progettotouring.it\/radiotouring104\/"},{"@type":"ListItem","position":2,"name":"Museo Archeoderi: rinnovato l&#8217;accordo di valorizzazione"}]},{"@type":"WebSite","@id":"https:\/\/progettotouring.it\/radiotouring104\/#website","url":"https:\/\/progettotouring.it\/radiotouring104\/","name":"Radio Touring 104","description":"La prima radio Reggina","publisher":{"@id":"https:\/\/progettotouring.it\/radiotouring104\/#organization"},"potentialAction":[{"@type":"SearchAction","target":{"@type":"EntryPoint","urlTemplate":"https:\/\/progettotouring.it\/radiotouring104\/?s={search_term_string}"},"query-input":{"@type":"PropertyValueSpecification","valueRequired":true,"valueName":"search_term_string"}}],"inLanguage":"it-IT"},{"@type":"Organization","@id":"https:\/\/progettotouring.it\/radiotouring104\/#organization","name":"Radio Touring 104","url":"https:\/\/progettotouring.it\/radiotouring104\/","logo":{"@type":"ImageObject","inLanguage":"it-IT","@id":"https:\/\/progettotouring.it\/radiotouring104\/#\/schema\/logo\/image\/","url":"https:\/\/progettotouring.it\/radiotouring104\/wp-content\/uploads\/sites\/6\/2022\/02\/cropped-logo-radio-touring-104.png","contentUrl":"https:\/\/progettotouring.it\/radiotouring104\/wp-content\/uploads\/sites\/6\/2022\/02\/cropped-logo-radio-touring-104.png","width":377,"height":182,"caption":"Radio Touring 104"},"image":{"@id":"https:\/\/progettotouring.it\/radiotouring104\/#\/schema\/logo\/image\/"}},{"@type":"Person","@id":"https:\/\/progettotouring.it\/radiotouring104\/#\/schema\/person\/78613917f1851f041f7483f5af1d422e","name":"Sebastiano Plutino","image":{"@type":"ImageObject","inLanguage":"it-IT","@id":"https:\/\/secure.gravatar.com\/avatar\/0546ffaa9b79224faf9f2a156b67a529ae861d3287c66c1d8ccfdf909bcba78d?s=96&d=mm&r=g","url":"https:\/\/secure.gravatar.com\/avatar\/0546ffaa9b79224faf9f2a156b67a529ae861d3287c66c1d8ccfdf909bcba78d?s=96&d=mm&r=g","contentUrl":"https:\/\/secure.gravatar.com\/avatar\/0546ffaa9b79224faf9f2a156b67a529ae861d3287c66c1d8ccfdf909bcba78d?s=96&d=mm&r=g","caption":"Sebastiano Plutino"},"url":"https:\/\/progettotouring.it\/radiotouring104\/author\/sebastiano\/"}]}},"jetpack_publicize_connections":[],"jetpack_featured_media_url":"https:\/\/progettotouring.it\/radiotouring104\/wp-content\/uploads\/sites\/6\/2023\/02\/museo-archeoderi-bova-marina-scaled.jpg","jetpack_sharing_enabled":true,"_links":{"self":[{"href":"https:\/\/progettotouring.it\/radiotouring104\/wp-json\/wp\/v2\/posts\/45180","targetHints":{"allow":["GET"]}}],"collection":[{"href":"https:\/\/progettotouring.it\/radiotouring104\/wp-json\/wp\/v2\/posts"}],"about":[{"href":"https:\/\/progettotouring.it\/radiotouring104\/wp-json\/wp\/v2\/types\/post"}],"author":[{"embeddable":true,"href":"https:\/\/progettotouring.it\/radiotouring104\/wp-json\/wp\/v2\/users\/12"}],"replies":[{"embeddable":true,"href":"https:\/\/progettotouring.it\/radiotouring104\/wp-json\/wp\/v2\/comments?post=45180"}],"version-history":[{"count":1,"href":"https:\/\/progettotouring.it\/radiotouring104\/wp-json\/wp\/v2\/posts\/45180\/revisions"}],"predecessor-version":[{"id":45181,"href":"https:\/\/progettotouring.it\/radiotouring104\/wp-json\/wp\/v2\/posts\/45180\/revisions\/45181"}],"wp:featuredmedia":[{"embeddable":true,"href":"https:\/\/progettotouring.it\/radiotouring104\/wp-json\/wp\/v2\/media\/18867"}],"wp:attachment":[{"href":"https:\/\/progettotouring.it\/radiotouring104\/wp-json\/wp\/v2\/media?parent=45180"}],"wp:term":[{"taxonomy":"category","embeddable":true,"href":"https:\/\/progettotouring.it\/radiotouring104\/wp-json\/wp\/v2\/categories?post=45180"},{"taxonomy":"post_tag","embeddable":true,"href":"https:\/\/progettotouring.it\/radiotouring104\/wp-json\/wp\/v2\/tags?post=45180"}],"curies":[{"name":"wp","href":"https:\/\/api.w.org\/{rel}","templated":true}]}}