{"id":45248,"date":"2024-02-23T10:07:44","date_gmt":"2024-02-23T09:07:44","guid":{"rendered":"https:\/\/progettotouring.it\/radiotouring104\/?p=45248"},"modified":"2024-02-23T10:07:44","modified_gmt":"2024-02-23T09:07:44","slug":"villa-s-g-sindaco-caminiti-concluso-liter-di-regolarizzazione-amministrativo-contabile","status":"publish","type":"post","link":"https:\/\/progettotouring.it\/radiotouring104\/2024\/02\/23\/villa-s-g-sindaco-caminiti-concluso-liter-di-regolarizzazione-amministrativo-contabile\/","title":{"rendered":"Villa S.G., Sindaco Caminiti: \u00abConcluso l\u2019iter di regolarizzazione amministrativo-contabile\u00bb"},"content":{"rendered":"<div dir=\"auto\" style=\"text-align: justify\"><strong>Il consiglio comunale ha definitivamente concluso l\u2019iter di regolarizzazione amministrativo-contabile,<\/strong> iniziato il 26 luglio, <strong>con l\u2019approvazione del bilancio stabilmente riequilibrato,<\/strong> che rimette sui binari della normalit\u00e0 l\u2019Ente che dal 5 novembre 2021,<strong> a seguito della dichiarazione di dissesto<\/strong>, ha iniziato la difficile procedura tesa al risanamento.<\/div>\n<div dir=\"auto\" style=\"text-align: justify\">La discussione in aula si \u00e8 avviata sul rendiconto di gestione 2022, per poi proseguire sul Documento unico di programmazione (D.U.P.) e, da ultimo, sul\u00a0 bilancio previsionale pluriennale 2023-2025.<\/div>\n<div dir=\"auto\" style=\"text-align: justify\"><strong>Con l\u2019approvazione, infatti, l\u2019Ente ha \u2018pareggiato\u2019 la sua posizione amministrativa dotandosi dei documenti contabili<\/strong> di cui era fino ad oggi sprovvisto, rientrando nello status di \u201cnormalit\u00e0\u201d al pari di tutti gli altri enti locali, proiettandosi per il prossimo appuntamento del 15 marzo 2024, data ultima di legge\u00a0 per l\u2019approvazione del previsionale 2024-2026.<\/div>\n<div dir=\"auto\" style=\"text-align: justify\">Quest\u2019amministrazione si \u00e8 assunta l\u2019onere di scelte impopolari ma giuste, necessarie al traghettamento in bonis.<\/div>\n<div dir=\"auto\" style=\"text-align: justify\">L\u2019incertezza ci ha spesso responsabilmente portati a chiederci se ci\u00f2 che facevamo potesse essere frutto di una decisione SICURA, se potesse essere CONVENIENTE, se assunta in quei termini sarebbe stata POPOLARE. Ma noi abbiamo ascoltato la coscienza che chiede: \u00e8 giusto? Ed abbiamo deciso sin dall\u2019inizio di prendere una posizione<\/div>\n<div dir=\"auto\" style=\"text-align: justify\">che non era n\u00e9 sicura, n\u00e9 conveniente, n\u00e9 popolare ma \u201cgiusta\u201d. Lo abbiamo fatto consapevolmente, comprendendo ed assumendoci il rischio: oggi, a distanza di meno di 20 mesi, abbiamo traguardato l\u2019obiettivo preliminare per divenire una citt\u00e0 \u201cNORMALE\u201d.<\/div>\n<div dir=\"auto\" style=\"text-align: justify\"><em>\u201cAbbiamo operato con una\u00a0 gestione su bilanci non programmati da questo consiglio<\/em> &#8211;<strong> spiega l\u2019assessore al ramo Sergio Giordano<\/strong> <em>&#8211; con le limitazioni imposte dal dissesto, affrontando tante soluzioni di emergenza, programmando interventi strutturali grazie alla febbrile attenzione per l\u2019intercettazione di diversi contributi esterni (dai fondi comunitari a quelli metropolitani), ma anche e fondamentalmente sfruttando al meglio le risorse interne disponibili.<\/em><\/div>\n<div dir=\"auto\" style=\"text-align: justify\"><em>Un rendiconto che ha dimostrato una gestione condotta in quell\u2019equilibrio &#8211; tanto discusso ed eccepito come non tale da pi\u00f9 parti- ma riconosciuto tale sia dal Ministero con l\u2019approvazione dell\u2019ipotesi di bilancio stabilmente riequilibrato, che ha saputo utilizzare quasi tutte le risorse disponibili registrando un avanzo di gestione di soli \u20ac 13.923,50, segno di grande attenzione all\u2019utilizzo di risorse, in linea con le stesse considerazioni della minoranza , secondo cui il segno tangibile di una corretta capacit\u00e0 gestoria si legge proprio in quel risultato di amministrazione che esprime la capacit\u00e0 di massimo utilizzo delle risorse disponibili\u201d.<\/em><\/div>\n<div dir=\"auto\" style=\"text-align: justify\">I fatti ci hanno dato ragione sull\u2019attendibilit\u00e0 del nostro operato calibrato e <strong>sovrapposto proprio a quell\u2019 ipotesi di bilancio stabilmente riequilibrato ritenuta corretta<\/strong>, ai fini del risanamento dal Ministero degli interni con il decreto del luglio 2023, che all\u2019indomani della notifica avvenuta in agosto 2023<strong> ci ha consentito di procedere nei tempi imposti dalla normativa all\u2019approvazione di\u00a0<\/strong><\/div>\n<div dir=\"auto\" style=\"text-align: justify\">1. D.U.P. 2021-2023,<\/div>\n<div dir=\"auto\" style=\"text-align: justify\">2. bilancio di previsione 2021-2023,<\/div>\n<div dir=\"auto\" style=\"text-align: justify\">3. riaccertamento dei residui 2021<\/div>\n<div dir=\"auto\" style=\"text-align: justify\">4. rendiconto di gestione 2021,<\/div>\n<div dir=\"auto\" style=\"text-align: justify\">5. D.U.P.\u00a0 2022-2024,<\/div>\n<div dir=\"auto\" style=\"text-align: justify\">6. riaccertamento dei residui 2022<\/div>\n<div dir=\"auto\" style=\"text-align: justify\">7. bilancio di previsione 2022-2024.<\/div>\n<div dir=\"auto\" style=\"text-align: justify\">8. rendiconto di gestione 2022,<\/div>\n<div dir=\"auto\" style=\"text-align: justify\">9. D.U.P.\u00a0 2023-2025<\/div>\n<div dir=\"auto\" style=\"text-align: justify\">10. bilancio di previsione 2023-2025<\/div>\n<div dir=\"auto\" style=\"text-align: justify\"><\/div>\n<div dir=\"auto\" style=\"text-align: justify\">Giusta, dunque, <strong>la scelta iniziale grazie alla quale sono stati licenziati dal 22 settembre 2023 ben 10 documenti contabili.<\/strong><\/div>\n<div dir=\"auto\" style=\"text-align: justify\"><strong>Giusta anche la scelta di postergare la data di celebrazione del consiglio per l\u2019approvazione dal 2 febbraio al 21 successivo,<\/strong> proprio per evitare ogni possibile intralcio amministrativo che avrebbe potuto compromettere il risultato e la prosecuzione del viaggio intrapreso.<\/div>\n<div dir=\"auto\" style=\"text-align: justify\">Oggi guardando al futuro siamo ancora pi\u00f9 determinati nel fare bene e operare rispettosamente per una citt\u00e0, Villa San Giovanni, che attende da troppo tempo il ritorno alla normalit\u00e0 e soprattutto per cominciare a costruire la Citt\u00e0 di domani.<\/div>\n","protected":false},"excerpt":{"rendered":"<p>Il consiglio comunale ha definitivamente concluso l\u2019iter di regolarizzazione amministrativo-contabile, iniziato il 26 luglio, con l\u2019approvazione del bilancio stabilmente riequilibrato, che rimette sui binari della normalit\u00e0 l\u2019Ente che dal 5&hellip;<\/p>\n","protected":false},"author":12,"featured_media":45249,"comment_status":"closed","ping_status":"open","sticky":false,"template":"","format":"standard","meta":{"_jetpack_memberships_contains_paid_content":false,"footnotes":"","jetpack_publicize_message":"","jetpack_publicize_feature_enabled":true,"jetpack_social_post_already_shared":false,"jetpack_social_options":{"image_generator_settings":{"template":"highway","default_image_id":0,"font":"","enabled":false},"version":2}},"categories":[921,196,140],"tags":[27050,27971,27970,3568],"class_list":["post-45248","post","type-post","status-publish","format-standard","has-post-thumbnail","hentry","category-home","category-news","category-reggio-calabria","tag-amministrazione-di-villa-san-giovanni","tag-assessore-sergio-giordano","tag-concluso-liter-di-regolarizzazione-amministrativo-contabile","tag-giusy-caminiti"],"yoast_head":"<!-- This site is optimized with the Yoast SEO plugin v27.2 - https:\/\/yoast.com\/product\/yoast-seo-wordpress\/ -->\n<title>Villa S.G: Concluso l\u2019iter regolarizzazione amministrativo-contabile<\/title>\n<meta name=\"description\" content=\"La Sindaca definitivamente concluso l\u2019iter di regolarizzazione amministrativo-contabile e che permette al&#039;Ente Comunale di rifiatare\" \/>\n<meta name=\"robots\" content=\"index, follow, max-snippet:-1, max-image-preview:large, max-video-preview:-1\" \/>\n<link rel=\"canonical\" href=\"https:\/\/progettotouring.it\/radiotouring104\/2024\/02\/23\/villa-s-g-sindaco-caminiti-concluso-liter-di-regolarizzazione-amministrativo-contabile\/\" \/>\n<meta property=\"og:locale\" content=\"it_IT\" \/>\n<meta property=\"og:type\" content=\"article\" \/>\n<meta property=\"og:title\" content=\"Villa S.G: Concluso l\u2019iter regolarizzazione amministrativo-contabile\" \/>\n<meta property=\"og:description\" content=\"La Sindaca definitivamente concluso l\u2019iter di regolarizzazione amministrativo-contabile e che permette al&#039;Ente Comunale di rifiatare\" \/>\n<meta property=\"og:url\" content=\"https:\/\/progettotouring.it\/radiotouring104\/2024\/02\/23\/villa-s-g-sindaco-caminiti-concluso-liter-di-regolarizzazione-amministrativo-contabile\/\" \/>\n<meta property=\"og:site_name\" content=\"Radio Touring 104\" \/>\n<meta property=\"article:published_time\" content=\"2024-02-23T09:07:44+00:00\" \/>\n<meta property=\"og:image\" content=\"https:\/\/progettotouring.it\/radiotouring104\/wp-content\/uploads\/sites\/6\/2024\/02\/Comune-di-Villa-San-Giovanni-Caminiti-Sergio-Giordano.jpg\" \/>\n\t<meta property=\"og:image:width\" content=\"2000\" \/>\n\t<meta property=\"og:image:height\" content=\"922\" \/>\n\t<meta property=\"og:image:type\" content=\"image\/jpeg\" \/>\n<meta name=\"author\" content=\"Sebastiano Plutino\" \/>\n<meta name=\"twitter:card\" content=\"summary_large_image\" \/>\n<meta name=\"twitter:label1\" content=\"Scritto da\" \/>\n\t<meta name=\"twitter:data1\" content=\"Sebastiano Plutino\" \/>\n\t<meta name=\"twitter:label2\" content=\"Tempo di lettura stimato\" \/>\n\t<meta name=\"twitter:data2\" content=\"3 minuti\" \/>\n<script type=\"application\/ld+json\" class=\"yoast-schema-graph\">{\"@context\":\"https:\/\/schema.org\",\"@graph\":[{\"@type\":\"Article\",\"@id\":\"https:\/\/progettotouring.it\/radiotouring104\/2024\/02\/23\/villa-s-g-sindaco-caminiti-concluso-liter-di-regolarizzazione-amministrativo-contabile\/#article\",\"isPartOf\":{\"@id\":\"https:\/\/progettotouring.it\/radiotouring104\/2024\/02\/23\/villa-s-g-sindaco-caminiti-concluso-liter-di-regolarizzazione-amministrativo-contabile\/\"},\"author\":{\"name\":\"Sebastiano Plutino\",\"@id\":\"https:\/\/progettotouring.it\/radiotouring104\/#\/schema\/person\/78613917f1851f041f7483f5af1d422e\"},\"headline\":\"Villa S.G., Sindaco Caminiti: \u00abConcluso l\u2019iter di regolarizzazione amministrativo-contabile\u00bb\",\"datePublished\":\"2024-02-23T09:07:44+00:00\",\"mainEntityOfPage\":{\"@id\":\"https:\/\/progettotouring.it\/radiotouring104\/2024\/02\/23\/villa-s-g-sindaco-caminiti-concluso-liter-di-regolarizzazione-amministrativo-contabile\/\"},\"wordCount\":590,\"publisher\":{\"@id\":\"https:\/\/progettotouring.it\/radiotouring104\/#organization\"},\"image\":{\"@id\":\"https:\/\/progettotouring.it\/radiotouring104\/2024\/02\/23\/villa-s-g-sindaco-caminiti-concluso-liter-di-regolarizzazione-amministrativo-contabile\/#primaryimage\"},\"thumbnailUrl\":\"https:\/\/progettotouring.it\/radiotouring104\/wp-content\/uploads\/sites\/6\/2024\/02\/Comune-di-Villa-San-Giovanni-Caminiti-Sergio-Giordano.jpg\",\"keywords\":[\"Amministrazione di Villa San Giovanni\",\"Assessore Sergio Giordano\",\"Concluso l\u2019iter di regolarizzazione amministrativo-contabile\",\"Giusy Caminiti\"],\"articleSection\":[\"Home\",\"News\",\"Reggio Calabria\"],\"inLanguage\":\"it-IT\"},{\"@type\":\"WebPage\",\"@id\":\"https:\/\/progettotouring.it\/radiotouring104\/2024\/02\/23\/villa-s-g-sindaco-caminiti-concluso-liter-di-regolarizzazione-amministrativo-contabile\/\",\"url\":\"https:\/\/progettotouring.it\/radiotouring104\/2024\/02\/23\/villa-s-g-sindaco-caminiti-concluso-liter-di-regolarizzazione-amministrativo-contabile\/\",\"name\":\"Villa S.G: Concluso l\u2019iter regolarizzazione amministrativo-contabile\",\"isPartOf\":{\"@id\":\"https:\/\/progettotouring.it\/radiotouring104\/#website\"},\"primaryImageOfPage\":{\"@id\":\"https:\/\/progettotouring.it\/radiotouring104\/2024\/02\/23\/villa-s-g-sindaco-caminiti-concluso-liter-di-regolarizzazione-amministrativo-contabile\/#primaryimage\"},\"image\":{\"@id\":\"https:\/\/progettotouring.it\/radiotouring104\/2024\/02\/23\/villa-s-g-sindaco-caminiti-concluso-liter-di-regolarizzazione-amministrativo-contabile\/#primaryimage\"},\"thumbnailUrl\":\"https:\/\/progettotouring.it\/radiotouring104\/wp-content\/uploads\/sites\/6\/2024\/02\/Comune-di-Villa-San-Giovanni-Caminiti-Sergio-Giordano.jpg\",\"datePublished\":\"2024-02-23T09:07:44+00:00\",\"description\":\"La Sindaca definitivamente concluso l\u2019iter di regolarizzazione amministrativo-contabile e che permette al'Ente Comunale di rifiatare\",\"breadcrumb\":{\"@id\":\"https:\/\/progettotouring.it\/radiotouring104\/2024\/02\/23\/villa-s-g-sindaco-caminiti-concluso-liter-di-regolarizzazione-amministrativo-contabile\/#breadcrumb\"},\"inLanguage\":\"it-IT\",\"potentialAction\":[{\"@type\":\"ReadAction\",\"target\":[\"https:\/\/progettotouring.it\/radiotouring104\/2024\/02\/23\/villa-s-g-sindaco-caminiti-concluso-liter-di-regolarizzazione-amministrativo-contabile\/\"]}]},{\"@type\":\"ImageObject\",\"inLanguage\":\"it-IT\",\"@id\":\"https:\/\/progettotouring.it\/radiotouring104\/2024\/02\/23\/villa-s-g-sindaco-caminiti-concluso-liter-di-regolarizzazione-amministrativo-contabile\/#primaryimage\",\"url\":\"https:\/\/progettotouring.it\/radiotouring104\/wp-content\/uploads\/sites\/6\/2024\/02\/Comune-di-Villa-San-Giovanni-Caminiti-Sergio-Giordano.jpg\",\"contentUrl\":\"https:\/\/progettotouring.it\/radiotouring104\/wp-content\/uploads\/sites\/6\/2024\/02\/Comune-di-Villa-San-Giovanni-Caminiti-Sergio-Giordano.jpg\",\"width\":2000,\"height\":922},{\"@type\":\"BreadcrumbList\",\"@id\":\"https:\/\/progettotouring.it\/radiotouring104\/2024\/02\/23\/villa-s-g-sindaco-caminiti-concluso-liter-di-regolarizzazione-amministrativo-contabile\/#breadcrumb\",\"itemListElement\":[{\"@type\":\"ListItem\",\"position\":1,\"name\":\"Home\",\"item\":\"https:\/\/progettotouring.it\/radiotouring104\/\"},{\"@type\":\"ListItem\",\"position\":2,\"name\":\"Villa S.G., Sindaco Caminiti: \u00abConcluso l\u2019iter di regolarizzazione amministrativo-contabile\u00bb\"}]},{\"@type\":\"WebSite\",\"@id\":\"https:\/\/progettotouring.it\/radiotouring104\/#website\",\"url\":\"https:\/\/progettotouring.it\/radiotouring104\/\",\"name\":\"Radio Touring 104\",\"description\":\"La prima radio Reggina\",\"publisher\":{\"@id\":\"https:\/\/progettotouring.it\/radiotouring104\/#organization\"},\"potentialAction\":[{\"@type\":\"SearchAction\",\"target\":{\"@type\":\"EntryPoint\",\"urlTemplate\":\"https:\/\/progettotouring.it\/radiotouring104\/?s={search_term_string}\"},\"query-input\":{\"@type\":\"PropertyValueSpecification\",\"valueRequired\":true,\"valueName\":\"search_term_string\"}}],\"inLanguage\":\"it-IT\"},{\"@type\":\"Organization\",\"@id\":\"https:\/\/progettotouring.it\/radiotouring104\/#organization\",\"name\":\"Radio Touring 104\",\"url\":\"https:\/\/progettotouring.it\/radiotouring104\/\",\"logo\":{\"@type\":\"ImageObject\",\"inLanguage\":\"it-IT\",\"@id\":\"https:\/\/progettotouring.it\/radiotouring104\/#\/schema\/logo\/image\/\",\"url\":\"https:\/\/progettotouring.it\/radiotouring104\/wp-content\/uploads\/sites\/6\/2022\/02\/cropped-logo-radio-touring-104.png\",\"contentUrl\":\"https:\/\/progettotouring.it\/radiotouring104\/wp-content\/uploads\/sites\/6\/2022\/02\/cropped-logo-radio-touring-104.png\",\"width\":377,\"height\":182,\"caption\":\"Radio Touring 104\"},\"image\":{\"@id\":\"https:\/\/progettotouring.it\/radiotouring104\/#\/schema\/logo\/image\/\"}},{\"@type\":\"Person\",\"@id\":\"https:\/\/progettotouring.it\/radiotouring104\/#\/schema\/person\/78613917f1851f041f7483f5af1d422e\",\"name\":\"Sebastiano Plutino\",\"image\":{\"@type\":\"ImageObject\",\"inLanguage\":\"it-IT\",\"@id\":\"https:\/\/secure.gravatar.com\/avatar\/0546ffaa9b79224faf9f2a156b67a529ae861d3287c66c1d8ccfdf909bcba78d?s=96&d=mm&r=g\",\"url\":\"https:\/\/secure.gravatar.com\/avatar\/0546ffaa9b79224faf9f2a156b67a529ae861d3287c66c1d8ccfdf909bcba78d?s=96&d=mm&r=g\",\"contentUrl\":\"https:\/\/secure.gravatar.com\/avatar\/0546ffaa9b79224faf9f2a156b67a529ae861d3287c66c1d8ccfdf909bcba78d?s=96&d=mm&r=g\",\"caption\":\"Sebastiano Plutino\"},\"url\":\"https:\/\/progettotouring.it\/radiotouring104\/author\/sebastiano\/\"}]}<\/script>\n<!-- \/ Yoast SEO plugin. -->","yoast_head_json":{"title":"Villa S.G: Concluso l\u2019iter regolarizzazione amministrativo-contabile","description":"La Sindaca definitivamente concluso l\u2019iter di regolarizzazione amministrativo-contabile e che permette al'Ente Comunale di rifiatare","robots":{"index":"index","follow":"follow","max-snippet":"max-snippet:-1","max-image-preview":"max-image-preview:large","max-video-preview":"max-video-preview:-1"},"canonical":"https:\/\/progettotouring.it\/radiotouring104\/2024\/02\/23\/villa-s-g-sindaco-caminiti-concluso-liter-di-regolarizzazione-amministrativo-contabile\/","og_locale":"it_IT","og_type":"article","og_title":"Villa S.G: Concluso l\u2019iter regolarizzazione amministrativo-contabile","og_description":"La Sindaca definitivamente concluso l\u2019iter di regolarizzazione amministrativo-contabile e che permette al'Ente Comunale di rifiatare","og_url":"https:\/\/progettotouring.it\/radiotouring104\/2024\/02\/23\/villa-s-g-sindaco-caminiti-concluso-liter-di-regolarizzazione-amministrativo-contabile\/","og_site_name":"Radio Touring 104","article_published_time":"2024-02-23T09:07:44+00:00","og_image":[{"width":2000,"height":922,"url":"https:\/\/progettotouring.it\/radiotouring104\/wp-content\/uploads\/sites\/6\/2024\/02\/Comune-di-Villa-San-Giovanni-Caminiti-Sergio-Giordano.jpg","type":"image\/jpeg"}],"author":"Sebastiano Plutino","twitter_card":"summary_large_image","twitter_misc":{"Scritto da":"Sebastiano Plutino","Tempo di lettura stimato":"3 minuti"},"schema":{"@context":"https:\/\/schema.org","@graph":[{"@type":"Article","@id":"https:\/\/progettotouring.it\/radiotouring104\/2024\/02\/23\/villa-s-g-sindaco-caminiti-concluso-liter-di-regolarizzazione-amministrativo-contabile\/#article","isPartOf":{"@id":"https:\/\/progettotouring.it\/radiotouring104\/2024\/02\/23\/villa-s-g-sindaco-caminiti-concluso-liter-di-regolarizzazione-amministrativo-contabile\/"},"author":{"name":"Sebastiano Plutino","@id":"https:\/\/progettotouring.it\/radiotouring104\/#\/schema\/person\/78613917f1851f041f7483f5af1d422e"},"headline":"Villa S.G., Sindaco Caminiti: \u00abConcluso l\u2019iter di regolarizzazione amministrativo-contabile\u00bb","datePublished":"2024-02-23T09:07:44+00:00","mainEntityOfPage":{"@id":"https:\/\/progettotouring.it\/radiotouring104\/2024\/02\/23\/villa-s-g-sindaco-caminiti-concluso-liter-di-regolarizzazione-amministrativo-contabile\/"},"wordCount":590,"publisher":{"@id":"https:\/\/progettotouring.it\/radiotouring104\/#organization"},"image":{"@id":"https:\/\/progettotouring.it\/radiotouring104\/2024\/02\/23\/villa-s-g-sindaco-caminiti-concluso-liter-di-regolarizzazione-amministrativo-contabile\/#primaryimage"},"thumbnailUrl":"https:\/\/progettotouring.it\/radiotouring104\/wp-content\/uploads\/sites\/6\/2024\/02\/Comune-di-Villa-San-Giovanni-Caminiti-Sergio-Giordano.jpg","keywords":["Amministrazione di Villa San Giovanni","Assessore Sergio Giordano","Concluso l\u2019iter di regolarizzazione amministrativo-contabile","Giusy Caminiti"],"articleSection":["Home","News","Reggio Calabria"],"inLanguage":"it-IT"},{"@type":"WebPage","@id":"https:\/\/progettotouring.it\/radiotouring104\/2024\/02\/23\/villa-s-g-sindaco-caminiti-concluso-liter-di-regolarizzazione-amministrativo-contabile\/","url":"https:\/\/progettotouring.it\/radiotouring104\/2024\/02\/23\/villa-s-g-sindaco-caminiti-concluso-liter-di-regolarizzazione-amministrativo-contabile\/","name":"Villa S.G: Concluso l\u2019iter regolarizzazione amministrativo-contabile","isPartOf":{"@id":"https:\/\/progettotouring.it\/radiotouring104\/#website"},"primaryImageOfPage":{"@id":"https:\/\/progettotouring.it\/radiotouring104\/2024\/02\/23\/villa-s-g-sindaco-caminiti-concluso-liter-di-regolarizzazione-amministrativo-contabile\/#primaryimage"},"image":{"@id":"https:\/\/progettotouring.it\/radiotouring104\/2024\/02\/23\/villa-s-g-sindaco-caminiti-concluso-liter-di-regolarizzazione-amministrativo-contabile\/#primaryimage"},"thumbnailUrl":"https:\/\/progettotouring.it\/radiotouring104\/wp-content\/uploads\/sites\/6\/2024\/02\/Comune-di-Villa-San-Giovanni-Caminiti-Sergio-Giordano.jpg","datePublished":"2024-02-23T09:07:44+00:00","description":"La Sindaca definitivamente concluso l\u2019iter di regolarizzazione amministrativo-contabile e che permette al'Ente Comunale di rifiatare","breadcrumb":{"@id":"https:\/\/progettotouring.it\/radiotouring104\/2024\/02\/23\/villa-s-g-sindaco-caminiti-concluso-liter-di-regolarizzazione-amministrativo-contabile\/#breadcrumb"},"inLanguage":"it-IT","potentialAction":[{"@type":"ReadAction","target":["https:\/\/progettotouring.it\/radiotouring104\/2024\/02\/23\/villa-s-g-sindaco-caminiti-concluso-liter-di-regolarizzazione-amministrativo-contabile\/"]}]},{"@type":"ImageObject","inLanguage":"it-IT","@id":"https:\/\/progettotouring.it\/radiotouring104\/2024\/02\/23\/villa-s-g-sindaco-caminiti-concluso-liter-di-regolarizzazione-amministrativo-contabile\/#primaryimage","url":"https:\/\/progettotouring.it\/radiotouring104\/wp-content\/uploads\/sites\/6\/2024\/02\/Comune-di-Villa-San-Giovanni-Caminiti-Sergio-Giordano.jpg","contentUrl":"https:\/\/progettotouring.it\/radiotouring104\/wp-content\/uploads\/sites\/6\/2024\/02\/Comune-di-Villa-San-Giovanni-Caminiti-Sergio-Giordano.jpg","width":2000,"height":922},{"@type":"BreadcrumbList","@id":"https:\/\/progettotouring.it\/radiotouring104\/2024\/02\/23\/villa-s-g-sindaco-caminiti-concluso-liter-di-regolarizzazione-amministrativo-contabile\/#breadcrumb","itemListElement":[{"@type":"ListItem","position":1,"name":"Home","item":"https:\/\/progettotouring.it\/radiotouring104\/"},{"@type":"ListItem","position":2,"name":"Villa S.G., Sindaco Caminiti: \u00abConcluso l\u2019iter di regolarizzazione amministrativo-contabile\u00bb"}]},{"@type":"WebSite","@id":"https:\/\/progettotouring.it\/radiotouring104\/#website","url":"https:\/\/progettotouring.it\/radiotouring104\/","name":"Radio Touring 104","description":"La prima radio Reggina","publisher":{"@id":"https:\/\/progettotouring.it\/radiotouring104\/#organization"},"potentialAction":[{"@type":"SearchAction","target":{"@type":"EntryPoint","urlTemplate":"https:\/\/progettotouring.it\/radiotouring104\/?s={search_term_string}"},"query-input":{"@type":"PropertyValueSpecification","valueRequired":true,"valueName":"search_term_string"}}],"inLanguage":"it-IT"},{"@type":"Organization","@id":"https:\/\/progettotouring.it\/radiotouring104\/#organization","name":"Radio Touring 104","url":"https:\/\/progettotouring.it\/radiotouring104\/","logo":{"@type":"ImageObject","inLanguage":"it-IT","@id":"https:\/\/progettotouring.it\/radiotouring104\/#\/schema\/logo\/image\/","url":"https:\/\/progettotouring.it\/radiotouring104\/wp-content\/uploads\/sites\/6\/2022\/02\/cropped-logo-radio-touring-104.png","contentUrl":"https:\/\/progettotouring.it\/radiotouring104\/wp-content\/uploads\/sites\/6\/2022\/02\/cropped-logo-radio-touring-104.png","width":377,"height":182,"caption":"Radio Touring 104"},"image":{"@id":"https:\/\/progettotouring.it\/radiotouring104\/#\/schema\/logo\/image\/"}},{"@type":"Person","@id":"https:\/\/progettotouring.it\/radiotouring104\/#\/schema\/person\/78613917f1851f041f7483f5af1d422e","name":"Sebastiano Plutino","image":{"@type":"ImageObject","inLanguage":"it-IT","@id":"https:\/\/secure.gravatar.com\/avatar\/0546ffaa9b79224faf9f2a156b67a529ae861d3287c66c1d8ccfdf909bcba78d?s=96&d=mm&r=g","url":"https:\/\/secure.gravatar.com\/avatar\/0546ffaa9b79224faf9f2a156b67a529ae861d3287c66c1d8ccfdf909bcba78d?s=96&d=mm&r=g","contentUrl":"https:\/\/secure.gravatar.com\/avatar\/0546ffaa9b79224faf9f2a156b67a529ae861d3287c66c1d8ccfdf909bcba78d?s=96&d=mm&r=g","caption":"Sebastiano Plutino"},"url":"https:\/\/progettotouring.it\/radiotouring104\/author\/sebastiano\/"}]}},"jetpack_publicize_connections":[],"jetpack_featured_media_url":"https:\/\/progettotouring.it\/radiotouring104\/wp-content\/uploads\/sites\/6\/2024\/02\/Comune-di-Villa-San-Giovanni-Caminiti-Sergio-Giordano.jpg","jetpack_sharing_enabled":true,"_links":{"self":[{"href":"https:\/\/progettotouring.it\/radiotouring104\/wp-json\/wp\/v2\/posts\/45248","targetHints":{"allow":["GET"]}}],"collection":[{"href":"https:\/\/progettotouring.it\/radiotouring104\/wp-json\/wp\/v2\/posts"}],"about":[{"href":"https:\/\/progettotouring.it\/radiotouring104\/wp-json\/wp\/v2\/types\/post"}],"author":[{"embeddable":true,"href":"https:\/\/progettotouring.it\/radiotouring104\/wp-json\/wp\/v2\/users\/12"}],"replies":[{"embeddable":true,"href":"https:\/\/progettotouring.it\/radiotouring104\/wp-json\/wp\/v2\/comments?post=45248"}],"version-history":[{"count":1,"href":"https:\/\/progettotouring.it\/radiotouring104\/wp-json\/wp\/v2\/posts\/45248\/revisions"}],"predecessor-version":[{"id":45250,"href":"https:\/\/progettotouring.it\/radiotouring104\/wp-json\/wp\/v2\/posts\/45248\/revisions\/45250"}],"wp:featuredmedia":[{"embeddable":true,"href":"https:\/\/progettotouring.it\/radiotouring104\/wp-json\/wp\/v2\/media\/45249"}],"wp:attachment":[{"href":"https:\/\/progettotouring.it\/radiotouring104\/wp-json\/wp\/v2\/media?parent=45248"}],"wp:term":[{"taxonomy":"category","embeddable":true,"href":"https:\/\/progettotouring.it\/radiotouring104\/wp-json\/wp\/v2\/categories?post=45248"},{"taxonomy":"post_tag","embeddable":true,"href":"https:\/\/progettotouring.it\/radiotouring104\/wp-json\/wp\/v2\/tags?post=45248"}],"curies":[{"name":"wp","href":"https:\/\/api.w.org\/{rel}","templated":true}]}}