{"id":45255,"date":"2024-02-23T10:37:21","date_gmt":"2024-02-23T09:37:21","guid":{"rendered":"https:\/\/progettotouring.it\/radiotouring104\/?p=45255"},"modified":"2024-02-23T10:40:40","modified_gmt":"2024-02-23T09:40:40","slug":"circolo-reggio-sud-no-alla-privatizzazione-di-poste-italiane","status":"publish","type":"post","link":"https:\/\/progettotouring.it\/radiotouring104\/2024\/02\/23\/circolo-reggio-sud-no-alla-privatizzazione-di-poste-italiane\/","title":{"rendered":"Circolo Reggio Sud: &#8220;No alla Privatizzazione di Poste Italiane&#8221;"},"content":{"rendered":"<div style=\"text-align: justify\">Per chi sta al Governo e non se ne fosse accorto <strong>ricordiamo che<\/strong> <b><i>Poste Italiane<\/i><\/b>\u00a0<strong>ha un ruolo sociale nel\u00a0nostro Paese, una presenza capillare su tutto il territorio nazionale:<\/strong> i circa 13.000 uffici postali sono distribuiti su tutti i Comuni del nostro Paese. <strong>Questo li rende dei veri e propri pres\u00ecdi dello Stato<\/strong>, ruolo di fondamentale importanza soprattutto nelle frazioni periferiche, nelle comunit\u00e0 montane, e <strong>in tutte quelle aree in cui lo spopolamento rischia di privare i cittadini di qualsiasi servizio utile.<\/strong><\/div>\n<div dir=\"auto\" style=\"text-align: justify\"><\/div>\n<div dir=\"auto\" style=\"text-align: justify\">Infatti oltre ai servizi postali, finanziari, logistici, assicurativi e di telecomunicazione,<strong> presso gli uffici di Poste si pu\u00f2 anche ottenere il rilascio di alcuni certificati anagrafici e previdenziali<\/strong>, il passaporto, e altri servizi per conto di PA ed enti locali.<\/div>\n<div dir=\"auto\" style=\"text-align: justify\"><\/div>\n<div dir=\"auto\" style=\"text-align: justify\">Finch\u00e9 Poste Italiane rimarr\u00e0 a controllo pubblico, continuer\u00e0 ad assicurare la presenza dello Stato in maniera capillare. <strong>Al contrario, l\u2019ingresso di ulteriori capitali privati imporrebbe all\u2019azienda le logiche del profitto, anteponendole agli interessi delle comunit\u00e0. Questo significherebbe anche andare a minare la tranquillit\u00e0 dei lavoratori di Poste,<\/strong> inevitabilmente\u00a0si avrebbero ripercussioni sui posti di lavoro e questo \u00e8 un rischio che bisogna evitare fin\u00a0da subito. Come vediamo una scellerata scelta governativa stravolge\u00a0in negativo, ed a catena, molteplici aspetti della vita economica, sociale,\u00a0lavorativa di migliaia di persone.<\/div>\n<div dir=\"auto\" style=\"text-align: justify\"><\/div>\n<div dir=\"auto\" style=\"text-align: justify\"><strong>Ecco perch\u00e9 come\u00a0<\/strong><i><b>Circolo <\/b>&#8220;ReggioSud<strong>&#8220;<\/strong><\/i><strong> siamo preoccupati e, nel difendere\u00a0<i>Poste Italiane<\/i>\u00a0chiediamo a tutte le forze sindacali ma anche politiche di lottare affinch\u00e9 il governo non svenda al mercato ulteriori quote di Poste Italiane<\/strong> ad oggi in suo possesso e anzi potenziare il ruolo sociale dell\u2019azienda.<\/div>\n","protected":false},"excerpt":{"rendered":"<p>Per chi sta al Governo e non se ne fosse accorto ricordiamo che Poste Italiane\u00a0ha un ruolo sociale nel\u00a0nostro Paese, una presenza capillare su tutto il territorio nazionale: i circa&hellip;<\/p>\n","protected":false},"author":12,"featured_media":45256,"comment_status":"closed","ping_status":"open","sticky":false,"template":"","format":"standard","meta":{"_jetpack_memberships_contains_paid_content":false,"footnotes":"","jetpack_publicize_message":"","jetpack_publicize_feature_enabled":true,"jetpack_social_post_already_shared":false,"jetpack_social_options":{"image_generator_settings":{"template":"highway","default_image_id":0,"font":"","enabled":false},"version":2}},"categories":[921,196,140],"tags":[26271,27981,27980,27982],"class_list":["post-45255","post","type-post","status-publish","format-standard","has-post-thumbnail","hentry","category-home","category-news","category-reggio-calabria","tag-circolo-reggio-sud","tag-lotta-sindacati-governo","tag-no-privatizzazione-poste-italiane","tag-no-vendita-ulteriori-quote-poste"],"yoast_head":"<!-- This site is optimized with the Yoast SEO plugin v27.2 - https:\/\/yoast.com\/product\/yoast-seo-wordpress\/ -->\n<title>Circolo Reggio Sud: &quot;No alla Privatizzazione di Poste Italiane&quot;<\/title>\n<meta name=\"description\" content=\"Circolo &quot;ReggioSud&quot; difende Poste e chiede lotta ai Sindacati e politica di lottare, affinch\u00e9 Governo non svenda al mercato ulteriori quote\" \/>\n<meta name=\"robots\" content=\"index, follow, max-snippet:-1, max-image-preview:large, max-video-preview:-1\" \/>\n<link rel=\"canonical\" href=\"https:\/\/progettotouring.it\/radiotouring104\/2024\/02\/23\/circolo-reggio-sud-no-alla-privatizzazione-di-poste-italiane\/\" \/>\n<meta property=\"og:locale\" content=\"it_IT\" \/>\n<meta property=\"og:type\" content=\"article\" \/>\n<meta property=\"og:title\" content=\"Circolo Reggio Sud: &quot;No alla Privatizzazione di Poste Italiane&quot;\" \/>\n<meta property=\"og:description\" content=\"Circolo &quot;ReggioSud&quot; difende Poste e chiede lotta ai Sindacati e politica di lottare, affinch\u00e9 Governo non svenda al mercato ulteriori quote\" \/>\n<meta property=\"og:url\" content=\"https:\/\/progettotouring.it\/radiotouring104\/2024\/02\/23\/circolo-reggio-sud-no-alla-privatizzazione-di-poste-italiane\/\" \/>\n<meta property=\"og:site_name\" content=\"Radio Touring 104\" \/>\n<meta property=\"article:published_time\" content=\"2024-02-23T09:37:21+00:00\" \/>\n<meta property=\"article:modified_time\" content=\"2024-02-23T09:40:40+00:00\" \/>\n<meta property=\"og:image\" content=\"https:\/\/progettotouring.it\/radiotouring104\/wp-content\/uploads\/sites\/6\/2024\/02\/Circolo-Reggio-Sud-privatizzazione-poste-iitaliane.jpeg\" \/>\n\t<meta property=\"og:image:width\" content=\"916\" \/>\n\t<meta property=\"og:image:height\" content=\"1086\" \/>\n\t<meta property=\"og:image:type\" content=\"image\/jpeg\" \/>\n<meta name=\"author\" content=\"Sebastiano Plutino\" \/>\n<meta name=\"twitter:card\" content=\"summary_large_image\" \/>\n<meta name=\"twitter:label1\" content=\"Scritto da\" \/>\n\t<meta name=\"twitter:data1\" content=\"Sebastiano Plutino\" \/>\n\t<meta name=\"twitter:label2\" content=\"Tempo di lettura stimato\" \/>\n\t<meta name=\"twitter:data2\" content=\"1 minuto\" \/>\n<script type=\"application\/ld+json\" class=\"yoast-schema-graph\">{\"@context\":\"https:\/\/schema.org\",\"@graph\":[{\"@type\":\"Article\",\"@id\":\"https:\/\/progettotouring.it\/radiotouring104\/2024\/02\/23\/circolo-reggio-sud-no-alla-privatizzazione-di-poste-italiane\/#article\",\"isPartOf\":{\"@id\":\"https:\/\/progettotouring.it\/radiotouring104\/2024\/02\/23\/circolo-reggio-sud-no-alla-privatizzazione-di-poste-italiane\/\"},\"author\":{\"name\":\"Sebastiano Plutino\",\"@id\":\"https:\/\/progettotouring.it\/radiotouring104\/#\/schema\/person\/78613917f1851f041f7483f5af1d422e\"},\"headline\":\"Circolo Reggio Sud: &#8220;No alla Privatizzazione di Poste Italiane&#8221;\",\"datePublished\":\"2024-02-23T09:37:21+00:00\",\"dateModified\":\"2024-02-23T09:40:40+00:00\",\"mainEntityOfPage\":{\"@id\":\"https:\/\/progettotouring.it\/radiotouring104\/2024\/02\/23\/circolo-reggio-sud-no-alla-privatizzazione-di-poste-italiane\/\"},\"wordCount\":270,\"publisher\":{\"@id\":\"https:\/\/progettotouring.it\/radiotouring104\/#organization\"},\"image\":{\"@id\":\"https:\/\/progettotouring.it\/radiotouring104\/2024\/02\/23\/circolo-reggio-sud-no-alla-privatizzazione-di-poste-italiane\/#primaryimage\"},\"thumbnailUrl\":\"https:\/\/progettotouring.it\/radiotouring104\/wp-content\/uploads\/sites\/6\/2024\/02\/Circolo-Reggio-Sud-privatizzazione-poste-iitaliane.jpeg\",\"keywords\":[\"Circolo Reggio Sud\",\"lotta Sindacati Governo\",\"no privatizzazione Poste Italiane\",\"no vendita ulteriori quote poste\"],\"articleSection\":[\"Home\",\"News\",\"Reggio Calabria\"],\"inLanguage\":\"it-IT\"},{\"@type\":\"WebPage\",\"@id\":\"https:\/\/progettotouring.it\/radiotouring104\/2024\/02\/23\/circolo-reggio-sud-no-alla-privatizzazione-di-poste-italiane\/\",\"url\":\"https:\/\/progettotouring.it\/radiotouring104\/2024\/02\/23\/circolo-reggio-sud-no-alla-privatizzazione-di-poste-italiane\/\",\"name\":\"Circolo Reggio Sud: \\\"No alla Privatizzazione di Poste Italiane\\\"\",\"isPartOf\":{\"@id\":\"https:\/\/progettotouring.it\/radiotouring104\/#website\"},\"primaryImageOfPage\":{\"@id\":\"https:\/\/progettotouring.it\/radiotouring104\/2024\/02\/23\/circolo-reggio-sud-no-alla-privatizzazione-di-poste-italiane\/#primaryimage\"},\"image\":{\"@id\":\"https:\/\/progettotouring.it\/radiotouring104\/2024\/02\/23\/circolo-reggio-sud-no-alla-privatizzazione-di-poste-italiane\/#primaryimage\"},\"thumbnailUrl\":\"https:\/\/progettotouring.it\/radiotouring104\/wp-content\/uploads\/sites\/6\/2024\/02\/Circolo-Reggio-Sud-privatizzazione-poste-iitaliane.jpeg\",\"datePublished\":\"2024-02-23T09:37:21+00:00\",\"dateModified\":\"2024-02-23T09:40:40+00:00\",\"description\":\"Circolo \\\"ReggioSud\\\" difende Poste e chiede lotta ai Sindacati e politica di lottare, affinch\u00e9 Governo non svenda al mercato ulteriori quote\",\"breadcrumb\":{\"@id\":\"https:\/\/progettotouring.it\/radiotouring104\/2024\/02\/23\/circolo-reggio-sud-no-alla-privatizzazione-di-poste-italiane\/#breadcrumb\"},\"inLanguage\":\"it-IT\",\"potentialAction\":[{\"@type\":\"ReadAction\",\"target\":[\"https:\/\/progettotouring.it\/radiotouring104\/2024\/02\/23\/circolo-reggio-sud-no-alla-privatizzazione-di-poste-italiane\/\"]}]},{\"@type\":\"ImageObject\",\"inLanguage\":\"it-IT\",\"@id\":\"https:\/\/progettotouring.it\/radiotouring104\/2024\/02\/23\/circolo-reggio-sud-no-alla-privatizzazione-di-poste-italiane\/#primaryimage\",\"url\":\"https:\/\/progettotouring.it\/radiotouring104\/wp-content\/uploads\/sites\/6\/2024\/02\/Circolo-Reggio-Sud-privatizzazione-poste-iitaliane.jpeg\",\"contentUrl\":\"https:\/\/progettotouring.it\/radiotouring104\/wp-content\/uploads\/sites\/6\/2024\/02\/Circolo-Reggio-Sud-privatizzazione-poste-iitaliane.jpeg\",\"width\":916,\"height\":1086},{\"@type\":\"BreadcrumbList\",\"@id\":\"https:\/\/progettotouring.it\/radiotouring104\/2024\/02\/23\/circolo-reggio-sud-no-alla-privatizzazione-di-poste-italiane\/#breadcrumb\",\"itemListElement\":[{\"@type\":\"ListItem\",\"position\":1,\"name\":\"Home\",\"item\":\"https:\/\/progettotouring.it\/radiotouring104\/\"},{\"@type\":\"ListItem\",\"position\":2,\"name\":\"Circolo Reggio Sud: &#8220;No alla Privatizzazione di Poste Italiane&#8221;\"}]},{\"@type\":\"WebSite\",\"@id\":\"https:\/\/progettotouring.it\/radiotouring104\/#website\",\"url\":\"https:\/\/progettotouring.it\/radiotouring104\/\",\"name\":\"Radio Touring 104\",\"description\":\"La prima radio Reggina\",\"publisher\":{\"@id\":\"https:\/\/progettotouring.it\/radiotouring104\/#organization\"},\"potentialAction\":[{\"@type\":\"SearchAction\",\"target\":{\"@type\":\"EntryPoint\",\"urlTemplate\":\"https:\/\/progettotouring.it\/radiotouring104\/?s={search_term_string}\"},\"query-input\":{\"@type\":\"PropertyValueSpecification\",\"valueRequired\":true,\"valueName\":\"search_term_string\"}}],\"inLanguage\":\"it-IT\"},{\"@type\":\"Organization\",\"@id\":\"https:\/\/progettotouring.it\/radiotouring104\/#organization\",\"name\":\"Radio Touring 104\",\"url\":\"https:\/\/progettotouring.it\/radiotouring104\/\",\"logo\":{\"@type\":\"ImageObject\",\"inLanguage\":\"it-IT\",\"@id\":\"https:\/\/progettotouring.it\/radiotouring104\/#\/schema\/logo\/image\/\",\"url\":\"https:\/\/progettotouring.it\/radiotouring104\/wp-content\/uploads\/sites\/6\/2022\/02\/cropped-logo-radio-touring-104.png\",\"contentUrl\":\"https:\/\/progettotouring.it\/radiotouring104\/wp-content\/uploads\/sites\/6\/2022\/02\/cropped-logo-radio-touring-104.png\",\"width\":377,\"height\":182,\"caption\":\"Radio Touring 104\"},\"image\":{\"@id\":\"https:\/\/progettotouring.it\/radiotouring104\/#\/schema\/logo\/image\/\"}},{\"@type\":\"Person\",\"@id\":\"https:\/\/progettotouring.it\/radiotouring104\/#\/schema\/person\/78613917f1851f041f7483f5af1d422e\",\"name\":\"Sebastiano Plutino\",\"image\":{\"@type\":\"ImageObject\",\"inLanguage\":\"it-IT\",\"@id\":\"https:\/\/secure.gravatar.com\/avatar\/0546ffaa9b79224faf9f2a156b67a529ae861d3287c66c1d8ccfdf909bcba78d?s=96&d=mm&r=g\",\"url\":\"https:\/\/secure.gravatar.com\/avatar\/0546ffaa9b79224faf9f2a156b67a529ae861d3287c66c1d8ccfdf909bcba78d?s=96&d=mm&r=g\",\"contentUrl\":\"https:\/\/secure.gravatar.com\/avatar\/0546ffaa9b79224faf9f2a156b67a529ae861d3287c66c1d8ccfdf909bcba78d?s=96&d=mm&r=g\",\"caption\":\"Sebastiano Plutino\"},\"url\":\"https:\/\/progettotouring.it\/radiotouring104\/author\/sebastiano\/\"}]}<\/script>\n<!-- \/ Yoast SEO plugin. -->","yoast_head_json":{"title":"Circolo Reggio Sud: \"No alla Privatizzazione di Poste Italiane\"","description":"Circolo \"ReggioSud\" difende Poste e chiede lotta ai Sindacati e politica di lottare, affinch\u00e9 Governo non svenda al mercato ulteriori quote","robots":{"index":"index","follow":"follow","max-snippet":"max-snippet:-1","max-image-preview":"max-image-preview:large","max-video-preview":"max-video-preview:-1"},"canonical":"https:\/\/progettotouring.it\/radiotouring104\/2024\/02\/23\/circolo-reggio-sud-no-alla-privatizzazione-di-poste-italiane\/","og_locale":"it_IT","og_type":"article","og_title":"Circolo Reggio Sud: \"No alla Privatizzazione di Poste Italiane\"","og_description":"Circolo \"ReggioSud\" difende Poste e chiede lotta ai Sindacati e politica di lottare, affinch\u00e9 Governo non svenda al mercato ulteriori quote","og_url":"https:\/\/progettotouring.it\/radiotouring104\/2024\/02\/23\/circolo-reggio-sud-no-alla-privatizzazione-di-poste-italiane\/","og_site_name":"Radio Touring 104","article_published_time":"2024-02-23T09:37:21+00:00","article_modified_time":"2024-02-23T09:40:40+00:00","og_image":[{"width":916,"height":1086,"url":"https:\/\/progettotouring.it\/radiotouring104\/wp-content\/uploads\/sites\/6\/2024\/02\/Circolo-Reggio-Sud-privatizzazione-poste-iitaliane.jpeg","type":"image\/jpeg"}],"author":"Sebastiano Plutino","twitter_card":"summary_large_image","twitter_misc":{"Scritto da":"Sebastiano Plutino","Tempo di lettura stimato":"1 minuto"},"schema":{"@context":"https:\/\/schema.org","@graph":[{"@type":"Article","@id":"https:\/\/progettotouring.it\/radiotouring104\/2024\/02\/23\/circolo-reggio-sud-no-alla-privatizzazione-di-poste-italiane\/#article","isPartOf":{"@id":"https:\/\/progettotouring.it\/radiotouring104\/2024\/02\/23\/circolo-reggio-sud-no-alla-privatizzazione-di-poste-italiane\/"},"author":{"name":"Sebastiano Plutino","@id":"https:\/\/progettotouring.it\/radiotouring104\/#\/schema\/person\/78613917f1851f041f7483f5af1d422e"},"headline":"Circolo Reggio Sud: &#8220;No alla Privatizzazione di Poste Italiane&#8221;","datePublished":"2024-02-23T09:37:21+00:00","dateModified":"2024-02-23T09:40:40+00:00","mainEntityOfPage":{"@id":"https:\/\/progettotouring.it\/radiotouring104\/2024\/02\/23\/circolo-reggio-sud-no-alla-privatizzazione-di-poste-italiane\/"},"wordCount":270,"publisher":{"@id":"https:\/\/progettotouring.it\/radiotouring104\/#organization"},"image":{"@id":"https:\/\/progettotouring.it\/radiotouring104\/2024\/02\/23\/circolo-reggio-sud-no-alla-privatizzazione-di-poste-italiane\/#primaryimage"},"thumbnailUrl":"https:\/\/progettotouring.it\/radiotouring104\/wp-content\/uploads\/sites\/6\/2024\/02\/Circolo-Reggio-Sud-privatizzazione-poste-iitaliane.jpeg","keywords":["Circolo Reggio Sud","lotta Sindacati Governo","no privatizzazione Poste Italiane","no vendita ulteriori quote poste"],"articleSection":["Home","News","Reggio Calabria"],"inLanguage":"it-IT"},{"@type":"WebPage","@id":"https:\/\/progettotouring.it\/radiotouring104\/2024\/02\/23\/circolo-reggio-sud-no-alla-privatizzazione-di-poste-italiane\/","url":"https:\/\/progettotouring.it\/radiotouring104\/2024\/02\/23\/circolo-reggio-sud-no-alla-privatizzazione-di-poste-italiane\/","name":"Circolo Reggio Sud: \"No alla Privatizzazione di Poste Italiane\"","isPartOf":{"@id":"https:\/\/progettotouring.it\/radiotouring104\/#website"},"primaryImageOfPage":{"@id":"https:\/\/progettotouring.it\/radiotouring104\/2024\/02\/23\/circolo-reggio-sud-no-alla-privatizzazione-di-poste-italiane\/#primaryimage"},"image":{"@id":"https:\/\/progettotouring.it\/radiotouring104\/2024\/02\/23\/circolo-reggio-sud-no-alla-privatizzazione-di-poste-italiane\/#primaryimage"},"thumbnailUrl":"https:\/\/progettotouring.it\/radiotouring104\/wp-content\/uploads\/sites\/6\/2024\/02\/Circolo-Reggio-Sud-privatizzazione-poste-iitaliane.jpeg","datePublished":"2024-02-23T09:37:21+00:00","dateModified":"2024-02-23T09:40:40+00:00","description":"Circolo \"ReggioSud\" difende Poste e chiede lotta ai Sindacati e politica di lottare, affinch\u00e9 Governo non svenda al mercato ulteriori quote","breadcrumb":{"@id":"https:\/\/progettotouring.it\/radiotouring104\/2024\/02\/23\/circolo-reggio-sud-no-alla-privatizzazione-di-poste-italiane\/#breadcrumb"},"inLanguage":"it-IT","potentialAction":[{"@type":"ReadAction","target":["https:\/\/progettotouring.it\/radiotouring104\/2024\/02\/23\/circolo-reggio-sud-no-alla-privatizzazione-di-poste-italiane\/"]}]},{"@type":"ImageObject","inLanguage":"it-IT","@id":"https:\/\/progettotouring.it\/radiotouring104\/2024\/02\/23\/circolo-reggio-sud-no-alla-privatizzazione-di-poste-italiane\/#primaryimage","url":"https:\/\/progettotouring.it\/radiotouring104\/wp-content\/uploads\/sites\/6\/2024\/02\/Circolo-Reggio-Sud-privatizzazione-poste-iitaliane.jpeg","contentUrl":"https:\/\/progettotouring.it\/radiotouring104\/wp-content\/uploads\/sites\/6\/2024\/02\/Circolo-Reggio-Sud-privatizzazione-poste-iitaliane.jpeg","width":916,"height":1086},{"@type":"BreadcrumbList","@id":"https:\/\/progettotouring.it\/radiotouring104\/2024\/02\/23\/circolo-reggio-sud-no-alla-privatizzazione-di-poste-italiane\/#breadcrumb","itemListElement":[{"@type":"ListItem","position":1,"name":"Home","item":"https:\/\/progettotouring.it\/radiotouring104\/"},{"@type":"ListItem","position":2,"name":"Circolo Reggio Sud: &#8220;No alla Privatizzazione di Poste Italiane&#8221;"}]},{"@type":"WebSite","@id":"https:\/\/progettotouring.it\/radiotouring104\/#website","url":"https:\/\/progettotouring.it\/radiotouring104\/","name":"Radio Touring 104","description":"La prima radio Reggina","publisher":{"@id":"https:\/\/progettotouring.it\/radiotouring104\/#organization"},"potentialAction":[{"@type":"SearchAction","target":{"@type":"EntryPoint","urlTemplate":"https:\/\/progettotouring.it\/radiotouring104\/?s={search_term_string}"},"query-input":{"@type":"PropertyValueSpecification","valueRequired":true,"valueName":"search_term_string"}}],"inLanguage":"it-IT"},{"@type":"Organization","@id":"https:\/\/progettotouring.it\/radiotouring104\/#organization","name":"Radio Touring 104","url":"https:\/\/progettotouring.it\/radiotouring104\/","logo":{"@type":"ImageObject","inLanguage":"it-IT","@id":"https:\/\/progettotouring.it\/radiotouring104\/#\/schema\/logo\/image\/","url":"https:\/\/progettotouring.it\/radiotouring104\/wp-content\/uploads\/sites\/6\/2022\/02\/cropped-logo-radio-touring-104.png","contentUrl":"https:\/\/progettotouring.it\/radiotouring104\/wp-content\/uploads\/sites\/6\/2022\/02\/cropped-logo-radio-touring-104.png","width":377,"height":182,"caption":"Radio Touring 104"},"image":{"@id":"https:\/\/progettotouring.it\/radiotouring104\/#\/schema\/logo\/image\/"}},{"@type":"Person","@id":"https:\/\/progettotouring.it\/radiotouring104\/#\/schema\/person\/78613917f1851f041f7483f5af1d422e","name":"Sebastiano Plutino","image":{"@type":"ImageObject","inLanguage":"it-IT","@id":"https:\/\/secure.gravatar.com\/avatar\/0546ffaa9b79224faf9f2a156b67a529ae861d3287c66c1d8ccfdf909bcba78d?s=96&d=mm&r=g","url":"https:\/\/secure.gravatar.com\/avatar\/0546ffaa9b79224faf9f2a156b67a529ae861d3287c66c1d8ccfdf909bcba78d?s=96&d=mm&r=g","contentUrl":"https:\/\/secure.gravatar.com\/avatar\/0546ffaa9b79224faf9f2a156b67a529ae861d3287c66c1d8ccfdf909bcba78d?s=96&d=mm&r=g","caption":"Sebastiano Plutino"},"url":"https:\/\/progettotouring.it\/radiotouring104\/author\/sebastiano\/"}]}},"jetpack_publicize_connections":[],"jetpack_featured_media_url":"https:\/\/progettotouring.it\/radiotouring104\/wp-content\/uploads\/sites\/6\/2024\/02\/Circolo-Reggio-Sud-privatizzazione-poste-iitaliane.jpeg","jetpack_sharing_enabled":true,"_links":{"self":[{"href":"https:\/\/progettotouring.it\/radiotouring104\/wp-json\/wp\/v2\/posts\/45255","targetHints":{"allow":["GET"]}}],"collection":[{"href":"https:\/\/progettotouring.it\/radiotouring104\/wp-json\/wp\/v2\/posts"}],"about":[{"href":"https:\/\/progettotouring.it\/radiotouring104\/wp-json\/wp\/v2\/types\/post"}],"author":[{"embeddable":true,"href":"https:\/\/progettotouring.it\/radiotouring104\/wp-json\/wp\/v2\/users\/12"}],"replies":[{"embeddable":true,"href":"https:\/\/progettotouring.it\/radiotouring104\/wp-json\/wp\/v2\/comments?post=45255"}],"version-history":[{"count":4,"href":"https:\/\/progettotouring.it\/radiotouring104\/wp-json\/wp\/v2\/posts\/45255\/revisions"}],"predecessor-version":[{"id":45258,"href":"https:\/\/progettotouring.it\/radiotouring104\/wp-json\/wp\/v2\/posts\/45255\/revisions\/45258"}],"wp:featuredmedia":[{"embeddable":true,"href":"https:\/\/progettotouring.it\/radiotouring104\/wp-json\/wp\/v2\/media\/45256"}],"wp:attachment":[{"href":"https:\/\/progettotouring.it\/radiotouring104\/wp-json\/wp\/v2\/media?parent=45255"}],"wp:term":[{"taxonomy":"category","embeddable":true,"href":"https:\/\/progettotouring.it\/radiotouring104\/wp-json\/wp\/v2\/categories?post=45255"},{"taxonomy":"post_tag","embeddable":true,"href":"https:\/\/progettotouring.it\/radiotouring104\/wp-json\/wp\/v2\/tags?post=45255"}],"curies":[{"name":"wp","href":"https:\/\/api.w.org\/{rel}","templated":true}]}}