{"id":45266,"date":"2024-02-23T11:09:42","date_gmt":"2024-02-23T10:09:42","guid":{"rendered":"https:\/\/progettotouring.it\/radiotouring104\/?p=45266"},"modified":"2024-02-23T11:12:22","modified_gmt":"2024-02-23T10:12:22","slug":"presidente-tar-calabria-ricorsi-in-aumento-come-prepandemia","status":"publish","type":"post","link":"https:\/\/progettotouring.it\/radiotouring104\/2024\/02\/23\/presidente-tar-calabria-ricorsi-in-aumento-come-prepandemia\/","title":{"rendered":"Presidente Tar Calabria: &#8220;Ricorsi in aumento come prepandemia&#8221;"},"content":{"rendered":"<p style=\"text-align: justify\"><em>&#8220;I ricorsi al Tar sono in aumento, alcune voci come quelle inerenti agli appalti pubblici sono addirittura raddoppiate. Possiamo dire che si ritorna sui livelli prepandemici&#8221;.<\/em><\/p>\n<p style=\"text-align: justify\"><strong>Lo ha detto,<\/strong> incontrando i giornalisti in occasione dell&#8217;inaugurazione dell&#8217;anno giudiziario del Tribunale amministrativo della Calabria<strong>, il presidente Giancarlo Pennetti.<\/strong><br \/>\n<em>&#8220;Questo<\/em> &#8211; ha aggiunto &#8211;<em> significa che \u00e8 finita quella fase virtuosa legata anche un po&#8217; alla pandemia che per un verso limitava l&#8217;arrivo dei ricorsi e per l&#8217;altro offriva strumenti di smaltimento per contrastare l&#8217;arretrato. Penso soprattutto alle udienze da remoto finanziate con il Pnrr mediante udienze aggiuntive&#8221;.<\/em><\/p>\n<p style=\"text-align: justify\"><strong>Il presidente al riguardo ha detto che<\/strong> <em>&#8220;purtroppo adesso il Pnrr \u00e8 concentrato solo sui grandi numeri dei grossi Tar come Milano, Napoli, Catania, Roma e noi non abbiamo potuto, l&#8217;anno scorso, approfittarne ancora. Il contenzioso pendente al 31\/12\/2019 sostanzialmente lo abbiamo eliminato. Restano un centinaio di ricorsi, non di pi\u00f9, che saranno eliminati nel corso dell&#8217;anno. La preoccupazione \u00e8 per il futuro, per il 2020-2021, perch\u00e9 si tratta di masse di ricorsi che aspettano di essere affrontati. Il vero problema di questo Tar \u00e8 il dato dello scoperto di organico che dovrebbe essere di 12 magistrati e invece \u00e8 di 8, compresi due presidenti. Ho chiesto al Consiglio di presidenza della giustizia amministrativa, di provvedere, per\u00f2 abbiamo il timore che i grandi numeri di Tar pi\u00f9 importanti o l&#8217;esigenza di nuove sezioni interne che sono state create in Tar di altre regioni possano nuocerci. Se avessi due magistrati in pi\u00f9 subito potrei lavorare molto meglio&#8221;.<\/em><\/p>\n<p style=\"text-align: justify\"><strong>Quello dello scoperto di organico, ha detto Pennetti<\/strong><em>, &#8220;\u00e8 un tema che potrebbe sembrare quasi un alibi. A furia di ripetere certe verit\u00e0 si svuotano di senso, ma abbiamo bisogno di pi\u00f9 magistrati perch\u00e9 dobbiamo lavorare sulla quantit\u00e0 e sulla qualit\u00e0. Una giustizia che non pu\u00f2 contare su un numero di magistrati adeguato in un territorio in cui la domanda di giustizia c&#8217;\u00e8, finisce per essere supplita dai poteri anche criminali locali che si inseriscono, a volte su richiesta, per sanare piccole liti, ma questo crea consenso e fiducia a queste organizzazioni&#8221;.<\/em><\/p>\n<p style=\"text-align: justify\"><strong>Quanto alle domande prevalenti il presidente ha detto:<\/strong> <em>&#8220;Siamo stati meno impegnati con le interdittive che sono in decremento. L&#8217;impegno maggiore \u00e8 per gli appalti dei contratti pubblici. Il nuovo codice degli appalti non ha sprigionato tutte quelle energie che ci si aspetta in funzione deflattiva del contenzioso. Abbiamo lavorato ancora sui bandi emanati della normativa previgente, quindi del vecchio codice. Il numero delle domande \u00e8 elevato. Ci sono anche circa 24 ricorsi riferiti al Pnrr&#8221;.<\/em><\/p>\n<p style=\"text-align: justify\"><strong>Al primo posto come numero di contenziosi, dunque, ci sono gli appalti pubblici, di servizi e opere pubbliche.<\/strong> Quanto ai settori in cui sono aumentati i ricorsi c&#8217;\u00e8 l&#8217;ambito sanitario, stranieri, indirizzo urbanistica, espropriazione per pubblica utilit\u00e0, ordinanze contingibili e urgenti adottate dai sindaci,<strong> il dato nuovo, tuttavia \u00e8 stato quello degli appalti <\/strong><em>&#8220;la maggior parte dei quali &#8211;<\/em> <strong>ha concluso Pennetti<\/strong> &#8211; <em>provengono quasi esclusivamente dalla provincia di Cosenza, molto meno le altre province&#8221;.<\/em><\/p>\n<div id=\"inArticle\">\n<aside>\n<div class=\"ob-smartfeed-wrapper feedIdx-0\">\n<div id=\"outbrain_widget_0\" class=\"OUTBRAIN\" data-src=\"DROP_PERMALINK_HERE\" data-widget-id=\"AR_4\" data-ob-mark=\"true\" data-browser=\"chrome\" data-os=\"win32\" data-dynload=\"\" data-idx=\"0\">\n<div class=\"ob-widget ob-feed-layout CR_7\">\n<div class=\"ob-widget-header\"><span class=\"ob-widget-text\">\u00a0<\/span><\/div>\n<\/div>\n<\/div>\n<\/div>\n<\/aside>\n<\/div>\n","protected":false},"excerpt":{"rendered":"<p>&#8220;I ricorsi al Tar sono in aumento, alcune voci come quelle inerenti agli appalti pubblici sono addirittura raddoppiate. Possiamo dire che si ritorna sui livelli prepandemici&#8221;. Lo ha detto, incontrando&hellip;<\/p>\n","protected":false},"author":12,"featured_media":6478,"comment_status":"closed","ping_status":"open","sticky":false,"template":"","format":"standard","meta":{"_jetpack_memberships_contains_paid_content":false,"footnotes":"","jetpack_publicize_message":"","jetpack_publicize_feature_enabled":true,"jetpack_social_post_already_shared":false,"jetpack_social_options":{"image_generator_settings":{"template":"highway","default_image_id":0,"font":"","enabled":false},"version":2}},"categories":[142,921,196],"tags":[27993,27992,27994,13940],"class_list":["post-45266","post","type-post","status-publish","format-standard","has-post-thumbnail","hentry","category-calabria","category-home","category-news","tag-aumento-ricorsi","tag-giancarlo-pennetti","tag-livelli-pre-pandemia","tag-tar-calabria"],"yoast_head":"<!-- This site is optimized with the Yoast SEO plugin v27.2 - https:\/\/yoast.com\/product\/yoast-seo-wordpress\/ -->\n<title>Presidente Tar Calabria: &quot;Ricorsi in aumento come prepandemia&quot;<\/title>\n<meta name=\"description\" content=\"&quot;I ricorsi al Tar sono in aumento, alcune voci come quelle inerenti agli appalti pubblici sono raddoppiate.&quot;, dichiara Pennetti\" \/>\n<meta name=\"robots\" content=\"index, follow, max-snippet:-1, max-image-preview:large, max-video-preview:-1\" \/>\n<link rel=\"canonical\" href=\"https:\/\/progettotouring.it\/radiotouring104\/2024\/02\/23\/presidente-tar-calabria-ricorsi-in-aumento-come-prepandemia\/\" \/>\n<meta property=\"og:locale\" content=\"it_IT\" \/>\n<meta property=\"og:type\" content=\"article\" \/>\n<meta property=\"og:title\" content=\"Presidente Tar Calabria: &quot;Ricorsi in aumento come prepandemia&quot;\" \/>\n<meta property=\"og:description\" content=\"&quot;I ricorsi al Tar sono in aumento, alcune voci come quelle inerenti agli appalti pubblici sono raddoppiate.&quot;, dichiara Pennetti\" \/>\n<meta property=\"og:url\" content=\"https:\/\/progettotouring.it\/radiotouring104\/2024\/02\/23\/presidente-tar-calabria-ricorsi-in-aumento-come-prepandemia\/\" \/>\n<meta property=\"og:site_name\" content=\"Radio Touring 104\" \/>\n<meta property=\"article:published_time\" content=\"2024-02-23T10:09:42+00:00\" \/>\n<meta property=\"article:modified_time\" content=\"2024-02-23T10:12:22+00:00\" \/>\n<meta property=\"og:image\" content=\"https:\/\/progettotouring.it\/radiotouring104\/wp-content\/uploads\/sites\/6\/2022\/06\/tribunale.jpg\" \/>\n\t<meta property=\"og:image:width\" content=\"602\" \/>\n\t<meta property=\"og:image:height\" content=\"339\" \/>\n\t<meta property=\"og:image:type\" content=\"image\/jpeg\" \/>\n<meta name=\"author\" content=\"Sebastiano Plutino\" \/>\n<meta name=\"twitter:card\" content=\"summary_large_image\" \/>\n<meta name=\"twitter:label1\" content=\"Scritto da\" \/>\n\t<meta name=\"twitter:data1\" content=\"Sebastiano Plutino\" \/>\n\t<meta name=\"twitter:label2\" content=\"Tempo di lettura stimato\" \/>\n\t<meta name=\"twitter:data2\" content=\"2 minuti\" \/>\n<script type=\"application\/ld+json\" class=\"yoast-schema-graph\">{\"@context\":\"https:\/\/schema.org\",\"@graph\":[{\"@type\":\"Article\",\"@id\":\"https:\/\/progettotouring.it\/radiotouring104\/2024\/02\/23\/presidente-tar-calabria-ricorsi-in-aumento-come-prepandemia\/#article\",\"isPartOf\":{\"@id\":\"https:\/\/progettotouring.it\/radiotouring104\/2024\/02\/23\/presidente-tar-calabria-ricorsi-in-aumento-come-prepandemia\/\"},\"author\":{\"name\":\"Sebastiano Plutino\",\"@id\":\"https:\/\/progettotouring.it\/radiotouring104\/#\/schema\/person\/78613917f1851f041f7483f5af1d422e\"},\"headline\":\"Presidente Tar Calabria: &#8220;Ricorsi in aumento come prepandemia&#8221;\",\"datePublished\":\"2024-02-23T10:09:42+00:00\",\"dateModified\":\"2024-02-23T10:12:22+00:00\",\"mainEntityOfPage\":{\"@id\":\"https:\/\/progettotouring.it\/radiotouring104\/2024\/02\/23\/presidente-tar-calabria-ricorsi-in-aumento-come-prepandemia\/\"},\"wordCount\":489,\"publisher\":{\"@id\":\"https:\/\/progettotouring.it\/radiotouring104\/#organization\"},\"image\":{\"@id\":\"https:\/\/progettotouring.it\/radiotouring104\/2024\/02\/23\/presidente-tar-calabria-ricorsi-in-aumento-come-prepandemia\/#primaryimage\"},\"thumbnailUrl\":\"https:\/\/progettotouring.it\/radiotouring104\/wp-content\/uploads\/sites\/6\/2022\/06\/tribunale.jpg\",\"keywords\":[\"aumento ricorsi\",\"Giancarlo Pennetti\",\"livelli pre pandemia\",\"Tar Calabria\"],\"articleSection\":[\"Calabria\",\"Home\",\"News\"],\"inLanguage\":\"it-IT\"},{\"@type\":\"WebPage\",\"@id\":\"https:\/\/progettotouring.it\/radiotouring104\/2024\/02\/23\/presidente-tar-calabria-ricorsi-in-aumento-come-prepandemia\/\",\"url\":\"https:\/\/progettotouring.it\/radiotouring104\/2024\/02\/23\/presidente-tar-calabria-ricorsi-in-aumento-come-prepandemia\/\",\"name\":\"Presidente Tar Calabria: \\\"Ricorsi in aumento come prepandemia\\\"\",\"isPartOf\":{\"@id\":\"https:\/\/progettotouring.it\/radiotouring104\/#website\"},\"primaryImageOfPage\":{\"@id\":\"https:\/\/progettotouring.it\/radiotouring104\/2024\/02\/23\/presidente-tar-calabria-ricorsi-in-aumento-come-prepandemia\/#primaryimage\"},\"image\":{\"@id\":\"https:\/\/progettotouring.it\/radiotouring104\/2024\/02\/23\/presidente-tar-calabria-ricorsi-in-aumento-come-prepandemia\/#primaryimage\"},\"thumbnailUrl\":\"https:\/\/progettotouring.it\/radiotouring104\/wp-content\/uploads\/sites\/6\/2022\/06\/tribunale.jpg\",\"datePublished\":\"2024-02-23T10:09:42+00:00\",\"dateModified\":\"2024-02-23T10:12:22+00:00\",\"description\":\"\\\"I ricorsi al Tar sono in aumento, alcune voci come quelle inerenti agli appalti pubblici sono raddoppiate.\\\", dichiara Pennetti\",\"breadcrumb\":{\"@id\":\"https:\/\/progettotouring.it\/radiotouring104\/2024\/02\/23\/presidente-tar-calabria-ricorsi-in-aumento-come-prepandemia\/#breadcrumb\"},\"inLanguage\":\"it-IT\",\"potentialAction\":[{\"@type\":\"ReadAction\",\"target\":[\"https:\/\/progettotouring.it\/radiotouring104\/2024\/02\/23\/presidente-tar-calabria-ricorsi-in-aumento-come-prepandemia\/\"]}]},{\"@type\":\"ImageObject\",\"inLanguage\":\"it-IT\",\"@id\":\"https:\/\/progettotouring.it\/radiotouring104\/2024\/02\/23\/presidente-tar-calabria-ricorsi-in-aumento-come-prepandemia\/#primaryimage\",\"url\":\"https:\/\/progettotouring.it\/radiotouring104\/wp-content\/uploads\/sites\/6\/2022\/06\/tribunale.jpg\",\"contentUrl\":\"https:\/\/progettotouring.it\/radiotouring104\/wp-content\/uploads\/sites\/6\/2022\/06\/tribunale.jpg\",\"width\":602,\"height\":339},{\"@type\":\"BreadcrumbList\",\"@id\":\"https:\/\/progettotouring.it\/radiotouring104\/2024\/02\/23\/presidente-tar-calabria-ricorsi-in-aumento-come-prepandemia\/#breadcrumb\",\"itemListElement\":[{\"@type\":\"ListItem\",\"position\":1,\"name\":\"Home\",\"item\":\"https:\/\/progettotouring.it\/radiotouring104\/\"},{\"@type\":\"ListItem\",\"position\":2,\"name\":\"Presidente Tar Calabria: &#8220;Ricorsi in aumento come prepandemia&#8221;\"}]},{\"@type\":\"WebSite\",\"@id\":\"https:\/\/progettotouring.it\/radiotouring104\/#website\",\"url\":\"https:\/\/progettotouring.it\/radiotouring104\/\",\"name\":\"Radio Touring 104\",\"description\":\"La prima radio Reggina\",\"publisher\":{\"@id\":\"https:\/\/progettotouring.it\/radiotouring104\/#organization\"},\"potentialAction\":[{\"@type\":\"SearchAction\",\"target\":{\"@type\":\"EntryPoint\",\"urlTemplate\":\"https:\/\/progettotouring.it\/radiotouring104\/?s={search_term_string}\"},\"query-input\":{\"@type\":\"PropertyValueSpecification\",\"valueRequired\":true,\"valueName\":\"search_term_string\"}}],\"inLanguage\":\"it-IT\"},{\"@type\":\"Organization\",\"@id\":\"https:\/\/progettotouring.it\/radiotouring104\/#organization\",\"name\":\"Radio Touring 104\",\"url\":\"https:\/\/progettotouring.it\/radiotouring104\/\",\"logo\":{\"@type\":\"ImageObject\",\"inLanguage\":\"it-IT\",\"@id\":\"https:\/\/progettotouring.it\/radiotouring104\/#\/schema\/logo\/image\/\",\"url\":\"https:\/\/progettotouring.it\/radiotouring104\/wp-content\/uploads\/sites\/6\/2022\/02\/cropped-logo-radio-touring-104.png\",\"contentUrl\":\"https:\/\/progettotouring.it\/radiotouring104\/wp-content\/uploads\/sites\/6\/2022\/02\/cropped-logo-radio-touring-104.png\",\"width\":377,\"height\":182,\"caption\":\"Radio Touring 104\"},\"image\":{\"@id\":\"https:\/\/progettotouring.it\/radiotouring104\/#\/schema\/logo\/image\/\"}},{\"@type\":\"Person\",\"@id\":\"https:\/\/progettotouring.it\/radiotouring104\/#\/schema\/person\/78613917f1851f041f7483f5af1d422e\",\"name\":\"Sebastiano Plutino\",\"image\":{\"@type\":\"ImageObject\",\"inLanguage\":\"it-IT\",\"@id\":\"https:\/\/secure.gravatar.com\/avatar\/0546ffaa9b79224faf9f2a156b67a529ae861d3287c66c1d8ccfdf909bcba78d?s=96&d=mm&r=g\",\"url\":\"https:\/\/secure.gravatar.com\/avatar\/0546ffaa9b79224faf9f2a156b67a529ae861d3287c66c1d8ccfdf909bcba78d?s=96&d=mm&r=g\",\"contentUrl\":\"https:\/\/secure.gravatar.com\/avatar\/0546ffaa9b79224faf9f2a156b67a529ae861d3287c66c1d8ccfdf909bcba78d?s=96&d=mm&r=g\",\"caption\":\"Sebastiano Plutino\"},\"url\":\"https:\/\/progettotouring.it\/radiotouring104\/author\/sebastiano\/\"}]}<\/script>\n<!-- \/ Yoast SEO plugin. -->","yoast_head_json":{"title":"Presidente Tar Calabria: \"Ricorsi in aumento come prepandemia\"","description":"\"I ricorsi al Tar sono in aumento, alcune voci come quelle inerenti agli appalti pubblici sono raddoppiate.\", dichiara Pennetti","robots":{"index":"index","follow":"follow","max-snippet":"max-snippet:-1","max-image-preview":"max-image-preview:large","max-video-preview":"max-video-preview:-1"},"canonical":"https:\/\/progettotouring.it\/radiotouring104\/2024\/02\/23\/presidente-tar-calabria-ricorsi-in-aumento-come-prepandemia\/","og_locale":"it_IT","og_type":"article","og_title":"Presidente Tar Calabria: \"Ricorsi in aumento come prepandemia\"","og_description":"\"I ricorsi al Tar sono in aumento, alcune voci come quelle inerenti agli appalti pubblici sono raddoppiate.\", dichiara Pennetti","og_url":"https:\/\/progettotouring.it\/radiotouring104\/2024\/02\/23\/presidente-tar-calabria-ricorsi-in-aumento-come-prepandemia\/","og_site_name":"Radio Touring 104","article_published_time":"2024-02-23T10:09:42+00:00","article_modified_time":"2024-02-23T10:12:22+00:00","og_image":[{"width":602,"height":339,"url":"https:\/\/progettotouring.it\/radiotouring104\/wp-content\/uploads\/sites\/6\/2022\/06\/tribunale.jpg","type":"image\/jpeg"}],"author":"Sebastiano Plutino","twitter_card":"summary_large_image","twitter_misc":{"Scritto da":"Sebastiano Plutino","Tempo di lettura stimato":"2 minuti"},"schema":{"@context":"https:\/\/schema.org","@graph":[{"@type":"Article","@id":"https:\/\/progettotouring.it\/radiotouring104\/2024\/02\/23\/presidente-tar-calabria-ricorsi-in-aumento-come-prepandemia\/#article","isPartOf":{"@id":"https:\/\/progettotouring.it\/radiotouring104\/2024\/02\/23\/presidente-tar-calabria-ricorsi-in-aumento-come-prepandemia\/"},"author":{"name":"Sebastiano Plutino","@id":"https:\/\/progettotouring.it\/radiotouring104\/#\/schema\/person\/78613917f1851f041f7483f5af1d422e"},"headline":"Presidente Tar Calabria: &#8220;Ricorsi in aumento come prepandemia&#8221;","datePublished":"2024-02-23T10:09:42+00:00","dateModified":"2024-02-23T10:12:22+00:00","mainEntityOfPage":{"@id":"https:\/\/progettotouring.it\/radiotouring104\/2024\/02\/23\/presidente-tar-calabria-ricorsi-in-aumento-come-prepandemia\/"},"wordCount":489,"publisher":{"@id":"https:\/\/progettotouring.it\/radiotouring104\/#organization"},"image":{"@id":"https:\/\/progettotouring.it\/radiotouring104\/2024\/02\/23\/presidente-tar-calabria-ricorsi-in-aumento-come-prepandemia\/#primaryimage"},"thumbnailUrl":"https:\/\/progettotouring.it\/radiotouring104\/wp-content\/uploads\/sites\/6\/2022\/06\/tribunale.jpg","keywords":["aumento ricorsi","Giancarlo Pennetti","livelli pre pandemia","Tar Calabria"],"articleSection":["Calabria","Home","News"],"inLanguage":"it-IT"},{"@type":"WebPage","@id":"https:\/\/progettotouring.it\/radiotouring104\/2024\/02\/23\/presidente-tar-calabria-ricorsi-in-aumento-come-prepandemia\/","url":"https:\/\/progettotouring.it\/radiotouring104\/2024\/02\/23\/presidente-tar-calabria-ricorsi-in-aumento-come-prepandemia\/","name":"Presidente Tar Calabria: \"Ricorsi in aumento come prepandemia\"","isPartOf":{"@id":"https:\/\/progettotouring.it\/radiotouring104\/#website"},"primaryImageOfPage":{"@id":"https:\/\/progettotouring.it\/radiotouring104\/2024\/02\/23\/presidente-tar-calabria-ricorsi-in-aumento-come-prepandemia\/#primaryimage"},"image":{"@id":"https:\/\/progettotouring.it\/radiotouring104\/2024\/02\/23\/presidente-tar-calabria-ricorsi-in-aumento-come-prepandemia\/#primaryimage"},"thumbnailUrl":"https:\/\/progettotouring.it\/radiotouring104\/wp-content\/uploads\/sites\/6\/2022\/06\/tribunale.jpg","datePublished":"2024-02-23T10:09:42+00:00","dateModified":"2024-02-23T10:12:22+00:00","description":"\"I ricorsi al Tar sono in aumento, alcune voci come quelle inerenti agli appalti pubblici sono raddoppiate.\", dichiara Pennetti","breadcrumb":{"@id":"https:\/\/progettotouring.it\/radiotouring104\/2024\/02\/23\/presidente-tar-calabria-ricorsi-in-aumento-come-prepandemia\/#breadcrumb"},"inLanguage":"it-IT","potentialAction":[{"@type":"ReadAction","target":["https:\/\/progettotouring.it\/radiotouring104\/2024\/02\/23\/presidente-tar-calabria-ricorsi-in-aumento-come-prepandemia\/"]}]},{"@type":"ImageObject","inLanguage":"it-IT","@id":"https:\/\/progettotouring.it\/radiotouring104\/2024\/02\/23\/presidente-tar-calabria-ricorsi-in-aumento-come-prepandemia\/#primaryimage","url":"https:\/\/progettotouring.it\/radiotouring104\/wp-content\/uploads\/sites\/6\/2022\/06\/tribunale.jpg","contentUrl":"https:\/\/progettotouring.it\/radiotouring104\/wp-content\/uploads\/sites\/6\/2022\/06\/tribunale.jpg","width":602,"height":339},{"@type":"BreadcrumbList","@id":"https:\/\/progettotouring.it\/radiotouring104\/2024\/02\/23\/presidente-tar-calabria-ricorsi-in-aumento-come-prepandemia\/#breadcrumb","itemListElement":[{"@type":"ListItem","position":1,"name":"Home","item":"https:\/\/progettotouring.it\/radiotouring104\/"},{"@type":"ListItem","position":2,"name":"Presidente Tar Calabria: &#8220;Ricorsi in aumento come prepandemia&#8221;"}]},{"@type":"WebSite","@id":"https:\/\/progettotouring.it\/radiotouring104\/#website","url":"https:\/\/progettotouring.it\/radiotouring104\/","name":"Radio Touring 104","description":"La prima radio Reggina","publisher":{"@id":"https:\/\/progettotouring.it\/radiotouring104\/#organization"},"potentialAction":[{"@type":"SearchAction","target":{"@type":"EntryPoint","urlTemplate":"https:\/\/progettotouring.it\/radiotouring104\/?s={search_term_string}"},"query-input":{"@type":"PropertyValueSpecification","valueRequired":true,"valueName":"search_term_string"}}],"inLanguage":"it-IT"},{"@type":"Organization","@id":"https:\/\/progettotouring.it\/radiotouring104\/#organization","name":"Radio Touring 104","url":"https:\/\/progettotouring.it\/radiotouring104\/","logo":{"@type":"ImageObject","inLanguage":"it-IT","@id":"https:\/\/progettotouring.it\/radiotouring104\/#\/schema\/logo\/image\/","url":"https:\/\/progettotouring.it\/radiotouring104\/wp-content\/uploads\/sites\/6\/2022\/02\/cropped-logo-radio-touring-104.png","contentUrl":"https:\/\/progettotouring.it\/radiotouring104\/wp-content\/uploads\/sites\/6\/2022\/02\/cropped-logo-radio-touring-104.png","width":377,"height":182,"caption":"Radio Touring 104"},"image":{"@id":"https:\/\/progettotouring.it\/radiotouring104\/#\/schema\/logo\/image\/"}},{"@type":"Person","@id":"https:\/\/progettotouring.it\/radiotouring104\/#\/schema\/person\/78613917f1851f041f7483f5af1d422e","name":"Sebastiano Plutino","image":{"@type":"ImageObject","inLanguage":"it-IT","@id":"https:\/\/secure.gravatar.com\/avatar\/0546ffaa9b79224faf9f2a156b67a529ae861d3287c66c1d8ccfdf909bcba78d?s=96&d=mm&r=g","url":"https:\/\/secure.gravatar.com\/avatar\/0546ffaa9b79224faf9f2a156b67a529ae861d3287c66c1d8ccfdf909bcba78d?s=96&d=mm&r=g","contentUrl":"https:\/\/secure.gravatar.com\/avatar\/0546ffaa9b79224faf9f2a156b67a529ae861d3287c66c1d8ccfdf909bcba78d?s=96&d=mm&r=g","caption":"Sebastiano Plutino"},"url":"https:\/\/progettotouring.it\/radiotouring104\/author\/sebastiano\/"}]}},"jetpack_publicize_connections":[],"jetpack_featured_media_url":"https:\/\/progettotouring.it\/radiotouring104\/wp-content\/uploads\/sites\/6\/2022\/06\/tribunale.jpg","jetpack_sharing_enabled":true,"_links":{"self":[{"href":"https:\/\/progettotouring.it\/radiotouring104\/wp-json\/wp\/v2\/posts\/45266","targetHints":{"allow":["GET"]}}],"collection":[{"href":"https:\/\/progettotouring.it\/radiotouring104\/wp-json\/wp\/v2\/posts"}],"about":[{"href":"https:\/\/progettotouring.it\/radiotouring104\/wp-json\/wp\/v2\/types\/post"}],"author":[{"embeddable":true,"href":"https:\/\/progettotouring.it\/radiotouring104\/wp-json\/wp\/v2\/users\/12"}],"replies":[{"embeddable":true,"href":"https:\/\/progettotouring.it\/radiotouring104\/wp-json\/wp\/v2\/comments?post=45266"}],"version-history":[{"count":2,"href":"https:\/\/progettotouring.it\/radiotouring104\/wp-json\/wp\/v2\/posts\/45266\/revisions"}],"predecessor-version":[{"id":45268,"href":"https:\/\/progettotouring.it\/radiotouring104\/wp-json\/wp\/v2\/posts\/45266\/revisions\/45268"}],"wp:featuredmedia":[{"embeddable":true,"href":"https:\/\/progettotouring.it\/radiotouring104\/wp-json\/wp\/v2\/media\/6478"}],"wp:attachment":[{"href":"https:\/\/progettotouring.it\/radiotouring104\/wp-json\/wp\/v2\/media?parent=45266"}],"wp:term":[{"taxonomy":"category","embeddable":true,"href":"https:\/\/progettotouring.it\/radiotouring104\/wp-json\/wp\/v2\/categories?post=45266"},{"taxonomy":"post_tag","embeddable":true,"href":"https:\/\/progettotouring.it\/radiotouring104\/wp-json\/wp\/v2\/tags?post=45266"}],"curies":[{"name":"wp","href":"https:\/\/api.w.org\/{rel}","templated":true}]}}