{"id":45290,"date":"2024-02-23T12:09:18","date_gmt":"2024-02-23T11:09:18","guid":{"rendered":"https:\/\/progettotouring.it\/radiotouring104\/?p=45290"},"modified":"2024-02-23T12:21:47","modified_gmt":"2024-02-23T11:21:47","slug":"reggio-ripepi-attacca-falcomata-su-piste-ciclabili-sindaco-smascherato-dalle-delibere-di-giunta","status":"publish","type":"post","link":"https:\/\/progettotouring.it\/radiotouring104\/2024\/02\/23\/reggio-ripepi-attacca-falcomata-su-piste-ciclabili-sindaco-smascherato-dalle-delibere-di-giunta\/","title":{"rendered":"Reggio, Ripepi attacca Falcomat\u00e0 su piste ciclabili: &#8220;Sindaco smascherato dalle delibere di Giunta."},"content":{"rendered":"<p class=\"xmprfx_MsoNormal\" style=\"text-align: justify\">Giuseppe Falcomat\u00e0 ha capito che le bugie vadano dette \u201cbene\u201d, che debbano essere vicinissime alla verit\u00e0, perch\u00e9 altrimenti non sono credibili. Per rifarsi la verginit\u00e0 politica dopo i danni incalcolabili provocati da quasi dieci anni di devastazione politico-amministrativa, il primo cittadino la spara sempre pi\u00f9 grossa con la certezza che i cittadini ignari e sofferenti, non riusciranno mai ad avere il tempo e la fantasia di indagare per scoprire l\u2019inganno.<\/p>\n<p class=\"xmprfx_MsoNormal\" style=\"text-align: justify\"><strong>Oggi ho ritirato dall\u2019ufficio apposito del Comune i verbali delle delibere di Giunta<\/strong> N.151 del 29\/06\/2023, N.139 del 20\/06\/2023, n. 202 del 22\/09\/2023 e n.221 del 11\/10\/2023,<strong> nelle quali viene certificato inconfutabilmente che tutte le responsabilit\u00e0 dello scempio delle piste ciclabili siano solo della parte politica al governo della citt\u00e0,<\/strong> che ha deciso di realizzarle dopo aver visionato molteplici allegati progettuali che indicavano con precisione la collocazione tra le strade urbane.<\/p>\n<p class=\"xmprfx_MsoNormal\" style=\"text-align: justify\"><strong>Il Sindaco ff Paolo Brunetti e la sua Giunta hanno autorizzato l\u2019inizio dei lavori<\/strong> e l\u2019Assessore competente <strong>Domenico Battaglia,<\/strong> casualmente assente nel corso delle due delibere di Giunta di Settembre e Ottobre, risultava per\u00f2 presente il 23 Maggio 2023 alla prima riunione del tavolo tecnico, durante il quale \u00e8 stata concessa l\u2019autorizzazione tecnico-politica per la realizzazione delle piste ciclabili.<\/p>\n<p class=\"xmprfx_MsoNormal\" style=\"text-align: justify\"><strong>Il comportamento attuale di Giuseppe Falcomat\u00e0 \u00e8 fin troppo chiaro<\/strong> e pienamente coerente con il primo, secondo e terzo tempo del suo mandato: un decennio nefasto per la nostra citt\u00e0 in cui non ha mai smesso di ingannare i cittadini con clamorose bugie di taglio altamente \u201cprofessionale\u201d, confezionate anche attraverso il suo imponente ufficio stampa, vera bussola dell\u2019amministrazione reggina.<\/p>\n<p class=\"xmprfx_MsoNormal\" style=\"text-align: justify\">Il danno pi\u00f9 grande generato da questa assurda storia \u00e8 la dimestichezza ormai scientifica con cui il rappresentante di tutti noi, riesce a prendere in giro i cittadini. Prima di giungere alle responsabilit\u00e0 tecniche del Rup (Responsabile Unico Procedimento) e dei progettisti, il Sindaco avrebbe dovuto chiedere le immediate dimissioni del Sindaco ff Paolo Brunetti e dell\u2019Assessore alla mobilit\u00e0 Domenico Battaglia, quale atto dovuto per i guasti procurati. Trascorsi ben tre mesi dal suo rientro al Comune, senza che ci sia stata in prima battuta la doverosa verifica dei danni fatti dai suoi predecessori, si sarebbe dovuto dimettere anche lui. Purtroppo per\u00f2 la politica non ha pi\u00f9 regole, perch\u00e9 gli uomini che la rappresentano non percorrono pi\u00f9 binari di etica e di morale, vale a dire gli elementi chiave dell\u2019agire pubblico.<\/p>\n<p class=\"xmprfx_MsoNormal\" style=\"text-align: justify\">Abbiamo in ogni modo cercato di arrestare la realizzazione di queste sgangherate ed errate piste ciclabili, ennesimo frutto dell\u2019infinita sciatteria dell\u2019amministrazione pi\u00f9 scadente della storia del nostro territorio.<\/p>\n<p class=\"xmprfx_MsoNormal\" style=\"text-align: justify\">Una citt\u00e0 moderna deve disporre di piste ciclabili sicure e funzionali, lontane anni luce da quelle volute prima e rinnegate dopo dal nostro Sindaco \u201cPinocchio\u201d, il quale si copre perlopi\u00f9 di ridicolo condannando con degli assurdi video desolanti e desolati, il lavoro dei propri uomini, come successo l\u2019altra sera. Senza eguali a livello nazionale \u00e8 la perversa capacit\u00e0 dell\u2019amministrazione Falcomat\u00e0, di accumulare colossali figuracce e di palesare bugie in forma seriale. Diciamo basta a questa emorragia di speranza e fiducia per Reggio Calabria, che merita ben altro per il suo presente e per il suo futuro!<\/p>\n","protected":false},"excerpt":{"rendered":"<p>Giuseppe Falcomat\u00e0 ha capito che le bugie vadano dette \u201cbene\u201d, che debbano essere vicinissime alla verit\u00e0, perch\u00e9 altrimenti non sono credibili. Per rifarsi la verginit\u00e0 politica dopo i danni incalcolabili&hellip;<\/p>\n","protected":false},"author":12,"featured_media":9958,"comment_status":"closed","ping_status":"open","sticky":false,"template":"","format":"standard","meta":{"_jetpack_memberships_contains_paid_content":false,"footnotes":"","jetpack_publicize_message":"","jetpack_publicize_feature_enabled":true,"jetpack_social_post_already_shared":false,"jetpack_social_options":{"image_generator_settings":{"template":"highway","default_image_id":0,"font":"","enabled":false},"version":2}},"categories":[921,196],"tags":[4206,812,808,28007,28008,15269],"class_list":["post-45290","post","type-post","status-publish","format-standard","has-post-thumbnail","hentry","category-home","category-news","tag-domenico-battaglia","tag-giuseppe-falcomata","tag-massimo-ripepi","tag-piste-ciclabili","tag-ripepi-attacca-falcomata-su-piste-ciclabili","tag-sindaco-f-f-brunetti"],"yoast_head":"<!-- This site is optimized with the Yoast SEO plugin v27.2 - https:\/\/yoast.com\/product\/yoast-seo-wordpress\/ -->\n<title>Reggio, Ripepi attacca Falcomat\u00e0 su piste ciclabili<\/title>\n<meta name=\"description\" content=\"Ripepi comunica il ritiro dei verbali delle delibere di Giunta, nei quali ci sarebbe la responsabilit\u00e0 politica sulle piste ciclabili\" \/>\n<meta name=\"robots\" content=\"index, follow, max-snippet:-1, max-image-preview:large, max-video-preview:-1\" \/>\n<link rel=\"canonical\" href=\"https:\/\/progettotouring.it\/radiotouring104\/2024\/02\/23\/reggio-ripepi-attacca-falcomata-su-piste-ciclabili-sindaco-smascherato-dalle-delibere-di-giunta\/\" \/>\n<meta property=\"og:locale\" content=\"it_IT\" \/>\n<meta property=\"og:type\" content=\"article\" \/>\n<meta property=\"og:title\" content=\"Reggio, Ripepi attacca Falcomat\u00e0 su piste ciclabili\" \/>\n<meta property=\"og:description\" content=\"Ripepi comunica il ritiro dei verbali delle delibere di Giunta, nei quali ci sarebbe la responsabilit\u00e0 politica sulle piste ciclabili\" \/>\n<meta property=\"og:url\" content=\"https:\/\/progettotouring.it\/radiotouring104\/2024\/02\/23\/reggio-ripepi-attacca-falcomata-su-piste-ciclabili-sindaco-smascherato-dalle-delibere-di-giunta\/\" \/>\n<meta property=\"og:site_name\" content=\"Radio Touring 104\" \/>\n<meta property=\"article:published_time\" content=\"2024-02-23T11:09:18+00:00\" \/>\n<meta property=\"article:modified_time\" content=\"2024-02-23T11:21:47+00:00\" \/>\n<meta property=\"og:image\" content=\"https:\/\/progettotouring.it\/radiotouring104\/wp-content\/uploads\/sites\/6\/2022\/09\/massimo-ripepi.jpeg\" \/>\n\t<meta property=\"og:image:width\" content=\"671\" \/>\n\t<meta property=\"og:image:height\" content=\"879\" \/>\n\t<meta property=\"og:image:type\" content=\"image\/jpeg\" \/>\n<meta name=\"author\" content=\"Sebastiano Plutino\" \/>\n<meta name=\"twitter:card\" content=\"summary_large_image\" \/>\n<meta name=\"twitter:label1\" content=\"Scritto da\" \/>\n\t<meta name=\"twitter:data1\" content=\"Sebastiano Plutino\" \/>\n\t<meta name=\"twitter:label2\" content=\"Tempo di lettura stimato\" \/>\n\t<meta name=\"twitter:data2\" content=\"3 minuti\" \/>\n<script type=\"application\/ld+json\" class=\"yoast-schema-graph\">{\"@context\":\"https:\/\/schema.org\",\"@graph\":[{\"@type\":\"Article\",\"@id\":\"https:\/\/progettotouring.it\/radiotouring104\/2024\/02\/23\/reggio-ripepi-attacca-falcomata-su-piste-ciclabili-sindaco-smascherato-dalle-delibere-di-giunta\/#article\",\"isPartOf\":{\"@id\":\"https:\/\/progettotouring.it\/radiotouring104\/2024\/02\/23\/reggio-ripepi-attacca-falcomata-su-piste-ciclabili-sindaco-smascherato-dalle-delibere-di-giunta\/\"},\"author\":{\"name\":\"Sebastiano Plutino\",\"@id\":\"https:\/\/progettotouring.it\/radiotouring104\/#\/schema\/person\/78613917f1851f041f7483f5af1d422e\"},\"headline\":\"Reggio, Ripepi attacca Falcomat\u00e0 su piste ciclabili: &#8220;Sindaco smascherato dalle delibere di Giunta.\",\"datePublished\":\"2024-02-23T11:09:18+00:00\",\"dateModified\":\"2024-02-23T11:21:47+00:00\",\"mainEntityOfPage\":{\"@id\":\"https:\/\/progettotouring.it\/radiotouring104\/2024\/02\/23\/reggio-ripepi-attacca-falcomata-su-piste-ciclabili-sindaco-smascherato-dalle-delibere-di-giunta\/\"},\"wordCount\":528,\"publisher\":{\"@id\":\"https:\/\/progettotouring.it\/radiotouring104\/#organization\"},\"image\":{\"@id\":\"https:\/\/progettotouring.it\/radiotouring104\/2024\/02\/23\/reggio-ripepi-attacca-falcomata-su-piste-ciclabili-sindaco-smascherato-dalle-delibere-di-giunta\/#primaryimage\"},\"thumbnailUrl\":\"https:\/\/progettotouring.it\/radiotouring104\/wp-content\/uploads\/sites\/6\/2022\/09\/massimo-ripepi.jpeg\",\"keywords\":[\"Domenico Battaglia\",\"Giuseppe Falcomat\u00e0\",\"Massimo Ripepi\",\"piste ciclabili\",\"Ripepi attacca Falcomat\u00e0 su piste ciclabili\",\"Sindaco f.f. Brunetti\"],\"articleSection\":[\"Home\",\"News\"],\"inLanguage\":\"it-IT\"},{\"@type\":\"WebPage\",\"@id\":\"https:\/\/progettotouring.it\/radiotouring104\/2024\/02\/23\/reggio-ripepi-attacca-falcomata-su-piste-ciclabili-sindaco-smascherato-dalle-delibere-di-giunta\/\",\"url\":\"https:\/\/progettotouring.it\/radiotouring104\/2024\/02\/23\/reggio-ripepi-attacca-falcomata-su-piste-ciclabili-sindaco-smascherato-dalle-delibere-di-giunta\/\",\"name\":\"Reggio, Ripepi attacca Falcomat\u00e0 su piste ciclabili\",\"isPartOf\":{\"@id\":\"https:\/\/progettotouring.it\/radiotouring104\/#website\"},\"primaryImageOfPage\":{\"@id\":\"https:\/\/progettotouring.it\/radiotouring104\/2024\/02\/23\/reggio-ripepi-attacca-falcomata-su-piste-ciclabili-sindaco-smascherato-dalle-delibere-di-giunta\/#primaryimage\"},\"image\":{\"@id\":\"https:\/\/progettotouring.it\/radiotouring104\/2024\/02\/23\/reggio-ripepi-attacca-falcomata-su-piste-ciclabili-sindaco-smascherato-dalle-delibere-di-giunta\/#primaryimage\"},\"thumbnailUrl\":\"https:\/\/progettotouring.it\/radiotouring104\/wp-content\/uploads\/sites\/6\/2022\/09\/massimo-ripepi.jpeg\",\"datePublished\":\"2024-02-23T11:09:18+00:00\",\"dateModified\":\"2024-02-23T11:21:47+00:00\",\"description\":\"Ripepi comunica il ritiro dei verbali delle delibere di Giunta, nei quali ci sarebbe la responsabilit\u00e0 politica sulle piste ciclabili\",\"breadcrumb\":{\"@id\":\"https:\/\/progettotouring.it\/radiotouring104\/2024\/02\/23\/reggio-ripepi-attacca-falcomata-su-piste-ciclabili-sindaco-smascherato-dalle-delibere-di-giunta\/#breadcrumb\"},\"inLanguage\":\"it-IT\",\"potentialAction\":[{\"@type\":\"ReadAction\",\"target\":[\"https:\/\/progettotouring.it\/radiotouring104\/2024\/02\/23\/reggio-ripepi-attacca-falcomata-su-piste-ciclabili-sindaco-smascherato-dalle-delibere-di-giunta\/\"]}]},{\"@type\":\"ImageObject\",\"inLanguage\":\"it-IT\",\"@id\":\"https:\/\/progettotouring.it\/radiotouring104\/2024\/02\/23\/reggio-ripepi-attacca-falcomata-su-piste-ciclabili-sindaco-smascherato-dalle-delibere-di-giunta\/#primaryimage\",\"url\":\"https:\/\/progettotouring.it\/radiotouring104\/wp-content\/uploads\/sites\/6\/2022\/09\/massimo-ripepi.jpeg\",\"contentUrl\":\"https:\/\/progettotouring.it\/radiotouring104\/wp-content\/uploads\/sites\/6\/2022\/09\/massimo-ripepi.jpeg\",\"width\":671,\"height\":879},{\"@type\":\"BreadcrumbList\",\"@id\":\"https:\/\/progettotouring.it\/radiotouring104\/2024\/02\/23\/reggio-ripepi-attacca-falcomata-su-piste-ciclabili-sindaco-smascherato-dalle-delibere-di-giunta\/#breadcrumb\",\"itemListElement\":[{\"@type\":\"ListItem\",\"position\":1,\"name\":\"Home\",\"item\":\"https:\/\/progettotouring.it\/radiotouring104\/\"},{\"@type\":\"ListItem\",\"position\":2,\"name\":\"Reggio, Ripepi attacca Falcomat\u00e0 su piste ciclabili: &#8220;Sindaco smascherato dalle delibere di Giunta.\"}]},{\"@type\":\"WebSite\",\"@id\":\"https:\/\/progettotouring.it\/radiotouring104\/#website\",\"url\":\"https:\/\/progettotouring.it\/radiotouring104\/\",\"name\":\"Radio Touring 104\",\"description\":\"La prima radio Reggina\",\"publisher\":{\"@id\":\"https:\/\/progettotouring.it\/radiotouring104\/#organization\"},\"potentialAction\":[{\"@type\":\"SearchAction\",\"target\":{\"@type\":\"EntryPoint\",\"urlTemplate\":\"https:\/\/progettotouring.it\/radiotouring104\/?s={search_term_string}\"},\"query-input\":{\"@type\":\"PropertyValueSpecification\",\"valueRequired\":true,\"valueName\":\"search_term_string\"}}],\"inLanguage\":\"it-IT\"},{\"@type\":\"Organization\",\"@id\":\"https:\/\/progettotouring.it\/radiotouring104\/#organization\",\"name\":\"Radio Touring 104\",\"url\":\"https:\/\/progettotouring.it\/radiotouring104\/\",\"logo\":{\"@type\":\"ImageObject\",\"inLanguage\":\"it-IT\",\"@id\":\"https:\/\/progettotouring.it\/radiotouring104\/#\/schema\/logo\/image\/\",\"url\":\"https:\/\/progettotouring.it\/radiotouring104\/wp-content\/uploads\/sites\/6\/2022\/02\/cropped-logo-radio-touring-104.png\",\"contentUrl\":\"https:\/\/progettotouring.it\/radiotouring104\/wp-content\/uploads\/sites\/6\/2022\/02\/cropped-logo-radio-touring-104.png\",\"width\":377,\"height\":182,\"caption\":\"Radio Touring 104\"},\"image\":{\"@id\":\"https:\/\/progettotouring.it\/radiotouring104\/#\/schema\/logo\/image\/\"}},{\"@type\":\"Person\",\"@id\":\"https:\/\/progettotouring.it\/radiotouring104\/#\/schema\/person\/78613917f1851f041f7483f5af1d422e\",\"name\":\"Sebastiano Plutino\",\"image\":{\"@type\":\"ImageObject\",\"inLanguage\":\"it-IT\",\"@id\":\"https:\/\/secure.gravatar.com\/avatar\/0546ffaa9b79224faf9f2a156b67a529ae861d3287c66c1d8ccfdf909bcba78d?s=96&d=mm&r=g\",\"url\":\"https:\/\/secure.gravatar.com\/avatar\/0546ffaa9b79224faf9f2a156b67a529ae861d3287c66c1d8ccfdf909bcba78d?s=96&d=mm&r=g\",\"contentUrl\":\"https:\/\/secure.gravatar.com\/avatar\/0546ffaa9b79224faf9f2a156b67a529ae861d3287c66c1d8ccfdf909bcba78d?s=96&d=mm&r=g\",\"caption\":\"Sebastiano Plutino\"},\"url\":\"https:\/\/progettotouring.it\/radiotouring104\/author\/sebastiano\/\"}]}<\/script>\n<!-- \/ Yoast SEO plugin. -->","yoast_head_json":{"title":"Reggio, Ripepi attacca Falcomat\u00e0 su piste ciclabili","description":"Ripepi comunica il ritiro dei verbali delle delibere di Giunta, nei quali ci sarebbe la responsabilit\u00e0 politica sulle piste ciclabili","robots":{"index":"index","follow":"follow","max-snippet":"max-snippet:-1","max-image-preview":"max-image-preview:large","max-video-preview":"max-video-preview:-1"},"canonical":"https:\/\/progettotouring.it\/radiotouring104\/2024\/02\/23\/reggio-ripepi-attacca-falcomata-su-piste-ciclabili-sindaco-smascherato-dalle-delibere-di-giunta\/","og_locale":"it_IT","og_type":"article","og_title":"Reggio, Ripepi attacca Falcomat\u00e0 su piste ciclabili","og_description":"Ripepi comunica il ritiro dei verbali delle delibere di Giunta, nei quali ci sarebbe la responsabilit\u00e0 politica sulle piste ciclabili","og_url":"https:\/\/progettotouring.it\/radiotouring104\/2024\/02\/23\/reggio-ripepi-attacca-falcomata-su-piste-ciclabili-sindaco-smascherato-dalle-delibere-di-giunta\/","og_site_name":"Radio Touring 104","article_published_time":"2024-02-23T11:09:18+00:00","article_modified_time":"2024-02-23T11:21:47+00:00","og_image":[{"width":671,"height":879,"url":"https:\/\/progettotouring.it\/radiotouring104\/wp-content\/uploads\/sites\/6\/2022\/09\/massimo-ripepi.jpeg","type":"image\/jpeg"}],"author":"Sebastiano Plutino","twitter_card":"summary_large_image","twitter_misc":{"Scritto da":"Sebastiano Plutino","Tempo di lettura stimato":"3 minuti"},"schema":{"@context":"https:\/\/schema.org","@graph":[{"@type":"Article","@id":"https:\/\/progettotouring.it\/radiotouring104\/2024\/02\/23\/reggio-ripepi-attacca-falcomata-su-piste-ciclabili-sindaco-smascherato-dalle-delibere-di-giunta\/#article","isPartOf":{"@id":"https:\/\/progettotouring.it\/radiotouring104\/2024\/02\/23\/reggio-ripepi-attacca-falcomata-su-piste-ciclabili-sindaco-smascherato-dalle-delibere-di-giunta\/"},"author":{"name":"Sebastiano Plutino","@id":"https:\/\/progettotouring.it\/radiotouring104\/#\/schema\/person\/78613917f1851f041f7483f5af1d422e"},"headline":"Reggio, Ripepi attacca Falcomat\u00e0 su piste ciclabili: &#8220;Sindaco smascherato dalle delibere di Giunta.","datePublished":"2024-02-23T11:09:18+00:00","dateModified":"2024-02-23T11:21:47+00:00","mainEntityOfPage":{"@id":"https:\/\/progettotouring.it\/radiotouring104\/2024\/02\/23\/reggio-ripepi-attacca-falcomata-su-piste-ciclabili-sindaco-smascherato-dalle-delibere-di-giunta\/"},"wordCount":528,"publisher":{"@id":"https:\/\/progettotouring.it\/radiotouring104\/#organization"},"image":{"@id":"https:\/\/progettotouring.it\/radiotouring104\/2024\/02\/23\/reggio-ripepi-attacca-falcomata-su-piste-ciclabili-sindaco-smascherato-dalle-delibere-di-giunta\/#primaryimage"},"thumbnailUrl":"https:\/\/progettotouring.it\/radiotouring104\/wp-content\/uploads\/sites\/6\/2022\/09\/massimo-ripepi.jpeg","keywords":["Domenico Battaglia","Giuseppe Falcomat\u00e0","Massimo Ripepi","piste ciclabili","Ripepi attacca Falcomat\u00e0 su piste ciclabili","Sindaco f.f. Brunetti"],"articleSection":["Home","News"],"inLanguage":"it-IT"},{"@type":"WebPage","@id":"https:\/\/progettotouring.it\/radiotouring104\/2024\/02\/23\/reggio-ripepi-attacca-falcomata-su-piste-ciclabili-sindaco-smascherato-dalle-delibere-di-giunta\/","url":"https:\/\/progettotouring.it\/radiotouring104\/2024\/02\/23\/reggio-ripepi-attacca-falcomata-su-piste-ciclabili-sindaco-smascherato-dalle-delibere-di-giunta\/","name":"Reggio, Ripepi attacca Falcomat\u00e0 su piste ciclabili","isPartOf":{"@id":"https:\/\/progettotouring.it\/radiotouring104\/#website"},"primaryImageOfPage":{"@id":"https:\/\/progettotouring.it\/radiotouring104\/2024\/02\/23\/reggio-ripepi-attacca-falcomata-su-piste-ciclabili-sindaco-smascherato-dalle-delibere-di-giunta\/#primaryimage"},"image":{"@id":"https:\/\/progettotouring.it\/radiotouring104\/2024\/02\/23\/reggio-ripepi-attacca-falcomata-su-piste-ciclabili-sindaco-smascherato-dalle-delibere-di-giunta\/#primaryimage"},"thumbnailUrl":"https:\/\/progettotouring.it\/radiotouring104\/wp-content\/uploads\/sites\/6\/2022\/09\/massimo-ripepi.jpeg","datePublished":"2024-02-23T11:09:18+00:00","dateModified":"2024-02-23T11:21:47+00:00","description":"Ripepi comunica il ritiro dei verbali delle delibere di Giunta, nei quali ci sarebbe la responsabilit\u00e0 politica sulle piste ciclabili","breadcrumb":{"@id":"https:\/\/progettotouring.it\/radiotouring104\/2024\/02\/23\/reggio-ripepi-attacca-falcomata-su-piste-ciclabili-sindaco-smascherato-dalle-delibere-di-giunta\/#breadcrumb"},"inLanguage":"it-IT","potentialAction":[{"@type":"ReadAction","target":["https:\/\/progettotouring.it\/radiotouring104\/2024\/02\/23\/reggio-ripepi-attacca-falcomata-su-piste-ciclabili-sindaco-smascherato-dalle-delibere-di-giunta\/"]}]},{"@type":"ImageObject","inLanguage":"it-IT","@id":"https:\/\/progettotouring.it\/radiotouring104\/2024\/02\/23\/reggio-ripepi-attacca-falcomata-su-piste-ciclabili-sindaco-smascherato-dalle-delibere-di-giunta\/#primaryimage","url":"https:\/\/progettotouring.it\/radiotouring104\/wp-content\/uploads\/sites\/6\/2022\/09\/massimo-ripepi.jpeg","contentUrl":"https:\/\/progettotouring.it\/radiotouring104\/wp-content\/uploads\/sites\/6\/2022\/09\/massimo-ripepi.jpeg","width":671,"height":879},{"@type":"BreadcrumbList","@id":"https:\/\/progettotouring.it\/radiotouring104\/2024\/02\/23\/reggio-ripepi-attacca-falcomata-su-piste-ciclabili-sindaco-smascherato-dalle-delibere-di-giunta\/#breadcrumb","itemListElement":[{"@type":"ListItem","position":1,"name":"Home","item":"https:\/\/progettotouring.it\/radiotouring104\/"},{"@type":"ListItem","position":2,"name":"Reggio, Ripepi attacca Falcomat\u00e0 su piste ciclabili: &#8220;Sindaco smascherato dalle delibere di Giunta."}]},{"@type":"WebSite","@id":"https:\/\/progettotouring.it\/radiotouring104\/#website","url":"https:\/\/progettotouring.it\/radiotouring104\/","name":"Radio Touring 104","description":"La prima radio Reggina","publisher":{"@id":"https:\/\/progettotouring.it\/radiotouring104\/#organization"},"potentialAction":[{"@type":"SearchAction","target":{"@type":"EntryPoint","urlTemplate":"https:\/\/progettotouring.it\/radiotouring104\/?s={search_term_string}"},"query-input":{"@type":"PropertyValueSpecification","valueRequired":true,"valueName":"search_term_string"}}],"inLanguage":"it-IT"},{"@type":"Organization","@id":"https:\/\/progettotouring.it\/radiotouring104\/#organization","name":"Radio Touring 104","url":"https:\/\/progettotouring.it\/radiotouring104\/","logo":{"@type":"ImageObject","inLanguage":"it-IT","@id":"https:\/\/progettotouring.it\/radiotouring104\/#\/schema\/logo\/image\/","url":"https:\/\/progettotouring.it\/radiotouring104\/wp-content\/uploads\/sites\/6\/2022\/02\/cropped-logo-radio-touring-104.png","contentUrl":"https:\/\/progettotouring.it\/radiotouring104\/wp-content\/uploads\/sites\/6\/2022\/02\/cropped-logo-radio-touring-104.png","width":377,"height":182,"caption":"Radio Touring 104"},"image":{"@id":"https:\/\/progettotouring.it\/radiotouring104\/#\/schema\/logo\/image\/"}},{"@type":"Person","@id":"https:\/\/progettotouring.it\/radiotouring104\/#\/schema\/person\/78613917f1851f041f7483f5af1d422e","name":"Sebastiano Plutino","image":{"@type":"ImageObject","inLanguage":"it-IT","@id":"https:\/\/secure.gravatar.com\/avatar\/0546ffaa9b79224faf9f2a156b67a529ae861d3287c66c1d8ccfdf909bcba78d?s=96&d=mm&r=g","url":"https:\/\/secure.gravatar.com\/avatar\/0546ffaa9b79224faf9f2a156b67a529ae861d3287c66c1d8ccfdf909bcba78d?s=96&d=mm&r=g","contentUrl":"https:\/\/secure.gravatar.com\/avatar\/0546ffaa9b79224faf9f2a156b67a529ae861d3287c66c1d8ccfdf909bcba78d?s=96&d=mm&r=g","caption":"Sebastiano Plutino"},"url":"https:\/\/progettotouring.it\/radiotouring104\/author\/sebastiano\/"}]}},"jetpack_publicize_connections":[],"jetpack_featured_media_url":"https:\/\/progettotouring.it\/radiotouring104\/wp-content\/uploads\/sites\/6\/2022\/09\/massimo-ripepi.jpeg","jetpack_sharing_enabled":true,"_links":{"self":[{"href":"https:\/\/progettotouring.it\/radiotouring104\/wp-json\/wp\/v2\/posts\/45290","targetHints":{"allow":["GET"]}}],"collection":[{"href":"https:\/\/progettotouring.it\/radiotouring104\/wp-json\/wp\/v2\/posts"}],"about":[{"href":"https:\/\/progettotouring.it\/radiotouring104\/wp-json\/wp\/v2\/types\/post"}],"author":[{"embeddable":true,"href":"https:\/\/progettotouring.it\/radiotouring104\/wp-json\/wp\/v2\/users\/12"}],"replies":[{"embeddable":true,"href":"https:\/\/progettotouring.it\/radiotouring104\/wp-json\/wp\/v2\/comments?post=45290"}],"version-history":[{"count":1,"href":"https:\/\/progettotouring.it\/radiotouring104\/wp-json\/wp\/v2\/posts\/45290\/revisions"}],"predecessor-version":[{"id":45292,"href":"https:\/\/progettotouring.it\/radiotouring104\/wp-json\/wp\/v2\/posts\/45290\/revisions\/45292"}],"wp:featuredmedia":[{"embeddable":true,"href":"https:\/\/progettotouring.it\/radiotouring104\/wp-json\/wp\/v2\/media\/9958"}],"wp:attachment":[{"href":"https:\/\/progettotouring.it\/radiotouring104\/wp-json\/wp\/v2\/media?parent=45290"}],"wp:term":[{"taxonomy":"category","embeddable":true,"href":"https:\/\/progettotouring.it\/radiotouring104\/wp-json\/wp\/v2\/categories?post=45290"},{"taxonomy":"post_tag","embeddable":true,"href":"https:\/\/progettotouring.it\/radiotouring104\/wp-json\/wp\/v2\/tags?post=45290"}],"curies":[{"name":"wp","href":"https:\/\/api.w.org\/{rel}","templated":true}]}}