{"id":45296,"date":"2024-02-23T12:28:28","date_gmt":"2024-02-23T11:28:28","guid":{"rendered":"https:\/\/progettotouring.it\/radiotouring104\/?p=45296"},"modified":"2024-02-23T12:28:28","modified_gmt":"2024-02-23T11:28:28","slug":"basta-vittime-sulla-106-domenica-iniziativa-in-ricordo-di-antonio-francesco-dati","status":"publish","type":"post","link":"https:\/\/progettotouring.it\/radiotouring104\/2024\/02\/23\/basta-vittime-sulla-106-domenica-iniziativa-in-ricordo-di-antonio-francesco-dati\/","title":{"rendered":"Basta Vittime sulla 106: domenica iniziativa in ricordo di Antonio Francesco Dati"},"content":{"rendered":"<p class=\"xmprfx_Normale1\" style=\"text-align: justify\"><span class=\"xmprfx_Nessuno\"><b><u>L\u2019Organizzazione di Volontariato \u201cBasta Vittime Sulla Strada Statale 106\u201d domenica 25 febbraio ricorder\u00e0 Antonio Francesco Dati nel giorno in cui avrebbe compiuto 30 anni. L\u2019iniziativa avr\u00e0 luogo presso il Grand Hotel Balestieri di Torre Melissa, in provincia di Crotone, alle ore 17:00.<\/u><\/b><\/span><\/p>\n<p class=\"xmprfx_Normale1\" style=\"text-align: justify\"><span class=\"xmprfx_Nessuno\">L\u2019Iniziativa dal titolo \u201cBuon Compleanno Ant\u00f2\u2026\u201d prevede i saluti di\u00a0<\/span><span class=\"xmprfx_Nessuno\"><b><u>Leonardo Caligiuri<\/u><\/b><\/span><span class=\"xmprfx_Nessuno\">\u00a0(Presidente dell\u2019O.d.V. \u201cBasta Vittime Sulla Strada Statale 106\u201d), di\u00a0<\/span><span class=\"xmprfx_Nessuno\"><b><u>Don Pino Mauro<\/u><\/b><\/span><span class=\"xmprfx_Nessuno\">\u00a0(parroco della Chiesa del SS. Crocifisso di Torre Melissa), e di\u00a0<\/span><span class=\"xmprfx_Nessuno\"><b><u>Don Pino Giorno<\/u><\/b><\/span><span class=\"xmprfx_Nessuno\">\u00a0(parroco della Chiesa di San Nicola Vescovo di Melissa). Interverranno la\u00a0<\/span><span class=\"xmprfx_Nessuno\"><b><u>Dott.ssa Marina Agostino<\/u><\/b><\/span><span class=\"xmprfx_Nessuno\">\u00a0(Dirigente scolastico dell\u2019Istituto Comprensivo Giovanni XXIII di Melissa) e\u00a0<\/span><span class=\"xmprfx_Nessuno\"><b><u>Maria Francesca Lonetti<\/u><\/b><\/span><span class=\"xmprfx_Nessuno\">\u00a0(mamma di Antonio Francesco Dati). Conclude l\u2019<\/span><span class=\"xmprfx_Nessuno\"><b><u>Ing. Fabio Pugliese\u00a0<\/u><\/b><\/span><span class=\"xmprfx_Nessuno\">(Direttore operativo dell\u2019O.d.V. \u201cBasta Vittime Sulla Strada Statale 106\u201d).<\/span><\/p>\n<p class=\"xmprfx_Normale1\" style=\"text-align: justify\"><span class=\"xmprfx_Nessuno\">Nella tarda serata del 31 luglio 2022 l\u2019intera Calabria \u00e8 stata travolta dalla notizia dell\u2019ennesima tragedia stradale avvenuta sulla Statale 106. Nel tratto di strada all&#8217;altezza della nuova rotatoria che permette l&#8217;ingresso nell&#8217;abitato di Cir\u00f2 Marina morirono sul colpo\u00a0<\/span><span class=\"xmprfx_Nessuno\"><b><u>Antonio Francesco Dati di 28 anni<\/u><\/b><\/span><span class=\"xmprfx_Nessuno\">, residente nel comune di Melissa e\u00a0<b>Cataldo Francesco De Novaro di 30 anni<\/b>, residente a Cir\u00f2 Marina.<\/span><\/p>\n<p class=\"xmprfx_Normale1\" style=\"text-align: justify\"><span class=\"xmprfx_Nessuno\">Nel tragico impatto fu coinvolto anche\u00a0<\/span><span class=\"xmprfx_Nessuno\"><b><u>Marcello Agresta di 24 anni<\/u><\/b><\/span><span class=\"xmprfx_Nessuno\">, giovane residente a Rocca di Neto che lott\u00f2 tra la vita e la morte fino al pomeriggio del 17 agosto, quando il suo cuore cess\u00f2 di battere per sempre nell\u2019ospedale di Catanzaro.<\/span><\/p>\n<p class=\"xmprfx_Normale1\" style=\"text-align: justify\"><span class=\"xmprfx_Nessuno\">Quello non fu solo un incidente che provoc\u00f2 la scomparsa di tre giovani figli della nostra Calabria ma fu, soprattutto,\u00a0<\/span><span class=\"xmprfx_Nessuno\"><b><u>un avvenimento tragico che segn\u00f2 profondamente le comunit\u00e0 di Cir\u00f2 Marina, Rocca di Neto e Melissa, nella provincia di Crotone.<\/u><\/b><\/span><\/p>\n<p class=\"xmprfx_Normale1\" style=\"text-align: justify\"><span class=\"xmprfx_Nessuno\"><b><u>Nell\u2019ambito dell\u2019iniziativa sar\u00e0 presentato anche il libro dedicato ad Antonio Francesco Dati, un volume che racconta la vita ed i pensieri annotati del giovane che da poco si era laureato a Bari diventando agronomo e che, per scelta, aveva deciso di rimanere in Calabria poich\u00e9 fortemente convinto che la nostra terra avesse bisogno di giovani professionisti per progredire e svilupparsi.<\/u><\/b><\/span><\/p>\n<p class=\"xmprfx_Normale1\" style=\"text-align: justify\"><span class=\"xmprfx_Nessuno\">L\u2019iniziativa, fortemente voluta dall\u2019O.d.V. \u201cBasta Vittime Sulla Strada Statale 106\u201d, \u00e8 aperta a tutti e\u00a0<b>segner\u00e0\u00a0<\/b><\/span><span class=\"xmprfx_Nessuno\"><b><u>un momento di sensibilizzazione sul rispetto del codice della strada e, quindi, sull\u2019educazione stradale; ribadir\u00e0 l\u2019importanza del rispetto della vita umana quale valore assoluto; far\u00e0 memoria sulla vita di Antonio Francesco Dati affinch\u00e9 quanto accaduto a lui non possa ripetersi mai pi\u00f9.<\/u><\/b><\/span><b><\/b><\/p>\n<p class=\"xmprfx_Normale1\" style=\"text-align: justify\"><span class=\"xmprfx_Nessuno\">L\u2019iniziativa, infine,<\/span><span class=\"xmprfx_Nessuno\">\u00a0<\/span><span class=\"xmprfx_Nessuno\">sar\u00e0 anche utile per ricordare le 8 vittime della Statale 106\u00a0<\/span><span class=\"xmprfx_Nessuno\">dall\u2019inizio dell\u2019anno fino ad oggi<\/span><span class=\"xmprfx_Nessuno\">.<\/span><span class=\"xmprfx_Nessuno\">\u00a0<\/span><span class=\"xmprfx_Nessuno\"><b><u>S<\/u><\/b><\/span><span class=\"xmprfx_Nessuno\"><b><u>ono\u00a0<\/u><\/b><\/span><span class=\"xmprfx_Nessuno\"><b><u>7<\/u><\/b><\/span><span class=\"xmprfx_Nessuno\"><b><u>\u00a0i giovani che hanno perso la vita sulla famigerata e tristemente nota \u201cstrada della morte\u201d: Antonella Romeo, di 19 anni, Elisa Pelle, di 25, Domenico Romeo, di 28, e Teresa Giorgi, di 35, Mattia Porto, di 19 e Alfedo<\/u><\/b><\/span><span class=\"xmprfx_Nessuno\"><b><u>\u00a0Aleardi, di 32, e Marco Pezzati di 31 anni insieme al Dott. Maurizio Docimo di 65 anni.<\/u><\/b><\/span><b><\/b><\/p>\n<p class=\"xmprfx_Normale1\" style=\"text-align: justify\"><span class=\"xmprfx_Nessuno\">\u00a0<\/span><\/p>\n","protected":false},"excerpt":{"rendered":"<p>L\u2019Organizzazione di Volontariato \u201cBasta Vittime Sulla Strada Statale 106\u201d domenica 25 febbraio ricorder\u00e0 Antonio Francesco Dati nel giorno in cui avrebbe compiuto 30 anni. L\u2019iniziativa avr\u00e0 luogo presso il Grand&hellip;<\/p>\n","protected":false},"author":12,"featured_media":45297,"comment_status":"closed","ping_status":"open","sticky":false,"template":"","format":"standard","meta":{"_jetpack_memberships_contains_paid_content":false,"footnotes":"","jetpack_publicize_message":"","jetpack_publicize_feature_enabled":true,"jetpack_social_post_already_shared":false,"jetpack_social_options":{"image_generator_settings":{"template":"highway","default_image_id":0,"font":"","enabled":false},"version":2}},"categories":[142,921,196],"tags":[4797,28014,28013,25579],"class_list":["post-45296","post","type-post","status-publish","format-standard","has-post-thumbnail","hentry","category-calabria","category-home","category-news","tag-basta-vittime-sulla-strada-statale-106","tag-grand-hotel-balestieri","tag-iniziativa-in-ricordo-di-antonio-francesco-dati","tag-torre-melissa"],"yoast_head":"<!-- This site is optimized with the Yoast SEO plugin v27.2 - https:\/\/yoast.com\/product\/yoast-seo-wordpress\/ -->\n<title>Basta Vittime sulla 106: iniziativa in ricordo di Francesco Dati<\/title>\n<meta name=\"description\" content=\"L\u2019iniziativa avr\u00e0 luogo presso il Grand Hotel Balestieri di Torre Melissa, in provincia di Crotone, alle ore 17:00.\" \/>\n<meta name=\"robots\" content=\"index, follow, max-snippet:-1, max-image-preview:large, max-video-preview:-1\" \/>\n<link rel=\"canonical\" href=\"https:\/\/progettotouring.it\/radiotouring104\/2024\/02\/23\/basta-vittime-sulla-106-domenica-iniziativa-in-ricordo-di-antonio-francesco-dati\/\" \/>\n<meta property=\"og:locale\" content=\"it_IT\" \/>\n<meta property=\"og:type\" content=\"article\" \/>\n<meta property=\"og:title\" content=\"Basta Vittime sulla 106: iniziativa in ricordo di Francesco Dati\" \/>\n<meta property=\"og:description\" content=\"L\u2019iniziativa avr\u00e0 luogo presso il Grand Hotel Balestieri di Torre Melissa, in provincia di Crotone, alle ore 17:00.\" \/>\n<meta property=\"og:url\" content=\"https:\/\/progettotouring.it\/radiotouring104\/2024\/02\/23\/basta-vittime-sulla-106-domenica-iniziativa-in-ricordo-di-antonio-francesco-dati\/\" \/>\n<meta property=\"og:site_name\" content=\"Radio Touring 104\" \/>\n<meta property=\"article:published_time\" content=\"2024-02-23T11:28:28+00:00\" \/>\n<meta property=\"og:image\" content=\"https:\/\/progettotouring.it\/radiotouring104\/wp-content\/uploads\/sites\/6\/2024\/02\/locandina-dati-basta-vittime106-scaled.jpg\" \/>\n\t<meta property=\"og:image:width\" content=\"2560\" \/>\n\t<meta property=\"og:image:height\" content=\"2441\" \/>\n\t<meta property=\"og:image:type\" content=\"image\/jpeg\" \/>\n<meta name=\"author\" content=\"Sebastiano Plutino\" \/>\n<meta name=\"twitter:card\" content=\"summary_large_image\" \/>\n<meta name=\"twitter:label1\" content=\"Scritto da\" \/>\n\t<meta name=\"twitter:data1\" content=\"Sebastiano Plutino\" \/>\n\t<meta name=\"twitter:label2\" content=\"Tempo di lettura stimato\" \/>\n\t<meta name=\"twitter:data2\" content=\"2 minuti\" \/>\n<script type=\"application\/ld+json\" class=\"yoast-schema-graph\">{\"@context\":\"https:\/\/schema.org\",\"@graph\":[{\"@type\":\"Article\",\"@id\":\"https:\/\/progettotouring.it\/radiotouring104\/2024\/02\/23\/basta-vittime-sulla-106-domenica-iniziativa-in-ricordo-di-antonio-francesco-dati\/#article\",\"isPartOf\":{\"@id\":\"https:\/\/progettotouring.it\/radiotouring104\/2024\/02\/23\/basta-vittime-sulla-106-domenica-iniziativa-in-ricordo-di-antonio-francesco-dati\/\"},\"author\":{\"name\":\"Sebastiano Plutino\",\"@id\":\"https:\/\/progettotouring.it\/radiotouring104\/#\/schema\/person\/78613917f1851f041f7483f5af1d422e\"},\"headline\":\"Basta Vittime sulla 106: domenica iniziativa in ricordo di Antonio Francesco Dati\",\"datePublished\":\"2024-02-23T11:28:28+00:00\",\"mainEntityOfPage\":{\"@id\":\"https:\/\/progettotouring.it\/radiotouring104\/2024\/02\/23\/basta-vittime-sulla-106-domenica-iniziativa-in-ricordo-di-antonio-francesco-dati\/\"},\"wordCount\":474,\"publisher\":{\"@id\":\"https:\/\/progettotouring.it\/radiotouring104\/#organization\"},\"image\":{\"@id\":\"https:\/\/progettotouring.it\/radiotouring104\/2024\/02\/23\/basta-vittime-sulla-106-domenica-iniziativa-in-ricordo-di-antonio-francesco-dati\/#primaryimage\"},\"thumbnailUrl\":\"https:\/\/progettotouring.it\/radiotouring104\/wp-content\/uploads\/sites\/6\/2024\/02\/locandina-dati-basta-vittime106-scaled.jpg\",\"keywords\":[\"Basta Vittime Sulla Strada Statale 106\",\"Grand Hotel Balestieri\",\"iniziativa in ricordo di Antonio Francesco Dati\",\"Torre Melissa\"],\"articleSection\":[\"Calabria\",\"Home\",\"News\"],\"inLanguage\":\"it-IT\"},{\"@type\":\"WebPage\",\"@id\":\"https:\/\/progettotouring.it\/radiotouring104\/2024\/02\/23\/basta-vittime-sulla-106-domenica-iniziativa-in-ricordo-di-antonio-francesco-dati\/\",\"url\":\"https:\/\/progettotouring.it\/radiotouring104\/2024\/02\/23\/basta-vittime-sulla-106-domenica-iniziativa-in-ricordo-di-antonio-francesco-dati\/\",\"name\":\"Basta Vittime sulla 106: iniziativa in ricordo di Francesco Dati\",\"isPartOf\":{\"@id\":\"https:\/\/progettotouring.it\/radiotouring104\/#website\"},\"primaryImageOfPage\":{\"@id\":\"https:\/\/progettotouring.it\/radiotouring104\/2024\/02\/23\/basta-vittime-sulla-106-domenica-iniziativa-in-ricordo-di-antonio-francesco-dati\/#primaryimage\"},\"image\":{\"@id\":\"https:\/\/progettotouring.it\/radiotouring104\/2024\/02\/23\/basta-vittime-sulla-106-domenica-iniziativa-in-ricordo-di-antonio-francesco-dati\/#primaryimage\"},\"thumbnailUrl\":\"https:\/\/progettotouring.it\/radiotouring104\/wp-content\/uploads\/sites\/6\/2024\/02\/locandina-dati-basta-vittime106-scaled.jpg\",\"datePublished\":\"2024-02-23T11:28:28+00:00\",\"description\":\"L\u2019iniziativa avr\u00e0 luogo presso il Grand Hotel Balestieri di Torre Melissa, in provincia di Crotone, alle ore 17:00.\",\"breadcrumb\":{\"@id\":\"https:\/\/progettotouring.it\/radiotouring104\/2024\/02\/23\/basta-vittime-sulla-106-domenica-iniziativa-in-ricordo-di-antonio-francesco-dati\/#breadcrumb\"},\"inLanguage\":\"it-IT\",\"potentialAction\":[{\"@type\":\"ReadAction\",\"target\":[\"https:\/\/progettotouring.it\/radiotouring104\/2024\/02\/23\/basta-vittime-sulla-106-domenica-iniziativa-in-ricordo-di-antonio-francesco-dati\/\"]}]},{\"@type\":\"ImageObject\",\"inLanguage\":\"it-IT\",\"@id\":\"https:\/\/progettotouring.it\/radiotouring104\/2024\/02\/23\/basta-vittime-sulla-106-domenica-iniziativa-in-ricordo-di-antonio-francesco-dati\/#primaryimage\",\"url\":\"https:\/\/progettotouring.it\/radiotouring104\/wp-content\/uploads\/sites\/6\/2024\/02\/locandina-dati-basta-vittime106-scaled.jpg\",\"contentUrl\":\"https:\/\/progettotouring.it\/radiotouring104\/wp-content\/uploads\/sites\/6\/2024\/02\/locandina-dati-basta-vittime106-scaled.jpg\",\"width\":2560,\"height\":2441},{\"@type\":\"BreadcrumbList\",\"@id\":\"https:\/\/progettotouring.it\/radiotouring104\/2024\/02\/23\/basta-vittime-sulla-106-domenica-iniziativa-in-ricordo-di-antonio-francesco-dati\/#breadcrumb\",\"itemListElement\":[{\"@type\":\"ListItem\",\"position\":1,\"name\":\"Home\",\"item\":\"https:\/\/progettotouring.it\/radiotouring104\/\"},{\"@type\":\"ListItem\",\"position\":2,\"name\":\"Basta Vittime sulla 106: domenica iniziativa in ricordo di Antonio Francesco Dati\"}]},{\"@type\":\"WebSite\",\"@id\":\"https:\/\/progettotouring.it\/radiotouring104\/#website\",\"url\":\"https:\/\/progettotouring.it\/radiotouring104\/\",\"name\":\"Radio Touring 104\",\"description\":\"La prima radio Reggina\",\"publisher\":{\"@id\":\"https:\/\/progettotouring.it\/radiotouring104\/#organization\"},\"potentialAction\":[{\"@type\":\"SearchAction\",\"target\":{\"@type\":\"EntryPoint\",\"urlTemplate\":\"https:\/\/progettotouring.it\/radiotouring104\/?s={search_term_string}\"},\"query-input\":{\"@type\":\"PropertyValueSpecification\",\"valueRequired\":true,\"valueName\":\"search_term_string\"}}],\"inLanguage\":\"it-IT\"},{\"@type\":\"Organization\",\"@id\":\"https:\/\/progettotouring.it\/radiotouring104\/#organization\",\"name\":\"Radio Touring 104\",\"url\":\"https:\/\/progettotouring.it\/radiotouring104\/\",\"logo\":{\"@type\":\"ImageObject\",\"inLanguage\":\"it-IT\",\"@id\":\"https:\/\/progettotouring.it\/radiotouring104\/#\/schema\/logo\/image\/\",\"url\":\"https:\/\/progettotouring.it\/radiotouring104\/wp-content\/uploads\/sites\/6\/2022\/02\/cropped-logo-radio-touring-104.png\",\"contentUrl\":\"https:\/\/progettotouring.it\/radiotouring104\/wp-content\/uploads\/sites\/6\/2022\/02\/cropped-logo-radio-touring-104.png\",\"width\":377,\"height\":182,\"caption\":\"Radio Touring 104\"},\"image\":{\"@id\":\"https:\/\/progettotouring.it\/radiotouring104\/#\/schema\/logo\/image\/\"}},{\"@type\":\"Person\",\"@id\":\"https:\/\/progettotouring.it\/radiotouring104\/#\/schema\/person\/78613917f1851f041f7483f5af1d422e\",\"name\":\"Sebastiano Plutino\",\"image\":{\"@type\":\"ImageObject\",\"inLanguage\":\"it-IT\",\"@id\":\"https:\/\/secure.gravatar.com\/avatar\/0546ffaa9b79224faf9f2a156b67a529ae861d3287c66c1d8ccfdf909bcba78d?s=96&d=mm&r=g\",\"url\":\"https:\/\/secure.gravatar.com\/avatar\/0546ffaa9b79224faf9f2a156b67a529ae861d3287c66c1d8ccfdf909bcba78d?s=96&d=mm&r=g\",\"contentUrl\":\"https:\/\/secure.gravatar.com\/avatar\/0546ffaa9b79224faf9f2a156b67a529ae861d3287c66c1d8ccfdf909bcba78d?s=96&d=mm&r=g\",\"caption\":\"Sebastiano Plutino\"},\"url\":\"https:\/\/progettotouring.it\/radiotouring104\/author\/sebastiano\/\"}]}<\/script>\n<!-- \/ Yoast SEO plugin. -->","yoast_head_json":{"title":"Basta Vittime sulla 106: iniziativa in ricordo di Francesco Dati","description":"L\u2019iniziativa avr\u00e0 luogo presso il Grand Hotel Balestieri di Torre Melissa, in provincia di Crotone, alle ore 17:00.","robots":{"index":"index","follow":"follow","max-snippet":"max-snippet:-1","max-image-preview":"max-image-preview:large","max-video-preview":"max-video-preview:-1"},"canonical":"https:\/\/progettotouring.it\/radiotouring104\/2024\/02\/23\/basta-vittime-sulla-106-domenica-iniziativa-in-ricordo-di-antonio-francesco-dati\/","og_locale":"it_IT","og_type":"article","og_title":"Basta Vittime sulla 106: iniziativa in ricordo di Francesco Dati","og_description":"L\u2019iniziativa avr\u00e0 luogo presso il Grand Hotel Balestieri di Torre Melissa, in provincia di Crotone, alle ore 17:00.","og_url":"https:\/\/progettotouring.it\/radiotouring104\/2024\/02\/23\/basta-vittime-sulla-106-domenica-iniziativa-in-ricordo-di-antonio-francesco-dati\/","og_site_name":"Radio Touring 104","article_published_time":"2024-02-23T11:28:28+00:00","og_image":[{"width":2560,"height":2441,"url":"https:\/\/progettotouring.it\/radiotouring104\/wp-content\/uploads\/sites\/6\/2024\/02\/locandina-dati-basta-vittime106-scaled.jpg","type":"image\/jpeg"}],"author":"Sebastiano Plutino","twitter_card":"summary_large_image","twitter_misc":{"Scritto da":"Sebastiano Plutino","Tempo di lettura stimato":"2 minuti"},"schema":{"@context":"https:\/\/schema.org","@graph":[{"@type":"Article","@id":"https:\/\/progettotouring.it\/radiotouring104\/2024\/02\/23\/basta-vittime-sulla-106-domenica-iniziativa-in-ricordo-di-antonio-francesco-dati\/#article","isPartOf":{"@id":"https:\/\/progettotouring.it\/radiotouring104\/2024\/02\/23\/basta-vittime-sulla-106-domenica-iniziativa-in-ricordo-di-antonio-francesco-dati\/"},"author":{"name":"Sebastiano Plutino","@id":"https:\/\/progettotouring.it\/radiotouring104\/#\/schema\/person\/78613917f1851f041f7483f5af1d422e"},"headline":"Basta Vittime sulla 106: domenica iniziativa in ricordo di Antonio Francesco Dati","datePublished":"2024-02-23T11:28:28+00:00","mainEntityOfPage":{"@id":"https:\/\/progettotouring.it\/radiotouring104\/2024\/02\/23\/basta-vittime-sulla-106-domenica-iniziativa-in-ricordo-di-antonio-francesco-dati\/"},"wordCount":474,"publisher":{"@id":"https:\/\/progettotouring.it\/radiotouring104\/#organization"},"image":{"@id":"https:\/\/progettotouring.it\/radiotouring104\/2024\/02\/23\/basta-vittime-sulla-106-domenica-iniziativa-in-ricordo-di-antonio-francesco-dati\/#primaryimage"},"thumbnailUrl":"https:\/\/progettotouring.it\/radiotouring104\/wp-content\/uploads\/sites\/6\/2024\/02\/locandina-dati-basta-vittime106-scaled.jpg","keywords":["Basta Vittime Sulla Strada Statale 106","Grand Hotel Balestieri","iniziativa in ricordo di Antonio Francesco Dati","Torre Melissa"],"articleSection":["Calabria","Home","News"],"inLanguage":"it-IT"},{"@type":"WebPage","@id":"https:\/\/progettotouring.it\/radiotouring104\/2024\/02\/23\/basta-vittime-sulla-106-domenica-iniziativa-in-ricordo-di-antonio-francesco-dati\/","url":"https:\/\/progettotouring.it\/radiotouring104\/2024\/02\/23\/basta-vittime-sulla-106-domenica-iniziativa-in-ricordo-di-antonio-francesco-dati\/","name":"Basta Vittime sulla 106: iniziativa in ricordo di Francesco Dati","isPartOf":{"@id":"https:\/\/progettotouring.it\/radiotouring104\/#website"},"primaryImageOfPage":{"@id":"https:\/\/progettotouring.it\/radiotouring104\/2024\/02\/23\/basta-vittime-sulla-106-domenica-iniziativa-in-ricordo-di-antonio-francesco-dati\/#primaryimage"},"image":{"@id":"https:\/\/progettotouring.it\/radiotouring104\/2024\/02\/23\/basta-vittime-sulla-106-domenica-iniziativa-in-ricordo-di-antonio-francesco-dati\/#primaryimage"},"thumbnailUrl":"https:\/\/progettotouring.it\/radiotouring104\/wp-content\/uploads\/sites\/6\/2024\/02\/locandina-dati-basta-vittime106-scaled.jpg","datePublished":"2024-02-23T11:28:28+00:00","description":"L\u2019iniziativa avr\u00e0 luogo presso il Grand Hotel Balestieri di Torre Melissa, in provincia di Crotone, alle ore 17:00.","breadcrumb":{"@id":"https:\/\/progettotouring.it\/radiotouring104\/2024\/02\/23\/basta-vittime-sulla-106-domenica-iniziativa-in-ricordo-di-antonio-francesco-dati\/#breadcrumb"},"inLanguage":"it-IT","potentialAction":[{"@type":"ReadAction","target":["https:\/\/progettotouring.it\/radiotouring104\/2024\/02\/23\/basta-vittime-sulla-106-domenica-iniziativa-in-ricordo-di-antonio-francesco-dati\/"]}]},{"@type":"ImageObject","inLanguage":"it-IT","@id":"https:\/\/progettotouring.it\/radiotouring104\/2024\/02\/23\/basta-vittime-sulla-106-domenica-iniziativa-in-ricordo-di-antonio-francesco-dati\/#primaryimage","url":"https:\/\/progettotouring.it\/radiotouring104\/wp-content\/uploads\/sites\/6\/2024\/02\/locandina-dati-basta-vittime106-scaled.jpg","contentUrl":"https:\/\/progettotouring.it\/radiotouring104\/wp-content\/uploads\/sites\/6\/2024\/02\/locandina-dati-basta-vittime106-scaled.jpg","width":2560,"height":2441},{"@type":"BreadcrumbList","@id":"https:\/\/progettotouring.it\/radiotouring104\/2024\/02\/23\/basta-vittime-sulla-106-domenica-iniziativa-in-ricordo-di-antonio-francesco-dati\/#breadcrumb","itemListElement":[{"@type":"ListItem","position":1,"name":"Home","item":"https:\/\/progettotouring.it\/radiotouring104\/"},{"@type":"ListItem","position":2,"name":"Basta Vittime sulla 106: domenica iniziativa in ricordo di Antonio Francesco Dati"}]},{"@type":"WebSite","@id":"https:\/\/progettotouring.it\/radiotouring104\/#website","url":"https:\/\/progettotouring.it\/radiotouring104\/","name":"Radio Touring 104","description":"La prima radio Reggina","publisher":{"@id":"https:\/\/progettotouring.it\/radiotouring104\/#organization"},"potentialAction":[{"@type":"SearchAction","target":{"@type":"EntryPoint","urlTemplate":"https:\/\/progettotouring.it\/radiotouring104\/?s={search_term_string}"},"query-input":{"@type":"PropertyValueSpecification","valueRequired":true,"valueName":"search_term_string"}}],"inLanguage":"it-IT"},{"@type":"Organization","@id":"https:\/\/progettotouring.it\/radiotouring104\/#organization","name":"Radio Touring 104","url":"https:\/\/progettotouring.it\/radiotouring104\/","logo":{"@type":"ImageObject","inLanguage":"it-IT","@id":"https:\/\/progettotouring.it\/radiotouring104\/#\/schema\/logo\/image\/","url":"https:\/\/progettotouring.it\/radiotouring104\/wp-content\/uploads\/sites\/6\/2022\/02\/cropped-logo-radio-touring-104.png","contentUrl":"https:\/\/progettotouring.it\/radiotouring104\/wp-content\/uploads\/sites\/6\/2022\/02\/cropped-logo-radio-touring-104.png","width":377,"height":182,"caption":"Radio Touring 104"},"image":{"@id":"https:\/\/progettotouring.it\/radiotouring104\/#\/schema\/logo\/image\/"}},{"@type":"Person","@id":"https:\/\/progettotouring.it\/radiotouring104\/#\/schema\/person\/78613917f1851f041f7483f5af1d422e","name":"Sebastiano Plutino","image":{"@type":"ImageObject","inLanguage":"it-IT","@id":"https:\/\/secure.gravatar.com\/avatar\/0546ffaa9b79224faf9f2a156b67a529ae861d3287c66c1d8ccfdf909bcba78d?s=96&d=mm&r=g","url":"https:\/\/secure.gravatar.com\/avatar\/0546ffaa9b79224faf9f2a156b67a529ae861d3287c66c1d8ccfdf909bcba78d?s=96&d=mm&r=g","contentUrl":"https:\/\/secure.gravatar.com\/avatar\/0546ffaa9b79224faf9f2a156b67a529ae861d3287c66c1d8ccfdf909bcba78d?s=96&d=mm&r=g","caption":"Sebastiano Plutino"},"url":"https:\/\/progettotouring.it\/radiotouring104\/author\/sebastiano\/"}]}},"jetpack_publicize_connections":[],"jetpack_featured_media_url":"https:\/\/progettotouring.it\/radiotouring104\/wp-content\/uploads\/sites\/6\/2024\/02\/locandina-dati-basta-vittime106-scaled.jpg","jetpack_sharing_enabled":true,"_links":{"self":[{"href":"https:\/\/progettotouring.it\/radiotouring104\/wp-json\/wp\/v2\/posts\/45296","targetHints":{"allow":["GET"]}}],"collection":[{"href":"https:\/\/progettotouring.it\/radiotouring104\/wp-json\/wp\/v2\/posts"}],"about":[{"href":"https:\/\/progettotouring.it\/radiotouring104\/wp-json\/wp\/v2\/types\/post"}],"author":[{"embeddable":true,"href":"https:\/\/progettotouring.it\/radiotouring104\/wp-json\/wp\/v2\/users\/12"}],"replies":[{"embeddable":true,"href":"https:\/\/progettotouring.it\/radiotouring104\/wp-json\/wp\/v2\/comments?post=45296"}],"version-history":[{"count":1,"href":"https:\/\/progettotouring.it\/radiotouring104\/wp-json\/wp\/v2\/posts\/45296\/revisions"}],"predecessor-version":[{"id":45298,"href":"https:\/\/progettotouring.it\/radiotouring104\/wp-json\/wp\/v2\/posts\/45296\/revisions\/45298"}],"wp:featuredmedia":[{"embeddable":true,"href":"https:\/\/progettotouring.it\/radiotouring104\/wp-json\/wp\/v2\/media\/45297"}],"wp:attachment":[{"href":"https:\/\/progettotouring.it\/radiotouring104\/wp-json\/wp\/v2\/media?parent=45296"}],"wp:term":[{"taxonomy":"category","embeddable":true,"href":"https:\/\/progettotouring.it\/radiotouring104\/wp-json\/wp\/v2\/categories?post=45296"},{"taxonomy":"post_tag","embeddable":true,"href":"https:\/\/progettotouring.it\/radiotouring104\/wp-json\/wp\/v2\/tags?post=45296"}],"curies":[{"name":"wp","href":"https:\/\/api.w.org\/{rel}","templated":true}]}}