{"id":45318,"date":"2024-02-23T13:05:22","date_gmt":"2024-02-23T12:05:22","guid":{"rendered":"https:\/\/progettotouring.it\/radiotouring104\/?p=45318"},"modified":"2024-02-23T14:59:38","modified_gmt":"2024-02-23T13:59:38","slug":"versace-alla-cerimonia-della-sezione-aia-di-reggio-calabria-un-evento-significativo","status":"publish","type":"post","link":"https:\/\/progettotouring.it\/radiotouring104\/2024\/02\/23\/versace-alla-cerimonia-della-sezione-aia-di-reggio-calabria-un-evento-significativo\/","title":{"rendered":"Versace alla cerimonia della sezione AIA di Reggio Calabria: &#8220;Un evento significativo&#8221;"},"content":{"rendered":"<p style=\"text-align: justify\">Il vicesindaco metropolitano, Carmelo Versace, \u00e8 intervenuto alla cerimonia per il 90\u00b0 anno di fondazione della sezione reggina dell&#8217;Associazione italiana Arbitri. All&#8217;iniziativa era presente anche il consigliere comunale delegato allo Sport, <strong>Giovanni Latella<\/strong>, che si \u00e8 detto &#8220;<em>onorato di poter partecipare ad un vento cos\u00ec importante&#8221;.<\/em><\/p>\n<p style=\"text-align: justify\">Nel salutare i presidenti nazionale, regionale e provinciale dell\u2019Aia, Carlo Pacifici, Francesco Longo e Francesco Catona, il vicesindaco metropolitano ha proposto &#8220;<em>la possibilit\u00e0 di organizzare, in sinergia, un progetto rivolto alle quinte classi dei 46 istituti scolastici della<strong> Citt\u00e0 Metropolitana,<\/strong> attraverso il quale trasmettere l\u2019immagine positiva e la rilevanza del ruolo degli arbitri che non sono solo gli attori che decidono, nel bene o nel male, le sorti di una partita&#8221;. &#8220;Anzi<\/em> \u2013 ha affermato Versace ricordando i suoi trascorsi in mezzo al campo da gioco quale direttore di gara \u2013<em> per me, la sezione reggina dell\u2019Aia, \u00e8 stata una famiglia ed una vera e propria scuola di vita&#8221;.<\/em><\/p>\n<p style=\"text-align: justify\"><em>&#8220;E&#8217; con profondo orgoglio \u2013 ha detto Versace &#8211; c<strong>he partecipo ad un evento cos\u00ec significativo per l&#8217;intero comprensorio<\/strong> metropolitano che, anche a livello nazionale, sta riuscendo a far emergere alcuni fra i migliori arbitri di calcio. <strong>Grazie all\u2019Aia,<\/strong> mi porto dentro quei valori di legalit\u00e0, giustizia e rispetto per il prossimo che mi hanno aiutato a crescere personalmente e professionalmente. Posso dire che, questa esperienza, \u00e8 stata fondamentale per rendermi una persona migliore di quella che sarei potuta essere&#8221;.<\/em><\/p>\n<p style=\"text-align: justify\"><em>&#8220;L\u2019augurio <\/em>\u2013 ha concluso il vicesindaco metropolitano \u2013<em> \u00e8 per il 90\u00b0 anno della fondazione della sezione reggina che si celebra con due anni di ritardo per colpa della pandemia. <strong>Potremmo dire che ci sono voluti due anni di recupero<\/strong>, un\u2019attesa che ha reso ancora pi\u00f9 affascinante una festa che \u00e8, sicuramente, per i pi\u00f9 giovani e per quanti si affacciano ad intraprendere questa splendida carriera. Sono loro, soprattutto, che devono sentire questo momento come un passaggio fondamentale per la loro crescita&#8221;.<\/em><\/p>\n","protected":false},"excerpt":{"rendered":"<p>Il vicesindaco metropolitano, Carmelo Versace, \u00e8 intervenuto alla cerimonia per il 90\u00b0 anno di fondazione della sezione reggina dell&#8217;Associazione italiana Arbitri. All&#8217;iniziativa era presente anche il consigliere comunale delegato allo&hellip;<\/p>\n","protected":false},"author":8,"featured_media":45319,"comment_status":"closed","ping_status":"open","sticky":false,"template":"","format":"standard","meta":{"_jetpack_memberships_contains_paid_content":false,"footnotes":"","jetpack_publicize_message":"","jetpack_publicize_feature_enabled":true,"jetpack_social_post_already_shared":false,"jetpack_social_options":{"image_generator_settings":{"template":"highway","default_image_id":0,"font":"","enabled":false},"version":2}},"categories":[196,140,144],"tags":[3307,3817,236,765],"class_list":["post-45318","post","type-post","status-publish","format-standard","has-post-thumbnail","hentry","category-news","category-reggio-calabria","category-sport","tag-aia","tag-latella","tag-reggio-calabria","tag-versace"],"yoast_head":"<!-- This site is optimized with the Yoast SEO plugin v27.2 - https:\/\/yoast.com\/product\/yoast-seo-wordpress\/ -->\n<title>Versace alla cerimonia della sezione AIA di Reggio Calabria: &quot;Un evento significativo&quot; - Radio Touring 104<\/title>\n<meta name=\"description\" content=\"Carmelo Versace ha presenziato alla cerimonia per il 90\u00b0 anno di fondazione della sezione reggina dell&#039;Associazione italiana Arbitri.\" \/>\n<meta name=\"robots\" content=\"index, follow, max-snippet:-1, max-image-preview:large, max-video-preview:-1\" \/>\n<link rel=\"canonical\" href=\"https:\/\/progettotouring.it\/radiotouring104\/2024\/02\/23\/versace-alla-cerimonia-della-sezione-aia-di-reggio-calabria-un-evento-significativo\/\" \/>\n<meta property=\"og:locale\" content=\"it_IT\" \/>\n<meta property=\"og:type\" content=\"article\" \/>\n<meta property=\"og:title\" content=\"Versace alla cerimonia della sezione AIA di Reggio Calabria: &quot;Un evento significativo&quot; - Radio Touring 104\" \/>\n<meta property=\"og:description\" content=\"Carmelo Versace ha presenziato alla cerimonia per il 90\u00b0 anno di fondazione della sezione reggina dell&#039;Associazione italiana Arbitri.\" \/>\n<meta property=\"og:url\" content=\"https:\/\/progettotouring.it\/radiotouring104\/2024\/02\/23\/versace-alla-cerimonia-della-sezione-aia-di-reggio-calabria-un-evento-significativo\/\" \/>\n<meta property=\"og:site_name\" content=\"Radio Touring 104\" \/>\n<meta property=\"article:published_time\" content=\"2024-02-23T12:05:22+00:00\" \/>\n<meta property=\"article:modified_time\" content=\"2024-02-23T13:59:38+00:00\" \/>\n<meta property=\"og:image\" content=\"https:\/\/progettotouring.it\/radiotouring104\/wp-content\/uploads\/sites\/6\/2024\/02\/versace-aia.jpeg\" \/>\n\t<meta property=\"og:image:width\" content=\"1600\" \/>\n\t<meta property=\"og:image:height\" content=\"1200\" \/>\n\t<meta property=\"og:image:type\" content=\"image\/jpeg\" \/>\n<meta name=\"author\" content=\"Filippo Francesco Idone\" \/>\n<meta name=\"twitter:card\" content=\"summary_large_image\" \/>\n<meta name=\"twitter:label1\" content=\"Scritto da\" \/>\n\t<meta name=\"twitter:data1\" content=\"Filippo Francesco Idone\" \/>\n\t<meta name=\"twitter:label2\" content=\"Tempo di lettura stimato\" \/>\n\t<meta name=\"twitter:data2\" content=\"2 minuti\" \/>\n<script type=\"application\/ld+json\" class=\"yoast-schema-graph\">{\"@context\":\"https:\/\/schema.org\",\"@graph\":[{\"@type\":\"Article\",\"@id\":\"https:\/\/progettotouring.it\/radiotouring104\/2024\/02\/23\/versace-alla-cerimonia-della-sezione-aia-di-reggio-calabria-un-evento-significativo\/#article\",\"isPartOf\":{\"@id\":\"https:\/\/progettotouring.it\/radiotouring104\/2024\/02\/23\/versace-alla-cerimonia-della-sezione-aia-di-reggio-calabria-un-evento-significativo\/\"},\"author\":{\"name\":\"Filippo Francesco Idone\",\"@id\":\"https:\/\/progettotouring.it\/radiotouring104\/#\/schema\/person\/4a82259ca52ac8702ad1a8f9e5a3120b\"},\"headline\":\"Versace alla cerimonia della sezione AIA di Reggio Calabria: &#8220;Un evento significativo&#8221;\",\"datePublished\":\"2024-02-23T12:05:22+00:00\",\"dateModified\":\"2024-02-23T13:59:38+00:00\",\"mainEntityOfPage\":{\"@id\":\"https:\/\/progettotouring.it\/radiotouring104\/2024\/02\/23\/versace-alla-cerimonia-della-sezione-aia-di-reggio-calabria-un-evento-significativo\/\"},\"wordCount\":321,\"publisher\":{\"@id\":\"https:\/\/progettotouring.it\/radiotouring104\/#organization\"},\"image\":{\"@id\":\"https:\/\/progettotouring.it\/radiotouring104\/2024\/02\/23\/versace-alla-cerimonia-della-sezione-aia-di-reggio-calabria-un-evento-significativo\/#primaryimage\"},\"thumbnailUrl\":\"https:\/\/progettotouring.it\/radiotouring104\/wp-content\/uploads\/sites\/6\/2024\/02\/versace-aia.jpeg\",\"keywords\":[\"AIA\",\"Latella\",\"reggio calabria\",\"versace\"],\"articleSection\":[\"News\",\"Reggio Calabria\",\"Sport\"],\"inLanguage\":\"it-IT\"},{\"@type\":\"WebPage\",\"@id\":\"https:\/\/progettotouring.it\/radiotouring104\/2024\/02\/23\/versace-alla-cerimonia-della-sezione-aia-di-reggio-calabria-un-evento-significativo\/\",\"url\":\"https:\/\/progettotouring.it\/radiotouring104\/2024\/02\/23\/versace-alla-cerimonia-della-sezione-aia-di-reggio-calabria-un-evento-significativo\/\",\"name\":\"Versace alla cerimonia della sezione AIA di Reggio Calabria: \\\"Un evento significativo\\\" - Radio Touring 104\",\"isPartOf\":{\"@id\":\"https:\/\/progettotouring.it\/radiotouring104\/#website\"},\"primaryImageOfPage\":{\"@id\":\"https:\/\/progettotouring.it\/radiotouring104\/2024\/02\/23\/versace-alla-cerimonia-della-sezione-aia-di-reggio-calabria-un-evento-significativo\/#primaryimage\"},\"image\":{\"@id\":\"https:\/\/progettotouring.it\/radiotouring104\/2024\/02\/23\/versace-alla-cerimonia-della-sezione-aia-di-reggio-calabria-un-evento-significativo\/#primaryimage\"},\"thumbnailUrl\":\"https:\/\/progettotouring.it\/radiotouring104\/wp-content\/uploads\/sites\/6\/2024\/02\/versace-aia.jpeg\",\"datePublished\":\"2024-02-23T12:05:22+00:00\",\"dateModified\":\"2024-02-23T13:59:38+00:00\",\"description\":\"Carmelo Versace ha presenziato alla cerimonia per il 90\u00b0 anno di fondazione della sezione reggina dell'Associazione italiana Arbitri.\",\"breadcrumb\":{\"@id\":\"https:\/\/progettotouring.it\/radiotouring104\/2024\/02\/23\/versace-alla-cerimonia-della-sezione-aia-di-reggio-calabria-un-evento-significativo\/#breadcrumb\"},\"inLanguage\":\"it-IT\",\"potentialAction\":[{\"@type\":\"ReadAction\",\"target\":[\"https:\/\/progettotouring.it\/radiotouring104\/2024\/02\/23\/versace-alla-cerimonia-della-sezione-aia-di-reggio-calabria-un-evento-significativo\/\"]}]},{\"@type\":\"ImageObject\",\"inLanguage\":\"it-IT\",\"@id\":\"https:\/\/progettotouring.it\/radiotouring104\/2024\/02\/23\/versace-alla-cerimonia-della-sezione-aia-di-reggio-calabria-un-evento-significativo\/#primaryimage\",\"url\":\"https:\/\/progettotouring.it\/radiotouring104\/wp-content\/uploads\/sites\/6\/2024\/02\/versace-aia.jpeg\",\"contentUrl\":\"https:\/\/progettotouring.it\/radiotouring104\/wp-content\/uploads\/sites\/6\/2024\/02\/versace-aia.jpeg\",\"width\":1600,\"height\":1200},{\"@type\":\"BreadcrumbList\",\"@id\":\"https:\/\/progettotouring.it\/radiotouring104\/2024\/02\/23\/versace-alla-cerimonia-della-sezione-aia-di-reggio-calabria-un-evento-significativo\/#breadcrumb\",\"itemListElement\":[{\"@type\":\"ListItem\",\"position\":1,\"name\":\"Home\",\"item\":\"https:\/\/progettotouring.it\/radiotouring104\/\"},{\"@type\":\"ListItem\",\"position\":2,\"name\":\"Versace alla cerimonia della sezione AIA di Reggio Calabria: &#8220;Un evento significativo&#8221;\"}]},{\"@type\":\"WebSite\",\"@id\":\"https:\/\/progettotouring.it\/radiotouring104\/#website\",\"url\":\"https:\/\/progettotouring.it\/radiotouring104\/\",\"name\":\"Radio Touring 104\",\"description\":\"La prima radio Reggina\",\"publisher\":{\"@id\":\"https:\/\/progettotouring.it\/radiotouring104\/#organization\"},\"potentialAction\":[{\"@type\":\"SearchAction\",\"target\":{\"@type\":\"EntryPoint\",\"urlTemplate\":\"https:\/\/progettotouring.it\/radiotouring104\/?s={search_term_string}\"},\"query-input\":{\"@type\":\"PropertyValueSpecification\",\"valueRequired\":true,\"valueName\":\"search_term_string\"}}],\"inLanguage\":\"it-IT\"},{\"@type\":\"Organization\",\"@id\":\"https:\/\/progettotouring.it\/radiotouring104\/#organization\",\"name\":\"Radio Touring 104\",\"url\":\"https:\/\/progettotouring.it\/radiotouring104\/\",\"logo\":{\"@type\":\"ImageObject\",\"inLanguage\":\"it-IT\",\"@id\":\"https:\/\/progettotouring.it\/radiotouring104\/#\/schema\/logo\/image\/\",\"url\":\"https:\/\/progettotouring.it\/radiotouring104\/wp-content\/uploads\/sites\/6\/2022\/02\/cropped-logo-radio-touring-104.png\",\"contentUrl\":\"https:\/\/progettotouring.it\/radiotouring104\/wp-content\/uploads\/sites\/6\/2022\/02\/cropped-logo-radio-touring-104.png\",\"width\":377,\"height\":182,\"caption\":\"Radio Touring 104\"},\"image\":{\"@id\":\"https:\/\/progettotouring.it\/radiotouring104\/#\/schema\/logo\/image\/\"}},{\"@type\":\"Person\",\"@id\":\"https:\/\/progettotouring.it\/radiotouring104\/#\/schema\/person\/4a82259ca52ac8702ad1a8f9e5a3120b\",\"name\":\"Filippo Francesco Idone\",\"image\":{\"@type\":\"ImageObject\",\"inLanguage\":\"it-IT\",\"@id\":\"https:\/\/secure.gravatar.com\/avatar\/7268715d2366395c3dd314385670e6484117d44f5c442e61e230f7008b7b62d3?s=96&d=mm&r=g\",\"url\":\"https:\/\/secure.gravatar.com\/avatar\/7268715d2366395c3dd314385670e6484117d44f5c442e61e230f7008b7b62d3?s=96&d=mm&r=g\",\"contentUrl\":\"https:\/\/secure.gravatar.com\/avatar\/7268715d2366395c3dd314385670e6484117d44f5c442e61e230f7008b7b62d3?s=96&d=mm&r=g\",\"caption\":\"Filippo Francesco Idone\"},\"url\":\"https:\/\/progettotouring.it\/radiotouring104\/author\/filippoidone\/\"}]}<\/script>\n<!-- \/ Yoast SEO plugin. -->","yoast_head_json":{"title":"Versace alla cerimonia della sezione AIA di Reggio Calabria: \"Un evento significativo\" - Radio Touring 104","description":"Carmelo Versace ha presenziato alla cerimonia per il 90\u00b0 anno di fondazione della sezione reggina dell'Associazione italiana Arbitri.","robots":{"index":"index","follow":"follow","max-snippet":"max-snippet:-1","max-image-preview":"max-image-preview:large","max-video-preview":"max-video-preview:-1"},"canonical":"https:\/\/progettotouring.it\/radiotouring104\/2024\/02\/23\/versace-alla-cerimonia-della-sezione-aia-di-reggio-calabria-un-evento-significativo\/","og_locale":"it_IT","og_type":"article","og_title":"Versace alla cerimonia della sezione AIA di Reggio Calabria: \"Un evento significativo\" - Radio Touring 104","og_description":"Carmelo Versace ha presenziato alla cerimonia per il 90\u00b0 anno di fondazione della sezione reggina dell'Associazione italiana Arbitri.","og_url":"https:\/\/progettotouring.it\/radiotouring104\/2024\/02\/23\/versace-alla-cerimonia-della-sezione-aia-di-reggio-calabria-un-evento-significativo\/","og_site_name":"Radio Touring 104","article_published_time":"2024-02-23T12:05:22+00:00","article_modified_time":"2024-02-23T13:59:38+00:00","og_image":[{"width":1600,"height":1200,"url":"https:\/\/progettotouring.it\/radiotouring104\/wp-content\/uploads\/sites\/6\/2024\/02\/versace-aia.jpeg","type":"image\/jpeg"}],"author":"Filippo Francesco Idone","twitter_card":"summary_large_image","twitter_misc":{"Scritto da":"Filippo Francesco Idone","Tempo di lettura stimato":"2 minuti"},"schema":{"@context":"https:\/\/schema.org","@graph":[{"@type":"Article","@id":"https:\/\/progettotouring.it\/radiotouring104\/2024\/02\/23\/versace-alla-cerimonia-della-sezione-aia-di-reggio-calabria-un-evento-significativo\/#article","isPartOf":{"@id":"https:\/\/progettotouring.it\/radiotouring104\/2024\/02\/23\/versace-alla-cerimonia-della-sezione-aia-di-reggio-calabria-un-evento-significativo\/"},"author":{"name":"Filippo Francesco Idone","@id":"https:\/\/progettotouring.it\/radiotouring104\/#\/schema\/person\/4a82259ca52ac8702ad1a8f9e5a3120b"},"headline":"Versace alla cerimonia della sezione AIA di Reggio Calabria: &#8220;Un evento significativo&#8221;","datePublished":"2024-02-23T12:05:22+00:00","dateModified":"2024-02-23T13:59:38+00:00","mainEntityOfPage":{"@id":"https:\/\/progettotouring.it\/radiotouring104\/2024\/02\/23\/versace-alla-cerimonia-della-sezione-aia-di-reggio-calabria-un-evento-significativo\/"},"wordCount":321,"publisher":{"@id":"https:\/\/progettotouring.it\/radiotouring104\/#organization"},"image":{"@id":"https:\/\/progettotouring.it\/radiotouring104\/2024\/02\/23\/versace-alla-cerimonia-della-sezione-aia-di-reggio-calabria-un-evento-significativo\/#primaryimage"},"thumbnailUrl":"https:\/\/progettotouring.it\/radiotouring104\/wp-content\/uploads\/sites\/6\/2024\/02\/versace-aia.jpeg","keywords":["AIA","Latella","reggio calabria","versace"],"articleSection":["News","Reggio Calabria","Sport"],"inLanguage":"it-IT"},{"@type":"WebPage","@id":"https:\/\/progettotouring.it\/radiotouring104\/2024\/02\/23\/versace-alla-cerimonia-della-sezione-aia-di-reggio-calabria-un-evento-significativo\/","url":"https:\/\/progettotouring.it\/radiotouring104\/2024\/02\/23\/versace-alla-cerimonia-della-sezione-aia-di-reggio-calabria-un-evento-significativo\/","name":"Versace alla cerimonia della sezione AIA di Reggio Calabria: \"Un evento significativo\" - Radio Touring 104","isPartOf":{"@id":"https:\/\/progettotouring.it\/radiotouring104\/#website"},"primaryImageOfPage":{"@id":"https:\/\/progettotouring.it\/radiotouring104\/2024\/02\/23\/versace-alla-cerimonia-della-sezione-aia-di-reggio-calabria-un-evento-significativo\/#primaryimage"},"image":{"@id":"https:\/\/progettotouring.it\/radiotouring104\/2024\/02\/23\/versace-alla-cerimonia-della-sezione-aia-di-reggio-calabria-un-evento-significativo\/#primaryimage"},"thumbnailUrl":"https:\/\/progettotouring.it\/radiotouring104\/wp-content\/uploads\/sites\/6\/2024\/02\/versace-aia.jpeg","datePublished":"2024-02-23T12:05:22+00:00","dateModified":"2024-02-23T13:59:38+00:00","description":"Carmelo Versace ha presenziato alla cerimonia per il 90\u00b0 anno di fondazione della sezione reggina dell'Associazione italiana Arbitri.","breadcrumb":{"@id":"https:\/\/progettotouring.it\/radiotouring104\/2024\/02\/23\/versace-alla-cerimonia-della-sezione-aia-di-reggio-calabria-un-evento-significativo\/#breadcrumb"},"inLanguage":"it-IT","potentialAction":[{"@type":"ReadAction","target":["https:\/\/progettotouring.it\/radiotouring104\/2024\/02\/23\/versace-alla-cerimonia-della-sezione-aia-di-reggio-calabria-un-evento-significativo\/"]}]},{"@type":"ImageObject","inLanguage":"it-IT","@id":"https:\/\/progettotouring.it\/radiotouring104\/2024\/02\/23\/versace-alla-cerimonia-della-sezione-aia-di-reggio-calabria-un-evento-significativo\/#primaryimage","url":"https:\/\/progettotouring.it\/radiotouring104\/wp-content\/uploads\/sites\/6\/2024\/02\/versace-aia.jpeg","contentUrl":"https:\/\/progettotouring.it\/radiotouring104\/wp-content\/uploads\/sites\/6\/2024\/02\/versace-aia.jpeg","width":1600,"height":1200},{"@type":"BreadcrumbList","@id":"https:\/\/progettotouring.it\/radiotouring104\/2024\/02\/23\/versace-alla-cerimonia-della-sezione-aia-di-reggio-calabria-un-evento-significativo\/#breadcrumb","itemListElement":[{"@type":"ListItem","position":1,"name":"Home","item":"https:\/\/progettotouring.it\/radiotouring104\/"},{"@type":"ListItem","position":2,"name":"Versace alla cerimonia della sezione AIA di Reggio Calabria: &#8220;Un evento significativo&#8221;"}]},{"@type":"WebSite","@id":"https:\/\/progettotouring.it\/radiotouring104\/#website","url":"https:\/\/progettotouring.it\/radiotouring104\/","name":"Radio Touring 104","description":"La prima radio Reggina","publisher":{"@id":"https:\/\/progettotouring.it\/radiotouring104\/#organization"},"potentialAction":[{"@type":"SearchAction","target":{"@type":"EntryPoint","urlTemplate":"https:\/\/progettotouring.it\/radiotouring104\/?s={search_term_string}"},"query-input":{"@type":"PropertyValueSpecification","valueRequired":true,"valueName":"search_term_string"}}],"inLanguage":"it-IT"},{"@type":"Organization","@id":"https:\/\/progettotouring.it\/radiotouring104\/#organization","name":"Radio Touring 104","url":"https:\/\/progettotouring.it\/radiotouring104\/","logo":{"@type":"ImageObject","inLanguage":"it-IT","@id":"https:\/\/progettotouring.it\/radiotouring104\/#\/schema\/logo\/image\/","url":"https:\/\/progettotouring.it\/radiotouring104\/wp-content\/uploads\/sites\/6\/2022\/02\/cropped-logo-radio-touring-104.png","contentUrl":"https:\/\/progettotouring.it\/radiotouring104\/wp-content\/uploads\/sites\/6\/2022\/02\/cropped-logo-radio-touring-104.png","width":377,"height":182,"caption":"Radio Touring 104"},"image":{"@id":"https:\/\/progettotouring.it\/radiotouring104\/#\/schema\/logo\/image\/"}},{"@type":"Person","@id":"https:\/\/progettotouring.it\/radiotouring104\/#\/schema\/person\/4a82259ca52ac8702ad1a8f9e5a3120b","name":"Filippo Francesco Idone","image":{"@type":"ImageObject","inLanguage":"it-IT","@id":"https:\/\/secure.gravatar.com\/avatar\/7268715d2366395c3dd314385670e6484117d44f5c442e61e230f7008b7b62d3?s=96&d=mm&r=g","url":"https:\/\/secure.gravatar.com\/avatar\/7268715d2366395c3dd314385670e6484117d44f5c442e61e230f7008b7b62d3?s=96&d=mm&r=g","contentUrl":"https:\/\/secure.gravatar.com\/avatar\/7268715d2366395c3dd314385670e6484117d44f5c442e61e230f7008b7b62d3?s=96&d=mm&r=g","caption":"Filippo Francesco Idone"},"url":"https:\/\/progettotouring.it\/radiotouring104\/author\/filippoidone\/"}]}},"jetpack_publicize_connections":[],"jetpack_featured_media_url":"https:\/\/progettotouring.it\/radiotouring104\/wp-content\/uploads\/sites\/6\/2024\/02\/versace-aia.jpeg","jetpack_sharing_enabled":true,"_links":{"self":[{"href":"https:\/\/progettotouring.it\/radiotouring104\/wp-json\/wp\/v2\/posts\/45318","targetHints":{"allow":["GET"]}}],"collection":[{"href":"https:\/\/progettotouring.it\/radiotouring104\/wp-json\/wp\/v2\/posts"}],"about":[{"href":"https:\/\/progettotouring.it\/radiotouring104\/wp-json\/wp\/v2\/types\/post"}],"author":[{"embeddable":true,"href":"https:\/\/progettotouring.it\/radiotouring104\/wp-json\/wp\/v2\/users\/8"}],"replies":[{"embeddable":true,"href":"https:\/\/progettotouring.it\/radiotouring104\/wp-json\/wp\/v2\/comments?post=45318"}],"version-history":[{"count":1,"href":"https:\/\/progettotouring.it\/radiotouring104\/wp-json\/wp\/v2\/posts\/45318\/revisions"}],"predecessor-version":[{"id":45320,"href":"https:\/\/progettotouring.it\/radiotouring104\/wp-json\/wp\/v2\/posts\/45318\/revisions\/45320"}],"wp:featuredmedia":[{"embeddable":true,"href":"https:\/\/progettotouring.it\/radiotouring104\/wp-json\/wp\/v2\/media\/45319"}],"wp:attachment":[{"href":"https:\/\/progettotouring.it\/radiotouring104\/wp-json\/wp\/v2\/media?parent=45318"}],"wp:term":[{"taxonomy":"category","embeddable":true,"href":"https:\/\/progettotouring.it\/radiotouring104\/wp-json\/wp\/v2\/categories?post=45318"},{"taxonomy":"post_tag","embeddable":true,"href":"https:\/\/progettotouring.it\/radiotouring104\/wp-json\/wp\/v2\/tags?post=45318"}],"curies":[{"name":"wp","href":"https:\/\/api.w.org\/{rel}","templated":true}]}}