{"id":45324,"date":"2024-02-23T13:22:23","date_gmt":"2024-02-23T12:22:23","guid":{"rendered":"https:\/\/progettotouring.it\/radiotouring104\/?p=45324"},"modified":"2024-02-23T15:10:52","modified_gmt":"2024-02-23T14:10:52","slug":"calabria-mancuso-incontra-il-garante-per-le-vittime-di-reato","status":"publish","type":"post","link":"https:\/\/progettotouring.it\/radiotouring104\/2024\/02\/23\/calabria-mancuso-incontra-il-garante-per-le-vittime-di-reato\/","title":{"rendered":"Calabria: Mancuso incontra il Garante per le vittime di reato"},"content":{"rendered":"<p style=\"text-align: justify\"><em>\u201cCon la legge dello scorso anno, abbiamo inteso promuovere la piena attuazione dei diritti e degli interessi delle persone vittime di reato, in coerenza con i principi <strong>dell\u2019Unione<\/strong> <strong>europea<\/strong> in materia. Le funzioni di questo <strong>Ufficio del Garante<\/strong> &#8211; <\/em>cui \u00e8 richiesto di farsi interprete delle istanze delle vittime di reato ponendosi in posizione imparziale affinch\u00e9 alle stesse vengano riconosciute una compiuta tutela e un\u2019assistenza di lungo periodo &#8211;<em> sono numerose e articolate. Ma non dubitiamo che, considerata la delicatezza delle questioni, saranno esercitate con competenza e scrupolo. Da parte di questa Presidenza, c\u2019\u00e8 la massima disponibilit\u00e0 alla cooperazione, anche perch\u00e9 l\u2019impegno del Consiglio e di tutti i Garanti attivi nel territorio regionale, \u00e8 dare voce e sostanza ai diritti fondamentali dei cittadini, contribuendo a rendere la Calabria una regione normale\u201d. <\/em>L\u2019ha detto il presidente Filippo Mancuso, incontrando il Garante per le vittime di reato avv. Antonio Lomonaco (individuato dal Consiglio regionale nell\u2019ultimo scorcio del 2023), in procinto di dar corso alle sue prerogative.<\/p>\n<p style=\"text-align: justify\">L\u2019avv. Lomonaco ha riferito di aver provveduto a rendere disponibile la Pec ove gli interessati potranno inviare le loro istanze: garantevittimedireato@pec.consrc.it.<strong> <em>\u201cLa legge regionale si prefigge<\/em> <\/strong>\u2013 ha commentato il Garante &#8211; <strong>d<\/strong><em><strong>i dare una risposta sociale alla sofferenza della vittima indipendentemente<\/strong> <strong>dal reato<\/strong> che l\u2019ha vista coinvolta; pertanto, \u00e8 importante promuovere una stretta collaborazione<\/em> (oltre che con la magistratura e gli altri organi di garanzia) <em>con le agenzie del territorio. In tal senso, stiamo predisponendo una manifestazione di interesse per pervenire a una mappatura dei diversi soggetti e organismi che operano, a vario titolo, sul territorio calabrese, al fine di offrire sostegno, assistenza, protezione di carattere sanitario, sociale, legale, psicologico alle vittime. Insieme, tra l\u2019altro, potremo proporre misure per migliorare la funzionalit\u00e0 dell\u2019attivit\u00e0 amministrativa e segnalare eventuali condotte omissive; intervenire nei procedimenti amministrativi e promuove iniziative a favore delle vittime di reato in collaborazione con gli enti locali, le aziende sanitarie, le istituzioni scolastiche e la magistratura ordinaria e minorile\u201d.<\/em><\/p>\n","protected":false},"excerpt":{"rendered":"<p>\u201cCon la legge dello scorso anno, abbiamo inteso promuovere la piena attuazione dei diritti e degli interessi delle persone vittime di reato, in coerenza con i principi dell\u2019Unione europea in&hellip;<\/p>\n","protected":false},"author":8,"featured_media":45325,"comment_status":"closed","ping_status":"open","sticky":false,"template":"","format":"standard","meta":{"_jetpack_memberships_contains_paid_content":false,"footnotes":"","jetpack_publicize_message":"","jetpack_publicize_feature_enabled":true,"jetpack_social_post_already_shared":false,"jetpack_social_options":{"image_generator_settings":{"template":"highway","default_image_id":0,"font":"","enabled":false},"version":2}},"categories":[142,921,196],"tags":[28029,586,3911],"class_list":["post-45324","post","type-post","status-publish","format-standard","has-post-thumbnail","hentry","category-calabria","category-home","category-news","tag-antonio-lomonaco","tag-calabria","tag-mancuso"],"yoast_head":"<!-- This site is optimized with the Yoast SEO plugin v27.2 - https:\/\/yoast.com\/product\/yoast-seo-wordpress\/ -->\n<title>Calabria: Mancuso incontra il Garante per le vittime di reato - Radio Touring 104<\/title>\n<meta name=\"description\" content=\"Il presidente Filippo Mancuso ha incontrato il Garante per le vittime di reato l&#039;avvocato Antonio Lomonaco\" \/>\n<meta name=\"robots\" content=\"index, follow, max-snippet:-1, max-image-preview:large, max-video-preview:-1\" \/>\n<link rel=\"canonical\" href=\"https:\/\/progettotouring.it\/radiotouring104\/2024\/02\/23\/calabria-mancuso-incontra-il-garante-per-le-vittime-di-reato\/\" \/>\n<meta property=\"og:locale\" content=\"it_IT\" \/>\n<meta property=\"og:type\" content=\"article\" \/>\n<meta property=\"og:title\" content=\"Calabria: Mancuso incontra il Garante per le vittime di reato - Radio Touring 104\" \/>\n<meta property=\"og:description\" content=\"Il presidente Filippo Mancuso ha incontrato il Garante per le vittime di reato l&#039;avvocato Antonio Lomonaco\" \/>\n<meta property=\"og:url\" content=\"https:\/\/progettotouring.it\/radiotouring104\/2024\/02\/23\/calabria-mancuso-incontra-il-garante-per-le-vittime-di-reato\/\" \/>\n<meta property=\"og:site_name\" content=\"Radio Touring 104\" \/>\n<meta property=\"article:published_time\" content=\"2024-02-23T12:22:23+00:00\" \/>\n<meta property=\"article:modified_time\" content=\"2024-02-23T14:10:52+00:00\" \/>\n<meta property=\"og:image\" content=\"https:\/\/progettotouring.it\/radiotouring104\/wp-content\/uploads\/sites\/6\/2024\/02\/Antonio-Lomonaco-mancuso.jpg\" \/>\n\t<meta property=\"og:image:width\" content=\"1485\" \/>\n\t<meta property=\"og:image:height\" content=\"990\" \/>\n\t<meta property=\"og:image:type\" content=\"image\/jpeg\" \/>\n<meta name=\"author\" content=\"Filippo Francesco Idone\" \/>\n<meta name=\"twitter:card\" content=\"summary_large_image\" \/>\n<meta name=\"twitter:label1\" content=\"Scritto da\" \/>\n\t<meta name=\"twitter:data1\" content=\"Filippo Francesco Idone\" \/>\n\t<meta name=\"twitter:label2\" content=\"Tempo di lettura stimato\" \/>\n\t<meta name=\"twitter:data2\" content=\"2 minuti\" \/>\n<script type=\"application\/ld+json\" class=\"yoast-schema-graph\">{\"@context\":\"https:\/\/schema.org\",\"@graph\":[{\"@type\":\"Article\",\"@id\":\"https:\/\/progettotouring.it\/radiotouring104\/2024\/02\/23\/calabria-mancuso-incontra-il-garante-per-le-vittime-di-reato\/#article\",\"isPartOf\":{\"@id\":\"https:\/\/progettotouring.it\/radiotouring104\/2024\/02\/23\/calabria-mancuso-incontra-il-garante-per-le-vittime-di-reato\/\"},\"author\":{\"name\":\"Filippo Francesco Idone\",\"@id\":\"https:\/\/progettotouring.it\/radiotouring104\/#\/schema\/person\/4a82259ca52ac8702ad1a8f9e5a3120b\"},\"headline\":\"Calabria: Mancuso incontra il Garante per le vittime di reato\",\"datePublished\":\"2024-02-23T12:22:23+00:00\",\"dateModified\":\"2024-02-23T14:10:52+00:00\",\"mainEntityOfPage\":{\"@id\":\"https:\/\/progettotouring.it\/radiotouring104\/2024\/02\/23\/calabria-mancuso-incontra-il-garante-per-le-vittime-di-reato\/\"},\"wordCount\":343,\"publisher\":{\"@id\":\"https:\/\/progettotouring.it\/radiotouring104\/#organization\"},\"image\":{\"@id\":\"https:\/\/progettotouring.it\/radiotouring104\/2024\/02\/23\/calabria-mancuso-incontra-il-garante-per-le-vittime-di-reato\/#primaryimage\"},\"thumbnailUrl\":\"https:\/\/progettotouring.it\/radiotouring104\/wp-content\/uploads\/sites\/6\/2024\/02\/Antonio-Lomonaco-mancuso.jpg\",\"keywords\":[\"Antonio Lomonaco\",\"calabria\",\"mancuso\"],\"articleSection\":[\"Calabria\",\"Home\",\"News\"],\"inLanguage\":\"it-IT\"},{\"@type\":\"WebPage\",\"@id\":\"https:\/\/progettotouring.it\/radiotouring104\/2024\/02\/23\/calabria-mancuso-incontra-il-garante-per-le-vittime-di-reato\/\",\"url\":\"https:\/\/progettotouring.it\/radiotouring104\/2024\/02\/23\/calabria-mancuso-incontra-il-garante-per-le-vittime-di-reato\/\",\"name\":\"Calabria: Mancuso incontra il Garante per le vittime di reato - Radio Touring 104\",\"isPartOf\":{\"@id\":\"https:\/\/progettotouring.it\/radiotouring104\/#website\"},\"primaryImageOfPage\":{\"@id\":\"https:\/\/progettotouring.it\/radiotouring104\/2024\/02\/23\/calabria-mancuso-incontra-il-garante-per-le-vittime-di-reato\/#primaryimage\"},\"image\":{\"@id\":\"https:\/\/progettotouring.it\/radiotouring104\/2024\/02\/23\/calabria-mancuso-incontra-il-garante-per-le-vittime-di-reato\/#primaryimage\"},\"thumbnailUrl\":\"https:\/\/progettotouring.it\/radiotouring104\/wp-content\/uploads\/sites\/6\/2024\/02\/Antonio-Lomonaco-mancuso.jpg\",\"datePublished\":\"2024-02-23T12:22:23+00:00\",\"dateModified\":\"2024-02-23T14:10:52+00:00\",\"description\":\"Il presidente Filippo Mancuso ha incontrato il Garante per le vittime di reato l'avvocato Antonio Lomonaco\",\"breadcrumb\":{\"@id\":\"https:\/\/progettotouring.it\/radiotouring104\/2024\/02\/23\/calabria-mancuso-incontra-il-garante-per-le-vittime-di-reato\/#breadcrumb\"},\"inLanguage\":\"it-IT\",\"potentialAction\":[{\"@type\":\"ReadAction\",\"target\":[\"https:\/\/progettotouring.it\/radiotouring104\/2024\/02\/23\/calabria-mancuso-incontra-il-garante-per-le-vittime-di-reato\/\"]}]},{\"@type\":\"ImageObject\",\"inLanguage\":\"it-IT\",\"@id\":\"https:\/\/progettotouring.it\/radiotouring104\/2024\/02\/23\/calabria-mancuso-incontra-il-garante-per-le-vittime-di-reato\/#primaryimage\",\"url\":\"https:\/\/progettotouring.it\/radiotouring104\/wp-content\/uploads\/sites\/6\/2024\/02\/Antonio-Lomonaco-mancuso.jpg\",\"contentUrl\":\"https:\/\/progettotouring.it\/radiotouring104\/wp-content\/uploads\/sites\/6\/2024\/02\/Antonio-Lomonaco-mancuso.jpg\",\"width\":1485,\"height\":990},{\"@type\":\"BreadcrumbList\",\"@id\":\"https:\/\/progettotouring.it\/radiotouring104\/2024\/02\/23\/calabria-mancuso-incontra-il-garante-per-le-vittime-di-reato\/#breadcrumb\",\"itemListElement\":[{\"@type\":\"ListItem\",\"position\":1,\"name\":\"Home\",\"item\":\"https:\/\/progettotouring.it\/radiotouring104\/\"},{\"@type\":\"ListItem\",\"position\":2,\"name\":\"Calabria: Mancuso incontra il Garante per le vittime di reato\"}]},{\"@type\":\"WebSite\",\"@id\":\"https:\/\/progettotouring.it\/radiotouring104\/#website\",\"url\":\"https:\/\/progettotouring.it\/radiotouring104\/\",\"name\":\"Radio Touring 104\",\"description\":\"La prima radio Reggina\",\"publisher\":{\"@id\":\"https:\/\/progettotouring.it\/radiotouring104\/#organization\"},\"potentialAction\":[{\"@type\":\"SearchAction\",\"target\":{\"@type\":\"EntryPoint\",\"urlTemplate\":\"https:\/\/progettotouring.it\/radiotouring104\/?s={search_term_string}\"},\"query-input\":{\"@type\":\"PropertyValueSpecification\",\"valueRequired\":true,\"valueName\":\"search_term_string\"}}],\"inLanguage\":\"it-IT\"},{\"@type\":\"Organization\",\"@id\":\"https:\/\/progettotouring.it\/radiotouring104\/#organization\",\"name\":\"Radio Touring 104\",\"url\":\"https:\/\/progettotouring.it\/radiotouring104\/\",\"logo\":{\"@type\":\"ImageObject\",\"inLanguage\":\"it-IT\",\"@id\":\"https:\/\/progettotouring.it\/radiotouring104\/#\/schema\/logo\/image\/\",\"url\":\"https:\/\/progettotouring.it\/radiotouring104\/wp-content\/uploads\/sites\/6\/2022\/02\/cropped-logo-radio-touring-104.png\",\"contentUrl\":\"https:\/\/progettotouring.it\/radiotouring104\/wp-content\/uploads\/sites\/6\/2022\/02\/cropped-logo-radio-touring-104.png\",\"width\":377,\"height\":182,\"caption\":\"Radio Touring 104\"},\"image\":{\"@id\":\"https:\/\/progettotouring.it\/radiotouring104\/#\/schema\/logo\/image\/\"}},{\"@type\":\"Person\",\"@id\":\"https:\/\/progettotouring.it\/radiotouring104\/#\/schema\/person\/4a82259ca52ac8702ad1a8f9e5a3120b\",\"name\":\"Filippo Francesco Idone\",\"image\":{\"@type\":\"ImageObject\",\"inLanguage\":\"it-IT\",\"@id\":\"https:\/\/secure.gravatar.com\/avatar\/7268715d2366395c3dd314385670e6484117d44f5c442e61e230f7008b7b62d3?s=96&d=mm&r=g\",\"url\":\"https:\/\/secure.gravatar.com\/avatar\/7268715d2366395c3dd314385670e6484117d44f5c442e61e230f7008b7b62d3?s=96&d=mm&r=g\",\"contentUrl\":\"https:\/\/secure.gravatar.com\/avatar\/7268715d2366395c3dd314385670e6484117d44f5c442e61e230f7008b7b62d3?s=96&d=mm&r=g\",\"caption\":\"Filippo Francesco Idone\"},\"url\":\"https:\/\/progettotouring.it\/radiotouring104\/author\/filippoidone\/\"}]}<\/script>\n<!-- \/ Yoast SEO plugin. -->","yoast_head_json":{"title":"Calabria: Mancuso incontra il Garante per le vittime di reato - Radio Touring 104","description":"Il presidente Filippo Mancuso ha incontrato il Garante per le vittime di reato l'avvocato Antonio Lomonaco","robots":{"index":"index","follow":"follow","max-snippet":"max-snippet:-1","max-image-preview":"max-image-preview:large","max-video-preview":"max-video-preview:-1"},"canonical":"https:\/\/progettotouring.it\/radiotouring104\/2024\/02\/23\/calabria-mancuso-incontra-il-garante-per-le-vittime-di-reato\/","og_locale":"it_IT","og_type":"article","og_title":"Calabria: Mancuso incontra il Garante per le vittime di reato - Radio Touring 104","og_description":"Il presidente Filippo Mancuso ha incontrato il Garante per le vittime di reato l'avvocato Antonio Lomonaco","og_url":"https:\/\/progettotouring.it\/radiotouring104\/2024\/02\/23\/calabria-mancuso-incontra-il-garante-per-le-vittime-di-reato\/","og_site_name":"Radio Touring 104","article_published_time":"2024-02-23T12:22:23+00:00","article_modified_time":"2024-02-23T14:10:52+00:00","og_image":[{"width":1485,"height":990,"url":"https:\/\/progettotouring.it\/radiotouring104\/wp-content\/uploads\/sites\/6\/2024\/02\/Antonio-Lomonaco-mancuso.jpg","type":"image\/jpeg"}],"author":"Filippo Francesco Idone","twitter_card":"summary_large_image","twitter_misc":{"Scritto da":"Filippo Francesco Idone","Tempo di lettura stimato":"2 minuti"},"schema":{"@context":"https:\/\/schema.org","@graph":[{"@type":"Article","@id":"https:\/\/progettotouring.it\/radiotouring104\/2024\/02\/23\/calabria-mancuso-incontra-il-garante-per-le-vittime-di-reato\/#article","isPartOf":{"@id":"https:\/\/progettotouring.it\/radiotouring104\/2024\/02\/23\/calabria-mancuso-incontra-il-garante-per-le-vittime-di-reato\/"},"author":{"name":"Filippo Francesco Idone","@id":"https:\/\/progettotouring.it\/radiotouring104\/#\/schema\/person\/4a82259ca52ac8702ad1a8f9e5a3120b"},"headline":"Calabria: Mancuso incontra il Garante per le vittime di reato","datePublished":"2024-02-23T12:22:23+00:00","dateModified":"2024-02-23T14:10:52+00:00","mainEntityOfPage":{"@id":"https:\/\/progettotouring.it\/radiotouring104\/2024\/02\/23\/calabria-mancuso-incontra-il-garante-per-le-vittime-di-reato\/"},"wordCount":343,"publisher":{"@id":"https:\/\/progettotouring.it\/radiotouring104\/#organization"},"image":{"@id":"https:\/\/progettotouring.it\/radiotouring104\/2024\/02\/23\/calabria-mancuso-incontra-il-garante-per-le-vittime-di-reato\/#primaryimage"},"thumbnailUrl":"https:\/\/progettotouring.it\/radiotouring104\/wp-content\/uploads\/sites\/6\/2024\/02\/Antonio-Lomonaco-mancuso.jpg","keywords":["Antonio Lomonaco","calabria","mancuso"],"articleSection":["Calabria","Home","News"],"inLanguage":"it-IT"},{"@type":"WebPage","@id":"https:\/\/progettotouring.it\/radiotouring104\/2024\/02\/23\/calabria-mancuso-incontra-il-garante-per-le-vittime-di-reato\/","url":"https:\/\/progettotouring.it\/radiotouring104\/2024\/02\/23\/calabria-mancuso-incontra-il-garante-per-le-vittime-di-reato\/","name":"Calabria: Mancuso incontra il Garante per le vittime di reato - Radio Touring 104","isPartOf":{"@id":"https:\/\/progettotouring.it\/radiotouring104\/#website"},"primaryImageOfPage":{"@id":"https:\/\/progettotouring.it\/radiotouring104\/2024\/02\/23\/calabria-mancuso-incontra-il-garante-per-le-vittime-di-reato\/#primaryimage"},"image":{"@id":"https:\/\/progettotouring.it\/radiotouring104\/2024\/02\/23\/calabria-mancuso-incontra-il-garante-per-le-vittime-di-reato\/#primaryimage"},"thumbnailUrl":"https:\/\/progettotouring.it\/radiotouring104\/wp-content\/uploads\/sites\/6\/2024\/02\/Antonio-Lomonaco-mancuso.jpg","datePublished":"2024-02-23T12:22:23+00:00","dateModified":"2024-02-23T14:10:52+00:00","description":"Il presidente Filippo Mancuso ha incontrato il Garante per le vittime di reato l'avvocato Antonio Lomonaco","breadcrumb":{"@id":"https:\/\/progettotouring.it\/radiotouring104\/2024\/02\/23\/calabria-mancuso-incontra-il-garante-per-le-vittime-di-reato\/#breadcrumb"},"inLanguage":"it-IT","potentialAction":[{"@type":"ReadAction","target":["https:\/\/progettotouring.it\/radiotouring104\/2024\/02\/23\/calabria-mancuso-incontra-il-garante-per-le-vittime-di-reato\/"]}]},{"@type":"ImageObject","inLanguage":"it-IT","@id":"https:\/\/progettotouring.it\/radiotouring104\/2024\/02\/23\/calabria-mancuso-incontra-il-garante-per-le-vittime-di-reato\/#primaryimage","url":"https:\/\/progettotouring.it\/radiotouring104\/wp-content\/uploads\/sites\/6\/2024\/02\/Antonio-Lomonaco-mancuso.jpg","contentUrl":"https:\/\/progettotouring.it\/radiotouring104\/wp-content\/uploads\/sites\/6\/2024\/02\/Antonio-Lomonaco-mancuso.jpg","width":1485,"height":990},{"@type":"BreadcrumbList","@id":"https:\/\/progettotouring.it\/radiotouring104\/2024\/02\/23\/calabria-mancuso-incontra-il-garante-per-le-vittime-di-reato\/#breadcrumb","itemListElement":[{"@type":"ListItem","position":1,"name":"Home","item":"https:\/\/progettotouring.it\/radiotouring104\/"},{"@type":"ListItem","position":2,"name":"Calabria: Mancuso incontra il Garante per le vittime di reato"}]},{"@type":"WebSite","@id":"https:\/\/progettotouring.it\/radiotouring104\/#website","url":"https:\/\/progettotouring.it\/radiotouring104\/","name":"Radio Touring 104","description":"La prima radio Reggina","publisher":{"@id":"https:\/\/progettotouring.it\/radiotouring104\/#organization"},"potentialAction":[{"@type":"SearchAction","target":{"@type":"EntryPoint","urlTemplate":"https:\/\/progettotouring.it\/radiotouring104\/?s={search_term_string}"},"query-input":{"@type":"PropertyValueSpecification","valueRequired":true,"valueName":"search_term_string"}}],"inLanguage":"it-IT"},{"@type":"Organization","@id":"https:\/\/progettotouring.it\/radiotouring104\/#organization","name":"Radio Touring 104","url":"https:\/\/progettotouring.it\/radiotouring104\/","logo":{"@type":"ImageObject","inLanguage":"it-IT","@id":"https:\/\/progettotouring.it\/radiotouring104\/#\/schema\/logo\/image\/","url":"https:\/\/progettotouring.it\/radiotouring104\/wp-content\/uploads\/sites\/6\/2022\/02\/cropped-logo-radio-touring-104.png","contentUrl":"https:\/\/progettotouring.it\/radiotouring104\/wp-content\/uploads\/sites\/6\/2022\/02\/cropped-logo-radio-touring-104.png","width":377,"height":182,"caption":"Radio Touring 104"},"image":{"@id":"https:\/\/progettotouring.it\/radiotouring104\/#\/schema\/logo\/image\/"}},{"@type":"Person","@id":"https:\/\/progettotouring.it\/radiotouring104\/#\/schema\/person\/4a82259ca52ac8702ad1a8f9e5a3120b","name":"Filippo Francesco Idone","image":{"@type":"ImageObject","inLanguage":"it-IT","@id":"https:\/\/secure.gravatar.com\/avatar\/7268715d2366395c3dd314385670e6484117d44f5c442e61e230f7008b7b62d3?s=96&d=mm&r=g","url":"https:\/\/secure.gravatar.com\/avatar\/7268715d2366395c3dd314385670e6484117d44f5c442e61e230f7008b7b62d3?s=96&d=mm&r=g","contentUrl":"https:\/\/secure.gravatar.com\/avatar\/7268715d2366395c3dd314385670e6484117d44f5c442e61e230f7008b7b62d3?s=96&d=mm&r=g","caption":"Filippo Francesco Idone"},"url":"https:\/\/progettotouring.it\/radiotouring104\/author\/filippoidone\/"}]}},"jetpack_publicize_connections":[],"jetpack_featured_media_url":"https:\/\/progettotouring.it\/radiotouring104\/wp-content\/uploads\/sites\/6\/2024\/02\/Antonio-Lomonaco-mancuso.jpg","jetpack_sharing_enabled":true,"_links":{"self":[{"href":"https:\/\/progettotouring.it\/radiotouring104\/wp-json\/wp\/v2\/posts\/45324","targetHints":{"allow":["GET"]}}],"collection":[{"href":"https:\/\/progettotouring.it\/radiotouring104\/wp-json\/wp\/v2\/posts"}],"about":[{"href":"https:\/\/progettotouring.it\/radiotouring104\/wp-json\/wp\/v2\/types\/post"}],"author":[{"embeddable":true,"href":"https:\/\/progettotouring.it\/radiotouring104\/wp-json\/wp\/v2\/users\/8"}],"replies":[{"embeddable":true,"href":"https:\/\/progettotouring.it\/radiotouring104\/wp-json\/wp\/v2\/comments?post=45324"}],"version-history":[{"count":1,"href":"https:\/\/progettotouring.it\/radiotouring104\/wp-json\/wp\/v2\/posts\/45324\/revisions"}],"predecessor-version":[{"id":45326,"href":"https:\/\/progettotouring.it\/radiotouring104\/wp-json\/wp\/v2\/posts\/45324\/revisions\/45326"}],"wp:featuredmedia":[{"embeddable":true,"href":"https:\/\/progettotouring.it\/radiotouring104\/wp-json\/wp\/v2\/media\/45325"}],"wp:attachment":[{"href":"https:\/\/progettotouring.it\/radiotouring104\/wp-json\/wp\/v2\/media?parent=45324"}],"wp:term":[{"taxonomy":"category","embeddable":true,"href":"https:\/\/progettotouring.it\/radiotouring104\/wp-json\/wp\/v2\/categories?post=45324"},{"taxonomy":"post_tag","embeddable":true,"href":"https:\/\/progettotouring.it\/radiotouring104\/wp-json\/wp\/v2\/tags?post=45324"}],"curies":[{"name":"wp","href":"https:\/\/api.w.org\/{rel}","templated":true}]}}