{"id":45327,"date":"2024-02-23T13:25:00","date_gmt":"2024-02-23T12:25:00","guid":{"rendered":"https:\/\/progettotouring.it\/radiotouring104\/?p=45327"},"modified":"2024-02-23T15:14:50","modified_gmt":"2024-02-23T14:14:50","slug":"rosarno-consegnati-i-lavori-di-riqualificazione-del-parco-medma","status":"publish","type":"post","link":"https:\/\/progettotouring.it\/radiotouring104\/2024\/02\/23\/rosarno-consegnati-i-lavori-di-riqualificazione-del-parco-medma\/","title":{"rendered":"Rosarno: consegnati i lavori di riqualificazione del Parco Medma"},"content":{"rendered":"<p style=\"text-align: justify\">Prende sempre pi\u00f9 corpo il progetto di riqualificazione e valorizzazione del Parco archeologico di<strong> Medma a Rosarno.<\/strong> Questa mattina, sono stati consegnati i lavori di riqualificazione alla ditta &#8220;Condelli Antonio&#8221; della relativa gara d\u2019appalto, alla presenza dell\u2019amministrazione comunale guidata dal Sindaco Pasquale Cutr\u00ec ed alla presenza del Vice Sindaco Metropolitano Carmelo Versace. Il Parco Archeologico dell&#8217;antica Medma sorge all&#8217;interno del Comune di Rosarno. L\u2019area \u00e8 stata oggetto di scavi fin dalla fine dell\u2019800, successivamente protagonista di indagini sistematiche che ne hanno portato alla luce tracce significative della civilt\u00e0 medmea. Gli obiettivi che si intendono raggiungere con questi lavori prevedono la valorizzazione e la riqualificazione dell\u2019area e si configurano come un insieme di soluzioni volte alla conservazione dei beni archeologici e alla loro valorizzazione all\u2019interno di un circuito culturale pi\u00f9 ampio, interessati sia al valore archeologico del sito che all\u2019enorme valenza paesaggistica dell\u2019area. Il tutto rientra nell\u2019ambito di un progetto complessivo di circa 270 mila euro, l\u2019impresa titolare dell\u2019appalto dovr\u00e0 concludere i lavori entro il prossimo mese di giugno.<\/p>\n<p style=\"text-align: justify\"><em>\u201cSulla strada gi\u00e0 tracciata dalla <strong>Commissione Straordinaria<\/strong> &#8211;<\/em> <em>ha affermato il sindaco di Rosarno Pasquale Cutr\u00ec &#8211; oggi scriviamo una pagina importante di storia della nostra citt\u00e0 e, in collaborazione con la Citt\u00e0 Metropolitana, l\u2019area riqualificata sar\u00e0 fondamentale per lo sviluppo di <strong>Rosarno<\/strong>, che vuole essere non solo citt\u00e0 dell\u2019accoglienza ma anche citt\u00e0 della cultura. Ci attiveremo ad intercettare ogni risorsa possibile affinch\u00e9 il Parco Medma migliori nella qualit\u00e0 degli spazi e dei servizi da offrire alla collettivit\u00e0&#8221;.<\/em><\/p>\n<p style=\"text-align: justify\">Soddisfazione espressa dal <strong>Vicesindaco della Citt\u00e0 Metropolitana Carmelo Versace,<\/strong> che a margine della consegna dei lavori ha ricordato l&#8217;impegno della <strong>Citt\u00e0 Metropolitana,<\/strong> titolare dell&#8217;area archeologica, per il rilancio del polo rosarnese come nuovo punto d&#8217;attrazione per cittadini e turisti. &#8220;<em>Con la consegna dei lavori si conclude l&#8217;iter burocratico che abbiamo avviato qualche mese fa, in linea con gli indirizzi dell&#8217;Amministrazione metropolitana guidata dal <strong>Sindaco Giuseppe Falcomat\u00e0<\/strong> &#8211; <\/em>ha affermato Versace &#8211; <em>per una tappa fondamentale del percorso che segna un nuovo punto di partenza. Oggi insieme all&#8217;<strong>Amministrazione comunale di Rosarno<\/strong> e all&#8217;intera comunit\u00e0 avviamo i lavori che riqualificheranno un&#8217;area davvero importante per questo territorio, per lungo tempo privata dalla fruizione di cittadini e turisti. I lavori dureranno appena qualche mese e contiamo quindi di poter aprire l&#8217;area prima del periodo estivo, sfruttando questa positiva sinergia che siamo riusciti a creare con il Comune di Rosarno, con le istituzioni scolastiche e con la Soprintendenza. Un ringraziamento va quindi a tutti gli attori coinvolti in questa attivit\u00e0 e da oggi si riparte, affiancando il lavoro della nuova Amministrazione comunale, per l&#8217;obiettivo condiviso di creare su sviluppo su un territorio tanto bello sul quale c&#8217;\u00e8 ancora tanto da scoprire&#8221;.<\/em><\/p>\n","protected":false},"excerpt":{"rendered":"<p>Prende sempre pi\u00f9 corpo il progetto di riqualificazione e valorizzazione del Parco archeologico di Medma a Rosarno. Questa mattina, sono stati consegnati i lavori di riqualificazione alla ditta &#8220;Condelli Antonio&#8221;&hellip;<\/p>\n","protected":false},"author":8,"featured_media":45328,"comment_status":"closed","ping_status":"open","sticky":false,"template":"","format":"standard","meta":{"_jetpack_memberships_contains_paid_content":false,"footnotes":"","jetpack_publicize_message":"","jetpack_publicize_feature_enabled":true,"jetpack_social_post_already_shared":false,"jetpack_social_options":{"image_generator_settings":{"template":"highway","default_image_id":0,"font":"","enabled":false},"version":2}},"categories":[921,196,140],"tags":[239,743,28030,24353,236,1314],"class_list":["post-45327","post","type-post","status-publish","format-standard","has-post-thumbnail","hentry","category-home","category-news","category-reggio-calabria","tag-carmelo-versace","tag-citta-metropolitana","tag-medma","tag-pasquale-cutri","tag-reggio-calabria","tag-rosarno"],"yoast_head":"<!-- This site is optimized with the Yoast SEO plugin v27.2 - https:\/\/yoast.com\/product\/yoast-seo-wordpress\/ -->\n<title>Rosarno: consegnati i lavori di riqualificazione del Parco Medma - Radio Touring 104<\/title>\n<meta name=\"description\" content=\"Prende sempre pi\u00f9 forma il progetto di riqualificazione e valorizzazione del Parco archeologico di Medma a Rosarno\" \/>\n<meta name=\"robots\" content=\"index, follow, max-snippet:-1, max-image-preview:large, max-video-preview:-1\" \/>\n<link rel=\"canonical\" href=\"https:\/\/progettotouring.it\/radiotouring104\/2024\/02\/23\/rosarno-consegnati-i-lavori-di-riqualificazione-del-parco-medma\/\" \/>\n<meta property=\"og:locale\" content=\"it_IT\" \/>\n<meta property=\"og:type\" content=\"article\" \/>\n<meta property=\"og:title\" content=\"Rosarno: consegnati i lavori di riqualificazione del Parco Medma - Radio Touring 104\" \/>\n<meta property=\"og:description\" content=\"Prende sempre pi\u00f9 forma il progetto di riqualificazione e valorizzazione del Parco archeologico di Medma a Rosarno\" \/>\n<meta property=\"og:url\" content=\"https:\/\/progettotouring.it\/radiotouring104\/2024\/02\/23\/rosarno-consegnati-i-lavori-di-riqualificazione-del-parco-medma\/\" \/>\n<meta property=\"og:site_name\" content=\"Radio Touring 104\" \/>\n<meta property=\"article:published_time\" content=\"2024-02-23T12:25:00+00:00\" \/>\n<meta property=\"article:modified_time\" content=\"2024-02-23T14:14:50+00:00\" \/>\n<meta property=\"og:image\" content=\"https:\/\/progettotouring.it\/radiotouring104\/wp-content\/uploads\/sites\/6\/2024\/02\/medma-rosarno.jpeg\" \/>\n\t<meta property=\"og:image:width\" content=\"1600\" \/>\n\t<meta property=\"og:image:height\" content=\"1200\" \/>\n\t<meta property=\"og:image:type\" content=\"image\/jpeg\" \/>\n<meta name=\"author\" content=\"Filippo Francesco Idone\" \/>\n<meta name=\"twitter:card\" content=\"summary_large_image\" \/>\n<meta name=\"twitter:label1\" content=\"Scritto da\" \/>\n\t<meta name=\"twitter:data1\" content=\"Filippo Francesco Idone\" \/>\n\t<meta name=\"twitter:label2\" content=\"Tempo di lettura stimato\" \/>\n\t<meta name=\"twitter:data2\" content=\"2 minuti\" \/>\n<script type=\"application\/ld+json\" class=\"yoast-schema-graph\">{\"@context\":\"https:\/\/schema.org\",\"@graph\":[{\"@type\":\"Article\",\"@id\":\"https:\/\/progettotouring.it\/radiotouring104\/2024\/02\/23\/rosarno-consegnati-i-lavori-di-riqualificazione-del-parco-medma\/#article\",\"isPartOf\":{\"@id\":\"https:\/\/progettotouring.it\/radiotouring104\/2024\/02\/23\/rosarno-consegnati-i-lavori-di-riqualificazione-del-parco-medma\/\"},\"author\":{\"name\":\"Filippo Francesco Idone\",\"@id\":\"https:\/\/progettotouring.it\/radiotouring104\/#\/schema\/person\/4a82259ca52ac8702ad1a8f9e5a3120b\"},\"headline\":\"Rosarno: consegnati i lavori di riqualificazione del Parco Medma\",\"datePublished\":\"2024-02-23T12:25:00+00:00\",\"dateModified\":\"2024-02-23T14:14:50+00:00\",\"mainEntityOfPage\":{\"@id\":\"https:\/\/progettotouring.it\/radiotouring104\/2024\/02\/23\/rosarno-consegnati-i-lavori-di-riqualificazione-del-parco-medma\/\"},\"wordCount\":461,\"publisher\":{\"@id\":\"https:\/\/progettotouring.it\/radiotouring104\/#organization\"},\"image\":{\"@id\":\"https:\/\/progettotouring.it\/radiotouring104\/2024\/02\/23\/rosarno-consegnati-i-lavori-di-riqualificazione-del-parco-medma\/#primaryimage\"},\"thumbnailUrl\":\"https:\/\/progettotouring.it\/radiotouring104\/wp-content\/uploads\/sites\/6\/2024\/02\/medma-rosarno.jpeg\",\"keywords\":[\"carmelo versace\",\"Citt\u00e0 metropolitana\",\"Medma\",\"Pasquale Cutr\u00ec\",\"reggio calabria\",\"rosarno\"],\"articleSection\":[\"Home\",\"News\",\"Reggio Calabria\"],\"inLanguage\":\"it-IT\"},{\"@type\":\"WebPage\",\"@id\":\"https:\/\/progettotouring.it\/radiotouring104\/2024\/02\/23\/rosarno-consegnati-i-lavori-di-riqualificazione-del-parco-medma\/\",\"url\":\"https:\/\/progettotouring.it\/radiotouring104\/2024\/02\/23\/rosarno-consegnati-i-lavori-di-riqualificazione-del-parco-medma\/\",\"name\":\"Rosarno: consegnati i lavori di riqualificazione del Parco Medma - Radio Touring 104\",\"isPartOf\":{\"@id\":\"https:\/\/progettotouring.it\/radiotouring104\/#website\"},\"primaryImageOfPage\":{\"@id\":\"https:\/\/progettotouring.it\/radiotouring104\/2024\/02\/23\/rosarno-consegnati-i-lavori-di-riqualificazione-del-parco-medma\/#primaryimage\"},\"image\":{\"@id\":\"https:\/\/progettotouring.it\/radiotouring104\/2024\/02\/23\/rosarno-consegnati-i-lavori-di-riqualificazione-del-parco-medma\/#primaryimage\"},\"thumbnailUrl\":\"https:\/\/progettotouring.it\/radiotouring104\/wp-content\/uploads\/sites\/6\/2024\/02\/medma-rosarno.jpeg\",\"datePublished\":\"2024-02-23T12:25:00+00:00\",\"dateModified\":\"2024-02-23T14:14:50+00:00\",\"description\":\"Prende sempre pi\u00f9 forma il progetto di riqualificazione e valorizzazione del Parco archeologico di Medma a Rosarno\",\"breadcrumb\":{\"@id\":\"https:\/\/progettotouring.it\/radiotouring104\/2024\/02\/23\/rosarno-consegnati-i-lavori-di-riqualificazione-del-parco-medma\/#breadcrumb\"},\"inLanguage\":\"it-IT\",\"potentialAction\":[{\"@type\":\"ReadAction\",\"target\":[\"https:\/\/progettotouring.it\/radiotouring104\/2024\/02\/23\/rosarno-consegnati-i-lavori-di-riqualificazione-del-parco-medma\/\"]}]},{\"@type\":\"ImageObject\",\"inLanguage\":\"it-IT\",\"@id\":\"https:\/\/progettotouring.it\/radiotouring104\/2024\/02\/23\/rosarno-consegnati-i-lavori-di-riqualificazione-del-parco-medma\/#primaryimage\",\"url\":\"https:\/\/progettotouring.it\/radiotouring104\/wp-content\/uploads\/sites\/6\/2024\/02\/medma-rosarno.jpeg\",\"contentUrl\":\"https:\/\/progettotouring.it\/radiotouring104\/wp-content\/uploads\/sites\/6\/2024\/02\/medma-rosarno.jpeg\",\"width\":1600,\"height\":1200},{\"@type\":\"BreadcrumbList\",\"@id\":\"https:\/\/progettotouring.it\/radiotouring104\/2024\/02\/23\/rosarno-consegnati-i-lavori-di-riqualificazione-del-parco-medma\/#breadcrumb\",\"itemListElement\":[{\"@type\":\"ListItem\",\"position\":1,\"name\":\"Home\",\"item\":\"https:\/\/progettotouring.it\/radiotouring104\/\"},{\"@type\":\"ListItem\",\"position\":2,\"name\":\"Rosarno: consegnati i lavori di riqualificazione del Parco Medma\"}]},{\"@type\":\"WebSite\",\"@id\":\"https:\/\/progettotouring.it\/radiotouring104\/#website\",\"url\":\"https:\/\/progettotouring.it\/radiotouring104\/\",\"name\":\"Radio Touring 104\",\"description\":\"La prima radio Reggina\",\"publisher\":{\"@id\":\"https:\/\/progettotouring.it\/radiotouring104\/#organization\"},\"potentialAction\":[{\"@type\":\"SearchAction\",\"target\":{\"@type\":\"EntryPoint\",\"urlTemplate\":\"https:\/\/progettotouring.it\/radiotouring104\/?s={search_term_string}\"},\"query-input\":{\"@type\":\"PropertyValueSpecification\",\"valueRequired\":true,\"valueName\":\"search_term_string\"}}],\"inLanguage\":\"it-IT\"},{\"@type\":\"Organization\",\"@id\":\"https:\/\/progettotouring.it\/radiotouring104\/#organization\",\"name\":\"Radio Touring 104\",\"url\":\"https:\/\/progettotouring.it\/radiotouring104\/\",\"logo\":{\"@type\":\"ImageObject\",\"inLanguage\":\"it-IT\",\"@id\":\"https:\/\/progettotouring.it\/radiotouring104\/#\/schema\/logo\/image\/\",\"url\":\"https:\/\/progettotouring.it\/radiotouring104\/wp-content\/uploads\/sites\/6\/2022\/02\/cropped-logo-radio-touring-104.png\",\"contentUrl\":\"https:\/\/progettotouring.it\/radiotouring104\/wp-content\/uploads\/sites\/6\/2022\/02\/cropped-logo-radio-touring-104.png\",\"width\":377,\"height\":182,\"caption\":\"Radio Touring 104\"},\"image\":{\"@id\":\"https:\/\/progettotouring.it\/radiotouring104\/#\/schema\/logo\/image\/\"}},{\"@type\":\"Person\",\"@id\":\"https:\/\/progettotouring.it\/radiotouring104\/#\/schema\/person\/4a82259ca52ac8702ad1a8f9e5a3120b\",\"name\":\"Filippo Francesco Idone\",\"image\":{\"@type\":\"ImageObject\",\"inLanguage\":\"it-IT\",\"@id\":\"https:\/\/secure.gravatar.com\/avatar\/7268715d2366395c3dd314385670e6484117d44f5c442e61e230f7008b7b62d3?s=96&d=mm&r=g\",\"url\":\"https:\/\/secure.gravatar.com\/avatar\/7268715d2366395c3dd314385670e6484117d44f5c442e61e230f7008b7b62d3?s=96&d=mm&r=g\",\"contentUrl\":\"https:\/\/secure.gravatar.com\/avatar\/7268715d2366395c3dd314385670e6484117d44f5c442e61e230f7008b7b62d3?s=96&d=mm&r=g\",\"caption\":\"Filippo Francesco Idone\"},\"url\":\"https:\/\/progettotouring.it\/radiotouring104\/author\/filippoidone\/\"}]}<\/script>\n<!-- \/ Yoast SEO plugin. -->","yoast_head_json":{"title":"Rosarno: consegnati i lavori di riqualificazione del Parco Medma - Radio Touring 104","description":"Prende sempre pi\u00f9 forma il progetto di riqualificazione e valorizzazione del Parco archeologico di Medma a Rosarno","robots":{"index":"index","follow":"follow","max-snippet":"max-snippet:-1","max-image-preview":"max-image-preview:large","max-video-preview":"max-video-preview:-1"},"canonical":"https:\/\/progettotouring.it\/radiotouring104\/2024\/02\/23\/rosarno-consegnati-i-lavori-di-riqualificazione-del-parco-medma\/","og_locale":"it_IT","og_type":"article","og_title":"Rosarno: consegnati i lavori di riqualificazione del Parco Medma - Radio Touring 104","og_description":"Prende sempre pi\u00f9 forma il progetto di riqualificazione e valorizzazione del Parco archeologico di Medma a Rosarno","og_url":"https:\/\/progettotouring.it\/radiotouring104\/2024\/02\/23\/rosarno-consegnati-i-lavori-di-riqualificazione-del-parco-medma\/","og_site_name":"Radio Touring 104","article_published_time":"2024-02-23T12:25:00+00:00","article_modified_time":"2024-02-23T14:14:50+00:00","og_image":[{"width":1600,"height":1200,"url":"https:\/\/progettotouring.it\/radiotouring104\/wp-content\/uploads\/sites\/6\/2024\/02\/medma-rosarno.jpeg","type":"image\/jpeg"}],"author":"Filippo Francesco Idone","twitter_card":"summary_large_image","twitter_misc":{"Scritto da":"Filippo Francesco Idone","Tempo di lettura stimato":"2 minuti"},"schema":{"@context":"https:\/\/schema.org","@graph":[{"@type":"Article","@id":"https:\/\/progettotouring.it\/radiotouring104\/2024\/02\/23\/rosarno-consegnati-i-lavori-di-riqualificazione-del-parco-medma\/#article","isPartOf":{"@id":"https:\/\/progettotouring.it\/radiotouring104\/2024\/02\/23\/rosarno-consegnati-i-lavori-di-riqualificazione-del-parco-medma\/"},"author":{"name":"Filippo Francesco Idone","@id":"https:\/\/progettotouring.it\/radiotouring104\/#\/schema\/person\/4a82259ca52ac8702ad1a8f9e5a3120b"},"headline":"Rosarno: consegnati i lavori di riqualificazione del Parco Medma","datePublished":"2024-02-23T12:25:00+00:00","dateModified":"2024-02-23T14:14:50+00:00","mainEntityOfPage":{"@id":"https:\/\/progettotouring.it\/radiotouring104\/2024\/02\/23\/rosarno-consegnati-i-lavori-di-riqualificazione-del-parco-medma\/"},"wordCount":461,"publisher":{"@id":"https:\/\/progettotouring.it\/radiotouring104\/#organization"},"image":{"@id":"https:\/\/progettotouring.it\/radiotouring104\/2024\/02\/23\/rosarno-consegnati-i-lavori-di-riqualificazione-del-parco-medma\/#primaryimage"},"thumbnailUrl":"https:\/\/progettotouring.it\/radiotouring104\/wp-content\/uploads\/sites\/6\/2024\/02\/medma-rosarno.jpeg","keywords":["carmelo versace","Citt\u00e0 metropolitana","Medma","Pasquale Cutr\u00ec","reggio calabria","rosarno"],"articleSection":["Home","News","Reggio Calabria"],"inLanguage":"it-IT"},{"@type":"WebPage","@id":"https:\/\/progettotouring.it\/radiotouring104\/2024\/02\/23\/rosarno-consegnati-i-lavori-di-riqualificazione-del-parco-medma\/","url":"https:\/\/progettotouring.it\/radiotouring104\/2024\/02\/23\/rosarno-consegnati-i-lavori-di-riqualificazione-del-parco-medma\/","name":"Rosarno: consegnati i lavori di riqualificazione del Parco Medma - Radio Touring 104","isPartOf":{"@id":"https:\/\/progettotouring.it\/radiotouring104\/#website"},"primaryImageOfPage":{"@id":"https:\/\/progettotouring.it\/radiotouring104\/2024\/02\/23\/rosarno-consegnati-i-lavori-di-riqualificazione-del-parco-medma\/#primaryimage"},"image":{"@id":"https:\/\/progettotouring.it\/radiotouring104\/2024\/02\/23\/rosarno-consegnati-i-lavori-di-riqualificazione-del-parco-medma\/#primaryimage"},"thumbnailUrl":"https:\/\/progettotouring.it\/radiotouring104\/wp-content\/uploads\/sites\/6\/2024\/02\/medma-rosarno.jpeg","datePublished":"2024-02-23T12:25:00+00:00","dateModified":"2024-02-23T14:14:50+00:00","description":"Prende sempre pi\u00f9 forma il progetto di riqualificazione e valorizzazione del Parco archeologico di Medma a Rosarno","breadcrumb":{"@id":"https:\/\/progettotouring.it\/radiotouring104\/2024\/02\/23\/rosarno-consegnati-i-lavori-di-riqualificazione-del-parco-medma\/#breadcrumb"},"inLanguage":"it-IT","potentialAction":[{"@type":"ReadAction","target":["https:\/\/progettotouring.it\/radiotouring104\/2024\/02\/23\/rosarno-consegnati-i-lavori-di-riqualificazione-del-parco-medma\/"]}]},{"@type":"ImageObject","inLanguage":"it-IT","@id":"https:\/\/progettotouring.it\/radiotouring104\/2024\/02\/23\/rosarno-consegnati-i-lavori-di-riqualificazione-del-parco-medma\/#primaryimage","url":"https:\/\/progettotouring.it\/radiotouring104\/wp-content\/uploads\/sites\/6\/2024\/02\/medma-rosarno.jpeg","contentUrl":"https:\/\/progettotouring.it\/radiotouring104\/wp-content\/uploads\/sites\/6\/2024\/02\/medma-rosarno.jpeg","width":1600,"height":1200},{"@type":"BreadcrumbList","@id":"https:\/\/progettotouring.it\/radiotouring104\/2024\/02\/23\/rosarno-consegnati-i-lavori-di-riqualificazione-del-parco-medma\/#breadcrumb","itemListElement":[{"@type":"ListItem","position":1,"name":"Home","item":"https:\/\/progettotouring.it\/radiotouring104\/"},{"@type":"ListItem","position":2,"name":"Rosarno: consegnati i lavori di riqualificazione del Parco Medma"}]},{"@type":"WebSite","@id":"https:\/\/progettotouring.it\/radiotouring104\/#website","url":"https:\/\/progettotouring.it\/radiotouring104\/","name":"Radio Touring 104","description":"La prima radio Reggina","publisher":{"@id":"https:\/\/progettotouring.it\/radiotouring104\/#organization"},"potentialAction":[{"@type":"SearchAction","target":{"@type":"EntryPoint","urlTemplate":"https:\/\/progettotouring.it\/radiotouring104\/?s={search_term_string}"},"query-input":{"@type":"PropertyValueSpecification","valueRequired":true,"valueName":"search_term_string"}}],"inLanguage":"it-IT"},{"@type":"Organization","@id":"https:\/\/progettotouring.it\/radiotouring104\/#organization","name":"Radio Touring 104","url":"https:\/\/progettotouring.it\/radiotouring104\/","logo":{"@type":"ImageObject","inLanguage":"it-IT","@id":"https:\/\/progettotouring.it\/radiotouring104\/#\/schema\/logo\/image\/","url":"https:\/\/progettotouring.it\/radiotouring104\/wp-content\/uploads\/sites\/6\/2022\/02\/cropped-logo-radio-touring-104.png","contentUrl":"https:\/\/progettotouring.it\/radiotouring104\/wp-content\/uploads\/sites\/6\/2022\/02\/cropped-logo-radio-touring-104.png","width":377,"height":182,"caption":"Radio Touring 104"},"image":{"@id":"https:\/\/progettotouring.it\/radiotouring104\/#\/schema\/logo\/image\/"}},{"@type":"Person","@id":"https:\/\/progettotouring.it\/radiotouring104\/#\/schema\/person\/4a82259ca52ac8702ad1a8f9e5a3120b","name":"Filippo Francesco Idone","image":{"@type":"ImageObject","inLanguage":"it-IT","@id":"https:\/\/secure.gravatar.com\/avatar\/7268715d2366395c3dd314385670e6484117d44f5c442e61e230f7008b7b62d3?s=96&d=mm&r=g","url":"https:\/\/secure.gravatar.com\/avatar\/7268715d2366395c3dd314385670e6484117d44f5c442e61e230f7008b7b62d3?s=96&d=mm&r=g","contentUrl":"https:\/\/secure.gravatar.com\/avatar\/7268715d2366395c3dd314385670e6484117d44f5c442e61e230f7008b7b62d3?s=96&d=mm&r=g","caption":"Filippo Francesco Idone"},"url":"https:\/\/progettotouring.it\/radiotouring104\/author\/filippoidone\/"}]}},"jetpack_publicize_connections":[],"jetpack_featured_media_url":"https:\/\/progettotouring.it\/radiotouring104\/wp-content\/uploads\/sites\/6\/2024\/02\/medma-rosarno.jpeg","jetpack_sharing_enabled":true,"_links":{"self":[{"href":"https:\/\/progettotouring.it\/radiotouring104\/wp-json\/wp\/v2\/posts\/45327","targetHints":{"allow":["GET"]}}],"collection":[{"href":"https:\/\/progettotouring.it\/radiotouring104\/wp-json\/wp\/v2\/posts"}],"about":[{"href":"https:\/\/progettotouring.it\/radiotouring104\/wp-json\/wp\/v2\/types\/post"}],"author":[{"embeddable":true,"href":"https:\/\/progettotouring.it\/radiotouring104\/wp-json\/wp\/v2\/users\/8"}],"replies":[{"embeddable":true,"href":"https:\/\/progettotouring.it\/radiotouring104\/wp-json\/wp\/v2\/comments?post=45327"}],"version-history":[{"count":1,"href":"https:\/\/progettotouring.it\/radiotouring104\/wp-json\/wp\/v2\/posts\/45327\/revisions"}],"predecessor-version":[{"id":45329,"href":"https:\/\/progettotouring.it\/radiotouring104\/wp-json\/wp\/v2\/posts\/45327\/revisions\/45329"}],"wp:featuredmedia":[{"embeddable":true,"href":"https:\/\/progettotouring.it\/radiotouring104\/wp-json\/wp\/v2\/media\/45328"}],"wp:attachment":[{"href":"https:\/\/progettotouring.it\/radiotouring104\/wp-json\/wp\/v2\/media?parent=45327"}],"wp:term":[{"taxonomy":"category","embeddable":true,"href":"https:\/\/progettotouring.it\/radiotouring104\/wp-json\/wp\/v2\/categories?post=45327"},{"taxonomy":"post_tag","embeddable":true,"href":"https:\/\/progettotouring.it\/radiotouring104\/wp-json\/wp\/v2\/tags?post=45327"}],"curies":[{"name":"wp","href":"https:\/\/api.w.org\/{rel}","templated":true}]}}