{"id":45330,"date":"2024-02-23T13:34:05","date_gmt":"2024-02-23T12:34:05","guid":{"rendered":"https:\/\/progettotouring.it\/radiotouring104\/?p=45330"},"modified":"2024-02-23T15:21:05","modified_gmt":"2024-02-23T14:21:05","slug":"reggio-calabria-presentato-il-progetto-campagne-aperte","status":"publish","type":"post","link":"https:\/\/progettotouring.it\/radiotouring104\/2024\/02\/23\/reggio-calabria-presentato-il-progetto-campagne-aperte\/","title":{"rendered":"Reggio Calabria: presentato il Progetto &#8220;Campagne Aperte&#8221;"},"content":{"rendered":"<p style=\"text-align: justify\">Ampia condivisione, da parte della<strong> Citt\u00e0 Metropolitana<\/strong>, \u00e8 arrivata al progetto \u201cCampagne aperte: laboratorio di pratiche territoriali per promuovere dignit\u00e0 di vita e di lavoro\u201d, presentato stamane a Palazzo Alvaro da diverse realt\u00e0 territoriali e nazionali impegnate per la costruzione di comunit\u00e0 giuste nella quali i diritti dei lavoratori e delle lavoratrici di origine straniera siano riconosciuti e rispettati, permettendo la loro piena partecipazione alla vita sociale, economica e culturale nell\u2019area metropolitana.<strong> Iniziato a febbraio 2023<\/strong> e in corso fino a gennaio 2026, il progetto \u00e8 promosso da un partenariato composto da: CRIC \u2013 Centro Regionale d\u2019Intervento per la Cooperazione ETS (capofila), ARCI Reggio Calabria APS, Re.Co.Sol &#8211; Associazione Rete delle Comunit\u00e0 Solidali, Citt\u00e0 Metropolitana di Reggio Calabria, Federazione delle Chiese evangeliche in Italia, Medici per i diritti umani \u2013 MEDU, Nuvola Rossa APS, Universit\u00e0 della Calabria. All\u2019iniziativa, tenutasi nella sala \u201cPerri\u201d, l\u2019Ente era rappresentato dai consiglieri delegati Michele Conia e Domenico Mantegna.<\/p>\n<p style=\"text-align: justify\"><em><strong>&#8220;La Citt\u00e0 Metropolitana<\/strong> \u2013<\/em> ha spiegato Conia <em>&#8211; ha piena consapevolezza delle condizioni di precariet\u00e0 e delle difficolt\u00e0 patite da quanti sono giunti sul nostro territorio nel tentativo di migliorare una qualit\u00e0 della vita che, nei loro paesi d\u2019origine, non era affatto garantita. Sul tema abbiamo recentemente aperto un confronto con il prefetto, <strong>Clara Vaccaro,<\/strong> e, soltanto pochi giorni fa, su questi stessi temi di vitale importanza, abbiamo preso parte ad un incontro nel<strong> Comune di San Ferdinando.<\/strong> L\u2019attenzione, dunque, \u00e8 altissima ed ogni spunto utile a sostenere una battaglia di umanit\u00e0 e civilt\u00e0 \u00e8 sempre un arricchimento per una societ\u00e0 che si riconosce pienamente nei valori fondanti della nostra Costituzione&#8221;. &#8220;Bene, quindi <\/em>&#8211; secondo Michele Conia <em>&#8211; stanno facendo le realt\u00e0 riunite nel progetto \u201cCampagne aperte\u201d e noi siamo al loro fianco per supportare chi opera e agisce per la salvaguardia dei diritti dei lavoratori e delle lavoratrici&#8221;. Un ringraziamento, il consigliere delegato all\u2019Immigrazione, lo ha rivolto \u00aba chi ha costruito e voluto, con forza, questo progetto&#8221;. &#8220;<\/em><em>E\u2019 un processo fondamentale ed essenziale&#8221;, <\/em>ha ribadito concludendo:<em> \u00abMetto nella vostra piena disponibilit\u00e0 le mie deleghe per far s\u00ec che questioni fino a ieri sottaciute, possano finalmente trovare la luce in un mondo che pu\u00f2 e deve essere migliore&#8221;.<\/em><\/p>\n<p style=\"text-align: justify\">Pieno sostegno al programma \u00e8 giunta anche dal consigliere delegato al <strong>Welfare, Domenico Mantegna:<\/strong> <em>\u00abAbbiamo abbracciato con soddisfazione e convinzione questa iniziativa e dobbiamo fare la nostra parte per far emergere le grandi potenzialit\u00e0 di un territorio che, soprattutto nel settore delle <strong>Politiche sociali, si scontra con le emergenze ed i bisogni delle persone pi\u00f9 fragili.<\/strong> Una fragilit\u00e0 che, \u00e8 innegabile, pervade i tanti migranti, le donne e gli uomini che reclamano diritti e integrazione oltre alla naturale e sacrosanta accoglienza che ricevono sui nostri territori. Sono qui anche io, dunque, per ribadire massima collaborazione e disponibilit\u00e0 per quanto compete alla Citt\u00e0 Metropolitana&#8221;. &#8220;Quello che \u00e8 importante<\/em> \u2013 ha aggiunto \u2013 <em>\u00e8 riconoscere dignit\u00e0 e uguaglianza a questi fratelli giunti da lontano. Giornalmente, ci confrontiamo con la <strong>Prefettura <\/strong><strong>e l\u2019Agenzia<\/strong> dei Beni confiscati per cercare una strada che, insieme ai Comuni ed alle associazioni, possa portare a siglare dei protocolli in grado di fornire ai lavoratori ed alle lavoratrici gli alloggi sottratti alla criminalit\u00e0. E\u2019 uno dei tanti obiettivi che ci siamo posti ed il progetto \u201cCampagne aperte\u201d si inserisce, perfettamente, in questo percorso di giustizia e legalit\u00e0&#8221;<\/em>. Secondo Mantegna, infine, il progetto <em>\u00abpotr\u00e0 essere implementato da nuove idee e proposte&#8221;\u00bb. &#8220;Confermiamo, ancora una volta<\/em> \u2013 ha concluso il consigliere delegato &#8211; <em>che la Citt\u00e0 Metropolitana \u00e8 solidale e vicina e dar\u00e0 tutto il supporto necessario da un punto vista logistico, strutturale e nella capacit\u00e0 di intercettare avvisi pubblici capaci di integrarsi con la procedura in atto\u00bb.<\/em><\/p>\n","protected":false},"excerpt":{"rendered":"<p>Ampia condivisione, da parte della Citt\u00e0 Metropolitana, \u00e8 arrivata al progetto \u201cCampagne aperte: laboratorio di pratiche territoriali per promuovere dignit\u00e0 di vita e di lavoro\u201d, presentato stamane a Palazzo Alvaro&hellip;<\/p>\n","protected":false},"author":8,"featured_media":45331,"comment_status":"closed","ping_status":"open","sticky":false,"template":"","format":"standard","meta":{"_jetpack_memberships_contains_paid_content":false,"footnotes":"","jetpack_publicize_message":"","jetpack_publicize_feature_enabled":true,"jetpack_social_post_already_shared":false,"jetpack_social_options":{"image_generator_settings":{"template":"highway","default_image_id":0,"font":"","enabled":false},"version":2}},"categories":[921,196,140],"tags":[28031,2284,236,3424],"class_list":["post-45330","post","type-post","status-publish","format-standard","has-post-thumbnail","hentry","category-home","category-news","category-reggio-calabria","tag-campagne-aperte","tag-domenico-mantegna","tag-reggio-calabria","tag-welfare"],"yoast_head":"<!-- This site is optimized with the Yoast SEO plugin v27.2 - https:\/\/yoast.com\/product\/yoast-seo-wordpress\/ -->\n<title>Reggio Calabria: presentato il Progetto &quot;Campagne Aperte&quot; - Radio Touring 104<\/title>\n<meta name=\"description\" content=\"A Palazzo Alvaro \u00e8 stato presentato il Progetto Campagne Aperte, sostenuto dalla Citt\u00e0 Metropolitana che \u00e8 partner del progetto\" \/>\n<meta name=\"robots\" content=\"index, follow, max-snippet:-1, max-image-preview:large, max-video-preview:-1\" \/>\n<link rel=\"canonical\" href=\"https:\/\/progettotouring.it\/radiotouring104\/2024\/02\/23\/reggio-calabria-presentato-il-progetto-campagne-aperte\/\" \/>\n<meta property=\"og:locale\" content=\"it_IT\" \/>\n<meta property=\"og:type\" content=\"article\" \/>\n<meta property=\"og:title\" content=\"Reggio Calabria: presentato il Progetto &quot;Campagne Aperte&quot; - Radio Touring 104\" \/>\n<meta property=\"og:description\" content=\"A Palazzo Alvaro \u00e8 stato presentato il Progetto Campagne Aperte, sostenuto dalla Citt\u00e0 Metropolitana che \u00e8 partner del progetto\" \/>\n<meta property=\"og:url\" content=\"https:\/\/progettotouring.it\/radiotouring104\/2024\/02\/23\/reggio-calabria-presentato-il-progetto-campagne-aperte\/\" \/>\n<meta property=\"og:site_name\" content=\"Radio Touring 104\" \/>\n<meta property=\"article:published_time\" content=\"2024-02-23T12:34:05+00:00\" \/>\n<meta property=\"article:modified_time\" content=\"2024-02-23T14:21:05+00:00\" \/>\n<meta property=\"og:image\" content=\"https:\/\/progettotouring.it\/radiotouring104\/wp-content\/uploads\/sites\/6\/2024\/02\/campagne-aperte.jpeg\" \/>\n\t<meta property=\"og:image:width\" content=\"1600\" \/>\n\t<meta property=\"og:image:height\" content=\"1200\" \/>\n\t<meta property=\"og:image:type\" content=\"image\/jpeg\" \/>\n<meta name=\"author\" content=\"Filippo Francesco Idone\" \/>\n<meta name=\"twitter:card\" content=\"summary_large_image\" \/>\n<meta name=\"twitter:label1\" content=\"Scritto da\" \/>\n\t<meta name=\"twitter:data1\" content=\"Filippo Francesco Idone\" \/>\n\t<meta name=\"twitter:label2\" content=\"Tempo di lettura stimato\" \/>\n\t<meta name=\"twitter:data2\" content=\"3 minuti\" \/>\n<script type=\"application\/ld+json\" class=\"yoast-schema-graph\">{\"@context\":\"https:\/\/schema.org\",\"@graph\":[{\"@type\":\"Article\",\"@id\":\"https:\/\/progettotouring.it\/radiotouring104\/2024\/02\/23\/reggio-calabria-presentato-il-progetto-campagne-aperte\/#article\",\"isPartOf\":{\"@id\":\"https:\/\/progettotouring.it\/radiotouring104\/2024\/02\/23\/reggio-calabria-presentato-il-progetto-campagne-aperte\/\"},\"author\":{\"name\":\"Filippo Francesco Idone\",\"@id\":\"https:\/\/progettotouring.it\/radiotouring104\/#\/schema\/person\/4a82259ca52ac8702ad1a8f9e5a3120b\"},\"headline\":\"Reggio Calabria: presentato il Progetto &#8220;Campagne Aperte&#8221;\",\"datePublished\":\"2024-02-23T12:34:05+00:00\",\"dateModified\":\"2024-02-23T14:21:05+00:00\",\"mainEntityOfPage\":{\"@id\":\"https:\/\/progettotouring.it\/radiotouring104\/2024\/02\/23\/reggio-calabria-presentato-il-progetto-campagne-aperte\/\"},\"wordCount\":608,\"publisher\":{\"@id\":\"https:\/\/progettotouring.it\/radiotouring104\/#organization\"},\"image\":{\"@id\":\"https:\/\/progettotouring.it\/radiotouring104\/2024\/02\/23\/reggio-calabria-presentato-il-progetto-campagne-aperte\/#primaryimage\"},\"thumbnailUrl\":\"https:\/\/progettotouring.it\/radiotouring104\/wp-content\/uploads\/sites\/6\/2024\/02\/campagne-aperte.jpeg\",\"keywords\":[\"Campagne Aperte\",\"Domenico Mantegna\",\"reggio calabria\",\"Welfare\"],\"articleSection\":[\"Home\",\"News\",\"Reggio Calabria\"],\"inLanguage\":\"it-IT\"},{\"@type\":\"WebPage\",\"@id\":\"https:\/\/progettotouring.it\/radiotouring104\/2024\/02\/23\/reggio-calabria-presentato-il-progetto-campagne-aperte\/\",\"url\":\"https:\/\/progettotouring.it\/radiotouring104\/2024\/02\/23\/reggio-calabria-presentato-il-progetto-campagne-aperte\/\",\"name\":\"Reggio Calabria: presentato il Progetto \\\"Campagne Aperte\\\" - Radio Touring 104\",\"isPartOf\":{\"@id\":\"https:\/\/progettotouring.it\/radiotouring104\/#website\"},\"primaryImageOfPage\":{\"@id\":\"https:\/\/progettotouring.it\/radiotouring104\/2024\/02\/23\/reggio-calabria-presentato-il-progetto-campagne-aperte\/#primaryimage\"},\"image\":{\"@id\":\"https:\/\/progettotouring.it\/radiotouring104\/2024\/02\/23\/reggio-calabria-presentato-il-progetto-campagne-aperte\/#primaryimage\"},\"thumbnailUrl\":\"https:\/\/progettotouring.it\/radiotouring104\/wp-content\/uploads\/sites\/6\/2024\/02\/campagne-aperte.jpeg\",\"datePublished\":\"2024-02-23T12:34:05+00:00\",\"dateModified\":\"2024-02-23T14:21:05+00:00\",\"description\":\"A Palazzo Alvaro \u00e8 stato presentato il Progetto Campagne Aperte, sostenuto dalla Citt\u00e0 Metropolitana che \u00e8 partner del progetto\",\"breadcrumb\":{\"@id\":\"https:\/\/progettotouring.it\/radiotouring104\/2024\/02\/23\/reggio-calabria-presentato-il-progetto-campagne-aperte\/#breadcrumb\"},\"inLanguage\":\"it-IT\",\"potentialAction\":[{\"@type\":\"ReadAction\",\"target\":[\"https:\/\/progettotouring.it\/radiotouring104\/2024\/02\/23\/reggio-calabria-presentato-il-progetto-campagne-aperte\/\"]}]},{\"@type\":\"ImageObject\",\"inLanguage\":\"it-IT\",\"@id\":\"https:\/\/progettotouring.it\/radiotouring104\/2024\/02\/23\/reggio-calabria-presentato-il-progetto-campagne-aperte\/#primaryimage\",\"url\":\"https:\/\/progettotouring.it\/radiotouring104\/wp-content\/uploads\/sites\/6\/2024\/02\/campagne-aperte.jpeg\",\"contentUrl\":\"https:\/\/progettotouring.it\/radiotouring104\/wp-content\/uploads\/sites\/6\/2024\/02\/campagne-aperte.jpeg\",\"width\":1600,\"height\":1200},{\"@type\":\"BreadcrumbList\",\"@id\":\"https:\/\/progettotouring.it\/radiotouring104\/2024\/02\/23\/reggio-calabria-presentato-il-progetto-campagne-aperte\/#breadcrumb\",\"itemListElement\":[{\"@type\":\"ListItem\",\"position\":1,\"name\":\"Home\",\"item\":\"https:\/\/progettotouring.it\/radiotouring104\/\"},{\"@type\":\"ListItem\",\"position\":2,\"name\":\"Reggio Calabria: presentato il Progetto &#8220;Campagne Aperte&#8221;\"}]},{\"@type\":\"WebSite\",\"@id\":\"https:\/\/progettotouring.it\/radiotouring104\/#website\",\"url\":\"https:\/\/progettotouring.it\/radiotouring104\/\",\"name\":\"Radio Touring 104\",\"description\":\"La prima radio Reggina\",\"publisher\":{\"@id\":\"https:\/\/progettotouring.it\/radiotouring104\/#organization\"},\"potentialAction\":[{\"@type\":\"SearchAction\",\"target\":{\"@type\":\"EntryPoint\",\"urlTemplate\":\"https:\/\/progettotouring.it\/radiotouring104\/?s={search_term_string}\"},\"query-input\":{\"@type\":\"PropertyValueSpecification\",\"valueRequired\":true,\"valueName\":\"search_term_string\"}}],\"inLanguage\":\"it-IT\"},{\"@type\":\"Organization\",\"@id\":\"https:\/\/progettotouring.it\/radiotouring104\/#organization\",\"name\":\"Radio Touring 104\",\"url\":\"https:\/\/progettotouring.it\/radiotouring104\/\",\"logo\":{\"@type\":\"ImageObject\",\"inLanguage\":\"it-IT\",\"@id\":\"https:\/\/progettotouring.it\/radiotouring104\/#\/schema\/logo\/image\/\",\"url\":\"https:\/\/progettotouring.it\/radiotouring104\/wp-content\/uploads\/sites\/6\/2022\/02\/cropped-logo-radio-touring-104.png\",\"contentUrl\":\"https:\/\/progettotouring.it\/radiotouring104\/wp-content\/uploads\/sites\/6\/2022\/02\/cropped-logo-radio-touring-104.png\",\"width\":377,\"height\":182,\"caption\":\"Radio Touring 104\"},\"image\":{\"@id\":\"https:\/\/progettotouring.it\/radiotouring104\/#\/schema\/logo\/image\/\"}},{\"@type\":\"Person\",\"@id\":\"https:\/\/progettotouring.it\/radiotouring104\/#\/schema\/person\/4a82259ca52ac8702ad1a8f9e5a3120b\",\"name\":\"Filippo Francesco Idone\",\"image\":{\"@type\":\"ImageObject\",\"inLanguage\":\"it-IT\",\"@id\":\"https:\/\/secure.gravatar.com\/avatar\/7268715d2366395c3dd314385670e6484117d44f5c442e61e230f7008b7b62d3?s=96&d=mm&r=g\",\"url\":\"https:\/\/secure.gravatar.com\/avatar\/7268715d2366395c3dd314385670e6484117d44f5c442e61e230f7008b7b62d3?s=96&d=mm&r=g\",\"contentUrl\":\"https:\/\/secure.gravatar.com\/avatar\/7268715d2366395c3dd314385670e6484117d44f5c442e61e230f7008b7b62d3?s=96&d=mm&r=g\",\"caption\":\"Filippo Francesco Idone\"},\"url\":\"https:\/\/progettotouring.it\/radiotouring104\/author\/filippoidone\/\"}]}<\/script>\n<!-- \/ Yoast SEO plugin. -->","yoast_head_json":{"title":"Reggio Calabria: presentato il Progetto \"Campagne Aperte\" - Radio Touring 104","description":"A Palazzo Alvaro \u00e8 stato presentato il Progetto Campagne Aperte, sostenuto dalla Citt\u00e0 Metropolitana che \u00e8 partner del progetto","robots":{"index":"index","follow":"follow","max-snippet":"max-snippet:-1","max-image-preview":"max-image-preview:large","max-video-preview":"max-video-preview:-1"},"canonical":"https:\/\/progettotouring.it\/radiotouring104\/2024\/02\/23\/reggio-calabria-presentato-il-progetto-campagne-aperte\/","og_locale":"it_IT","og_type":"article","og_title":"Reggio Calabria: presentato il Progetto \"Campagne Aperte\" - Radio Touring 104","og_description":"A Palazzo Alvaro \u00e8 stato presentato il Progetto Campagne Aperte, sostenuto dalla Citt\u00e0 Metropolitana che \u00e8 partner del progetto","og_url":"https:\/\/progettotouring.it\/radiotouring104\/2024\/02\/23\/reggio-calabria-presentato-il-progetto-campagne-aperte\/","og_site_name":"Radio Touring 104","article_published_time":"2024-02-23T12:34:05+00:00","article_modified_time":"2024-02-23T14:21:05+00:00","og_image":[{"width":1600,"height":1200,"url":"https:\/\/progettotouring.it\/radiotouring104\/wp-content\/uploads\/sites\/6\/2024\/02\/campagne-aperte.jpeg","type":"image\/jpeg"}],"author":"Filippo Francesco Idone","twitter_card":"summary_large_image","twitter_misc":{"Scritto da":"Filippo Francesco Idone","Tempo di lettura stimato":"3 minuti"},"schema":{"@context":"https:\/\/schema.org","@graph":[{"@type":"Article","@id":"https:\/\/progettotouring.it\/radiotouring104\/2024\/02\/23\/reggio-calabria-presentato-il-progetto-campagne-aperte\/#article","isPartOf":{"@id":"https:\/\/progettotouring.it\/radiotouring104\/2024\/02\/23\/reggio-calabria-presentato-il-progetto-campagne-aperte\/"},"author":{"name":"Filippo Francesco Idone","@id":"https:\/\/progettotouring.it\/radiotouring104\/#\/schema\/person\/4a82259ca52ac8702ad1a8f9e5a3120b"},"headline":"Reggio Calabria: presentato il Progetto &#8220;Campagne Aperte&#8221;","datePublished":"2024-02-23T12:34:05+00:00","dateModified":"2024-02-23T14:21:05+00:00","mainEntityOfPage":{"@id":"https:\/\/progettotouring.it\/radiotouring104\/2024\/02\/23\/reggio-calabria-presentato-il-progetto-campagne-aperte\/"},"wordCount":608,"publisher":{"@id":"https:\/\/progettotouring.it\/radiotouring104\/#organization"},"image":{"@id":"https:\/\/progettotouring.it\/radiotouring104\/2024\/02\/23\/reggio-calabria-presentato-il-progetto-campagne-aperte\/#primaryimage"},"thumbnailUrl":"https:\/\/progettotouring.it\/radiotouring104\/wp-content\/uploads\/sites\/6\/2024\/02\/campagne-aperte.jpeg","keywords":["Campagne Aperte","Domenico Mantegna","reggio calabria","Welfare"],"articleSection":["Home","News","Reggio Calabria"],"inLanguage":"it-IT"},{"@type":"WebPage","@id":"https:\/\/progettotouring.it\/radiotouring104\/2024\/02\/23\/reggio-calabria-presentato-il-progetto-campagne-aperte\/","url":"https:\/\/progettotouring.it\/radiotouring104\/2024\/02\/23\/reggio-calabria-presentato-il-progetto-campagne-aperte\/","name":"Reggio Calabria: presentato il Progetto \"Campagne Aperte\" - Radio Touring 104","isPartOf":{"@id":"https:\/\/progettotouring.it\/radiotouring104\/#website"},"primaryImageOfPage":{"@id":"https:\/\/progettotouring.it\/radiotouring104\/2024\/02\/23\/reggio-calabria-presentato-il-progetto-campagne-aperte\/#primaryimage"},"image":{"@id":"https:\/\/progettotouring.it\/radiotouring104\/2024\/02\/23\/reggio-calabria-presentato-il-progetto-campagne-aperte\/#primaryimage"},"thumbnailUrl":"https:\/\/progettotouring.it\/radiotouring104\/wp-content\/uploads\/sites\/6\/2024\/02\/campagne-aperte.jpeg","datePublished":"2024-02-23T12:34:05+00:00","dateModified":"2024-02-23T14:21:05+00:00","description":"A Palazzo Alvaro \u00e8 stato presentato il Progetto Campagne Aperte, sostenuto dalla Citt\u00e0 Metropolitana che \u00e8 partner del progetto","breadcrumb":{"@id":"https:\/\/progettotouring.it\/radiotouring104\/2024\/02\/23\/reggio-calabria-presentato-il-progetto-campagne-aperte\/#breadcrumb"},"inLanguage":"it-IT","potentialAction":[{"@type":"ReadAction","target":["https:\/\/progettotouring.it\/radiotouring104\/2024\/02\/23\/reggio-calabria-presentato-il-progetto-campagne-aperte\/"]}]},{"@type":"ImageObject","inLanguage":"it-IT","@id":"https:\/\/progettotouring.it\/radiotouring104\/2024\/02\/23\/reggio-calabria-presentato-il-progetto-campagne-aperte\/#primaryimage","url":"https:\/\/progettotouring.it\/radiotouring104\/wp-content\/uploads\/sites\/6\/2024\/02\/campagne-aperte.jpeg","contentUrl":"https:\/\/progettotouring.it\/radiotouring104\/wp-content\/uploads\/sites\/6\/2024\/02\/campagne-aperte.jpeg","width":1600,"height":1200},{"@type":"BreadcrumbList","@id":"https:\/\/progettotouring.it\/radiotouring104\/2024\/02\/23\/reggio-calabria-presentato-il-progetto-campagne-aperte\/#breadcrumb","itemListElement":[{"@type":"ListItem","position":1,"name":"Home","item":"https:\/\/progettotouring.it\/radiotouring104\/"},{"@type":"ListItem","position":2,"name":"Reggio Calabria: presentato il Progetto &#8220;Campagne Aperte&#8221;"}]},{"@type":"WebSite","@id":"https:\/\/progettotouring.it\/radiotouring104\/#website","url":"https:\/\/progettotouring.it\/radiotouring104\/","name":"Radio Touring 104","description":"La prima radio Reggina","publisher":{"@id":"https:\/\/progettotouring.it\/radiotouring104\/#organization"},"potentialAction":[{"@type":"SearchAction","target":{"@type":"EntryPoint","urlTemplate":"https:\/\/progettotouring.it\/radiotouring104\/?s={search_term_string}"},"query-input":{"@type":"PropertyValueSpecification","valueRequired":true,"valueName":"search_term_string"}}],"inLanguage":"it-IT"},{"@type":"Organization","@id":"https:\/\/progettotouring.it\/radiotouring104\/#organization","name":"Radio Touring 104","url":"https:\/\/progettotouring.it\/radiotouring104\/","logo":{"@type":"ImageObject","inLanguage":"it-IT","@id":"https:\/\/progettotouring.it\/radiotouring104\/#\/schema\/logo\/image\/","url":"https:\/\/progettotouring.it\/radiotouring104\/wp-content\/uploads\/sites\/6\/2022\/02\/cropped-logo-radio-touring-104.png","contentUrl":"https:\/\/progettotouring.it\/radiotouring104\/wp-content\/uploads\/sites\/6\/2022\/02\/cropped-logo-radio-touring-104.png","width":377,"height":182,"caption":"Radio Touring 104"},"image":{"@id":"https:\/\/progettotouring.it\/radiotouring104\/#\/schema\/logo\/image\/"}},{"@type":"Person","@id":"https:\/\/progettotouring.it\/radiotouring104\/#\/schema\/person\/4a82259ca52ac8702ad1a8f9e5a3120b","name":"Filippo Francesco Idone","image":{"@type":"ImageObject","inLanguage":"it-IT","@id":"https:\/\/secure.gravatar.com\/avatar\/7268715d2366395c3dd314385670e6484117d44f5c442e61e230f7008b7b62d3?s=96&d=mm&r=g","url":"https:\/\/secure.gravatar.com\/avatar\/7268715d2366395c3dd314385670e6484117d44f5c442e61e230f7008b7b62d3?s=96&d=mm&r=g","contentUrl":"https:\/\/secure.gravatar.com\/avatar\/7268715d2366395c3dd314385670e6484117d44f5c442e61e230f7008b7b62d3?s=96&d=mm&r=g","caption":"Filippo Francesco Idone"},"url":"https:\/\/progettotouring.it\/radiotouring104\/author\/filippoidone\/"}]}},"jetpack_publicize_connections":[],"jetpack_featured_media_url":"https:\/\/progettotouring.it\/radiotouring104\/wp-content\/uploads\/sites\/6\/2024\/02\/campagne-aperte.jpeg","jetpack_sharing_enabled":true,"_links":{"self":[{"href":"https:\/\/progettotouring.it\/radiotouring104\/wp-json\/wp\/v2\/posts\/45330","targetHints":{"allow":["GET"]}}],"collection":[{"href":"https:\/\/progettotouring.it\/radiotouring104\/wp-json\/wp\/v2\/posts"}],"about":[{"href":"https:\/\/progettotouring.it\/radiotouring104\/wp-json\/wp\/v2\/types\/post"}],"author":[{"embeddable":true,"href":"https:\/\/progettotouring.it\/radiotouring104\/wp-json\/wp\/v2\/users\/8"}],"replies":[{"embeddable":true,"href":"https:\/\/progettotouring.it\/radiotouring104\/wp-json\/wp\/v2\/comments?post=45330"}],"version-history":[{"count":1,"href":"https:\/\/progettotouring.it\/radiotouring104\/wp-json\/wp\/v2\/posts\/45330\/revisions"}],"predecessor-version":[{"id":45332,"href":"https:\/\/progettotouring.it\/radiotouring104\/wp-json\/wp\/v2\/posts\/45330\/revisions\/45332"}],"wp:featuredmedia":[{"embeddable":true,"href":"https:\/\/progettotouring.it\/radiotouring104\/wp-json\/wp\/v2\/media\/45331"}],"wp:attachment":[{"href":"https:\/\/progettotouring.it\/radiotouring104\/wp-json\/wp\/v2\/media?parent=45330"}],"wp:term":[{"taxonomy":"category","embeddable":true,"href":"https:\/\/progettotouring.it\/radiotouring104\/wp-json\/wp\/v2\/categories?post=45330"},{"taxonomy":"post_tag","embeddable":true,"href":"https:\/\/progettotouring.it\/radiotouring104\/wp-json\/wp\/v2\/tags?post=45330"}],"curies":[{"name":"wp","href":"https:\/\/api.w.org\/{rel}","templated":true}]}}