{"id":46015,"date":"2024-03-01T11:42:50","date_gmt":"2024-03-01T10:42:50","guid":{"rendered":"https:\/\/progettotouring.it\/radiotouring104\/?p=46015"},"modified":"2024-03-01T11:42:50","modified_gmt":"2024-03-01T10:42:50","slug":"reggio-oggi-manifestazione-di-protesta-degli-operai-a-tempo-determinato-dellex-consorzio-di-bonifica","status":"publish","type":"post","link":"https:\/\/progettotouring.it\/radiotouring104\/2024\/03\/01\/reggio-oggi-manifestazione-di-protesta-degli-operai-a-tempo-determinato-dellex-consorzio-di-bonifica\/","title":{"rendered":"Reggio: oggi manifestazione di protesta degli operai a tempo determinato dell&#8217;ex Consorzio di Bonifica"},"content":{"rendered":"<p style=\"text-align: justify\">Siamo a comunicare che la scrivente OO.SS proclamer\u00e0 giusta <strong>manifestazione di protesta merito vertenza OTD lavoratori Ex Consorzio di Bonifica Basso Ionio<\/strong> Reggino impegnati nei progetti della Citt\u00e0 Metropolitana con finanziamento PNRR Riforest@1 e Riforest@2. <strong>Gli animi tra i 39 lavoratori e le loro famiglie sono disperati,<\/strong> avanzano <strong>ancora il pagamento delle mensilit\u00e0 di novembre e dicembre,<\/strong> \u00e8 nulla si sa del perch\u00e8 non si vuole far proseguire questi progetti. <strong>Nessuno degli attori principali<\/strong> (Citt\u00e0 Metropolitana, Consorzio Unico, Disciolto Consorzio Basso Ionio Reggino) <strong>ha fatto seguito alle giuste richieste di pagamento mensilit\u00e0 arretrate<\/strong> e di informazioni sul futuro lavorativo e proseguio del progetto. Tutto ci\u00f2 premesso non riuscendo pi\u00f9 a contenere il maleserre e la delusione per l&#8217;insensibilita degli <strong>attori su menzionati proclamiamo manifestazione che si terr\u00e0 giorno 1 Marzo a partire dalle ore 9.00 presso i locali di via Marsala 5 89127 Reggio Calabria<\/strong> (sede del ex Consorzio di Bonifica Basso Ionio Reggino). Alleghiamo alla presente comunicato stampa odierno, ed alleghiamo tutte le richieste effetuate senza alcun esito, se non per il prezioso intervento della Prefettura, che \u00e8 riuscita ad informarci sulla realt\u00e0 di questa vertenza. Prevediamo oltre alla presenza dei lavoratori interessati, 39 unit\u00e0, anche persone indignate di questa situazione cha alla data attuale non riusciamo a quantificare ma che speriamo prima della manifestazione di riuscire a dare una stima. Si coglie l&#8217;occasione per porgere Distinti Saluti IL SEGRETARIO GENERALE FAI CISL RC ZEMA ANTONINO CELL 331\/6963315 CONSEGNA- Richiesta urgente incontro progetti Riforest@ 1 e Riforest@ 2(2).pdf corpo testo commissario bonifica merito progetto Citta Metropolitana Rc(1).pdf corpo testo commissario bonifica merito progetto Citta Metropolitana Rc(2).pdf corpo testo mail Prefetto Metro City Consorzio Commisario(2).pdf corpo testo pec citta metropolitana merito futuro progetti riforest@ 1 e 2 (2)(1).pdf FAI CISL Stop ai progetti del PNRR sulla riforestazione nella Citt\u00e0 Metropolitana di Reggio Calabria.pdf lettera Assesore Gallo e Dipartimento.pdf Firefox https:\/\/webmail.pec.it\/smart\/cgi-bin\/ajaxmail 1 di 2 27\/02\/2024, 20:08 Ricevuta di avvenuta consegna 1(1).pdf Ricevuta di avvenuta consegna Basso ionio(1).pdf Ricevuta di avvenuta consegna Citt\u00e0 Metropolitana(1)(1).pdf Ricevuta di avvenuta consegna dipartimento agricoltura(1)(1).pdf Ricevuta di avvenuta consegna DIPARTIMENTO.pdf Ricevuta di Consorzio Unico(1).pdf Ricevuta Prefettura.pd<\/p>\n","protected":false},"excerpt":{"rendered":"<p>Siamo a comunicare che la scrivente OO.SS proclamer\u00e0 giusta manifestazione di protesta merito vertenza OTD lavoratori Ex Consorzio di Bonifica Basso Ionio Reggino impegnati nei progetti della Citt\u00e0 Metropolitana con&hellip;<\/p>\n","protected":false},"author":12,"featured_media":45752,"comment_status":"closed","ping_status":"open","sticky":false,"template":"","format":"standard","meta":{"_jetpack_memberships_contains_paid_content":false,"footnotes":"","jetpack_publicize_message":"","jetpack_publicize_feature_enabled":true,"jetpack_social_post_already_shared":false,"jetpack_social_options":{"image_generator_settings":{"template":"highway","default_image_id":0,"font":"","enabled":false},"version":2}},"categories":[921,196,140],"tags":[16591,28354,28353,16484],"class_list":["post-46015","post","type-post","status-publish","format-standard","has-post-thumbnail","hentry","category-home","category-news","category-reggio-calabria","tag-consorzio-basso-jonio","tag-mancato-pagamento-mensilita","tag-manifestazione-39-lavoratori","tag-segretario-generale-fai-cisl-zema-antonino"],"yoast_head":"<!-- This site is optimized with the Yoast SEO plugin v27.2 - https:\/\/yoast.com\/product\/yoast-seo-wordpress\/ -->\n<title>Consorzio Bonifica: manifestazione operai per mancati pagamenti<\/title>\n<meta name=\"description\" content=\"Stamattina alle 9 la manifestazione di protesta all&#039;ex Consorzio di Bonifica dei 39 lavoratori per mancato pagamento delle mensilit\u00e0 arretrate\" \/>\n<meta name=\"robots\" content=\"index, follow, max-snippet:-1, max-image-preview:large, max-video-preview:-1\" \/>\n<link rel=\"canonical\" href=\"https:\/\/progettotouring.it\/radiotouring104\/2024\/03\/01\/reggio-oggi-manifestazione-di-protesta-degli-operai-a-tempo-determinato-dellex-consorzio-di-bonifica\/\" \/>\n<meta property=\"og:locale\" content=\"it_IT\" \/>\n<meta property=\"og:type\" content=\"article\" \/>\n<meta property=\"og:title\" content=\"Consorzio Bonifica: manifestazione operai per mancati pagamenti\" \/>\n<meta property=\"og:description\" content=\"Stamattina alle 9 la manifestazione di protesta all&#039;ex Consorzio di Bonifica dei 39 lavoratori per mancato pagamento delle mensilit\u00e0 arretrate\" \/>\n<meta property=\"og:url\" content=\"https:\/\/progettotouring.it\/radiotouring104\/2024\/03\/01\/reggio-oggi-manifestazione-di-protesta-degli-operai-a-tempo-determinato-dellex-consorzio-di-bonifica\/\" \/>\n<meta property=\"og:site_name\" content=\"Radio Touring 104\" \/>\n<meta property=\"article:published_time\" content=\"2024-03-01T10:42:50+00:00\" \/>\n<meta property=\"og:image\" content=\"https:\/\/progettotouring.it\/radiotouring104\/wp-content\/uploads\/sites\/6\/2024\/02\/Antonino-Zema-FAI-CISL-RC.jpg\" \/>\n\t<meta property=\"og:image:width\" content=\"2048\" \/>\n\t<meta property=\"og:image:height\" content=\"1761\" \/>\n\t<meta property=\"og:image:type\" content=\"image\/jpeg\" \/>\n<meta name=\"author\" content=\"Sebastiano Plutino\" \/>\n<meta name=\"twitter:card\" content=\"summary_large_image\" \/>\n<meta name=\"twitter:label1\" content=\"Scritto da\" \/>\n\t<meta name=\"twitter:data1\" content=\"Sebastiano Plutino\" \/>\n\t<meta name=\"twitter:label2\" content=\"Tempo di lettura stimato\" \/>\n\t<meta name=\"twitter:data2\" content=\"2 minuti\" \/>\n<script type=\"application\/ld+json\" class=\"yoast-schema-graph\">{\"@context\":\"https:\/\/schema.org\",\"@graph\":[{\"@type\":\"Article\",\"@id\":\"https:\/\/progettotouring.it\/radiotouring104\/2024\/03\/01\/reggio-oggi-manifestazione-di-protesta-degli-operai-a-tempo-determinato-dellex-consorzio-di-bonifica\/#article\",\"isPartOf\":{\"@id\":\"https:\/\/progettotouring.it\/radiotouring104\/2024\/03\/01\/reggio-oggi-manifestazione-di-protesta-degli-operai-a-tempo-determinato-dellex-consorzio-di-bonifica\/\"},\"author\":{\"name\":\"Sebastiano Plutino\",\"@id\":\"https:\/\/progettotouring.it\/radiotouring104\/#\/schema\/person\/78613917f1851f041f7483f5af1d422e\"},\"headline\":\"Reggio: oggi manifestazione di protesta degli operai a tempo determinato dell&#8217;ex Consorzio di Bonifica\",\"datePublished\":\"2024-03-01T10:42:50+00:00\",\"mainEntityOfPage\":{\"@id\":\"https:\/\/progettotouring.it\/radiotouring104\/2024\/03\/01\/reggio-oggi-manifestazione-di-protesta-degli-operai-a-tempo-determinato-dellex-consorzio-di-bonifica\/\"},\"wordCount\":365,\"publisher\":{\"@id\":\"https:\/\/progettotouring.it\/radiotouring104\/#organization\"},\"image\":{\"@id\":\"https:\/\/progettotouring.it\/radiotouring104\/2024\/03\/01\/reggio-oggi-manifestazione-di-protesta-degli-operai-a-tempo-determinato-dellex-consorzio-di-bonifica\/#primaryimage\"},\"thumbnailUrl\":\"https:\/\/progettotouring.it\/radiotouring104\/wp-content\/uploads\/sites\/6\/2024\/02\/Antonino-Zema-FAI-CISL-RC.jpg\",\"keywords\":[\"Consorzio Basso Jonio\",\"mancato pagamento mensilit\u00e0\",\"manifestazione 39 lavoratori\",\"Segretario Generale Fai Cisl Zema Antonino\"],\"articleSection\":[\"Home\",\"News\",\"Reggio Calabria\"],\"inLanguage\":\"it-IT\"},{\"@type\":\"WebPage\",\"@id\":\"https:\/\/progettotouring.it\/radiotouring104\/2024\/03\/01\/reggio-oggi-manifestazione-di-protesta-degli-operai-a-tempo-determinato-dellex-consorzio-di-bonifica\/\",\"url\":\"https:\/\/progettotouring.it\/radiotouring104\/2024\/03\/01\/reggio-oggi-manifestazione-di-protesta-degli-operai-a-tempo-determinato-dellex-consorzio-di-bonifica\/\",\"name\":\"Consorzio Bonifica: manifestazione operai per mancati pagamenti\",\"isPartOf\":{\"@id\":\"https:\/\/progettotouring.it\/radiotouring104\/#website\"},\"primaryImageOfPage\":{\"@id\":\"https:\/\/progettotouring.it\/radiotouring104\/2024\/03\/01\/reggio-oggi-manifestazione-di-protesta-degli-operai-a-tempo-determinato-dellex-consorzio-di-bonifica\/#primaryimage\"},\"image\":{\"@id\":\"https:\/\/progettotouring.it\/radiotouring104\/2024\/03\/01\/reggio-oggi-manifestazione-di-protesta-degli-operai-a-tempo-determinato-dellex-consorzio-di-bonifica\/#primaryimage\"},\"thumbnailUrl\":\"https:\/\/progettotouring.it\/radiotouring104\/wp-content\/uploads\/sites\/6\/2024\/02\/Antonino-Zema-FAI-CISL-RC.jpg\",\"datePublished\":\"2024-03-01T10:42:50+00:00\",\"description\":\"Stamattina alle 9 la manifestazione di protesta all'ex Consorzio di Bonifica dei 39 lavoratori per mancato pagamento delle mensilit\u00e0 arretrate\",\"breadcrumb\":{\"@id\":\"https:\/\/progettotouring.it\/radiotouring104\/2024\/03\/01\/reggio-oggi-manifestazione-di-protesta-degli-operai-a-tempo-determinato-dellex-consorzio-di-bonifica\/#breadcrumb\"},\"inLanguage\":\"it-IT\",\"potentialAction\":[{\"@type\":\"ReadAction\",\"target\":[\"https:\/\/progettotouring.it\/radiotouring104\/2024\/03\/01\/reggio-oggi-manifestazione-di-protesta-degli-operai-a-tempo-determinato-dellex-consorzio-di-bonifica\/\"]}]},{\"@type\":\"ImageObject\",\"inLanguage\":\"it-IT\",\"@id\":\"https:\/\/progettotouring.it\/radiotouring104\/2024\/03\/01\/reggio-oggi-manifestazione-di-protesta-degli-operai-a-tempo-determinato-dellex-consorzio-di-bonifica\/#primaryimage\",\"url\":\"https:\/\/progettotouring.it\/radiotouring104\/wp-content\/uploads\/sites\/6\/2024\/02\/Antonino-Zema-FAI-CISL-RC.jpg\",\"contentUrl\":\"https:\/\/progettotouring.it\/radiotouring104\/wp-content\/uploads\/sites\/6\/2024\/02\/Antonino-Zema-FAI-CISL-RC.jpg\",\"width\":2048,\"height\":1761},{\"@type\":\"BreadcrumbList\",\"@id\":\"https:\/\/progettotouring.it\/radiotouring104\/2024\/03\/01\/reggio-oggi-manifestazione-di-protesta-degli-operai-a-tempo-determinato-dellex-consorzio-di-bonifica\/#breadcrumb\",\"itemListElement\":[{\"@type\":\"ListItem\",\"position\":1,\"name\":\"Home\",\"item\":\"https:\/\/progettotouring.it\/radiotouring104\/\"},{\"@type\":\"ListItem\",\"position\":2,\"name\":\"Reggio: oggi manifestazione di protesta degli operai a tempo determinato dell&#8217;ex Consorzio di Bonifica\"}]},{\"@type\":\"WebSite\",\"@id\":\"https:\/\/progettotouring.it\/radiotouring104\/#website\",\"url\":\"https:\/\/progettotouring.it\/radiotouring104\/\",\"name\":\"Radio Touring 104\",\"description\":\"La prima radio Reggina\",\"publisher\":{\"@id\":\"https:\/\/progettotouring.it\/radiotouring104\/#organization\"},\"potentialAction\":[{\"@type\":\"SearchAction\",\"target\":{\"@type\":\"EntryPoint\",\"urlTemplate\":\"https:\/\/progettotouring.it\/radiotouring104\/?s={search_term_string}\"},\"query-input\":{\"@type\":\"PropertyValueSpecification\",\"valueRequired\":true,\"valueName\":\"search_term_string\"}}],\"inLanguage\":\"it-IT\"},{\"@type\":\"Organization\",\"@id\":\"https:\/\/progettotouring.it\/radiotouring104\/#organization\",\"name\":\"Radio Touring 104\",\"url\":\"https:\/\/progettotouring.it\/radiotouring104\/\",\"logo\":{\"@type\":\"ImageObject\",\"inLanguage\":\"it-IT\",\"@id\":\"https:\/\/progettotouring.it\/radiotouring104\/#\/schema\/logo\/image\/\",\"url\":\"https:\/\/progettotouring.it\/radiotouring104\/wp-content\/uploads\/sites\/6\/2022\/02\/cropped-logo-radio-touring-104.png\",\"contentUrl\":\"https:\/\/progettotouring.it\/radiotouring104\/wp-content\/uploads\/sites\/6\/2022\/02\/cropped-logo-radio-touring-104.png\",\"width\":377,\"height\":182,\"caption\":\"Radio Touring 104\"},\"image\":{\"@id\":\"https:\/\/progettotouring.it\/radiotouring104\/#\/schema\/logo\/image\/\"}},{\"@type\":\"Person\",\"@id\":\"https:\/\/progettotouring.it\/radiotouring104\/#\/schema\/person\/78613917f1851f041f7483f5af1d422e\",\"name\":\"Sebastiano Plutino\",\"image\":{\"@type\":\"ImageObject\",\"inLanguage\":\"it-IT\",\"@id\":\"https:\/\/secure.gravatar.com\/avatar\/0546ffaa9b79224faf9f2a156b67a529ae861d3287c66c1d8ccfdf909bcba78d?s=96&d=mm&r=g\",\"url\":\"https:\/\/secure.gravatar.com\/avatar\/0546ffaa9b79224faf9f2a156b67a529ae861d3287c66c1d8ccfdf909bcba78d?s=96&d=mm&r=g\",\"contentUrl\":\"https:\/\/secure.gravatar.com\/avatar\/0546ffaa9b79224faf9f2a156b67a529ae861d3287c66c1d8ccfdf909bcba78d?s=96&d=mm&r=g\",\"caption\":\"Sebastiano Plutino\"},\"url\":\"https:\/\/progettotouring.it\/radiotouring104\/author\/sebastiano\/\"}]}<\/script>\n<!-- \/ Yoast SEO plugin. -->","yoast_head_json":{"title":"Consorzio Bonifica: manifestazione operai per mancati pagamenti","description":"Stamattina alle 9 la manifestazione di protesta all'ex Consorzio di Bonifica dei 39 lavoratori per mancato pagamento delle mensilit\u00e0 arretrate","robots":{"index":"index","follow":"follow","max-snippet":"max-snippet:-1","max-image-preview":"max-image-preview:large","max-video-preview":"max-video-preview:-1"},"canonical":"https:\/\/progettotouring.it\/radiotouring104\/2024\/03\/01\/reggio-oggi-manifestazione-di-protesta-degli-operai-a-tempo-determinato-dellex-consorzio-di-bonifica\/","og_locale":"it_IT","og_type":"article","og_title":"Consorzio Bonifica: manifestazione operai per mancati pagamenti","og_description":"Stamattina alle 9 la manifestazione di protesta all'ex Consorzio di Bonifica dei 39 lavoratori per mancato pagamento delle mensilit\u00e0 arretrate","og_url":"https:\/\/progettotouring.it\/radiotouring104\/2024\/03\/01\/reggio-oggi-manifestazione-di-protesta-degli-operai-a-tempo-determinato-dellex-consorzio-di-bonifica\/","og_site_name":"Radio Touring 104","article_published_time":"2024-03-01T10:42:50+00:00","og_image":[{"width":2048,"height":1761,"url":"https:\/\/progettotouring.it\/radiotouring104\/wp-content\/uploads\/sites\/6\/2024\/02\/Antonino-Zema-FAI-CISL-RC.jpg","type":"image\/jpeg"}],"author":"Sebastiano Plutino","twitter_card":"summary_large_image","twitter_misc":{"Scritto da":"Sebastiano Plutino","Tempo di lettura stimato":"2 minuti"},"schema":{"@context":"https:\/\/schema.org","@graph":[{"@type":"Article","@id":"https:\/\/progettotouring.it\/radiotouring104\/2024\/03\/01\/reggio-oggi-manifestazione-di-protesta-degli-operai-a-tempo-determinato-dellex-consorzio-di-bonifica\/#article","isPartOf":{"@id":"https:\/\/progettotouring.it\/radiotouring104\/2024\/03\/01\/reggio-oggi-manifestazione-di-protesta-degli-operai-a-tempo-determinato-dellex-consorzio-di-bonifica\/"},"author":{"name":"Sebastiano Plutino","@id":"https:\/\/progettotouring.it\/radiotouring104\/#\/schema\/person\/78613917f1851f041f7483f5af1d422e"},"headline":"Reggio: oggi manifestazione di protesta degli operai a tempo determinato dell&#8217;ex Consorzio di Bonifica","datePublished":"2024-03-01T10:42:50+00:00","mainEntityOfPage":{"@id":"https:\/\/progettotouring.it\/radiotouring104\/2024\/03\/01\/reggio-oggi-manifestazione-di-protesta-degli-operai-a-tempo-determinato-dellex-consorzio-di-bonifica\/"},"wordCount":365,"publisher":{"@id":"https:\/\/progettotouring.it\/radiotouring104\/#organization"},"image":{"@id":"https:\/\/progettotouring.it\/radiotouring104\/2024\/03\/01\/reggio-oggi-manifestazione-di-protesta-degli-operai-a-tempo-determinato-dellex-consorzio-di-bonifica\/#primaryimage"},"thumbnailUrl":"https:\/\/progettotouring.it\/radiotouring104\/wp-content\/uploads\/sites\/6\/2024\/02\/Antonino-Zema-FAI-CISL-RC.jpg","keywords":["Consorzio Basso Jonio","mancato pagamento mensilit\u00e0","manifestazione 39 lavoratori","Segretario Generale Fai Cisl Zema Antonino"],"articleSection":["Home","News","Reggio Calabria"],"inLanguage":"it-IT"},{"@type":"WebPage","@id":"https:\/\/progettotouring.it\/radiotouring104\/2024\/03\/01\/reggio-oggi-manifestazione-di-protesta-degli-operai-a-tempo-determinato-dellex-consorzio-di-bonifica\/","url":"https:\/\/progettotouring.it\/radiotouring104\/2024\/03\/01\/reggio-oggi-manifestazione-di-protesta-degli-operai-a-tempo-determinato-dellex-consorzio-di-bonifica\/","name":"Consorzio Bonifica: manifestazione operai per mancati pagamenti","isPartOf":{"@id":"https:\/\/progettotouring.it\/radiotouring104\/#website"},"primaryImageOfPage":{"@id":"https:\/\/progettotouring.it\/radiotouring104\/2024\/03\/01\/reggio-oggi-manifestazione-di-protesta-degli-operai-a-tempo-determinato-dellex-consorzio-di-bonifica\/#primaryimage"},"image":{"@id":"https:\/\/progettotouring.it\/radiotouring104\/2024\/03\/01\/reggio-oggi-manifestazione-di-protesta-degli-operai-a-tempo-determinato-dellex-consorzio-di-bonifica\/#primaryimage"},"thumbnailUrl":"https:\/\/progettotouring.it\/radiotouring104\/wp-content\/uploads\/sites\/6\/2024\/02\/Antonino-Zema-FAI-CISL-RC.jpg","datePublished":"2024-03-01T10:42:50+00:00","description":"Stamattina alle 9 la manifestazione di protesta all'ex Consorzio di Bonifica dei 39 lavoratori per mancato pagamento delle mensilit\u00e0 arretrate","breadcrumb":{"@id":"https:\/\/progettotouring.it\/radiotouring104\/2024\/03\/01\/reggio-oggi-manifestazione-di-protesta-degli-operai-a-tempo-determinato-dellex-consorzio-di-bonifica\/#breadcrumb"},"inLanguage":"it-IT","potentialAction":[{"@type":"ReadAction","target":["https:\/\/progettotouring.it\/radiotouring104\/2024\/03\/01\/reggio-oggi-manifestazione-di-protesta-degli-operai-a-tempo-determinato-dellex-consorzio-di-bonifica\/"]}]},{"@type":"ImageObject","inLanguage":"it-IT","@id":"https:\/\/progettotouring.it\/radiotouring104\/2024\/03\/01\/reggio-oggi-manifestazione-di-protesta-degli-operai-a-tempo-determinato-dellex-consorzio-di-bonifica\/#primaryimage","url":"https:\/\/progettotouring.it\/radiotouring104\/wp-content\/uploads\/sites\/6\/2024\/02\/Antonino-Zema-FAI-CISL-RC.jpg","contentUrl":"https:\/\/progettotouring.it\/radiotouring104\/wp-content\/uploads\/sites\/6\/2024\/02\/Antonino-Zema-FAI-CISL-RC.jpg","width":2048,"height":1761},{"@type":"BreadcrumbList","@id":"https:\/\/progettotouring.it\/radiotouring104\/2024\/03\/01\/reggio-oggi-manifestazione-di-protesta-degli-operai-a-tempo-determinato-dellex-consorzio-di-bonifica\/#breadcrumb","itemListElement":[{"@type":"ListItem","position":1,"name":"Home","item":"https:\/\/progettotouring.it\/radiotouring104\/"},{"@type":"ListItem","position":2,"name":"Reggio: oggi manifestazione di protesta degli operai a tempo determinato dell&#8217;ex Consorzio di Bonifica"}]},{"@type":"WebSite","@id":"https:\/\/progettotouring.it\/radiotouring104\/#website","url":"https:\/\/progettotouring.it\/radiotouring104\/","name":"Radio Touring 104","description":"La prima radio Reggina","publisher":{"@id":"https:\/\/progettotouring.it\/radiotouring104\/#organization"},"potentialAction":[{"@type":"SearchAction","target":{"@type":"EntryPoint","urlTemplate":"https:\/\/progettotouring.it\/radiotouring104\/?s={search_term_string}"},"query-input":{"@type":"PropertyValueSpecification","valueRequired":true,"valueName":"search_term_string"}}],"inLanguage":"it-IT"},{"@type":"Organization","@id":"https:\/\/progettotouring.it\/radiotouring104\/#organization","name":"Radio Touring 104","url":"https:\/\/progettotouring.it\/radiotouring104\/","logo":{"@type":"ImageObject","inLanguage":"it-IT","@id":"https:\/\/progettotouring.it\/radiotouring104\/#\/schema\/logo\/image\/","url":"https:\/\/progettotouring.it\/radiotouring104\/wp-content\/uploads\/sites\/6\/2022\/02\/cropped-logo-radio-touring-104.png","contentUrl":"https:\/\/progettotouring.it\/radiotouring104\/wp-content\/uploads\/sites\/6\/2022\/02\/cropped-logo-radio-touring-104.png","width":377,"height":182,"caption":"Radio Touring 104"},"image":{"@id":"https:\/\/progettotouring.it\/radiotouring104\/#\/schema\/logo\/image\/"}},{"@type":"Person","@id":"https:\/\/progettotouring.it\/radiotouring104\/#\/schema\/person\/78613917f1851f041f7483f5af1d422e","name":"Sebastiano Plutino","image":{"@type":"ImageObject","inLanguage":"it-IT","@id":"https:\/\/secure.gravatar.com\/avatar\/0546ffaa9b79224faf9f2a156b67a529ae861d3287c66c1d8ccfdf909bcba78d?s=96&d=mm&r=g","url":"https:\/\/secure.gravatar.com\/avatar\/0546ffaa9b79224faf9f2a156b67a529ae861d3287c66c1d8ccfdf909bcba78d?s=96&d=mm&r=g","contentUrl":"https:\/\/secure.gravatar.com\/avatar\/0546ffaa9b79224faf9f2a156b67a529ae861d3287c66c1d8ccfdf909bcba78d?s=96&d=mm&r=g","caption":"Sebastiano Plutino"},"url":"https:\/\/progettotouring.it\/radiotouring104\/author\/sebastiano\/"}]}},"jetpack_publicize_connections":[],"jetpack_featured_media_url":"https:\/\/progettotouring.it\/radiotouring104\/wp-content\/uploads\/sites\/6\/2024\/02\/Antonino-Zema-FAI-CISL-RC.jpg","jetpack_sharing_enabled":true,"_links":{"self":[{"href":"https:\/\/progettotouring.it\/radiotouring104\/wp-json\/wp\/v2\/posts\/46015","targetHints":{"allow":["GET"]}}],"collection":[{"href":"https:\/\/progettotouring.it\/radiotouring104\/wp-json\/wp\/v2\/posts"}],"about":[{"href":"https:\/\/progettotouring.it\/radiotouring104\/wp-json\/wp\/v2\/types\/post"}],"author":[{"embeddable":true,"href":"https:\/\/progettotouring.it\/radiotouring104\/wp-json\/wp\/v2\/users\/12"}],"replies":[{"embeddable":true,"href":"https:\/\/progettotouring.it\/radiotouring104\/wp-json\/wp\/v2\/comments?post=46015"}],"version-history":[{"count":1,"href":"https:\/\/progettotouring.it\/radiotouring104\/wp-json\/wp\/v2\/posts\/46015\/revisions"}],"predecessor-version":[{"id":46016,"href":"https:\/\/progettotouring.it\/radiotouring104\/wp-json\/wp\/v2\/posts\/46015\/revisions\/46016"}],"wp:featuredmedia":[{"embeddable":true,"href":"https:\/\/progettotouring.it\/radiotouring104\/wp-json\/wp\/v2\/media\/45752"}],"wp:attachment":[{"href":"https:\/\/progettotouring.it\/radiotouring104\/wp-json\/wp\/v2\/media?parent=46015"}],"wp:term":[{"taxonomy":"category","embeddable":true,"href":"https:\/\/progettotouring.it\/radiotouring104\/wp-json\/wp\/v2\/categories?post=46015"},{"taxonomy":"post_tag","embeddable":true,"href":"https:\/\/progettotouring.it\/radiotouring104\/wp-json\/wp\/v2\/tags?post=46015"}],"curies":[{"name":"wp","href":"https:\/\/api.w.org\/{rel}","templated":true}]}}