{"id":46026,"date":"2024-03-01T12:28:27","date_gmt":"2024-03-01T11:28:27","guid":{"rendered":"https:\/\/progettotouring.it\/radiotouring104\/?p=46026"},"modified":"2024-03-01T12:28:27","modified_gmt":"2024-03-01T11:28:27","slug":"reggio-concluso-il-corso-di-formazione-del-progetto-una-culla-di-libri","status":"publish","type":"post","link":"https:\/\/progettotouring.it\/radiotouring104\/2024\/03\/01\/reggio-concluso-il-corso-di-formazione-del-progetto-una-culla-di-libri\/","title":{"rendered":"Reggio: concluso il corso di formazione del Progetto \u201cUna culla di libri\u201d"},"content":{"rendered":"<p class=\"xmprfx_MsoNormal\" style=\"text-align: justify\">Avvicinare i pi\u00f9 piccoli alla lettura precoce e multiculturale. Con questo obiettivo si \u00e8 <strong>concluso, gioved\u00ec sera, un corso di formazione per le docenti delle scuole dell\u2019infanzia comunali, nell\u2019ambito del progetto<\/strong> <em>\u201cUna culla di libri\u201d,<\/em> promosso dall\u2019<strong>associazione ricreativa e culturale ARCI APS e condiviso da Santina Crisalli,<\/strong> responsabile del coordinamento delle scuole dell\u2019Infanzia comunali di Reggio Calabria.<\/p>\n<p class=\"xmprfx_MsoNormal\" style=\"text-align: justify\">L\u2019iniziativa \u2013 vincitrice del bando \u201cLeggimi 0-6\u201d 2021 e finanziato dal Centro per il libro e la lettura \u2013 \u00e8 rivolta alle comunit\u00e0 straniere e alle famiglie italiane residenti nel comune di Reggio Calabria e mira a far avvicinare gli alunni pi\u00f9 piccoli (fascia d\u2019et\u00e0 3-6 anni) alla lettura precoce, quale strumento idoneo a favorire lo sviluppo cognitivo dei pi\u00f9 piccoli e il rafforzamento dei legami affettivi con gli adulti, attraverso un approccio interculturale in sinergia con le comunit\u00e0 straniere presenti sul territorio comunale.<\/p>\n<p class=\"xmprfx_MsoNormal\" style=\"text-align: justify\">Sono stati inoltre avviati progetti specifici proprio nelle scuole, con l\u2019obiettivo di stimolare le nuove generazioni alla lettura animata.<\/p>\n<p class=\"xmprfx_MsoNormal\" style=\"text-align: justify\">La lettura precoce \u00e8 una pratica pedagogica e culturale che si rivolge alle famiglie con bambini in et\u00e0 prescolare (0-3 anni e 4-6 anni) e agli educatori ed operatori dei settori educativi e socio sanitario. La lettura ad alta voce di un racconto o di una fiaba rappresenta un\u2019attivit\u00e0 fondamentale per aiutare lo sviluppo intellettivo, emotivo e relazione dei bambini, inoltre \u00e8 una pratica che rafforza ed impreziosisce la relazione genitore-bambino.<\/p>\n<p class=\"xmprfx_MsoNormal\" style=\"text-align: justify\">Il progetto ha la caratteristica di essere \u201citinerante\u201d con un\u2019anima \u201con the road\u201d, raggiungendo decine di famiglie e bambini di Reggio Calabria, svolgendosi nelle principali piazze e parchi giochi della citt\u00e0. I testi, nel corso degli incontri, non sono soltanto letti, ma anche \u201canimati\u201d grazie alla mimica ed alla voce di educatori esperti e di cantastorie che dialogano con i bambini ed interagiscono con loro.<\/p>\n<p class=\"xmprfx_MsoNormal\" style=\"text-align: justify\">La conclusione del corso di formazione per docenti, dunque, rappresenta una tappa ulteriore di un percorso che porter\u00e0, nel prossimo futuro, alla realizzazione di nuovi progetti per avvicinare i bambini insieme ai loro genitori ad altre forme culturali ed artistiche ai fini dell\u2019inclusione socio-culturale.<\/p>\n","protected":false},"excerpt":{"rendered":"<p>Avvicinare i pi\u00f9 piccoli alla lettura precoce e multiculturale. Con questo obiettivo si \u00e8 concluso, gioved\u00ec sera, un corso di formazione per le docenti delle scuole dell\u2019infanzia comunali, nell\u2019ambito del&hellip;<\/p>\n","protected":false},"author":12,"featured_media":46027,"comment_status":"closed","ping_status":"open","sticky":false,"template":"","format":"standard","meta":{"_jetpack_memberships_contains_paid_content":false,"footnotes":"","jetpack_publicize_message":"","jetpack_publicize_feature_enabled":true,"jetpack_social_post_already_shared":false,"jetpack_social_options":{"image_generator_settings":{"template":"highway","default_image_id":0,"font":"","enabled":false},"version":2}},"categories":[921,196,140],"tags":[28360,28362,28361,28359],"class_list":["post-46026","post","type-post","status-publish","format-standard","has-post-thumbnail","hentry","category-home","category-news","category-reggio-calabria","tag-arci-aps","tag-corso-di-formazione-per-le-docenti-delle-scuole-dellinfanzia","tag-progetto-una-culla-di-libri","tag-santina-crisalli"],"yoast_head":"<!-- This site is optimized with the Yoast SEO plugin v27.2 - https:\/\/yoast.com\/product\/yoast-seo-wordpress\/ -->\n<title>Reggio: concluso Progetto \u201cUna culla di libri\u201d<\/title>\n<meta name=\"description\" content=\"Concluso gioved\u00ec sera, un corso di formazione per le docenti delle scuole dell\u2019infanzia comunali, promosso dall\u2019associazione ARCI APS\" \/>\n<meta name=\"robots\" content=\"index, follow, max-snippet:-1, max-image-preview:large, max-video-preview:-1\" \/>\n<link rel=\"canonical\" href=\"https:\/\/progettotouring.it\/radiotouring104\/2024\/03\/01\/reggio-concluso-il-corso-di-formazione-del-progetto-una-culla-di-libri\/\" \/>\n<meta property=\"og:locale\" content=\"it_IT\" \/>\n<meta property=\"og:type\" content=\"article\" \/>\n<meta property=\"og:title\" content=\"Reggio: concluso Progetto \u201cUna culla di libri\u201d\" \/>\n<meta property=\"og:description\" content=\"Concluso gioved\u00ec sera, un corso di formazione per le docenti delle scuole dell\u2019infanzia comunali, promosso dall\u2019associazione ARCI APS\" \/>\n<meta property=\"og:url\" content=\"https:\/\/progettotouring.it\/radiotouring104\/2024\/03\/01\/reggio-concluso-il-corso-di-formazione-del-progetto-una-culla-di-libri\/\" \/>\n<meta property=\"og:site_name\" content=\"Radio Touring 104\" \/>\n<meta property=\"article:published_time\" content=\"2024-03-01T11:28:27+00:00\" \/>\n<meta property=\"og:image\" content=\"https:\/\/progettotouring.it\/radiotouring104\/wp-content\/uploads\/sites\/6\/2024\/03\/foto-corso-di-formazione-una-culla-di-libri.jpg\" \/>\n\t<meta property=\"og:image:width\" content=\"1600\" \/>\n\t<meta property=\"og:image:height\" content=\"1200\" \/>\n\t<meta property=\"og:image:type\" content=\"image\/jpeg\" \/>\n<meta name=\"author\" content=\"Sebastiano Plutino\" \/>\n<meta name=\"twitter:card\" content=\"summary_large_image\" \/>\n<meta name=\"twitter:label1\" content=\"Scritto da\" \/>\n\t<meta name=\"twitter:data1\" content=\"Sebastiano Plutino\" \/>\n\t<meta name=\"twitter:label2\" content=\"Tempo di lettura stimato\" \/>\n\t<meta name=\"twitter:data2\" content=\"2 minuti\" \/>\n<script type=\"application\/ld+json\" class=\"yoast-schema-graph\">{\"@context\":\"https:\/\/schema.org\",\"@graph\":[{\"@type\":\"Article\",\"@id\":\"https:\/\/progettotouring.it\/radiotouring104\/2024\/03\/01\/reggio-concluso-il-corso-di-formazione-del-progetto-una-culla-di-libri\/#article\",\"isPartOf\":{\"@id\":\"https:\/\/progettotouring.it\/radiotouring104\/2024\/03\/01\/reggio-concluso-il-corso-di-formazione-del-progetto-una-culla-di-libri\/\"},\"author\":{\"name\":\"Sebastiano Plutino\",\"@id\":\"https:\/\/progettotouring.it\/radiotouring104\/#\/schema\/person\/78613917f1851f041f7483f5af1d422e\"},\"headline\":\"Reggio: concluso il corso di formazione del Progetto \u201cUna culla di libri\u201d\",\"datePublished\":\"2024-03-01T11:28:27+00:00\",\"mainEntityOfPage\":{\"@id\":\"https:\/\/progettotouring.it\/radiotouring104\/2024\/03\/01\/reggio-concluso-il-corso-di-formazione-del-progetto-una-culla-di-libri\/\"},\"wordCount\":355,\"publisher\":{\"@id\":\"https:\/\/progettotouring.it\/radiotouring104\/#organization\"},\"image\":{\"@id\":\"https:\/\/progettotouring.it\/radiotouring104\/2024\/03\/01\/reggio-concluso-il-corso-di-formazione-del-progetto-una-culla-di-libri\/#primaryimage\"},\"thumbnailUrl\":\"https:\/\/progettotouring.it\/radiotouring104\/wp-content\/uploads\/sites\/6\/2024\/03\/foto-corso-di-formazione-una-culla-di-libri.jpg\",\"keywords\":[\"ARCI APS\",\"corso di formazione per le docenti delle scuole dell\u2019infanzia\",\"Progetto \u201cUna culla di libri\u201d\",\"Santina Crisalli\"],\"articleSection\":[\"Home\",\"News\",\"Reggio Calabria\"],\"inLanguage\":\"it-IT\"},{\"@type\":\"WebPage\",\"@id\":\"https:\/\/progettotouring.it\/radiotouring104\/2024\/03\/01\/reggio-concluso-il-corso-di-formazione-del-progetto-una-culla-di-libri\/\",\"url\":\"https:\/\/progettotouring.it\/radiotouring104\/2024\/03\/01\/reggio-concluso-il-corso-di-formazione-del-progetto-una-culla-di-libri\/\",\"name\":\"Reggio: concluso Progetto \u201cUna culla di libri\u201d\",\"isPartOf\":{\"@id\":\"https:\/\/progettotouring.it\/radiotouring104\/#website\"},\"primaryImageOfPage\":{\"@id\":\"https:\/\/progettotouring.it\/radiotouring104\/2024\/03\/01\/reggio-concluso-il-corso-di-formazione-del-progetto-una-culla-di-libri\/#primaryimage\"},\"image\":{\"@id\":\"https:\/\/progettotouring.it\/radiotouring104\/2024\/03\/01\/reggio-concluso-il-corso-di-formazione-del-progetto-una-culla-di-libri\/#primaryimage\"},\"thumbnailUrl\":\"https:\/\/progettotouring.it\/radiotouring104\/wp-content\/uploads\/sites\/6\/2024\/03\/foto-corso-di-formazione-una-culla-di-libri.jpg\",\"datePublished\":\"2024-03-01T11:28:27+00:00\",\"description\":\"Concluso gioved\u00ec sera, un corso di formazione per le docenti delle scuole dell\u2019infanzia comunali, promosso dall\u2019associazione ARCI APS\",\"breadcrumb\":{\"@id\":\"https:\/\/progettotouring.it\/radiotouring104\/2024\/03\/01\/reggio-concluso-il-corso-di-formazione-del-progetto-una-culla-di-libri\/#breadcrumb\"},\"inLanguage\":\"it-IT\",\"potentialAction\":[{\"@type\":\"ReadAction\",\"target\":[\"https:\/\/progettotouring.it\/radiotouring104\/2024\/03\/01\/reggio-concluso-il-corso-di-formazione-del-progetto-una-culla-di-libri\/\"]}]},{\"@type\":\"ImageObject\",\"inLanguage\":\"it-IT\",\"@id\":\"https:\/\/progettotouring.it\/radiotouring104\/2024\/03\/01\/reggio-concluso-il-corso-di-formazione-del-progetto-una-culla-di-libri\/#primaryimage\",\"url\":\"https:\/\/progettotouring.it\/radiotouring104\/wp-content\/uploads\/sites\/6\/2024\/03\/foto-corso-di-formazione-una-culla-di-libri.jpg\",\"contentUrl\":\"https:\/\/progettotouring.it\/radiotouring104\/wp-content\/uploads\/sites\/6\/2024\/03\/foto-corso-di-formazione-una-culla-di-libri.jpg\",\"width\":1600,\"height\":1200},{\"@type\":\"BreadcrumbList\",\"@id\":\"https:\/\/progettotouring.it\/radiotouring104\/2024\/03\/01\/reggio-concluso-il-corso-di-formazione-del-progetto-una-culla-di-libri\/#breadcrumb\",\"itemListElement\":[{\"@type\":\"ListItem\",\"position\":1,\"name\":\"Home\",\"item\":\"https:\/\/progettotouring.it\/radiotouring104\/\"},{\"@type\":\"ListItem\",\"position\":2,\"name\":\"Reggio: concluso il corso di formazione del Progetto \u201cUna culla di libri\u201d\"}]},{\"@type\":\"WebSite\",\"@id\":\"https:\/\/progettotouring.it\/radiotouring104\/#website\",\"url\":\"https:\/\/progettotouring.it\/radiotouring104\/\",\"name\":\"Radio Touring 104\",\"description\":\"La prima radio Reggina\",\"publisher\":{\"@id\":\"https:\/\/progettotouring.it\/radiotouring104\/#organization\"},\"potentialAction\":[{\"@type\":\"SearchAction\",\"target\":{\"@type\":\"EntryPoint\",\"urlTemplate\":\"https:\/\/progettotouring.it\/radiotouring104\/?s={search_term_string}\"},\"query-input\":{\"@type\":\"PropertyValueSpecification\",\"valueRequired\":true,\"valueName\":\"search_term_string\"}}],\"inLanguage\":\"it-IT\"},{\"@type\":\"Organization\",\"@id\":\"https:\/\/progettotouring.it\/radiotouring104\/#organization\",\"name\":\"Radio Touring 104\",\"url\":\"https:\/\/progettotouring.it\/radiotouring104\/\",\"logo\":{\"@type\":\"ImageObject\",\"inLanguage\":\"it-IT\",\"@id\":\"https:\/\/progettotouring.it\/radiotouring104\/#\/schema\/logo\/image\/\",\"url\":\"https:\/\/progettotouring.it\/radiotouring104\/wp-content\/uploads\/sites\/6\/2022\/02\/cropped-logo-radio-touring-104.png\",\"contentUrl\":\"https:\/\/progettotouring.it\/radiotouring104\/wp-content\/uploads\/sites\/6\/2022\/02\/cropped-logo-radio-touring-104.png\",\"width\":377,\"height\":182,\"caption\":\"Radio Touring 104\"},\"image\":{\"@id\":\"https:\/\/progettotouring.it\/radiotouring104\/#\/schema\/logo\/image\/\"}},{\"@type\":\"Person\",\"@id\":\"https:\/\/progettotouring.it\/radiotouring104\/#\/schema\/person\/78613917f1851f041f7483f5af1d422e\",\"name\":\"Sebastiano Plutino\",\"image\":{\"@type\":\"ImageObject\",\"inLanguage\":\"it-IT\",\"@id\":\"https:\/\/secure.gravatar.com\/avatar\/0546ffaa9b79224faf9f2a156b67a529ae861d3287c66c1d8ccfdf909bcba78d?s=96&d=mm&r=g\",\"url\":\"https:\/\/secure.gravatar.com\/avatar\/0546ffaa9b79224faf9f2a156b67a529ae861d3287c66c1d8ccfdf909bcba78d?s=96&d=mm&r=g\",\"contentUrl\":\"https:\/\/secure.gravatar.com\/avatar\/0546ffaa9b79224faf9f2a156b67a529ae861d3287c66c1d8ccfdf909bcba78d?s=96&d=mm&r=g\",\"caption\":\"Sebastiano Plutino\"},\"url\":\"https:\/\/progettotouring.it\/radiotouring104\/author\/sebastiano\/\"}]}<\/script>\n<!-- \/ Yoast SEO plugin. -->","yoast_head_json":{"title":"Reggio: concluso Progetto \u201cUna culla di libri\u201d","description":"Concluso gioved\u00ec sera, un corso di formazione per le docenti delle scuole dell\u2019infanzia comunali, promosso dall\u2019associazione ARCI APS","robots":{"index":"index","follow":"follow","max-snippet":"max-snippet:-1","max-image-preview":"max-image-preview:large","max-video-preview":"max-video-preview:-1"},"canonical":"https:\/\/progettotouring.it\/radiotouring104\/2024\/03\/01\/reggio-concluso-il-corso-di-formazione-del-progetto-una-culla-di-libri\/","og_locale":"it_IT","og_type":"article","og_title":"Reggio: concluso Progetto \u201cUna culla di libri\u201d","og_description":"Concluso gioved\u00ec sera, un corso di formazione per le docenti delle scuole dell\u2019infanzia comunali, promosso dall\u2019associazione ARCI APS","og_url":"https:\/\/progettotouring.it\/radiotouring104\/2024\/03\/01\/reggio-concluso-il-corso-di-formazione-del-progetto-una-culla-di-libri\/","og_site_name":"Radio Touring 104","article_published_time":"2024-03-01T11:28:27+00:00","og_image":[{"width":1600,"height":1200,"url":"https:\/\/progettotouring.it\/radiotouring104\/wp-content\/uploads\/sites\/6\/2024\/03\/foto-corso-di-formazione-una-culla-di-libri.jpg","type":"image\/jpeg"}],"author":"Sebastiano Plutino","twitter_card":"summary_large_image","twitter_misc":{"Scritto da":"Sebastiano Plutino","Tempo di lettura stimato":"2 minuti"},"schema":{"@context":"https:\/\/schema.org","@graph":[{"@type":"Article","@id":"https:\/\/progettotouring.it\/radiotouring104\/2024\/03\/01\/reggio-concluso-il-corso-di-formazione-del-progetto-una-culla-di-libri\/#article","isPartOf":{"@id":"https:\/\/progettotouring.it\/radiotouring104\/2024\/03\/01\/reggio-concluso-il-corso-di-formazione-del-progetto-una-culla-di-libri\/"},"author":{"name":"Sebastiano Plutino","@id":"https:\/\/progettotouring.it\/radiotouring104\/#\/schema\/person\/78613917f1851f041f7483f5af1d422e"},"headline":"Reggio: concluso il corso di formazione del Progetto \u201cUna culla di libri\u201d","datePublished":"2024-03-01T11:28:27+00:00","mainEntityOfPage":{"@id":"https:\/\/progettotouring.it\/radiotouring104\/2024\/03\/01\/reggio-concluso-il-corso-di-formazione-del-progetto-una-culla-di-libri\/"},"wordCount":355,"publisher":{"@id":"https:\/\/progettotouring.it\/radiotouring104\/#organization"},"image":{"@id":"https:\/\/progettotouring.it\/radiotouring104\/2024\/03\/01\/reggio-concluso-il-corso-di-formazione-del-progetto-una-culla-di-libri\/#primaryimage"},"thumbnailUrl":"https:\/\/progettotouring.it\/radiotouring104\/wp-content\/uploads\/sites\/6\/2024\/03\/foto-corso-di-formazione-una-culla-di-libri.jpg","keywords":["ARCI APS","corso di formazione per le docenti delle scuole dell\u2019infanzia","Progetto \u201cUna culla di libri\u201d","Santina Crisalli"],"articleSection":["Home","News","Reggio Calabria"],"inLanguage":"it-IT"},{"@type":"WebPage","@id":"https:\/\/progettotouring.it\/radiotouring104\/2024\/03\/01\/reggio-concluso-il-corso-di-formazione-del-progetto-una-culla-di-libri\/","url":"https:\/\/progettotouring.it\/radiotouring104\/2024\/03\/01\/reggio-concluso-il-corso-di-formazione-del-progetto-una-culla-di-libri\/","name":"Reggio: concluso Progetto \u201cUna culla di libri\u201d","isPartOf":{"@id":"https:\/\/progettotouring.it\/radiotouring104\/#website"},"primaryImageOfPage":{"@id":"https:\/\/progettotouring.it\/radiotouring104\/2024\/03\/01\/reggio-concluso-il-corso-di-formazione-del-progetto-una-culla-di-libri\/#primaryimage"},"image":{"@id":"https:\/\/progettotouring.it\/radiotouring104\/2024\/03\/01\/reggio-concluso-il-corso-di-formazione-del-progetto-una-culla-di-libri\/#primaryimage"},"thumbnailUrl":"https:\/\/progettotouring.it\/radiotouring104\/wp-content\/uploads\/sites\/6\/2024\/03\/foto-corso-di-formazione-una-culla-di-libri.jpg","datePublished":"2024-03-01T11:28:27+00:00","description":"Concluso gioved\u00ec sera, un corso di formazione per le docenti delle scuole dell\u2019infanzia comunali, promosso dall\u2019associazione ARCI APS","breadcrumb":{"@id":"https:\/\/progettotouring.it\/radiotouring104\/2024\/03\/01\/reggio-concluso-il-corso-di-formazione-del-progetto-una-culla-di-libri\/#breadcrumb"},"inLanguage":"it-IT","potentialAction":[{"@type":"ReadAction","target":["https:\/\/progettotouring.it\/radiotouring104\/2024\/03\/01\/reggio-concluso-il-corso-di-formazione-del-progetto-una-culla-di-libri\/"]}]},{"@type":"ImageObject","inLanguage":"it-IT","@id":"https:\/\/progettotouring.it\/radiotouring104\/2024\/03\/01\/reggio-concluso-il-corso-di-formazione-del-progetto-una-culla-di-libri\/#primaryimage","url":"https:\/\/progettotouring.it\/radiotouring104\/wp-content\/uploads\/sites\/6\/2024\/03\/foto-corso-di-formazione-una-culla-di-libri.jpg","contentUrl":"https:\/\/progettotouring.it\/radiotouring104\/wp-content\/uploads\/sites\/6\/2024\/03\/foto-corso-di-formazione-una-culla-di-libri.jpg","width":1600,"height":1200},{"@type":"BreadcrumbList","@id":"https:\/\/progettotouring.it\/radiotouring104\/2024\/03\/01\/reggio-concluso-il-corso-di-formazione-del-progetto-una-culla-di-libri\/#breadcrumb","itemListElement":[{"@type":"ListItem","position":1,"name":"Home","item":"https:\/\/progettotouring.it\/radiotouring104\/"},{"@type":"ListItem","position":2,"name":"Reggio: concluso il corso di formazione del Progetto \u201cUna culla di libri\u201d"}]},{"@type":"WebSite","@id":"https:\/\/progettotouring.it\/radiotouring104\/#website","url":"https:\/\/progettotouring.it\/radiotouring104\/","name":"Radio Touring 104","description":"La prima radio Reggina","publisher":{"@id":"https:\/\/progettotouring.it\/radiotouring104\/#organization"},"potentialAction":[{"@type":"SearchAction","target":{"@type":"EntryPoint","urlTemplate":"https:\/\/progettotouring.it\/radiotouring104\/?s={search_term_string}"},"query-input":{"@type":"PropertyValueSpecification","valueRequired":true,"valueName":"search_term_string"}}],"inLanguage":"it-IT"},{"@type":"Organization","@id":"https:\/\/progettotouring.it\/radiotouring104\/#organization","name":"Radio Touring 104","url":"https:\/\/progettotouring.it\/radiotouring104\/","logo":{"@type":"ImageObject","inLanguage":"it-IT","@id":"https:\/\/progettotouring.it\/radiotouring104\/#\/schema\/logo\/image\/","url":"https:\/\/progettotouring.it\/radiotouring104\/wp-content\/uploads\/sites\/6\/2022\/02\/cropped-logo-radio-touring-104.png","contentUrl":"https:\/\/progettotouring.it\/radiotouring104\/wp-content\/uploads\/sites\/6\/2022\/02\/cropped-logo-radio-touring-104.png","width":377,"height":182,"caption":"Radio Touring 104"},"image":{"@id":"https:\/\/progettotouring.it\/radiotouring104\/#\/schema\/logo\/image\/"}},{"@type":"Person","@id":"https:\/\/progettotouring.it\/radiotouring104\/#\/schema\/person\/78613917f1851f041f7483f5af1d422e","name":"Sebastiano Plutino","image":{"@type":"ImageObject","inLanguage":"it-IT","@id":"https:\/\/secure.gravatar.com\/avatar\/0546ffaa9b79224faf9f2a156b67a529ae861d3287c66c1d8ccfdf909bcba78d?s=96&d=mm&r=g","url":"https:\/\/secure.gravatar.com\/avatar\/0546ffaa9b79224faf9f2a156b67a529ae861d3287c66c1d8ccfdf909bcba78d?s=96&d=mm&r=g","contentUrl":"https:\/\/secure.gravatar.com\/avatar\/0546ffaa9b79224faf9f2a156b67a529ae861d3287c66c1d8ccfdf909bcba78d?s=96&d=mm&r=g","caption":"Sebastiano Plutino"},"url":"https:\/\/progettotouring.it\/radiotouring104\/author\/sebastiano\/"}]}},"jetpack_publicize_connections":[],"jetpack_featured_media_url":"https:\/\/progettotouring.it\/radiotouring104\/wp-content\/uploads\/sites\/6\/2024\/03\/foto-corso-di-formazione-una-culla-di-libri.jpg","jetpack_sharing_enabled":true,"_links":{"self":[{"href":"https:\/\/progettotouring.it\/radiotouring104\/wp-json\/wp\/v2\/posts\/46026","targetHints":{"allow":["GET"]}}],"collection":[{"href":"https:\/\/progettotouring.it\/radiotouring104\/wp-json\/wp\/v2\/posts"}],"about":[{"href":"https:\/\/progettotouring.it\/radiotouring104\/wp-json\/wp\/v2\/types\/post"}],"author":[{"embeddable":true,"href":"https:\/\/progettotouring.it\/radiotouring104\/wp-json\/wp\/v2\/users\/12"}],"replies":[{"embeddable":true,"href":"https:\/\/progettotouring.it\/radiotouring104\/wp-json\/wp\/v2\/comments?post=46026"}],"version-history":[{"count":1,"href":"https:\/\/progettotouring.it\/radiotouring104\/wp-json\/wp\/v2\/posts\/46026\/revisions"}],"predecessor-version":[{"id":46028,"href":"https:\/\/progettotouring.it\/radiotouring104\/wp-json\/wp\/v2\/posts\/46026\/revisions\/46028"}],"wp:featuredmedia":[{"embeddable":true,"href":"https:\/\/progettotouring.it\/radiotouring104\/wp-json\/wp\/v2\/media\/46027"}],"wp:attachment":[{"href":"https:\/\/progettotouring.it\/radiotouring104\/wp-json\/wp\/v2\/media?parent=46026"}],"wp:term":[{"taxonomy":"category","embeddable":true,"href":"https:\/\/progettotouring.it\/radiotouring104\/wp-json\/wp\/v2\/categories?post=46026"},{"taxonomy":"post_tag","embeddable":true,"href":"https:\/\/progettotouring.it\/radiotouring104\/wp-json\/wp\/v2\/tags?post=46026"}],"curies":[{"name":"wp","href":"https:\/\/api.w.org\/{rel}","templated":true}]}}