{"id":46069,"date":"2024-03-01T13:22:16","date_gmt":"2024-03-01T12:22:16","guid":{"rendered":"https:\/\/progettotouring.it\/radiotouring104\/?p=46069"},"modified":"2024-03-01T14:48:45","modified_gmt":"2024-03-01T13:48:45","slug":"falcomata-piange-la-scomparsa-di-dascola-reggio-calabria-perde-un-valente-professionista","status":"publish","type":"post","link":"https:\/\/progettotouring.it\/radiotouring104\/2024\/03\/01\/falcomata-piange-la-scomparsa-di-dascola-reggio-calabria-perde-un-valente-professionista\/","title":{"rendered":"Falcomat\u00e0 piange la scomparsa di D&#8217;Ascola: &#8220;Reggio Calabria perde un valente professionista&#8221;"},"content":{"rendered":"<p style=\"text-align: justify\"><em><strong>&#8220;Reggio Calabria<\/strong> perde un valente professionista che, fino all&#8217;ultimo giorno, ha sempre avuto cura dei suoi pazienti dirigendo, con estrema umanit\u00e0 e competenza, l&#8217;<strong>Unit\u00e0 Operativa interdipartimentale sulle microcitemie del Gom<\/strong>. Alla famiglia ed agli amici di <strong>Domenico Giuseppe D&#8217;Ascola<\/strong> giungano i miei pi\u00f9 sentiti sentimenti di cordoglio e quelli dell&#8217;intera Amministrazione comunale&#8221;.<\/em> Lo afferma il sindaco di Reggio Calabria Giuseppe Falcomat\u00e0, ricordando <strong><em>&#8220;lo spessore ed il valore di un medico molto affermato che, soltanto da alcuni anni, aveva raggiunto la pensione&#8221;.<\/em><\/strong><\/p>\n<p style=\"text-align: justify\"><em>&#8220;Il professore <strong>D&#8217;Ascola<\/strong><\/em> &#8211; ha aggiunto il sindaco &#8211;<em> \u00e8 stata una personalit\u00e0 di primo piano nella medicina, molto conosciuto e amato anche oltre i confini cittadini<strong>. Allievo del Professore Neri, D&#8217;Ascola<\/strong> ha fatto parte di quel gruppo di giovani medici che si \u00e8 formato grazie ai grandi maestri della scuola reggina, fondatori del polo sanitario che \u00e8 oggi il <strong>Grande Ospedale Metropolitano.<\/strong> Uomo distinto, buono e dedito al prossimo, il professore <strong>D&#8217;Ascola<\/strong> ha incarnato perfettamente la caratteristica della professione medica intesa come missione e non come semplice attivit\u00e0 lavorativa. Il ricordo della sua attivit\u00e0 professionale e della sua riconosciuta umanit\u00e0 e disponibilit\u00e0, rimarranno per sempre indelebili nella mia memoria e in quella della nostra citt\u00e0&#8221;.<\/em><\/p>\n","protected":false},"excerpt":{"rendered":"<p>&#8220;Reggio Calabria perde un valente professionista che, fino all&#8217;ultimo giorno, ha sempre avuto cura dei suoi pazienti dirigendo, con estrema umanit\u00e0 e competenza, l&#8217;Unit\u00e0 Operativa interdipartimentale sulle microcitemie del Gom.&hellip;<\/p>\n","protected":false},"author":8,"featured_media":45001,"comment_status":"closed","ping_status":"open","sticky":false,"template":"","format":"standard","meta":{"_jetpack_memberships_contains_paid_content":false,"footnotes":"","jetpack_publicize_message":"","jetpack_publicize_feature_enabled":true,"jetpack_social_post_already_shared":false,"jetpack_social_options":{"image_generator_settings":{"template":"highway","default_image_id":0,"font":"","enabled":false},"version":2}},"categories":[921,196,140],"tags":[28381,1770,700,236],"class_list":["post-46069","post","type-post","status-publish","format-standard","has-post-thumbnail","hentry","category-home","category-news","category-reggio-calabria","tag-domenico-giuseppe-dascola","tag-falcomata","tag-grande-ospedale-metropolitano","tag-reggio-calabria"],"yoast_head":"<!-- This site is optimized with the Yoast SEO plugin v27.2 - https:\/\/yoast.com\/product\/yoast-seo-wordpress\/ -->\n<title>Falcomat\u00e0 piange la scomparsa di D&#039;Ascola: &quot;Reggio Calabria perde un valente professionista&quot; - Radio Touring 104<\/title>\n<meta name=\"description\" content=\"Il Sindaco di Falcomat\u00e0 ricorda con grande affetto e onore la figura del Professore Domenico Giuseppe D&#039;Ascola\" \/>\n<meta name=\"robots\" content=\"index, follow, max-snippet:-1, max-image-preview:large, max-video-preview:-1\" \/>\n<link rel=\"canonical\" href=\"https:\/\/progettotouring.it\/radiotouring104\/2024\/03\/01\/falcomata-piange-la-scomparsa-di-dascola-reggio-calabria-perde-un-valente-professionista\/\" \/>\n<meta property=\"og:locale\" content=\"it_IT\" \/>\n<meta property=\"og:type\" content=\"article\" \/>\n<meta property=\"og:title\" content=\"Falcomat\u00e0 piange la scomparsa di D&#039;Ascola: &quot;Reggio Calabria perde un valente professionista&quot; - Radio Touring 104\" \/>\n<meta property=\"og:description\" content=\"Il Sindaco di Falcomat\u00e0 ricorda con grande affetto e onore la figura del Professore Domenico Giuseppe D&#039;Ascola\" \/>\n<meta property=\"og:url\" content=\"https:\/\/progettotouring.it\/radiotouring104\/2024\/03\/01\/falcomata-piange-la-scomparsa-di-dascola-reggio-calabria-perde-un-valente-professionista\/\" \/>\n<meta property=\"og:site_name\" content=\"Radio Touring 104\" \/>\n<meta property=\"article:published_time\" content=\"2024-03-01T12:22:16+00:00\" \/>\n<meta property=\"article:modified_time\" content=\"2024-03-01T13:48:45+00:00\" \/>\n<meta property=\"og:image\" content=\"https:\/\/progettotouring.it\/radiotouring104\/wp-content\/uploads\/sites\/6\/2024\/02\/Falcomata-G.jpeg\" \/>\n\t<meta property=\"og:image:width\" content=\"1250\" \/>\n\t<meta property=\"og:image:height\" content=\"879\" \/>\n\t<meta property=\"og:image:type\" content=\"image\/jpeg\" \/>\n<meta name=\"author\" content=\"Filippo Francesco Idone\" \/>\n<meta name=\"twitter:card\" content=\"summary_large_image\" \/>\n<meta name=\"twitter:label1\" content=\"Scritto da\" \/>\n\t<meta name=\"twitter:data1\" content=\"Filippo Francesco Idone\" \/>\n\t<meta name=\"twitter:label2\" content=\"Tempo di lettura stimato\" \/>\n\t<meta name=\"twitter:data2\" content=\"1 minuto\" \/>\n<script type=\"application\/ld+json\" class=\"yoast-schema-graph\">{\"@context\":\"https:\/\/schema.org\",\"@graph\":[{\"@type\":\"Article\",\"@id\":\"https:\/\/progettotouring.it\/radiotouring104\/2024\/03\/01\/falcomata-piange-la-scomparsa-di-dascola-reggio-calabria-perde-un-valente-professionista\/#article\",\"isPartOf\":{\"@id\":\"https:\/\/progettotouring.it\/radiotouring104\/2024\/03\/01\/falcomata-piange-la-scomparsa-di-dascola-reggio-calabria-perde-un-valente-professionista\/\"},\"author\":{\"name\":\"Filippo Francesco Idone\",\"@id\":\"https:\/\/progettotouring.it\/radiotouring104\/#\/schema\/person\/4a82259ca52ac8702ad1a8f9e5a3120b\"},\"headline\":\"Falcomat\u00e0 piange la scomparsa di D&#8217;Ascola: &#8220;Reggio Calabria perde un valente professionista&#8221;\",\"datePublished\":\"2024-03-01T12:22:16+00:00\",\"dateModified\":\"2024-03-01T13:48:45+00:00\",\"mainEntityOfPage\":{\"@id\":\"https:\/\/progettotouring.it\/radiotouring104\/2024\/03\/01\/falcomata-piange-la-scomparsa-di-dascola-reggio-calabria-perde-un-valente-professionista\/\"},\"wordCount\":206,\"publisher\":{\"@id\":\"https:\/\/progettotouring.it\/radiotouring104\/#organization\"},\"image\":{\"@id\":\"https:\/\/progettotouring.it\/radiotouring104\/2024\/03\/01\/falcomata-piange-la-scomparsa-di-dascola-reggio-calabria-perde-un-valente-professionista\/#primaryimage\"},\"thumbnailUrl\":\"https:\/\/progettotouring.it\/radiotouring104\/wp-content\/uploads\/sites\/6\/2024\/02\/Falcomata-G.jpeg\",\"keywords\":[\"Domenico Giuseppe D'Ascola\",\"Falcomat\u00e0\",\"Grande ospedale metropolitano\",\"reggio calabria\"],\"articleSection\":[\"Home\",\"News\",\"Reggio Calabria\"],\"inLanguage\":\"it-IT\"},{\"@type\":\"WebPage\",\"@id\":\"https:\/\/progettotouring.it\/radiotouring104\/2024\/03\/01\/falcomata-piange-la-scomparsa-di-dascola-reggio-calabria-perde-un-valente-professionista\/\",\"url\":\"https:\/\/progettotouring.it\/radiotouring104\/2024\/03\/01\/falcomata-piange-la-scomparsa-di-dascola-reggio-calabria-perde-un-valente-professionista\/\",\"name\":\"Falcomat\u00e0 piange la scomparsa di D'Ascola: \\\"Reggio Calabria perde un valente professionista\\\" - Radio Touring 104\",\"isPartOf\":{\"@id\":\"https:\/\/progettotouring.it\/radiotouring104\/#website\"},\"primaryImageOfPage\":{\"@id\":\"https:\/\/progettotouring.it\/radiotouring104\/2024\/03\/01\/falcomata-piange-la-scomparsa-di-dascola-reggio-calabria-perde-un-valente-professionista\/#primaryimage\"},\"image\":{\"@id\":\"https:\/\/progettotouring.it\/radiotouring104\/2024\/03\/01\/falcomata-piange-la-scomparsa-di-dascola-reggio-calabria-perde-un-valente-professionista\/#primaryimage\"},\"thumbnailUrl\":\"https:\/\/progettotouring.it\/radiotouring104\/wp-content\/uploads\/sites\/6\/2024\/02\/Falcomata-G.jpeg\",\"datePublished\":\"2024-03-01T12:22:16+00:00\",\"dateModified\":\"2024-03-01T13:48:45+00:00\",\"description\":\"Il Sindaco di Falcomat\u00e0 ricorda con grande affetto e onore la figura del Professore Domenico Giuseppe D'Ascola\",\"breadcrumb\":{\"@id\":\"https:\/\/progettotouring.it\/radiotouring104\/2024\/03\/01\/falcomata-piange-la-scomparsa-di-dascola-reggio-calabria-perde-un-valente-professionista\/#breadcrumb\"},\"inLanguage\":\"it-IT\",\"potentialAction\":[{\"@type\":\"ReadAction\",\"target\":[\"https:\/\/progettotouring.it\/radiotouring104\/2024\/03\/01\/falcomata-piange-la-scomparsa-di-dascola-reggio-calabria-perde-un-valente-professionista\/\"]}]},{\"@type\":\"ImageObject\",\"inLanguage\":\"it-IT\",\"@id\":\"https:\/\/progettotouring.it\/radiotouring104\/2024\/03\/01\/falcomata-piange-la-scomparsa-di-dascola-reggio-calabria-perde-un-valente-professionista\/#primaryimage\",\"url\":\"https:\/\/progettotouring.it\/radiotouring104\/wp-content\/uploads\/sites\/6\/2024\/02\/Falcomata-G.jpeg\",\"contentUrl\":\"https:\/\/progettotouring.it\/radiotouring104\/wp-content\/uploads\/sites\/6\/2024\/02\/Falcomata-G.jpeg\",\"width\":1250,\"height\":879},{\"@type\":\"BreadcrumbList\",\"@id\":\"https:\/\/progettotouring.it\/radiotouring104\/2024\/03\/01\/falcomata-piange-la-scomparsa-di-dascola-reggio-calabria-perde-un-valente-professionista\/#breadcrumb\",\"itemListElement\":[{\"@type\":\"ListItem\",\"position\":1,\"name\":\"Home\",\"item\":\"https:\/\/progettotouring.it\/radiotouring104\/\"},{\"@type\":\"ListItem\",\"position\":2,\"name\":\"Falcomat\u00e0 piange la scomparsa di D&#8217;Ascola: &#8220;Reggio Calabria perde un valente professionista&#8221;\"}]},{\"@type\":\"WebSite\",\"@id\":\"https:\/\/progettotouring.it\/radiotouring104\/#website\",\"url\":\"https:\/\/progettotouring.it\/radiotouring104\/\",\"name\":\"Radio Touring 104\",\"description\":\"La prima radio Reggina\",\"publisher\":{\"@id\":\"https:\/\/progettotouring.it\/radiotouring104\/#organization\"},\"potentialAction\":[{\"@type\":\"SearchAction\",\"target\":{\"@type\":\"EntryPoint\",\"urlTemplate\":\"https:\/\/progettotouring.it\/radiotouring104\/?s={search_term_string}\"},\"query-input\":{\"@type\":\"PropertyValueSpecification\",\"valueRequired\":true,\"valueName\":\"search_term_string\"}}],\"inLanguage\":\"it-IT\"},{\"@type\":\"Organization\",\"@id\":\"https:\/\/progettotouring.it\/radiotouring104\/#organization\",\"name\":\"Radio Touring 104\",\"url\":\"https:\/\/progettotouring.it\/radiotouring104\/\",\"logo\":{\"@type\":\"ImageObject\",\"inLanguage\":\"it-IT\",\"@id\":\"https:\/\/progettotouring.it\/radiotouring104\/#\/schema\/logo\/image\/\",\"url\":\"https:\/\/progettotouring.it\/radiotouring104\/wp-content\/uploads\/sites\/6\/2022\/02\/cropped-logo-radio-touring-104.png\",\"contentUrl\":\"https:\/\/progettotouring.it\/radiotouring104\/wp-content\/uploads\/sites\/6\/2022\/02\/cropped-logo-radio-touring-104.png\",\"width\":377,\"height\":182,\"caption\":\"Radio Touring 104\"},\"image\":{\"@id\":\"https:\/\/progettotouring.it\/radiotouring104\/#\/schema\/logo\/image\/\"}},{\"@type\":\"Person\",\"@id\":\"https:\/\/progettotouring.it\/radiotouring104\/#\/schema\/person\/4a82259ca52ac8702ad1a8f9e5a3120b\",\"name\":\"Filippo Francesco Idone\",\"image\":{\"@type\":\"ImageObject\",\"inLanguage\":\"it-IT\",\"@id\":\"https:\/\/secure.gravatar.com\/avatar\/7268715d2366395c3dd314385670e6484117d44f5c442e61e230f7008b7b62d3?s=96&d=mm&r=g\",\"url\":\"https:\/\/secure.gravatar.com\/avatar\/7268715d2366395c3dd314385670e6484117d44f5c442e61e230f7008b7b62d3?s=96&d=mm&r=g\",\"contentUrl\":\"https:\/\/secure.gravatar.com\/avatar\/7268715d2366395c3dd314385670e6484117d44f5c442e61e230f7008b7b62d3?s=96&d=mm&r=g\",\"caption\":\"Filippo Francesco Idone\"},\"url\":\"https:\/\/progettotouring.it\/radiotouring104\/author\/filippoidone\/\"}]}<\/script>\n<!-- \/ Yoast SEO plugin. -->","yoast_head_json":{"title":"Falcomat\u00e0 piange la scomparsa di D'Ascola: \"Reggio Calabria perde un valente professionista\" - Radio Touring 104","description":"Il Sindaco di Falcomat\u00e0 ricorda con grande affetto e onore la figura del Professore Domenico Giuseppe D'Ascola","robots":{"index":"index","follow":"follow","max-snippet":"max-snippet:-1","max-image-preview":"max-image-preview:large","max-video-preview":"max-video-preview:-1"},"canonical":"https:\/\/progettotouring.it\/radiotouring104\/2024\/03\/01\/falcomata-piange-la-scomparsa-di-dascola-reggio-calabria-perde-un-valente-professionista\/","og_locale":"it_IT","og_type":"article","og_title":"Falcomat\u00e0 piange la scomparsa di D'Ascola: \"Reggio Calabria perde un valente professionista\" - Radio Touring 104","og_description":"Il Sindaco di Falcomat\u00e0 ricorda con grande affetto e onore la figura del Professore Domenico Giuseppe D'Ascola","og_url":"https:\/\/progettotouring.it\/radiotouring104\/2024\/03\/01\/falcomata-piange-la-scomparsa-di-dascola-reggio-calabria-perde-un-valente-professionista\/","og_site_name":"Radio Touring 104","article_published_time":"2024-03-01T12:22:16+00:00","article_modified_time":"2024-03-01T13:48:45+00:00","og_image":[{"width":1250,"height":879,"url":"https:\/\/progettotouring.it\/radiotouring104\/wp-content\/uploads\/sites\/6\/2024\/02\/Falcomata-G.jpeg","type":"image\/jpeg"}],"author":"Filippo Francesco Idone","twitter_card":"summary_large_image","twitter_misc":{"Scritto da":"Filippo Francesco Idone","Tempo di lettura stimato":"1 minuto"},"schema":{"@context":"https:\/\/schema.org","@graph":[{"@type":"Article","@id":"https:\/\/progettotouring.it\/radiotouring104\/2024\/03\/01\/falcomata-piange-la-scomparsa-di-dascola-reggio-calabria-perde-un-valente-professionista\/#article","isPartOf":{"@id":"https:\/\/progettotouring.it\/radiotouring104\/2024\/03\/01\/falcomata-piange-la-scomparsa-di-dascola-reggio-calabria-perde-un-valente-professionista\/"},"author":{"name":"Filippo Francesco Idone","@id":"https:\/\/progettotouring.it\/radiotouring104\/#\/schema\/person\/4a82259ca52ac8702ad1a8f9e5a3120b"},"headline":"Falcomat\u00e0 piange la scomparsa di D&#8217;Ascola: &#8220;Reggio Calabria perde un valente professionista&#8221;","datePublished":"2024-03-01T12:22:16+00:00","dateModified":"2024-03-01T13:48:45+00:00","mainEntityOfPage":{"@id":"https:\/\/progettotouring.it\/radiotouring104\/2024\/03\/01\/falcomata-piange-la-scomparsa-di-dascola-reggio-calabria-perde-un-valente-professionista\/"},"wordCount":206,"publisher":{"@id":"https:\/\/progettotouring.it\/radiotouring104\/#organization"},"image":{"@id":"https:\/\/progettotouring.it\/radiotouring104\/2024\/03\/01\/falcomata-piange-la-scomparsa-di-dascola-reggio-calabria-perde-un-valente-professionista\/#primaryimage"},"thumbnailUrl":"https:\/\/progettotouring.it\/radiotouring104\/wp-content\/uploads\/sites\/6\/2024\/02\/Falcomata-G.jpeg","keywords":["Domenico Giuseppe D'Ascola","Falcomat\u00e0","Grande ospedale metropolitano","reggio calabria"],"articleSection":["Home","News","Reggio Calabria"],"inLanguage":"it-IT"},{"@type":"WebPage","@id":"https:\/\/progettotouring.it\/radiotouring104\/2024\/03\/01\/falcomata-piange-la-scomparsa-di-dascola-reggio-calabria-perde-un-valente-professionista\/","url":"https:\/\/progettotouring.it\/radiotouring104\/2024\/03\/01\/falcomata-piange-la-scomparsa-di-dascola-reggio-calabria-perde-un-valente-professionista\/","name":"Falcomat\u00e0 piange la scomparsa di D'Ascola: \"Reggio Calabria perde un valente professionista\" - Radio Touring 104","isPartOf":{"@id":"https:\/\/progettotouring.it\/radiotouring104\/#website"},"primaryImageOfPage":{"@id":"https:\/\/progettotouring.it\/radiotouring104\/2024\/03\/01\/falcomata-piange-la-scomparsa-di-dascola-reggio-calabria-perde-un-valente-professionista\/#primaryimage"},"image":{"@id":"https:\/\/progettotouring.it\/radiotouring104\/2024\/03\/01\/falcomata-piange-la-scomparsa-di-dascola-reggio-calabria-perde-un-valente-professionista\/#primaryimage"},"thumbnailUrl":"https:\/\/progettotouring.it\/radiotouring104\/wp-content\/uploads\/sites\/6\/2024\/02\/Falcomata-G.jpeg","datePublished":"2024-03-01T12:22:16+00:00","dateModified":"2024-03-01T13:48:45+00:00","description":"Il Sindaco di Falcomat\u00e0 ricorda con grande affetto e onore la figura del Professore Domenico Giuseppe D'Ascola","breadcrumb":{"@id":"https:\/\/progettotouring.it\/radiotouring104\/2024\/03\/01\/falcomata-piange-la-scomparsa-di-dascola-reggio-calabria-perde-un-valente-professionista\/#breadcrumb"},"inLanguage":"it-IT","potentialAction":[{"@type":"ReadAction","target":["https:\/\/progettotouring.it\/radiotouring104\/2024\/03\/01\/falcomata-piange-la-scomparsa-di-dascola-reggio-calabria-perde-un-valente-professionista\/"]}]},{"@type":"ImageObject","inLanguage":"it-IT","@id":"https:\/\/progettotouring.it\/radiotouring104\/2024\/03\/01\/falcomata-piange-la-scomparsa-di-dascola-reggio-calabria-perde-un-valente-professionista\/#primaryimage","url":"https:\/\/progettotouring.it\/radiotouring104\/wp-content\/uploads\/sites\/6\/2024\/02\/Falcomata-G.jpeg","contentUrl":"https:\/\/progettotouring.it\/radiotouring104\/wp-content\/uploads\/sites\/6\/2024\/02\/Falcomata-G.jpeg","width":1250,"height":879},{"@type":"BreadcrumbList","@id":"https:\/\/progettotouring.it\/radiotouring104\/2024\/03\/01\/falcomata-piange-la-scomparsa-di-dascola-reggio-calabria-perde-un-valente-professionista\/#breadcrumb","itemListElement":[{"@type":"ListItem","position":1,"name":"Home","item":"https:\/\/progettotouring.it\/radiotouring104\/"},{"@type":"ListItem","position":2,"name":"Falcomat\u00e0 piange la scomparsa di D&#8217;Ascola: &#8220;Reggio Calabria perde un valente professionista&#8221;"}]},{"@type":"WebSite","@id":"https:\/\/progettotouring.it\/radiotouring104\/#website","url":"https:\/\/progettotouring.it\/radiotouring104\/","name":"Radio Touring 104","description":"La prima radio Reggina","publisher":{"@id":"https:\/\/progettotouring.it\/radiotouring104\/#organization"},"potentialAction":[{"@type":"SearchAction","target":{"@type":"EntryPoint","urlTemplate":"https:\/\/progettotouring.it\/radiotouring104\/?s={search_term_string}"},"query-input":{"@type":"PropertyValueSpecification","valueRequired":true,"valueName":"search_term_string"}}],"inLanguage":"it-IT"},{"@type":"Organization","@id":"https:\/\/progettotouring.it\/radiotouring104\/#organization","name":"Radio Touring 104","url":"https:\/\/progettotouring.it\/radiotouring104\/","logo":{"@type":"ImageObject","inLanguage":"it-IT","@id":"https:\/\/progettotouring.it\/radiotouring104\/#\/schema\/logo\/image\/","url":"https:\/\/progettotouring.it\/radiotouring104\/wp-content\/uploads\/sites\/6\/2022\/02\/cropped-logo-radio-touring-104.png","contentUrl":"https:\/\/progettotouring.it\/radiotouring104\/wp-content\/uploads\/sites\/6\/2022\/02\/cropped-logo-radio-touring-104.png","width":377,"height":182,"caption":"Radio Touring 104"},"image":{"@id":"https:\/\/progettotouring.it\/radiotouring104\/#\/schema\/logo\/image\/"}},{"@type":"Person","@id":"https:\/\/progettotouring.it\/radiotouring104\/#\/schema\/person\/4a82259ca52ac8702ad1a8f9e5a3120b","name":"Filippo Francesco Idone","image":{"@type":"ImageObject","inLanguage":"it-IT","@id":"https:\/\/secure.gravatar.com\/avatar\/7268715d2366395c3dd314385670e6484117d44f5c442e61e230f7008b7b62d3?s=96&d=mm&r=g","url":"https:\/\/secure.gravatar.com\/avatar\/7268715d2366395c3dd314385670e6484117d44f5c442e61e230f7008b7b62d3?s=96&d=mm&r=g","contentUrl":"https:\/\/secure.gravatar.com\/avatar\/7268715d2366395c3dd314385670e6484117d44f5c442e61e230f7008b7b62d3?s=96&d=mm&r=g","caption":"Filippo Francesco Idone"},"url":"https:\/\/progettotouring.it\/radiotouring104\/author\/filippoidone\/"}]}},"jetpack_publicize_connections":[],"jetpack_featured_media_url":"https:\/\/progettotouring.it\/radiotouring104\/wp-content\/uploads\/sites\/6\/2024\/02\/Falcomata-G.jpeg","jetpack_sharing_enabled":true,"_links":{"self":[{"href":"https:\/\/progettotouring.it\/radiotouring104\/wp-json\/wp\/v2\/posts\/46069","targetHints":{"allow":["GET"]}}],"collection":[{"href":"https:\/\/progettotouring.it\/radiotouring104\/wp-json\/wp\/v2\/posts"}],"about":[{"href":"https:\/\/progettotouring.it\/radiotouring104\/wp-json\/wp\/v2\/types\/post"}],"author":[{"embeddable":true,"href":"https:\/\/progettotouring.it\/radiotouring104\/wp-json\/wp\/v2\/users\/8"}],"replies":[{"embeddable":true,"href":"https:\/\/progettotouring.it\/radiotouring104\/wp-json\/wp\/v2\/comments?post=46069"}],"version-history":[{"count":1,"href":"https:\/\/progettotouring.it\/radiotouring104\/wp-json\/wp\/v2\/posts\/46069\/revisions"}],"predecessor-version":[{"id":46070,"href":"https:\/\/progettotouring.it\/radiotouring104\/wp-json\/wp\/v2\/posts\/46069\/revisions\/46070"}],"wp:featuredmedia":[{"embeddable":true,"href":"https:\/\/progettotouring.it\/radiotouring104\/wp-json\/wp\/v2\/media\/45001"}],"wp:attachment":[{"href":"https:\/\/progettotouring.it\/radiotouring104\/wp-json\/wp\/v2\/media?parent=46069"}],"wp:term":[{"taxonomy":"category","embeddable":true,"href":"https:\/\/progettotouring.it\/radiotouring104\/wp-json\/wp\/v2\/categories?post=46069"},{"taxonomy":"post_tag","embeddable":true,"href":"https:\/\/progettotouring.it\/radiotouring104\/wp-json\/wp\/v2\/tags?post=46069"}],"curies":[{"name":"wp","href":"https:\/\/api.w.org\/{rel}","templated":true}]}}