{"id":46071,"date":"2024-03-01T13:25:58","date_gmt":"2024-03-01T12:25:58","guid":{"rendered":"https:\/\/progettotouring.it\/radiotouring104\/?p=46071"},"modified":"2024-03-01T14:52:36","modified_gmt":"2024-03-01T13:52:36","slug":"reggio-calabria-dal-5-marzo-attivo-il-numero-unico-europeo-per-le-emergenze-112","status":"publish","type":"post","link":"https:\/\/progettotouring.it\/radiotouring104\/2024\/03\/01\/reggio-calabria-dal-5-marzo-attivo-il-numero-unico-europeo-per-le-emergenze-112\/","title":{"rendered":"Reggio Calabria: dal 5 marzo attivo il Numero Unico europeo per le Emergenze 112"},"content":{"rendered":"<p style=\"text-align: justify\">Dal prossimo marted\u00ec 5 marzo, anche nel territorio metropolitano di<strong> Reggio Calabria,<\/strong> sar\u00e0 operativo il Numero Unico europeo per le <strong>Emergenze 112<\/strong> (NUE uno-uno-due) <strong>ove confluiscono, in una sola numerazione,<\/strong> tutte le chiamate di soccorso. Componendo il 112, da rete fissa e mobile, si entrer\u00e0 in contatto con la Centrale Unica di Risposta (CUR) Calabria, localizzata a Catanzaro presso la Cittadella regionale. La CUR gestisce le chiamate di soccorso smistandole all\u2019Ente preposto alla gestione della specifica emergenza (Polizia di Stato, Carabinieri, Vigili del fuoco, Soccorso Sanitario). \u00c8 possibile e consigliabile contattare la Centrale NUE 112 tramite l\u2019applicazione \u201c112 Where Are U\u201d, scaricabile gratuitamente su tutti gli smartphone (sia per Android che per Ios). Tramite questa app si avr\u00e0 una localizzazione geografica e precisa di chi chiama, facilitando le operazioni di intervento anche nel caso in cui non si sia in grado di rispondere: oltre che in voce \u00e8 infatti possibile interagire con i soccorritori in chat e con chiamate mute. Inoltre, risulta cruciale per gestire i soccorsi, senza i rischi di errore dovuti all\u2019inevitabile concitazione del momento. <strong>Il NUE 112 \u00e8 accessibile alle persone diversamente abili<\/strong> e garantisce un\u2019assistenza multilingue con interprete. Il tempo di attesa dei cittadini, per la risposta da parte della Centrale, si attesta entro i 10 secondi.<\/p>\n","protected":false},"excerpt":{"rendered":"<p>Dal prossimo marted\u00ec 5 marzo, anche nel territorio metropolitano di Reggio Calabria, sar\u00e0 operativo il Numero Unico europeo per le Emergenze 112 (NUE uno-uno-due) ove confluiscono, in una sola numerazione,&hellip;<\/p>\n","protected":false},"author":8,"featured_media":46072,"comment_status":"closed","ping_status":"open","sticky":false,"template":"","format":"standard","meta":{"_jetpack_memberships_contains_paid_content":false,"footnotes":"","jetpack_publicize_message":"","jetpack_publicize_feature_enabled":true,"jetpack_social_post_already_shared":false,"jetpack_social_options":{"image_generator_settings":{"template":"highway","default_image_id":0,"font":"","enabled":false},"version":2}},"categories":[921,196,140],"tags":[20037,28382,236],"class_list":["post-46071","post","type-post","status-publish","format-standard","has-post-thumbnail","hentry","category-home","category-news","category-reggio-calabria","tag-20037","tag-numero-unico-europeo","tag-reggio-calabria"],"yoast_head":"<!-- This site is optimized with the Yoast SEO plugin v27.2 - https:\/\/yoast.com\/product\/yoast-seo-wordpress\/ -->\n<title>Reggio Calabria: dal 5 marzo attivo il Numero Unico europeo per le Emergenze 112 - Radio Touring 104<\/title>\n<meta name=\"description\" content=\"Da marted\u00ec 5 marzo sar\u00e0 operativo il Numero Unico europeo per le Emergenze 112 anche nella citt\u00e0 di Reggio Calabria\" \/>\n<meta name=\"robots\" content=\"index, follow, max-snippet:-1, max-image-preview:large, max-video-preview:-1\" \/>\n<link rel=\"canonical\" href=\"https:\/\/progettotouring.it\/radiotouring104\/2024\/03\/01\/reggio-calabria-dal-5-marzo-attivo-il-numero-unico-europeo-per-le-emergenze-112\/\" \/>\n<meta property=\"og:locale\" content=\"it_IT\" \/>\n<meta property=\"og:type\" content=\"article\" \/>\n<meta property=\"og:title\" content=\"Reggio Calabria: dal 5 marzo attivo il Numero Unico europeo per le Emergenze 112 - Radio Touring 104\" \/>\n<meta property=\"og:description\" content=\"Da marted\u00ec 5 marzo sar\u00e0 operativo il Numero Unico europeo per le Emergenze 112 anche nella citt\u00e0 di Reggio Calabria\" \/>\n<meta property=\"og:url\" content=\"https:\/\/progettotouring.it\/radiotouring104\/2024\/03\/01\/reggio-calabria-dal-5-marzo-attivo-il-numero-unico-europeo-per-le-emergenze-112\/\" \/>\n<meta property=\"og:site_name\" content=\"Radio Touring 104\" \/>\n<meta property=\"article:published_time\" content=\"2024-03-01T12:25:58+00:00\" \/>\n<meta property=\"article:modified_time\" content=\"2024-03-01T13:52:36+00:00\" \/>\n<meta property=\"og:image\" content=\"https:\/\/progettotouring.it\/radiotouring104\/wp-content\/uploads\/sites\/6\/2024\/03\/nue_112_.jpg\" \/>\n\t<meta property=\"og:image:width\" content=\"885\" \/>\n\t<meta property=\"og:image:height\" content=\"400\" \/>\n\t<meta property=\"og:image:type\" content=\"image\/jpeg\" \/>\n<meta name=\"author\" content=\"Filippo Francesco Idone\" \/>\n<meta name=\"twitter:card\" content=\"summary_large_image\" \/>\n<meta name=\"twitter:label1\" content=\"Scritto da\" \/>\n\t<meta name=\"twitter:data1\" content=\"Filippo Francesco Idone\" \/>\n\t<meta name=\"twitter:label2\" content=\"Tempo di lettura stimato\" \/>\n\t<meta name=\"twitter:data2\" content=\"1 minuto\" \/>\n<script type=\"application\/ld+json\" class=\"yoast-schema-graph\">{\"@context\":\"https:\/\/schema.org\",\"@graph\":[{\"@type\":\"Article\",\"@id\":\"https:\/\/progettotouring.it\/radiotouring104\/2024\/03\/01\/reggio-calabria-dal-5-marzo-attivo-il-numero-unico-europeo-per-le-emergenze-112\/#article\",\"isPartOf\":{\"@id\":\"https:\/\/progettotouring.it\/radiotouring104\/2024\/03\/01\/reggio-calabria-dal-5-marzo-attivo-il-numero-unico-europeo-per-le-emergenze-112\/\"},\"author\":{\"name\":\"Filippo Francesco Idone\",\"@id\":\"https:\/\/progettotouring.it\/radiotouring104\/#\/schema\/person\/4a82259ca52ac8702ad1a8f9e5a3120b\"},\"headline\":\"Reggio Calabria: dal 5 marzo attivo il Numero Unico europeo per le Emergenze 112\",\"datePublished\":\"2024-03-01T12:25:58+00:00\",\"dateModified\":\"2024-03-01T13:52:36+00:00\",\"mainEntityOfPage\":{\"@id\":\"https:\/\/progettotouring.it\/radiotouring104\/2024\/03\/01\/reggio-calabria-dal-5-marzo-attivo-il-numero-unico-europeo-per-le-emergenze-112\/\"},\"wordCount\":217,\"publisher\":{\"@id\":\"https:\/\/progettotouring.it\/radiotouring104\/#organization\"},\"image\":{\"@id\":\"https:\/\/progettotouring.it\/radiotouring104\/2024\/03\/01\/reggio-calabria-dal-5-marzo-attivo-il-numero-unico-europeo-per-le-emergenze-112\/#primaryimage\"},\"thumbnailUrl\":\"https:\/\/progettotouring.it\/radiotouring104\/wp-content\/uploads\/sites\/6\/2024\/03\/nue_112_.jpg\",\"keywords\":[\"112\",\"Numero Unico europeo\",\"reggio calabria\"],\"articleSection\":[\"Home\",\"News\",\"Reggio Calabria\"],\"inLanguage\":\"it-IT\"},{\"@type\":\"WebPage\",\"@id\":\"https:\/\/progettotouring.it\/radiotouring104\/2024\/03\/01\/reggio-calabria-dal-5-marzo-attivo-il-numero-unico-europeo-per-le-emergenze-112\/\",\"url\":\"https:\/\/progettotouring.it\/radiotouring104\/2024\/03\/01\/reggio-calabria-dal-5-marzo-attivo-il-numero-unico-europeo-per-le-emergenze-112\/\",\"name\":\"Reggio Calabria: dal 5 marzo attivo il Numero Unico europeo per le Emergenze 112 - Radio Touring 104\",\"isPartOf\":{\"@id\":\"https:\/\/progettotouring.it\/radiotouring104\/#website\"},\"primaryImageOfPage\":{\"@id\":\"https:\/\/progettotouring.it\/radiotouring104\/2024\/03\/01\/reggio-calabria-dal-5-marzo-attivo-il-numero-unico-europeo-per-le-emergenze-112\/#primaryimage\"},\"image\":{\"@id\":\"https:\/\/progettotouring.it\/radiotouring104\/2024\/03\/01\/reggio-calabria-dal-5-marzo-attivo-il-numero-unico-europeo-per-le-emergenze-112\/#primaryimage\"},\"thumbnailUrl\":\"https:\/\/progettotouring.it\/radiotouring104\/wp-content\/uploads\/sites\/6\/2024\/03\/nue_112_.jpg\",\"datePublished\":\"2024-03-01T12:25:58+00:00\",\"dateModified\":\"2024-03-01T13:52:36+00:00\",\"description\":\"Da marted\u00ec 5 marzo sar\u00e0 operativo il Numero Unico europeo per le Emergenze 112 anche nella citt\u00e0 di Reggio Calabria\",\"breadcrumb\":{\"@id\":\"https:\/\/progettotouring.it\/radiotouring104\/2024\/03\/01\/reggio-calabria-dal-5-marzo-attivo-il-numero-unico-europeo-per-le-emergenze-112\/#breadcrumb\"},\"inLanguage\":\"it-IT\",\"potentialAction\":[{\"@type\":\"ReadAction\",\"target\":[\"https:\/\/progettotouring.it\/radiotouring104\/2024\/03\/01\/reggio-calabria-dal-5-marzo-attivo-il-numero-unico-europeo-per-le-emergenze-112\/\"]}]},{\"@type\":\"ImageObject\",\"inLanguage\":\"it-IT\",\"@id\":\"https:\/\/progettotouring.it\/radiotouring104\/2024\/03\/01\/reggio-calabria-dal-5-marzo-attivo-il-numero-unico-europeo-per-le-emergenze-112\/#primaryimage\",\"url\":\"https:\/\/progettotouring.it\/radiotouring104\/wp-content\/uploads\/sites\/6\/2024\/03\/nue_112_.jpg\",\"contentUrl\":\"https:\/\/progettotouring.it\/radiotouring104\/wp-content\/uploads\/sites\/6\/2024\/03\/nue_112_.jpg\",\"width\":885,\"height\":400},{\"@type\":\"BreadcrumbList\",\"@id\":\"https:\/\/progettotouring.it\/radiotouring104\/2024\/03\/01\/reggio-calabria-dal-5-marzo-attivo-il-numero-unico-europeo-per-le-emergenze-112\/#breadcrumb\",\"itemListElement\":[{\"@type\":\"ListItem\",\"position\":1,\"name\":\"Home\",\"item\":\"https:\/\/progettotouring.it\/radiotouring104\/\"},{\"@type\":\"ListItem\",\"position\":2,\"name\":\"Reggio Calabria: dal 5 marzo attivo il Numero Unico europeo per le Emergenze 112\"}]},{\"@type\":\"WebSite\",\"@id\":\"https:\/\/progettotouring.it\/radiotouring104\/#website\",\"url\":\"https:\/\/progettotouring.it\/radiotouring104\/\",\"name\":\"Radio Touring 104\",\"description\":\"La prima radio Reggina\",\"publisher\":{\"@id\":\"https:\/\/progettotouring.it\/radiotouring104\/#organization\"},\"potentialAction\":[{\"@type\":\"SearchAction\",\"target\":{\"@type\":\"EntryPoint\",\"urlTemplate\":\"https:\/\/progettotouring.it\/radiotouring104\/?s={search_term_string}\"},\"query-input\":{\"@type\":\"PropertyValueSpecification\",\"valueRequired\":true,\"valueName\":\"search_term_string\"}}],\"inLanguage\":\"it-IT\"},{\"@type\":\"Organization\",\"@id\":\"https:\/\/progettotouring.it\/radiotouring104\/#organization\",\"name\":\"Radio Touring 104\",\"url\":\"https:\/\/progettotouring.it\/radiotouring104\/\",\"logo\":{\"@type\":\"ImageObject\",\"inLanguage\":\"it-IT\",\"@id\":\"https:\/\/progettotouring.it\/radiotouring104\/#\/schema\/logo\/image\/\",\"url\":\"https:\/\/progettotouring.it\/radiotouring104\/wp-content\/uploads\/sites\/6\/2022\/02\/cropped-logo-radio-touring-104.png\",\"contentUrl\":\"https:\/\/progettotouring.it\/radiotouring104\/wp-content\/uploads\/sites\/6\/2022\/02\/cropped-logo-radio-touring-104.png\",\"width\":377,\"height\":182,\"caption\":\"Radio Touring 104\"},\"image\":{\"@id\":\"https:\/\/progettotouring.it\/radiotouring104\/#\/schema\/logo\/image\/\"}},{\"@type\":\"Person\",\"@id\":\"https:\/\/progettotouring.it\/radiotouring104\/#\/schema\/person\/4a82259ca52ac8702ad1a8f9e5a3120b\",\"name\":\"Filippo Francesco Idone\",\"image\":{\"@type\":\"ImageObject\",\"inLanguage\":\"it-IT\",\"@id\":\"https:\/\/secure.gravatar.com\/avatar\/7268715d2366395c3dd314385670e6484117d44f5c442e61e230f7008b7b62d3?s=96&d=mm&r=g\",\"url\":\"https:\/\/secure.gravatar.com\/avatar\/7268715d2366395c3dd314385670e6484117d44f5c442e61e230f7008b7b62d3?s=96&d=mm&r=g\",\"contentUrl\":\"https:\/\/secure.gravatar.com\/avatar\/7268715d2366395c3dd314385670e6484117d44f5c442e61e230f7008b7b62d3?s=96&d=mm&r=g\",\"caption\":\"Filippo Francesco Idone\"},\"url\":\"https:\/\/progettotouring.it\/radiotouring104\/author\/filippoidone\/\"}]}<\/script>\n<!-- \/ Yoast SEO plugin. -->","yoast_head_json":{"title":"Reggio Calabria: dal 5 marzo attivo il Numero Unico europeo per le Emergenze 112 - Radio Touring 104","description":"Da marted\u00ec 5 marzo sar\u00e0 operativo il Numero Unico europeo per le Emergenze 112 anche nella citt\u00e0 di Reggio Calabria","robots":{"index":"index","follow":"follow","max-snippet":"max-snippet:-1","max-image-preview":"max-image-preview:large","max-video-preview":"max-video-preview:-1"},"canonical":"https:\/\/progettotouring.it\/radiotouring104\/2024\/03\/01\/reggio-calabria-dal-5-marzo-attivo-il-numero-unico-europeo-per-le-emergenze-112\/","og_locale":"it_IT","og_type":"article","og_title":"Reggio Calabria: dal 5 marzo attivo il Numero Unico europeo per le Emergenze 112 - Radio Touring 104","og_description":"Da marted\u00ec 5 marzo sar\u00e0 operativo il Numero Unico europeo per le Emergenze 112 anche nella citt\u00e0 di Reggio Calabria","og_url":"https:\/\/progettotouring.it\/radiotouring104\/2024\/03\/01\/reggio-calabria-dal-5-marzo-attivo-il-numero-unico-europeo-per-le-emergenze-112\/","og_site_name":"Radio Touring 104","article_published_time":"2024-03-01T12:25:58+00:00","article_modified_time":"2024-03-01T13:52:36+00:00","og_image":[{"width":885,"height":400,"url":"https:\/\/progettotouring.it\/radiotouring104\/wp-content\/uploads\/sites\/6\/2024\/03\/nue_112_.jpg","type":"image\/jpeg"}],"author":"Filippo Francesco Idone","twitter_card":"summary_large_image","twitter_misc":{"Scritto da":"Filippo Francesco Idone","Tempo di lettura stimato":"1 minuto"},"schema":{"@context":"https:\/\/schema.org","@graph":[{"@type":"Article","@id":"https:\/\/progettotouring.it\/radiotouring104\/2024\/03\/01\/reggio-calabria-dal-5-marzo-attivo-il-numero-unico-europeo-per-le-emergenze-112\/#article","isPartOf":{"@id":"https:\/\/progettotouring.it\/radiotouring104\/2024\/03\/01\/reggio-calabria-dal-5-marzo-attivo-il-numero-unico-europeo-per-le-emergenze-112\/"},"author":{"name":"Filippo Francesco Idone","@id":"https:\/\/progettotouring.it\/radiotouring104\/#\/schema\/person\/4a82259ca52ac8702ad1a8f9e5a3120b"},"headline":"Reggio Calabria: dal 5 marzo attivo il Numero Unico europeo per le Emergenze 112","datePublished":"2024-03-01T12:25:58+00:00","dateModified":"2024-03-01T13:52:36+00:00","mainEntityOfPage":{"@id":"https:\/\/progettotouring.it\/radiotouring104\/2024\/03\/01\/reggio-calabria-dal-5-marzo-attivo-il-numero-unico-europeo-per-le-emergenze-112\/"},"wordCount":217,"publisher":{"@id":"https:\/\/progettotouring.it\/radiotouring104\/#organization"},"image":{"@id":"https:\/\/progettotouring.it\/radiotouring104\/2024\/03\/01\/reggio-calabria-dal-5-marzo-attivo-il-numero-unico-europeo-per-le-emergenze-112\/#primaryimage"},"thumbnailUrl":"https:\/\/progettotouring.it\/radiotouring104\/wp-content\/uploads\/sites\/6\/2024\/03\/nue_112_.jpg","keywords":["112","Numero Unico europeo","reggio calabria"],"articleSection":["Home","News","Reggio Calabria"],"inLanguage":"it-IT"},{"@type":"WebPage","@id":"https:\/\/progettotouring.it\/radiotouring104\/2024\/03\/01\/reggio-calabria-dal-5-marzo-attivo-il-numero-unico-europeo-per-le-emergenze-112\/","url":"https:\/\/progettotouring.it\/radiotouring104\/2024\/03\/01\/reggio-calabria-dal-5-marzo-attivo-il-numero-unico-europeo-per-le-emergenze-112\/","name":"Reggio Calabria: dal 5 marzo attivo il Numero Unico europeo per le Emergenze 112 - Radio Touring 104","isPartOf":{"@id":"https:\/\/progettotouring.it\/radiotouring104\/#website"},"primaryImageOfPage":{"@id":"https:\/\/progettotouring.it\/radiotouring104\/2024\/03\/01\/reggio-calabria-dal-5-marzo-attivo-il-numero-unico-europeo-per-le-emergenze-112\/#primaryimage"},"image":{"@id":"https:\/\/progettotouring.it\/radiotouring104\/2024\/03\/01\/reggio-calabria-dal-5-marzo-attivo-il-numero-unico-europeo-per-le-emergenze-112\/#primaryimage"},"thumbnailUrl":"https:\/\/progettotouring.it\/radiotouring104\/wp-content\/uploads\/sites\/6\/2024\/03\/nue_112_.jpg","datePublished":"2024-03-01T12:25:58+00:00","dateModified":"2024-03-01T13:52:36+00:00","description":"Da marted\u00ec 5 marzo sar\u00e0 operativo il Numero Unico europeo per le Emergenze 112 anche nella citt\u00e0 di Reggio Calabria","breadcrumb":{"@id":"https:\/\/progettotouring.it\/radiotouring104\/2024\/03\/01\/reggio-calabria-dal-5-marzo-attivo-il-numero-unico-europeo-per-le-emergenze-112\/#breadcrumb"},"inLanguage":"it-IT","potentialAction":[{"@type":"ReadAction","target":["https:\/\/progettotouring.it\/radiotouring104\/2024\/03\/01\/reggio-calabria-dal-5-marzo-attivo-il-numero-unico-europeo-per-le-emergenze-112\/"]}]},{"@type":"ImageObject","inLanguage":"it-IT","@id":"https:\/\/progettotouring.it\/radiotouring104\/2024\/03\/01\/reggio-calabria-dal-5-marzo-attivo-il-numero-unico-europeo-per-le-emergenze-112\/#primaryimage","url":"https:\/\/progettotouring.it\/radiotouring104\/wp-content\/uploads\/sites\/6\/2024\/03\/nue_112_.jpg","contentUrl":"https:\/\/progettotouring.it\/radiotouring104\/wp-content\/uploads\/sites\/6\/2024\/03\/nue_112_.jpg","width":885,"height":400},{"@type":"BreadcrumbList","@id":"https:\/\/progettotouring.it\/radiotouring104\/2024\/03\/01\/reggio-calabria-dal-5-marzo-attivo-il-numero-unico-europeo-per-le-emergenze-112\/#breadcrumb","itemListElement":[{"@type":"ListItem","position":1,"name":"Home","item":"https:\/\/progettotouring.it\/radiotouring104\/"},{"@type":"ListItem","position":2,"name":"Reggio Calabria: dal 5 marzo attivo il Numero Unico europeo per le Emergenze 112"}]},{"@type":"WebSite","@id":"https:\/\/progettotouring.it\/radiotouring104\/#website","url":"https:\/\/progettotouring.it\/radiotouring104\/","name":"Radio Touring 104","description":"La prima radio Reggina","publisher":{"@id":"https:\/\/progettotouring.it\/radiotouring104\/#organization"},"potentialAction":[{"@type":"SearchAction","target":{"@type":"EntryPoint","urlTemplate":"https:\/\/progettotouring.it\/radiotouring104\/?s={search_term_string}"},"query-input":{"@type":"PropertyValueSpecification","valueRequired":true,"valueName":"search_term_string"}}],"inLanguage":"it-IT"},{"@type":"Organization","@id":"https:\/\/progettotouring.it\/radiotouring104\/#organization","name":"Radio Touring 104","url":"https:\/\/progettotouring.it\/radiotouring104\/","logo":{"@type":"ImageObject","inLanguage":"it-IT","@id":"https:\/\/progettotouring.it\/radiotouring104\/#\/schema\/logo\/image\/","url":"https:\/\/progettotouring.it\/radiotouring104\/wp-content\/uploads\/sites\/6\/2022\/02\/cropped-logo-radio-touring-104.png","contentUrl":"https:\/\/progettotouring.it\/radiotouring104\/wp-content\/uploads\/sites\/6\/2022\/02\/cropped-logo-radio-touring-104.png","width":377,"height":182,"caption":"Radio Touring 104"},"image":{"@id":"https:\/\/progettotouring.it\/radiotouring104\/#\/schema\/logo\/image\/"}},{"@type":"Person","@id":"https:\/\/progettotouring.it\/radiotouring104\/#\/schema\/person\/4a82259ca52ac8702ad1a8f9e5a3120b","name":"Filippo Francesco Idone","image":{"@type":"ImageObject","inLanguage":"it-IT","@id":"https:\/\/secure.gravatar.com\/avatar\/7268715d2366395c3dd314385670e6484117d44f5c442e61e230f7008b7b62d3?s=96&d=mm&r=g","url":"https:\/\/secure.gravatar.com\/avatar\/7268715d2366395c3dd314385670e6484117d44f5c442e61e230f7008b7b62d3?s=96&d=mm&r=g","contentUrl":"https:\/\/secure.gravatar.com\/avatar\/7268715d2366395c3dd314385670e6484117d44f5c442e61e230f7008b7b62d3?s=96&d=mm&r=g","caption":"Filippo Francesco Idone"},"url":"https:\/\/progettotouring.it\/radiotouring104\/author\/filippoidone\/"}]}},"jetpack_publicize_connections":[],"jetpack_featured_media_url":"https:\/\/progettotouring.it\/radiotouring104\/wp-content\/uploads\/sites\/6\/2024\/03\/nue_112_.jpg","jetpack_sharing_enabled":true,"_links":{"self":[{"href":"https:\/\/progettotouring.it\/radiotouring104\/wp-json\/wp\/v2\/posts\/46071","targetHints":{"allow":["GET"]}}],"collection":[{"href":"https:\/\/progettotouring.it\/radiotouring104\/wp-json\/wp\/v2\/posts"}],"about":[{"href":"https:\/\/progettotouring.it\/radiotouring104\/wp-json\/wp\/v2\/types\/post"}],"author":[{"embeddable":true,"href":"https:\/\/progettotouring.it\/radiotouring104\/wp-json\/wp\/v2\/users\/8"}],"replies":[{"embeddable":true,"href":"https:\/\/progettotouring.it\/radiotouring104\/wp-json\/wp\/v2\/comments?post=46071"}],"version-history":[{"count":1,"href":"https:\/\/progettotouring.it\/radiotouring104\/wp-json\/wp\/v2\/posts\/46071\/revisions"}],"predecessor-version":[{"id":46073,"href":"https:\/\/progettotouring.it\/radiotouring104\/wp-json\/wp\/v2\/posts\/46071\/revisions\/46073"}],"wp:featuredmedia":[{"embeddable":true,"href":"https:\/\/progettotouring.it\/radiotouring104\/wp-json\/wp\/v2\/media\/46072"}],"wp:attachment":[{"href":"https:\/\/progettotouring.it\/radiotouring104\/wp-json\/wp\/v2\/media?parent=46071"}],"wp:term":[{"taxonomy":"category","embeddable":true,"href":"https:\/\/progettotouring.it\/radiotouring104\/wp-json\/wp\/v2\/categories?post=46071"},{"taxonomy":"post_tag","embeddable":true,"href":"https:\/\/progettotouring.it\/radiotouring104\/wp-json\/wp\/v2\/tags?post=46071"}],"curies":[{"name":"wp","href":"https:\/\/api.w.org\/{rel}","templated":true}]}}