{"id":46083,"date":"2024-03-01T14:44:34","date_gmt":"2024-03-01T13:44:34","guid":{"rendered":"https:\/\/progettotouring.it\/radiotouring104\/?p=46083"},"modified":"2024-03-01T15:18:51","modified_gmt":"2024-03-01T14:18:51","slug":"calabria-alecci-sul-riconoscimento-della-fibromialgia-come-malattia-invalidante","status":"publish","type":"post","link":"https:\/\/progettotouring.it\/radiotouring104\/2024\/03\/01\/calabria-alecci-sul-riconoscimento-della-fibromialgia-come-malattia-invalidante\/","title":{"rendered":"Calabria: Alecci sul riconoscimento della fibromialgia come malattia invalidante"},"content":{"rendered":"<p style=\"text-align: justify\">La notizia del riconoscimento da parte della<strong> Camera dei Deputati della fibromialgia<\/strong> come malattia invalidante mi ha reso molto felice. In seguito all\u2019approvazione di ben 6 mozioni, il Parlamento ha impegnato, altres\u00ec, il Governo a inserire la fibromialgia all&#8217;interno dei Lea (livelli essenziali di assistenza) riconoscendo ai malati l&#8217;esenzione della partecipazione alla spesa per le prestazioni sanitarie. <strong>Sono molto soddisfatto perch\u00e9 gi\u00e0 dai primi mesi del mio mandato<\/strong> di Consigliere regionale avevo evidenziato ai miei colleghi l\u2019importanza e l\u2019urgenza di attivarsi per il riconoscimento di questa malattia (insieme alla Vulvodinia e alla Neuropatia del Pudendo) tra le malattie croniche e invalidanti da inserire nei LEA.<\/p>\n<p style=\"text-align: justify\"><strong>Nel gennaio del 2023,<\/strong> e quindi pi\u00f9 di un anno fa, avevo anche presentato al riguardo una mozione in Consiglio regionale che aveva visto l\u2019approvazione all\u2019unanimit\u00e0. Per una volta, in Calabria siamo stati, dunque, precursori di un\u2019azione fondamentale per le migliaia di persone che soffrono di questa malattia, ancora pressoch\u00e8 oscura e difficile da diagnosticare, che si manifesta con dolori muscolari diffusi e che, nei casi pi\u00f9 gravi, rende impossibile svolgere le normali attivit\u00e0 quotidiane. Attualmente, molti calabresi affetti da questa patologia devono rivolgersi a strutture presenti in prevalenza nelle regioni del <strong>Nord Italia<\/strong> con conseguenti ritardi nella diagnosi e costi elevati per le terapie necessarie. Auspico che all\u2019indomani del riconoscimento parlamentare di questa malattia si possa velocizzare e rendere pi\u00f9 automatico lo scambio di buone-prassi con presidi ospedalieri specializzati in altre regioni, al fine di formare il nostro personale medico, riducendo il ritardo diagnostico e le spese necessarie alle trasferte.<\/p>\n<p>&nbsp;<\/p>\n","protected":false},"excerpt":{"rendered":"<p>La notizia del riconoscimento da parte della Camera dei Deputati della fibromialgia come malattia invalidante mi ha reso molto felice. In seguito all\u2019approvazione di ben 6 mozioni, il Parlamento ha&hellip;<\/p>\n","protected":false},"author":8,"featured_media":37484,"comment_status":"closed","ping_status":"open","sticky":false,"template":"","format":"standard","meta":{"_jetpack_memberships_contains_paid_content":false,"footnotes":"","jetpack_publicize_message":"","jetpack_publicize_feature_enabled":true,"jetpack_social_post_already_shared":false,"jetpack_social_options":{"image_generator_settings":{"template":"highway","default_image_id":0,"font":"","enabled":false},"version":2}},"categories":[142,921,196],"tags":[6091,662,1540,28386],"class_list":["post-46083","post","type-post","status-publish","format-standard","has-post-thumbnail","hentry","category-calabria","category-home","category-news","tag-alecci","tag-camera-dei-deputati","tag-fibromialgia","tag-malattia"],"yoast_head":"<!-- This site is optimized with the Yoast SEO plugin v27.2 - https:\/\/yoast.com\/product\/yoast-seo-wordpress\/ -->\n<title>Calabria: Alecci sul riconoscimento della fibromialgia come malattia invalidante - Radio Touring 104<\/title>\n<meta name=\"description\" content=\"Il consigliere Alecci ha scritto una nota sul riconoscimento da parte della Camera della fibromialgia come malattia invalidante.\" \/>\n<meta name=\"robots\" content=\"index, follow, max-snippet:-1, max-image-preview:large, max-video-preview:-1\" \/>\n<link rel=\"canonical\" href=\"https:\/\/progettotouring.it\/radiotouring104\/2024\/03\/01\/calabria-alecci-sul-riconoscimento-della-fibromialgia-come-malattia-invalidante\/\" \/>\n<meta property=\"og:locale\" content=\"it_IT\" \/>\n<meta property=\"og:type\" content=\"article\" \/>\n<meta property=\"og:title\" content=\"Calabria: Alecci sul riconoscimento della fibromialgia come malattia invalidante - Radio Touring 104\" \/>\n<meta property=\"og:description\" content=\"Il consigliere Alecci ha scritto una nota sul riconoscimento da parte della Camera della fibromialgia come malattia invalidante.\" \/>\n<meta property=\"og:url\" content=\"https:\/\/progettotouring.it\/radiotouring104\/2024\/03\/01\/calabria-alecci-sul-riconoscimento-della-fibromialgia-come-malattia-invalidante\/\" \/>\n<meta property=\"og:site_name\" content=\"Radio Touring 104\" \/>\n<meta property=\"article:published_time\" content=\"2024-03-01T13:44:34+00:00\" \/>\n<meta property=\"article:modified_time\" content=\"2024-03-01T14:18:51+00:00\" \/>\n<meta property=\"og:image\" content=\"https:\/\/progettotouring.it\/radiotouring104\/wp-content\/uploads\/sites\/6\/2023\/10\/ernesto-alecci.jpg\" \/>\n\t<meta property=\"og:image:width\" content=\"1319\" \/>\n\t<meta property=\"og:image:height\" content=\"1600\" \/>\n\t<meta property=\"og:image:type\" content=\"image\/jpeg\" \/>\n<meta name=\"author\" content=\"Filippo Francesco Idone\" \/>\n<meta name=\"twitter:card\" content=\"summary_large_image\" \/>\n<meta name=\"twitter:label1\" content=\"Scritto da\" \/>\n\t<meta name=\"twitter:data1\" content=\"Filippo Francesco Idone\" \/>\n\t<meta name=\"twitter:label2\" content=\"Tempo di lettura stimato\" \/>\n\t<meta name=\"twitter:data2\" content=\"1 minuto\" \/>\n<script type=\"application\/ld+json\" class=\"yoast-schema-graph\">{\"@context\":\"https:\/\/schema.org\",\"@graph\":[{\"@type\":\"Article\",\"@id\":\"https:\/\/progettotouring.it\/radiotouring104\/2024\/03\/01\/calabria-alecci-sul-riconoscimento-della-fibromialgia-come-malattia-invalidante\/#article\",\"isPartOf\":{\"@id\":\"https:\/\/progettotouring.it\/radiotouring104\/2024\/03\/01\/calabria-alecci-sul-riconoscimento-della-fibromialgia-come-malattia-invalidante\/\"},\"author\":{\"name\":\"Filippo Francesco Idone\",\"@id\":\"https:\/\/progettotouring.it\/radiotouring104\/#\/schema\/person\/4a82259ca52ac8702ad1a8f9e5a3120b\"},\"headline\":\"Calabria: Alecci sul riconoscimento della fibromialgia come malattia invalidante\",\"datePublished\":\"2024-03-01T13:44:34+00:00\",\"dateModified\":\"2024-03-01T14:18:51+00:00\",\"mainEntityOfPage\":{\"@id\":\"https:\/\/progettotouring.it\/radiotouring104\/2024\/03\/01\/calabria-alecci-sul-riconoscimento-della-fibromialgia-come-malattia-invalidante\/\"},\"wordCount\":271,\"publisher\":{\"@id\":\"https:\/\/progettotouring.it\/radiotouring104\/#organization\"},\"image\":{\"@id\":\"https:\/\/progettotouring.it\/radiotouring104\/2024\/03\/01\/calabria-alecci-sul-riconoscimento-della-fibromialgia-come-malattia-invalidante\/#primaryimage\"},\"thumbnailUrl\":\"https:\/\/progettotouring.it\/radiotouring104\/wp-content\/uploads\/sites\/6\/2023\/10\/ernesto-alecci.jpg\",\"keywords\":[\"alecci\",\"camera dei deputati\",\"Fibromialgia\",\"malattia\"],\"articleSection\":[\"Calabria\",\"Home\",\"News\"],\"inLanguage\":\"it-IT\"},{\"@type\":\"WebPage\",\"@id\":\"https:\/\/progettotouring.it\/radiotouring104\/2024\/03\/01\/calabria-alecci-sul-riconoscimento-della-fibromialgia-come-malattia-invalidante\/\",\"url\":\"https:\/\/progettotouring.it\/radiotouring104\/2024\/03\/01\/calabria-alecci-sul-riconoscimento-della-fibromialgia-come-malattia-invalidante\/\",\"name\":\"Calabria: Alecci sul riconoscimento della fibromialgia come malattia invalidante - Radio Touring 104\",\"isPartOf\":{\"@id\":\"https:\/\/progettotouring.it\/radiotouring104\/#website\"},\"primaryImageOfPage\":{\"@id\":\"https:\/\/progettotouring.it\/radiotouring104\/2024\/03\/01\/calabria-alecci-sul-riconoscimento-della-fibromialgia-come-malattia-invalidante\/#primaryimage\"},\"image\":{\"@id\":\"https:\/\/progettotouring.it\/radiotouring104\/2024\/03\/01\/calabria-alecci-sul-riconoscimento-della-fibromialgia-come-malattia-invalidante\/#primaryimage\"},\"thumbnailUrl\":\"https:\/\/progettotouring.it\/radiotouring104\/wp-content\/uploads\/sites\/6\/2023\/10\/ernesto-alecci.jpg\",\"datePublished\":\"2024-03-01T13:44:34+00:00\",\"dateModified\":\"2024-03-01T14:18:51+00:00\",\"description\":\"Il consigliere Alecci ha scritto una nota sul riconoscimento da parte della Camera della fibromialgia come malattia invalidante.\",\"breadcrumb\":{\"@id\":\"https:\/\/progettotouring.it\/radiotouring104\/2024\/03\/01\/calabria-alecci-sul-riconoscimento-della-fibromialgia-come-malattia-invalidante\/#breadcrumb\"},\"inLanguage\":\"it-IT\",\"potentialAction\":[{\"@type\":\"ReadAction\",\"target\":[\"https:\/\/progettotouring.it\/radiotouring104\/2024\/03\/01\/calabria-alecci-sul-riconoscimento-della-fibromialgia-come-malattia-invalidante\/\"]}]},{\"@type\":\"ImageObject\",\"inLanguage\":\"it-IT\",\"@id\":\"https:\/\/progettotouring.it\/radiotouring104\/2024\/03\/01\/calabria-alecci-sul-riconoscimento-della-fibromialgia-come-malattia-invalidante\/#primaryimage\",\"url\":\"https:\/\/progettotouring.it\/radiotouring104\/wp-content\/uploads\/sites\/6\/2023\/10\/ernesto-alecci.jpg\",\"contentUrl\":\"https:\/\/progettotouring.it\/radiotouring104\/wp-content\/uploads\/sites\/6\/2023\/10\/ernesto-alecci.jpg\",\"width\":1319,\"height\":1600},{\"@type\":\"BreadcrumbList\",\"@id\":\"https:\/\/progettotouring.it\/radiotouring104\/2024\/03\/01\/calabria-alecci-sul-riconoscimento-della-fibromialgia-come-malattia-invalidante\/#breadcrumb\",\"itemListElement\":[{\"@type\":\"ListItem\",\"position\":1,\"name\":\"Home\",\"item\":\"https:\/\/progettotouring.it\/radiotouring104\/\"},{\"@type\":\"ListItem\",\"position\":2,\"name\":\"Calabria: Alecci sul riconoscimento della fibromialgia come malattia invalidante\"}]},{\"@type\":\"WebSite\",\"@id\":\"https:\/\/progettotouring.it\/radiotouring104\/#website\",\"url\":\"https:\/\/progettotouring.it\/radiotouring104\/\",\"name\":\"Radio Touring 104\",\"description\":\"La prima radio Reggina\",\"publisher\":{\"@id\":\"https:\/\/progettotouring.it\/radiotouring104\/#organization\"},\"potentialAction\":[{\"@type\":\"SearchAction\",\"target\":{\"@type\":\"EntryPoint\",\"urlTemplate\":\"https:\/\/progettotouring.it\/radiotouring104\/?s={search_term_string}\"},\"query-input\":{\"@type\":\"PropertyValueSpecification\",\"valueRequired\":true,\"valueName\":\"search_term_string\"}}],\"inLanguage\":\"it-IT\"},{\"@type\":\"Organization\",\"@id\":\"https:\/\/progettotouring.it\/radiotouring104\/#organization\",\"name\":\"Radio Touring 104\",\"url\":\"https:\/\/progettotouring.it\/radiotouring104\/\",\"logo\":{\"@type\":\"ImageObject\",\"inLanguage\":\"it-IT\",\"@id\":\"https:\/\/progettotouring.it\/radiotouring104\/#\/schema\/logo\/image\/\",\"url\":\"https:\/\/progettotouring.it\/radiotouring104\/wp-content\/uploads\/sites\/6\/2022\/02\/cropped-logo-radio-touring-104.png\",\"contentUrl\":\"https:\/\/progettotouring.it\/radiotouring104\/wp-content\/uploads\/sites\/6\/2022\/02\/cropped-logo-radio-touring-104.png\",\"width\":377,\"height\":182,\"caption\":\"Radio Touring 104\"},\"image\":{\"@id\":\"https:\/\/progettotouring.it\/radiotouring104\/#\/schema\/logo\/image\/\"}},{\"@type\":\"Person\",\"@id\":\"https:\/\/progettotouring.it\/radiotouring104\/#\/schema\/person\/4a82259ca52ac8702ad1a8f9e5a3120b\",\"name\":\"Filippo Francesco Idone\",\"image\":{\"@type\":\"ImageObject\",\"inLanguage\":\"it-IT\",\"@id\":\"https:\/\/secure.gravatar.com\/avatar\/7268715d2366395c3dd314385670e6484117d44f5c442e61e230f7008b7b62d3?s=96&d=mm&r=g\",\"url\":\"https:\/\/secure.gravatar.com\/avatar\/7268715d2366395c3dd314385670e6484117d44f5c442e61e230f7008b7b62d3?s=96&d=mm&r=g\",\"contentUrl\":\"https:\/\/secure.gravatar.com\/avatar\/7268715d2366395c3dd314385670e6484117d44f5c442e61e230f7008b7b62d3?s=96&d=mm&r=g\",\"caption\":\"Filippo Francesco Idone\"},\"url\":\"https:\/\/progettotouring.it\/radiotouring104\/author\/filippoidone\/\"}]}<\/script>\n<!-- \/ Yoast SEO plugin. -->","yoast_head_json":{"title":"Calabria: Alecci sul riconoscimento della fibromialgia come malattia invalidante - Radio Touring 104","description":"Il consigliere Alecci ha scritto una nota sul riconoscimento da parte della Camera della fibromialgia come malattia invalidante.","robots":{"index":"index","follow":"follow","max-snippet":"max-snippet:-1","max-image-preview":"max-image-preview:large","max-video-preview":"max-video-preview:-1"},"canonical":"https:\/\/progettotouring.it\/radiotouring104\/2024\/03\/01\/calabria-alecci-sul-riconoscimento-della-fibromialgia-come-malattia-invalidante\/","og_locale":"it_IT","og_type":"article","og_title":"Calabria: Alecci sul riconoscimento della fibromialgia come malattia invalidante - Radio Touring 104","og_description":"Il consigliere Alecci ha scritto una nota sul riconoscimento da parte della Camera della fibromialgia come malattia invalidante.","og_url":"https:\/\/progettotouring.it\/radiotouring104\/2024\/03\/01\/calabria-alecci-sul-riconoscimento-della-fibromialgia-come-malattia-invalidante\/","og_site_name":"Radio Touring 104","article_published_time":"2024-03-01T13:44:34+00:00","article_modified_time":"2024-03-01T14:18:51+00:00","og_image":[{"width":1319,"height":1600,"url":"https:\/\/progettotouring.it\/radiotouring104\/wp-content\/uploads\/sites\/6\/2023\/10\/ernesto-alecci.jpg","type":"image\/jpeg"}],"author":"Filippo Francesco Idone","twitter_card":"summary_large_image","twitter_misc":{"Scritto da":"Filippo Francesco Idone","Tempo di lettura stimato":"1 minuto"},"schema":{"@context":"https:\/\/schema.org","@graph":[{"@type":"Article","@id":"https:\/\/progettotouring.it\/radiotouring104\/2024\/03\/01\/calabria-alecci-sul-riconoscimento-della-fibromialgia-come-malattia-invalidante\/#article","isPartOf":{"@id":"https:\/\/progettotouring.it\/radiotouring104\/2024\/03\/01\/calabria-alecci-sul-riconoscimento-della-fibromialgia-come-malattia-invalidante\/"},"author":{"name":"Filippo Francesco Idone","@id":"https:\/\/progettotouring.it\/radiotouring104\/#\/schema\/person\/4a82259ca52ac8702ad1a8f9e5a3120b"},"headline":"Calabria: Alecci sul riconoscimento della fibromialgia come malattia invalidante","datePublished":"2024-03-01T13:44:34+00:00","dateModified":"2024-03-01T14:18:51+00:00","mainEntityOfPage":{"@id":"https:\/\/progettotouring.it\/radiotouring104\/2024\/03\/01\/calabria-alecci-sul-riconoscimento-della-fibromialgia-come-malattia-invalidante\/"},"wordCount":271,"publisher":{"@id":"https:\/\/progettotouring.it\/radiotouring104\/#organization"},"image":{"@id":"https:\/\/progettotouring.it\/radiotouring104\/2024\/03\/01\/calabria-alecci-sul-riconoscimento-della-fibromialgia-come-malattia-invalidante\/#primaryimage"},"thumbnailUrl":"https:\/\/progettotouring.it\/radiotouring104\/wp-content\/uploads\/sites\/6\/2023\/10\/ernesto-alecci.jpg","keywords":["alecci","camera dei deputati","Fibromialgia","malattia"],"articleSection":["Calabria","Home","News"],"inLanguage":"it-IT"},{"@type":"WebPage","@id":"https:\/\/progettotouring.it\/radiotouring104\/2024\/03\/01\/calabria-alecci-sul-riconoscimento-della-fibromialgia-come-malattia-invalidante\/","url":"https:\/\/progettotouring.it\/radiotouring104\/2024\/03\/01\/calabria-alecci-sul-riconoscimento-della-fibromialgia-come-malattia-invalidante\/","name":"Calabria: Alecci sul riconoscimento della fibromialgia come malattia invalidante - Radio Touring 104","isPartOf":{"@id":"https:\/\/progettotouring.it\/radiotouring104\/#website"},"primaryImageOfPage":{"@id":"https:\/\/progettotouring.it\/radiotouring104\/2024\/03\/01\/calabria-alecci-sul-riconoscimento-della-fibromialgia-come-malattia-invalidante\/#primaryimage"},"image":{"@id":"https:\/\/progettotouring.it\/radiotouring104\/2024\/03\/01\/calabria-alecci-sul-riconoscimento-della-fibromialgia-come-malattia-invalidante\/#primaryimage"},"thumbnailUrl":"https:\/\/progettotouring.it\/radiotouring104\/wp-content\/uploads\/sites\/6\/2023\/10\/ernesto-alecci.jpg","datePublished":"2024-03-01T13:44:34+00:00","dateModified":"2024-03-01T14:18:51+00:00","description":"Il consigliere Alecci ha scritto una nota sul riconoscimento da parte della Camera della fibromialgia come malattia invalidante.","breadcrumb":{"@id":"https:\/\/progettotouring.it\/radiotouring104\/2024\/03\/01\/calabria-alecci-sul-riconoscimento-della-fibromialgia-come-malattia-invalidante\/#breadcrumb"},"inLanguage":"it-IT","potentialAction":[{"@type":"ReadAction","target":["https:\/\/progettotouring.it\/radiotouring104\/2024\/03\/01\/calabria-alecci-sul-riconoscimento-della-fibromialgia-come-malattia-invalidante\/"]}]},{"@type":"ImageObject","inLanguage":"it-IT","@id":"https:\/\/progettotouring.it\/radiotouring104\/2024\/03\/01\/calabria-alecci-sul-riconoscimento-della-fibromialgia-come-malattia-invalidante\/#primaryimage","url":"https:\/\/progettotouring.it\/radiotouring104\/wp-content\/uploads\/sites\/6\/2023\/10\/ernesto-alecci.jpg","contentUrl":"https:\/\/progettotouring.it\/radiotouring104\/wp-content\/uploads\/sites\/6\/2023\/10\/ernesto-alecci.jpg","width":1319,"height":1600},{"@type":"BreadcrumbList","@id":"https:\/\/progettotouring.it\/radiotouring104\/2024\/03\/01\/calabria-alecci-sul-riconoscimento-della-fibromialgia-come-malattia-invalidante\/#breadcrumb","itemListElement":[{"@type":"ListItem","position":1,"name":"Home","item":"https:\/\/progettotouring.it\/radiotouring104\/"},{"@type":"ListItem","position":2,"name":"Calabria: Alecci sul riconoscimento della fibromialgia come malattia invalidante"}]},{"@type":"WebSite","@id":"https:\/\/progettotouring.it\/radiotouring104\/#website","url":"https:\/\/progettotouring.it\/radiotouring104\/","name":"Radio Touring 104","description":"La prima radio Reggina","publisher":{"@id":"https:\/\/progettotouring.it\/radiotouring104\/#organization"},"potentialAction":[{"@type":"SearchAction","target":{"@type":"EntryPoint","urlTemplate":"https:\/\/progettotouring.it\/radiotouring104\/?s={search_term_string}"},"query-input":{"@type":"PropertyValueSpecification","valueRequired":true,"valueName":"search_term_string"}}],"inLanguage":"it-IT"},{"@type":"Organization","@id":"https:\/\/progettotouring.it\/radiotouring104\/#organization","name":"Radio Touring 104","url":"https:\/\/progettotouring.it\/radiotouring104\/","logo":{"@type":"ImageObject","inLanguage":"it-IT","@id":"https:\/\/progettotouring.it\/radiotouring104\/#\/schema\/logo\/image\/","url":"https:\/\/progettotouring.it\/radiotouring104\/wp-content\/uploads\/sites\/6\/2022\/02\/cropped-logo-radio-touring-104.png","contentUrl":"https:\/\/progettotouring.it\/radiotouring104\/wp-content\/uploads\/sites\/6\/2022\/02\/cropped-logo-radio-touring-104.png","width":377,"height":182,"caption":"Radio Touring 104"},"image":{"@id":"https:\/\/progettotouring.it\/radiotouring104\/#\/schema\/logo\/image\/"}},{"@type":"Person","@id":"https:\/\/progettotouring.it\/radiotouring104\/#\/schema\/person\/4a82259ca52ac8702ad1a8f9e5a3120b","name":"Filippo Francesco Idone","image":{"@type":"ImageObject","inLanguage":"it-IT","@id":"https:\/\/secure.gravatar.com\/avatar\/7268715d2366395c3dd314385670e6484117d44f5c442e61e230f7008b7b62d3?s=96&d=mm&r=g","url":"https:\/\/secure.gravatar.com\/avatar\/7268715d2366395c3dd314385670e6484117d44f5c442e61e230f7008b7b62d3?s=96&d=mm&r=g","contentUrl":"https:\/\/secure.gravatar.com\/avatar\/7268715d2366395c3dd314385670e6484117d44f5c442e61e230f7008b7b62d3?s=96&d=mm&r=g","caption":"Filippo Francesco Idone"},"url":"https:\/\/progettotouring.it\/radiotouring104\/author\/filippoidone\/"}]}},"jetpack_publicize_connections":[],"jetpack_featured_media_url":"https:\/\/progettotouring.it\/radiotouring104\/wp-content\/uploads\/sites\/6\/2023\/10\/ernesto-alecci.jpg","jetpack_sharing_enabled":true,"_links":{"self":[{"href":"https:\/\/progettotouring.it\/radiotouring104\/wp-json\/wp\/v2\/posts\/46083","targetHints":{"allow":["GET"]}}],"collection":[{"href":"https:\/\/progettotouring.it\/radiotouring104\/wp-json\/wp\/v2\/posts"}],"about":[{"href":"https:\/\/progettotouring.it\/radiotouring104\/wp-json\/wp\/v2\/types\/post"}],"author":[{"embeddable":true,"href":"https:\/\/progettotouring.it\/radiotouring104\/wp-json\/wp\/v2\/users\/8"}],"replies":[{"embeddable":true,"href":"https:\/\/progettotouring.it\/radiotouring104\/wp-json\/wp\/v2\/comments?post=46083"}],"version-history":[{"count":1,"href":"https:\/\/progettotouring.it\/radiotouring104\/wp-json\/wp\/v2\/posts\/46083\/revisions"}],"predecessor-version":[{"id":46084,"href":"https:\/\/progettotouring.it\/radiotouring104\/wp-json\/wp\/v2\/posts\/46083\/revisions\/46084"}],"wp:featuredmedia":[{"embeddable":true,"href":"https:\/\/progettotouring.it\/radiotouring104\/wp-json\/wp\/v2\/media\/37484"}],"wp:attachment":[{"href":"https:\/\/progettotouring.it\/radiotouring104\/wp-json\/wp\/v2\/media?parent=46083"}],"wp:term":[{"taxonomy":"category","embeddable":true,"href":"https:\/\/progettotouring.it\/radiotouring104\/wp-json\/wp\/v2\/categories?post=46083"},{"taxonomy":"post_tag","embeddable":true,"href":"https:\/\/progettotouring.it\/radiotouring104\/wp-json\/wp\/v2\/tags?post=46083"}],"curies":[{"name":"wp","href":"https:\/\/api.w.org\/{rel}","templated":true}]}}