{"id":46142,"date":"2024-03-02T10:19:15","date_gmt":"2024-03-02T09:19:15","guid":{"rendered":"https:\/\/progettotouring.it\/radiotouring104\/?p=46142"},"modified":"2024-03-02T10:19:15","modified_gmt":"2024-03-02T09:19:15","slug":"myenergy-reggio-calabria-il-gm-vita-li-ho-visti-motivati-e-concentrati-verso-la-seconda-fase","status":"publish","type":"post","link":"https:\/\/progettotouring.it\/radiotouring104\/2024\/03\/02\/myenergy-reggio-calabria-il-gm-vita-li-ho-visti-motivati-e-concentrati-verso-la-seconda-fase\/","title":{"rendered":"Myenergy Reggio Calabria, il GM Vita: &#8220;Li ho visti motivati e concentrati verso la seconda fase&#8221;"},"content":{"rendered":"<p style=\"text-align: justify\">Il General Manager della <strong>Myenergy Reggio Calabria, Fortunato Vita<\/strong> ritorna a parlare, per fare il punto e dare la carica giusta al team neroarancio in vista dell\u2019imminente inizio della seconda fase.<strong> Il Gm reggino<\/strong> \u00e8 stato ospite del format televisivo Momenti neroarancio, in onda sulla Tv ufficiale del Club, Videotouring. Ecco le sue impressioni: <em>\u201cLo spirito \u00e8 quello giusto. <strong>L\u2019ho notato sin dalla ripresa degli allenamenti<\/strong>. Li ho visti motivati e concentrati verso la seconda fase. A mio avviso, hanno smaltito a pieno le tossine dell\u2019ultima parte di regular season e sono carichi per far bene. Tutta la societ\u00e0 \u00e8 sulla stessa lunghezza d\u2019onda. Non abbiamo la presunzione di ambire ad una promozione ma, sicuramente ce la vogliamo giocare fino in fondo. Non \u00e8 una cosa di poco conto: ci sarebbe stata la possibilit\u00e0 di integrare altre pedine in sede di mercato. Non lo abbiamo fatto perch\u00e9 crediamo in questo gruppo, crediamo nei nostri giovani, nel nostro allenatore. Vogliamo costruire qualcosa di solido per iniziare a programmare gi\u00e0 da subito. <strong>Abbiamo dato un po&#8217; di riposo ai ragazzi per resettare e ripartire con la giusta mentalit\u00e0.<\/strong> La fase \u00e8 contorta ma intrigante. E\u2019 la prima volta che verr\u00e0 proposta e vedremo cosa accadr\u00e0. Sar\u00e0 bello confrontarsi con nuove realt\u00e0 e scoprire nuove avversarie. Partire in trasferta non sar\u00e0 facile ma c\u2019\u00e8 grande ambizione. L\u2019auspicio \u00e8 vedere la squadra vista fino alla fine del 2023. Siamo carichi\u201d<\/em><\/p>\n<p><strong>Si aspetta grande risposta da parte del pubblico?<\/strong><\/p>\n<p style=\"text-align: justify\"><em>\u201cS\u00ec, ci attendiamo conferme e risposte migliorative rispetto a quanto visto finora. L\u2019iniziativa della Gold Card ha un prezzo irrisorio. Sono sicuro che ci sar\u00e0 un\u2019ottima risposta. Stanno arrivando tante risposte sia dalla citt\u00e0 che dalla provincia, dal Vibonese e dalla Costa ionica soprattutto. Ce la stiamo mettendo tutta e vogliamo iniziare con il piede giusto a <strong>Molfetta<\/strong>.\u201d<\/em><\/p>\n","protected":false},"excerpt":{"rendered":"<p>Il General Manager della Myenergy Reggio Calabria, Fortunato Vita ritorna a parlare, per fare il punto e dare la carica giusta al team neroarancio in vista dell\u2019imminente inizio della seconda&hellip;<\/p>\n","protected":false},"author":8,"featured_media":44624,"comment_status":"closed","ping_status":"open","sticky":false,"template":"","format":"standard","meta":{"_jetpack_memberships_contains_paid_content":false,"footnotes":"","jetpack_publicize_message":"","jetpack_publicize_feature_enabled":true,"jetpack_social_post_already_shared":false,"jetpack_social_options":{"image_generator_settings":{"template":"highway","default_image_id":0,"font":"","enabled":false},"version":2}},"categories":[196,140,144],"tags":[26206,2663,25560],"class_list":["post-46142","post","type-post","status-publish","format-standard","has-post-thumbnail","hentry","category-news","category-reggio-calabria","category-sport","tag-fortunato-vita","tag-molfetta","tag-myenergy-reggio-calabria"],"yoast_head":"<!-- This site is optimized with the Yoast SEO plugin v27.2 - https:\/\/yoast.com\/product\/yoast-seo-wordpress\/ -->\n<title>Myenergy Reggio Calabria, il GM Vita: &quot;Li ho visti motivati e concentrati verso la seconda fase&quot; - Radio Touring 104<\/title>\n<meta name=\"description\" content=\"Il GM della Myenergy Reggio Calabria, Fortunato Vita, durante la trasmissione Momenti Neroarancio, ha parlato della fase Play-In-Gold\" \/>\n<meta name=\"robots\" content=\"index, follow, max-snippet:-1, max-image-preview:large, max-video-preview:-1\" \/>\n<link rel=\"canonical\" href=\"https:\/\/progettotouring.it\/radiotouring104\/2024\/03\/02\/myenergy-reggio-calabria-il-gm-vita-li-ho-visti-motivati-e-concentrati-verso-la-seconda-fase\/\" \/>\n<meta property=\"og:locale\" content=\"it_IT\" \/>\n<meta property=\"og:type\" content=\"article\" \/>\n<meta property=\"og:title\" content=\"Myenergy Reggio Calabria, il GM Vita: &quot;Li ho visti motivati e concentrati verso la seconda fase&quot; - Radio Touring 104\" \/>\n<meta property=\"og:description\" content=\"Il GM della Myenergy Reggio Calabria, Fortunato Vita, durante la trasmissione Momenti Neroarancio, ha parlato della fase Play-In-Gold\" \/>\n<meta property=\"og:url\" content=\"https:\/\/progettotouring.it\/radiotouring104\/2024\/03\/02\/myenergy-reggio-calabria-il-gm-vita-li-ho-visti-motivati-e-concentrati-verso-la-seconda-fase\/\" \/>\n<meta property=\"og:site_name\" content=\"Radio Touring 104\" \/>\n<meta property=\"article:published_time\" content=\"2024-03-02T09:19:15+00:00\" \/>\n<meta property=\"og:image\" content=\"https:\/\/progettotouring.it\/radiotouring104\/wp-content\/uploads\/sites\/6\/2024\/02\/Fortunato-Vita-Mynergy-Viola.png\" \/>\n\t<meta property=\"og:image:width\" content=\"300\" \/>\n\t<meta property=\"og:image:height\" content=\"209\" \/>\n\t<meta property=\"og:image:type\" content=\"image\/png\" \/>\n<meta name=\"author\" content=\"Filippo Francesco Idone\" \/>\n<meta name=\"twitter:card\" content=\"summary_large_image\" \/>\n<meta name=\"twitter:label1\" content=\"Scritto da\" \/>\n\t<meta name=\"twitter:data1\" content=\"Filippo Francesco Idone\" \/>\n\t<meta name=\"twitter:label2\" content=\"Tempo di lettura stimato\" \/>\n\t<meta name=\"twitter:data2\" content=\"2 minuti\" \/>\n<script type=\"application\/ld+json\" class=\"yoast-schema-graph\">{\"@context\":\"https:\/\/schema.org\",\"@graph\":[{\"@type\":\"Article\",\"@id\":\"https:\/\/progettotouring.it\/radiotouring104\/2024\/03\/02\/myenergy-reggio-calabria-il-gm-vita-li-ho-visti-motivati-e-concentrati-verso-la-seconda-fase\/#article\",\"isPartOf\":{\"@id\":\"https:\/\/progettotouring.it\/radiotouring104\/2024\/03\/02\/myenergy-reggio-calabria-il-gm-vita-li-ho-visti-motivati-e-concentrati-verso-la-seconda-fase\/\"},\"author\":{\"name\":\"Filippo Francesco Idone\",\"@id\":\"https:\/\/progettotouring.it\/radiotouring104\/#\/schema\/person\/4a82259ca52ac8702ad1a8f9e5a3120b\"},\"headline\":\"Myenergy Reggio Calabria, il GM Vita: &#8220;Li ho visti motivati e concentrati verso la seconda fase&#8221;\",\"datePublished\":\"2024-03-02T09:19:15+00:00\",\"mainEntityOfPage\":{\"@id\":\"https:\/\/progettotouring.it\/radiotouring104\/2024\/03\/02\/myenergy-reggio-calabria-il-gm-vita-li-ho-visti-motivati-e-concentrati-verso-la-seconda-fase\/\"},\"wordCount\":318,\"publisher\":{\"@id\":\"https:\/\/progettotouring.it\/radiotouring104\/#organization\"},\"image\":{\"@id\":\"https:\/\/progettotouring.it\/radiotouring104\/2024\/03\/02\/myenergy-reggio-calabria-il-gm-vita-li-ho-visti-motivati-e-concentrati-verso-la-seconda-fase\/#primaryimage\"},\"thumbnailUrl\":\"https:\/\/progettotouring.it\/radiotouring104\/wp-content\/uploads\/sites\/6\/2024\/02\/Fortunato-Vita-Mynergy-Viola.png\",\"keywords\":[\"Fortunato VIta\",\"molfetta\",\"Myenergy Reggio Calabria\"],\"articleSection\":[\"News\",\"Reggio Calabria\",\"Sport\"],\"inLanguage\":\"it-IT\"},{\"@type\":\"WebPage\",\"@id\":\"https:\/\/progettotouring.it\/radiotouring104\/2024\/03\/02\/myenergy-reggio-calabria-il-gm-vita-li-ho-visti-motivati-e-concentrati-verso-la-seconda-fase\/\",\"url\":\"https:\/\/progettotouring.it\/radiotouring104\/2024\/03\/02\/myenergy-reggio-calabria-il-gm-vita-li-ho-visti-motivati-e-concentrati-verso-la-seconda-fase\/\",\"name\":\"Myenergy Reggio Calabria, il GM Vita: \\\"Li ho visti motivati e concentrati verso la seconda fase\\\" - Radio Touring 104\",\"isPartOf\":{\"@id\":\"https:\/\/progettotouring.it\/radiotouring104\/#website\"},\"primaryImageOfPage\":{\"@id\":\"https:\/\/progettotouring.it\/radiotouring104\/2024\/03\/02\/myenergy-reggio-calabria-il-gm-vita-li-ho-visti-motivati-e-concentrati-verso-la-seconda-fase\/#primaryimage\"},\"image\":{\"@id\":\"https:\/\/progettotouring.it\/radiotouring104\/2024\/03\/02\/myenergy-reggio-calabria-il-gm-vita-li-ho-visti-motivati-e-concentrati-verso-la-seconda-fase\/#primaryimage\"},\"thumbnailUrl\":\"https:\/\/progettotouring.it\/radiotouring104\/wp-content\/uploads\/sites\/6\/2024\/02\/Fortunato-Vita-Mynergy-Viola.png\",\"datePublished\":\"2024-03-02T09:19:15+00:00\",\"description\":\"Il GM della Myenergy Reggio Calabria, Fortunato Vita, durante la trasmissione Momenti Neroarancio, ha parlato della fase Play-In-Gold\",\"breadcrumb\":{\"@id\":\"https:\/\/progettotouring.it\/radiotouring104\/2024\/03\/02\/myenergy-reggio-calabria-il-gm-vita-li-ho-visti-motivati-e-concentrati-verso-la-seconda-fase\/#breadcrumb\"},\"inLanguage\":\"it-IT\",\"potentialAction\":[{\"@type\":\"ReadAction\",\"target\":[\"https:\/\/progettotouring.it\/radiotouring104\/2024\/03\/02\/myenergy-reggio-calabria-il-gm-vita-li-ho-visti-motivati-e-concentrati-verso-la-seconda-fase\/\"]}]},{\"@type\":\"ImageObject\",\"inLanguage\":\"it-IT\",\"@id\":\"https:\/\/progettotouring.it\/radiotouring104\/2024\/03\/02\/myenergy-reggio-calabria-il-gm-vita-li-ho-visti-motivati-e-concentrati-verso-la-seconda-fase\/#primaryimage\",\"url\":\"https:\/\/progettotouring.it\/radiotouring104\/wp-content\/uploads\/sites\/6\/2024\/02\/Fortunato-Vita-Mynergy-Viola.png\",\"contentUrl\":\"https:\/\/progettotouring.it\/radiotouring104\/wp-content\/uploads\/sites\/6\/2024\/02\/Fortunato-Vita-Mynergy-Viola.png\",\"width\":300,\"height\":209},{\"@type\":\"BreadcrumbList\",\"@id\":\"https:\/\/progettotouring.it\/radiotouring104\/2024\/03\/02\/myenergy-reggio-calabria-il-gm-vita-li-ho-visti-motivati-e-concentrati-verso-la-seconda-fase\/#breadcrumb\",\"itemListElement\":[{\"@type\":\"ListItem\",\"position\":1,\"name\":\"Home\",\"item\":\"https:\/\/progettotouring.it\/radiotouring104\/\"},{\"@type\":\"ListItem\",\"position\":2,\"name\":\"Myenergy Reggio Calabria, il GM Vita: &#8220;Li ho visti motivati e concentrati verso la seconda fase&#8221;\"}]},{\"@type\":\"WebSite\",\"@id\":\"https:\/\/progettotouring.it\/radiotouring104\/#website\",\"url\":\"https:\/\/progettotouring.it\/radiotouring104\/\",\"name\":\"Radio Touring 104\",\"description\":\"La prima radio Reggina\",\"publisher\":{\"@id\":\"https:\/\/progettotouring.it\/radiotouring104\/#organization\"},\"potentialAction\":[{\"@type\":\"SearchAction\",\"target\":{\"@type\":\"EntryPoint\",\"urlTemplate\":\"https:\/\/progettotouring.it\/radiotouring104\/?s={search_term_string}\"},\"query-input\":{\"@type\":\"PropertyValueSpecification\",\"valueRequired\":true,\"valueName\":\"search_term_string\"}}],\"inLanguage\":\"it-IT\"},{\"@type\":\"Organization\",\"@id\":\"https:\/\/progettotouring.it\/radiotouring104\/#organization\",\"name\":\"Radio Touring 104\",\"url\":\"https:\/\/progettotouring.it\/radiotouring104\/\",\"logo\":{\"@type\":\"ImageObject\",\"inLanguage\":\"it-IT\",\"@id\":\"https:\/\/progettotouring.it\/radiotouring104\/#\/schema\/logo\/image\/\",\"url\":\"https:\/\/progettotouring.it\/radiotouring104\/wp-content\/uploads\/sites\/6\/2022\/02\/cropped-logo-radio-touring-104.png\",\"contentUrl\":\"https:\/\/progettotouring.it\/radiotouring104\/wp-content\/uploads\/sites\/6\/2022\/02\/cropped-logo-radio-touring-104.png\",\"width\":377,\"height\":182,\"caption\":\"Radio Touring 104\"},\"image\":{\"@id\":\"https:\/\/progettotouring.it\/radiotouring104\/#\/schema\/logo\/image\/\"}},{\"@type\":\"Person\",\"@id\":\"https:\/\/progettotouring.it\/radiotouring104\/#\/schema\/person\/4a82259ca52ac8702ad1a8f9e5a3120b\",\"name\":\"Filippo Francesco Idone\",\"image\":{\"@type\":\"ImageObject\",\"inLanguage\":\"it-IT\",\"@id\":\"https:\/\/secure.gravatar.com\/avatar\/7268715d2366395c3dd314385670e6484117d44f5c442e61e230f7008b7b62d3?s=96&d=mm&r=g\",\"url\":\"https:\/\/secure.gravatar.com\/avatar\/7268715d2366395c3dd314385670e6484117d44f5c442e61e230f7008b7b62d3?s=96&d=mm&r=g\",\"contentUrl\":\"https:\/\/secure.gravatar.com\/avatar\/7268715d2366395c3dd314385670e6484117d44f5c442e61e230f7008b7b62d3?s=96&d=mm&r=g\",\"caption\":\"Filippo Francesco Idone\"},\"url\":\"https:\/\/progettotouring.it\/radiotouring104\/author\/filippoidone\/\"}]}<\/script>\n<!-- \/ Yoast SEO plugin. -->","yoast_head_json":{"title":"Myenergy Reggio Calabria, il GM Vita: \"Li ho visti motivati e concentrati verso la seconda fase\" - Radio Touring 104","description":"Il GM della Myenergy Reggio Calabria, Fortunato Vita, durante la trasmissione Momenti Neroarancio, ha parlato della fase Play-In-Gold","robots":{"index":"index","follow":"follow","max-snippet":"max-snippet:-1","max-image-preview":"max-image-preview:large","max-video-preview":"max-video-preview:-1"},"canonical":"https:\/\/progettotouring.it\/radiotouring104\/2024\/03\/02\/myenergy-reggio-calabria-il-gm-vita-li-ho-visti-motivati-e-concentrati-verso-la-seconda-fase\/","og_locale":"it_IT","og_type":"article","og_title":"Myenergy Reggio Calabria, il GM Vita: \"Li ho visti motivati e concentrati verso la seconda fase\" - Radio Touring 104","og_description":"Il GM della Myenergy Reggio Calabria, Fortunato Vita, durante la trasmissione Momenti Neroarancio, ha parlato della fase Play-In-Gold","og_url":"https:\/\/progettotouring.it\/radiotouring104\/2024\/03\/02\/myenergy-reggio-calabria-il-gm-vita-li-ho-visti-motivati-e-concentrati-verso-la-seconda-fase\/","og_site_name":"Radio Touring 104","article_published_time":"2024-03-02T09:19:15+00:00","og_image":[{"width":300,"height":209,"url":"https:\/\/progettotouring.it\/radiotouring104\/wp-content\/uploads\/sites\/6\/2024\/02\/Fortunato-Vita-Mynergy-Viola.png","type":"image\/png"}],"author":"Filippo Francesco Idone","twitter_card":"summary_large_image","twitter_misc":{"Scritto da":"Filippo Francesco Idone","Tempo di lettura stimato":"2 minuti"},"schema":{"@context":"https:\/\/schema.org","@graph":[{"@type":"Article","@id":"https:\/\/progettotouring.it\/radiotouring104\/2024\/03\/02\/myenergy-reggio-calabria-il-gm-vita-li-ho-visti-motivati-e-concentrati-verso-la-seconda-fase\/#article","isPartOf":{"@id":"https:\/\/progettotouring.it\/radiotouring104\/2024\/03\/02\/myenergy-reggio-calabria-il-gm-vita-li-ho-visti-motivati-e-concentrati-verso-la-seconda-fase\/"},"author":{"name":"Filippo Francesco Idone","@id":"https:\/\/progettotouring.it\/radiotouring104\/#\/schema\/person\/4a82259ca52ac8702ad1a8f9e5a3120b"},"headline":"Myenergy Reggio Calabria, il GM Vita: &#8220;Li ho visti motivati e concentrati verso la seconda fase&#8221;","datePublished":"2024-03-02T09:19:15+00:00","mainEntityOfPage":{"@id":"https:\/\/progettotouring.it\/radiotouring104\/2024\/03\/02\/myenergy-reggio-calabria-il-gm-vita-li-ho-visti-motivati-e-concentrati-verso-la-seconda-fase\/"},"wordCount":318,"publisher":{"@id":"https:\/\/progettotouring.it\/radiotouring104\/#organization"},"image":{"@id":"https:\/\/progettotouring.it\/radiotouring104\/2024\/03\/02\/myenergy-reggio-calabria-il-gm-vita-li-ho-visti-motivati-e-concentrati-verso-la-seconda-fase\/#primaryimage"},"thumbnailUrl":"https:\/\/progettotouring.it\/radiotouring104\/wp-content\/uploads\/sites\/6\/2024\/02\/Fortunato-Vita-Mynergy-Viola.png","keywords":["Fortunato VIta","molfetta","Myenergy Reggio Calabria"],"articleSection":["News","Reggio Calabria","Sport"],"inLanguage":"it-IT"},{"@type":"WebPage","@id":"https:\/\/progettotouring.it\/radiotouring104\/2024\/03\/02\/myenergy-reggio-calabria-il-gm-vita-li-ho-visti-motivati-e-concentrati-verso-la-seconda-fase\/","url":"https:\/\/progettotouring.it\/radiotouring104\/2024\/03\/02\/myenergy-reggio-calabria-il-gm-vita-li-ho-visti-motivati-e-concentrati-verso-la-seconda-fase\/","name":"Myenergy Reggio Calabria, il GM Vita: \"Li ho visti motivati e concentrati verso la seconda fase\" - Radio Touring 104","isPartOf":{"@id":"https:\/\/progettotouring.it\/radiotouring104\/#website"},"primaryImageOfPage":{"@id":"https:\/\/progettotouring.it\/radiotouring104\/2024\/03\/02\/myenergy-reggio-calabria-il-gm-vita-li-ho-visti-motivati-e-concentrati-verso-la-seconda-fase\/#primaryimage"},"image":{"@id":"https:\/\/progettotouring.it\/radiotouring104\/2024\/03\/02\/myenergy-reggio-calabria-il-gm-vita-li-ho-visti-motivati-e-concentrati-verso-la-seconda-fase\/#primaryimage"},"thumbnailUrl":"https:\/\/progettotouring.it\/radiotouring104\/wp-content\/uploads\/sites\/6\/2024\/02\/Fortunato-Vita-Mynergy-Viola.png","datePublished":"2024-03-02T09:19:15+00:00","description":"Il GM della Myenergy Reggio Calabria, Fortunato Vita, durante la trasmissione Momenti Neroarancio, ha parlato della fase Play-In-Gold","breadcrumb":{"@id":"https:\/\/progettotouring.it\/radiotouring104\/2024\/03\/02\/myenergy-reggio-calabria-il-gm-vita-li-ho-visti-motivati-e-concentrati-verso-la-seconda-fase\/#breadcrumb"},"inLanguage":"it-IT","potentialAction":[{"@type":"ReadAction","target":["https:\/\/progettotouring.it\/radiotouring104\/2024\/03\/02\/myenergy-reggio-calabria-il-gm-vita-li-ho-visti-motivati-e-concentrati-verso-la-seconda-fase\/"]}]},{"@type":"ImageObject","inLanguage":"it-IT","@id":"https:\/\/progettotouring.it\/radiotouring104\/2024\/03\/02\/myenergy-reggio-calabria-il-gm-vita-li-ho-visti-motivati-e-concentrati-verso-la-seconda-fase\/#primaryimage","url":"https:\/\/progettotouring.it\/radiotouring104\/wp-content\/uploads\/sites\/6\/2024\/02\/Fortunato-Vita-Mynergy-Viola.png","contentUrl":"https:\/\/progettotouring.it\/radiotouring104\/wp-content\/uploads\/sites\/6\/2024\/02\/Fortunato-Vita-Mynergy-Viola.png","width":300,"height":209},{"@type":"BreadcrumbList","@id":"https:\/\/progettotouring.it\/radiotouring104\/2024\/03\/02\/myenergy-reggio-calabria-il-gm-vita-li-ho-visti-motivati-e-concentrati-verso-la-seconda-fase\/#breadcrumb","itemListElement":[{"@type":"ListItem","position":1,"name":"Home","item":"https:\/\/progettotouring.it\/radiotouring104\/"},{"@type":"ListItem","position":2,"name":"Myenergy Reggio Calabria, il GM Vita: &#8220;Li ho visti motivati e concentrati verso la seconda fase&#8221;"}]},{"@type":"WebSite","@id":"https:\/\/progettotouring.it\/radiotouring104\/#website","url":"https:\/\/progettotouring.it\/radiotouring104\/","name":"Radio Touring 104","description":"La prima radio Reggina","publisher":{"@id":"https:\/\/progettotouring.it\/radiotouring104\/#organization"},"potentialAction":[{"@type":"SearchAction","target":{"@type":"EntryPoint","urlTemplate":"https:\/\/progettotouring.it\/radiotouring104\/?s={search_term_string}"},"query-input":{"@type":"PropertyValueSpecification","valueRequired":true,"valueName":"search_term_string"}}],"inLanguage":"it-IT"},{"@type":"Organization","@id":"https:\/\/progettotouring.it\/radiotouring104\/#organization","name":"Radio Touring 104","url":"https:\/\/progettotouring.it\/radiotouring104\/","logo":{"@type":"ImageObject","inLanguage":"it-IT","@id":"https:\/\/progettotouring.it\/radiotouring104\/#\/schema\/logo\/image\/","url":"https:\/\/progettotouring.it\/radiotouring104\/wp-content\/uploads\/sites\/6\/2022\/02\/cropped-logo-radio-touring-104.png","contentUrl":"https:\/\/progettotouring.it\/radiotouring104\/wp-content\/uploads\/sites\/6\/2022\/02\/cropped-logo-radio-touring-104.png","width":377,"height":182,"caption":"Radio Touring 104"},"image":{"@id":"https:\/\/progettotouring.it\/radiotouring104\/#\/schema\/logo\/image\/"}},{"@type":"Person","@id":"https:\/\/progettotouring.it\/radiotouring104\/#\/schema\/person\/4a82259ca52ac8702ad1a8f9e5a3120b","name":"Filippo Francesco Idone","image":{"@type":"ImageObject","inLanguage":"it-IT","@id":"https:\/\/secure.gravatar.com\/avatar\/7268715d2366395c3dd314385670e6484117d44f5c442e61e230f7008b7b62d3?s=96&d=mm&r=g","url":"https:\/\/secure.gravatar.com\/avatar\/7268715d2366395c3dd314385670e6484117d44f5c442e61e230f7008b7b62d3?s=96&d=mm&r=g","contentUrl":"https:\/\/secure.gravatar.com\/avatar\/7268715d2366395c3dd314385670e6484117d44f5c442e61e230f7008b7b62d3?s=96&d=mm&r=g","caption":"Filippo Francesco Idone"},"url":"https:\/\/progettotouring.it\/radiotouring104\/author\/filippoidone\/"}]}},"jetpack_publicize_connections":[],"jetpack_featured_media_url":"https:\/\/progettotouring.it\/radiotouring104\/wp-content\/uploads\/sites\/6\/2024\/02\/Fortunato-Vita-Mynergy-Viola.png","jetpack_sharing_enabled":true,"_links":{"self":[{"href":"https:\/\/progettotouring.it\/radiotouring104\/wp-json\/wp\/v2\/posts\/46142","targetHints":{"allow":["GET"]}}],"collection":[{"href":"https:\/\/progettotouring.it\/radiotouring104\/wp-json\/wp\/v2\/posts"}],"about":[{"href":"https:\/\/progettotouring.it\/radiotouring104\/wp-json\/wp\/v2\/types\/post"}],"author":[{"embeddable":true,"href":"https:\/\/progettotouring.it\/radiotouring104\/wp-json\/wp\/v2\/users\/8"}],"replies":[{"embeddable":true,"href":"https:\/\/progettotouring.it\/radiotouring104\/wp-json\/wp\/v2\/comments?post=46142"}],"version-history":[{"count":1,"href":"https:\/\/progettotouring.it\/radiotouring104\/wp-json\/wp\/v2\/posts\/46142\/revisions"}],"predecessor-version":[{"id":46143,"href":"https:\/\/progettotouring.it\/radiotouring104\/wp-json\/wp\/v2\/posts\/46142\/revisions\/46143"}],"wp:featuredmedia":[{"embeddable":true,"href":"https:\/\/progettotouring.it\/radiotouring104\/wp-json\/wp\/v2\/media\/44624"}],"wp:attachment":[{"href":"https:\/\/progettotouring.it\/radiotouring104\/wp-json\/wp\/v2\/media?parent=46142"}],"wp:term":[{"taxonomy":"category","embeddable":true,"href":"https:\/\/progettotouring.it\/radiotouring104\/wp-json\/wp\/v2\/categories?post=46142"},{"taxonomy":"post_tag","embeddable":true,"href":"https:\/\/progettotouring.it\/radiotouring104\/wp-json\/wp\/v2\/tags?post=46142"}],"curies":[{"name":"wp","href":"https:\/\/api.w.org\/{rel}","templated":true}]}}