{"id":46163,"date":"2024-03-02T12:12:23","date_gmt":"2024-03-02T11:12:23","guid":{"rendered":"https:\/\/progettotouring.it\/radiotouring104\/?p=46163"},"modified":"2024-03-02T12:12:23","modified_gmt":"2024-03-02T11:12:23","slug":"calabria-mancuso-raggiante-sosteniamo-badolato-candidato-alla-competizione-borgo-dei-borghi-2024","status":"publish","type":"post","link":"https:\/\/progettotouring.it\/radiotouring104\/2024\/03\/02\/calabria-mancuso-raggiante-sosteniamo-badolato-candidato-alla-competizione-borgo-dei-borghi-2024\/","title":{"rendered":"Calabria, Mancuso raggiante: &#8220;Sosteniamo Badolato candidato alla competizione \u2018Borgo dei Borghi 2024\u2019&#8221;"},"content":{"rendered":"<p style=\"text-align: justify\"><em>\u201c<strong>Sosteniamo Badolato<\/strong> candidato alla competizione <strong>\u2018Borgo dei Borghi 2024\u2019<\/strong> in rappresentanza della Calabria, nonch\u00e9 simbolo positivo dei nostri borghi che, se valorizzati, possono generare sviluppo, crescita sociale e diventare formidabili attrattori turistici. Siamo tutti compiaciuti che la<strong> Calabria, oltre a Badolato<\/strong>, abbia altri 15 borghi insigniti dalla prestigiosa bandiera de \u2018I borghi pi\u00f9 belli d\u2019Italia\u2019, il cui Festival nazionale si terr\u00e0 a Rocca Imperiale e ad Oriolo a settembre\u201d. <\/em>L\u2019ha detto il presidente del Consiglio regionale Filippo Mancuso, intervenendo a Badolato alla tavola rotonda: \u201c<em>La rete associativa dei <strong>Borghi pi\u00f9 Belli d&#8217;Italia<\/strong>: una risorsa di eccellenza per il turismo regionale&#8221;.<\/em><\/p>\n<p style=\"text-align: justify\">Ha aggiunto: <em>\u201cSi tratta di un evento che \u00e8 un&#8217;opportunit\u00e0 importante, per mettere in luce la bellezza e l&#8217;unicit\u00e0 dei nostri borghi, offrendo loro una vetrina internazionale per promuovere le loro attrazioni. <strong>Dal mare alla montagna, la Calabria \u00e8 puntellata di borghi dal fascino antico,<\/strong> paesini che purtroppo fronteggiano annosi problemi, come lo spopolamento e l\u2019assenza di servizi basilari, e che esigono dalle Istituzioni di ogni livello sostegni concreti, all\u2019interno di una pianificazione regionale poliennale di riscatto e rinascita\u201d.<\/em><\/p>\n<p style=\"text-align: justify\">Ha sottolineato Mancuso: <em>\u201c<strong>Occorre impegnarsi per salvaguardare il nostro patrimonio di cultura<\/strong> e natura e favorire il ripopolamento dei borghi con progetti innovativi. In questo senso, Badolato \u00e8 un esempio per tutti. Perch\u00e9 ha dimostrato, grazie anche ad un\u2019efficiente Amministrazione, di saper trasformare i problemi in risorsa e di essere stato in grado di passare da una condizione di \u2018paese in vendita\u2019, per via dello spopolamento, a una condizione di vantaggio. Si \u00e8 riusciti a trasformare le difficolt\u00e0, dovuta all\u2019arrivo di migliaia di migranti, in occasione di crescita, innescando un apprezzabile processo di visibilit\u00e0 da apprezzare e replicare\u201d.<\/em><\/p>\n<p style=\"text-align: justify\">Infine: <em><strong>\u201cIn Calabria dobbiamo ambire a creare un sistema turistico-culturale integrato,<\/strong> che coinvolga tutti i borghi pi\u00f9 belli della nostra regione. Per questo, sar\u00e0 vitale lavorare insieme per promuovere una rete sinergica, in cui ciascun borgo possa contribuire al successo degli altri, sfruttando al massimo le proprie peculiarit\u00e0 e offrendo agli ospiti un&#8217;esperienza unica e indimenticabile. Da presidente del <strong>Consiglio<\/strong>, rivolgo un ringraziamento a tutti coloro che hanno reso possibile il rafforzamento della reputazione del borgo nell\u2019immaginario collettivo. Sono convinto che la rete associativa dei <strong>\u2018Borghi pi\u00f9 Belli d&#8217;Italia\u2019<\/strong> rappresenti una risorsa per il turismo e che, attraverso un impegno comune e una visione condivisa, si possa avere una Calabria ospitale, accogliente, pronta a mettere a disposizione dell\u2019umanit\u00e0 il suo patrimonio ambientale, storico e architettonico, supportandolo con servizi pubblici efficaci ed efficienti\u201d.<\/em><\/p>\n","protected":false},"excerpt":{"rendered":"<p>\u201cSosteniamo Badolato candidato alla competizione \u2018Borgo dei Borghi 2024\u2019 in rappresentanza della Calabria, nonch\u00e9 simbolo positivo dei nostri borghi che, se valorizzati, possono generare sviluppo, crescita sociale e diventare formidabili&hellip;<\/p>\n","protected":false},"author":8,"featured_media":46164,"comment_status":"closed","ping_status":"open","sticky":false,"template":"","format":"standard","meta":{"_jetpack_memberships_contains_paid_content":false,"footnotes":"","jetpack_publicize_message":"","jetpack_publicize_feature_enabled":true,"jetpack_social_post_already_shared":false,"jetpack_social_options":{"image_generator_settings":{"template":"highway","default_image_id":0,"font":"","enabled":false},"version":2}},"categories":[921,196,195,140],"tags":[8481,586,594],"class_list":["post-46163","post","type-post","status-publish","format-standard","has-post-thumbnail","hentry","category-home","category-news","category-politica","category-reggio-calabria","tag-borghi-piu-belli-ditalia","tag-calabria","tag-filippo-mancuso"],"yoast_head":"<!-- This site is optimized with the Yoast SEO plugin v27.2 - https:\/\/yoast.com\/product\/yoast-seo-wordpress\/ -->\n<title>Calabria, Mancuso raggiante: &quot;Sosteniamo Badolato candidato alla competizione \u2018Borgo dei Borghi 2024\u2019&quot; - Radio Touring 104<\/title>\n<meta name=\"description\" content=\"Il presidente del Consiglio regionale, Mancuso, ha intenzione di sostenere la cittadina di Badolato candidata come \u2018Borgo dei Borghi 2024\u2019\" \/>\n<meta name=\"robots\" content=\"index, follow, max-snippet:-1, max-image-preview:large, max-video-preview:-1\" \/>\n<link rel=\"canonical\" href=\"https:\/\/progettotouring.it\/radiotouring104\/2024\/03\/02\/calabria-mancuso-raggiante-sosteniamo-badolato-candidato-alla-competizione-borgo-dei-borghi-2024\/\" \/>\n<meta property=\"og:locale\" content=\"it_IT\" \/>\n<meta property=\"og:type\" content=\"article\" \/>\n<meta property=\"og:title\" content=\"Calabria, Mancuso raggiante: &quot;Sosteniamo Badolato candidato alla competizione \u2018Borgo dei Borghi 2024\u2019&quot; - Radio Touring 104\" \/>\n<meta property=\"og:description\" content=\"Il presidente del Consiglio regionale, Mancuso, ha intenzione di sostenere la cittadina di Badolato candidata come \u2018Borgo dei Borghi 2024\u2019\" \/>\n<meta property=\"og:url\" content=\"https:\/\/progettotouring.it\/radiotouring104\/2024\/03\/02\/calabria-mancuso-raggiante-sosteniamo-badolato-candidato-alla-competizione-borgo-dei-borghi-2024\/\" \/>\n<meta property=\"og:site_name\" content=\"Radio Touring 104\" \/>\n<meta property=\"article:published_time\" content=\"2024-03-02T11:12:23+00:00\" \/>\n<meta property=\"og:image\" content=\"https:\/\/progettotouring.it\/radiotouring104\/wp-content\/uploads\/sites\/6\/2024\/03\/Filippo-Mancuso.jpeg\" \/>\n\t<meta property=\"og:image:width\" content=\"1360\" \/>\n\t<meta property=\"og:image:height\" content=\"765\" \/>\n\t<meta property=\"og:image:type\" content=\"image\/jpeg\" \/>\n<meta name=\"author\" content=\"Filippo Francesco Idone\" \/>\n<meta name=\"twitter:card\" content=\"summary_large_image\" \/>\n<meta name=\"twitter:label1\" content=\"Scritto da\" \/>\n\t<meta name=\"twitter:data1\" content=\"Filippo Francesco Idone\" \/>\n\t<meta name=\"twitter:label2\" content=\"Tempo di lettura stimato\" \/>\n\t<meta name=\"twitter:data2\" content=\"2 minuti\" \/>\n<script type=\"application\/ld+json\" class=\"yoast-schema-graph\">{\"@context\":\"https:\/\/schema.org\",\"@graph\":[{\"@type\":\"Article\",\"@id\":\"https:\/\/progettotouring.it\/radiotouring104\/2024\/03\/02\/calabria-mancuso-raggiante-sosteniamo-badolato-candidato-alla-competizione-borgo-dei-borghi-2024\/#article\",\"isPartOf\":{\"@id\":\"https:\/\/progettotouring.it\/radiotouring104\/2024\/03\/02\/calabria-mancuso-raggiante-sosteniamo-badolato-candidato-alla-competizione-borgo-dei-borghi-2024\/\"},\"author\":{\"name\":\"Filippo Francesco Idone\",\"@id\":\"https:\/\/progettotouring.it\/radiotouring104\/#\/schema\/person\/4a82259ca52ac8702ad1a8f9e5a3120b\"},\"headline\":\"Calabria, Mancuso raggiante: &#8220;Sosteniamo Badolato candidato alla competizione \u2018Borgo dei Borghi 2024\u2019&#8221;\",\"datePublished\":\"2024-03-02T11:12:23+00:00\",\"mainEntityOfPage\":{\"@id\":\"https:\/\/progettotouring.it\/radiotouring104\/2024\/03\/02\/calabria-mancuso-raggiante-sosteniamo-badolato-candidato-alla-competizione-borgo-dei-borghi-2024\/\"},\"wordCount\":422,\"publisher\":{\"@id\":\"https:\/\/progettotouring.it\/radiotouring104\/#organization\"},\"image\":{\"@id\":\"https:\/\/progettotouring.it\/radiotouring104\/2024\/03\/02\/calabria-mancuso-raggiante-sosteniamo-badolato-candidato-alla-competizione-borgo-dei-borghi-2024\/#primaryimage\"},\"thumbnailUrl\":\"https:\/\/progettotouring.it\/radiotouring104\/wp-content\/uploads\/sites\/6\/2024\/03\/Filippo-Mancuso.jpeg\",\"keywords\":[\"Borghi pi\u00f9 belli d'Italia\",\"calabria\",\"Filippo Mancuso\"],\"articleSection\":[\"Home\",\"News\",\"Politica\",\"Reggio Calabria\"],\"inLanguage\":\"it-IT\"},{\"@type\":\"WebPage\",\"@id\":\"https:\/\/progettotouring.it\/radiotouring104\/2024\/03\/02\/calabria-mancuso-raggiante-sosteniamo-badolato-candidato-alla-competizione-borgo-dei-borghi-2024\/\",\"url\":\"https:\/\/progettotouring.it\/radiotouring104\/2024\/03\/02\/calabria-mancuso-raggiante-sosteniamo-badolato-candidato-alla-competizione-borgo-dei-borghi-2024\/\",\"name\":\"Calabria, Mancuso raggiante: \\\"Sosteniamo Badolato candidato alla competizione \u2018Borgo dei Borghi 2024\u2019\\\" - Radio Touring 104\",\"isPartOf\":{\"@id\":\"https:\/\/progettotouring.it\/radiotouring104\/#website\"},\"primaryImageOfPage\":{\"@id\":\"https:\/\/progettotouring.it\/radiotouring104\/2024\/03\/02\/calabria-mancuso-raggiante-sosteniamo-badolato-candidato-alla-competizione-borgo-dei-borghi-2024\/#primaryimage\"},\"image\":{\"@id\":\"https:\/\/progettotouring.it\/radiotouring104\/2024\/03\/02\/calabria-mancuso-raggiante-sosteniamo-badolato-candidato-alla-competizione-borgo-dei-borghi-2024\/#primaryimage\"},\"thumbnailUrl\":\"https:\/\/progettotouring.it\/radiotouring104\/wp-content\/uploads\/sites\/6\/2024\/03\/Filippo-Mancuso.jpeg\",\"datePublished\":\"2024-03-02T11:12:23+00:00\",\"description\":\"Il presidente del Consiglio regionale, Mancuso, ha intenzione di sostenere la cittadina di Badolato candidata come \u2018Borgo dei Borghi 2024\u2019\",\"breadcrumb\":{\"@id\":\"https:\/\/progettotouring.it\/radiotouring104\/2024\/03\/02\/calabria-mancuso-raggiante-sosteniamo-badolato-candidato-alla-competizione-borgo-dei-borghi-2024\/#breadcrumb\"},\"inLanguage\":\"it-IT\",\"potentialAction\":[{\"@type\":\"ReadAction\",\"target\":[\"https:\/\/progettotouring.it\/radiotouring104\/2024\/03\/02\/calabria-mancuso-raggiante-sosteniamo-badolato-candidato-alla-competizione-borgo-dei-borghi-2024\/\"]}]},{\"@type\":\"ImageObject\",\"inLanguage\":\"it-IT\",\"@id\":\"https:\/\/progettotouring.it\/radiotouring104\/2024\/03\/02\/calabria-mancuso-raggiante-sosteniamo-badolato-candidato-alla-competizione-borgo-dei-borghi-2024\/#primaryimage\",\"url\":\"https:\/\/progettotouring.it\/radiotouring104\/wp-content\/uploads\/sites\/6\/2024\/03\/Filippo-Mancuso.jpeg\",\"contentUrl\":\"https:\/\/progettotouring.it\/radiotouring104\/wp-content\/uploads\/sites\/6\/2024\/03\/Filippo-Mancuso.jpeg\",\"width\":1360,\"height\":765},{\"@type\":\"BreadcrumbList\",\"@id\":\"https:\/\/progettotouring.it\/radiotouring104\/2024\/03\/02\/calabria-mancuso-raggiante-sosteniamo-badolato-candidato-alla-competizione-borgo-dei-borghi-2024\/#breadcrumb\",\"itemListElement\":[{\"@type\":\"ListItem\",\"position\":1,\"name\":\"Home\",\"item\":\"https:\/\/progettotouring.it\/radiotouring104\/\"},{\"@type\":\"ListItem\",\"position\":2,\"name\":\"Calabria, Mancuso raggiante: &#8220;Sosteniamo Badolato candidato alla competizione \u2018Borgo dei Borghi 2024\u2019&#8221;\"}]},{\"@type\":\"WebSite\",\"@id\":\"https:\/\/progettotouring.it\/radiotouring104\/#website\",\"url\":\"https:\/\/progettotouring.it\/radiotouring104\/\",\"name\":\"Radio Touring 104\",\"description\":\"La prima radio Reggina\",\"publisher\":{\"@id\":\"https:\/\/progettotouring.it\/radiotouring104\/#organization\"},\"potentialAction\":[{\"@type\":\"SearchAction\",\"target\":{\"@type\":\"EntryPoint\",\"urlTemplate\":\"https:\/\/progettotouring.it\/radiotouring104\/?s={search_term_string}\"},\"query-input\":{\"@type\":\"PropertyValueSpecification\",\"valueRequired\":true,\"valueName\":\"search_term_string\"}}],\"inLanguage\":\"it-IT\"},{\"@type\":\"Organization\",\"@id\":\"https:\/\/progettotouring.it\/radiotouring104\/#organization\",\"name\":\"Radio Touring 104\",\"url\":\"https:\/\/progettotouring.it\/radiotouring104\/\",\"logo\":{\"@type\":\"ImageObject\",\"inLanguage\":\"it-IT\",\"@id\":\"https:\/\/progettotouring.it\/radiotouring104\/#\/schema\/logo\/image\/\",\"url\":\"https:\/\/progettotouring.it\/radiotouring104\/wp-content\/uploads\/sites\/6\/2022\/02\/cropped-logo-radio-touring-104.png\",\"contentUrl\":\"https:\/\/progettotouring.it\/radiotouring104\/wp-content\/uploads\/sites\/6\/2022\/02\/cropped-logo-radio-touring-104.png\",\"width\":377,\"height\":182,\"caption\":\"Radio Touring 104\"},\"image\":{\"@id\":\"https:\/\/progettotouring.it\/radiotouring104\/#\/schema\/logo\/image\/\"}},{\"@type\":\"Person\",\"@id\":\"https:\/\/progettotouring.it\/radiotouring104\/#\/schema\/person\/4a82259ca52ac8702ad1a8f9e5a3120b\",\"name\":\"Filippo Francesco Idone\",\"image\":{\"@type\":\"ImageObject\",\"inLanguage\":\"it-IT\",\"@id\":\"https:\/\/secure.gravatar.com\/avatar\/7268715d2366395c3dd314385670e6484117d44f5c442e61e230f7008b7b62d3?s=96&d=mm&r=g\",\"url\":\"https:\/\/secure.gravatar.com\/avatar\/7268715d2366395c3dd314385670e6484117d44f5c442e61e230f7008b7b62d3?s=96&d=mm&r=g\",\"contentUrl\":\"https:\/\/secure.gravatar.com\/avatar\/7268715d2366395c3dd314385670e6484117d44f5c442e61e230f7008b7b62d3?s=96&d=mm&r=g\",\"caption\":\"Filippo Francesco Idone\"},\"url\":\"https:\/\/progettotouring.it\/radiotouring104\/author\/filippoidone\/\"}]}<\/script>\n<!-- \/ Yoast SEO plugin. -->","yoast_head_json":{"title":"Calabria, Mancuso raggiante: \"Sosteniamo Badolato candidato alla competizione \u2018Borgo dei Borghi 2024\u2019\" - Radio Touring 104","description":"Il presidente del Consiglio regionale, Mancuso, ha intenzione di sostenere la cittadina di Badolato candidata come \u2018Borgo dei Borghi 2024\u2019","robots":{"index":"index","follow":"follow","max-snippet":"max-snippet:-1","max-image-preview":"max-image-preview:large","max-video-preview":"max-video-preview:-1"},"canonical":"https:\/\/progettotouring.it\/radiotouring104\/2024\/03\/02\/calabria-mancuso-raggiante-sosteniamo-badolato-candidato-alla-competizione-borgo-dei-borghi-2024\/","og_locale":"it_IT","og_type":"article","og_title":"Calabria, Mancuso raggiante: \"Sosteniamo Badolato candidato alla competizione \u2018Borgo dei Borghi 2024\u2019\" - Radio Touring 104","og_description":"Il presidente del Consiglio regionale, Mancuso, ha intenzione di sostenere la cittadina di Badolato candidata come \u2018Borgo dei Borghi 2024\u2019","og_url":"https:\/\/progettotouring.it\/radiotouring104\/2024\/03\/02\/calabria-mancuso-raggiante-sosteniamo-badolato-candidato-alla-competizione-borgo-dei-borghi-2024\/","og_site_name":"Radio Touring 104","article_published_time":"2024-03-02T11:12:23+00:00","og_image":[{"width":1360,"height":765,"url":"https:\/\/progettotouring.it\/radiotouring104\/wp-content\/uploads\/sites\/6\/2024\/03\/Filippo-Mancuso.jpeg","type":"image\/jpeg"}],"author":"Filippo Francesco Idone","twitter_card":"summary_large_image","twitter_misc":{"Scritto da":"Filippo Francesco Idone","Tempo di lettura stimato":"2 minuti"},"schema":{"@context":"https:\/\/schema.org","@graph":[{"@type":"Article","@id":"https:\/\/progettotouring.it\/radiotouring104\/2024\/03\/02\/calabria-mancuso-raggiante-sosteniamo-badolato-candidato-alla-competizione-borgo-dei-borghi-2024\/#article","isPartOf":{"@id":"https:\/\/progettotouring.it\/radiotouring104\/2024\/03\/02\/calabria-mancuso-raggiante-sosteniamo-badolato-candidato-alla-competizione-borgo-dei-borghi-2024\/"},"author":{"name":"Filippo Francesco Idone","@id":"https:\/\/progettotouring.it\/radiotouring104\/#\/schema\/person\/4a82259ca52ac8702ad1a8f9e5a3120b"},"headline":"Calabria, Mancuso raggiante: &#8220;Sosteniamo Badolato candidato alla competizione \u2018Borgo dei Borghi 2024\u2019&#8221;","datePublished":"2024-03-02T11:12:23+00:00","mainEntityOfPage":{"@id":"https:\/\/progettotouring.it\/radiotouring104\/2024\/03\/02\/calabria-mancuso-raggiante-sosteniamo-badolato-candidato-alla-competizione-borgo-dei-borghi-2024\/"},"wordCount":422,"publisher":{"@id":"https:\/\/progettotouring.it\/radiotouring104\/#organization"},"image":{"@id":"https:\/\/progettotouring.it\/radiotouring104\/2024\/03\/02\/calabria-mancuso-raggiante-sosteniamo-badolato-candidato-alla-competizione-borgo-dei-borghi-2024\/#primaryimage"},"thumbnailUrl":"https:\/\/progettotouring.it\/radiotouring104\/wp-content\/uploads\/sites\/6\/2024\/03\/Filippo-Mancuso.jpeg","keywords":["Borghi pi\u00f9 belli d'Italia","calabria","Filippo Mancuso"],"articleSection":["Home","News","Politica","Reggio Calabria"],"inLanguage":"it-IT"},{"@type":"WebPage","@id":"https:\/\/progettotouring.it\/radiotouring104\/2024\/03\/02\/calabria-mancuso-raggiante-sosteniamo-badolato-candidato-alla-competizione-borgo-dei-borghi-2024\/","url":"https:\/\/progettotouring.it\/radiotouring104\/2024\/03\/02\/calabria-mancuso-raggiante-sosteniamo-badolato-candidato-alla-competizione-borgo-dei-borghi-2024\/","name":"Calabria, Mancuso raggiante: \"Sosteniamo Badolato candidato alla competizione \u2018Borgo dei Borghi 2024\u2019\" - Radio Touring 104","isPartOf":{"@id":"https:\/\/progettotouring.it\/radiotouring104\/#website"},"primaryImageOfPage":{"@id":"https:\/\/progettotouring.it\/radiotouring104\/2024\/03\/02\/calabria-mancuso-raggiante-sosteniamo-badolato-candidato-alla-competizione-borgo-dei-borghi-2024\/#primaryimage"},"image":{"@id":"https:\/\/progettotouring.it\/radiotouring104\/2024\/03\/02\/calabria-mancuso-raggiante-sosteniamo-badolato-candidato-alla-competizione-borgo-dei-borghi-2024\/#primaryimage"},"thumbnailUrl":"https:\/\/progettotouring.it\/radiotouring104\/wp-content\/uploads\/sites\/6\/2024\/03\/Filippo-Mancuso.jpeg","datePublished":"2024-03-02T11:12:23+00:00","description":"Il presidente del Consiglio regionale, Mancuso, ha intenzione di sostenere la cittadina di Badolato candidata come \u2018Borgo dei Borghi 2024\u2019","breadcrumb":{"@id":"https:\/\/progettotouring.it\/radiotouring104\/2024\/03\/02\/calabria-mancuso-raggiante-sosteniamo-badolato-candidato-alla-competizione-borgo-dei-borghi-2024\/#breadcrumb"},"inLanguage":"it-IT","potentialAction":[{"@type":"ReadAction","target":["https:\/\/progettotouring.it\/radiotouring104\/2024\/03\/02\/calabria-mancuso-raggiante-sosteniamo-badolato-candidato-alla-competizione-borgo-dei-borghi-2024\/"]}]},{"@type":"ImageObject","inLanguage":"it-IT","@id":"https:\/\/progettotouring.it\/radiotouring104\/2024\/03\/02\/calabria-mancuso-raggiante-sosteniamo-badolato-candidato-alla-competizione-borgo-dei-borghi-2024\/#primaryimage","url":"https:\/\/progettotouring.it\/radiotouring104\/wp-content\/uploads\/sites\/6\/2024\/03\/Filippo-Mancuso.jpeg","contentUrl":"https:\/\/progettotouring.it\/radiotouring104\/wp-content\/uploads\/sites\/6\/2024\/03\/Filippo-Mancuso.jpeg","width":1360,"height":765},{"@type":"BreadcrumbList","@id":"https:\/\/progettotouring.it\/radiotouring104\/2024\/03\/02\/calabria-mancuso-raggiante-sosteniamo-badolato-candidato-alla-competizione-borgo-dei-borghi-2024\/#breadcrumb","itemListElement":[{"@type":"ListItem","position":1,"name":"Home","item":"https:\/\/progettotouring.it\/radiotouring104\/"},{"@type":"ListItem","position":2,"name":"Calabria, Mancuso raggiante: &#8220;Sosteniamo Badolato candidato alla competizione \u2018Borgo dei Borghi 2024\u2019&#8221;"}]},{"@type":"WebSite","@id":"https:\/\/progettotouring.it\/radiotouring104\/#website","url":"https:\/\/progettotouring.it\/radiotouring104\/","name":"Radio Touring 104","description":"La prima radio Reggina","publisher":{"@id":"https:\/\/progettotouring.it\/radiotouring104\/#organization"},"potentialAction":[{"@type":"SearchAction","target":{"@type":"EntryPoint","urlTemplate":"https:\/\/progettotouring.it\/radiotouring104\/?s={search_term_string}"},"query-input":{"@type":"PropertyValueSpecification","valueRequired":true,"valueName":"search_term_string"}}],"inLanguage":"it-IT"},{"@type":"Organization","@id":"https:\/\/progettotouring.it\/radiotouring104\/#organization","name":"Radio Touring 104","url":"https:\/\/progettotouring.it\/radiotouring104\/","logo":{"@type":"ImageObject","inLanguage":"it-IT","@id":"https:\/\/progettotouring.it\/radiotouring104\/#\/schema\/logo\/image\/","url":"https:\/\/progettotouring.it\/radiotouring104\/wp-content\/uploads\/sites\/6\/2022\/02\/cropped-logo-radio-touring-104.png","contentUrl":"https:\/\/progettotouring.it\/radiotouring104\/wp-content\/uploads\/sites\/6\/2022\/02\/cropped-logo-radio-touring-104.png","width":377,"height":182,"caption":"Radio Touring 104"},"image":{"@id":"https:\/\/progettotouring.it\/radiotouring104\/#\/schema\/logo\/image\/"}},{"@type":"Person","@id":"https:\/\/progettotouring.it\/radiotouring104\/#\/schema\/person\/4a82259ca52ac8702ad1a8f9e5a3120b","name":"Filippo Francesco Idone","image":{"@type":"ImageObject","inLanguage":"it-IT","@id":"https:\/\/secure.gravatar.com\/avatar\/7268715d2366395c3dd314385670e6484117d44f5c442e61e230f7008b7b62d3?s=96&d=mm&r=g","url":"https:\/\/secure.gravatar.com\/avatar\/7268715d2366395c3dd314385670e6484117d44f5c442e61e230f7008b7b62d3?s=96&d=mm&r=g","contentUrl":"https:\/\/secure.gravatar.com\/avatar\/7268715d2366395c3dd314385670e6484117d44f5c442e61e230f7008b7b62d3?s=96&d=mm&r=g","caption":"Filippo Francesco Idone"},"url":"https:\/\/progettotouring.it\/radiotouring104\/author\/filippoidone\/"}]}},"jetpack_publicize_connections":[],"jetpack_featured_media_url":"https:\/\/progettotouring.it\/radiotouring104\/wp-content\/uploads\/sites\/6\/2024\/03\/Filippo-Mancuso.jpeg","jetpack_sharing_enabled":true,"_links":{"self":[{"href":"https:\/\/progettotouring.it\/radiotouring104\/wp-json\/wp\/v2\/posts\/46163","targetHints":{"allow":["GET"]}}],"collection":[{"href":"https:\/\/progettotouring.it\/radiotouring104\/wp-json\/wp\/v2\/posts"}],"about":[{"href":"https:\/\/progettotouring.it\/radiotouring104\/wp-json\/wp\/v2\/types\/post"}],"author":[{"embeddable":true,"href":"https:\/\/progettotouring.it\/radiotouring104\/wp-json\/wp\/v2\/users\/8"}],"replies":[{"embeddable":true,"href":"https:\/\/progettotouring.it\/radiotouring104\/wp-json\/wp\/v2\/comments?post=46163"}],"version-history":[{"count":1,"href":"https:\/\/progettotouring.it\/radiotouring104\/wp-json\/wp\/v2\/posts\/46163\/revisions"}],"predecessor-version":[{"id":46165,"href":"https:\/\/progettotouring.it\/radiotouring104\/wp-json\/wp\/v2\/posts\/46163\/revisions\/46165"}],"wp:featuredmedia":[{"embeddable":true,"href":"https:\/\/progettotouring.it\/radiotouring104\/wp-json\/wp\/v2\/media\/46164"}],"wp:attachment":[{"href":"https:\/\/progettotouring.it\/radiotouring104\/wp-json\/wp\/v2\/media?parent=46163"}],"wp:term":[{"taxonomy":"category","embeddable":true,"href":"https:\/\/progettotouring.it\/radiotouring104\/wp-json\/wp\/v2\/categories?post=46163"},{"taxonomy":"post_tag","embeddable":true,"href":"https:\/\/progettotouring.it\/radiotouring104\/wp-json\/wp\/v2\/tags?post=46163"}],"curies":[{"name":"wp","href":"https:\/\/api.w.org\/{rel}","templated":true}]}}