{"id":46167,"date":"2024-03-02T14:02:22","date_gmt":"2024-03-02T13:02:22","guid":{"rendered":"https:\/\/progettotouring.it\/radiotouring104\/?p=46167"},"modified":"2024-03-02T14:15:10","modified_gmt":"2024-03-02T13:15:10","slug":"festa-della-donna-con-un-gesto-di-solidarieta-grazie-a-mondo-rosa","status":"publish","type":"post","link":"https:\/\/progettotouring.it\/radiotouring104\/2024\/03\/02\/festa-della-donna-con-un-gesto-di-solidarieta-grazie-a-mondo-rosa\/","title":{"rendered":"Festa della Donna con un gesto di solidariet\u00e0 grazie a Mondo Rosa\u201d"},"content":{"rendered":"<p style=\"text-align: justify\">Il miglior regalo per le donne in occasione della Giornata internazionale della donna sarebbe la libert\u00e0 dalla violenza. Tra mimose e iniziative, l\u20198 Marzo diventa un momento importante per riflettere sui progressi compiuti e sulle sfide ancora da affrontare per garantire pari opportunit\u00e0 e diritti a tutte le donne. Quest\u2019anno il<strong> Centro Calabrese di Solidariet\u00e0 ETS<\/strong> propone un&#8217;iniziativa solidale volta a rendere questa ricorrenza un momento di sostegno concreto alle donne che si rivolgono al <strong>Centro Antiviolenza \u201cMondo Rosa\u201d.<\/strong><\/p>\n<p style=\"text-align: justify\">Il <strong>Centro Antiviolenza \u201cMondo Rosa\u201d<\/strong> accoglie e assiste le donne che hanno subito violenza, fornendo loro un rifugio sicuro e tutte le risorse necessarie per superare questa difficile esperienza. Per sostenere questa importante causa, il Centro Calabrese di Solidariet\u00e0 ETS ha organizzato un\u2019azione concreta e tangibile che coinvolge la partecipazione dei cittadini: durante la giornata dell&#8217;8 marzo, i ristoranti aderenti all&#8217;iniziativa offriranno ai propri clienti la possibilit\u00e0 di partecipare attivamente alla solidariet\u00e0. Prenotando un tavolo presso uno dei ristoranti partner, il 10% del conto sar\u00e0 devoluto al <strong>Centro Calabrese di Solidariet\u00e0 ETS<\/strong> e destinato integralmente alle attivit\u00e0 del <strong>Centro Antiviolenza &#8220;Mondo Rosa&#8221;.<\/strong><\/p>\n<p style=\"text-align: justify\">Un gesto apparentemente piccolo, ma dalle grandi ricadute: ogni prenotazione contribuir\u00e0 concretamente a sostenere le donne vittime di violenza, offrendo loro una mano tesa e un raggio di speranza per un futuro migliore. L&#8217;iniziativa \u00e8 aperta a tutti coloro che desiderano fare la propria parte e dare un contributo tangibile alla lotta contro la violenza di genere. Per aderire all&#8217;iniziativa o ricevere maggiori informazioni, \u00e8 possibile contattare gli uffici del Centro Calabrese di Solidariet\u00e0 ETS al numero 0961769722 o scrivere a amministrazione@ccscatanzaro.it. I particolari dell\u2019iniziativa saranno resi noti nel corso di una conferenza stampa che si terr\u00e0 marted\u00ec 5 marzo alle 10.45 nella sede del <strong>Centro Polivalente,<\/strong> in via Fontana Vecchia, alla presenza dei referenti del settore Fundraising del Centro calabrese di solidariet\u00e0 Ets, guidato dalla presidente Isolina Mantelli, e dai ristoratori che hanno aderito all\u2019iniziativa.<\/p>\n","protected":false},"excerpt":{"rendered":"<p>Il miglior regalo per le donne in occasione della Giornata internazionale della donna sarebbe la libert\u00e0 dalla violenza. Tra mimose e iniziative, l\u20198 Marzo diventa un momento importante per riflettere&hellip;<\/p>\n","protected":false},"author":8,"featured_media":46168,"comment_status":"closed","ping_status":"open","sticky":false,"template":"","format":"standard","meta":{"_jetpack_memberships_contains_paid_content":false,"footnotes":"","jetpack_publicize_message":"","jetpack_publicize_feature_enabled":true,"jetpack_social_post_already_shared":false,"jetpack_social_options":{"image_generator_settings":{"template":"highway","default_image_id":0,"font":"","enabled":false},"version":2}},"categories":[142,921,196],"tags":[28413,28414],"class_list":["post-46167","post","type-post","status-publish","format-standard","has-post-thumbnail","hentry","category-calabria","category-home","category-news","tag-centro-antiviolenza-mondo-rosa","tag-centro-calabrese-di-solidarieta-ets"],"yoast_head":"<!-- This site is optimized with the Yoast SEO plugin v27.2 - https:\/\/yoast.com\/product\/yoast-seo-wordpress\/ -->\n<title>Festa della Donna con un gesto di solidariet\u00e0 grazie a Mondo Rosa\u201d - Radio Touring 104<\/title>\n<meta name=\"description\" content=\"Per celebrare la Festa della Donna \u201cMondo Rosa\u201d assister\u00e0 (come sempre) tutte le persone che hanno subito violenza\" \/>\n<meta name=\"robots\" content=\"index, follow, max-snippet:-1, max-image-preview:large, max-video-preview:-1\" \/>\n<link rel=\"canonical\" href=\"https:\/\/progettotouring.it\/radiotouring104\/2024\/03\/02\/festa-della-donna-con-un-gesto-di-solidarieta-grazie-a-mondo-rosa\/\" \/>\n<meta property=\"og:locale\" content=\"it_IT\" \/>\n<meta property=\"og:type\" content=\"article\" \/>\n<meta property=\"og:title\" content=\"Festa della Donna con un gesto di solidariet\u00e0 grazie a Mondo Rosa\u201d - Radio Touring 104\" \/>\n<meta property=\"og:description\" content=\"Per celebrare la Festa della Donna \u201cMondo Rosa\u201d assister\u00e0 (come sempre) tutte le persone che hanno subito violenza\" \/>\n<meta property=\"og:url\" content=\"https:\/\/progettotouring.it\/radiotouring104\/2024\/03\/02\/festa-della-donna-con-un-gesto-di-solidarieta-grazie-a-mondo-rosa\/\" \/>\n<meta property=\"og:site_name\" content=\"Radio Touring 104\" \/>\n<meta property=\"article:published_time\" content=\"2024-03-02T13:02:22+00:00\" \/>\n<meta property=\"article:modified_time\" content=\"2024-03-02T13:15:10+00:00\" \/>\n<meta property=\"og:image\" content=\"https:\/\/progettotouring.it\/radiotouring104\/wp-content\/uploads\/sites\/6\/2024\/03\/Festa-della-Donna-Mondo-Rosa.png\" \/>\n\t<meta property=\"og:image:width\" content=\"768\" \/>\n\t<meta property=\"og:image:height\" content=\"536\" \/>\n\t<meta property=\"og:image:type\" content=\"image\/png\" \/>\n<meta name=\"author\" content=\"Filippo Francesco Idone\" \/>\n<meta name=\"twitter:card\" content=\"summary_large_image\" \/>\n<meta name=\"twitter:label1\" content=\"Scritto da\" \/>\n\t<meta name=\"twitter:data1\" content=\"Filippo Francesco Idone\" \/>\n\t<meta name=\"twitter:label2\" content=\"Tempo di lettura stimato\" \/>\n\t<meta name=\"twitter:data2\" content=\"2 minuti\" \/>\n<script type=\"application\/ld+json\" class=\"yoast-schema-graph\">{\"@context\":\"https:\/\/schema.org\",\"@graph\":[{\"@type\":\"Article\",\"@id\":\"https:\/\/progettotouring.it\/radiotouring104\/2024\/03\/02\/festa-della-donna-con-un-gesto-di-solidarieta-grazie-a-mondo-rosa\/#article\",\"isPartOf\":{\"@id\":\"https:\/\/progettotouring.it\/radiotouring104\/2024\/03\/02\/festa-della-donna-con-un-gesto-di-solidarieta-grazie-a-mondo-rosa\/\"},\"author\":{\"name\":\"Filippo Francesco Idone\",\"@id\":\"https:\/\/progettotouring.it\/radiotouring104\/#\/schema\/person\/4a82259ca52ac8702ad1a8f9e5a3120b\"},\"headline\":\"Festa della Donna con un gesto di solidariet\u00e0 grazie a Mondo Rosa\u201d\",\"datePublished\":\"2024-03-02T13:02:22+00:00\",\"dateModified\":\"2024-03-02T13:15:10+00:00\",\"mainEntityOfPage\":{\"@id\":\"https:\/\/progettotouring.it\/radiotouring104\/2024\/03\/02\/festa-della-donna-con-un-gesto-di-solidarieta-grazie-a-mondo-rosa\/\"},\"wordCount\":329,\"publisher\":{\"@id\":\"https:\/\/progettotouring.it\/radiotouring104\/#organization\"},\"image\":{\"@id\":\"https:\/\/progettotouring.it\/radiotouring104\/2024\/03\/02\/festa-della-donna-con-un-gesto-di-solidarieta-grazie-a-mondo-rosa\/#primaryimage\"},\"thumbnailUrl\":\"https:\/\/progettotouring.it\/radiotouring104\/wp-content\/uploads\/sites\/6\/2024\/03\/Festa-della-Donna-Mondo-Rosa.png\",\"keywords\":[\"Centro Antiviolenza \u201cMondo Rosa\u201d\",\"Centro Calabrese di Solidariet\u00e0 ETS\"],\"articleSection\":[\"Calabria\",\"Home\",\"News\"],\"inLanguage\":\"it-IT\"},{\"@type\":\"WebPage\",\"@id\":\"https:\/\/progettotouring.it\/radiotouring104\/2024\/03\/02\/festa-della-donna-con-un-gesto-di-solidarieta-grazie-a-mondo-rosa\/\",\"url\":\"https:\/\/progettotouring.it\/radiotouring104\/2024\/03\/02\/festa-della-donna-con-un-gesto-di-solidarieta-grazie-a-mondo-rosa\/\",\"name\":\"Festa della Donna con un gesto di solidariet\u00e0 grazie a Mondo Rosa\u201d - Radio Touring 104\",\"isPartOf\":{\"@id\":\"https:\/\/progettotouring.it\/radiotouring104\/#website\"},\"primaryImageOfPage\":{\"@id\":\"https:\/\/progettotouring.it\/radiotouring104\/2024\/03\/02\/festa-della-donna-con-un-gesto-di-solidarieta-grazie-a-mondo-rosa\/#primaryimage\"},\"image\":{\"@id\":\"https:\/\/progettotouring.it\/radiotouring104\/2024\/03\/02\/festa-della-donna-con-un-gesto-di-solidarieta-grazie-a-mondo-rosa\/#primaryimage\"},\"thumbnailUrl\":\"https:\/\/progettotouring.it\/radiotouring104\/wp-content\/uploads\/sites\/6\/2024\/03\/Festa-della-Donna-Mondo-Rosa.png\",\"datePublished\":\"2024-03-02T13:02:22+00:00\",\"dateModified\":\"2024-03-02T13:15:10+00:00\",\"description\":\"Per celebrare la Festa della Donna \u201cMondo Rosa\u201d assister\u00e0 (come sempre) tutte le persone che hanno subito violenza\",\"breadcrumb\":{\"@id\":\"https:\/\/progettotouring.it\/radiotouring104\/2024\/03\/02\/festa-della-donna-con-un-gesto-di-solidarieta-grazie-a-mondo-rosa\/#breadcrumb\"},\"inLanguage\":\"it-IT\",\"potentialAction\":[{\"@type\":\"ReadAction\",\"target\":[\"https:\/\/progettotouring.it\/radiotouring104\/2024\/03\/02\/festa-della-donna-con-un-gesto-di-solidarieta-grazie-a-mondo-rosa\/\"]}]},{\"@type\":\"ImageObject\",\"inLanguage\":\"it-IT\",\"@id\":\"https:\/\/progettotouring.it\/radiotouring104\/2024\/03\/02\/festa-della-donna-con-un-gesto-di-solidarieta-grazie-a-mondo-rosa\/#primaryimage\",\"url\":\"https:\/\/progettotouring.it\/radiotouring104\/wp-content\/uploads\/sites\/6\/2024\/03\/Festa-della-Donna-Mondo-Rosa.png\",\"contentUrl\":\"https:\/\/progettotouring.it\/radiotouring104\/wp-content\/uploads\/sites\/6\/2024\/03\/Festa-della-Donna-Mondo-Rosa.png\",\"width\":768,\"height\":536},{\"@type\":\"BreadcrumbList\",\"@id\":\"https:\/\/progettotouring.it\/radiotouring104\/2024\/03\/02\/festa-della-donna-con-un-gesto-di-solidarieta-grazie-a-mondo-rosa\/#breadcrumb\",\"itemListElement\":[{\"@type\":\"ListItem\",\"position\":1,\"name\":\"Home\",\"item\":\"https:\/\/progettotouring.it\/radiotouring104\/\"},{\"@type\":\"ListItem\",\"position\":2,\"name\":\"Festa della Donna con un gesto di solidariet\u00e0 grazie a Mondo Rosa\u201d\"}]},{\"@type\":\"WebSite\",\"@id\":\"https:\/\/progettotouring.it\/radiotouring104\/#website\",\"url\":\"https:\/\/progettotouring.it\/radiotouring104\/\",\"name\":\"Radio Touring 104\",\"description\":\"La prima radio Reggina\",\"publisher\":{\"@id\":\"https:\/\/progettotouring.it\/radiotouring104\/#organization\"},\"potentialAction\":[{\"@type\":\"SearchAction\",\"target\":{\"@type\":\"EntryPoint\",\"urlTemplate\":\"https:\/\/progettotouring.it\/radiotouring104\/?s={search_term_string}\"},\"query-input\":{\"@type\":\"PropertyValueSpecification\",\"valueRequired\":true,\"valueName\":\"search_term_string\"}}],\"inLanguage\":\"it-IT\"},{\"@type\":\"Organization\",\"@id\":\"https:\/\/progettotouring.it\/radiotouring104\/#organization\",\"name\":\"Radio Touring 104\",\"url\":\"https:\/\/progettotouring.it\/radiotouring104\/\",\"logo\":{\"@type\":\"ImageObject\",\"inLanguage\":\"it-IT\",\"@id\":\"https:\/\/progettotouring.it\/radiotouring104\/#\/schema\/logo\/image\/\",\"url\":\"https:\/\/progettotouring.it\/radiotouring104\/wp-content\/uploads\/sites\/6\/2022\/02\/cropped-logo-radio-touring-104.png\",\"contentUrl\":\"https:\/\/progettotouring.it\/radiotouring104\/wp-content\/uploads\/sites\/6\/2022\/02\/cropped-logo-radio-touring-104.png\",\"width\":377,\"height\":182,\"caption\":\"Radio Touring 104\"},\"image\":{\"@id\":\"https:\/\/progettotouring.it\/radiotouring104\/#\/schema\/logo\/image\/\"}},{\"@type\":\"Person\",\"@id\":\"https:\/\/progettotouring.it\/radiotouring104\/#\/schema\/person\/4a82259ca52ac8702ad1a8f9e5a3120b\",\"name\":\"Filippo Francesco Idone\",\"image\":{\"@type\":\"ImageObject\",\"inLanguage\":\"it-IT\",\"@id\":\"https:\/\/secure.gravatar.com\/avatar\/7268715d2366395c3dd314385670e6484117d44f5c442e61e230f7008b7b62d3?s=96&d=mm&r=g\",\"url\":\"https:\/\/secure.gravatar.com\/avatar\/7268715d2366395c3dd314385670e6484117d44f5c442e61e230f7008b7b62d3?s=96&d=mm&r=g\",\"contentUrl\":\"https:\/\/secure.gravatar.com\/avatar\/7268715d2366395c3dd314385670e6484117d44f5c442e61e230f7008b7b62d3?s=96&d=mm&r=g\",\"caption\":\"Filippo Francesco Idone\"},\"url\":\"https:\/\/progettotouring.it\/radiotouring104\/author\/filippoidone\/\"}]}<\/script>\n<!-- \/ Yoast SEO plugin. -->","yoast_head_json":{"title":"Festa della Donna con un gesto di solidariet\u00e0 grazie a Mondo Rosa\u201d - Radio Touring 104","description":"Per celebrare la Festa della Donna \u201cMondo Rosa\u201d assister\u00e0 (come sempre) tutte le persone che hanno subito violenza","robots":{"index":"index","follow":"follow","max-snippet":"max-snippet:-1","max-image-preview":"max-image-preview:large","max-video-preview":"max-video-preview:-1"},"canonical":"https:\/\/progettotouring.it\/radiotouring104\/2024\/03\/02\/festa-della-donna-con-un-gesto-di-solidarieta-grazie-a-mondo-rosa\/","og_locale":"it_IT","og_type":"article","og_title":"Festa della Donna con un gesto di solidariet\u00e0 grazie a Mondo Rosa\u201d - Radio Touring 104","og_description":"Per celebrare la Festa della Donna \u201cMondo Rosa\u201d assister\u00e0 (come sempre) tutte le persone che hanno subito violenza","og_url":"https:\/\/progettotouring.it\/radiotouring104\/2024\/03\/02\/festa-della-donna-con-un-gesto-di-solidarieta-grazie-a-mondo-rosa\/","og_site_name":"Radio Touring 104","article_published_time":"2024-03-02T13:02:22+00:00","article_modified_time":"2024-03-02T13:15:10+00:00","og_image":[{"width":768,"height":536,"url":"https:\/\/progettotouring.it\/radiotouring104\/wp-content\/uploads\/sites\/6\/2024\/03\/Festa-della-Donna-Mondo-Rosa.png","type":"image\/png"}],"author":"Filippo Francesco Idone","twitter_card":"summary_large_image","twitter_misc":{"Scritto da":"Filippo Francesco Idone","Tempo di lettura stimato":"2 minuti"},"schema":{"@context":"https:\/\/schema.org","@graph":[{"@type":"Article","@id":"https:\/\/progettotouring.it\/radiotouring104\/2024\/03\/02\/festa-della-donna-con-un-gesto-di-solidarieta-grazie-a-mondo-rosa\/#article","isPartOf":{"@id":"https:\/\/progettotouring.it\/radiotouring104\/2024\/03\/02\/festa-della-donna-con-un-gesto-di-solidarieta-grazie-a-mondo-rosa\/"},"author":{"name":"Filippo Francesco Idone","@id":"https:\/\/progettotouring.it\/radiotouring104\/#\/schema\/person\/4a82259ca52ac8702ad1a8f9e5a3120b"},"headline":"Festa della Donna con un gesto di solidariet\u00e0 grazie a Mondo Rosa\u201d","datePublished":"2024-03-02T13:02:22+00:00","dateModified":"2024-03-02T13:15:10+00:00","mainEntityOfPage":{"@id":"https:\/\/progettotouring.it\/radiotouring104\/2024\/03\/02\/festa-della-donna-con-un-gesto-di-solidarieta-grazie-a-mondo-rosa\/"},"wordCount":329,"publisher":{"@id":"https:\/\/progettotouring.it\/radiotouring104\/#organization"},"image":{"@id":"https:\/\/progettotouring.it\/radiotouring104\/2024\/03\/02\/festa-della-donna-con-un-gesto-di-solidarieta-grazie-a-mondo-rosa\/#primaryimage"},"thumbnailUrl":"https:\/\/progettotouring.it\/radiotouring104\/wp-content\/uploads\/sites\/6\/2024\/03\/Festa-della-Donna-Mondo-Rosa.png","keywords":["Centro Antiviolenza \u201cMondo Rosa\u201d","Centro Calabrese di Solidariet\u00e0 ETS"],"articleSection":["Calabria","Home","News"],"inLanguage":"it-IT"},{"@type":"WebPage","@id":"https:\/\/progettotouring.it\/radiotouring104\/2024\/03\/02\/festa-della-donna-con-un-gesto-di-solidarieta-grazie-a-mondo-rosa\/","url":"https:\/\/progettotouring.it\/radiotouring104\/2024\/03\/02\/festa-della-donna-con-un-gesto-di-solidarieta-grazie-a-mondo-rosa\/","name":"Festa della Donna con un gesto di solidariet\u00e0 grazie a Mondo Rosa\u201d - Radio Touring 104","isPartOf":{"@id":"https:\/\/progettotouring.it\/radiotouring104\/#website"},"primaryImageOfPage":{"@id":"https:\/\/progettotouring.it\/radiotouring104\/2024\/03\/02\/festa-della-donna-con-un-gesto-di-solidarieta-grazie-a-mondo-rosa\/#primaryimage"},"image":{"@id":"https:\/\/progettotouring.it\/radiotouring104\/2024\/03\/02\/festa-della-donna-con-un-gesto-di-solidarieta-grazie-a-mondo-rosa\/#primaryimage"},"thumbnailUrl":"https:\/\/progettotouring.it\/radiotouring104\/wp-content\/uploads\/sites\/6\/2024\/03\/Festa-della-Donna-Mondo-Rosa.png","datePublished":"2024-03-02T13:02:22+00:00","dateModified":"2024-03-02T13:15:10+00:00","description":"Per celebrare la Festa della Donna \u201cMondo Rosa\u201d assister\u00e0 (come sempre) tutte le persone che hanno subito violenza","breadcrumb":{"@id":"https:\/\/progettotouring.it\/radiotouring104\/2024\/03\/02\/festa-della-donna-con-un-gesto-di-solidarieta-grazie-a-mondo-rosa\/#breadcrumb"},"inLanguage":"it-IT","potentialAction":[{"@type":"ReadAction","target":["https:\/\/progettotouring.it\/radiotouring104\/2024\/03\/02\/festa-della-donna-con-un-gesto-di-solidarieta-grazie-a-mondo-rosa\/"]}]},{"@type":"ImageObject","inLanguage":"it-IT","@id":"https:\/\/progettotouring.it\/radiotouring104\/2024\/03\/02\/festa-della-donna-con-un-gesto-di-solidarieta-grazie-a-mondo-rosa\/#primaryimage","url":"https:\/\/progettotouring.it\/radiotouring104\/wp-content\/uploads\/sites\/6\/2024\/03\/Festa-della-Donna-Mondo-Rosa.png","contentUrl":"https:\/\/progettotouring.it\/radiotouring104\/wp-content\/uploads\/sites\/6\/2024\/03\/Festa-della-Donna-Mondo-Rosa.png","width":768,"height":536},{"@type":"BreadcrumbList","@id":"https:\/\/progettotouring.it\/radiotouring104\/2024\/03\/02\/festa-della-donna-con-un-gesto-di-solidarieta-grazie-a-mondo-rosa\/#breadcrumb","itemListElement":[{"@type":"ListItem","position":1,"name":"Home","item":"https:\/\/progettotouring.it\/radiotouring104\/"},{"@type":"ListItem","position":2,"name":"Festa della Donna con un gesto di solidariet\u00e0 grazie a Mondo Rosa\u201d"}]},{"@type":"WebSite","@id":"https:\/\/progettotouring.it\/radiotouring104\/#website","url":"https:\/\/progettotouring.it\/radiotouring104\/","name":"Radio Touring 104","description":"La prima radio Reggina","publisher":{"@id":"https:\/\/progettotouring.it\/radiotouring104\/#organization"},"potentialAction":[{"@type":"SearchAction","target":{"@type":"EntryPoint","urlTemplate":"https:\/\/progettotouring.it\/radiotouring104\/?s={search_term_string}"},"query-input":{"@type":"PropertyValueSpecification","valueRequired":true,"valueName":"search_term_string"}}],"inLanguage":"it-IT"},{"@type":"Organization","@id":"https:\/\/progettotouring.it\/radiotouring104\/#organization","name":"Radio Touring 104","url":"https:\/\/progettotouring.it\/radiotouring104\/","logo":{"@type":"ImageObject","inLanguage":"it-IT","@id":"https:\/\/progettotouring.it\/radiotouring104\/#\/schema\/logo\/image\/","url":"https:\/\/progettotouring.it\/radiotouring104\/wp-content\/uploads\/sites\/6\/2022\/02\/cropped-logo-radio-touring-104.png","contentUrl":"https:\/\/progettotouring.it\/radiotouring104\/wp-content\/uploads\/sites\/6\/2022\/02\/cropped-logo-radio-touring-104.png","width":377,"height":182,"caption":"Radio Touring 104"},"image":{"@id":"https:\/\/progettotouring.it\/radiotouring104\/#\/schema\/logo\/image\/"}},{"@type":"Person","@id":"https:\/\/progettotouring.it\/radiotouring104\/#\/schema\/person\/4a82259ca52ac8702ad1a8f9e5a3120b","name":"Filippo Francesco Idone","image":{"@type":"ImageObject","inLanguage":"it-IT","@id":"https:\/\/secure.gravatar.com\/avatar\/7268715d2366395c3dd314385670e6484117d44f5c442e61e230f7008b7b62d3?s=96&d=mm&r=g","url":"https:\/\/secure.gravatar.com\/avatar\/7268715d2366395c3dd314385670e6484117d44f5c442e61e230f7008b7b62d3?s=96&d=mm&r=g","contentUrl":"https:\/\/secure.gravatar.com\/avatar\/7268715d2366395c3dd314385670e6484117d44f5c442e61e230f7008b7b62d3?s=96&d=mm&r=g","caption":"Filippo Francesco Idone"},"url":"https:\/\/progettotouring.it\/radiotouring104\/author\/filippoidone\/"}]}},"jetpack_publicize_connections":[],"jetpack_featured_media_url":"https:\/\/progettotouring.it\/radiotouring104\/wp-content\/uploads\/sites\/6\/2024\/03\/Festa-della-Donna-Mondo-Rosa.png","jetpack_sharing_enabled":true,"_links":{"self":[{"href":"https:\/\/progettotouring.it\/radiotouring104\/wp-json\/wp\/v2\/posts\/46167","targetHints":{"allow":["GET"]}}],"collection":[{"href":"https:\/\/progettotouring.it\/radiotouring104\/wp-json\/wp\/v2\/posts"}],"about":[{"href":"https:\/\/progettotouring.it\/radiotouring104\/wp-json\/wp\/v2\/types\/post"}],"author":[{"embeddable":true,"href":"https:\/\/progettotouring.it\/radiotouring104\/wp-json\/wp\/v2\/users\/8"}],"replies":[{"embeddable":true,"href":"https:\/\/progettotouring.it\/radiotouring104\/wp-json\/wp\/v2\/comments?post=46167"}],"version-history":[{"count":1,"href":"https:\/\/progettotouring.it\/radiotouring104\/wp-json\/wp\/v2\/posts\/46167\/revisions"}],"predecessor-version":[{"id":46169,"href":"https:\/\/progettotouring.it\/radiotouring104\/wp-json\/wp\/v2\/posts\/46167\/revisions\/46169"}],"wp:featuredmedia":[{"embeddable":true,"href":"https:\/\/progettotouring.it\/radiotouring104\/wp-json\/wp\/v2\/media\/46168"}],"wp:attachment":[{"href":"https:\/\/progettotouring.it\/radiotouring104\/wp-json\/wp\/v2\/media?parent=46167"}],"wp:term":[{"taxonomy":"category","embeddable":true,"href":"https:\/\/progettotouring.it\/radiotouring104\/wp-json\/wp\/v2\/categories?post=46167"},{"taxonomy":"post_tag","embeddable":true,"href":"https:\/\/progettotouring.it\/radiotouring104\/wp-json\/wp\/v2\/tags?post=46167"}],"curies":[{"name":"wp","href":"https:\/\/api.w.org\/{rel}","templated":true}]}}