{"id":46171,"date":"2024-03-02T14:33:23","date_gmt":"2024-03-02T13:33:23","guid":{"rendered":"https:\/\/progettotouring.it\/radiotouring104\/?p=46171"},"modified":"2024-03-02T18:07:26","modified_gmt":"2024-03-02T17:07:26","slug":"reggio-calabria-la-citta-metropolitana-costituira-la-fondazione-di-comunita","status":"publish","type":"post","link":"https:\/\/progettotouring.it\/radiotouring104\/2024\/03\/02\/reggio-calabria-la-citta-metropolitana-costituira-la-fondazione-di-comunita\/","title":{"rendered":"Reggio Calabria: la Citt\u00e0 metropolitana costituir\u00e0 la Fondazione di Comunit\u00e0"},"content":{"rendered":"<p style=\"text-align: justify\">La <strong>Citt\u00e0 metropolitana di Reggio Calabria<\/strong> ha sottoscritto un protocollo d\u2019intesa finalizzato alla successiva costituzione della Fondazione di Comunit\u00e0 dell\u2019area metropolitana di <strong>Reggio Calabria<\/strong>. L\u2019atto \u00e8 stato firmato a Palazzo Alvaro dalla Citt\u00e0 metropolitana, Comune di <strong>Reggio Calabria,<\/strong> rappresentati dal sindaco Giuseppe Falcomat\u00e0; Universit\u00e0 degli studi Mediterranea di Reggio Calabria rappresentata dal prorettore, prof. Massimo Lauria; fondazione Carical rappresentata da Antonino Sorgon\u00e0; associazione Piccola Opera Papa Giovanni, rappresentata dal presidente, Nino Siclari; Goel gruppo cooperativo rappresentato dalla Cooperativa Sociale Goel con il presidente, Vincenzo Linarello; Consorzio Macram\u00e8 rappresentato dal vicepresidente, Luciano Squillaci; Ecolandia parco ludico, tecnologico, ambientale rappresentato dal presidente, Giovanni Pensabene.<\/p>\n<p style=\"text-align: justify\">Il protocollo rappresenta lo strumento con il quale gli Enti e i diversi soggetti privati, interessati alla costituzione della Fondazione di Comunit\u00e0 dell\u2019area metropolitana di Reggio Calabria, coordinano i rispettivi interventi per il raggiungimento degli obiettivi comuni. L\u2019atto \u00e8 finalizzato a individuare gli strumenti adeguati per promuovere, a livello locale metropolitano, una rete integrata di servizi, da attuarsi con il coinvolgimento dei differenti soggetti interessati, pubblici, del privato sociale e del mondo del volontariato, al fine di attuare un processo di cambiamento e crescita socio-culturale, nel rispetto dei principi fondamentali di sussidiariet\u00e0, responsabilit\u00e0, solidariet\u00e0. <strong>La Citt\u00e0 metropolitana di Reggio Calabria<\/strong>, tra gli obiettivi condivisi e promossi dal sindaco Giuseppe Falcomat\u00e0, intende sostenere la costituzione di una Fondazione di Comunit\u00e0 con lo scopo di attivare nuove risorse e fornire risposte ancora pi\u00f9 adeguate ai bisogni della comunit\u00e0, particolarmente in difficolt\u00e0 a causa degli effetti della pandemia da <strong>Covid-19.<\/strong><\/p>\n<p style=\"text-align: justify\">Nel corso della presentazione del protocollo il sindaco metropolitano <strong>Giuseppe Falcomat\u00e0<\/strong> ha evidenziato che <em>\u201c\u00c8 la prima Fondazione Comunit\u00e0 che parte su impulso di un Ente pubblico, la prima in Calabria e tra le pochissime in tutto il Mezzogiorno. Le altre belle esperienze esistenti, sono state avviate su iniziativa delle cooperative ed associazioni a cui poi partecipano anche gli <strong>Enti e i soggetti privati&#8221;. &#8220;E\u2019 uno strumento<\/strong><\/em> &#8211; ha aggiunto il primo cittadino <em>&#8211; che realizza una infrastruttura sociale e consente di creare occupazione e migliorare la qualit\u00e0 della vita del territorio, avendo anche un approccio sociale sulle tematiche di riferimento, ossia la trasformazione delle fragilit\u00e0 di un\u2019area, in elemento di forza. Una bella testimonianza l\u2019abbiamo a Messina, con la Fondazione di Comunit\u00e0 che ha consentito il proseguimento di un\u2019attivit\u00e0 storica, legata alla produzione di birra\u201d. \u201cL\u2019approccio delle Fondazioni Comunit\u00e0<\/em> \u2013 ha affermato &#8211; <em>\u00e8 proprio quello di creare progetti ed attivit\u00e0 che arrivano dal territorio, una scelta vincente che per noi \u00e8 anche di indirizzo politico e che cerchiamo di applicare in tutte le situazioni che riguardano le competenze del <strong>Comune e della Citt\u00e0 metropolitana\u201d.<\/strong> \u201cAnche in questo caso<\/em> \u2013 ha concluso Falcomat\u00e0 &#8211; <em>\u00e8 importante il coinvolgimento e la presenza e le altre realt\u00e0 associative e privati che da anni operano in questo settore, questo \u00e8 un primo passo per poi costituire formalmente la Fondazione Comunit\u00e0 e quindi partire con tutti i progetti che si potranno realizzare\u201d.<\/em><\/p>\n","protected":false},"excerpt":{"rendered":"<p>La Citt\u00e0 metropolitana di Reggio Calabria ha sottoscritto un protocollo d\u2019intesa finalizzato alla successiva costituzione della Fondazione di Comunit\u00e0 dell\u2019area metropolitana di Reggio Calabria. L\u2019atto \u00e8 stato firmato a Palazzo&hellip;<\/p>\n","protected":false},"author":8,"featured_media":46193,"comment_status":"closed","ping_status":"open","sticky":false,"template":"","format":"standard","meta":{"_jetpack_memberships_contains_paid_content":false,"footnotes":"","jetpack_publicize_message":"","jetpack_publicize_feature_enabled":true,"jetpack_social_post_already_shared":false,"jetpack_social_options":{"image_generator_settings":{"template":"highway","default_image_id":0,"font":"","enabled":false},"version":2}},"categories":[921,196,195,140],"tags":[1770,28415,236],"class_list":["post-46171","post","type-post","status-publish","format-standard","has-post-thumbnail","hentry","category-home","category-news","category-politica","category-reggio-calabria","tag-falcomata","tag-fondazione-di-comunita","tag-reggio-calabria"],"yoast_head":"<!-- This site is optimized with the Yoast SEO plugin v27.2 - https:\/\/yoast.com\/product\/yoast-seo-wordpress\/ -->\n<title>Reggio Calabria: la Citt\u00e0 metropolitana costituir\u00e0 la Fondazione di Comunit\u00e0 - Radio Touring 104<\/title>\n<meta name=\"description\" content=\"Sottoscritto dal sindaco Giuseppe Falcomat\u00e0 il protocollo d\u2019intesa, insieme a diverse realt\u00e0 del Terzo Settore e all&#039;Universit\u00e0 Mediterranea.\" \/>\n<meta name=\"robots\" content=\"index, follow, max-snippet:-1, max-image-preview:large, max-video-preview:-1\" \/>\n<link rel=\"canonical\" href=\"https:\/\/progettotouring.it\/radiotouring104\/2024\/03\/02\/reggio-calabria-la-citta-metropolitana-costituira-la-fondazione-di-comunita\/\" \/>\n<meta property=\"og:locale\" content=\"it_IT\" \/>\n<meta property=\"og:type\" content=\"article\" \/>\n<meta property=\"og:title\" content=\"Reggio Calabria: la Citt\u00e0 metropolitana costituir\u00e0 la Fondazione di Comunit\u00e0 - Radio Touring 104\" \/>\n<meta property=\"og:description\" content=\"Sottoscritto dal sindaco Giuseppe Falcomat\u00e0 il protocollo d\u2019intesa, insieme a diverse realt\u00e0 del Terzo Settore e all&#039;Universit\u00e0 Mediterranea.\" \/>\n<meta property=\"og:url\" content=\"https:\/\/progettotouring.it\/radiotouring104\/2024\/03\/02\/reggio-calabria-la-citta-metropolitana-costituira-la-fondazione-di-comunita\/\" \/>\n<meta property=\"og:site_name\" content=\"Radio Touring 104\" \/>\n<meta property=\"article:published_time\" content=\"2024-03-02T13:33:23+00:00\" \/>\n<meta property=\"article:modified_time\" content=\"2024-03-02T17:07:26+00:00\" \/>\n<meta property=\"og:image\" content=\"https:\/\/progettotouring.it\/radiotouring104\/wp-content\/uploads\/sites\/6\/2024\/03\/fondazione-di-comunita-OK.jpeg\" \/>\n\t<meta property=\"og:image:width\" content=\"1413\" \/>\n\t<meta property=\"og:image:height\" content=\"1027\" \/>\n\t<meta property=\"og:image:type\" content=\"image\/jpeg\" \/>\n<meta name=\"author\" content=\"Filippo Francesco Idone\" \/>\n<meta name=\"twitter:card\" content=\"summary_large_image\" \/>\n<meta name=\"twitter:label1\" content=\"Scritto da\" \/>\n\t<meta name=\"twitter:data1\" content=\"Filippo Francesco Idone\" \/>\n\t<meta name=\"twitter:label2\" content=\"Tempo di lettura stimato\" \/>\n\t<meta name=\"twitter:data2\" content=\"2 minuti\" \/>\n<script type=\"application\/ld+json\" class=\"yoast-schema-graph\">{\"@context\":\"https:\/\/schema.org\",\"@graph\":[{\"@type\":\"Article\",\"@id\":\"https:\/\/progettotouring.it\/radiotouring104\/2024\/03\/02\/reggio-calabria-la-citta-metropolitana-costituira-la-fondazione-di-comunita\/#article\",\"isPartOf\":{\"@id\":\"https:\/\/progettotouring.it\/radiotouring104\/2024\/03\/02\/reggio-calabria-la-citta-metropolitana-costituira-la-fondazione-di-comunita\/\"},\"author\":{\"name\":\"Filippo Francesco Idone\",\"@id\":\"https:\/\/progettotouring.it\/radiotouring104\/#\/schema\/person\/4a82259ca52ac8702ad1a8f9e5a3120b\"},\"headline\":\"Reggio Calabria: la Citt\u00e0 metropolitana costituir\u00e0 la Fondazione di Comunit\u00e0\",\"datePublished\":\"2024-03-02T13:33:23+00:00\",\"dateModified\":\"2024-03-02T17:07:26+00:00\",\"mainEntityOfPage\":{\"@id\":\"https:\/\/progettotouring.it\/radiotouring104\/2024\/03\/02\/reggio-calabria-la-citta-metropolitana-costituira-la-fondazione-di-comunita\/\"},\"wordCount\":498,\"publisher\":{\"@id\":\"https:\/\/progettotouring.it\/radiotouring104\/#organization\"},\"image\":{\"@id\":\"https:\/\/progettotouring.it\/radiotouring104\/2024\/03\/02\/reggio-calabria-la-citta-metropolitana-costituira-la-fondazione-di-comunita\/#primaryimage\"},\"thumbnailUrl\":\"https:\/\/progettotouring.it\/radiotouring104\/wp-content\/uploads\/sites\/6\/2024\/03\/fondazione-di-comunita-OK.jpeg\",\"keywords\":[\"Falcomat\u00e0\",\"Fondazione di Comunit\u00e0\",\"reggio calabria\"],\"articleSection\":[\"Home\",\"News\",\"Politica\",\"Reggio Calabria\"],\"inLanguage\":\"it-IT\"},{\"@type\":\"WebPage\",\"@id\":\"https:\/\/progettotouring.it\/radiotouring104\/2024\/03\/02\/reggio-calabria-la-citta-metropolitana-costituira-la-fondazione-di-comunita\/\",\"url\":\"https:\/\/progettotouring.it\/radiotouring104\/2024\/03\/02\/reggio-calabria-la-citta-metropolitana-costituira-la-fondazione-di-comunita\/\",\"name\":\"Reggio Calabria: la Citt\u00e0 metropolitana costituir\u00e0 la Fondazione di Comunit\u00e0 - Radio Touring 104\",\"isPartOf\":{\"@id\":\"https:\/\/progettotouring.it\/radiotouring104\/#website\"},\"primaryImageOfPage\":{\"@id\":\"https:\/\/progettotouring.it\/radiotouring104\/2024\/03\/02\/reggio-calabria-la-citta-metropolitana-costituira-la-fondazione-di-comunita\/#primaryimage\"},\"image\":{\"@id\":\"https:\/\/progettotouring.it\/radiotouring104\/2024\/03\/02\/reggio-calabria-la-citta-metropolitana-costituira-la-fondazione-di-comunita\/#primaryimage\"},\"thumbnailUrl\":\"https:\/\/progettotouring.it\/radiotouring104\/wp-content\/uploads\/sites\/6\/2024\/03\/fondazione-di-comunita-OK.jpeg\",\"datePublished\":\"2024-03-02T13:33:23+00:00\",\"dateModified\":\"2024-03-02T17:07:26+00:00\",\"description\":\"Sottoscritto dal sindaco Giuseppe Falcomat\u00e0 il protocollo d\u2019intesa, insieme a diverse realt\u00e0 del Terzo Settore e all'Universit\u00e0 Mediterranea.\",\"breadcrumb\":{\"@id\":\"https:\/\/progettotouring.it\/radiotouring104\/2024\/03\/02\/reggio-calabria-la-citta-metropolitana-costituira-la-fondazione-di-comunita\/#breadcrumb\"},\"inLanguage\":\"it-IT\",\"potentialAction\":[{\"@type\":\"ReadAction\",\"target\":[\"https:\/\/progettotouring.it\/radiotouring104\/2024\/03\/02\/reggio-calabria-la-citta-metropolitana-costituira-la-fondazione-di-comunita\/\"]}]},{\"@type\":\"ImageObject\",\"inLanguage\":\"it-IT\",\"@id\":\"https:\/\/progettotouring.it\/radiotouring104\/2024\/03\/02\/reggio-calabria-la-citta-metropolitana-costituira-la-fondazione-di-comunita\/#primaryimage\",\"url\":\"https:\/\/progettotouring.it\/radiotouring104\/wp-content\/uploads\/sites\/6\/2024\/03\/fondazione-di-comunita-OK.jpeg\",\"contentUrl\":\"https:\/\/progettotouring.it\/radiotouring104\/wp-content\/uploads\/sites\/6\/2024\/03\/fondazione-di-comunita-OK.jpeg\",\"width\":1413,\"height\":1027},{\"@type\":\"BreadcrumbList\",\"@id\":\"https:\/\/progettotouring.it\/radiotouring104\/2024\/03\/02\/reggio-calabria-la-citta-metropolitana-costituira-la-fondazione-di-comunita\/#breadcrumb\",\"itemListElement\":[{\"@type\":\"ListItem\",\"position\":1,\"name\":\"Home\",\"item\":\"https:\/\/progettotouring.it\/radiotouring104\/\"},{\"@type\":\"ListItem\",\"position\":2,\"name\":\"Reggio Calabria: la Citt\u00e0 metropolitana costituir\u00e0 la Fondazione di Comunit\u00e0\"}]},{\"@type\":\"WebSite\",\"@id\":\"https:\/\/progettotouring.it\/radiotouring104\/#website\",\"url\":\"https:\/\/progettotouring.it\/radiotouring104\/\",\"name\":\"Radio Touring 104\",\"description\":\"La prima radio Reggina\",\"publisher\":{\"@id\":\"https:\/\/progettotouring.it\/radiotouring104\/#organization\"},\"potentialAction\":[{\"@type\":\"SearchAction\",\"target\":{\"@type\":\"EntryPoint\",\"urlTemplate\":\"https:\/\/progettotouring.it\/radiotouring104\/?s={search_term_string}\"},\"query-input\":{\"@type\":\"PropertyValueSpecification\",\"valueRequired\":true,\"valueName\":\"search_term_string\"}}],\"inLanguage\":\"it-IT\"},{\"@type\":\"Organization\",\"@id\":\"https:\/\/progettotouring.it\/radiotouring104\/#organization\",\"name\":\"Radio Touring 104\",\"url\":\"https:\/\/progettotouring.it\/radiotouring104\/\",\"logo\":{\"@type\":\"ImageObject\",\"inLanguage\":\"it-IT\",\"@id\":\"https:\/\/progettotouring.it\/radiotouring104\/#\/schema\/logo\/image\/\",\"url\":\"https:\/\/progettotouring.it\/radiotouring104\/wp-content\/uploads\/sites\/6\/2022\/02\/cropped-logo-radio-touring-104.png\",\"contentUrl\":\"https:\/\/progettotouring.it\/radiotouring104\/wp-content\/uploads\/sites\/6\/2022\/02\/cropped-logo-radio-touring-104.png\",\"width\":377,\"height\":182,\"caption\":\"Radio Touring 104\"},\"image\":{\"@id\":\"https:\/\/progettotouring.it\/radiotouring104\/#\/schema\/logo\/image\/\"}},{\"@type\":\"Person\",\"@id\":\"https:\/\/progettotouring.it\/radiotouring104\/#\/schema\/person\/4a82259ca52ac8702ad1a8f9e5a3120b\",\"name\":\"Filippo Francesco Idone\",\"image\":{\"@type\":\"ImageObject\",\"inLanguage\":\"it-IT\",\"@id\":\"https:\/\/secure.gravatar.com\/avatar\/7268715d2366395c3dd314385670e6484117d44f5c442e61e230f7008b7b62d3?s=96&d=mm&r=g\",\"url\":\"https:\/\/secure.gravatar.com\/avatar\/7268715d2366395c3dd314385670e6484117d44f5c442e61e230f7008b7b62d3?s=96&d=mm&r=g\",\"contentUrl\":\"https:\/\/secure.gravatar.com\/avatar\/7268715d2366395c3dd314385670e6484117d44f5c442e61e230f7008b7b62d3?s=96&d=mm&r=g\",\"caption\":\"Filippo Francesco Idone\"},\"url\":\"https:\/\/progettotouring.it\/radiotouring104\/author\/filippoidone\/\"}]}<\/script>\n<!-- \/ Yoast SEO plugin. -->","yoast_head_json":{"title":"Reggio Calabria: la Citt\u00e0 metropolitana costituir\u00e0 la Fondazione di Comunit\u00e0 - Radio Touring 104","description":"Sottoscritto dal sindaco Giuseppe Falcomat\u00e0 il protocollo d\u2019intesa, insieme a diverse realt\u00e0 del Terzo Settore e all'Universit\u00e0 Mediterranea.","robots":{"index":"index","follow":"follow","max-snippet":"max-snippet:-1","max-image-preview":"max-image-preview:large","max-video-preview":"max-video-preview:-1"},"canonical":"https:\/\/progettotouring.it\/radiotouring104\/2024\/03\/02\/reggio-calabria-la-citta-metropolitana-costituira-la-fondazione-di-comunita\/","og_locale":"it_IT","og_type":"article","og_title":"Reggio Calabria: la Citt\u00e0 metropolitana costituir\u00e0 la Fondazione di Comunit\u00e0 - Radio Touring 104","og_description":"Sottoscritto dal sindaco Giuseppe Falcomat\u00e0 il protocollo d\u2019intesa, insieme a diverse realt\u00e0 del Terzo Settore e all'Universit\u00e0 Mediterranea.","og_url":"https:\/\/progettotouring.it\/radiotouring104\/2024\/03\/02\/reggio-calabria-la-citta-metropolitana-costituira-la-fondazione-di-comunita\/","og_site_name":"Radio Touring 104","article_published_time":"2024-03-02T13:33:23+00:00","article_modified_time":"2024-03-02T17:07:26+00:00","og_image":[{"width":1413,"height":1027,"url":"https:\/\/progettotouring.it\/radiotouring104\/wp-content\/uploads\/sites\/6\/2024\/03\/fondazione-di-comunita-OK.jpeg","type":"image\/jpeg"}],"author":"Filippo Francesco Idone","twitter_card":"summary_large_image","twitter_misc":{"Scritto da":"Filippo Francesco Idone","Tempo di lettura stimato":"2 minuti"},"schema":{"@context":"https:\/\/schema.org","@graph":[{"@type":"Article","@id":"https:\/\/progettotouring.it\/radiotouring104\/2024\/03\/02\/reggio-calabria-la-citta-metropolitana-costituira-la-fondazione-di-comunita\/#article","isPartOf":{"@id":"https:\/\/progettotouring.it\/radiotouring104\/2024\/03\/02\/reggio-calabria-la-citta-metropolitana-costituira-la-fondazione-di-comunita\/"},"author":{"name":"Filippo Francesco Idone","@id":"https:\/\/progettotouring.it\/radiotouring104\/#\/schema\/person\/4a82259ca52ac8702ad1a8f9e5a3120b"},"headline":"Reggio Calabria: la Citt\u00e0 metropolitana costituir\u00e0 la Fondazione di Comunit\u00e0","datePublished":"2024-03-02T13:33:23+00:00","dateModified":"2024-03-02T17:07:26+00:00","mainEntityOfPage":{"@id":"https:\/\/progettotouring.it\/radiotouring104\/2024\/03\/02\/reggio-calabria-la-citta-metropolitana-costituira-la-fondazione-di-comunita\/"},"wordCount":498,"publisher":{"@id":"https:\/\/progettotouring.it\/radiotouring104\/#organization"},"image":{"@id":"https:\/\/progettotouring.it\/radiotouring104\/2024\/03\/02\/reggio-calabria-la-citta-metropolitana-costituira-la-fondazione-di-comunita\/#primaryimage"},"thumbnailUrl":"https:\/\/progettotouring.it\/radiotouring104\/wp-content\/uploads\/sites\/6\/2024\/03\/fondazione-di-comunita-OK.jpeg","keywords":["Falcomat\u00e0","Fondazione di Comunit\u00e0","reggio calabria"],"articleSection":["Home","News","Politica","Reggio Calabria"],"inLanguage":"it-IT"},{"@type":"WebPage","@id":"https:\/\/progettotouring.it\/radiotouring104\/2024\/03\/02\/reggio-calabria-la-citta-metropolitana-costituira-la-fondazione-di-comunita\/","url":"https:\/\/progettotouring.it\/radiotouring104\/2024\/03\/02\/reggio-calabria-la-citta-metropolitana-costituira-la-fondazione-di-comunita\/","name":"Reggio Calabria: la Citt\u00e0 metropolitana costituir\u00e0 la Fondazione di Comunit\u00e0 - Radio Touring 104","isPartOf":{"@id":"https:\/\/progettotouring.it\/radiotouring104\/#website"},"primaryImageOfPage":{"@id":"https:\/\/progettotouring.it\/radiotouring104\/2024\/03\/02\/reggio-calabria-la-citta-metropolitana-costituira-la-fondazione-di-comunita\/#primaryimage"},"image":{"@id":"https:\/\/progettotouring.it\/radiotouring104\/2024\/03\/02\/reggio-calabria-la-citta-metropolitana-costituira-la-fondazione-di-comunita\/#primaryimage"},"thumbnailUrl":"https:\/\/progettotouring.it\/radiotouring104\/wp-content\/uploads\/sites\/6\/2024\/03\/fondazione-di-comunita-OK.jpeg","datePublished":"2024-03-02T13:33:23+00:00","dateModified":"2024-03-02T17:07:26+00:00","description":"Sottoscritto dal sindaco Giuseppe Falcomat\u00e0 il protocollo d\u2019intesa, insieme a diverse realt\u00e0 del Terzo Settore e all'Universit\u00e0 Mediterranea.","breadcrumb":{"@id":"https:\/\/progettotouring.it\/radiotouring104\/2024\/03\/02\/reggio-calabria-la-citta-metropolitana-costituira-la-fondazione-di-comunita\/#breadcrumb"},"inLanguage":"it-IT","potentialAction":[{"@type":"ReadAction","target":["https:\/\/progettotouring.it\/radiotouring104\/2024\/03\/02\/reggio-calabria-la-citta-metropolitana-costituira-la-fondazione-di-comunita\/"]}]},{"@type":"ImageObject","inLanguage":"it-IT","@id":"https:\/\/progettotouring.it\/radiotouring104\/2024\/03\/02\/reggio-calabria-la-citta-metropolitana-costituira-la-fondazione-di-comunita\/#primaryimage","url":"https:\/\/progettotouring.it\/radiotouring104\/wp-content\/uploads\/sites\/6\/2024\/03\/fondazione-di-comunita-OK.jpeg","contentUrl":"https:\/\/progettotouring.it\/radiotouring104\/wp-content\/uploads\/sites\/6\/2024\/03\/fondazione-di-comunita-OK.jpeg","width":1413,"height":1027},{"@type":"BreadcrumbList","@id":"https:\/\/progettotouring.it\/radiotouring104\/2024\/03\/02\/reggio-calabria-la-citta-metropolitana-costituira-la-fondazione-di-comunita\/#breadcrumb","itemListElement":[{"@type":"ListItem","position":1,"name":"Home","item":"https:\/\/progettotouring.it\/radiotouring104\/"},{"@type":"ListItem","position":2,"name":"Reggio Calabria: la Citt\u00e0 metropolitana costituir\u00e0 la Fondazione di Comunit\u00e0"}]},{"@type":"WebSite","@id":"https:\/\/progettotouring.it\/radiotouring104\/#website","url":"https:\/\/progettotouring.it\/radiotouring104\/","name":"Radio Touring 104","description":"La prima radio Reggina","publisher":{"@id":"https:\/\/progettotouring.it\/radiotouring104\/#organization"},"potentialAction":[{"@type":"SearchAction","target":{"@type":"EntryPoint","urlTemplate":"https:\/\/progettotouring.it\/radiotouring104\/?s={search_term_string}"},"query-input":{"@type":"PropertyValueSpecification","valueRequired":true,"valueName":"search_term_string"}}],"inLanguage":"it-IT"},{"@type":"Organization","@id":"https:\/\/progettotouring.it\/radiotouring104\/#organization","name":"Radio Touring 104","url":"https:\/\/progettotouring.it\/radiotouring104\/","logo":{"@type":"ImageObject","inLanguage":"it-IT","@id":"https:\/\/progettotouring.it\/radiotouring104\/#\/schema\/logo\/image\/","url":"https:\/\/progettotouring.it\/radiotouring104\/wp-content\/uploads\/sites\/6\/2022\/02\/cropped-logo-radio-touring-104.png","contentUrl":"https:\/\/progettotouring.it\/radiotouring104\/wp-content\/uploads\/sites\/6\/2022\/02\/cropped-logo-radio-touring-104.png","width":377,"height":182,"caption":"Radio Touring 104"},"image":{"@id":"https:\/\/progettotouring.it\/radiotouring104\/#\/schema\/logo\/image\/"}},{"@type":"Person","@id":"https:\/\/progettotouring.it\/radiotouring104\/#\/schema\/person\/4a82259ca52ac8702ad1a8f9e5a3120b","name":"Filippo Francesco Idone","image":{"@type":"ImageObject","inLanguage":"it-IT","@id":"https:\/\/secure.gravatar.com\/avatar\/7268715d2366395c3dd314385670e6484117d44f5c442e61e230f7008b7b62d3?s=96&d=mm&r=g","url":"https:\/\/secure.gravatar.com\/avatar\/7268715d2366395c3dd314385670e6484117d44f5c442e61e230f7008b7b62d3?s=96&d=mm&r=g","contentUrl":"https:\/\/secure.gravatar.com\/avatar\/7268715d2366395c3dd314385670e6484117d44f5c442e61e230f7008b7b62d3?s=96&d=mm&r=g","caption":"Filippo Francesco Idone"},"url":"https:\/\/progettotouring.it\/radiotouring104\/author\/filippoidone\/"}]}},"jetpack_publicize_connections":[],"jetpack_featured_media_url":"https:\/\/progettotouring.it\/radiotouring104\/wp-content\/uploads\/sites\/6\/2024\/03\/fondazione-di-comunita-OK.jpeg","jetpack_sharing_enabled":true,"_links":{"self":[{"href":"https:\/\/progettotouring.it\/radiotouring104\/wp-json\/wp\/v2\/posts\/46171","targetHints":{"allow":["GET"]}}],"collection":[{"href":"https:\/\/progettotouring.it\/radiotouring104\/wp-json\/wp\/v2\/posts"}],"about":[{"href":"https:\/\/progettotouring.it\/radiotouring104\/wp-json\/wp\/v2\/types\/post"}],"author":[{"embeddable":true,"href":"https:\/\/progettotouring.it\/radiotouring104\/wp-json\/wp\/v2\/users\/8"}],"replies":[{"embeddable":true,"href":"https:\/\/progettotouring.it\/radiotouring104\/wp-json\/wp\/v2\/comments?post=46171"}],"version-history":[{"count":1,"href":"https:\/\/progettotouring.it\/radiotouring104\/wp-json\/wp\/v2\/posts\/46171\/revisions"}],"predecessor-version":[{"id":46173,"href":"https:\/\/progettotouring.it\/radiotouring104\/wp-json\/wp\/v2\/posts\/46171\/revisions\/46173"}],"wp:featuredmedia":[{"embeddable":true,"href":"https:\/\/progettotouring.it\/radiotouring104\/wp-json\/wp\/v2\/media\/46193"}],"wp:attachment":[{"href":"https:\/\/progettotouring.it\/radiotouring104\/wp-json\/wp\/v2\/media?parent=46171"}],"wp:term":[{"taxonomy":"category","embeddable":true,"href":"https:\/\/progettotouring.it\/radiotouring104\/wp-json\/wp\/v2\/categories?post=46171"},{"taxonomy":"post_tag","embeddable":true,"href":"https:\/\/progettotouring.it\/radiotouring104\/wp-json\/wp\/v2\/tags?post=46171"}],"curies":[{"name":"wp","href":"https:\/\/api.w.org\/{rel}","templated":true}]}}